{"id":7640,"date":"2021-03-20T21:15:15","date_gmt":"2021-03-20T21:15:15","guid":{"rendered":"https:\/\/chasquideportivo.com\/ecrt\/2021\/03\/20\/nacional-un-espejo-de-errores\/"},"modified":"2021-03-20T21:15:15","modified_gmt":"2021-03-20T21:15:15","slug":"nacional-un-espejo-de-errores","status":"publish","type":"post","link":"https:\/\/chasquideportivo.com\/ecrt\/nacional-un-espejo-de-errores\/","title":{"rendered":"Nacional un espejo de errores"},"content":{"rendered":"<p>El descenso de El Nacional a la primera B del f\u00fatbol ecuatoriano invita a la reflexi\u00f3n para encontrar las causas que lo llevo a esta situaci\u00f3n, la crisis institucional que vive al momento. Tres aspectos que son parte de este \u00e1rbol que se ha desojado cada d\u00eda: la econ\u00f3mica, lo deportivo, la administraci\u00f3n y la socio-cultural que no responden a una verdadera entidad del balompi\u00e9.<\/p>\n<p>Esta crisis viene desde hace diez a\u00f1os atr\u00e1s cuando el gobierno de turno meti\u00f3 la mano en el deporte y cambio las normativas, uno de los efectos fue que los miembros de las Fuerzas Armadas no tienen la obligaci\u00f3n de aportar como socios al club, es voluntario, &nbsp;por tanto la directiva estaba en la obligaci\u00f3n y la responsabilidad de buscar o encontrar las alternativas para solventar este vac\u00edo.<\/p>\n<p>Los presidentes de turno que fueron designados desde las Fuerzas Armadas y desde el \u00e1rea civil no han tenido el conocimiento, la capacidad y la experticia para buscar un modelo de gesti\u00f3n que contribuya a solventar la falta de recursos econ\u00f3micos, deportivos, etc. El dirigir una instituci\u00f3n, no solamente es establecer tres o cuatro ideas para realizar la gesti\u00f3n, sino aplicar una planificaci\u00f3n macro para desarrollar las acciones en bien de la entidad; la misma debe estar contemplada con programas, planes, proyectos y actividades o acciones &nbsp;para enfrentar las necesidades y cumplir con los objetivos de la instituci\u00f3n.<\/p>\n<p>Para puntualizar con ejemplos, la actual administraci\u00f3n ha cometido una serie de errores, la crisis de valores, esto es, la falta de palabra, no se cumpli\u00f3 con los jugadores; la perdida de los puntos en una etapa importante en el f\u00fatbol ecuatoriano, sentenci\u00f3 la situaci\u00f3n del club, la cual requer\u00eda &nbsp;de la tranquilidad y la motivaci\u00f3n para salir de la situaci\u00f3n deportiva de ese momento; &nbsp;falta de gesti\u00f3n; la imposici\u00f3n de jugadores a los t\u00e9cnicos, es decir la injerencia de campos y la falta de respeto a los profesionales del \u00e1rea, son los males que sumaron a la crisis.<\/p>\n<p>Adem\u00e1s, la falta de planificaci\u00f3n, los directivos nunca hablaron de esta herramienta tan importante en el mundo empresarial e institucional que permite guiar y cumplir con los objetivos, en base a una realidad y un diagn\u00f3stico que le permita enfrentar la situaci\u00f3n del club a nivel: deportivo, econ\u00f3mico y socio-cultural.<\/p>\n<p>Los grandes equipos como&nbsp; Barcelona, Real Madrid, Manchester United, etc., tienen un modelo de gesti\u00f3n para actuar en todos los niveles y en situaciones dif\u00edciles, pero en El Nacional, no se actuaron con esta herramienta y si la tuvieron nunca se ha puesto en pr\u00e1ctica para dar soluci\u00f3n la crisis.<\/p>\n<p>Hay que hacer un verdadero estudio de investigaci\u00f3n, para que la medicina no sea peor que la enfermedad, seg\u00fan un refr\u00e1n popular, porque durante las administraciones &nbsp;solo se han dado medidas parches que no han dado soluci\u00f3n al verdadero problema de la entidad para que goce de buena salud en&nbsp; corto mediano y largo plazo.<\/p>\n<p>El Nacional requiere de una intervenci\u00f3n profesional para dar los cambios profundos en toda su estructura, que no haya acciones de remiendo para calmar la enfermedad, sino una verdadera intervenci\u00f3n para cambiar todo, desde la dirigencia hasta el t\u00e9cnico de las formativas, si es el caso. &nbsp;<\/p>\n<p>La instituci\u00f3n requiere de una administraci\u00f3n con valores educativos, humanos, deportivos, sociales. Una econom\u00eda s\u00f3lida sin parches, una planificaci\u00f3n real y no solo ideas del presidente que duran unas semanas y luego se diluyen con el tiempo, porque no tiene las fortalezas para enfrentar la situaci\u00f3n de la instituci\u00f3n. &nbsp;&nbsp;<\/p>\n<p>Nacional es un equipo con historia y tradici\u00f3n, integrado por jugadores ecuatorianos que requieren de una instituci\u00f3n s\u00f3lida para vencer estos problemas y recuperar el espacio en el f\u00fatbol ecuatoriano, as\u00ed la hinchada vuelva con la alegr\u00eda para disfrutar grandes jornadas como las que vivi\u00f3 en su momento, el Bi Tricampeonato.<\/p>\n<p>2020-12-22 19:00:35<\/p>\n","protected":false},"excerpt":{"rendered":"<p>El descenso de El Nacional a la primera B del f\u00fatbol ecuatoriano invita a la reflexi\u00f3n para encontrar las causas que lo llevo a esta situaci\u00f3n, la crisis institucional que vive al momento. Tres aspectos que son parte de este \u00e1rbol que se ha desojado cada d\u00eda: la econ\u00f3mica, lo deportivo, la administraci\u00f3n y la [&hellip;]<\/p>\n","protected":false},"author":1,"featured_media":0,"comment_status":"open","ping_status":"open","sticky":false,"template":"","format":"standard","meta":{"_et_pb_use_builder":"","_et_pb_old_content":"","_et_gb_content_width":"","footnotes":""},"categories":[54],"tags":[],"class_list":["post-7640","post","type-post","status-publish","format-standard","hentry","category-reportajes-categoria"],"yoast_head":"<!-- This site is optimized with the Yoast SEO plugin v27.4 - https:\/\/yoast.com\/product\/yoast-seo-wordpress\/ -->\n<title>Nacional un espejo de errores - ChasquiDeportivo<\/title>\n<meta name=\"description\" content=\"Chasqui Deportivo | Informaci\u00f3n y comunicaci\u00f3n, reportajes, noticias, entrevistas en el \u00e1rea del deporte local, nacional.\" \/>\n<meta name=\"robots\" content=\"index, follow, max-snippet:-1, max-image-preview:large, max-video-preview:-1\" \/>\n<link rel=\"canonical\" href=\"https:\/\/chasquideportivo.com\/ecrt\/nacional-un-espejo-de-errores\/\" \/>\n<meta property=\"og:locale\" content=\"es_ES\" \/>\n<meta property=\"og:type\" content=\"article\" \/>\n<meta property=\"og:title\" content=\"Nacional un espejo de errores - ChasquiDeportivo\" \/>\n<meta property=\"og:description\" content=\"Chasqui Deportivo | Informaci\u00f3n y comunicaci\u00f3n, reportajes, noticias, entrevistas en el \u00e1rea del deporte local, nacional.\" \/>\n<meta property=\"og:url\" content=\"https:\/\/chasquideportivo.com\/ecrt\/nacional-un-espejo-de-errores\/\" \/>\n<meta property=\"og:site_name\" content=\"ChasquiDeportivo\" \/>\n<meta property=\"article:publisher\" content=\"https:\/\/www.facebook.com\/chasquideportivo\" \/>\n<meta property=\"article:published_time\" content=\"2021-03-20T21:15:15+00:00\" \/>\n<meta name=\"author\" content=\"kollage\" \/>\n<meta name=\"twitter:card\" content=\"summary_large_image\" \/>\n<meta name=\"twitter:creator\" content=\"@chasquidep\" \/>\n<meta name=\"twitter:site\" content=\"@chasquidep\" \/>\n<meta name=\"twitter:label1\" content=\"Escrito por\" \/>\n\t<meta name=\"twitter:data1\" content=\"kollage\" \/>\n\t<meta name=\"twitter:label2\" content=\"Tiempo de lectura\" \/>\n\t<meta name=\"twitter:data2\" content=\"3 minutos\" \/>\n<script type=\"application\/ld+json\" class=\"yoast-schema-graph\">{\"@context\":\"https:\\\/\\\/schema.org\",\"@graph\":[{\"@type\":\"Article\",\"@id\":\"https:\\\/\\\/chasquideportivo.com\\\/ecrt\\\/nacional-un-espejo-de-errores\\\/#article\",\"isPartOf\":{\"@id\":\"https:\\\/\\\/chasquideportivo.com\\\/ecrt\\\/nacional-un-espejo-de-errores\\\/\"},\"author\":{\"name\":\"kollage\",\"@id\":\"https:\\\/\\\/chasquideportivo.com\\\/ecrt\\\/#\\\/schema\\\/person\\\/d9e229fabae4c1e3f82cf66d802ca7b6\"},\"headline\":\"Nacional un espejo de errores\",\"datePublished\":\"2021-03-20T21:15:15+00:00\",\"mainEntityOfPage\":{\"@id\":\"https:\\\/\\\/chasquideportivo.com\\\/ecrt\\\/nacional-un-espejo-de-errores\\\/\"},\"wordCount\":702,\"commentCount\":0,\"publisher\":{\"@id\":\"https:\\\/\\\/chasquideportivo.com\\\/ecrt\\\/#organization\"},\"articleSection\":[\"Reportajes Categor\u00eda\"],\"inLanguage\":\"es\",\"potentialAction\":[{\"@type\":\"CommentAction\",\"name\":\"Comment\",\"target\":[\"https:\\\/\\\/chasquideportivo.com\\\/ecrt\\\/nacional-un-espejo-de-errores\\\/#respond\"]}]},{\"@type\":\"WebPage\",\"@id\":\"https:\\\/\\\/chasquideportivo.com\\\/ecrt\\\/nacional-un-espejo-de-errores\\\/\",\"url\":\"https:\\\/\\\/chasquideportivo.com\\\/ecrt\\\/nacional-un-espejo-de-errores\\\/\",\"name\":\"Nacional un espejo de errores - ChasquiDeportivo\",\"isPartOf\":{\"@id\":\"https:\\\/\\\/chasquideportivo.com\\\/ecrt\\\/#website\"},\"datePublished\":\"2021-03-20T21:15:15+00:00\",\"description\":\"Chasqui Deportivo | Informaci\u00f3n y comunicaci\u00f3n, reportajes, noticias, entrevistas en el \u00e1rea del deporte local, nacional.\",\"breadcrumb\":{\"@id\":\"https:\\\/\\\/chasquideportivo.com\\\/ecrt\\\/nacional-un-espejo-de-errores\\\/#breadcrumb\"},\"inLanguage\":\"es\",\"potentialAction\":[{\"@type\":\"ReadAction\",\"target\":[\"https:\\\/\\\/chasquideportivo.com\\\/ecrt\\\/nacional-un-espejo-de-errores\\\/\"]}]},{\"@type\":\"BreadcrumbList\",\"@id\":\"https:\\\/\\\/chasquideportivo.com\\\/ecrt\\\/nacional-un-espejo-de-errores\\\/#breadcrumb\",\"itemListElement\":[{\"@type\":\"ListItem\",\"position\":1,\"name\":\"Portada | Chasqui Deportivo\",\"item\":\"https:\\\/\\\/chasquideportivo.com\\\/ecrt\\\/\"},{\"@type\":\"ListItem\",\"position\":2,\"name\":\"Reportajes Categor\u00eda\",\"item\":\"https:\\\/\\\/chasquideportivo.com\\\/ecrt\\\/category\\\/reportajes-categoria\\\/\"},{\"@type\":\"ListItem\",\"position\":3,\"name\":\"Nacional un espejo de errores\"}]},{\"@type\":\"WebSite\",\"@id\":\"https:\\\/\\\/chasquideportivo.com\\\/ecrt\\\/#website\",\"url\":\"https:\\\/\\\/chasquideportivo.com\\\/ecrt\\\/\",\"name\":\"ChasquiDeportivo\",\"description\":\"Informaci&oacute;n y comunicaci&oacute;n, reportajes, noticias, entrevistas en el &aacute;rea del deporte local, nacional.\",\"publisher\":{\"@id\":\"https:\\\/\\\/chasquideportivo.com\\\/ecrt\\\/#organization\"},\"potentialAction\":[{\"@type\":\"SearchAction\",\"target\":{\"@type\":\"EntryPoint\",\"urlTemplate\":\"https:\\\/\\\/chasquideportivo.com\\\/ecrt\\\/?s={search_term_string}\"},\"query-input\":{\"@type\":\"PropertyValueSpecification\",\"valueRequired\":true,\"valueName\":\"search_term_string\"}}],\"inLanguage\":\"es\"},{\"@type\":\"Organization\",\"@id\":\"https:\\\/\\\/chasquideportivo.com\\\/ecrt\\\/#organization\",\"name\":\"Chasqui Deportivo\",\"url\":\"https:\\\/\\\/chasquideportivo.com\\\/ecrt\\\/\",\"logo\":{\"@type\":\"ImageObject\",\"inLanguage\":\"es\",\"@id\":\"https:\\\/\\\/chasquideportivo.com\\\/ecrt\\\/#\\\/schema\\\/logo\\\/image\\\/\",\"url\":\"https:\\\/\\\/chasquideportivo.com\\\/ecrt\\\/wp-content\\\/uploads\\\/2022\\\/01\\\/logo-vertical.jpg\",\"contentUrl\":\"https:\\\/\\\/chasquideportivo.com\\\/ecrt\\\/wp-content\\\/uploads\\\/2022\\\/01\\\/logo-vertical.jpg\",\"width\":612,\"height\":750,\"caption\":\"Chasqui Deportivo\"},\"image\":{\"@id\":\"https:\\\/\\\/chasquideportivo.com\\\/ecrt\\\/#\\\/schema\\\/logo\\\/image\\\/\"},\"sameAs\":[\"https:\\\/\\\/www.facebook.com\\\/chasquideportivo\",\"https:\\\/\\\/x.com\\\/chasquidep\",\"https:\\\/\\\/www.instagram.com\\\/chasquideportivo.ec\",\"https:\\\/\\\/www.youtube.com\\\/channel\\\/UCGY8M-csHuxJuGRt4XrV90Q\"]},{\"@type\":\"Person\",\"@id\":\"https:\\\/\\\/chasquideportivo.com\\\/ecrt\\\/#\\\/schema\\\/person\\\/d9e229fabae4c1e3f82cf66d802ca7b6\",\"name\":\"kollage\",\"image\":{\"@type\":\"ImageObject\",\"inLanguage\":\"es\",\"@id\":\"https:\\\/\\\/secure.gravatar.com\\\/avatar\\\/69b5388bf21dfca5434ca100f351036f1fbff72ba519ef8157b31bcc7fbfbb18?s=96&d=mm&r=g\",\"url\":\"https:\\\/\\\/secure.gravatar.com\\\/avatar\\\/69b5388bf21dfca5434ca100f351036f1fbff72ba519ef8157b31bcc7fbfbb18?s=96&d=mm&r=g\",\"contentUrl\":\"https:\\\/\\\/secure.gravatar.com\\\/avatar\\\/69b5388bf21dfca5434ca100f351036f1fbff72ba519ef8157b31bcc7fbfbb18?s=96&d=mm&r=g\",\"caption\":\"kollage\"},\"sameAs\":[\"https:\\\/\\\/chasquideportivo.com\\\/ecrt\"],\"url\":\"https:\\\/\\\/chasquideportivo.com\\\/ecrt\\\/author\\\/kollage\\\/\"}]}<\/script>\n<!-- \/ Yoast SEO plugin. -->","yoast_head_json":{"title":"Nacional un espejo de errores - ChasquiDeportivo","description":"Chasqui Deportivo | Informaci\u00f3n y comunicaci\u00f3n, reportajes, noticias, entrevistas en el \u00e1rea del deporte local, nacional.","robots":{"index":"index","follow":"follow","max-snippet":"max-snippet:-1","max-image-preview":"max-image-preview:large","max-video-preview":"max-video-preview:-1"},"canonical":"https:\/\/chasquideportivo.com\/ecrt\/nacional-un-espejo-de-errores\/","og_locale":"es_ES","og_type":"article","og_title":"Nacional un espejo de errores - ChasquiDeportivo","og_description":"Chasqui Deportivo | Informaci\u00f3n y comunicaci\u00f3n, reportajes, noticias, entrevistas en el \u00e1rea del deporte local, nacional.","og_url":"https:\/\/chasquideportivo.com\/ecrt\/nacional-un-espejo-de-errores\/","og_site_name":"ChasquiDeportivo","article_publisher":"https:\/\/www.facebook.com\/chasquideportivo","article_published_time":"2021-03-20T21:15:15+00:00","author":"kollage","twitter_card":"summary_large_image","twitter_creator":"@chasquidep","twitter_site":"@chasquidep","twitter_misc":{"Escrito por":"kollage","Tiempo de lectura":"3 minutos"},"schema":{"@context":"https:\/\/schema.org","@graph":[{"@type":"Article","@id":"https:\/\/chasquideportivo.com\/ecrt\/nacional-un-espejo-de-errores\/#article","isPartOf":{"@id":"https:\/\/chasquideportivo.com\/ecrt\/nacional-un-espejo-de-errores\/"},"author":{"name":"kollage","@id":"https:\/\/chasquideportivo.com\/ecrt\/#\/schema\/person\/d9e229fabae4c1e3f82cf66d802ca7b6"},"headline":"Nacional un espejo de errores","datePublished":"2021-03-20T21:15:15+00:00","mainEntityOfPage":{"@id":"https:\/\/chasquideportivo.com\/ecrt\/nacional-un-espejo-de-errores\/"},"wordCount":702,"commentCount":0,"publisher":{"@id":"https:\/\/chasquideportivo.com\/ecrt\/#organization"},"articleSection":["Reportajes Categor\u00eda"],"inLanguage":"es","potentialAction":[{"@type":"CommentAction","name":"Comment","target":["https:\/\/chasquideportivo.com\/ecrt\/nacional-un-espejo-de-errores\/#respond"]}]},{"@type":"WebPage","@id":"https:\/\/chasquideportivo.com\/ecrt\/nacional-un-espejo-de-errores\/","url":"https:\/\/chasquideportivo.com\/ecrt\/nacional-un-espejo-de-errores\/","name":"Nacional un espejo de errores - ChasquiDeportivo","isPartOf":{"@id":"https:\/\/chasquideportivo.com\/ecrt\/#website"},"datePublished":"2021-03-20T21:15:15+00:00","description":"Chasqui Deportivo | Informaci\u00f3n y comunicaci\u00f3n, reportajes, noticias, entrevistas en el \u00e1rea del deporte local, nacional.","breadcrumb":{"@id":"https:\/\/chasquideportivo.com\/ecrt\/nacional-un-espejo-de-errores\/#breadcrumb"},"inLanguage":"es","potentialAction":[{"@type":"ReadAction","target":["https:\/\/chasquideportivo.com\/ecrt\/nacional-un-espejo-de-errores\/"]}]},{"@type":"BreadcrumbList","@id":"https:\/\/chasquideportivo.com\/ecrt\/nacional-un-espejo-de-errores\/#breadcrumb","itemListElement":[{"@type":"ListItem","position":1,"name":"Portada | Chasqui Deportivo","item":"https:\/\/chasquideportivo.com\/ecrt\/"},{"@type":"ListItem","position":2,"name":"Reportajes Categor\u00eda","item":"https:\/\/chasquideportivo.com\/ecrt\/category\/reportajes-categoria\/"},{"@type":"ListItem","position":3,"name":"Nacional un espejo de errores"}]},{"@type":"WebSite","@id":"https:\/\/chasquideportivo.com\/ecrt\/#website","url":"https:\/\/chasquideportivo.com\/ecrt\/","name":"ChasquiDeportivo","description":"Informaci&oacute;n y comunicaci&oacute;n, reportajes, noticias, entrevistas en el &aacute;rea del deporte local, nacional.","publisher":{"@id":"https:\/\/chasquideportivo.com\/ecrt\/#organization"},"potentialAction":[{"@type":"SearchAction","target":{"@type":"EntryPoint","urlTemplate":"https:\/\/chasquideportivo.com\/ecrt\/?s={search_term_string}"},"query-input":{"@type":"PropertyValueSpecification","valueRequired":true,"valueName":"search_term_string"}}],"inLanguage":"es"},{"@type":"Organization","@id":"https:\/\/chasquideportivo.com\/ecrt\/#organization","name":"Chasqui Deportivo","url":"https:\/\/chasquideportivo.com\/ecrt\/","logo":{"@type":"ImageObject","inLanguage":"es","@id":"https:\/\/chasquideportivo.com\/ecrt\/#\/schema\/logo\/image\/","url":"https:\/\/chasquideportivo.com\/ecrt\/wp-content\/uploads\/2022\/01\/logo-vertical.jpg","contentUrl":"https:\/\/chasquideportivo.com\/ecrt\/wp-content\/uploads\/2022\/01\/logo-vertical.jpg","width":612,"height":750,"caption":"Chasqui Deportivo"},"image":{"@id":"https:\/\/chasquideportivo.com\/ecrt\/#\/schema\/logo\/image\/"},"sameAs":["https:\/\/www.facebook.com\/chasquideportivo","https:\/\/x.com\/chasquidep","https:\/\/www.instagram.com\/chasquideportivo.ec","https:\/\/www.youtube.com\/channel\/UCGY8M-csHuxJuGRt4XrV90Q"]},{"@type":"Person","@id":"https:\/\/chasquideportivo.com\/ecrt\/#\/schema\/person\/d9e229fabae4c1e3f82cf66d802ca7b6","name":"kollage","image":{"@type":"ImageObject","inLanguage":"es","@id":"https:\/\/secure.gravatar.com\/avatar\/69b5388bf21dfca5434ca100f351036f1fbff72ba519ef8157b31bcc7fbfbb18?s=96&d=mm&r=g","url":"https:\/\/secure.gravatar.com\/avatar\/69b5388bf21dfca5434ca100f351036f1fbff72ba519ef8157b31bcc7fbfbb18?s=96&d=mm&r=g","contentUrl":"https:\/\/secure.gravatar.com\/avatar\/69b5388bf21dfca5434ca100f351036f1fbff72ba519ef8157b31bcc7fbfbb18?s=96&d=mm&r=g","caption":"kollage"},"sameAs":["https:\/\/chasquideportivo.com\/ecrt"],"url":"https:\/\/chasquideportivo.com\/ecrt\/author\/kollage\/"}]}},"_links":{"self":[{"href":"https:\/\/chasquideportivo.com\/ecrt\/wp-json\/wp\/v2\/posts\/7640","targetHints":{"allow":["GET"]}}],"collection":[{"href":"https:\/\/chasquideportivo.com\/ecrt\/wp-json\/wp\/v2\/posts"}],"about":[{"href":"https:\/\/chasquideportivo.com\/ecrt\/wp-json\/wp\/v2\/types\/post"}],"author":[{"embeddable":true,"href":"https:\/\/chasquideportivo.com\/ecrt\/wp-json\/wp\/v2\/users\/1"}],"replies":[{"embeddable":true,"href":"https:\/\/chasquideportivo.com\/ecrt\/wp-json\/wp\/v2\/comments?post=7640"}],"version-history":[{"count":0,"href":"https:\/\/chasquideportivo.com\/ecrt\/wp-json\/wp\/v2\/posts\/7640\/revisions"}],"wp:attachment":[{"href":"https:\/\/chasquideportivo.com\/ecrt\/wp-json\/wp\/v2\/media?parent=7640"}],"wp:term":[{"taxonomy":"category","embeddable":true,"href":"https:\/\/chasquideportivo.com\/ecrt\/wp-json\/wp\/v2\/categories?post=7640"},{"taxonomy":"post_tag","embeddable":true,"href":"https:\/\/chasquideportivo.com\/ecrt\/wp-json\/wp\/v2\/tags?post=7640"}],"curies":[{"name":"wp","href":"https:\/\/api.w.org\/{rel}","templated":true}]}}