{"id":7639,"date":"2021-03-20T21:15:15","date_gmt":"2021-03-20T21:15:15","guid":{"rendered":"https:\/\/chasquideportivo.com\/ecrt\/2021\/03\/20\/ulises-de-la-cruz-un-caballero-en-el-futbol-barrial\/"},"modified":"2021-03-20T21:15:15","modified_gmt":"2021-03-20T21:15:15","slug":"ulises-de-la-cruz-un-caballero-en-el-futbol-barrial","status":"publish","type":"post","link":"https:\/\/chasquideportivo.com\/ecrt\/ulises-de-la-cruz-un-caballero-en-el-futbol-barrial\/","title":{"rendered":"Ulises de la Cruz un caballero en el f\u00fatbol barrial"},"content":{"rendered":"<p>La sencillez y la humildad, es el estilo que resalta en la cancha y fuera de ella.<\/p>\n<p>La t\u00e9cnica y experiencia de Ulises de la Cruz no se pierde en el balompi\u00e9 barrial, es el espejo que se mira en el sector de Conocoto y en Fajardo, juega por el Independiente, categor\u00eda m\u00e1ster m\u00e1s de 40 a\u00f1os. Son los tricampeones. &nbsp;Adem\u00e1s a jugador torneos provinciales y nacional.<\/p>\n<p>Su hoja de vida resalta como futbolista profesional del Ecuador, seleccionado nacional, jug\u00f3 en Europa, en el 2013 fue asamble\u00edsta del pa\u00eds, naci\u00f3 en la provincia de Carchi (Piquiucho),&nbsp; sus padres: Jos\u00e9 Tarquino de la Cruz, Mar\u00eda Edita Bernardo, jugo como defensa o delantero.<\/p>\n<p>Su carrera empez\u00f3 a los 16 a\u00f1os cuando ingres\u00f3 a las divisiones menores del Deportivo Quito, fue goleador en su categor\u00eda. En esos tiempos, Ulises jugaba de volante o delantero debido a la rapidez y habilidad que pose\u00eda. Ese mismo a\u00f1o debut\u00f3 en primera divisi\u00f3n, pero como lateral derecho. Fue convocado para la selecci\u00f3n sub-17 y sub-20.<\/p>\n<p>En 1995 pas\u00f3 al Barcelona de Guayaquil, fue campe\u00f3n. En 1996 visti\u00f3 la camiseta de Aucas, fue figura y en 1997 paso a LDU. Con este equipo fue campe\u00f3n nacional (1998) destacando notablemente, a mediados de 1999 fich\u00f3 por el Cruzeiro de Brasil.<\/p>\n<p>En el 2001 fich\u00f3 por el Hibernian de Escocia, adem\u00e1s brill\u00f3 en las eliminatorias de la Copa Mundial de F\u00fatbol de 2002, fue considerado el mejor lateral derecho de Am\u00e9rica. Con el equipo escoc\u00e9s tuvo destacadas actuaciones, permaneciendo dos a\u00f1os en la instituci\u00f3n. En el 2003, el Aston Villa de la Premier League lo incorpor\u00f3 a sus filas, cumpli\u00f3 sus mejores actuaciones de su carrera fue titular durante algunos a\u00f1os.<\/p>\n<p>Luego de la Copa Mundial de F\u00fatbol de 2006, se fue al Reading. De la Cruz decidi\u00f3 establecerse en Inglaterra y jug\u00f3 en el Birmingham City ingl\u00e9s. En abril del 2009 retorn\u00f3 al pa\u00eds para liderar su fundaci\u00f3n y jugar la \u00faltima etapa de su carrera. En junio volvi\u00f3 a LDU, gan\u00f3 la Recopa Sudamericana y la Copa Sudamericana en 2009 y el Campeonato Nacional 2010.<\/p>\n<p>El fin de semana jug\u00f3 la final en la cancha de liga Fajardo con el Independiente, triunf\u00f3&nbsp; 2-1 ante Deportivo Conocoto, marc\u00f3 un gol y fue el goleador del torneo. \u201cTodos somos amigos antes y despu\u00e9s de un cotejo, en la cancha somos rivales por noventa minutos, luego somos amigos\u201d, destac\u00f3 Ulises al recibir los trofeos que lo destacaron en el torneo de f\u00fatbol m\u00e1ster organizado por liga Fajardo del cant\u00f3n Rumi\u00f1ahui.<\/p>\n<p>2018-06-11 15:01:15<\/p>\n","protected":false},"excerpt":{"rendered":"<p>La sencillez y la humildad, es el estilo que resalta en la cancha y fuera de ella. La t\u00e9cnica y experiencia de Ulises de la Cruz no se pierde en el balompi\u00e9 barrial, es el espejo que se mira en el sector de Conocoto y en Fajardo, juega por el Independiente, categor\u00eda m\u00e1ster m\u00e1s de [&hellip;]<\/p>\n","protected":false},"author":1,"featured_media":0,"comment_status":"open","ping_status":"open","sticky":false,"template":"","format":"standard","meta":{"_et_pb_use_builder":"","_et_pb_old_content":"","_et_gb_content_width":"","footnotes":""},"categories":[54],"tags":[],"class_list":["post-7639","post","type-post","status-publish","format-standard","hentry","category-reportajes-categoria"],"yoast_head":"<!-- This site is optimized with the Yoast SEO plugin v27.4 - https:\/\/yoast.com\/product\/yoast-seo-wordpress\/ -->\n<title>Ulises de la Cruz un caballero en el f\u00fatbol barrial - ChasquiDeportivo<\/title>\n<meta name=\"description\" content=\"Chasqui Deportivo | Informaci\u00f3n y comunicaci\u00f3n, reportajes, noticias, entrevistas en el \u00e1rea del deporte local, nacional.\" \/>\n<meta name=\"robots\" content=\"index, follow, max-snippet:-1, max-image-preview:large, max-video-preview:-1\" \/>\n<link rel=\"canonical\" href=\"https:\/\/chasquideportivo.com\/ecrt\/ulises-de-la-cruz-un-caballero-en-el-futbol-barrial\/\" \/>\n<meta property=\"og:locale\" content=\"es_ES\" \/>\n<meta property=\"og:type\" content=\"article\" \/>\n<meta property=\"og:title\" content=\"Ulises de la Cruz un caballero en el f\u00fatbol barrial - ChasquiDeportivo\" \/>\n<meta property=\"og:description\" content=\"Chasqui Deportivo | Informaci\u00f3n y comunicaci\u00f3n, reportajes, noticias, entrevistas en el \u00e1rea del deporte local, nacional.\" \/>\n<meta property=\"og:url\" content=\"https:\/\/chasquideportivo.com\/ecrt\/ulises-de-la-cruz-un-caballero-en-el-futbol-barrial\/\" \/>\n<meta property=\"og:site_name\" content=\"ChasquiDeportivo\" \/>\n<meta property=\"article:publisher\" content=\"https:\/\/www.facebook.com\/chasquideportivo\" \/>\n<meta property=\"article:published_time\" content=\"2021-03-20T21:15:15+00:00\" \/>\n<meta name=\"author\" content=\"kollage\" \/>\n<meta name=\"twitter:card\" content=\"summary_large_image\" \/>\n<meta name=\"twitter:creator\" content=\"@chasquidep\" \/>\n<meta name=\"twitter:site\" content=\"@chasquidep\" \/>\n<meta name=\"twitter:label1\" content=\"Escrito por\" \/>\n\t<meta name=\"twitter:data1\" content=\"kollage\" \/>\n\t<meta name=\"twitter:label2\" content=\"Tiempo de lectura\" \/>\n\t<meta name=\"twitter:data2\" content=\"2 minutos\" \/>\n<script type=\"application\/ld+json\" class=\"yoast-schema-graph\">{\"@context\":\"https:\\\/\\\/schema.org\",\"@graph\":[{\"@type\":\"Article\",\"@id\":\"https:\\\/\\\/chasquideportivo.com\\\/ecrt\\\/ulises-de-la-cruz-un-caballero-en-el-futbol-barrial\\\/#article\",\"isPartOf\":{\"@id\":\"https:\\\/\\\/chasquideportivo.com\\\/ecrt\\\/ulises-de-la-cruz-un-caballero-en-el-futbol-barrial\\\/\"},\"author\":{\"name\":\"kollage\",\"@id\":\"https:\\\/\\\/chasquideportivo.com\\\/ecrt\\\/#\\\/schema\\\/person\\\/d9e229fabae4c1e3f82cf66d802ca7b6\"},\"headline\":\"Ulises de la Cruz un caballero en el f\u00fatbol barrial\",\"datePublished\":\"2021-03-20T21:15:15+00:00\",\"mainEntityOfPage\":{\"@id\":\"https:\\\/\\\/chasquideportivo.com\\\/ecrt\\\/ulises-de-la-cruz-un-caballero-en-el-futbol-barrial\\\/\"},\"wordCount\":453,\"commentCount\":0,\"publisher\":{\"@id\":\"https:\\\/\\\/chasquideportivo.com\\\/ecrt\\\/#organization\"},\"articleSection\":[\"Reportajes Categor\u00eda\"],\"inLanguage\":\"es\",\"potentialAction\":[{\"@type\":\"CommentAction\",\"name\":\"Comment\",\"target\":[\"https:\\\/\\\/chasquideportivo.com\\\/ecrt\\\/ulises-de-la-cruz-un-caballero-en-el-futbol-barrial\\\/#respond\"]}]},{\"@type\":\"WebPage\",\"@id\":\"https:\\\/\\\/chasquideportivo.com\\\/ecrt\\\/ulises-de-la-cruz-un-caballero-en-el-futbol-barrial\\\/\",\"url\":\"https:\\\/\\\/chasquideportivo.com\\\/ecrt\\\/ulises-de-la-cruz-un-caballero-en-el-futbol-barrial\\\/\",\"name\":\"Ulises de la Cruz un caballero en el f\u00fatbol barrial - ChasquiDeportivo\",\"isPartOf\":{\"@id\":\"https:\\\/\\\/chasquideportivo.com\\\/ecrt\\\/#website\"},\"datePublished\":\"2021-03-20T21:15:15+00:00\",\"description\":\"Chasqui Deportivo | Informaci\u00f3n y comunicaci\u00f3n, reportajes, noticias, entrevistas en el \u00e1rea del deporte local, nacional.\",\"breadcrumb\":{\"@id\":\"https:\\\/\\\/chasquideportivo.com\\\/ecrt\\\/ulises-de-la-cruz-un-caballero-en-el-futbol-barrial\\\/#breadcrumb\"},\"inLanguage\":\"es\",\"potentialAction\":[{\"@type\":\"ReadAction\",\"target\":[\"https:\\\/\\\/chasquideportivo.com\\\/ecrt\\\/ulises-de-la-cruz-un-caballero-en-el-futbol-barrial\\\/\"]}]},{\"@type\":\"BreadcrumbList\",\"@id\":\"https:\\\/\\\/chasquideportivo.com\\\/ecrt\\\/ulises-de-la-cruz-un-caballero-en-el-futbol-barrial\\\/#breadcrumb\",\"itemListElement\":[{\"@type\":\"ListItem\",\"position\":1,\"name\":\"Portada | Chasqui Deportivo\",\"item\":\"https:\\\/\\\/chasquideportivo.com\\\/ecrt\\\/\"},{\"@type\":\"ListItem\",\"position\":2,\"name\":\"Reportajes Categor\u00eda\",\"item\":\"https:\\\/\\\/chasquideportivo.com\\\/ecrt\\\/category\\\/reportajes-categoria\\\/\"},{\"@type\":\"ListItem\",\"position\":3,\"name\":\"Ulises de la Cruz un caballero en el f\u00fatbol barrial\"}]},{\"@type\":\"WebSite\",\"@id\":\"https:\\\/\\\/chasquideportivo.com\\\/ecrt\\\/#website\",\"url\":\"https:\\\/\\\/chasquideportivo.com\\\/ecrt\\\/\",\"name\":\"ChasquiDeportivo\",\"description\":\"Informaci&oacute;n y comunicaci&oacute;n, reportajes, noticias, entrevistas en el &aacute;rea del deporte local, nacional.\",\"publisher\":{\"@id\":\"https:\\\/\\\/chasquideportivo.com\\\/ecrt\\\/#organization\"},\"potentialAction\":[{\"@type\":\"SearchAction\",\"target\":{\"@type\":\"EntryPoint\",\"urlTemplate\":\"https:\\\/\\\/chasquideportivo.com\\\/ecrt\\\/?s={search_term_string}\"},\"query-input\":{\"@type\":\"PropertyValueSpecification\",\"valueRequired\":true,\"valueName\":\"search_term_string\"}}],\"inLanguage\":\"es\"},{\"@type\":\"Organization\",\"@id\":\"https:\\\/\\\/chasquideportivo.com\\\/ecrt\\\/#organization\",\"name\":\"Chasqui Deportivo\",\"url\":\"https:\\\/\\\/chasquideportivo.com\\\/ecrt\\\/\",\"logo\":{\"@type\":\"ImageObject\",\"inLanguage\":\"es\",\"@id\":\"https:\\\/\\\/chasquideportivo.com\\\/ecrt\\\/#\\\/schema\\\/logo\\\/image\\\/\",\"url\":\"https:\\\/\\\/chasquideportivo.com\\\/ecrt\\\/wp-content\\\/uploads\\\/2022\\\/01\\\/logo-vertical.jpg\",\"contentUrl\":\"https:\\\/\\\/chasquideportivo.com\\\/ecrt\\\/wp-content\\\/uploads\\\/2022\\\/01\\\/logo-vertical.jpg\",\"width\":612,\"height\":750,\"caption\":\"Chasqui Deportivo\"},\"image\":{\"@id\":\"https:\\\/\\\/chasquideportivo.com\\\/ecrt\\\/#\\\/schema\\\/logo\\\/image\\\/\"},\"sameAs\":[\"https:\\\/\\\/www.facebook.com\\\/chasquideportivo\",\"https:\\\/\\\/x.com\\\/chasquidep\",\"https:\\\/\\\/www.instagram.com\\\/chasquideportivo.ec\",\"https:\\\/\\\/www.youtube.com\\\/channel\\\/UCGY8M-csHuxJuGRt4XrV90Q\"]},{\"@type\":\"Person\",\"@id\":\"https:\\\/\\\/chasquideportivo.com\\\/ecrt\\\/#\\\/schema\\\/person\\\/d9e229fabae4c1e3f82cf66d802ca7b6\",\"name\":\"kollage\",\"image\":{\"@type\":\"ImageObject\",\"inLanguage\":\"es\",\"@id\":\"https:\\\/\\\/secure.gravatar.com\\\/avatar\\\/69b5388bf21dfca5434ca100f351036f1fbff72ba519ef8157b31bcc7fbfbb18?s=96&d=mm&r=g\",\"url\":\"https:\\\/\\\/secure.gravatar.com\\\/avatar\\\/69b5388bf21dfca5434ca100f351036f1fbff72ba519ef8157b31bcc7fbfbb18?s=96&d=mm&r=g\",\"contentUrl\":\"https:\\\/\\\/secure.gravatar.com\\\/avatar\\\/69b5388bf21dfca5434ca100f351036f1fbff72ba519ef8157b31bcc7fbfbb18?s=96&d=mm&r=g\",\"caption\":\"kollage\"},\"sameAs\":[\"https:\\\/\\\/chasquideportivo.com\\\/ecrt\"],\"url\":\"https:\\\/\\\/chasquideportivo.com\\\/ecrt\\\/author\\\/kollage\\\/\"}]}<\/script>\n<!-- \/ Yoast SEO plugin. -->","yoast_head_json":{"title":"Ulises de la Cruz un caballero en el f\u00fatbol barrial - ChasquiDeportivo","description":"Chasqui Deportivo | Informaci\u00f3n y comunicaci\u00f3n, reportajes, noticias, entrevistas en el \u00e1rea del deporte local, nacional.","robots":{"index":"index","follow":"follow","max-snippet":"max-snippet:-1","max-image-preview":"max-image-preview:large","max-video-preview":"max-video-preview:-1"},"canonical":"https:\/\/chasquideportivo.com\/ecrt\/ulises-de-la-cruz-un-caballero-en-el-futbol-barrial\/","og_locale":"es_ES","og_type":"article","og_title":"Ulises de la Cruz un caballero en el f\u00fatbol barrial - ChasquiDeportivo","og_description":"Chasqui Deportivo | Informaci\u00f3n y comunicaci\u00f3n, reportajes, noticias, entrevistas en el \u00e1rea del deporte local, nacional.","og_url":"https:\/\/chasquideportivo.com\/ecrt\/ulises-de-la-cruz-un-caballero-en-el-futbol-barrial\/","og_site_name":"ChasquiDeportivo","article_publisher":"https:\/\/www.facebook.com\/chasquideportivo","article_published_time":"2021-03-20T21:15:15+00:00","author":"kollage","twitter_card":"summary_large_image","twitter_creator":"@chasquidep","twitter_site":"@chasquidep","twitter_misc":{"Escrito por":"kollage","Tiempo de lectura":"2 minutos"},"schema":{"@context":"https:\/\/schema.org","@graph":[{"@type":"Article","@id":"https:\/\/chasquideportivo.com\/ecrt\/ulises-de-la-cruz-un-caballero-en-el-futbol-barrial\/#article","isPartOf":{"@id":"https:\/\/chasquideportivo.com\/ecrt\/ulises-de-la-cruz-un-caballero-en-el-futbol-barrial\/"},"author":{"name":"kollage","@id":"https:\/\/chasquideportivo.com\/ecrt\/#\/schema\/person\/d9e229fabae4c1e3f82cf66d802ca7b6"},"headline":"Ulises de la Cruz un caballero en el f\u00fatbol barrial","datePublished":"2021-03-20T21:15:15+00:00","mainEntityOfPage":{"@id":"https:\/\/chasquideportivo.com\/ecrt\/ulises-de-la-cruz-un-caballero-en-el-futbol-barrial\/"},"wordCount":453,"commentCount":0,"publisher":{"@id":"https:\/\/chasquideportivo.com\/ecrt\/#organization"},"articleSection":["Reportajes Categor\u00eda"],"inLanguage":"es","potentialAction":[{"@type":"CommentAction","name":"Comment","target":["https:\/\/chasquideportivo.com\/ecrt\/ulises-de-la-cruz-un-caballero-en-el-futbol-barrial\/#respond"]}]},{"@type":"WebPage","@id":"https:\/\/chasquideportivo.com\/ecrt\/ulises-de-la-cruz-un-caballero-en-el-futbol-barrial\/","url":"https:\/\/chasquideportivo.com\/ecrt\/ulises-de-la-cruz-un-caballero-en-el-futbol-barrial\/","name":"Ulises de la Cruz un caballero en el f\u00fatbol barrial - ChasquiDeportivo","isPartOf":{"@id":"https:\/\/chasquideportivo.com\/ecrt\/#website"},"datePublished":"2021-03-20T21:15:15+00:00","description":"Chasqui Deportivo | Informaci\u00f3n y comunicaci\u00f3n, reportajes, noticias, entrevistas en el \u00e1rea del deporte local, nacional.","breadcrumb":{"@id":"https:\/\/chasquideportivo.com\/ecrt\/ulises-de-la-cruz-un-caballero-en-el-futbol-barrial\/#breadcrumb"},"inLanguage":"es","potentialAction":[{"@type":"ReadAction","target":["https:\/\/chasquideportivo.com\/ecrt\/ulises-de-la-cruz-un-caballero-en-el-futbol-barrial\/"]}]},{"@type":"BreadcrumbList","@id":"https:\/\/chasquideportivo.com\/ecrt\/ulises-de-la-cruz-un-caballero-en-el-futbol-barrial\/#breadcrumb","itemListElement":[{"@type":"ListItem","position":1,"name":"Portada | Chasqui Deportivo","item":"https:\/\/chasquideportivo.com\/ecrt\/"},{"@type":"ListItem","position":2,"name":"Reportajes Categor\u00eda","item":"https:\/\/chasquideportivo.com\/ecrt\/category\/reportajes-categoria\/"},{"@type":"ListItem","position":3,"name":"Ulises de la Cruz un caballero en el f\u00fatbol barrial"}]},{"@type":"WebSite","@id":"https:\/\/chasquideportivo.com\/ecrt\/#website","url":"https:\/\/chasquideportivo.com\/ecrt\/","name":"ChasquiDeportivo","description":"Informaci&oacute;n y comunicaci&oacute;n, reportajes, noticias, entrevistas en el &aacute;rea del deporte local, nacional.","publisher":{"@id":"https:\/\/chasquideportivo.com\/ecrt\/#organization"},"potentialAction":[{"@type":"SearchAction","target":{"@type":"EntryPoint","urlTemplate":"https:\/\/chasquideportivo.com\/ecrt\/?s={search_term_string}"},"query-input":{"@type":"PropertyValueSpecification","valueRequired":true,"valueName":"search_term_string"}}],"inLanguage":"es"},{"@type":"Organization","@id":"https:\/\/chasquideportivo.com\/ecrt\/#organization","name":"Chasqui Deportivo","url":"https:\/\/chasquideportivo.com\/ecrt\/","logo":{"@type":"ImageObject","inLanguage":"es","@id":"https:\/\/chasquideportivo.com\/ecrt\/#\/schema\/logo\/image\/","url":"https:\/\/chasquideportivo.com\/ecrt\/wp-content\/uploads\/2022\/01\/logo-vertical.jpg","contentUrl":"https:\/\/chasquideportivo.com\/ecrt\/wp-content\/uploads\/2022\/01\/logo-vertical.jpg","width":612,"height":750,"caption":"Chasqui Deportivo"},"image":{"@id":"https:\/\/chasquideportivo.com\/ecrt\/#\/schema\/logo\/image\/"},"sameAs":["https:\/\/www.facebook.com\/chasquideportivo","https:\/\/x.com\/chasquidep","https:\/\/www.instagram.com\/chasquideportivo.ec","https:\/\/www.youtube.com\/channel\/UCGY8M-csHuxJuGRt4XrV90Q"]},{"@type":"Person","@id":"https:\/\/chasquideportivo.com\/ecrt\/#\/schema\/person\/d9e229fabae4c1e3f82cf66d802ca7b6","name":"kollage","image":{"@type":"ImageObject","inLanguage":"es","@id":"https:\/\/secure.gravatar.com\/avatar\/69b5388bf21dfca5434ca100f351036f1fbff72ba519ef8157b31bcc7fbfbb18?s=96&d=mm&r=g","url":"https:\/\/secure.gravatar.com\/avatar\/69b5388bf21dfca5434ca100f351036f1fbff72ba519ef8157b31bcc7fbfbb18?s=96&d=mm&r=g","contentUrl":"https:\/\/secure.gravatar.com\/avatar\/69b5388bf21dfca5434ca100f351036f1fbff72ba519ef8157b31bcc7fbfbb18?s=96&d=mm&r=g","caption":"kollage"},"sameAs":["https:\/\/chasquideportivo.com\/ecrt"],"url":"https:\/\/chasquideportivo.com\/ecrt\/author\/kollage\/"}]}},"_links":{"self":[{"href":"https:\/\/chasquideportivo.com\/ecrt\/wp-json\/wp\/v2\/posts\/7639","targetHints":{"allow":["GET"]}}],"collection":[{"href":"https:\/\/chasquideportivo.com\/ecrt\/wp-json\/wp\/v2\/posts"}],"about":[{"href":"https:\/\/chasquideportivo.com\/ecrt\/wp-json\/wp\/v2\/types\/post"}],"author":[{"embeddable":true,"href":"https:\/\/chasquideportivo.com\/ecrt\/wp-json\/wp\/v2\/users\/1"}],"replies":[{"embeddable":true,"href":"https:\/\/chasquideportivo.com\/ecrt\/wp-json\/wp\/v2\/comments?post=7639"}],"version-history":[{"count":0,"href":"https:\/\/chasquideportivo.com\/ecrt\/wp-json\/wp\/v2\/posts\/7639\/revisions"}],"wp:attachment":[{"href":"https:\/\/chasquideportivo.com\/ecrt\/wp-json\/wp\/v2\/media?parent=7639"}],"wp:term":[{"taxonomy":"category","embeddable":true,"href":"https:\/\/chasquideportivo.com\/ecrt\/wp-json\/wp\/v2\/categories?post=7639"},{"taxonomy":"post_tag","embeddable":true,"href":"https:\/\/chasquideportivo.com\/ecrt\/wp-json\/wp\/v2\/tags?post=7639"}],"curies":[{"name":"wp","href":"https:\/\/api.w.org\/{rel}","templated":true}]}}