{"id":7225,"date":"2021-03-20T20:44:05","date_gmt":"2021-03-20T20:44:05","guid":{"rendered":"https:\/\/chasquideportivo.com\/ecrt\/2021\/03\/20\/con-emociones-y-goles-termino-la-temporada-deportiva-en-manuelita-flores\/"},"modified":"2021-03-20T20:53:59","modified_gmt":"2021-03-20T20:53:59","slug":"con-emociones-y-goles-termino-la-temporada-deportiva-en-manuelita-flores","status":"publish","type":"post","link":"https:\/\/chasquideportivo.com\/ecrt\/con-emociones-y-goles-termino-la-temporada-deportiva-en-manuelita-flores\/","title":{"rendered":"Con emociones y goles termin\u00f3 la temporada deportiva en Manuelita Flores"},"content":{"rendered":"<p>Con partidos emocionantes y llenos de goles, el s\u00e1bado pasado, en el Polideportivo, Manuelita Flores, culmin\u00f3 su torneo de micro f\u00fatbol. Ladys Argentina en categor\u00eda femenina, San Francis en categor\u00eda masculina y Stock City en m\u00e1ster, demostraron ser mejores en sus categor\u00edas y se consagraron campeones. El p\u00fablico asistente le dio el toque de alergia a la jornada deportiva alentando en todo momento a cada uno de sus equipos&nbsp;&nbsp;&nbsp;<\/p>\n<p>Para iniciar&nbsp; la jornada deportiva, los equipos de Mil\u00e1n (blanco-negro) y Ladys Argentina (fucsia \u2013 azul), se enfrentaban por la corona de la categor\u00eda femenina. El encuentro desde el inicio estuvo lleno de emociones, a los 30 segundos, Silvia Torres abri\u00f3 el marcador para Mil\u00e1n. Sin embargo, Ladys Argentina en base a buen futbol, al minuto 14 empataban el partido gracias a Soley Rizos, de ah\u00ed en adelante el equipo fucsia se adue\u00f1\u00f3 del partido.<\/p>\n<p>Al minuto 16 y 22 Tatiana Echeverr\u00eda y Ang\u00e9lica Rodr\u00edguez marcaron el segundo y tercer gol para Ladys Argentina, as\u00ed finaliz\u00f3 el primer tiempo. Para la segunda etapa, Mil\u00e1n subi\u00f3 &nbsp;su rendimiento, pero no fue suficiente para alcanzar a las Ladys, que eran superiores. Al minuto 15 Dany Quiroz marcaba el segundo gol para Mil\u00e1n y le pon\u00eda drama al encuentro, sin embargo a los 24 minutos, Misleidy Guti\u00e9rrez&nbsp; anotaba el cuarto gol para el cuadro fucsia. Al final el partido termino 4 a 2 y con esto Ladys Argentina se coronaron campeonas. &nbsp;&nbsp;&nbsp;<\/p>\n<p>San Francis el mejor &nbsp;<\/p>\n<p>A segunda hora, saltaban a la cancha Barca (azul &#8211; fucsia) y San Francis (azul \u2013 blanco) por la final de categor\u00eda masculina. San Francis fue superior durante el partido, mientras que Barca no encontr\u00f3 los recursos para contener al cuadro azul y blanco. En el primer tiempo San Francis sali\u00f3 con todo y demostr\u00f3 un buen juego de equipo. Simba\u00f1a y Zamora&nbsp; en dos ocasiones, marcaron los tres goles con los que el equipo azul y blanco cerraba la primera parte.<\/p>\n<p>En segundo tiempo el partido no cambio, San Francis no tuvo piedad contra el Barca, que lucho hasta el final. Simba\u00f1a, Zamora y Miranda, en segundo tiempo fueron los encargados de cerrar el partido y por su parte en el Barca, Sancan y Herrera fueron los encargados de descontar el partido. Al final en el marcador fue 9 a 3 a favor de San Francis y con esta goleada alzaba la copa de campe\u00f3n de su categor\u00eda. &nbsp;<\/p>\n<p>Stock City alz\u00f3 la copa de campe\u00f3n<\/p>\n<p>El partido de cierre de la jornada, lo disputar\u00edan los cuadros de Stock City (fucsia-blanco) y Alianza Villareal (gris-blanco), en la final de categor\u00eda maxima. Un partido jugado con intensidad y pierna fuerte, pero ser\u00eda el equipo de Stock City quien demostrar\u00eda mejor nivel futbol\u00edstico, mientras que Alianza Villareal lo dejo todo en la cancha, pero no fue suficiente para quedarse con el t\u00edtulo.<\/p>\n<p>Joel Cede\u00f1o y Miguel Cede\u00f1o fueron los encargados de anotar los goles para el Stock City en el primer tiempo. En el segundo tiempo el equipo fucsia sali\u00f3 y con la misma fuerza. &nbsp;Otra vez Joel Cede\u00f1o, Fernando Cede\u00f1o, Men\u00e9ndez y Fabricio Cede\u00f1o fueron marcaron los goles para sentenciar el encuentro. Por otro lado el jugador de Barca M\u00e9ndez marco en tres ocasiones para hacer m\u00e1s digna su derrota. Con el marcador de 7 a 3 San Francis dio la vuelta ol\u00edmpica de la categor\u00eda master.<\/p>\n<p>2019-11-14 13:17:03<\/p>\n","protected":false},"excerpt":{"rendered":"<p>Con partidos emocionantes y llenos de goles, el s\u00e1bado pasado, en el Polideportivo, Manuelita Flores, culmin\u00f3 su torneo de micro f\u00fatbol. Ladys Argentina en categor\u00eda femenina, San Francis en categor\u00eda masculina y Stock City en m\u00e1ster, demostraron ser mejores en sus categor\u00edas y se consagraron campeones. El p\u00fablico asistente le dio el toque de alergia [&hellip;]<\/p>\n","protected":false},"author":1,"featured_media":0,"comment_status":"open","ping_status":"open","sticky":false,"template":"","format":"standard","meta":{"_et_pb_use_builder":"","_et_pb_old_content":"","_et_gb_content_width":"","footnotes":""},"categories":[43],"tags":[39,53,50,46,20,24,44,38,21,41,40,3,6,31,25,42,48,47,49,51,45,33,32,52],"class_list":["post-7225","post","type-post","status-publish","format-standard","hentry","category-marcador-2","tag-actividad-deportiva","tag-amateur","tag-azuay","tag-barriales-ecuador","tag-chasqui","tag-deporte","tag-deporte-ecuatoriano","tag-deportistas","tag-deportivo","tag-deportivos","tag-dirigentcia","tag-dirigentes","tag-ecuador","tag-ecuatorianas","tag-ecuatoriano","tag-ecuatorianos","tag-esmeraldas","tag-guayaquil","tag-ibarra","tag-manabi","tag-no-profesional","tag-pais","tag-quito","tag-tulcan"],"yoast_head":"<!-- This site is optimized with the Yoast SEO plugin v27.4 - https:\/\/yoast.com\/product\/yoast-seo-wordpress\/ -->\n<title>Con emociones y goles termin\u00f3 la temporada deportiva en Manuelita Flores - ChasquiDeportivo<\/title>\n<meta name=\"description\" content=\"Chasqui Deportivo | Informaci\u00f3n y comunicaci\u00f3n, reportajes, noticias, entrevistas en el \u00e1rea del deporte local, nacional.\" \/>\n<meta name=\"robots\" content=\"index, follow, max-snippet:-1, max-image-preview:large, max-video-preview:-1\" \/>\n<link rel=\"canonical\" href=\"https:\/\/chasquideportivo.com\/ecrt\/con-emociones-y-goles-termino-la-temporada-deportiva-en-manuelita-flores\/\" \/>\n<meta property=\"og:locale\" content=\"es_ES\" \/>\n<meta property=\"og:type\" content=\"article\" \/>\n<meta property=\"og:title\" content=\"Con emociones y goles termin\u00f3 la temporada deportiva en Manuelita Flores - ChasquiDeportivo\" \/>\n<meta property=\"og:description\" content=\"Chasqui Deportivo | Informaci\u00f3n y comunicaci\u00f3n, reportajes, noticias, entrevistas en el \u00e1rea del deporte local, nacional.\" \/>\n<meta property=\"og:url\" content=\"https:\/\/chasquideportivo.com\/ecrt\/con-emociones-y-goles-termino-la-temporada-deportiva-en-manuelita-flores\/\" \/>\n<meta property=\"og:site_name\" content=\"ChasquiDeportivo\" \/>\n<meta property=\"article:publisher\" content=\"https:\/\/www.facebook.com\/chasquideportivo\" \/>\n<meta property=\"article:published_time\" content=\"2021-03-20T20:44:05+00:00\" \/>\n<meta property=\"article:modified_time\" content=\"2021-03-20T20:53:59+00:00\" \/>\n<meta name=\"author\" content=\"kollage\" \/>\n<meta name=\"twitter:card\" content=\"summary_large_image\" \/>\n<meta name=\"twitter:creator\" content=\"@chasquidep\" \/>\n<meta name=\"twitter:site\" content=\"@chasquidep\" \/>\n<meta name=\"twitter:label1\" content=\"Escrito por\" \/>\n\t<meta name=\"twitter:data1\" content=\"kollage\" \/>\n\t<meta name=\"twitter:label2\" content=\"Tiempo de lectura\" \/>\n\t<meta name=\"twitter:data2\" content=\"3 minutos\" \/>\n<script type=\"application\/ld+json\" class=\"yoast-schema-graph\">{\"@context\":\"https:\\\/\\\/schema.org\",\"@graph\":[{\"@type\":\"Article\",\"@id\":\"https:\\\/\\\/chasquideportivo.com\\\/ecrt\\\/con-emociones-y-goles-termino-la-temporada-deportiva-en-manuelita-flores\\\/#article\",\"isPartOf\":{\"@id\":\"https:\\\/\\\/chasquideportivo.com\\\/ecrt\\\/con-emociones-y-goles-termino-la-temporada-deportiva-en-manuelita-flores\\\/\"},\"author\":{\"name\":\"kollage\",\"@id\":\"https:\\\/\\\/chasquideportivo.com\\\/ecrt\\\/#\\\/schema\\\/person\\\/d9e229fabae4c1e3f82cf66d802ca7b6\"},\"headline\":\"Con emociones y goles termin\u00f3 la temporada deportiva en Manuelita Flores\",\"datePublished\":\"2021-03-20T20:44:05+00:00\",\"dateModified\":\"2021-03-20T20:53:59+00:00\",\"mainEntityOfPage\":{\"@id\":\"https:\\\/\\\/chasquideportivo.com\\\/ecrt\\\/con-emociones-y-goles-termino-la-temporada-deportiva-en-manuelita-flores\\\/\"},\"wordCount\":608,\"commentCount\":0,\"publisher\":{\"@id\":\"https:\\\/\\\/chasquideportivo.com\\\/ecrt\\\/#organization\"},\"keywords\":[\"actividad deportiva\",\"amateur\",\"azuay\",\"barriales ecuador\",\"chasqui\",\"deporte\",\"deporte ecuatoriano\",\"deportistas\",\"deportivo\",\"deportivos\",\"dirigentcia\",\"dirigentes\",\"ecuador\",\"ecuatorianas\",\"ecuatoriano\",\"ecuatorianos\",\"esmeraldas\",\"guayaquil\",\"ibarra\",\"manab\u00ed\",\"no profesional\",\"pa\u00eds\",\"quito\",\"tulc\u00e1n\"],\"articleSection\":[\"Marcador\"],\"inLanguage\":\"es\",\"potentialAction\":[{\"@type\":\"CommentAction\",\"name\":\"Comment\",\"target\":[\"https:\\\/\\\/chasquideportivo.com\\\/ecrt\\\/con-emociones-y-goles-termino-la-temporada-deportiva-en-manuelita-flores\\\/#respond\"]}]},{\"@type\":\"WebPage\",\"@id\":\"https:\\\/\\\/chasquideportivo.com\\\/ecrt\\\/con-emociones-y-goles-termino-la-temporada-deportiva-en-manuelita-flores\\\/\",\"url\":\"https:\\\/\\\/chasquideportivo.com\\\/ecrt\\\/con-emociones-y-goles-termino-la-temporada-deportiva-en-manuelita-flores\\\/\",\"name\":\"Con emociones y goles termin\u00f3 la temporada deportiva en Manuelita Flores - ChasquiDeportivo\",\"isPartOf\":{\"@id\":\"https:\\\/\\\/chasquideportivo.com\\\/ecrt\\\/#website\"},\"datePublished\":\"2021-03-20T20:44:05+00:00\",\"dateModified\":\"2021-03-20T20:53:59+00:00\",\"description\":\"Chasqui Deportivo | Informaci\u00f3n y comunicaci\u00f3n, reportajes, noticias, entrevistas en el \u00e1rea del deporte local, nacional.\",\"breadcrumb\":{\"@id\":\"https:\\\/\\\/chasquideportivo.com\\\/ecrt\\\/con-emociones-y-goles-termino-la-temporada-deportiva-en-manuelita-flores\\\/#breadcrumb\"},\"inLanguage\":\"es\",\"potentialAction\":[{\"@type\":\"ReadAction\",\"target\":[\"https:\\\/\\\/chasquideportivo.com\\\/ecrt\\\/con-emociones-y-goles-termino-la-temporada-deportiva-en-manuelita-flores\\\/\"]}]},{\"@type\":\"BreadcrumbList\",\"@id\":\"https:\\\/\\\/chasquideportivo.com\\\/ecrt\\\/con-emociones-y-goles-termino-la-temporada-deportiva-en-manuelita-flores\\\/#breadcrumb\",\"itemListElement\":[{\"@type\":\"ListItem\",\"position\":1,\"name\":\"Portada | Chasqui Deportivo\",\"item\":\"https:\\\/\\\/chasquideportivo.com\\\/ecrt\\\/\"},{\"@type\":\"ListItem\",\"position\":2,\"name\":\"Archivo\",\"item\":\"https:\\\/\\\/chasquideportivo.com\\\/ecrt\\\/category\\\/archivo\\\/\"},{\"@type\":\"ListItem\",\"position\":3,\"name\":\"Marcador\",\"item\":\"https:\\\/\\\/chasquideportivo.com\\\/ecrt\\\/category\\\/archivo\\\/marcador-2\\\/\"},{\"@type\":\"ListItem\",\"position\":4,\"name\":\"Con emociones y goles termin\u00f3 la temporada deportiva en Manuelita Flores\"}]},{\"@type\":\"WebSite\",\"@id\":\"https:\\\/\\\/chasquideportivo.com\\\/ecrt\\\/#website\",\"url\":\"https:\\\/\\\/chasquideportivo.com\\\/ecrt\\\/\",\"name\":\"ChasquiDeportivo\",\"description\":\"Informaci&oacute;n y comunicaci&oacute;n, reportajes, noticias, entrevistas en el &aacute;rea del deporte local, nacional.\",\"publisher\":{\"@id\":\"https:\\\/\\\/chasquideportivo.com\\\/ecrt\\\/#organization\"},\"potentialAction\":[{\"@type\":\"SearchAction\",\"target\":{\"@type\":\"EntryPoint\",\"urlTemplate\":\"https:\\\/\\\/chasquideportivo.com\\\/ecrt\\\/?s={search_term_string}\"},\"query-input\":{\"@type\":\"PropertyValueSpecification\",\"valueRequired\":true,\"valueName\":\"search_term_string\"}}],\"inLanguage\":\"es\"},{\"@type\":\"Organization\",\"@id\":\"https:\\\/\\\/chasquideportivo.com\\\/ecrt\\\/#organization\",\"name\":\"Chasqui Deportivo\",\"url\":\"https:\\\/\\\/chasquideportivo.com\\\/ecrt\\\/\",\"logo\":{\"@type\":\"ImageObject\",\"inLanguage\":\"es\",\"@id\":\"https:\\\/\\\/chasquideportivo.com\\\/ecrt\\\/#\\\/schema\\\/logo\\\/image\\\/\",\"url\":\"https:\\\/\\\/chasquideportivo.com\\\/ecrt\\\/wp-content\\\/uploads\\\/2022\\\/01\\\/logo-vertical.jpg\",\"contentUrl\":\"https:\\\/\\\/chasquideportivo.com\\\/ecrt\\\/wp-content\\\/uploads\\\/2022\\\/01\\\/logo-vertical.jpg\",\"width\":612,\"height\":750,\"caption\":\"Chasqui Deportivo\"},\"image\":{\"@id\":\"https:\\\/\\\/chasquideportivo.com\\\/ecrt\\\/#\\\/schema\\\/logo\\\/image\\\/\"},\"sameAs\":[\"https:\\\/\\\/www.facebook.com\\\/chasquideportivo\",\"https:\\\/\\\/x.com\\\/chasquidep\",\"https:\\\/\\\/www.instagram.com\\\/chasquideportivo.ec\",\"https:\\\/\\\/www.youtube.com\\\/channel\\\/UCGY8M-csHuxJuGRt4XrV90Q\"]},{\"@type\":\"Person\",\"@id\":\"https:\\\/\\\/chasquideportivo.com\\\/ecrt\\\/#\\\/schema\\\/person\\\/d9e229fabae4c1e3f82cf66d802ca7b6\",\"name\":\"kollage\",\"image\":{\"@type\":\"ImageObject\",\"inLanguage\":\"es\",\"@id\":\"https:\\\/\\\/secure.gravatar.com\\\/avatar\\\/69b5388bf21dfca5434ca100f351036f1fbff72ba519ef8157b31bcc7fbfbb18?s=96&d=mm&r=g\",\"url\":\"https:\\\/\\\/secure.gravatar.com\\\/avatar\\\/69b5388bf21dfca5434ca100f351036f1fbff72ba519ef8157b31bcc7fbfbb18?s=96&d=mm&r=g\",\"contentUrl\":\"https:\\\/\\\/secure.gravatar.com\\\/avatar\\\/69b5388bf21dfca5434ca100f351036f1fbff72ba519ef8157b31bcc7fbfbb18?s=96&d=mm&r=g\",\"caption\":\"kollage\"},\"sameAs\":[\"https:\\\/\\\/chasquideportivo.com\\\/ecrt\"],\"url\":\"https:\\\/\\\/chasquideportivo.com\\\/ecrt\\\/author\\\/kollage\\\/\"}]}<\/script>\n<!-- \/ Yoast SEO plugin. -->","yoast_head_json":{"title":"Con emociones y goles termin\u00f3 la temporada deportiva en Manuelita Flores - ChasquiDeportivo","description":"Chasqui Deportivo | Informaci\u00f3n y comunicaci\u00f3n, reportajes, noticias, entrevistas en el \u00e1rea del deporte local, nacional.","robots":{"index":"index","follow":"follow","max-snippet":"max-snippet:-1","max-image-preview":"max-image-preview:large","max-video-preview":"max-video-preview:-1"},"canonical":"https:\/\/chasquideportivo.com\/ecrt\/con-emociones-y-goles-termino-la-temporada-deportiva-en-manuelita-flores\/","og_locale":"es_ES","og_type":"article","og_title":"Con emociones y goles termin\u00f3 la temporada deportiva en Manuelita Flores - ChasquiDeportivo","og_description":"Chasqui Deportivo | Informaci\u00f3n y comunicaci\u00f3n, reportajes, noticias, entrevistas en el \u00e1rea del deporte local, nacional.","og_url":"https:\/\/chasquideportivo.com\/ecrt\/con-emociones-y-goles-termino-la-temporada-deportiva-en-manuelita-flores\/","og_site_name":"ChasquiDeportivo","article_publisher":"https:\/\/www.facebook.com\/chasquideportivo","article_published_time":"2021-03-20T20:44:05+00:00","article_modified_time":"2021-03-20T20:53:59+00:00","author":"kollage","twitter_card":"summary_large_image","twitter_creator":"@chasquidep","twitter_site":"@chasquidep","twitter_misc":{"Escrito por":"kollage","Tiempo de lectura":"3 minutos"},"schema":{"@context":"https:\/\/schema.org","@graph":[{"@type":"Article","@id":"https:\/\/chasquideportivo.com\/ecrt\/con-emociones-y-goles-termino-la-temporada-deportiva-en-manuelita-flores\/#article","isPartOf":{"@id":"https:\/\/chasquideportivo.com\/ecrt\/con-emociones-y-goles-termino-la-temporada-deportiva-en-manuelita-flores\/"},"author":{"name":"kollage","@id":"https:\/\/chasquideportivo.com\/ecrt\/#\/schema\/person\/d9e229fabae4c1e3f82cf66d802ca7b6"},"headline":"Con emociones y goles termin\u00f3 la temporada deportiva en Manuelita Flores","datePublished":"2021-03-20T20:44:05+00:00","dateModified":"2021-03-20T20:53:59+00:00","mainEntityOfPage":{"@id":"https:\/\/chasquideportivo.com\/ecrt\/con-emociones-y-goles-termino-la-temporada-deportiva-en-manuelita-flores\/"},"wordCount":608,"commentCount":0,"publisher":{"@id":"https:\/\/chasquideportivo.com\/ecrt\/#organization"},"keywords":["actividad deportiva","amateur","azuay","barriales ecuador","chasqui","deporte","deporte ecuatoriano","deportistas","deportivo","deportivos","dirigentcia","dirigentes","ecuador","ecuatorianas","ecuatoriano","ecuatorianos","esmeraldas","guayaquil","ibarra","manab\u00ed","no profesional","pa\u00eds","quito","tulc\u00e1n"],"articleSection":["Marcador"],"inLanguage":"es","potentialAction":[{"@type":"CommentAction","name":"Comment","target":["https:\/\/chasquideportivo.com\/ecrt\/con-emociones-y-goles-termino-la-temporada-deportiva-en-manuelita-flores\/#respond"]}]},{"@type":"WebPage","@id":"https:\/\/chasquideportivo.com\/ecrt\/con-emociones-y-goles-termino-la-temporada-deportiva-en-manuelita-flores\/","url":"https:\/\/chasquideportivo.com\/ecrt\/con-emociones-y-goles-termino-la-temporada-deportiva-en-manuelita-flores\/","name":"Con emociones y goles termin\u00f3 la temporada deportiva en Manuelita Flores - ChasquiDeportivo","isPartOf":{"@id":"https:\/\/chasquideportivo.com\/ecrt\/#website"},"datePublished":"2021-03-20T20:44:05+00:00","dateModified":"2021-03-20T20:53:59+00:00","description":"Chasqui Deportivo | Informaci\u00f3n y comunicaci\u00f3n, reportajes, noticias, entrevistas en el \u00e1rea del deporte local, nacional.","breadcrumb":{"@id":"https:\/\/chasquideportivo.com\/ecrt\/con-emociones-y-goles-termino-la-temporada-deportiva-en-manuelita-flores\/#breadcrumb"},"inLanguage":"es","potentialAction":[{"@type":"ReadAction","target":["https:\/\/chasquideportivo.com\/ecrt\/con-emociones-y-goles-termino-la-temporada-deportiva-en-manuelita-flores\/"]}]},{"@type":"BreadcrumbList","@id":"https:\/\/chasquideportivo.com\/ecrt\/con-emociones-y-goles-termino-la-temporada-deportiva-en-manuelita-flores\/#breadcrumb","itemListElement":[{"@type":"ListItem","position":1,"name":"Portada | Chasqui Deportivo","item":"https:\/\/chasquideportivo.com\/ecrt\/"},{"@type":"ListItem","position":2,"name":"Archivo","item":"https:\/\/chasquideportivo.com\/ecrt\/category\/archivo\/"},{"@type":"ListItem","position":3,"name":"Marcador","item":"https:\/\/chasquideportivo.com\/ecrt\/category\/archivo\/marcador-2\/"},{"@type":"ListItem","position":4,"name":"Con emociones y goles termin\u00f3 la temporada deportiva en Manuelita Flores"}]},{"@type":"WebSite","@id":"https:\/\/chasquideportivo.com\/ecrt\/#website","url":"https:\/\/chasquideportivo.com\/ecrt\/","name":"ChasquiDeportivo","description":"Informaci&oacute;n y comunicaci&oacute;n, reportajes, noticias, entrevistas en el &aacute;rea del deporte local, nacional.","publisher":{"@id":"https:\/\/chasquideportivo.com\/ecrt\/#organization"},"potentialAction":[{"@type":"SearchAction","target":{"@type":"EntryPoint","urlTemplate":"https:\/\/chasquideportivo.com\/ecrt\/?s={search_term_string}"},"query-input":{"@type":"PropertyValueSpecification","valueRequired":true,"valueName":"search_term_string"}}],"inLanguage":"es"},{"@type":"Organization","@id":"https:\/\/chasquideportivo.com\/ecrt\/#organization","name":"Chasqui Deportivo","url":"https:\/\/chasquideportivo.com\/ecrt\/","logo":{"@type":"ImageObject","inLanguage":"es","@id":"https:\/\/chasquideportivo.com\/ecrt\/#\/schema\/logo\/image\/","url":"https:\/\/chasquideportivo.com\/ecrt\/wp-content\/uploads\/2022\/01\/logo-vertical.jpg","contentUrl":"https:\/\/chasquideportivo.com\/ecrt\/wp-content\/uploads\/2022\/01\/logo-vertical.jpg","width":612,"height":750,"caption":"Chasqui Deportivo"},"image":{"@id":"https:\/\/chasquideportivo.com\/ecrt\/#\/schema\/logo\/image\/"},"sameAs":["https:\/\/www.facebook.com\/chasquideportivo","https:\/\/x.com\/chasquidep","https:\/\/www.instagram.com\/chasquideportivo.ec","https:\/\/www.youtube.com\/channel\/UCGY8M-csHuxJuGRt4XrV90Q"]},{"@type":"Person","@id":"https:\/\/chasquideportivo.com\/ecrt\/#\/schema\/person\/d9e229fabae4c1e3f82cf66d802ca7b6","name":"kollage","image":{"@type":"ImageObject","inLanguage":"es","@id":"https:\/\/secure.gravatar.com\/avatar\/69b5388bf21dfca5434ca100f351036f1fbff72ba519ef8157b31bcc7fbfbb18?s=96&d=mm&r=g","url":"https:\/\/secure.gravatar.com\/avatar\/69b5388bf21dfca5434ca100f351036f1fbff72ba519ef8157b31bcc7fbfbb18?s=96&d=mm&r=g","contentUrl":"https:\/\/secure.gravatar.com\/avatar\/69b5388bf21dfca5434ca100f351036f1fbff72ba519ef8157b31bcc7fbfbb18?s=96&d=mm&r=g","caption":"kollage"},"sameAs":["https:\/\/chasquideportivo.com\/ecrt"],"url":"https:\/\/chasquideportivo.com\/ecrt\/author\/kollage\/"}]}},"_links":{"self":[{"href":"https:\/\/chasquideportivo.com\/ecrt\/wp-json\/wp\/v2\/posts\/7225","targetHints":{"allow":["GET"]}}],"collection":[{"href":"https:\/\/chasquideportivo.com\/ecrt\/wp-json\/wp\/v2\/posts"}],"about":[{"href":"https:\/\/chasquideportivo.com\/ecrt\/wp-json\/wp\/v2\/types\/post"}],"author":[{"embeddable":true,"href":"https:\/\/chasquideportivo.com\/ecrt\/wp-json\/wp\/v2\/users\/1"}],"replies":[{"embeddable":true,"href":"https:\/\/chasquideportivo.com\/ecrt\/wp-json\/wp\/v2\/comments?post=7225"}],"version-history":[{"count":1,"href":"https:\/\/chasquideportivo.com\/ecrt\/wp-json\/wp\/v2\/posts\/7225\/revisions"}],"predecessor-version":[{"id":7457,"href":"https:\/\/chasquideportivo.com\/ecrt\/wp-json\/wp\/v2\/posts\/7225\/revisions\/7457"}],"wp:attachment":[{"href":"https:\/\/chasquideportivo.com\/ecrt\/wp-json\/wp\/v2\/media?parent=7225"}],"wp:term":[{"taxonomy":"category","embeddable":true,"href":"https:\/\/chasquideportivo.com\/ecrt\/wp-json\/wp\/v2\/categories?post=7225"},{"taxonomy":"post_tag","embeddable":true,"href":"https:\/\/chasquideportivo.com\/ecrt\/wp-json\/wp\/v2\/tags?post=7225"}],"curies":[{"name":"wp","href":"https:\/\/api.w.org\/{rel}","templated":true}]}}