{"id":7137,"date":"2021-03-20T20:43:58","date_gmt":"2021-03-20T20:43:58","guid":{"rendered":"https:\/\/chasquideportivo.com\/ecrt\/2021\/03\/20\/david-villarreal-y-villavicencio-triunfaron-en-la-quinta-y-sexta-etapa\/"},"modified":"2021-03-20T20:56:13","modified_gmt":"2021-03-20T20:56:13","slug":"david-villarreal-y-villavicencio-triunfaron-en-la-quinta-y-sexta-etapa","status":"publish","type":"post","link":"https:\/\/chasquideportivo.com\/ecrt\/david-villarreal-y-villavicencio-triunfaron-en-la-quinta-y-sexta-etapa\/","title":{"rendered":"David Villarreal y Villavicencio triunfaron en la quinta y sexta  etapa"},"content":{"rendered":"<p>Luego de cronometrar una hora, 38 minutos y 16 segundos, el ecuatoriano David Villarreal del equipo Prefectura del Carchi, se impuso en la quinta etapa de la Vuelta Cicl\u00edstica al Ecuador. Jonat\u00e1n Caicedo se retir\u00f3 del evento por una fractura en la clav\u00edcula. Al final de la jornada los ecuatorianos Esteban David Villarreal y Jonathan Villavicencio ganaron la quinta y sexta etapas.<\/p>\n<p>&nbsp;En un trayecto de 78 kil\u00f3metros que une las localidades de Cayambe y Cotacachi, Villarreal cruz\u00f3 primero la meta. Esta victoria le permite dominar las metas volantes al acumular 22 unidades.<\/p>\n<p>El l\u00edder de la competencia es el hispano-colombiano \u00d3scar Sevilla con un tiempo acumulado de 13 horas, nueve minutos y 21 segundos. En la segunda casilla se encuentra Bayron Guam\u00e1 a 32 segundos del l\u00edder, y completa los tres primeros el tricolor Jonathan Caicedo a un minuto y 14 segundos del primero en la general.<\/p>\n<p>Las clasificaciones generales tanto de la Vuelta, como premios de monta\u00f1a, metas volantes y de la Sub\u201923, contin\u00faan lideradas por el espa\u00f1ol Oscar Sevilla, el colombiano Francisco Colorado, el ecuatoriano Esteban David Villarreal y el tambi\u00e9n ecuatoriano Santiago Montenegro, respectivamente.<\/p>\n<p>la s\u00e9ptima se disputa este &nbsp;jueves, entre Cotacachi, en la provincia de Imbabura, y la San Pedro de Huaca, en la provincia de Carchi, ambas en el norte de Ecuador, que comprender\u00e1 133,6 kil\u00f3metros.<\/p>\n<p>2018-10-11 14:44:07<\/p>\n","protected":false},"excerpt":{"rendered":"<p>Luego de cronometrar una hora, 38 minutos y 16 segundos, el ecuatoriano David Villarreal del equipo Prefectura del Carchi, se impuso en la quinta etapa de la Vuelta Cicl\u00edstica al Ecuador. Jonat\u00e1n Caicedo se retir\u00f3 del evento por una fractura en la clav\u00edcula. Al final de la jornada los ecuatorianos Esteban David Villarreal y Jonathan [&hellip;]<\/p>\n","protected":false},"author":1,"featured_media":0,"comment_status":"open","ping_status":"open","sticky":false,"template":"","format":"standard","meta":{"_et_pb_use_builder":"","_et_pb_old_content":"","_et_gb_content_width":"","footnotes":""},"categories":[43],"tags":[39,53,50,46,20,24,44,38,21,41,40,3,6,31,25,42,48,47,49,51,45,33,32,52],"class_list":["post-7137","post","type-post","status-publish","format-standard","hentry","category-marcador-2","tag-actividad-deportiva","tag-amateur","tag-azuay","tag-barriales-ecuador","tag-chasqui","tag-deporte","tag-deporte-ecuatoriano","tag-deportistas","tag-deportivo","tag-deportivos","tag-dirigentcia","tag-dirigentes","tag-ecuador","tag-ecuatorianas","tag-ecuatoriano","tag-ecuatorianos","tag-esmeraldas","tag-guayaquil","tag-ibarra","tag-manabi","tag-no-profesional","tag-pais","tag-quito","tag-tulcan"],"yoast_head":"<!-- This site is optimized with the Yoast SEO plugin v27.4 - https:\/\/yoast.com\/product\/yoast-seo-wordpress\/ -->\n<title>David Villarreal y Villavicencio triunfaron en la quinta y sexta etapa - ChasquiDeportivo<\/title>\n<meta name=\"description\" content=\"Chasqui Deportivo | Informaci\u00f3n y comunicaci\u00f3n, reportajes, noticias, entrevistas en el \u00e1rea del deporte local, nacional.\" \/>\n<meta name=\"robots\" content=\"index, follow, max-snippet:-1, max-image-preview:large, max-video-preview:-1\" \/>\n<link rel=\"canonical\" href=\"https:\/\/chasquideportivo.com\/ecrt\/david-villarreal-y-villavicencio-triunfaron-en-la-quinta-y-sexta-etapa\/\" \/>\n<meta property=\"og:locale\" content=\"es_ES\" \/>\n<meta property=\"og:type\" content=\"article\" \/>\n<meta property=\"og:title\" content=\"David Villarreal y Villavicencio triunfaron en la quinta y sexta etapa - ChasquiDeportivo\" \/>\n<meta property=\"og:description\" content=\"Chasqui Deportivo | Informaci\u00f3n y comunicaci\u00f3n, reportajes, noticias, entrevistas en el \u00e1rea del deporte local, nacional.\" \/>\n<meta property=\"og:url\" content=\"https:\/\/chasquideportivo.com\/ecrt\/david-villarreal-y-villavicencio-triunfaron-en-la-quinta-y-sexta-etapa\/\" \/>\n<meta property=\"og:site_name\" content=\"ChasquiDeportivo\" \/>\n<meta property=\"article:publisher\" content=\"https:\/\/www.facebook.com\/chasquideportivo\" \/>\n<meta property=\"article:published_time\" content=\"2021-03-20T20:43:58+00:00\" \/>\n<meta property=\"article:modified_time\" content=\"2021-03-20T20:56:13+00:00\" \/>\n<meta name=\"author\" content=\"kollage\" \/>\n<meta name=\"twitter:card\" content=\"summary_large_image\" \/>\n<meta name=\"twitter:creator\" content=\"@chasquidep\" \/>\n<meta name=\"twitter:site\" content=\"@chasquidep\" \/>\n<meta name=\"twitter:label1\" content=\"Escrito por\" \/>\n\t<meta name=\"twitter:data1\" content=\"kollage\" \/>\n\t<meta name=\"twitter:label2\" content=\"Tiempo de lectura\" \/>\n\t<meta name=\"twitter:data2\" content=\"1 minuto\" \/>\n<script type=\"application\/ld+json\" class=\"yoast-schema-graph\">{\"@context\":\"https:\\\/\\\/schema.org\",\"@graph\":[{\"@type\":\"Article\",\"@id\":\"https:\\\/\\\/chasquideportivo.com\\\/ecrt\\\/david-villarreal-y-villavicencio-triunfaron-en-la-quinta-y-sexta-etapa\\\/#article\",\"isPartOf\":{\"@id\":\"https:\\\/\\\/chasquideportivo.com\\\/ecrt\\\/david-villarreal-y-villavicencio-triunfaron-en-la-quinta-y-sexta-etapa\\\/\"},\"author\":{\"name\":\"kollage\",\"@id\":\"https:\\\/\\\/chasquideportivo.com\\\/ecrt\\\/#\\\/schema\\\/person\\\/d9e229fabae4c1e3f82cf66d802ca7b6\"},\"headline\":\"David Villarreal y Villavicencio triunfaron en la quinta y sexta etapa\",\"datePublished\":\"2021-03-20T20:43:58+00:00\",\"dateModified\":\"2021-03-20T20:56:13+00:00\",\"mainEntityOfPage\":{\"@id\":\"https:\\\/\\\/chasquideportivo.com\\\/ecrt\\\/david-villarreal-y-villavicencio-triunfaron-en-la-quinta-y-sexta-etapa\\\/\"},\"wordCount\":240,\"commentCount\":0,\"publisher\":{\"@id\":\"https:\\\/\\\/chasquideportivo.com\\\/ecrt\\\/#organization\"},\"keywords\":[\"actividad deportiva\",\"amateur\",\"azuay\",\"barriales ecuador\",\"chasqui\",\"deporte\",\"deporte ecuatoriano\",\"deportistas\",\"deportivo\",\"deportivos\",\"dirigentcia\",\"dirigentes\",\"ecuador\",\"ecuatorianas\",\"ecuatoriano\",\"ecuatorianos\",\"esmeraldas\",\"guayaquil\",\"ibarra\",\"manab\u00ed\",\"no profesional\",\"pa\u00eds\",\"quito\",\"tulc\u00e1n\"],\"articleSection\":[\"Marcador\"],\"inLanguage\":\"es\",\"potentialAction\":[{\"@type\":\"CommentAction\",\"name\":\"Comment\",\"target\":[\"https:\\\/\\\/chasquideportivo.com\\\/ecrt\\\/david-villarreal-y-villavicencio-triunfaron-en-la-quinta-y-sexta-etapa\\\/#respond\"]}]},{\"@type\":\"WebPage\",\"@id\":\"https:\\\/\\\/chasquideportivo.com\\\/ecrt\\\/david-villarreal-y-villavicencio-triunfaron-en-la-quinta-y-sexta-etapa\\\/\",\"url\":\"https:\\\/\\\/chasquideportivo.com\\\/ecrt\\\/david-villarreal-y-villavicencio-triunfaron-en-la-quinta-y-sexta-etapa\\\/\",\"name\":\"David Villarreal y Villavicencio triunfaron en la quinta y sexta etapa - ChasquiDeportivo\",\"isPartOf\":{\"@id\":\"https:\\\/\\\/chasquideportivo.com\\\/ecrt\\\/#website\"},\"datePublished\":\"2021-03-20T20:43:58+00:00\",\"dateModified\":\"2021-03-20T20:56:13+00:00\",\"description\":\"Chasqui Deportivo | Informaci\u00f3n y comunicaci\u00f3n, reportajes, noticias, entrevistas en el \u00e1rea del deporte local, nacional.\",\"breadcrumb\":{\"@id\":\"https:\\\/\\\/chasquideportivo.com\\\/ecrt\\\/david-villarreal-y-villavicencio-triunfaron-en-la-quinta-y-sexta-etapa\\\/#breadcrumb\"},\"inLanguage\":\"es\",\"potentialAction\":[{\"@type\":\"ReadAction\",\"target\":[\"https:\\\/\\\/chasquideportivo.com\\\/ecrt\\\/david-villarreal-y-villavicencio-triunfaron-en-la-quinta-y-sexta-etapa\\\/\"]}]},{\"@type\":\"BreadcrumbList\",\"@id\":\"https:\\\/\\\/chasquideportivo.com\\\/ecrt\\\/david-villarreal-y-villavicencio-triunfaron-en-la-quinta-y-sexta-etapa\\\/#breadcrumb\",\"itemListElement\":[{\"@type\":\"ListItem\",\"position\":1,\"name\":\"Portada | Chasqui Deportivo\",\"item\":\"https:\\\/\\\/chasquideportivo.com\\\/ecrt\\\/\"},{\"@type\":\"ListItem\",\"position\":2,\"name\":\"Archivo\",\"item\":\"https:\\\/\\\/chasquideportivo.com\\\/ecrt\\\/category\\\/archivo\\\/\"},{\"@type\":\"ListItem\",\"position\":3,\"name\":\"Marcador\",\"item\":\"https:\\\/\\\/chasquideportivo.com\\\/ecrt\\\/category\\\/archivo\\\/marcador-2\\\/\"},{\"@type\":\"ListItem\",\"position\":4,\"name\":\"David Villarreal y Villavicencio triunfaron en la quinta y sexta etapa\"}]},{\"@type\":\"WebSite\",\"@id\":\"https:\\\/\\\/chasquideportivo.com\\\/ecrt\\\/#website\",\"url\":\"https:\\\/\\\/chasquideportivo.com\\\/ecrt\\\/\",\"name\":\"ChasquiDeportivo\",\"description\":\"Informaci&oacute;n y comunicaci&oacute;n, reportajes, noticias, entrevistas en el &aacute;rea del deporte local, nacional.\",\"publisher\":{\"@id\":\"https:\\\/\\\/chasquideportivo.com\\\/ecrt\\\/#organization\"},\"potentialAction\":[{\"@type\":\"SearchAction\",\"target\":{\"@type\":\"EntryPoint\",\"urlTemplate\":\"https:\\\/\\\/chasquideportivo.com\\\/ecrt\\\/?s={search_term_string}\"},\"query-input\":{\"@type\":\"PropertyValueSpecification\",\"valueRequired\":true,\"valueName\":\"search_term_string\"}}],\"inLanguage\":\"es\"},{\"@type\":\"Organization\",\"@id\":\"https:\\\/\\\/chasquideportivo.com\\\/ecrt\\\/#organization\",\"name\":\"Chasqui Deportivo\",\"url\":\"https:\\\/\\\/chasquideportivo.com\\\/ecrt\\\/\",\"logo\":{\"@type\":\"ImageObject\",\"inLanguage\":\"es\",\"@id\":\"https:\\\/\\\/chasquideportivo.com\\\/ecrt\\\/#\\\/schema\\\/logo\\\/image\\\/\",\"url\":\"https:\\\/\\\/chasquideportivo.com\\\/ecrt\\\/wp-content\\\/uploads\\\/2022\\\/01\\\/logo-vertical.jpg\",\"contentUrl\":\"https:\\\/\\\/chasquideportivo.com\\\/ecrt\\\/wp-content\\\/uploads\\\/2022\\\/01\\\/logo-vertical.jpg\",\"width\":612,\"height\":750,\"caption\":\"Chasqui Deportivo\"},\"image\":{\"@id\":\"https:\\\/\\\/chasquideportivo.com\\\/ecrt\\\/#\\\/schema\\\/logo\\\/image\\\/\"},\"sameAs\":[\"https:\\\/\\\/www.facebook.com\\\/chasquideportivo\",\"https:\\\/\\\/x.com\\\/chasquidep\",\"https:\\\/\\\/www.instagram.com\\\/chasquideportivo.ec\",\"https:\\\/\\\/www.youtube.com\\\/channel\\\/UCGY8M-csHuxJuGRt4XrV90Q\"]},{\"@type\":\"Person\",\"@id\":\"https:\\\/\\\/chasquideportivo.com\\\/ecrt\\\/#\\\/schema\\\/person\\\/d9e229fabae4c1e3f82cf66d802ca7b6\",\"name\":\"kollage\",\"image\":{\"@type\":\"ImageObject\",\"inLanguage\":\"es\",\"@id\":\"https:\\\/\\\/secure.gravatar.com\\\/avatar\\\/69b5388bf21dfca5434ca100f351036f1fbff72ba519ef8157b31bcc7fbfbb18?s=96&d=mm&r=g\",\"url\":\"https:\\\/\\\/secure.gravatar.com\\\/avatar\\\/69b5388bf21dfca5434ca100f351036f1fbff72ba519ef8157b31bcc7fbfbb18?s=96&d=mm&r=g\",\"contentUrl\":\"https:\\\/\\\/secure.gravatar.com\\\/avatar\\\/69b5388bf21dfca5434ca100f351036f1fbff72ba519ef8157b31bcc7fbfbb18?s=96&d=mm&r=g\",\"caption\":\"kollage\"},\"sameAs\":[\"https:\\\/\\\/chasquideportivo.com\\\/ecrt\"],\"url\":\"https:\\\/\\\/chasquideportivo.com\\\/ecrt\\\/author\\\/kollage\\\/\"}]}<\/script>\n<!-- \/ Yoast SEO plugin. -->","yoast_head_json":{"title":"David Villarreal y Villavicencio triunfaron en la quinta y sexta etapa - ChasquiDeportivo","description":"Chasqui Deportivo | Informaci\u00f3n y comunicaci\u00f3n, reportajes, noticias, entrevistas en el \u00e1rea del deporte local, nacional.","robots":{"index":"index","follow":"follow","max-snippet":"max-snippet:-1","max-image-preview":"max-image-preview:large","max-video-preview":"max-video-preview:-1"},"canonical":"https:\/\/chasquideportivo.com\/ecrt\/david-villarreal-y-villavicencio-triunfaron-en-la-quinta-y-sexta-etapa\/","og_locale":"es_ES","og_type":"article","og_title":"David Villarreal y Villavicencio triunfaron en la quinta y sexta etapa - ChasquiDeportivo","og_description":"Chasqui Deportivo | Informaci\u00f3n y comunicaci\u00f3n, reportajes, noticias, entrevistas en el \u00e1rea del deporte local, nacional.","og_url":"https:\/\/chasquideportivo.com\/ecrt\/david-villarreal-y-villavicencio-triunfaron-en-la-quinta-y-sexta-etapa\/","og_site_name":"ChasquiDeportivo","article_publisher":"https:\/\/www.facebook.com\/chasquideportivo","article_published_time":"2021-03-20T20:43:58+00:00","article_modified_time":"2021-03-20T20:56:13+00:00","author":"kollage","twitter_card":"summary_large_image","twitter_creator":"@chasquidep","twitter_site":"@chasquidep","twitter_misc":{"Escrito por":"kollage","Tiempo de lectura":"1 minuto"},"schema":{"@context":"https:\/\/schema.org","@graph":[{"@type":"Article","@id":"https:\/\/chasquideportivo.com\/ecrt\/david-villarreal-y-villavicencio-triunfaron-en-la-quinta-y-sexta-etapa\/#article","isPartOf":{"@id":"https:\/\/chasquideportivo.com\/ecrt\/david-villarreal-y-villavicencio-triunfaron-en-la-quinta-y-sexta-etapa\/"},"author":{"name":"kollage","@id":"https:\/\/chasquideportivo.com\/ecrt\/#\/schema\/person\/d9e229fabae4c1e3f82cf66d802ca7b6"},"headline":"David Villarreal y Villavicencio triunfaron en la quinta y sexta etapa","datePublished":"2021-03-20T20:43:58+00:00","dateModified":"2021-03-20T20:56:13+00:00","mainEntityOfPage":{"@id":"https:\/\/chasquideportivo.com\/ecrt\/david-villarreal-y-villavicencio-triunfaron-en-la-quinta-y-sexta-etapa\/"},"wordCount":240,"commentCount":0,"publisher":{"@id":"https:\/\/chasquideportivo.com\/ecrt\/#organization"},"keywords":["actividad deportiva","amateur","azuay","barriales ecuador","chasqui","deporte","deporte ecuatoriano","deportistas","deportivo","deportivos","dirigentcia","dirigentes","ecuador","ecuatorianas","ecuatoriano","ecuatorianos","esmeraldas","guayaquil","ibarra","manab\u00ed","no profesional","pa\u00eds","quito","tulc\u00e1n"],"articleSection":["Marcador"],"inLanguage":"es","potentialAction":[{"@type":"CommentAction","name":"Comment","target":["https:\/\/chasquideportivo.com\/ecrt\/david-villarreal-y-villavicencio-triunfaron-en-la-quinta-y-sexta-etapa\/#respond"]}]},{"@type":"WebPage","@id":"https:\/\/chasquideportivo.com\/ecrt\/david-villarreal-y-villavicencio-triunfaron-en-la-quinta-y-sexta-etapa\/","url":"https:\/\/chasquideportivo.com\/ecrt\/david-villarreal-y-villavicencio-triunfaron-en-la-quinta-y-sexta-etapa\/","name":"David Villarreal y Villavicencio triunfaron en la quinta y sexta etapa - ChasquiDeportivo","isPartOf":{"@id":"https:\/\/chasquideportivo.com\/ecrt\/#website"},"datePublished":"2021-03-20T20:43:58+00:00","dateModified":"2021-03-20T20:56:13+00:00","description":"Chasqui Deportivo | Informaci\u00f3n y comunicaci\u00f3n, reportajes, noticias, entrevistas en el \u00e1rea del deporte local, nacional.","breadcrumb":{"@id":"https:\/\/chasquideportivo.com\/ecrt\/david-villarreal-y-villavicencio-triunfaron-en-la-quinta-y-sexta-etapa\/#breadcrumb"},"inLanguage":"es","potentialAction":[{"@type":"ReadAction","target":["https:\/\/chasquideportivo.com\/ecrt\/david-villarreal-y-villavicencio-triunfaron-en-la-quinta-y-sexta-etapa\/"]}]},{"@type":"BreadcrumbList","@id":"https:\/\/chasquideportivo.com\/ecrt\/david-villarreal-y-villavicencio-triunfaron-en-la-quinta-y-sexta-etapa\/#breadcrumb","itemListElement":[{"@type":"ListItem","position":1,"name":"Portada | Chasqui Deportivo","item":"https:\/\/chasquideportivo.com\/ecrt\/"},{"@type":"ListItem","position":2,"name":"Archivo","item":"https:\/\/chasquideportivo.com\/ecrt\/category\/archivo\/"},{"@type":"ListItem","position":3,"name":"Marcador","item":"https:\/\/chasquideportivo.com\/ecrt\/category\/archivo\/marcador-2\/"},{"@type":"ListItem","position":4,"name":"David Villarreal y Villavicencio triunfaron en la quinta y sexta etapa"}]},{"@type":"WebSite","@id":"https:\/\/chasquideportivo.com\/ecrt\/#website","url":"https:\/\/chasquideportivo.com\/ecrt\/","name":"ChasquiDeportivo","description":"Informaci&oacute;n y comunicaci&oacute;n, reportajes, noticias, entrevistas en el &aacute;rea del deporte local, nacional.","publisher":{"@id":"https:\/\/chasquideportivo.com\/ecrt\/#organization"},"potentialAction":[{"@type":"SearchAction","target":{"@type":"EntryPoint","urlTemplate":"https:\/\/chasquideportivo.com\/ecrt\/?s={search_term_string}"},"query-input":{"@type":"PropertyValueSpecification","valueRequired":true,"valueName":"search_term_string"}}],"inLanguage":"es"},{"@type":"Organization","@id":"https:\/\/chasquideportivo.com\/ecrt\/#organization","name":"Chasqui Deportivo","url":"https:\/\/chasquideportivo.com\/ecrt\/","logo":{"@type":"ImageObject","inLanguage":"es","@id":"https:\/\/chasquideportivo.com\/ecrt\/#\/schema\/logo\/image\/","url":"https:\/\/chasquideportivo.com\/ecrt\/wp-content\/uploads\/2022\/01\/logo-vertical.jpg","contentUrl":"https:\/\/chasquideportivo.com\/ecrt\/wp-content\/uploads\/2022\/01\/logo-vertical.jpg","width":612,"height":750,"caption":"Chasqui Deportivo"},"image":{"@id":"https:\/\/chasquideportivo.com\/ecrt\/#\/schema\/logo\/image\/"},"sameAs":["https:\/\/www.facebook.com\/chasquideportivo","https:\/\/x.com\/chasquidep","https:\/\/www.instagram.com\/chasquideportivo.ec","https:\/\/www.youtube.com\/channel\/UCGY8M-csHuxJuGRt4XrV90Q"]},{"@type":"Person","@id":"https:\/\/chasquideportivo.com\/ecrt\/#\/schema\/person\/d9e229fabae4c1e3f82cf66d802ca7b6","name":"kollage","image":{"@type":"ImageObject","inLanguage":"es","@id":"https:\/\/secure.gravatar.com\/avatar\/69b5388bf21dfca5434ca100f351036f1fbff72ba519ef8157b31bcc7fbfbb18?s=96&d=mm&r=g","url":"https:\/\/secure.gravatar.com\/avatar\/69b5388bf21dfca5434ca100f351036f1fbff72ba519ef8157b31bcc7fbfbb18?s=96&d=mm&r=g","contentUrl":"https:\/\/secure.gravatar.com\/avatar\/69b5388bf21dfca5434ca100f351036f1fbff72ba519ef8157b31bcc7fbfbb18?s=96&d=mm&r=g","caption":"kollage"},"sameAs":["https:\/\/chasquideportivo.com\/ecrt"],"url":"https:\/\/chasquideportivo.com\/ecrt\/author\/kollage\/"}]}},"_links":{"self":[{"href":"https:\/\/chasquideportivo.com\/ecrt\/wp-json\/wp\/v2\/posts\/7137","targetHints":{"allow":["GET"]}}],"collection":[{"href":"https:\/\/chasquideportivo.com\/ecrt\/wp-json\/wp\/v2\/posts"}],"about":[{"href":"https:\/\/chasquideportivo.com\/ecrt\/wp-json\/wp\/v2\/types\/post"}],"author":[{"embeddable":true,"href":"https:\/\/chasquideportivo.com\/ecrt\/wp-json\/wp\/v2\/users\/1"}],"replies":[{"embeddable":true,"href":"https:\/\/chasquideportivo.com\/ecrt\/wp-json\/wp\/v2\/comments?post=7137"}],"version-history":[{"count":1,"href":"https:\/\/chasquideportivo.com\/ecrt\/wp-json\/wp\/v2\/posts\/7137\/revisions"}],"predecessor-version":[{"id":7535,"href":"https:\/\/chasquideportivo.com\/ecrt\/wp-json\/wp\/v2\/posts\/7137\/revisions\/7535"}],"wp:attachment":[{"href":"https:\/\/chasquideportivo.com\/ecrt\/wp-json\/wp\/v2\/media?parent=7137"}],"wp:term":[{"taxonomy":"category","embeddable":true,"href":"https:\/\/chasquideportivo.com\/ecrt\/wp-json\/wp\/v2\/categories?post=7137"},{"taxonomy":"post_tag","embeddable":true,"href":"https:\/\/chasquideportivo.com\/ecrt\/wp-json\/wp\/v2\/tags?post=7137"}],"curies":[{"name":"wp","href":"https:\/\/api.w.org\/{rel}","templated":true}]}}