{"id":7127,"date":"2021-03-20T20:43:54","date_gmt":"2021-03-20T20:43:54","guid":{"rendered":"https:\/\/chasquideportivo.com\/ecrt\/2021\/03\/20\/ecuador-se-ubico-en-el-septimo-lugar-a-nivel-iberoamericano\/"},"modified":"2021-03-20T20:56:14","modified_gmt":"2021-03-20T20:56:14","slug":"ecuador-se-ubico-en-el-septimo-lugar-a-nivel-iberoamericano","status":"publish","type":"post","link":"https:\/\/chasquideportivo.com\/ecrt\/ecuador-se-ubico-en-el-septimo-lugar-a-nivel-iberoamericano\/","title":{"rendered":"Ecuador se ubic\u00f3 en el s\u00e9ptimo lugar a nivel Iberoamericano"},"content":{"rendered":"<p>El&nbsp;<strong>XVIII&nbsp;<a href=\"https:\/\/es.wikipedia.org\/wiki\/Campeonato_Iberoamericano_de_Atletismo\">Campeonato Iberoamericano de Atletismo<\/a><\/strong>&nbsp;se celebr\u00f3 en la ciudad de&nbsp;<a href=\"https:\/\/es.wikipedia.org\/wiki\/Trujillo_(Per%C3%BA)\">Trujillo<\/a>&nbsp;(<a href=\"https:\/\/es.wikipedia.org\/wiki\/Per%C3%BA\">Per\u00fa<\/a>) del&nbsp;<a href=\"https:\/\/es.wikipedia.org\/wiki\/24_de_agosto\">24<\/a>&nbsp;al&nbsp;<a href=\"https:\/\/es.wikipedia.org\/wiki\/26_de_agosto\">26 de agosto<\/a>&nbsp;de&nbsp;<a href=\"https:\/\/es.wikipedia.org\/wiki\/2018\">2018<\/a>. &nbsp;<strong>Campeonato Iberoamericano de Atletismo<\/strong>&nbsp;es una competici\u00f3n de&nbsp;<a href=\"https:\/\/es.wikipedia.org\/wiki\/Atletismo\">atletismo<\/a>&nbsp;a nivel de selecciones nacionales que se disputa cada dos a\u00f1os entre pa\u00edses&nbsp;<a href=\"https:\/\/es.wikipedia.org\/wiki\/Iberoam%C3%A9rica\">iberoamericanos<\/a>&nbsp;adem\u00e1s de&nbsp;<a href=\"https:\/\/es.wikipedia.org\/wiki\/Andorra\">Andorra<\/a>&nbsp;y de los pa\u00edses&nbsp;<a href=\"https:\/\/es.wikipedia.org\/wiki\/%C3%81frica\">africanos<\/a>&nbsp;donde la lengua oficial es el&nbsp;<a href=\"https:\/\/es.wikipedia.org\/wiki\/Idioma_espa%C3%B1ol\">espa\u00f1ol<\/a>. \u200b<\/p>\n<p>La idea de este concurso se produjo en 1982 cuando la Asociaci\u00f3n Iberoamericana de Atletismo (AIA) se form\u00f3 oficialmente en Madrid con 22 pa\u00edses como signatarios. Despu\u00e9s de la aprobaci\u00f3n oficial por parte de la Asociaci\u00f3n internacional de Federaciones de Atletismo (<a href=\"https:\/\/es.wikipedia.org\/wiki\/IAAF\">IAAF<\/a>), la AIA estableci\u00f3 las normativas de los Campeonatos Iberoamericanos, cuya primera edici\u00f3n tuvo lugar en Barcelona, Espa\u00f1a, en 1983<\/p>\n<p>Medallero<\/p>\n<table>\n<thead>\n<tr>\n<td>\n<p><strong>#<\/strong><\/p>\n<\/td>\n<td>\n<p><strong>Pa\u00eds<\/strong><\/p>\n<\/td>\n<td>&nbsp;<\/td>\n<td>&nbsp;<\/td>\n<td>&nbsp;<\/td>\n<td>\n<p><strong>Total<\/strong><\/p>\n<\/td>\n<\/tr>\n<\/thead>\n<tbody>\n<tr>\n<td>\n<p><strong>1<\/strong><\/p>\n<\/td>\n<td>\n<p>&nbsp;<a href=\"https:\/\/es.wikipedia.org\/wiki\/Brasil\">Brasil<\/a>&nbsp;(BRA)<\/p>\n<\/td>\n<td>\n<p>18<\/p>\n<\/td>\n<td>\n<p>10<\/p>\n<\/td>\n<td>\n<p>6<\/p>\n<\/td>\n<td>\n<p>34<\/p>\n<\/td>\n<\/tr>\n<tr>\n<td>\n<p><strong>2<\/strong><\/p>\n<\/td>\n<td>\n<p>&nbsp;<a href=\"https:\/\/es.wikipedia.org\/wiki\/Colombia\">Colombia<\/a>&nbsp;(COL)<\/p>\n<\/td>\n<td>\n<p>6<\/p>\n<\/td>\n<td>\n<p>0<\/p>\n<\/td>\n<td>\n<p>2<\/p>\n<\/td>\n<td>\n<p>8<\/p>\n<\/td>\n<\/tr>\n<tr>\n<td>\n<p><strong>3<\/strong><\/p>\n<\/td>\n<td>\n<p>&nbsp;<a href=\"https:\/\/es.wikipedia.org\/wiki\/Espa%C3%B1a\">Espa\u00f1a<\/a>&nbsp;(ESP)<\/p>\n<\/td>\n<td>\n<p>5<\/p>\n<\/td>\n<td>\n<p>6<\/p>\n<\/td>\n<td>\n<p>7<\/p>\n<\/td>\n<td>\n<p>18<\/p>\n<\/td>\n<\/tr>\n<tr>\n<td>\n<p><strong>4<\/strong><\/p>\n<\/td>\n<td>\n<p>&nbsp;<a href=\"https:\/\/es.wikipedia.org\/wiki\/Per%C3%BA\">Per\u00fa<\/a>&nbsp;(PER)<\/p>\n<\/td>\n<td>\n<p>4<\/p>\n<\/td>\n<td>\n<p>4<\/p>\n<\/td>\n<td>\n<p>8<\/p>\n<\/td>\n<td>\n<p>16<\/p>\n<\/td>\n<\/tr>\n<tr>\n<td>\n<p><strong>5<\/strong><\/p>\n<\/td>\n<td>\n<p>&nbsp;<a href=\"https:\/\/es.wikipedia.org\/wiki\/Argentina\">Argentina<\/a>&nbsp;(ARG)<\/p>\n<\/td>\n<td>\n<p>3<\/p>\n<\/td>\n<td>\n<p>4<\/p>\n<\/td>\n<td>\n<p>5<\/p>\n<\/td>\n<td>\n<p>12<\/p>\n<\/td>\n<\/tr>\n<tr>\n<td>\n<p><strong>6<\/strong><\/p>\n<\/td>\n<td>\n<p>&nbsp;<a href=\"https:\/\/es.wikipedia.org\/wiki\/Portugal\">Portugal<\/a>&nbsp;(POR)<\/p>\n<\/td>\n<td>\n<p>2<\/p>\n<\/td>\n<td>\n<p>2<\/p>\n<\/td>\n<td>\n<p>2<\/p>\n<\/td>\n<td>\n<p>6<\/p>\n<\/td>\n<\/tr>\n<tr>\n<td>\n<p><strong>7<\/strong><\/p>\n<\/td>\n<td>\n<p>&nbsp;<a href=\"https:\/\/es.wikipedia.org\/wiki\/Ecuador\">Ecuador<\/a>&nbsp;(ECU)<\/p>\n<\/td>\n<td>\n<p>1<\/p>\n<\/td>\n<td>\n<p>5<\/p>\n<\/td>\n<td>\n<p>3<\/p>\n<\/td>\n<td>\n<p>9<\/p>\n<\/td>\n<\/tr>\n<tr>\n<td>\n<p><strong>8<\/strong><\/p>\n<\/td>\n<td>\n<p>&nbsp;<a href=\"https:\/\/es.wikipedia.org\/wiki\/Costa_Rica\">Costa Rica<\/a>&nbsp;(CRC)<\/p>\n<\/td>\n<td>\n<p>1<\/p>\n<\/td>\n<td>\n<p>3<\/p>\n<\/td>\n<td>\n<p>2<\/p>\n<\/td>\n<td>\n<p>6<\/p>\n<\/td>\n<\/tr>\n<tr>\n<td>\n<p><strong>9<\/strong><\/p>\n<\/td>\n<td>\n<p>&nbsp;<a href=\"https:\/\/es.wikipedia.org\/wiki\/Uruguay\">Uruguay<\/a>&nbsp;(URU)<\/p>\n<\/td>\n<td>\n<p>1<\/p>\n<\/td>\n<td>\n<p>3<\/p>\n<\/td>\n<td>\n<p>1<\/p>\n<\/td>\n<td>\n<p>5<\/p>\n<\/td>\n<\/tr>\n<tr>\n<td>\n<p><strong>10<\/strong><\/p>\n<\/td>\n<td>\n<p>&nbsp;<a href=\"https:\/\/es.wikipedia.org\/wiki\/Chile\">Chile<\/a>&nbsp;(CHI)<\/p>\n<\/td>\n<td>\n<p>1<\/p>\n<\/td>\n<td>\n<p>2<\/p>\n<\/td>\n<td>\n<p>2<\/p>\n<\/td>\n<td>\n<p>5<\/p>\n<\/td>\n<\/tr>\n<tr>\n<td>\n<p><strong>11<\/strong><\/p>\n<\/td>\n<td>\n<p>&nbsp;<a href=\"https:\/\/es.wikipedia.org\/wiki\/Paraguay\">Paraguay<\/a>&nbsp;(PAR)<\/p>\n<\/td>\n<td>\n<p>1<\/p>\n<\/td>\n<td>\n<p>1<\/p>\n<\/td>\n<td>\n<p>1<\/p>\n<\/td>\n<td>\n<p>3<\/p>\n<\/td>\n<\/tr>\n<tr>\n<td>\n<p><strong>12<\/strong><\/p>\n<\/td>\n<td>\n<p>&nbsp;<a href=\"https:\/\/es.wikipedia.org\/wiki\/Cuba\">Cuba<\/a>&nbsp;(CUB)<\/p>\n<\/td>\n<td>\n<p>1<\/p>\n<\/td>\n<td>\n<p>0<\/p>\n<\/td>\n<td>\n<p>2<\/p>\n<\/td>\n<td>\n<p>3<\/p>\n<\/td>\n<\/tr>\n<tr>\n<td>\n<p><strong>13<\/strong><\/p>\n<\/td>\n<td>\n<p>&nbsp;<a href=\"https:\/\/es.wikipedia.org\/wiki\/Puerto_Rico\">Puerto Rico<\/a>&nbsp;(PUR)<\/p>\n<\/td>\n<td>\n<p>0<\/p>\n<\/td>\n<td>\n<p>2<\/p>\n<\/td>\n<td>\n<p>1<\/p>\n<\/td>\n<td>\n<p>3<\/p>\n<\/td>\n<\/tr>\n<tr>\n<td>\n<p><strong>14<\/strong><\/p>\n<\/td>\n<td>\n<p>&nbsp;<a href=\"https:\/\/es.wikipedia.org\/wiki\/Venezuela\">Venezuela<\/a>&nbsp;(VEN)<\/p>\n<\/td>\n<td>\n<p>0<\/p>\n<\/td>\n<td>\n<p>2<\/p>\n<\/td>\n<td>\n<p>0<\/p>\n<\/td>\n<td>\n<p>2<\/p>\n<\/td>\n<\/tr>\n<tr>\n<td>\n<p><strong>15<\/strong><\/p>\n<\/td>\n<td>\n<p>&nbsp;<a href=\"https:\/\/es.wikipedia.org\/wiki\/Bolivia\">Bolivia<\/a>&nbsp;(BOL)<\/p>\n<\/td>\n<td>\n<p>0<\/p>\n<\/td>\n<td>\n<p>0<\/p>\n<\/td>\n<td>\n<p>1<\/p>\n<\/td>\n<td>\n<p>1<\/p>\n<\/td>\n<\/tr>\n<\/tbody>\n<\/table>\n<p>2018-08-28 15:02:07<\/p>\n","protected":false},"excerpt":{"rendered":"<p>El&nbsp;XVIII&nbsp;Campeonato Iberoamericano de Atletismo&nbsp;se celebr\u00f3 en la ciudad de&nbsp;Trujillo&nbsp;(Per\u00fa) del&nbsp;24&nbsp;al&nbsp;26 de agosto&nbsp;de&nbsp;2018. &nbsp;Campeonato Iberoamericano de Atletismo&nbsp;es una competici\u00f3n de&nbsp;atletismo&nbsp;a nivel de selecciones nacionales que se disputa cada dos a\u00f1os entre pa\u00edses&nbsp;iberoamericanos&nbsp;adem\u00e1s de&nbsp;Andorra&nbsp;y de los pa\u00edses&nbsp;africanos&nbsp;donde la lengua oficial es el&nbsp;espa\u00f1ol. \u200b La idea de este concurso se produjo en 1982 cuando la Asociaci\u00f3n Iberoamericana de [&hellip;]<\/p>\n","protected":false},"author":1,"featured_media":0,"comment_status":"open","ping_status":"open","sticky":false,"template":"","format":"standard","meta":{"_et_pb_use_builder":"","_et_pb_old_content":"","_et_gb_content_width":"","footnotes":""},"categories":[43],"tags":[39,53,50,46,20,24,44,38,21,41,40,3,6,31,25,42,48,47,49,51,45,33,32,52],"class_list":["post-7127","post","type-post","status-publish","format-standard","hentry","category-marcador-2","tag-actividad-deportiva","tag-amateur","tag-azuay","tag-barriales-ecuador","tag-chasqui","tag-deporte","tag-deporte-ecuatoriano","tag-deportistas","tag-deportivo","tag-deportivos","tag-dirigentcia","tag-dirigentes","tag-ecuador","tag-ecuatorianas","tag-ecuatoriano","tag-ecuatorianos","tag-esmeraldas","tag-guayaquil","tag-ibarra","tag-manabi","tag-no-profesional","tag-pais","tag-quito","tag-tulcan"],"yoast_head":"<!-- This site is optimized with the Yoast SEO plugin v27.4 - https:\/\/yoast.com\/product\/yoast-seo-wordpress\/ -->\n<title>Ecuador se ubic\u00f3 en el s\u00e9ptimo lugar a nivel Iberoamericano - ChasquiDeportivo<\/title>\n<meta name=\"description\" content=\"Chasqui Deportivo | Informaci\u00f3n y comunicaci\u00f3n, reportajes, noticias, entrevistas en el \u00e1rea del deporte local, nacional.\" \/>\n<meta name=\"robots\" content=\"index, follow, max-snippet:-1, max-image-preview:large, max-video-preview:-1\" \/>\n<link rel=\"canonical\" href=\"https:\/\/chasquideportivo.com\/ecrt\/ecuador-se-ubico-en-el-septimo-lugar-a-nivel-iberoamericano\/\" \/>\n<meta property=\"og:locale\" content=\"es_ES\" \/>\n<meta property=\"og:type\" content=\"article\" \/>\n<meta property=\"og:title\" content=\"Ecuador se ubic\u00f3 en el s\u00e9ptimo lugar a nivel Iberoamericano - ChasquiDeportivo\" \/>\n<meta property=\"og:description\" content=\"Chasqui Deportivo | Informaci\u00f3n y comunicaci\u00f3n, reportajes, noticias, entrevistas en el \u00e1rea del deporte local, nacional.\" \/>\n<meta property=\"og:url\" content=\"https:\/\/chasquideportivo.com\/ecrt\/ecuador-se-ubico-en-el-septimo-lugar-a-nivel-iberoamericano\/\" \/>\n<meta property=\"og:site_name\" content=\"ChasquiDeportivo\" \/>\n<meta property=\"article:publisher\" content=\"https:\/\/www.facebook.com\/chasquideportivo\" \/>\n<meta property=\"article:published_time\" content=\"2021-03-20T20:43:54+00:00\" \/>\n<meta property=\"article:modified_time\" content=\"2021-03-20T20:56:14+00:00\" \/>\n<meta name=\"author\" content=\"kollage\" \/>\n<meta name=\"twitter:card\" content=\"summary_large_image\" \/>\n<meta name=\"twitter:creator\" content=\"@chasquidep\" \/>\n<meta name=\"twitter:site\" content=\"@chasquidep\" \/>\n<meta name=\"twitter:label1\" content=\"Escrito por\" \/>\n\t<meta name=\"twitter:data1\" content=\"kollage\" \/>\n\t<meta name=\"twitter:label2\" content=\"Tiempo de lectura\" \/>\n\t<meta name=\"twitter:data2\" content=\"1 minuto\" \/>\n<script type=\"application\/ld+json\" class=\"yoast-schema-graph\">{\"@context\":\"https:\\\/\\\/schema.org\",\"@graph\":[{\"@type\":\"Article\",\"@id\":\"https:\\\/\\\/chasquideportivo.com\\\/ecrt\\\/ecuador-se-ubico-en-el-septimo-lugar-a-nivel-iberoamericano\\\/#article\",\"isPartOf\":{\"@id\":\"https:\\\/\\\/chasquideportivo.com\\\/ecrt\\\/ecuador-se-ubico-en-el-septimo-lugar-a-nivel-iberoamericano\\\/\"},\"author\":{\"name\":\"kollage\",\"@id\":\"https:\\\/\\\/chasquideportivo.com\\\/ecrt\\\/#\\\/schema\\\/person\\\/d9e229fabae4c1e3f82cf66d802ca7b6\"},\"headline\":\"Ecuador se ubic\u00f3 en el s\u00e9ptimo lugar a nivel Iberoamericano\",\"datePublished\":\"2021-03-20T20:43:54+00:00\",\"dateModified\":\"2021-03-20T20:56:14+00:00\",\"mainEntityOfPage\":{\"@id\":\"https:\\\/\\\/chasquideportivo.com\\\/ecrt\\\/ecuador-se-ubico-en-el-septimo-lugar-a-nivel-iberoamericano\\\/\"},\"wordCount\":232,\"commentCount\":0,\"publisher\":{\"@id\":\"https:\\\/\\\/chasquideportivo.com\\\/ecrt\\\/#organization\"},\"keywords\":[\"actividad deportiva\",\"amateur\",\"azuay\",\"barriales ecuador\",\"chasqui\",\"deporte\",\"deporte ecuatoriano\",\"deportistas\",\"deportivo\",\"deportivos\",\"dirigentcia\",\"dirigentes\",\"ecuador\",\"ecuatorianas\",\"ecuatoriano\",\"ecuatorianos\",\"esmeraldas\",\"guayaquil\",\"ibarra\",\"manab\u00ed\",\"no profesional\",\"pa\u00eds\",\"quito\",\"tulc\u00e1n\"],\"articleSection\":[\"Marcador\"],\"inLanguage\":\"es\",\"potentialAction\":[{\"@type\":\"CommentAction\",\"name\":\"Comment\",\"target\":[\"https:\\\/\\\/chasquideportivo.com\\\/ecrt\\\/ecuador-se-ubico-en-el-septimo-lugar-a-nivel-iberoamericano\\\/#respond\"]}]},{\"@type\":\"WebPage\",\"@id\":\"https:\\\/\\\/chasquideportivo.com\\\/ecrt\\\/ecuador-se-ubico-en-el-septimo-lugar-a-nivel-iberoamericano\\\/\",\"url\":\"https:\\\/\\\/chasquideportivo.com\\\/ecrt\\\/ecuador-se-ubico-en-el-septimo-lugar-a-nivel-iberoamericano\\\/\",\"name\":\"Ecuador se ubic\u00f3 en el s\u00e9ptimo lugar a nivel Iberoamericano - ChasquiDeportivo\",\"isPartOf\":{\"@id\":\"https:\\\/\\\/chasquideportivo.com\\\/ecrt\\\/#website\"},\"datePublished\":\"2021-03-20T20:43:54+00:00\",\"dateModified\":\"2021-03-20T20:56:14+00:00\",\"description\":\"Chasqui Deportivo | Informaci\u00f3n y comunicaci\u00f3n, reportajes, noticias, entrevistas en el \u00e1rea del deporte local, nacional.\",\"breadcrumb\":{\"@id\":\"https:\\\/\\\/chasquideportivo.com\\\/ecrt\\\/ecuador-se-ubico-en-el-septimo-lugar-a-nivel-iberoamericano\\\/#breadcrumb\"},\"inLanguage\":\"es\",\"potentialAction\":[{\"@type\":\"ReadAction\",\"target\":[\"https:\\\/\\\/chasquideportivo.com\\\/ecrt\\\/ecuador-se-ubico-en-el-septimo-lugar-a-nivel-iberoamericano\\\/\"]}]},{\"@type\":\"BreadcrumbList\",\"@id\":\"https:\\\/\\\/chasquideportivo.com\\\/ecrt\\\/ecuador-se-ubico-en-el-septimo-lugar-a-nivel-iberoamericano\\\/#breadcrumb\",\"itemListElement\":[{\"@type\":\"ListItem\",\"position\":1,\"name\":\"Portada | Chasqui Deportivo\",\"item\":\"https:\\\/\\\/chasquideportivo.com\\\/ecrt\\\/\"},{\"@type\":\"ListItem\",\"position\":2,\"name\":\"Archivo\",\"item\":\"https:\\\/\\\/chasquideportivo.com\\\/ecrt\\\/category\\\/archivo\\\/\"},{\"@type\":\"ListItem\",\"position\":3,\"name\":\"Marcador\",\"item\":\"https:\\\/\\\/chasquideportivo.com\\\/ecrt\\\/category\\\/archivo\\\/marcador-2\\\/\"},{\"@type\":\"ListItem\",\"position\":4,\"name\":\"Ecuador se ubic\u00f3 en el s\u00e9ptimo lugar a nivel Iberoamericano\"}]},{\"@type\":\"WebSite\",\"@id\":\"https:\\\/\\\/chasquideportivo.com\\\/ecrt\\\/#website\",\"url\":\"https:\\\/\\\/chasquideportivo.com\\\/ecrt\\\/\",\"name\":\"ChasquiDeportivo\",\"description\":\"Informaci&oacute;n y comunicaci&oacute;n, reportajes, noticias, entrevistas en el &aacute;rea del deporte local, nacional.\",\"publisher\":{\"@id\":\"https:\\\/\\\/chasquideportivo.com\\\/ecrt\\\/#organization\"},\"potentialAction\":[{\"@type\":\"SearchAction\",\"target\":{\"@type\":\"EntryPoint\",\"urlTemplate\":\"https:\\\/\\\/chasquideportivo.com\\\/ecrt\\\/?s={search_term_string}\"},\"query-input\":{\"@type\":\"PropertyValueSpecification\",\"valueRequired\":true,\"valueName\":\"search_term_string\"}}],\"inLanguage\":\"es\"},{\"@type\":\"Organization\",\"@id\":\"https:\\\/\\\/chasquideportivo.com\\\/ecrt\\\/#organization\",\"name\":\"Chasqui Deportivo\",\"url\":\"https:\\\/\\\/chasquideportivo.com\\\/ecrt\\\/\",\"logo\":{\"@type\":\"ImageObject\",\"inLanguage\":\"es\",\"@id\":\"https:\\\/\\\/chasquideportivo.com\\\/ecrt\\\/#\\\/schema\\\/logo\\\/image\\\/\",\"url\":\"https:\\\/\\\/chasquideportivo.com\\\/ecrt\\\/wp-content\\\/uploads\\\/2022\\\/01\\\/logo-vertical.jpg\",\"contentUrl\":\"https:\\\/\\\/chasquideportivo.com\\\/ecrt\\\/wp-content\\\/uploads\\\/2022\\\/01\\\/logo-vertical.jpg\",\"width\":612,\"height\":750,\"caption\":\"Chasqui Deportivo\"},\"image\":{\"@id\":\"https:\\\/\\\/chasquideportivo.com\\\/ecrt\\\/#\\\/schema\\\/logo\\\/image\\\/\"},\"sameAs\":[\"https:\\\/\\\/www.facebook.com\\\/chasquideportivo\",\"https:\\\/\\\/x.com\\\/chasquidep\",\"https:\\\/\\\/www.instagram.com\\\/chasquideportivo.ec\",\"https:\\\/\\\/www.youtube.com\\\/channel\\\/UCGY8M-csHuxJuGRt4XrV90Q\"]},{\"@type\":\"Person\",\"@id\":\"https:\\\/\\\/chasquideportivo.com\\\/ecrt\\\/#\\\/schema\\\/person\\\/d9e229fabae4c1e3f82cf66d802ca7b6\",\"name\":\"kollage\",\"image\":{\"@type\":\"ImageObject\",\"inLanguage\":\"es\",\"@id\":\"https:\\\/\\\/secure.gravatar.com\\\/avatar\\\/69b5388bf21dfca5434ca100f351036f1fbff72ba519ef8157b31bcc7fbfbb18?s=96&d=mm&r=g\",\"url\":\"https:\\\/\\\/secure.gravatar.com\\\/avatar\\\/69b5388bf21dfca5434ca100f351036f1fbff72ba519ef8157b31bcc7fbfbb18?s=96&d=mm&r=g\",\"contentUrl\":\"https:\\\/\\\/secure.gravatar.com\\\/avatar\\\/69b5388bf21dfca5434ca100f351036f1fbff72ba519ef8157b31bcc7fbfbb18?s=96&d=mm&r=g\",\"caption\":\"kollage\"},\"sameAs\":[\"https:\\\/\\\/chasquideportivo.com\\\/ecrt\"],\"url\":\"https:\\\/\\\/chasquideportivo.com\\\/ecrt\\\/author\\\/kollage\\\/\"}]}<\/script>\n<!-- \/ Yoast SEO plugin. -->","yoast_head_json":{"title":"Ecuador se ubic\u00f3 en el s\u00e9ptimo lugar a nivel Iberoamericano - ChasquiDeportivo","description":"Chasqui Deportivo | Informaci\u00f3n y comunicaci\u00f3n, reportajes, noticias, entrevistas en el \u00e1rea del deporte local, nacional.","robots":{"index":"index","follow":"follow","max-snippet":"max-snippet:-1","max-image-preview":"max-image-preview:large","max-video-preview":"max-video-preview:-1"},"canonical":"https:\/\/chasquideportivo.com\/ecrt\/ecuador-se-ubico-en-el-septimo-lugar-a-nivel-iberoamericano\/","og_locale":"es_ES","og_type":"article","og_title":"Ecuador se ubic\u00f3 en el s\u00e9ptimo lugar a nivel Iberoamericano - ChasquiDeportivo","og_description":"Chasqui Deportivo | Informaci\u00f3n y comunicaci\u00f3n, reportajes, noticias, entrevistas en el \u00e1rea del deporte local, nacional.","og_url":"https:\/\/chasquideportivo.com\/ecrt\/ecuador-se-ubico-en-el-septimo-lugar-a-nivel-iberoamericano\/","og_site_name":"ChasquiDeportivo","article_publisher":"https:\/\/www.facebook.com\/chasquideportivo","article_published_time":"2021-03-20T20:43:54+00:00","article_modified_time":"2021-03-20T20:56:14+00:00","author":"kollage","twitter_card":"summary_large_image","twitter_creator":"@chasquidep","twitter_site":"@chasquidep","twitter_misc":{"Escrito por":"kollage","Tiempo de lectura":"1 minuto"},"schema":{"@context":"https:\/\/schema.org","@graph":[{"@type":"Article","@id":"https:\/\/chasquideportivo.com\/ecrt\/ecuador-se-ubico-en-el-septimo-lugar-a-nivel-iberoamericano\/#article","isPartOf":{"@id":"https:\/\/chasquideportivo.com\/ecrt\/ecuador-se-ubico-en-el-septimo-lugar-a-nivel-iberoamericano\/"},"author":{"name":"kollage","@id":"https:\/\/chasquideportivo.com\/ecrt\/#\/schema\/person\/d9e229fabae4c1e3f82cf66d802ca7b6"},"headline":"Ecuador se ubic\u00f3 en el s\u00e9ptimo lugar a nivel Iberoamericano","datePublished":"2021-03-20T20:43:54+00:00","dateModified":"2021-03-20T20:56:14+00:00","mainEntityOfPage":{"@id":"https:\/\/chasquideportivo.com\/ecrt\/ecuador-se-ubico-en-el-septimo-lugar-a-nivel-iberoamericano\/"},"wordCount":232,"commentCount":0,"publisher":{"@id":"https:\/\/chasquideportivo.com\/ecrt\/#organization"},"keywords":["actividad deportiva","amateur","azuay","barriales ecuador","chasqui","deporte","deporte ecuatoriano","deportistas","deportivo","deportivos","dirigentcia","dirigentes","ecuador","ecuatorianas","ecuatoriano","ecuatorianos","esmeraldas","guayaquil","ibarra","manab\u00ed","no profesional","pa\u00eds","quito","tulc\u00e1n"],"articleSection":["Marcador"],"inLanguage":"es","potentialAction":[{"@type":"CommentAction","name":"Comment","target":["https:\/\/chasquideportivo.com\/ecrt\/ecuador-se-ubico-en-el-septimo-lugar-a-nivel-iberoamericano\/#respond"]}]},{"@type":"WebPage","@id":"https:\/\/chasquideportivo.com\/ecrt\/ecuador-se-ubico-en-el-septimo-lugar-a-nivel-iberoamericano\/","url":"https:\/\/chasquideportivo.com\/ecrt\/ecuador-se-ubico-en-el-septimo-lugar-a-nivel-iberoamericano\/","name":"Ecuador se ubic\u00f3 en el s\u00e9ptimo lugar a nivel Iberoamericano - ChasquiDeportivo","isPartOf":{"@id":"https:\/\/chasquideportivo.com\/ecrt\/#website"},"datePublished":"2021-03-20T20:43:54+00:00","dateModified":"2021-03-20T20:56:14+00:00","description":"Chasqui Deportivo | Informaci\u00f3n y comunicaci\u00f3n, reportajes, noticias, entrevistas en el \u00e1rea del deporte local, nacional.","breadcrumb":{"@id":"https:\/\/chasquideportivo.com\/ecrt\/ecuador-se-ubico-en-el-septimo-lugar-a-nivel-iberoamericano\/#breadcrumb"},"inLanguage":"es","potentialAction":[{"@type":"ReadAction","target":["https:\/\/chasquideportivo.com\/ecrt\/ecuador-se-ubico-en-el-septimo-lugar-a-nivel-iberoamericano\/"]}]},{"@type":"BreadcrumbList","@id":"https:\/\/chasquideportivo.com\/ecrt\/ecuador-se-ubico-en-el-septimo-lugar-a-nivel-iberoamericano\/#breadcrumb","itemListElement":[{"@type":"ListItem","position":1,"name":"Portada | Chasqui Deportivo","item":"https:\/\/chasquideportivo.com\/ecrt\/"},{"@type":"ListItem","position":2,"name":"Archivo","item":"https:\/\/chasquideportivo.com\/ecrt\/category\/archivo\/"},{"@type":"ListItem","position":3,"name":"Marcador","item":"https:\/\/chasquideportivo.com\/ecrt\/category\/archivo\/marcador-2\/"},{"@type":"ListItem","position":4,"name":"Ecuador se ubic\u00f3 en el s\u00e9ptimo lugar a nivel Iberoamericano"}]},{"@type":"WebSite","@id":"https:\/\/chasquideportivo.com\/ecrt\/#website","url":"https:\/\/chasquideportivo.com\/ecrt\/","name":"ChasquiDeportivo","description":"Informaci&oacute;n y comunicaci&oacute;n, reportajes, noticias, entrevistas en el &aacute;rea del deporte local, nacional.","publisher":{"@id":"https:\/\/chasquideportivo.com\/ecrt\/#organization"},"potentialAction":[{"@type":"SearchAction","target":{"@type":"EntryPoint","urlTemplate":"https:\/\/chasquideportivo.com\/ecrt\/?s={search_term_string}"},"query-input":{"@type":"PropertyValueSpecification","valueRequired":true,"valueName":"search_term_string"}}],"inLanguage":"es"},{"@type":"Organization","@id":"https:\/\/chasquideportivo.com\/ecrt\/#organization","name":"Chasqui Deportivo","url":"https:\/\/chasquideportivo.com\/ecrt\/","logo":{"@type":"ImageObject","inLanguage":"es","@id":"https:\/\/chasquideportivo.com\/ecrt\/#\/schema\/logo\/image\/","url":"https:\/\/chasquideportivo.com\/ecrt\/wp-content\/uploads\/2022\/01\/logo-vertical.jpg","contentUrl":"https:\/\/chasquideportivo.com\/ecrt\/wp-content\/uploads\/2022\/01\/logo-vertical.jpg","width":612,"height":750,"caption":"Chasqui Deportivo"},"image":{"@id":"https:\/\/chasquideportivo.com\/ecrt\/#\/schema\/logo\/image\/"},"sameAs":["https:\/\/www.facebook.com\/chasquideportivo","https:\/\/x.com\/chasquidep","https:\/\/www.instagram.com\/chasquideportivo.ec","https:\/\/www.youtube.com\/channel\/UCGY8M-csHuxJuGRt4XrV90Q"]},{"@type":"Person","@id":"https:\/\/chasquideportivo.com\/ecrt\/#\/schema\/person\/d9e229fabae4c1e3f82cf66d802ca7b6","name":"kollage","image":{"@type":"ImageObject","inLanguage":"es","@id":"https:\/\/secure.gravatar.com\/avatar\/69b5388bf21dfca5434ca100f351036f1fbff72ba519ef8157b31bcc7fbfbb18?s=96&d=mm&r=g","url":"https:\/\/secure.gravatar.com\/avatar\/69b5388bf21dfca5434ca100f351036f1fbff72ba519ef8157b31bcc7fbfbb18?s=96&d=mm&r=g","contentUrl":"https:\/\/secure.gravatar.com\/avatar\/69b5388bf21dfca5434ca100f351036f1fbff72ba519ef8157b31bcc7fbfbb18?s=96&d=mm&r=g","caption":"kollage"},"sameAs":["https:\/\/chasquideportivo.com\/ecrt"],"url":"https:\/\/chasquideportivo.com\/ecrt\/author\/kollage\/"}]}},"_links":{"self":[{"href":"https:\/\/chasquideportivo.com\/ecrt\/wp-json\/wp\/v2\/posts\/7127","targetHints":{"allow":["GET"]}}],"collection":[{"href":"https:\/\/chasquideportivo.com\/ecrt\/wp-json\/wp\/v2\/posts"}],"about":[{"href":"https:\/\/chasquideportivo.com\/ecrt\/wp-json\/wp\/v2\/types\/post"}],"author":[{"embeddable":true,"href":"https:\/\/chasquideportivo.com\/ecrt\/wp-json\/wp\/v2\/users\/1"}],"replies":[{"embeddable":true,"href":"https:\/\/chasquideportivo.com\/ecrt\/wp-json\/wp\/v2\/comments?post=7127"}],"version-history":[{"count":1,"href":"https:\/\/chasquideportivo.com\/ecrt\/wp-json\/wp\/v2\/posts\/7127\/revisions"}],"predecessor-version":[{"id":7544,"href":"https:\/\/chasquideportivo.com\/ecrt\/wp-json\/wp\/v2\/posts\/7127\/revisions\/7544"}],"wp:attachment":[{"href":"https:\/\/chasquideportivo.com\/ecrt\/wp-json\/wp\/v2\/media?parent=7127"}],"wp:term":[{"taxonomy":"category","embeddable":true,"href":"https:\/\/chasquideportivo.com\/ecrt\/wp-json\/wp\/v2\/categories?post=7127"},{"taxonomy":"post_tag","embeddable":true,"href":"https:\/\/chasquideportivo.com\/ecrt\/wp-json\/wp\/v2\/tags?post=7127"}],"curies":[{"name":"wp","href":"https:\/\/api.w.org\/{rel}","templated":true}]}}