{"id":7102,"date":"2021-03-20T20:43:53","date_gmt":"2021-03-20T20:43:53","guid":{"rendered":"https:\/\/chasquideportivo.com\/ecrt\/2021\/03\/20\/la-humildad-inyecta-al-triunfo\/"},"modified":"2021-03-20T20:57:01","modified_gmt":"2021-03-20T20:57:01","slug":"la-humildad-inyecta-al-triunfo","status":"publish","type":"post","link":"https:\/\/chasquideportivo.com\/ecrt\/la-humildad-inyecta-al-triunfo\/","title":{"rendered":"La humildad inyecta al triunfo"},"content":{"rendered":"<p>Richard Carapaz de origen humilde, con muchas necesidades pero con un coraz\u00f3n y esp\u00edritu de gladiador va superandose en el ciclismo, su pasi\u00f3n. La Playa, en Carchi, y en las carreteras de su provincia aprendi\u00f3 a chiclear ante climas adversos durante su juventud. En el Giro de Italia est\u00e1 poniendo en pr\u00e1ctica estas experiencias para alcanzar sus metas.<\/p>\n<p>Pedro Rodr\u00edguez \u201cEl \u00c1guila de Oro\u201d, otro grande del ciclismo nacional, calific\u00f3 de grande a su coterr\u00e1neo, por sus virtudes de deportista y de persona. La tradici\u00f3n, la referencia del ciclismo del vecino pa\u00eds de Colombia influyen para practicar este deporte, y quiz\u00e1 la dificultad para trasl\u00e1danos de nuestra localidad a otros sitios buscamos la forma de transportarnos; la bicicleta es el medio para ir de un lugar a otro\u201d, son aspectos que influyen.<\/p>\n<p>Un vez m\u00e1s se demuestra que deportistas de origen humilde demuestran sus capacidades y valores para salir adelante, dando una bofetada a las autoridades de turno que est\u00e1n en el deber de apoyar, pero que nunca llegan con un granito de arena a lugar de escasos recursos econ\u00f3micos, que viven en extrema pobreza para apoyar a talentos como el de Richard Carapaz.<\/p>\n<p>&nbsp;&nbsp;Jorge Montenegro, quien dirige la escuela de ciclismo formada por Carapaz. \u201cA los chicos les dijo que hab\u00eda que luchar y tambi\u00e9n que ellos podr\u00edan ganar en sus competencias. Y ahora lo demuestra con sus acciones\u201d, detall\u00f3 Montenegro. Pedro Rodr\u00edguez, otro de los hist\u00f3ricos ciclistas, elogi\u00f3 el trabajo de su coterr\u00e1neo. Pidi\u00f3 el apoyo para los ciclistas. (El Comercio)<\/p>\n<p>Era s\u00f3lo cuesti\u00f3n de tiempo. En 2017 se empez\u00f3 a hablar cada vez m\u00e1s de este joven corredor que hab\u00eda desembarcado en el Movistar Team. Las referencias eran impresionantes. Un escalador de los de siempre pero que ven\u00eda desde un pa\u00eds donde no suelen salir grandes estrellas a nivel mundial. Pero alg\u00fan d\u00eda ten\u00eda que suceder y Carapaz ya es un hecho. El corredor demostr\u00f3 el a\u00f1o pasado, en su primera temporada completa con la escuadra telef\u00f3nica, el porque &nbsp;de su fichaje. Fue cuarto en la Vuelta a Castilla y Le\u00f3n, segundo en la Ruta del Sur y 36\u00ba en la Vuelta a Espa\u00f1a, su primera gran vuelta con apenas 24 a\u00f1os. Una progresi\u00f3n que esta temporada deb\u00eda empezar a confirmarse. Y as\u00ed ha sido.<\/p>\n<p>Unzu\u00e9 y el resto de directores del equipo espa\u00f1ol lo tienen desde hace tiempo entre algodones. Saben que es la \u00faltima gran joya del equipo y quiere ir poco a poco, paso a paso. A fuego lento, como se hacen los grandes campeones. Pero parece que el ciclista tiene tanto talento que todo hace que suceda deprisa. Como hoy en el \u00faltimo puerto del d\u00eda, donde demostr\u00f3 un gran estado de forma que ya dej\u00f3 patente en la pasada Vuelta a Asturias, donde se llev\u00f3 la general. Antes, en la Par\u00eds-Niza, termin\u00f3 en 11\u00ba lugar y poco despu\u00e9s fue 3\u00ba en la Semana Coppi e Bartali. N\u00fameros que sirven para confirmar que lo de hoy no fue, ni mucho menos, casualidad. Carapaz llevaba meses avisando y hoy por fin alz\u00f3 la voz a nivel mundial para estrenarse en una gran vuelta y en su primer Giro de Italia para convertirse en el primer ecuatoriano en toda la historia que gana en una Grande.<\/p>\n<p>2018-05-14 13:57:16<\/p>\n","protected":false},"excerpt":{"rendered":"<p>Richard Carapaz de origen humilde, con muchas necesidades pero con un coraz\u00f3n y esp\u00edritu de gladiador va superandose en el ciclismo, su pasi\u00f3n. La Playa, en Carchi, y en las carreteras de su provincia aprendi\u00f3 a chiclear ante climas adversos durante su juventud. En el Giro de Italia est\u00e1 poniendo en pr\u00e1ctica estas experiencias para [&hellip;]<\/p>\n","protected":false},"author":1,"featured_media":0,"comment_status":"open","ping_status":"open","sticky":false,"template":"","format":"standard","meta":{"_et_pb_use_builder":"","_et_pb_old_content":"","_et_gb_content_width":"","footnotes":""},"categories":[43],"tags":[39,53,50,46,20,24,44,38,21,41,40,3,6,31,25,42,48,47,49,51,45,33,32,52],"class_list":["post-7102","post","type-post","status-publish","format-standard","hentry","category-marcador-2","tag-actividad-deportiva","tag-amateur","tag-azuay","tag-barriales-ecuador","tag-chasqui","tag-deporte","tag-deporte-ecuatoriano","tag-deportistas","tag-deportivo","tag-deportivos","tag-dirigentcia","tag-dirigentes","tag-ecuador","tag-ecuatorianas","tag-ecuatoriano","tag-ecuatorianos","tag-esmeraldas","tag-guayaquil","tag-ibarra","tag-manabi","tag-no-profesional","tag-pais","tag-quito","tag-tulcan"],"yoast_head":"<!-- This site is optimized with the Yoast SEO plugin v27.4 - https:\/\/yoast.com\/product\/yoast-seo-wordpress\/ -->\n<title>La humildad inyecta al triunfo - ChasquiDeportivo<\/title>\n<meta name=\"description\" content=\"Chasqui Deportivo | Informaci\u00f3n y comunicaci\u00f3n, reportajes, noticias, entrevistas en el \u00e1rea del deporte local, nacional.\" \/>\n<meta name=\"robots\" content=\"index, follow, max-snippet:-1, max-image-preview:large, max-video-preview:-1\" \/>\n<link rel=\"canonical\" href=\"https:\/\/chasquideportivo.com\/ecrt\/la-humildad-inyecta-al-triunfo\/\" \/>\n<meta property=\"og:locale\" content=\"es_ES\" \/>\n<meta property=\"og:type\" content=\"article\" \/>\n<meta property=\"og:title\" content=\"La humildad inyecta al triunfo - ChasquiDeportivo\" \/>\n<meta property=\"og:description\" content=\"Chasqui Deportivo | Informaci\u00f3n y comunicaci\u00f3n, reportajes, noticias, entrevistas en el \u00e1rea del deporte local, nacional.\" \/>\n<meta property=\"og:url\" content=\"https:\/\/chasquideportivo.com\/ecrt\/la-humildad-inyecta-al-triunfo\/\" \/>\n<meta property=\"og:site_name\" content=\"ChasquiDeportivo\" \/>\n<meta property=\"article:publisher\" content=\"https:\/\/www.facebook.com\/chasquideportivo\" \/>\n<meta property=\"article:published_time\" content=\"2021-03-20T20:43:53+00:00\" \/>\n<meta property=\"article:modified_time\" content=\"2021-03-20T20:57:01+00:00\" \/>\n<meta name=\"author\" content=\"kollage\" \/>\n<meta name=\"twitter:card\" content=\"summary_large_image\" \/>\n<meta name=\"twitter:creator\" content=\"@chasquidep\" \/>\n<meta name=\"twitter:site\" content=\"@chasquidep\" \/>\n<meta name=\"twitter:label1\" content=\"Escrito por\" \/>\n\t<meta name=\"twitter:data1\" content=\"kollage\" \/>\n\t<meta name=\"twitter:label2\" content=\"Tiempo de lectura\" \/>\n\t<meta name=\"twitter:data2\" content=\"3 minutos\" \/>\n<script type=\"application\/ld+json\" class=\"yoast-schema-graph\">{\"@context\":\"https:\\\/\\\/schema.org\",\"@graph\":[{\"@type\":\"Article\",\"@id\":\"https:\\\/\\\/chasquideportivo.com\\\/ecrt\\\/la-humildad-inyecta-al-triunfo\\\/#article\",\"isPartOf\":{\"@id\":\"https:\\\/\\\/chasquideportivo.com\\\/ecrt\\\/la-humildad-inyecta-al-triunfo\\\/\"},\"author\":{\"name\":\"kollage\",\"@id\":\"https:\\\/\\\/chasquideportivo.com\\\/ecrt\\\/#\\\/schema\\\/person\\\/d9e229fabae4c1e3f82cf66d802ca7b6\"},\"headline\":\"La humildad inyecta al triunfo\",\"datePublished\":\"2021-03-20T20:43:53+00:00\",\"dateModified\":\"2021-03-20T20:57:01+00:00\",\"mainEntityOfPage\":{\"@id\":\"https:\\\/\\\/chasquideportivo.com\\\/ecrt\\\/la-humildad-inyecta-al-triunfo\\\/\"},\"wordCount\":585,\"commentCount\":0,\"publisher\":{\"@id\":\"https:\\\/\\\/chasquideportivo.com\\\/ecrt\\\/#organization\"},\"keywords\":[\"actividad deportiva\",\"amateur\",\"azuay\",\"barriales ecuador\",\"chasqui\",\"deporte\",\"deporte ecuatoriano\",\"deportistas\",\"deportivo\",\"deportivos\",\"dirigentcia\",\"dirigentes\",\"ecuador\",\"ecuatorianas\",\"ecuatoriano\",\"ecuatorianos\",\"esmeraldas\",\"guayaquil\",\"ibarra\",\"manab\u00ed\",\"no profesional\",\"pa\u00eds\",\"quito\",\"tulc\u00e1n\"],\"articleSection\":[\"Marcador\"],\"inLanguage\":\"es\",\"potentialAction\":[{\"@type\":\"CommentAction\",\"name\":\"Comment\",\"target\":[\"https:\\\/\\\/chasquideportivo.com\\\/ecrt\\\/la-humildad-inyecta-al-triunfo\\\/#respond\"]}]},{\"@type\":\"WebPage\",\"@id\":\"https:\\\/\\\/chasquideportivo.com\\\/ecrt\\\/la-humildad-inyecta-al-triunfo\\\/\",\"url\":\"https:\\\/\\\/chasquideportivo.com\\\/ecrt\\\/la-humildad-inyecta-al-triunfo\\\/\",\"name\":\"La humildad inyecta al triunfo - ChasquiDeportivo\",\"isPartOf\":{\"@id\":\"https:\\\/\\\/chasquideportivo.com\\\/ecrt\\\/#website\"},\"datePublished\":\"2021-03-20T20:43:53+00:00\",\"dateModified\":\"2021-03-20T20:57:01+00:00\",\"description\":\"Chasqui Deportivo | Informaci\u00f3n y comunicaci\u00f3n, reportajes, noticias, entrevistas en el \u00e1rea del deporte local, nacional.\",\"breadcrumb\":{\"@id\":\"https:\\\/\\\/chasquideportivo.com\\\/ecrt\\\/la-humildad-inyecta-al-triunfo\\\/#breadcrumb\"},\"inLanguage\":\"es\",\"potentialAction\":[{\"@type\":\"ReadAction\",\"target\":[\"https:\\\/\\\/chasquideportivo.com\\\/ecrt\\\/la-humildad-inyecta-al-triunfo\\\/\"]}]},{\"@type\":\"BreadcrumbList\",\"@id\":\"https:\\\/\\\/chasquideportivo.com\\\/ecrt\\\/la-humildad-inyecta-al-triunfo\\\/#breadcrumb\",\"itemListElement\":[{\"@type\":\"ListItem\",\"position\":1,\"name\":\"Portada | Chasqui Deportivo\",\"item\":\"https:\\\/\\\/chasquideportivo.com\\\/ecrt\\\/\"},{\"@type\":\"ListItem\",\"position\":2,\"name\":\"Archivo\",\"item\":\"https:\\\/\\\/chasquideportivo.com\\\/ecrt\\\/category\\\/archivo\\\/\"},{\"@type\":\"ListItem\",\"position\":3,\"name\":\"Marcador\",\"item\":\"https:\\\/\\\/chasquideportivo.com\\\/ecrt\\\/category\\\/archivo\\\/marcador-2\\\/\"},{\"@type\":\"ListItem\",\"position\":4,\"name\":\"La humildad inyecta al triunfo\"}]},{\"@type\":\"WebSite\",\"@id\":\"https:\\\/\\\/chasquideportivo.com\\\/ecrt\\\/#website\",\"url\":\"https:\\\/\\\/chasquideportivo.com\\\/ecrt\\\/\",\"name\":\"ChasquiDeportivo\",\"description\":\"Informaci&oacute;n y comunicaci&oacute;n, reportajes, noticias, entrevistas en el &aacute;rea del deporte local, nacional.\",\"publisher\":{\"@id\":\"https:\\\/\\\/chasquideportivo.com\\\/ecrt\\\/#organization\"},\"potentialAction\":[{\"@type\":\"SearchAction\",\"target\":{\"@type\":\"EntryPoint\",\"urlTemplate\":\"https:\\\/\\\/chasquideportivo.com\\\/ecrt\\\/?s={search_term_string}\"},\"query-input\":{\"@type\":\"PropertyValueSpecification\",\"valueRequired\":true,\"valueName\":\"search_term_string\"}}],\"inLanguage\":\"es\"},{\"@type\":\"Organization\",\"@id\":\"https:\\\/\\\/chasquideportivo.com\\\/ecrt\\\/#organization\",\"name\":\"Chasqui Deportivo\",\"url\":\"https:\\\/\\\/chasquideportivo.com\\\/ecrt\\\/\",\"logo\":{\"@type\":\"ImageObject\",\"inLanguage\":\"es\",\"@id\":\"https:\\\/\\\/chasquideportivo.com\\\/ecrt\\\/#\\\/schema\\\/logo\\\/image\\\/\",\"url\":\"https:\\\/\\\/chasquideportivo.com\\\/ecrt\\\/wp-content\\\/uploads\\\/2022\\\/01\\\/logo-vertical.jpg\",\"contentUrl\":\"https:\\\/\\\/chasquideportivo.com\\\/ecrt\\\/wp-content\\\/uploads\\\/2022\\\/01\\\/logo-vertical.jpg\",\"width\":612,\"height\":750,\"caption\":\"Chasqui Deportivo\"},\"image\":{\"@id\":\"https:\\\/\\\/chasquideportivo.com\\\/ecrt\\\/#\\\/schema\\\/logo\\\/image\\\/\"},\"sameAs\":[\"https:\\\/\\\/www.facebook.com\\\/chasquideportivo\",\"https:\\\/\\\/x.com\\\/chasquidep\",\"https:\\\/\\\/www.instagram.com\\\/chasquideportivo.ec\",\"https:\\\/\\\/www.youtube.com\\\/channel\\\/UCGY8M-csHuxJuGRt4XrV90Q\"]},{\"@type\":\"Person\",\"@id\":\"https:\\\/\\\/chasquideportivo.com\\\/ecrt\\\/#\\\/schema\\\/person\\\/d9e229fabae4c1e3f82cf66d802ca7b6\",\"name\":\"kollage\",\"image\":{\"@type\":\"ImageObject\",\"inLanguage\":\"es\",\"@id\":\"https:\\\/\\\/secure.gravatar.com\\\/avatar\\\/69b5388bf21dfca5434ca100f351036f1fbff72ba519ef8157b31bcc7fbfbb18?s=96&d=mm&r=g\",\"url\":\"https:\\\/\\\/secure.gravatar.com\\\/avatar\\\/69b5388bf21dfca5434ca100f351036f1fbff72ba519ef8157b31bcc7fbfbb18?s=96&d=mm&r=g\",\"contentUrl\":\"https:\\\/\\\/secure.gravatar.com\\\/avatar\\\/69b5388bf21dfca5434ca100f351036f1fbff72ba519ef8157b31bcc7fbfbb18?s=96&d=mm&r=g\",\"caption\":\"kollage\"},\"sameAs\":[\"https:\\\/\\\/chasquideportivo.com\\\/ecrt\"],\"url\":\"https:\\\/\\\/chasquideportivo.com\\\/ecrt\\\/author\\\/kollage\\\/\"}]}<\/script>\n<!-- \/ Yoast SEO plugin. -->","yoast_head_json":{"title":"La humildad inyecta al triunfo - ChasquiDeportivo","description":"Chasqui Deportivo | Informaci\u00f3n y comunicaci\u00f3n, reportajes, noticias, entrevistas en el \u00e1rea del deporte local, nacional.","robots":{"index":"index","follow":"follow","max-snippet":"max-snippet:-1","max-image-preview":"max-image-preview:large","max-video-preview":"max-video-preview:-1"},"canonical":"https:\/\/chasquideportivo.com\/ecrt\/la-humildad-inyecta-al-triunfo\/","og_locale":"es_ES","og_type":"article","og_title":"La humildad inyecta al triunfo - ChasquiDeportivo","og_description":"Chasqui Deportivo | Informaci\u00f3n y comunicaci\u00f3n, reportajes, noticias, entrevistas en el \u00e1rea del deporte local, nacional.","og_url":"https:\/\/chasquideportivo.com\/ecrt\/la-humildad-inyecta-al-triunfo\/","og_site_name":"ChasquiDeportivo","article_publisher":"https:\/\/www.facebook.com\/chasquideportivo","article_published_time":"2021-03-20T20:43:53+00:00","article_modified_time":"2021-03-20T20:57:01+00:00","author":"kollage","twitter_card":"summary_large_image","twitter_creator":"@chasquidep","twitter_site":"@chasquidep","twitter_misc":{"Escrito por":"kollage","Tiempo de lectura":"3 minutos"},"schema":{"@context":"https:\/\/schema.org","@graph":[{"@type":"Article","@id":"https:\/\/chasquideportivo.com\/ecrt\/la-humildad-inyecta-al-triunfo\/#article","isPartOf":{"@id":"https:\/\/chasquideportivo.com\/ecrt\/la-humildad-inyecta-al-triunfo\/"},"author":{"name":"kollage","@id":"https:\/\/chasquideportivo.com\/ecrt\/#\/schema\/person\/d9e229fabae4c1e3f82cf66d802ca7b6"},"headline":"La humildad inyecta al triunfo","datePublished":"2021-03-20T20:43:53+00:00","dateModified":"2021-03-20T20:57:01+00:00","mainEntityOfPage":{"@id":"https:\/\/chasquideportivo.com\/ecrt\/la-humildad-inyecta-al-triunfo\/"},"wordCount":585,"commentCount":0,"publisher":{"@id":"https:\/\/chasquideportivo.com\/ecrt\/#organization"},"keywords":["actividad deportiva","amateur","azuay","barriales ecuador","chasqui","deporte","deporte ecuatoriano","deportistas","deportivo","deportivos","dirigentcia","dirigentes","ecuador","ecuatorianas","ecuatoriano","ecuatorianos","esmeraldas","guayaquil","ibarra","manab\u00ed","no profesional","pa\u00eds","quito","tulc\u00e1n"],"articleSection":["Marcador"],"inLanguage":"es","potentialAction":[{"@type":"CommentAction","name":"Comment","target":["https:\/\/chasquideportivo.com\/ecrt\/la-humildad-inyecta-al-triunfo\/#respond"]}]},{"@type":"WebPage","@id":"https:\/\/chasquideportivo.com\/ecrt\/la-humildad-inyecta-al-triunfo\/","url":"https:\/\/chasquideportivo.com\/ecrt\/la-humildad-inyecta-al-triunfo\/","name":"La humildad inyecta al triunfo - ChasquiDeportivo","isPartOf":{"@id":"https:\/\/chasquideportivo.com\/ecrt\/#website"},"datePublished":"2021-03-20T20:43:53+00:00","dateModified":"2021-03-20T20:57:01+00:00","description":"Chasqui Deportivo | Informaci\u00f3n y comunicaci\u00f3n, reportajes, noticias, entrevistas en el \u00e1rea del deporte local, nacional.","breadcrumb":{"@id":"https:\/\/chasquideportivo.com\/ecrt\/la-humildad-inyecta-al-triunfo\/#breadcrumb"},"inLanguage":"es","potentialAction":[{"@type":"ReadAction","target":["https:\/\/chasquideportivo.com\/ecrt\/la-humildad-inyecta-al-triunfo\/"]}]},{"@type":"BreadcrumbList","@id":"https:\/\/chasquideportivo.com\/ecrt\/la-humildad-inyecta-al-triunfo\/#breadcrumb","itemListElement":[{"@type":"ListItem","position":1,"name":"Portada | Chasqui Deportivo","item":"https:\/\/chasquideportivo.com\/ecrt\/"},{"@type":"ListItem","position":2,"name":"Archivo","item":"https:\/\/chasquideportivo.com\/ecrt\/category\/archivo\/"},{"@type":"ListItem","position":3,"name":"Marcador","item":"https:\/\/chasquideportivo.com\/ecrt\/category\/archivo\/marcador-2\/"},{"@type":"ListItem","position":4,"name":"La humildad inyecta al triunfo"}]},{"@type":"WebSite","@id":"https:\/\/chasquideportivo.com\/ecrt\/#website","url":"https:\/\/chasquideportivo.com\/ecrt\/","name":"ChasquiDeportivo","description":"Informaci&oacute;n y comunicaci&oacute;n, reportajes, noticias, entrevistas en el &aacute;rea del deporte local, nacional.","publisher":{"@id":"https:\/\/chasquideportivo.com\/ecrt\/#organization"},"potentialAction":[{"@type":"SearchAction","target":{"@type":"EntryPoint","urlTemplate":"https:\/\/chasquideportivo.com\/ecrt\/?s={search_term_string}"},"query-input":{"@type":"PropertyValueSpecification","valueRequired":true,"valueName":"search_term_string"}}],"inLanguage":"es"},{"@type":"Organization","@id":"https:\/\/chasquideportivo.com\/ecrt\/#organization","name":"Chasqui Deportivo","url":"https:\/\/chasquideportivo.com\/ecrt\/","logo":{"@type":"ImageObject","inLanguage":"es","@id":"https:\/\/chasquideportivo.com\/ecrt\/#\/schema\/logo\/image\/","url":"https:\/\/chasquideportivo.com\/ecrt\/wp-content\/uploads\/2022\/01\/logo-vertical.jpg","contentUrl":"https:\/\/chasquideportivo.com\/ecrt\/wp-content\/uploads\/2022\/01\/logo-vertical.jpg","width":612,"height":750,"caption":"Chasqui Deportivo"},"image":{"@id":"https:\/\/chasquideportivo.com\/ecrt\/#\/schema\/logo\/image\/"},"sameAs":["https:\/\/www.facebook.com\/chasquideportivo","https:\/\/x.com\/chasquidep","https:\/\/www.instagram.com\/chasquideportivo.ec","https:\/\/www.youtube.com\/channel\/UCGY8M-csHuxJuGRt4XrV90Q"]},{"@type":"Person","@id":"https:\/\/chasquideportivo.com\/ecrt\/#\/schema\/person\/d9e229fabae4c1e3f82cf66d802ca7b6","name":"kollage","image":{"@type":"ImageObject","inLanguage":"es","@id":"https:\/\/secure.gravatar.com\/avatar\/69b5388bf21dfca5434ca100f351036f1fbff72ba519ef8157b31bcc7fbfbb18?s=96&d=mm&r=g","url":"https:\/\/secure.gravatar.com\/avatar\/69b5388bf21dfca5434ca100f351036f1fbff72ba519ef8157b31bcc7fbfbb18?s=96&d=mm&r=g","contentUrl":"https:\/\/secure.gravatar.com\/avatar\/69b5388bf21dfca5434ca100f351036f1fbff72ba519ef8157b31bcc7fbfbb18?s=96&d=mm&r=g","caption":"kollage"},"sameAs":["https:\/\/chasquideportivo.com\/ecrt"],"url":"https:\/\/chasquideportivo.com\/ecrt\/author\/kollage\/"}]}},"_links":{"self":[{"href":"https:\/\/chasquideportivo.com\/ecrt\/wp-json\/wp\/v2\/posts\/7102","targetHints":{"allow":["GET"]}}],"collection":[{"href":"https:\/\/chasquideportivo.com\/ecrt\/wp-json\/wp\/v2\/posts"}],"about":[{"href":"https:\/\/chasquideportivo.com\/ecrt\/wp-json\/wp\/v2\/types\/post"}],"author":[{"embeddable":true,"href":"https:\/\/chasquideportivo.com\/ecrt\/wp-json\/wp\/v2\/users\/1"}],"replies":[{"embeddable":true,"href":"https:\/\/chasquideportivo.com\/ecrt\/wp-json\/wp\/v2\/comments?post=7102"}],"version-history":[{"count":1,"href":"https:\/\/chasquideportivo.com\/ecrt\/wp-json\/wp\/v2\/posts\/7102\/revisions"}],"predecessor-version":[{"id":7579,"href":"https:\/\/chasquideportivo.com\/ecrt\/wp-json\/wp\/v2\/posts\/7102\/revisions\/7579"}],"wp:attachment":[{"href":"https:\/\/chasquideportivo.com\/ecrt\/wp-json\/wp\/v2\/media?parent=7102"}],"wp:term":[{"taxonomy":"category","embeddable":true,"href":"https:\/\/chasquideportivo.com\/ecrt\/wp-json\/wp\/v2\/categories?post=7102"},{"taxonomy":"post_tag","embeddable":true,"href":"https:\/\/chasquideportivo.com\/ecrt\/wp-json\/wp\/v2\/tags?post=7102"}],"curies":[{"name":"wp","href":"https:\/\/api.w.org\/{rel}","templated":true}]}}