{"id":5770,"date":"2021-03-20T18:00:05","date_gmt":"2021-03-20T18:00:05","guid":{"rendered":"https:\/\/chasquideportivo.com\/ecrt\/2021\/03\/20\/la-cuarta-fecha-de-la-ligapro-se-inicia-este-jueves\/"},"modified":"2021-04-30T07:51:15","modified_gmt":"2021-04-30T07:51:15","slug":"la-cuarta-fecha-de-la-ligapro-se-inicia-este-jueves","status":"publish","type":"post","link":"https:\/\/chasquideportivo.com\/ecrt\/la-cuarta-fecha-de-la-ligapro-se-inicia-este-jueves\/","title":{"rendered":"La cuarta fecha de la LigaPro se inicia este jueves"},"content":{"rendered":"<p>El sistema de disputa de la Sudamericana, organizada por la Conmebol, determin\u00f3 los enfrentamientos de la primera fase entre equipos de un mismo pa\u00eds y los dos ganadores de las dos llaves internas acceder\u00e1n a la fase internacional, debido a los riegos de contagio por la pandemia de la covid-19.<\/p>\n<p>La otra llave ecuatoriana la conforman los equipos Aucas, de Quito, y Guayaquil City.<\/p>\n<p>Emelec comparte el liderato del torneo local con el tambi\u00e9n guayaquile\u00f1o Barcelona, con 9 puntos cada uno, y Macar\u00e1, de Ambato, est\u00e1 cuarto en la clasificaci\u00f3n, con 6 unidades.<\/p>\n<p>El enfrentamiento de ma\u00f1ana es tan importante como el de la Sudamericana, pues el equipo que gane la primera fase local, que comprende 15 fechas, recibir\u00e1 el primer billete ecuatoriano para Copa Libertadores de 2022, y el de primer finalista por el t\u00edtulo de 2021 en Ecuador.<\/p>\n<p>El campe\u00f3n local del a\u00f1o pasado, Barcelona, que tiene 9 puntos, recibir\u00e1 el pr\u00f3ximo domingo a Orense, de la provincia de El Oro, que se ubica en el quinto puesto, con 5 unidades, gracias a un triunfo y dos empates, por lo que arriesgar\u00e1 el invicto contra el contundente campe\u00f3n, que en tres partidos anot\u00f3 9 tantos y recibi\u00f3 solo dos.<\/p>\n<p>Mientras Barcelona echar\u00e1 mano de figuras como el centrocampista argentino-ecuatoriano Dami\u00e1n D\u00edaz y el extremo derecho Byron Castillo, en tanto que Orense depender\u00e1 del aporte de los centrocampistas Holger Matamoros y del argentino Joel L\u00f3pez Pissano.<\/p>\n<p>Deportivo Cuenca, que est\u00e1 d\u00e9cimo con 3 puntos, se enfrentar\u00e1 en casa a Liga de Quito, que es tercero, con 7 unidades.<\/p>\n<p>Universidad Cat\u00f3lica, de Quito, que jugar\u00e1 de local esta noche ante el paraguayo Libertad por la segunda fase previa de la actual Libertadores, recibir\u00e1 el pr\u00f3ximo s\u00e1bado a uno de los colistas, T\u00e9cnico Universitario, de Ambato.<\/p>\n<p>T\u00e9cnico y Olmedo, de Riobamba, son los \u00fanicos equipos que no han anotado un solo tanto y comparten con 9 de Octubre, de Guayaquil, el \u00faltimo puesto con un punto cada uno.<\/p>\n<p>&#8211; Programa de partidos por la cuarta fecha de la primera fase:<\/p>\n<p>. Jueves: Macar\u00e1-Emelec.<\/p>\n<p>. Viernes: Deportivo Cuenca-Liga de Quito.<\/p>\n<p>. S\u00e1bado: Universidad Cat\u00f3lica-T\u00e9cnico Universitario; Delf\u00edn-Guayaquil City y Aucas-Independiente del Valle.<\/p>\n<p>. Domingo: Mushuc Runa-Manta FC; 9 de Octubre-Olmedo y Barcelona-Orense. EFE<\/p>\n<p>Macar\u00e1 y Emelec adelantar\u00e1n para ma\u00f1ana, jueves, el inicio de la cuarta fecha de la primera fase de la Liga Pro, para llegar en buen nivel al arranque local, entre ellos, de la Copa Sudamericana, el pr\u00f3ximo martes.<\/p>\n<p>2021-03-10 22:33:41<\/p>\n<p>Golazo<\/p>\n","protected":false},"excerpt":{"rendered":"<p>El sistema de disputa de la Sudamericana, organizada por la Conmebol, determin\u00f3 los enfrentamientos de la primera fase entre equipos de un mismo pa\u00eds y los dos ganadores de las dos llaves internas acceder\u00e1n a la fase internacional, debido a los riegos de contagio por la pandemia de la covid-19. La otra llave ecuatoriana la [&hellip;]<\/p>\n","protected":false},"author":1,"featured_media":9203,"comment_status":"open","ping_status":"open","sticky":false,"template":"","format":"standard","meta":{"_et_pb_use_builder":"","_et_pb_old_content":"","_et_gb_content_width":"","footnotes":""},"categories":[18],"tags":[37,36,35,34,39,28,23,20,22,24,19,38,21,41,40,3,6,31,25,42,29,30,27,26,33,32],"class_list":["post-5770","post","type-post","status-publish","format-standard","has-post-thumbnail","hentry","category-golazo","tag-37","tag-36","tag-35","tag-34","tag-actividad-deportiva","tag-barriales","tag-barrio","tag-chasqui","tag-chasqui-deportivo","tag-deporte","tag-deporte-barrial-ecuatoriano","tag-deportistas","tag-deportivo","tag-deportivos","tag-dirigentcia","tag-dirigentes","tag-ecuador","tag-ecuatorianas","tag-ecuatoriano","tag-ecuatorianos","tag-futbol","tag-futbolistas","tag-ligas","tag-ligas-barriales-ecuador","tag-pais","tag-quito"],"yoast_head":"<!-- This site is optimized with the Yoast SEO plugin v27.4 - https:\/\/yoast.com\/product\/yoast-seo-wordpress\/ -->\n<title>La cuarta fecha de la LigaPro se inicia este jueves - ChasquiDeportivo<\/title>\n<meta name=\"description\" content=\"Chasqui Deportivo | Informaci\u00f3n y comunicaci\u00f3n, reportajes, noticias, entrevistas en el \u00e1rea del deporte local, nacional.\" \/>\n<meta name=\"robots\" content=\"index, follow, max-snippet:-1, max-image-preview:large, max-video-preview:-1\" \/>\n<link rel=\"canonical\" href=\"https:\/\/chasquideportivo.com\/ecrt\/la-cuarta-fecha-de-la-ligapro-se-inicia-este-jueves\/\" \/>\n<meta property=\"og:locale\" content=\"es_ES\" \/>\n<meta property=\"og:type\" content=\"article\" \/>\n<meta property=\"og:title\" content=\"La cuarta fecha de la LigaPro se inicia este jueves - ChasquiDeportivo\" \/>\n<meta property=\"og:description\" content=\"Chasqui Deportivo | Informaci\u00f3n y comunicaci\u00f3n, reportajes, noticias, entrevistas en el \u00e1rea del deporte local, nacional.\" \/>\n<meta property=\"og:url\" content=\"https:\/\/chasquideportivo.com\/ecrt\/la-cuarta-fecha-de-la-ligapro-se-inicia-este-jueves\/\" \/>\n<meta property=\"og:site_name\" content=\"ChasquiDeportivo\" \/>\n<meta property=\"article:publisher\" content=\"https:\/\/www.facebook.com\/chasquideportivo\" \/>\n<meta property=\"article:published_time\" content=\"2021-03-20T18:00:05+00:00\" \/>\n<meta property=\"article:modified_time\" content=\"2021-04-30T07:51:15+00:00\" \/>\n<meta property=\"og:image\" content=\"https:\/\/chasquideportivo.com\/ecrt\/wp-content\/uploads\/2021\/03\/La-cuarta-fecha-de-la-LigaPro-se-inicia-este-jueves.jpg\" \/>\n\t<meta property=\"og:image:width\" content=\"480\" \/>\n\t<meta property=\"og:image:height\" content=\"320\" \/>\n\t<meta property=\"og:image:type\" content=\"image\/jpeg\" \/>\n<meta name=\"author\" content=\"kollage\" \/>\n<meta name=\"twitter:card\" content=\"summary_large_image\" \/>\n<meta name=\"twitter:creator\" content=\"@chasquidep\" \/>\n<meta name=\"twitter:site\" content=\"@chasquidep\" \/>\n<meta name=\"twitter:label1\" content=\"Escrito por\" \/>\n\t<meta name=\"twitter:data1\" content=\"kollage\" \/>\n\t<meta name=\"twitter:label2\" content=\"Tiempo de lectura\" \/>\n\t<meta name=\"twitter:data2\" content=\"2 minutos\" \/>\n<script type=\"application\/ld+json\" class=\"yoast-schema-graph\">{\"@context\":\"https:\\\/\\\/schema.org\",\"@graph\":[{\"@type\":\"Article\",\"@id\":\"https:\\\/\\\/chasquideportivo.com\\\/ecrt\\\/la-cuarta-fecha-de-la-ligapro-se-inicia-este-jueves\\\/#article\",\"isPartOf\":{\"@id\":\"https:\\\/\\\/chasquideportivo.com\\\/ecrt\\\/la-cuarta-fecha-de-la-ligapro-se-inicia-este-jueves\\\/\"},\"author\":{\"name\":\"kollage\",\"@id\":\"https:\\\/\\\/chasquideportivo.com\\\/ecrt\\\/#\\\/schema\\\/person\\\/d9e229fabae4c1e3f82cf66d802ca7b6\"},\"headline\":\"La cuarta fecha de la LigaPro se inicia este jueves\",\"datePublished\":\"2021-03-20T18:00:05+00:00\",\"dateModified\":\"2021-04-30T07:51:15+00:00\",\"mainEntityOfPage\":{\"@id\":\"https:\\\/\\\/chasquideportivo.com\\\/ecrt\\\/la-cuarta-fecha-de-la-ligapro-se-inicia-este-jueves\\\/\"},\"wordCount\":433,\"commentCount\":0,\"publisher\":{\"@id\":\"https:\\\/\\\/chasquideportivo.com\\\/ecrt\\\/#organization\"},\"image\":{\"@id\":\"https:\\\/\\\/chasquideportivo.com\\\/ecrt\\\/la-cuarta-fecha-de-la-ligapro-se-inicia-este-jueves\\\/#primaryimage\"},\"thumbnailUrl\":\"https:\\\/\\\/chasquideportivo.com\\\/ecrt\\\/wp-content\\\/uploads\\\/2021\\\/03\\\/La-cuarta-fecha-de-la-LigaPro-se-inicia-este-jueves.jpg\",\"keywords\":[\"2018\",\"2019\",\"2020\",\"2021\",\"actividad deportiva\",\"barriales\",\"barrio\",\"chasqui\",\"chasqui deportivo\",\"deporte\",\"deporte barrial ecuatoriano\",\"deportistas\",\"deportivo\",\"deportivos\",\"dirigentcia\",\"dirigentes\",\"ecuador\",\"ecuatorianas\",\"ecuatoriano\",\"ecuatorianos\",\"futbol\",\"futbolistas\",\"ligas\",\"ligas barriales ecuador\",\"pa\u00eds\",\"quito\"],\"articleSection\":[\"Golazo\"],\"inLanguage\":\"es\",\"potentialAction\":[{\"@type\":\"CommentAction\",\"name\":\"Comment\",\"target\":[\"https:\\\/\\\/chasquideportivo.com\\\/ecrt\\\/la-cuarta-fecha-de-la-ligapro-se-inicia-este-jueves\\\/#respond\"]}]},{\"@type\":\"WebPage\",\"@id\":\"https:\\\/\\\/chasquideportivo.com\\\/ecrt\\\/la-cuarta-fecha-de-la-ligapro-se-inicia-este-jueves\\\/\",\"url\":\"https:\\\/\\\/chasquideportivo.com\\\/ecrt\\\/la-cuarta-fecha-de-la-ligapro-se-inicia-este-jueves\\\/\",\"name\":\"La cuarta fecha de la LigaPro se inicia este jueves - ChasquiDeportivo\",\"isPartOf\":{\"@id\":\"https:\\\/\\\/chasquideportivo.com\\\/ecrt\\\/#website\"},\"primaryImageOfPage\":{\"@id\":\"https:\\\/\\\/chasquideportivo.com\\\/ecrt\\\/la-cuarta-fecha-de-la-ligapro-se-inicia-este-jueves\\\/#primaryimage\"},\"image\":{\"@id\":\"https:\\\/\\\/chasquideportivo.com\\\/ecrt\\\/la-cuarta-fecha-de-la-ligapro-se-inicia-este-jueves\\\/#primaryimage\"},\"thumbnailUrl\":\"https:\\\/\\\/chasquideportivo.com\\\/ecrt\\\/wp-content\\\/uploads\\\/2021\\\/03\\\/La-cuarta-fecha-de-la-LigaPro-se-inicia-este-jueves.jpg\",\"datePublished\":\"2021-03-20T18:00:05+00:00\",\"dateModified\":\"2021-04-30T07:51:15+00:00\",\"description\":\"Chasqui Deportivo | Informaci\u00f3n y comunicaci\u00f3n, reportajes, noticias, entrevistas en el \u00e1rea del deporte local, nacional.\",\"breadcrumb\":{\"@id\":\"https:\\\/\\\/chasquideportivo.com\\\/ecrt\\\/la-cuarta-fecha-de-la-ligapro-se-inicia-este-jueves\\\/#breadcrumb\"},\"inLanguage\":\"es\",\"potentialAction\":[{\"@type\":\"ReadAction\",\"target\":[\"https:\\\/\\\/chasquideportivo.com\\\/ecrt\\\/la-cuarta-fecha-de-la-ligapro-se-inicia-este-jueves\\\/\"]}]},{\"@type\":\"ImageObject\",\"inLanguage\":\"es\",\"@id\":\"https:\\\/\\\/chasquideportivo.com\\\/ecrt\\\/la-cuarta-fecha-de-la-ligapro-se-inicia-este-jueves\\\/#primaryimage\",\"url\":\"https:\\\/\\\/chasquideportivo.com\\\/ecrt\\\/wp-content\\\/uploads\\\/2021\\\/03\\\/La-cuarta-fecha-de-la-LigaPro-se-inicia-este-jueves.jpg\",\"contentUrl\":\"https:\\\/\\\/chasquideportivo.com\\\/ecrt\\\/wp-content\\\/uploads\\\/2021\\\/03\\\/La-cuarta-fecha-de-la-LigaPro-se-inicia-este-jueves.jpg\",\"width\":480,\"height\":320,\"caption\":\"La cuarta fecha de la LigaPro se inicia este jueves\"},{\"@type\":\"BreadcrumbList\",\"@id\":\"https:\\\/\\\/chasquideportivo.com\\\/ecrt\\\/la-cuarta-fecha-de-la-ligapro-se-inicia-este-jueves\\\/#breadcrumb\",\"itemListElement\":[{\"@type\":\"ListItem\",\"position\":1,\"name\":\"Portada | Chasqui Deportivo\",\"item\":\"https:\\\/\\\/chasquideportivo.com\\\/ecrt\\\/\"},{\"@type\":\"ListItem\",\"position\":2,\"name\":\"Archivo\",\"item\":\"https:\\\/\\\/chasquideportivo.com\\\/ecrt\\\/category\\\/archivo\\\/\"},{\"@type\":\"ListItem\",\"position\":3,\"name\":\"Golazo\",\"item\":\"https:\\\/\\\/chasquideportivo.com\\\/ecrt\\\/category\\\/archivo\\\/golazo\\\/\"},{\"@type\":\"ListItem\",\"position\":4,\"name\":\"La cuarta fecha de la LigaPro se inicia este jueves\"}]},{\"@type\":\"WebSite\",\"@id\":\"https:\\\/\\\/chasquideportivo.com\\\/ecrt\\\/#website\",\"url\":\"https:\\\/\\\/chasquideportivo.com\\\/ecrt\\\/\",\"name\":\"ChasquiDeportivo\",\"description\":\"Informaci&oacute;n y comunicaci&oacute;n, reportajes, noticias, entrevistas en el &aacute;rea del deporte local, nacional.\",\"publisher\":{\"@id\":\"https:\\\/\\\/chasquideportivo.com\\\/ecrt\\\/#organization\"},\"potentialAction\":[{\"@type\":\"SearchAction\",\"target\":{\"@type\":\"EntryPoint\",\"urlTemplate\":\"https:\\\/\\\/chasquideportivo.com\\\/ecrt\\\/?s={search_term_string}\"},\"query-input\":{\"@type\":\"PropertyValueSpecification\",\"valueRequired\":true,\"valueName\":\"search_term_string\"}}],\"inLanguage\":\"es\"},{\"@type\":\"Organization\",\"@id\":\"https:\\\/\\\/chasquideportivo.com\\\/ecrt\\\/#organization\",\"name\":\"Chasqui Deportivo\",\"url\":\"https:\\\/\\\/chasquideportivo.com\\\/ecrt\\\/\",\"logo\":{\"@type\":\"ImageObject\",\"inLanguage\":\"es\",\"@id\":\"https:\\\/\\\/chasquideportivo.com\\\/ecrt\\\/#\\\/schema\\\/logo\\\/image\\\/\",\"url\":\"https:\\\/\\\/chasquideportivo.com\\\/ecrt\\\/wp-content\\\/uploads\\\/2022\\\/01\\\/logo-vertical.jpg\",\"contentUrl\":\"https:\\\/\\\/chasquideportivo.com\\\/ecrt\\\/wp-content\\\/uploads\\\/2022\\\/01\\\/logo-vertical.jpg\",\"width\":612,\"height\":750,\"caption\":\"Chasqui Deportivo\"},\"image\":{\"@id\":\"https:\\\/\\\/chasquideportivo.com\\\/ecrt\\\/#\\\/schema\\\/logo\\\/image\\\/\"},\"sameAs\":[\"https:\\\/\\\/www.facebook.com\\\/chasquideportivo\",\"https:\\\/\\\/x.com\\\/chasquidep\",\"https:\\\/\\\/www.instagram.com\\\/chasquideportivo.ec\",\"https:\\\/\\\/www.youtube.com\\\/channel\\\/UCGY8M-csHuxJuGRt4XrV90Q\"]},{\"@type\":\"Person\",\"@id\":\"https:\\\/\\\/chasquideportivo.com\\\/ecrt\\\/#\\\/schema\\\/person\\\/d9e229fabae4c1e3f82cf66d802ca7b6\",\"name\":\"kollage\",\"image\":{\"@type\":\"ImageObject\",\"inLanguage\":\"es\",\"@id\":\"https:\\\/\\\/secure.gravatar.com\\\/avatar\\\/69b5388bf21dfca5434ca100f351036f1fbff72ba519ef8157b31bcc7fbfbb18?s=96&d=mm&r=g\",\"url\":\"https:\\\/\\\/secure.gravatar.com\\\/avatar\\\/69b5388bf21dfca5434ca100f351036f1fbff72ba519ef8157b31bcc7fbfbb18?s=96&d=mm&r=g\",\"contentUrl\":\"https:\\\/\\\/secure.gravatar.com\\\/avatar\\\/69b5388bf21dfca5434ca100f351036f1fbff72ba519ef8157b31bcc7fbfbb18?s=96&d=mm&r=g\",\"caption\":\"kollage\"},\"sameAs\":[\"https:\\\/\\\/chasquideportivo.com\\\/ecrt\"],\"url\":\"https:\\\/\\\/chasquideportivo.com\\\/ecrt\\\/author\\\/kollage\\\/\"}]}<\/script>\n<!-- \/ Yoast SEO plugin. -->","yoast_head_json":{"title":"La cuarta fecha de la LigaPro se inicia este jueves - ChasquiDeportivo","description":"Chasqui Deportivo | Informaci\u00f3n y comunicaci\u00f3n, reportajes, noticias, entrevistas en el \u00e1rea del deporte local, nacional.","robots":{"index":"index","follow":"follow","max-snippet":"max-snippet:-1","max-image-preview":"max-image-preview:large","max-video-preview":"max-video-preview:-1"},"canonical":"https:\/\/chasquideportivo.com\/ecrt\/la-cuarta-fecha-de-la-ligapro-se-inicia-este-jueves\/","og_locale":"es_ES","og_type":"article","og_title":"La cuarta fecha de la LigaPro se inicia este jueves - ChasquiDeportivo","og_description":"Chasqui Deportivo | Informaci\u00f3n y comunicaci\u00f3n, reportajes, noticias, entrevistas en el \u00e1rea del deporte local, nacional.","og_url":"https:\/\/chasquideportivo.com\/ecrt\/la-cuarta-fecha-de-la-ligapro-se-inicia-este-jueves\/","og_site_name":"ChasquiDeportivo","article_publisher":"https:\/\/www.facebook.com\/chasquideportivo","article_published_time":"2021-03-20T18:00:05+00:00","article_modified_time":"2021-04-30T07:51:15+00:00","og_image":[{"width":480,"height":320,"url":"https:\/\/chasquideportivo.com\/ecrt\/wp-content\/uploads\/2021\/03\/La-cuarta-fecha-de-la-LigaPro-se-inicia-este-jueves.jpg","type":"image\/jpeg"}],"author":"kollage","twitter_card":"summary_large_image","twitter_creator":"@chasquidep","twitter_site":"@chasquidep","twitter_misc":{"Escrito por":"kollage","Tiempo de lectura":"2 minutos"},"schema":{"@context":"https:\/\/schema.org","@graph":[{"@type":"Article","@id":"https:\/\/chasquideportivo.com\/ecrt\/la-cuarta-fecha-de-la-ligapro-se-inicia-este-jueves\/#article","isPartOf":{"@id":"https:\/\/chasquideportivo.com\/ecrt\/la-cuarta-fecha-de-la-ligapro-se-inicia-este-jueves\/"},"author":{"name":"kollage","@id":"https:\/\/chasquideportivo.com\/ecrt\/#\/schema\/person\/d9e229fabae4c1e3f82cf66d802ca7b6"},"headline":"La cuarta fecha de la LigaPro se inicia este jueves","datePublished":"2021-03-20T18:00:05+00:00","dateModified":"2021-04-30T07:51:15+00:00","mainEntityOfPage":{"@id":"https:\/\/chasquideportivo.com\/ecrt\/la-cuarta-fecha-de-la-ligapro-se-inicia-este-jueves\/"},"wordCount":433,"commentCount":0,"publisher":{"@id":"https:\/\/chasquideportivo.com\/ecrt\/#organization"},"image":{"@id":"https:\/\/chasquideportivo.com\/ecrt\/la-cuarta-fecha-de-la-ligapro-se-inicia-este-jueves\/#primaryimage"},"thumbnailUrl":"https:\/\/chasquideportivo.com\/ecrt\/wp-content\/uploads\/2021\/03\/La-cuarta-fecha-de-la-LigaPro-se-inicia-este-jueves.jpg","keywords":["2018","2019","2020","2021","actividad deportiva","barriales","barrio","chasqui","chasqui deportivo","deporte","deporte barrial ecuatoriano","deportistas","deportivo","deportivos","dirigentcia","dirigentes","ecuador","ecuatorianas","ecuatoriano","ecuatorianos","futbol","futbolistas","ligas","ligas barriales ecuador","pa\u00eds","quito"],"articleSection":["Golazo"],"inLanguage":"es","potentialAction":[{"@type":"CommentAction","name":"Comment","target":["https:\/\/chasquideportivo.com\/ecrt\/la-cuarta-fecha-de-la-ligapro-se-inicia-este-jueves\/#respond"]}]},{"@type":"WebPage","@id":"https:\/\/chasquideportivo.com\/ecrt\/la-cuarta-fecha-de-la-ligapro-se-inicia-este-jueves\/","url":"https:\/\/chasquideportivo.com\/ecrt\/la-cuarta-fecha-de-la-ligapro-se-inicia-este-jueves\/","name":"La cuarta fecha de la LigaPro se inicia este jueves - ChasquiDeportivo","isPartOf":{"@id":"https:\/\/chasquideportivo.com\/ecrt\/#website"},"primaryImageOfPage":{"@id":"https:\/\/chasquideportivo.com\/ecrt\/la-cuarta-fecha-de-la-ligapro-se-inicia-este-jueves\/#primaryimage"},"image":{"@id":"https:\/\/chasquideportivo.com\/ecrt\/la-cuarta-fecha-de-la-ligapro-se-inicia-este-jueves\/#primaryimage"},"thumbnailUrl":"https:\/\/chasquideportivo.com\/ecrt\/wp-content\/uploads\/2021\/03\/La-cuarta-fecha-de-la-LigaPro-se-inicia-este-jueves.jpg","datePublished":"2021-03-20T18:00:05+00:00","dateModified":"2021-04-30T07:51:15+00:00","description":"Chasqui Deportivo | Informaci\u00f3n y comunicaci\u00f3n, reportajes, noticias, entrevistas en el \u00e1rea del deporte local, nacional.","breadcrumb":{"@id":"https:\/\/chasquideportivo.com\/ecrt\/la-cuarta-fecha-de-la-ligapro-se-inicia-este-jueves\/#breadcrumb"},"inLanguage":"es","potentialAction":[{"@type":"ReadAction","target":["https:\/\/chasquideportivo.com\/ecrt\/la-cuarta-fecha-de-la-ligapro-se-inicia-este-jueves\/"]}]},{"@type":"ImageObject","inLanguage":"es","@id":"https:\/\/chasquideportivo.com\/ecrt\/la-cuarta-fecha-de-la-ligapro-se-inicia-este-jueves\/#primaryimage","url":"https:\/\/chasquideportivo.com\/ecrt\/wp-content\/uploads\/2021\/03\/La-cuarta-fecha-de-la-LigaPro-se-inicia-este-jueves.jpg","contentUrl":"https:\/\/chasquideportivo.com\/ecrt\/wp-content\/uploads\/2021\/03\/La-cuarta-fecha-de-la-LigaPro-se-inicia-este-jueves.jpg","width":480,"height":320,"caption":"La cuarta fecha de la LigaPro se inicia este jueves"},{"@type":"BreadcrumbList","@id":"https:\/\/chasquideportivo.com\/ecrt\/la-cuarta-fecha-de-la-ligapro-se-inicia-este-jueves\/#breadcrumb","itemListElement":[{"@type":"ListItem","position":1,"name":"Portada | Chasqui Deportivo","item":"https:\/\/chasquideportivo.com\/ecrt\/"},{"@type":"ListItem","position":2,"name":"Archivo","item":"https:\/\/chasquideportivo.com\/ecrt\/category\/archivo\/"},{"@type":"ListItem","position":3,"name":"Golazo","item":"https:\/\/chasquideportivo.com\/ecrt\/category\/archivo\/golazo\/"},{"@type":"ListItem","position":4,"name":"La cuarta fecha de la LigaPro se inicia este jueves"}]},{"@type":"WebSite","@id":"https:\/\/chasquideportivo.com\/ecrt\/#website","url":"https:\/\/chasquideportivo.com\/ecrt\/","name":"ChasquiDeportivo","description":"Informaci&oacute;n y comunicaci&oacute;n, reportajes, noticias, entrevistas en el &aacute;rea del deporte local, nacional.","publisher":{"@id":"https:\/\/chasquideportivo.com\/ecrt\/#organization"},"potentialAction":[{"@type":"SearchAction","target":{"@type":"EntryPoint","urlTemplate":"https:\/\/chasquideportivo.com\/ecrt\/?s={search_term_string}"},"query-input":{"@type":"PropertyValueSpecification","valueRequired":true,"valueName":"search_term_string"}}],"inLanguage":"es"},{"@type":"Organization","@id":"https:\/\/chasquideportivo.com\/ecrt\/#organization","name":"Chasqui Deportivo","url":"https:\/\/chasquideportivo.com\/ecrt\/","logo":{"@type":"ImageObject","inLanguage":"es","@id":"https:\/\/chasquideportivo.com\/ecrt\/#\/schema\/logo\/image\/","url":"https:\/\/chasquideportivo.com\/ecrt\/wp-content\/uploads\/2022\/01\/logo-vertical.jpg","contentUrl":"https:\/\/chasquideportivo.com\/ecrt\/wp-content\/uploads\/2022\/01\/logo-vertical.jpg","width":612,"height":750,"caption":"Chasqui Deportivo"},"image":{"@id":"https:\/\/chasquideportivo.com\/ecrt\/#\/schema\/logo\/image\/"},"sameAs":["https:\/\/www.facebook.com\/chasquideportivo","https:\/\/x.com\/chasquidep","https:\/\/www.instagram.com\/chasquideportivo.ec","https:\/\/www.youtube.com\/channel\/UCGY8M-csHuxJuGRt4XrV90Q"]},{"@type":"Person","@id":"https:\/\/chasquideportivo.com\/ecrt\/#\/schema\/person\/d9e229fabae4c1e3f82cf66d802ca7b6","name":"kollage","image":{"@type":"ImageObject","inLanguage":"es","@id":"https:\/\/secure.gravatar.com\/avatar\/69b5388bf21dfca5434ca100f351036f1fbff72ba519ef8157b31bcc7fbfbb18?s=96&d=mm&r=g","url":"https:\/\/secure.gravatar.com\/avatar\/69b5388bf21dfca5434ca100f351036f1fbff72ba519ef8157b31bcc7fbfbb18?s=96&d=mm&r=g","contentUrl":"https:\/\/secure.gravatar.com\/avatar\/69b5388bf21dfca5434ca100f351036f1fbff72ba519ef8157b31bcc7fbfbb18?s=96&d=mm&r=g","caption":"kollage"},"sameAs":["https:\/\/chasquideportivo.com\/ecrt"],"url":"https:\/\/chasquideportivo.com\/ecrt\/author\/kollage\/"}]}},"_links":{"self":[{"href":"https:\/\/chasquideportivo.com\/ecrt\/wp-json\/wp\/v2\/posts\/5770","targetHints":{"allow":["GET"]}}],"collection":[{"href":"https:\/\/chasquideportivo.com\/ecrt\/wp-json\/wp\/v2\/posts"}],"about":[{"href":"https:\/\/chasquideportivo.com\/ecrt\/wp-json\/wp\/v2\/types\/post"}],"author":[{"embeddable":true,"href":"https:\/\/chasquideportivo.com\/ecrt\/wp-json\/wp\/v2\/users\/1"}],"replies":[{"embeddable":true,"href":"https:\/\/chasquideportivo.com\/ecrt\/wp-json\/wp\/v2\/comments?post=5770"}],"version-history":[{"count":2,"href":"https:\/\/chasquideportivo.com\/ecrt\/wp-json\/wp\/v2\/posts\/5770\/revisions"}],"predecessor-version":[{"id":9204,"href":"https:\/\/chasquideportivo.com\/ecrt\/wp-json\/wp\/v2\/posts\/5770\/revisions\/9204"}],"wp:featuredmedia":[{"embeddable":true,"href":"https:\/\/chasquideportivo.com\/ecrt\/wp-json\/wp\/v2\/media\/9203"}],"wp:attachment":[{"href":"https:\/\/chasquideportivo.com\/ecrt\/wp-json\/wp\/v2\/media?parent=5770"}],"wp:term":[{"taxonomy":"category","embeddable":true,"href":"https:\/\/chasquideportivo.com\/ecrt\/wp-json\/wp\/v2\/categories?post=5770"},{"taxonomy":"post_tag","embeddable":true,"href":"https:\/\/chasquideportivo.com\/ecrt\/wp-json\/wp\/v2\/tags?post=5770"}],"curies":[{"name":"wp","href":"https:\/\/api.w.org\/{rel}","templated":true}]}}