{"id":5764,"date":"2021-03-20T18:00:03","date_gmt":"2021-03-20T18:00:03","guid":{"rendered":"https:\/\/chasquideportivo.com\/ecrt\/2021\/03\/20\/independiente-del-valle-por-la-reivindicacion\/"},"modified":"2021-03-20T19:18:32","modified_gmt":"2021-03-20T19:18:32","slug":"independiente-del-valle-por-la-reivindicacion","status":"publish","type":"post","link":"https:\/\/chasquideportivo.com\/ecrt\/independiente-del-valle-por-la-reivindicacion\/","title":{"rendered":"Independiente del Valle por la reivindicaci\u00f3n"},"content":{"rendered":"<p>El proceso de adaptaci\u00f3n de la plantilla al estilo de Paiva, despu\u00e9s de la salida del t\u00e9cnico espa\u00f1ol Miguel \u00c1ngel Ram\u00edrez, le ha costado al equipo dos derrotas en una fase de solo 15 fechas. Tras el t\u00edtulo de la Copa Sudamericana de 2019, Ram\u00edrez descart\u00f3 varias propuestas de clubes del extranjero, pero la del Internacional de Brasil se lo llev\u00f3 en diciembre pasado.<\/p>\n<p>Paiva ha tropezado con las lesiones, primero la del defensa argentino-ecuatoriano Richard Schunke y de su compatriota, el centrocampista Christian Pellerano, y en la reciente fecha las del portero Jorge Pinos y el defensa boliviano Jos\u00e9 Carrasco.<\/p>\n<p>Mushuc Runa, que dio la sorpresa en \u00faltima jornada al imponerse por 1-2 en su visita a 9 de Octubre, recurrir\u00e1 a su defensa haitiano Ricardo Ad\u00e9 y al goleador argentino Jonatan Bauman, para procurarse otra sorpresa.<\/p>\n<p>Uno de los l\u00edderes del torneo, Emelec, que por fin est\u00e1 viviendo momentos felices bajo la batuta del t\u00e9cnico espa\u00f1ol Ismael Rescalvo desde el 2019, recibir\u00e1 al Delf\u00edn, que en el partido pasado empat\u00f3 de local 1-1 ante el Orense.<\/p>\n<p>En dos partidos Emelec ha marcado siete goles gracias al buen funcionamiento del equipo liderado por el centrocampista uruguayo Sebasti\u00e1n Rodr\u00edguez y el oportunismo en ataque de su compatriota Facundo Barcel\u00f3.<\/p>\n<p>La caracter\u00edstica de juego del conjunto mante\u00f1o se basa en un buen sistema defensivo y en veloces contraataques, ensamblado por su nuevo t\u00e9cnico, el ecuatoriano Paul V\u00e9lez, por lo que Emelec deber\u00e1 cuidarse sobre todo de los atacantes Janner Corozo y el goleador John Jairo Cifuente.<\/p>\n<p>Barcelona, visitar\u00e1 a Guayaquil City, en su af\u00e1n de mantenerse en el primer puesto, que comparte con Emelec. Guayaquil City buscar\u00e1 la revancha de la goleada por 3-0 de la reciente fecha ante el Deportivo Cuenca, y para ello, volver\u00e1 a contar con sus principales figuras, los centrocampistas Manuel Balda y Fernando Gaibor.<\/p>\n<p>Entretanto, y tras el resbal\u00f3n por el empate 0-0 con Olmedo, Liga de Quito se ve enfrascado en una crisis econ\u00f3mica y administrativa, y recibir\u00e1 a Universidad Cat\u00f3lica que el martes pasado accedi\u00f3 a la segunda fase de la Copa Libertadores al imponerse por 3-0 sobre el Liverpool uruguayo.<\/p>\n<p>En Liga se producir\u00e1 el debut del atacante argentino Juan Cruz Kafrof, que se juntar\u00e1 con el goleador del equipo y de la temporada pasada (24 dianas), el colombiano Cristian Mart\u00ednez Borja.<\/p>\n<p>Universidad Cat\u00f3lica esperar\u00e1 hasta el \u00faltimo momento para ver si contar\u00e1 o no con todas las figuras que golearon al Liverpool, desde el portero argentino-ecuatoriano Hern\u00e1n Gal\u00edndez, sus compatriotas, los atacantes Juan T\u00e9vez, Lisandro Alzugaray, y el defensa uruguayo Guillermo De los Santos.<\/p>\n<p>&#8211; Partidos de la tercera fecha de la primera fase de la Liga Pro:<\/p>\n<p>05.03: Independiente del Valle-Mushuc Runa.<\/p>\n<p>06.03: Emelec-Delf\u00edn; Liga de Quito-Universidad Cat\u00f3lica y Orense-Aucas.<\/p>\n<p>07.03: Guayaquil City-Barcelona, Manta-Deportivo Cuenca y Olmedo-Macar\u00e1.<\/p>\n<p>08.03: T\u00e9cnico Universitario-9 de Octubre. EFE<\/p>\n<p>Este viernes 5 de marzo se inicia la tercera fecha del torneo ecuatoriano de f\u00fatbol; el Independiente del Valle enfrenta al Mushuc Runa, buscar\u00e1 reencontrarse con la victoria luego de dos derrotas consecutivas durante la primera fase de la Liga Pro.<\/p>\n<p>2021-03-05 14:40:07<\/p>\n<p>Golazo<\/p>\n","protected":false},"excerpt":{"rendered":"<p>El proceso de adaptaci\u00f3n de la plantilla al estilo de Paiva, despu\u00e9s de la salida del t\u00e9cnico espa\u00f1ol Miguel \u00c1ngel Ram\u00edrez, le ha costado al equipo dos derrotas en una fase de solo 15 fechas. Tras el t\u00edtulo de la Copa Sudamericana de 2019, Ram\u00edrez descart\u00f3 varias propuestas de clubes del extranjero, pero la del [&hellip;]<\/p>\n","protected":false},"author":1,"featured_media":0,"comment_status":"open","ping_status":"open","sticky":false,"template":"","format":"standard","meta":{"_et_pb_use_builder":"","_et_pb_old_content":"","_et_gb_content_width":"","footnotes":""},"categories":[18],"tags":[37,36,35,34,39,28,23,20,22,24,19,38,21,41,40,3,6,31,25,42,29,30,27,26,33,32],"class_list":["post-5764","post","type-post","status-publish","format-standard","hentry","category-golazo","tag-37","tag-36","tag-35","tag-34","tag-actividad-deportiva","tag-barriales","tag-barrio","tag-chasqui","tag-chasqui-deportivo","tag-deporte","tag-deporte-barrial-ecuatoriano","tag-deportistas","tag-deportivo","tag-deportivos","tag-dirigentcia","tag-dirigentes","tag-ecuador","tag-ecuatorianas","tag-ecuatoriano","tag-ecuatorianos","tag-futbol","tag-futbolistas","tag-ligas","tag-ligas-barriales-ecuador","tag-pais","tag-quito"],"yoast_head":"<!-- This site is optimized with the Yoast SEO plugin v27.4 - https:\/\/yoast.com\/product\/yoast-seo-wordpress\/ -->\n<title>Independiente del Valle por la reivindicaci\u00f3n - ChasquiDeportivo<\/title>\n<meta name=\"description\" content=\"Chasqui Deportivo | Informaci\u00f3n y comunicaci\u00f3n, reportajes, noticias, entrevistas en el \u00e1rea del deporte local, nacional.\" \/>\n<meta name=\"robots\" content=\"index, follow, max-snippet:-1, max-image-preview:large, max-video-preview:-1\" \/>\n<link rel=\"canonical\" href=\"https:\/\/chasquideportivo.com\/ecrt\/independiente-del-valle-por-la-reivindicacion\/\" \/>\n<meta property=\"og:locale\" content=\"es_ES\" \/>\n<meta property=\"og:type\" content=\"article\" \/>\n<meta property=\"og:title\" content=\"Independiente del Valle por la reivindicaci\u00f3n - ChasquiDeportivo\" \/>\n<meta property=\"og:description\" content=\"Chasqui Deportivo | Informaci\u00f3n y comunicaci\u00f3n, reportajes, noticias, entrevistas en el \u00e1rea del deporte local, nacional.\" \/>\n<meta property=\"og:url\" content=\"https:\/\/chasquideportivo.com\/ecrt\/independiente-del-valle-por-la-reivindicacion\/\" \/>\n<meta property=\"og:site_name\" content=\"ChasquiDeportivo\" \/>\n<meta property=\"article:publisher\" content=\"https:\/\/www.facebook.com\/chasquideportivo\" \/>\n<meta property=\"article:published_time\" content=\"2021-03-20T18:00:03+00:00\" \/>\n<meta property=\"article:modified_time\" content=\"2021-03-20T19:18:32+00:00\" \/>\n<meta name=\"author\" content=\"kollage\" \/>\n<meta name=\"twitter:card\" content=\"summary_large_image\" \/>\n<meta name=\"twitter:creator\" content=\"@chasquidep\" \/>\n<meta name=\"twitter:site\" content=\"@chasquidep\" \/>\n<meta name=\"twitter:label1\" content=\"Escrito por\" \/>\n\t<meta name=\"twitter:data1\" content=\"kollage\" \/>\n\t<meta name=\"twitter:label2\" content=\"Tiempo de lectura\" \/>\n\t<meta name=\"twitter:data2\" content=\"3 minutos\" \/>\n<script type=\"application\/ld+json\" class=\"yoast-schema-graph\">{\"@context\":\"https:\\\/\\\/schema.org\",\"@graph\":[{\"@type\":\"Article\",\"@id\":\"https:\\\/\\\/chasquideportivo.com\\\/ecrt\\\/independiente-del-valle-por-la-reivindicacion\\\/#article\",\"isPartOf\":{\"@id\":\"https:\\\/\\\/chasquideportivo.com\\\/ecrt\\\/independiente-del-valle-por-la-reivindicacion\\\/\"},\"author\":{\"name\":\"kollage\",\"@id\":\"https:\\\/\\\/chasquideportivo.com\\\/ecrt\\\/#\\\/schema\\\/person\\\/d9e229fabae4c1e3f82cf66d802ca7b6\"},\"headline\":\"Independiente del Valle por la reivindicaci\u00f3n\",\"datePublished\":\"2021-03-20T18:00:03+00:00\",\"dateModified\":\"2021-03-20T19:18:32+00:00\",\"mainEntityOfPage\":{\"@id\":\"https:\\\/\\\/chasquideportivo.com\\\/ecrt\\\/independiente-del-valle-por-la-reivindicacion\\\/\"},\"wordCount\":543,\"commentCount\":0,\"publisher\":{\"@id\":\"https:\\\/\\\/chasquideportivo.com\\\/ecrt\\\/#organization\"},\"keywords\":[\"2018\",\"2019\",\"2020\",\"2021\",\"actividad deportiva\",\"barriales\",\"barrio\",\"chasqui\",\"chasqui deportivo\",\"deporte\",\"deporte barrial ecuatoriano\",\"deportistas\",\"deportivo\",\"deportivos\",\"dirigentcia\",\"dirigentes\",\"ecuador\",\"ecuatorianas\",\"ecuatoriano\",\"ecuatorianos\",\"futbol\",\"futbolistas\",\"ligas\",\"ligas barriales ecuador\",\"pa\u00eds\",\"quito\"],\"articleSection\":[\"Golazo\"],\"inLanguage\":\"es\",\"potentialAction\":[{\"@type\":\"CommentAction\",\"name\":\"Comment\",\"target\":[\"https:\\\/\\\/chasquideportivo.com\\\/ecrt\\\/independiente-del-valle-por-la-reivindicacion\\\/#respond\"]}]},{\"@type\":\"WebPage\",\"@id\":\"https:\\\/\\\/chasquideportivo.com\\\/ecrt\\\/independiente-del-valle-por-la-reivindicacion\\\/\",\"url\":\"https:\\\/\\\/chasquideportivo.com\\\/ecrt\\\/independiente-del-valle-por-la-reivindicacion\\\/\",\"name\":\"Independiente del Valle por la reivindicaci\u00f3n - ChasquiDeportivo\",\"isPartOf\":{\"@id\":\"https:\\\/\\\/chasquideportivo.com\\\/ecrt\\\/#website\"},\"datePublished\":\"2021-03-20T18:00:03+00:00\",\"dateModified\":\"2021-03-20T19:18:32+00:00\",\"description\":\"Chasqui Deportivo | Informaci\u00f3n y comunicaci\u00f3n, reportajes, noticias, entrevistas en el \u00e1rea del deporte local, nacional.\",\"breadcrumb\":{\"@id\":\"https:\\\/\\\/chasquideportivo.com\\\/ecrt\\\/independiente-del-valle-por-la-reivindicacion\\\/#breadcrumb\"},\"inLanguage\":\"es\",\"potentialAction\":[{\"@type\":\"ReadAction\",\"target\":[\"https:\\\/\\\/chasquideportivo.com\\\/ecrt\\\/independiente-del-valle-por-la-reivindicacion\\\/\"]}]},{\"@type\":\"BreadcrumbList\",\"@id\":\"https:\\\/\\\/chasquideportivo.com\\\/ecrt\\\/independiente-del-valle-por-la-reivindicacion\\\/#breadcrumb\",\"itemListElement\":[{\"@type\":\"ListItem\",\"position\":1,\"name\":\"Portada | Chasqui Deportivo\",\"item\":\"https:\\\/\\\/chasquideportivo.com\\\/ecrt\\\/\"},{\"@type\":\"ListItem\",\"position\":2,\"name\":\"Archivo\",\"item\":\"https:\\\/\\\/chasquideportivo.com\\\/ecrt\\\/category\\\/archivo\\\/\"},{\"@type\":\"ListItem\",\"position\":3,\"name\":\"Golazo\",\"item\":\"https:\\\/\\\/chasquideportivo.com\\\/ecrt\\\/category\\\/archivo\\\/golazo\\\/\"},{\"@type\":\"ListItem\",\"position\":4,\"name\":\"Independiente del Valle por la reivindicaci\u00f3n\"}]},{\"@type\":\"WebSite\",\"@id\":\"https:\\\/\\\/chasquideportivo.com\\\/ecrt\\\/#website\",\"url\":\"https:\\\/\\\/chasquideportivo.com\\\/ecrt\\\/\",\"name\":\"ChasquiDeportivo\",\"description\":\"Informaci&oacute;n y comunicaci&oacute;n, reportajes, noticias, entrevistas en el &aacute;rea del deporte local, nacional.\",\"publisher\":{\"@id\":\"https:\\\/\\\/chasquideportivo.com\\\/ecrt\\\/#organization\"},\"potentialAction\":[{\"@type\":\"SearchAction\",\"target\":{\"@type\":\"EntryPoint\",\"urlTemplate\":\"https:\\\/\\\/chasquideportivo.com\\\/ecrt\\\/?s={search_term_string}\"},\"query-input\":{\"@type\":\"PropertyValueSpecification\",\"valueRequired\":true,\"valueName\":\"search_term_string\"}}],\"inLanguage\":\"es\"},{\"@type\":\"Organization\",\"@id\":\"https:\\\/\\\/chasquideportivo.com\\\/ecrt\\\/#organization\",\"name\":\"Chasqui Deportivo\",\"url\":\"https:\\\/\\\/chasquideportivo.com\\\/ecrt\\\/\",\"logo\":{\"@type\":\"ImageObject\",\"inLanguage\":\"es\",\"@id\":\"https:\\\/\\\/chasquideportivo.com\\\/ecrt\\\/#\\\/schema\\\/logo\\\/image\\\/\",\"url\":\"https:\\\/\\\/chasquideportivo.com\\\/ecrt\\\/wp-content\\\/uploads\\\/2022\\\/01\\\/logo-vertical.jpg\",\"contentUrl\":\"https:\\\/\\\/chasquideportivo.com\\\/ecrt\\\/wp-content\\\/uploads\\\/2022\\\/01\\\/logo-vertical.jpg\",\"width\":612,\"height\":750,\"caption\":\"Chasqui Deportivo\"},\"image\":{\"@id\":\"https:\\\/\\\/chasquideportivo.com\\\/ecrt\\\/#\\\/schema\\\/logo\\\/image\\\/\"},\"sameAs\":[\"https:\\\/\\\/www.facebook.com\\\/chasquideportivo\",\"https:\\\/\\\/x.com\\\/chasquidep\",\"https:\\\/\\\/www.instagram.com\\\/chasquideportivo.ec\",\"https:\\\/\\\/www.youtube.com\\\/channel\\\/UCGY8M-csHuxJuGRt4XrV90Q\"]},{\"@type\":\"Person\",\"@id\":\"https:\\\/\\\/chasquideportivo.com\\\/ecrt\\\/#\\\/schema\\\/person\\\/d9e229fabae4c1e3f82cf66d802ca7b6\",\"name\":\"kollage\",\"image\":{\"@type\":\"ImageObject\",\"inLanguage\":\"es\",\"@id\":\"https:\\\/\\\/secure.gravatar.com\\\/avatar\\\/69b5388bf21dfca5434ca100f351036f1fbff72ba519ef8157b31bcc7fbfbb18?s=96&d=mm&r=g\",\"url\":\"https:\\\/\\\/secure.gravatar.com\\\/avatar\\\/69b5388bf21dfca5434ca100f351036f1fbff72ba519ef8157b31bcc7fbfbb18?s=96&d=mm&r=g\",\"contentUrl\":\"https:\\\/\\\/secure.gravatar.com\\\/avatar\\\/69b5388bf21dfca5434ca100f351036f1fbff72ba519ef8157b31bcc7fbfbb18?s=96&d=mm&r=g\",\"caption\":\"kollage\"},\"sameAs\":[\"https:\\\/\\\/chasquideportivo.com\\\/ecrt\"],\"url\":\"https:\\\/\\\/chasquideportivo.com\\\/ecrt\\\/author\\\/kollage\\\/\"}]}<\/script>\n<!-- \/ Yoast SEO plugin. -->","yoast_head_json":{"title":"Independiente del Valle por la reivindicaci\u00f3n - ChasquiDeportivo","description":"Chasqui Deportivo | Informaci\u00f3n y comunicaci\u00f3n, reportajes, noticias, entrevistas en el \u00e1rea del deporte local, nacional.","robots":{"index":"index","follow":"follow","max-snippet":"max-snippet:-1","max-image-preview":"max-image-preview:large","max-video-preview":"max-video-preview:-1"},"canonical":"https:\/\/chasquideportivo.com\/ecrt\/independiente-del-valle-por-la-reivindicacion\/","og_locale":"es_ES","og_type":"article","og_title":"Independiente del Valle por la reivindicaci\u00f3n - ChasquiDeportivo","og_description":"Chasqui Deportivo | Informaci\u00f3n y comunicaci\u00f3n, reportajes, noticias, entrevistas en el \u00e1rea del deporte local, nacional.","og_url":"https:\/\/chasquideportivo.com\/ecrt\/independiente-del-valle-por-la-reivindicacion\/","og_site_name":"ChasquiDeportivo","article_publisher":"https:\/\/www.facebook.com\/chasquideportivo","article_published_time":"2021-03-20T18:00:03+00:00","article_modified_time":"2021-03-20T19:18:32+00:00","author":"kollage","twitter_card":"summary_large_image","twitter_creator":"@chasquidep","twitter_site":"@chasquidep","twitter_misc":{"Escrito por":"kollage","Tiempo de lectura":"3 minutos"},"schema":{"@context":"https:\/\/schema.org","@graph":[{"@type":"Article","@id":"https:\/\/chasquideportivo.com\/ecrt\/independiente-del-valle-por-la-reivindicacion\/#article","isPartOf":{"@id":"https:\/\/chasquideportivo.com\/ecrt\/independiente-del-valle-por-la-reivindicacion\/"},"author":{"name":"kollage","@id":"https:\/\/chasquideportivo.com\/ecrt\/#\/schema\/person\/d9e229fabae4c1e3f82cf66d802ca7b6"},"headline":"Independiente del Valle por la reivindicaci\u00f3n","datePublished":"2021-03-20T18:00:03+00:00","dateModified":"2021-03-20T19:18:32+00:00","mainEntityOfPage":{"@id":"https:\/\/chasquideportivo.com\/ecrt\/independiente-del-valle-por-la-reivindicacion\/"},"wordCount":543,"commentCount":0,"publisher":{"@id":"https:\/\/chasquideportivo.com\/ecrt\/#organization"},"keywords":["2018","2019","2020","2021","actividad deportiva","barriales","barrio","chasqui","chasqui deportivo","deporte","deporte barrial ecuatoriano","deportistas","deportivo","deportivos","dirigentcia","dirigentes","ecuador","ecuatorianas","ecuatoriano","ecuatorianos","futbol","futbolistas","ligas","ligas barriales ecuador","pa\u00eds","quito"],"articleSection":["Golazo"],"inLanguage":"es","potentialAction":[{"@type":"CommentAction","name":"Comment","target":["https:\/\/chasquideportivo.com\/ecrt\/independiente-del-valle-por-la-reivindicacion\/#respond"]}]},{"@type":"WebPage","@id":"https:\/\/chasquideportivo.com\/ecrt\/independiente-del-valle-por-la-reivindicacion\/","url":"https:\/\/chasquideportivo.com\/ecrt\/independiente-del-valle-por-la-reivindicacion\/","name":"Independiente del Valle por la reivindicaci\u00f3n - ChasquiDeportivo","isPartOf":{"@id":"https:\/\/chasquideportivo.com\/ecrt\/#website"},"datePublished":"2021-03-20T18:00:03+00:00","dateModified":"2021-03-20T19:18:32+00:00","description":"Chasqui Deportivo | Informaci\u00f3n y comunicaci\u00f3n, reportajes, noticias, entrevistas en el \u00e1rea del deporte local, nacional.","breadcrumb":{"@id":"https:\/\/chasquideportivo.com\/ecrt\/independiente-del-valle-por-la-reivindicacion\/#breadcrumb"},"inLanguage":"es","potentialAction":[{"@type":"ReadAction","target":["https:\/\/chasquideportivo.com\/ecrt\/independiente-del-valle-por-la-reivindicacion\/"]}]},{"@type":"BreadcrumbList","@id":"https:\/\/chasquideportivo.com\/ecrt\/independiente-del-valle-por-la-reivindicacion\/#breadcrumb","itemListElement":[{"@type":"ListItem","position":1,"name":"Portada | Chasqui Deportivo","item":"https:\/\/chasquideportivo.com\/ecrt\/"},{"@type":"ListItem","position":2,"name":"Archivo","item":"https:\/\/chasquideportivo.com\/ecrt\/category\/archivo\/"},{"@type":"ListItem","position":3,"name":"Golazo","item":"https:\/\/chasquideportivo.com\/ecrt\/category\/archivo\/golazo\/"},{"@type":"ListItem","position":4,"name":"Independiente del Valle por la reivindicaci\u00f3n"}]},{"@type":"WebSite","@id":"https:\/\/chasquideportivo.com\/ecrt\/#website","url":"https:\/\/chasquideportivo.com\/ecrt\/","name":"ChasquiDeportivo","description":"Informaci&oacute;n y comunicaci&oacute;n, reportajes, noticias, entrevistas en el &aacute;rea del deporte local, nacional.","publisher":{"@id":"https:\/\/chasquideportivo.com\/ecrt\/#organization"},"potentialAction":[{"@type":"SearchAction","target":{"@type":"EntryPoint","urlTemplate":"https:\/\/chasquideportivo.com\/ecrt\/?s={search_term_string}"},"query-input":{"@type":"PropertyValueSpecification","valueRequired":true,"valueName":"search_term_string"}}],"inLanguage":"es"},{"@type":"Organization","@id":"https:\/\/chasquideportivo.com\/ecrt\/#organization","name":"Chasqui Deportivo","url":"https:\/\/chasquideportivo.com\/ecrt\/","logo":{"@type":"ImageObject","inLanguage":"es","@id":"https:\/\/chasquideportivo.com\/ecrt\/#\/schema\/logo\/image\/","url":"https:\/\/chasquideportivo.com\/ecrt\/wp-content\/uploads\/2022\/01\/logo-vertical.jpg","contentUrl":"https:\/\/chasquideportivo.com\/ecrt\/wp-content\/uploads\/2022\/01\/logo-vertical.jpg","width":612,"height":750,"caption":"Chasqui Deportivo"},"image":{"@id":"https:\/\/chasquideportivo.com\/ecrt\/#\/schema\/logo\/image\/"},"sameAs":["https:\/\/www.facebook.com\/chasquideportivo","https:\/\/x.com\/chasquidep","https:\/\/www.instagram.com\/chasquideportivo.ec","https:\/\/www.youtube.com\/channel\/UCGY8M-csHuxJuGRt4XrV90Q"]},{"@type":"Person","@id":"https:\/\/chasquideportivo.com\/ecrt\/#\/schema\/person\/d9e229fabae4c1e3f82cf66d802ca7b6","name":"kollage","image":{"@type":"ImageObject","inLanguage":"es","@id":"https:\/\/secure.gravatar.com\/avatar\/69b5388bf21dfca5434ca100f351036f1fbff72ba519ef8157b31bcc7fbfbb18?s=96&d=mm&r=g","url":"https:\/\/secure.gravatar.com\/avatar\/69b5388bf21dfca5434ca100f351036f1fbff72ba519ef8157b31bcc7fbfbb18?s=96&d=mm&r=g","contentUrl":"https:\/\/secure.gravatar.com\/avatar\/69b5388bf21dfca5434ca100f351036f1fbff72ba519ef8157b31bcc7fbfbb18?s=96&d=mm&r=g","caption":"kollage"},"sameAs":["https:\/\/chasquideportivo.com\/ecrt"],"url":"https:\/\/chasquideportivo.com\/ecrt\/author\/kollage\/"}]}},"_links":{"self":[{"href":"https:\/\/chasquideportivo.com\/ecrt\/wp-json\/wp\/v2\/posts\/5764","targetHints":{"allow":["GET"]}}],"collection":[{"href":"https:\/\/chasquideportivo.com\/ecrt\/wp-json\/wp\/v2\/posts"}],"about":[{"href":"https:\/\/chasquideportivo.com\/ecrt\/wp-json\/wp\/v2\/types\/post"}],"author":[{"embeddable":true,"href":"https:\/\/chasquideportivo.com\/ecrt\/wp-json\/wp\/v2\/users\/1"}],"replies":[{"embeddable":true,"href":"https:\/\/chasquideportivo.com\/ecrt\/wp-json\/wp\/v2\/comments?post=5764"}],"version-history":[{"count":1,"href":"https:\/\/chasquideportivo.com\/ecrt\/wp-json\/wp\/v2\/posts\/5764\/revisions"}],"predecessor-version":[{"id":5797,"href":"https:\/\/chasquideportivo.com\/ecrt\/wp-json\/wp\/v2\/posts\/5764\/revisions\/5797"}],"wp:attachment":[{"href":"https:\/\/chasquideportivo.com\/ecrt\/wp-json\/wp\/v2\/media?parent=5764"}],"wp:term":[{"taxonomy":"category","embeddable":true,"href":"https:\/\/chasquideportivo.com\/ecrt\/wp-json\/wp\/v2\/categories?post=5764"},{"taxonomy":"post_tag","embeddable":true,"href":"https:\/\/chasquideportivo.com\/ecrt\/wp-json\/wp\/v2\/tags?post=5764"}],"curies":[{"name":"wp","href":"https:\/\/api.w.org\/{rel}","templated":true}]}}