{"id":5753,"date":"2021-03-20T18:00:03","date_gmt":"2021-03-20T18:00:03","guid":{"rendered":"https:\/\/chasquideportivo.com\/ecrt\/2021\/03\/20\/nacional-femenino-jugara-la-copa-libertadores-con-caras-nuevas\/"},"modified":"2021-03-20T18:29:54","modified_gmt":"2021-03-20T18:29:54","slug":"nacional-femenino-jugara-la-copa-libertadores-con-caras-nuevas","status":"publish","type":"post","link":"https:\/\/chasquideportivo.com\/ecrt\/nacional-femenino-jugara-la-copa-libertadores-con-caras-nuevas\/","title":{"rendered":"Nacional femenino jugar\u00e1 la Copa Libertadores con caras nuevas"},"content":{"rendered":"<p>Las cuencanas Danna Pes\u00e1ntez y Mar\u00eda Isabel V\u00e1sconez, de Carneras UPS FC; las imbabure\u00f1as Isabel Trujillo, Mar\u00eda Bel\u00e9n Arag\u00f3n y la quite\u00f1a Arella J\u00e1come, de Liga de Quito; est\u00e1n entre los refuerzos de El Nacional para la Conmebol Libertadores Femenina que se jugar\u00e1 en Argentina desde el cinco de marzo.<\/p>\n<p>El equipo criollo tuvo que reestructurarse en el camino despu\u00e9s de la salida de una buena parte del plantel que logr\u00f3 el t\u00edtulo de la Superliga 2020 empezando por la directora t\u00e9cnica Wendy Vill\u00f3n, actual DT del Deportivo Cuenca.<\/p>\n<p>Las jugadoras que salieron del plantel son: Andrea Moran, Nicole Charcopa, Lisa Campos, Suany Fajardo, Ariana Lomas, Samantha Avil\u00e9s, Erika Gracia, Madelin Riera, Nayeli Bola\u00f1os (Deportivo Cuenca), Carina Caicedo (Independiente del Valle) e Ingrid Rodr\u00edguez. Esta \u00faltima se someti\u00f3 a una cirug\u00eda de ligamento cruzado anterior.<\/p>\n<p>El profesor Jos\u00e9 Mar\u00eda Garay asumi\u00f3 la direcci\u00f3n t\u00e9cnica y empez\u00f3 a trabajar con la base del plantel sub-16 que particip\u00f3 en 2019 en la Fiesta Sudamericana de la Juventud en Asunci\u00f3n, Paraguay.<\/p>\n<p>El plantel criollo viajar\u00e1 a Argentina el pr\u00f3ximo martes dos de marzo y tiene previsto regresar el 13 del mismo mes en caso de no pasar a la siguiente fase. En el sorteo de grupos, las Guerreras Criollas integraron el Grupo A con el vigente campe\u00f3n continental Corinthians, el campe\u00f3n peruano Universitario y el subcampe\u00f3n colombiano Am\u00e9rica de Cali. Las Guerreras de El Nacional empataron a un tanto en su compromiso amistoso frente a Liga Deportiva Universitaria en los \u00faltimos entrenamientos antes de viajar al torneo internacional.<\/p>\n<p>El certamen de la Conmebol se jugar\u00e1 hasta el 21 de marzo. Los partidos se jugar\u00e1n en los estadios: Jos\u00e9 Amalfitani, del V\u00e9lez Sarsfield, y el Nuevo Francisco Urbano Mor\u00f3n, del Deportivo Mor\u00f3n.<\/p>\n<p>Partidos:<\/p>\n<p>Corintians vs Nacional 5 de marzo en el estadio de Mor\u00f3n, 15h00.<\/p>\n<p>Nacional vs Am\u00e9rica de Cali, 8 de marzo, &nbsp;17h30<\/p>\n<p>El torneo internacional se realiza este marzo en Argentina. El equipo femenino de&nbsp; f\u00fatbol debuta frente al Corintians de Brasil el 5 de marzo en Mor\u00f3n. Las criollas se reforzaron con varias jugadoras experimentadas.<\/p>\n<p>2021-02-25 22:34:44<\/p>\n<p>Golazo<\/p>\n","protected":false},"excerpt":{"rendered":"<p>Las cuencanas Danna Pes\u00e1ntez y Mar\u00eda Isabel V\u00e1sconez, de Carneras UPS FC; las imbabure\u00f1as Isabel Trujillo, Mar\u00eda Bel\u00e9n Arag\u00f3n y la quite\u00f1a Arella J\u00e1come, de Liga de Quito; est\u00e1n entre los refuerzos de El Nacional para la Conmebol Libertadores Femenina que se jugar\u00e1 en Argentina desde el cinco de marzo. El equipo criollo tuvo que [&hellip;]<\/p>\n","protected":false},"author":1,"featured_media":0,"comment_status":"open","ping_status":"open","sticky":false,"template":"","format":"standard","meta":{"_et_pb_use_builder":"","_et_pb_old_content":"","_et_gb_content_width":"","footnotes":""},"categories":[18],"tags":[37,36,35,34,39,28,23,20,22,24,19,38,21,41,40,3,6,31,25,42,29,30,27,26,33,32],"class_list":["post-5753","post","type-post","status-publish","format-standard","hentry","category-golazo","tag-37","tag-36","tag-35","tag-34","tag-actividad-deportiva","tag-barriales","tag-barrio","tag-chasqui","tag-chasqui-deportivo","tag-deporte","tag-deporte-barrial-ecuatoriano","tag-deportistas","tag-deportivo","tag-deportivos","tag-dirigentcia","tag-dirigentes","tag-ecuador","tag-ecuatorianas","tag-ecuatoriano","tag-ecuatorianos","tag-futbol","tag-futbolistas","tag-ligas","tag-ligas-barriales-ecuador","tag-pais","tag-quito"],"yoast_head":"<!-- This site is optimized with the Yoast SEO plugin v27.4 - https:\/\/yoast.com\/product\/yoast-seo-wordpress\/ -->\n<title>Nacional femenino jugar\u00e1 la Copa Libertadores con caras nuevas - ChasquiDeportivo<\/title>\n<meta name=\"description\" content=\"Chasqui Deportivo | Informaci\u00f3n y comunicaci\u00f3n, reportajes, noticias, entrevistas en el \u00e1rea del deporte local, nacional.\" \/>\n<meta name=\"robots\" content=\"index, follow, max-snippet:-1, max-image-preview:large, max-video-preview:-1\" \/>\n<link rel=\"canonical\" href=\"https:\/\/chasquideportivo.com\/ecrt\/nacional-femenino-jugara-la-copa-libertadores-con-caras-nuevas\/\" \/>\n<meta property=\"og:locale\" content=\"es_ES\" \/>\n<meta property=\"og:type\" content=\"article\" \/>\n<meta property=\"og:title\" content=\"Nacional femenino jugar\u00e1 la Copa Libertadores con caras nuevas - ChasquiDeportivo\" \/>\n<meta property=\"og:description\" content=\"Chasqui Deportivo | Informaci\u00f3n y comunicaci\u00f3n, reportajes, noticias, entrevistas en el \u00e1rea del deporte local, nacional.\" \/>\n<meta property=\"og:url\" content=\"https:\/\/chasquideportivo.com\/ecrt\/nacional-femenino-jugara-la-copa-libertadores-con-caras-nuevas\/\" \/>\n<meta property=\"og:site_name\" content=\"ChasquiDeportivo\" \/>\n<meta property=\"article:publisher\" content=\"https:\/\/www.facebook.com\/chasquideportivo\" \/>\n<meta property=\"article:published_time\" content=\"2021-03-20T18:00:03+00:00\" \/>\n<meta property=\"article:modified_time\" content=\"2021-03-20T18:29:54+00:00\" \/>\n<meta name=\"author\" content=\"kollage\" \/>\n<meta name=\"twitter:card\" content=\"summary_large_image\" \/>\n<meta name=\"twitter:creator\" content=\"@chasquidep\" \/>\n<meta name=\"twitter:site\" content=\"@chasquidep\" \/>\n<meta name=\"twitter:label1\" content=\"Escrito por\" \/>\n\t<meta name=\"twitter:data1\" content=\"kollage\" \/>\n\t<meta name=\"twitter:label2\" content=\"Tiempo de lectura\" \/>\n\t<meta name=\"twitter:data2\" content=\"2 minutos\" \/>\n<script type=\"application\/ld+json\" class=\"yoast-schema-graph\">{\"@context\":\"https:\\\/\\\/schema.org\",\"@graph\":[{\"@type\":\"Article\",\"@id\":\"https:\\\/\\\/chasquideportivo.com\\\/ecrt\\\/nacional-femenino-jugara-la-copa-libertadores-con-caras-nuevas\\\/#article\",\"isPartOf\":{\"@id\":\"https:\\\/\\\/chasquideportivo.com\\\/ecrt\\\/nacional-femenino-jugara-la-copa-libertadores-con-caras-nuevas\\\/\"},\"author\":{\"name\":\"kollage\",\"@id\":\"https:\\\/\\\/chasquideportivo.com\\\/ecrt\\\/#\\\/schema\\\/person\\\/d9e229fabae4c1e3f82cf66d802ca7b6\"},\"headline\":\"Nacional femenino jugar\u00e1 la Copa Libertadores con caras nuevas\",\"datePublished\":\"2021-03-20T18:00:03+00:00\",\"dateModified\":\"2021-03-20T18:29:54+00:00\",\"mainEntityOfPage\":{\"@id\":\"https:\\\/\\\/chasquideportivo.com\\\/ecrt\\\/nacional-femenino-jugara-la-copa-libertadores-con-caras-nuevas\\\/\"},\"wordCount\":386,\"commentCount\":0,\"publisher\":{\"@id\":\"https:\\\/\\\/chasquideportivo.com\\\/ecrt\\\/#organization\"},\"keywords\":[\"2018\",\"2019\",\"2020\",\"2021\",\"actividad deportiva\",\"barriales\",\"barrio\",\"chasqui\",\"chasqui deportivo\",\"deporte\",\"deporte barrial ecuatoriano\",\"deportistas\",\"deportivo\",\"deportivos\",\"dirigentcia\",\"dirigentes\",\"ecuador\",\"ecuatorianas\",\"ecuatoriano\",\"ecuatorianos\",\"futbol\",\"futbolistas\",\"ligas\",\"ligas barriales ecuador\",\"pa\u00eds\",\"quito\"],\"articleSection\":[\"Golazo\"],\"inLanguage\":\"es\",\"potentialAction\":[{\"@type\":\"CommentAction\",\"name\":\"Comment\",\"target\":[\"https:\\\/\\\/chasquideportivo.com\\\/ecrt\\\/nacional-femenino-jugara-la-copa-libertadores-con-caras-nuevas\\\/#respond\"]}]},{\"@type\":\"WebPage\",\"@id\":\"https:\\\/\\\/chasquideportivo.com\\\/ecrt\\\/nacional-femenino-jugara-la-copa-libertadores-con-caras-nuevas\\\/\",\"url\":\"https:\\\/\\\/chasquideportivo.com\\\/ecrt\\\/nacional-femenino-jugara-la-copa-libertadores-con-caras-nuevas\\\/\",\"name\":\"Nacional femenino jugar\u00e1 la Copa Libertadores con caras nuevas - ChasquiDeportivo\",\"isPartOf\":{\"@id\":\"https:\\\/\\\/chasquideportivo.com\\\/ecrt\\\/#website\"},\"datePublished\":\"2021-03-20T18:00:03+00:00\",\"dateModified\":\"2021-03-20T18:29:54+00:00\",\"description\":\"Chasqui Deportivo | Informaci\u00f3n y comunicaci\u00f3n, reportajes, noticias, entrevistas en el \u00e1rea del deporte local, nacional.\",\"breadcrumb\":{\"@id\":\"https:\\\/\\\/chasquideportivo.com\\\/ecrt\\\/nacional-femenino-jugara-la-copa-libertadores-con-caras-nuevas\\\/#breadcrumb\"},\"inLanguage\":\"es\",\"potentialAction\":[{\"@type\":\"ReadAction\",\"target\":[\"https:\\\/\\\/chasquideportivo.com\\\/ecrt\\\/nacional-femenino-jugara-la-copa-libertadores-con-caras-nuevas\\\/\"]}]},{\"@type\":\"BreadcrumbList\",\"@id\":\"https:\\\/\\\/chasquideportivo.com\\\/ecrt\\\/nacional-femenino-jugara-la-copa-libertadores-con-caras-nuevas\\\/#breadcrumb\",\"itemListElement\":[{\"@type\":\"ListItem\",\"position\":1,\"name\":\"Portada | Chasqui Deportivo\",\"item\":\"https:\\\/\\\/chasquideportivo.com\\\/ecrt\\\/\"},{\"@type\":\"ListItem\",\"position\":2,\"name\":\"Archivo\",\"item\":\"https:\\\/\\\/chasquideportivo.com\\\/ecrt\\\/category\\\/archivo\\\/\"},{\"@type\":\"ListItem\",\"position\":3,\"name\":\"Golazo\",\"item\":\"https:\\\/\\\/chasquideportivo.com\\\/ecrt\\\/category\\\/archivo\\\/golazo\\\/\"},{\"@type\":\"ListItem\",\"position\":4,\"name\":\"Nacional femenino jugar\u00e1 la Copa Libertadores con caras nuevas\"}]},{\"@type\":\"WebSite\",\"@id\":\"https:\\\/\\\/chasquideportivo.com\\\/ecrt\\\/#website\",\"url\":\"https:\\\/\\\/chasquideportivo.com\\\/ecrt\\\/\",\"name\":\"ChasquiDeportivo\",\"description\":\"Informaci&oacute;n y comunicaci&oacute;n, reportajes, noticias, entrevistas en el &aacute;rea del deporte local, nacional.\",\"publisher\":{\"@id\":\"https:\\\/\\\/chasquideportivo.com\\\/ecrt\\\/#organization\"},\"potentialAction\":[{\"@type\":\"SearchAction\",\"target\":{\"@type\":\"EntryPoint\",\"urlTemplate\":\"https:\\\/\\\/chasquideportivo.com\\\/ecrt\\\/?s={search_term_string}\"},\"query-input\":{\"@type\":\"PropertyValueSpecification\",\"valueRequired\":true,\"valueName\":\"search_term_string\"}}],\"inLanguage\":\"es\"},{\"@type\":\"Organization\",\"@id\":\"https:\\\/\\\/chasquideportivo.com\\\/ecrt\\\/#organization\",\"name\":\"Chasqui Deportivo\",\"url\":\"https:\\\/\\\/chasquideportivo.com\\\/ecrt\\\/\",\"logo\":{\"@type\":\"ImageObject\",\"inLanguage\":\"es\",\"@id\":\"https:\\\/\\\/chasquideportivo.com\\\/ecrt\\\/#\\\/schema\\\/logo\\\/image\\\/\",\"url\":\"https:\\\/\\\/chasquideportivo.com\\\/ecrt\\\/wp-content\\\/uploads\\\/2022\\\/01\\\/logo-vertical.jpg\",\"contentUrl\":\"https:\\\/\\\/chasquideportivo.com\\\/ecrt\\\/wp-content\\\/uploads\\\/2022\\\/01\\\/logo-vertical.jpg\",\"width\":612,\"height\":750,\"caption\":\"Chasqui Deportivo\"},\"image\":{\"@id\":\"https:\\\/\\\/chasquideportivo.com\\\/ecrt\\\/#\\\/schema\\\/logo\\\/image\\\/\"},\"sameAs\":[\"https:\\\/\\\/www.facebook.com\\\/chasquideportivo\",\"https:\\\/\\\/x.com\\\/chasquidep\",\"https:\\\/\\\/www.instagram.com\\\/chasquideportivo.ec\",\"https:\\\/\\\/www.youtube.com\\\/channel\\\/UCGY8M-csHuxJuGRt4XrV90Q\"]},{\"@type\":\"Person\",\"@id\":\"https:\\\/\\\/chasquideportivo.com\\\/ecrt\\\/#\\\/schema\\\/person\\\/d9e229fabae4c1e3f82cf66d802ca7b6\",\"name\":\"kollage\",\"image\":{\"@type\":\"ImageObject\",\"inLanguage\":\"es\",\"@id\":\"https:\\\/\\\/secure.gravatar.com\\\/avatar\\\/69b5388bf21dfca5434ca100f351036f1fbff72ba519ef8157b31bcc7fbfbb18?s=96&d=mm&r=g\",\"url\":\"https:\\\/\\\/secure.gravatar.com\\\/avatar\\\/69b5388bf21dfca5434ca100f351036f1fbff72ba519ef8157b31bcc7fbfbb18?s=96&d=mm&r=g\",\"contentUrl\":\"https:\\\/\\\/secure.gravatar.com\\\/avatar\\\/69b5388bf21dfca5434ca100f351036f1fbff72ba519ef8157b31bcc7fbfbb18?s=96&d=mm&r=g\",\"caption\":\"kollage\"},\"sameAs\":[\"https:\\\/\\\/chasquideportivo.com\\\/ecrt\"],\"url\":\"https:\\\/\\\/chasquideportivo.com\\\/ecrt\\\/author\\\/kollage\\\/\"}]}<\/script>\n<!-- \/ Yoast SEO plugin. -->","yoast_head_json":{"title":"Nacional femenino jugar\u00e1 la Copa Libertadores con caras nuevas - ChasquiDeportivo","description":"Chasqui Deportivo | Informaci\u00f3n y comunicaci\u00f3n, reportajes, noticias, entrevistas en el \u00e1rea del deporte local, nacional.","robots":{"index":"index","follow":"follow","max-snippet":"max-snippet:-1","max-image-preview":"max-image-preview:large","max-video-preview":"max-video-preview:-1"},"canonical":"https:\/\/chasquideportivo.com\/ecrt\/nacional-femenino-jugara-la-copa-libertadores-con-caras-nuevas\/","og_locale":"es_ES","og_type":"article","og_title":"Nacional femenino jugar\u00e1 la Copa Libertadores con caras nuevas - ChasquiDeportivo","og_description":"Chasqui Deportivo | Informaci\u00f3n y comunicaci\u00f3n, reportajes, noticias, entrevistas en el \u00e1rea del deporte local, nacional.","og_url":"https:\/\/chasquideportivo.com\/ecrt\/nacional-femenino-jugara-la-copa-libertadores-con-caras-nuevas\/","og_site_name":"ChasquiDeportivo","article_publisher":"https:\/\/www.facebook.com\/chasquideportivo","article_published_time":"2021-03-20T18:00:03+00:00","article_modified_time":"2021-03-20T18:29:54+00:00","author":"kollage","twitter_card":"summary_large_image","twitter_creator":"@chasquidep","twitter_site":"@chasquidep","twitter_misc":{"Escrito por":"kollage","Tiempo de lectura":"2 minutos"},"schema":{"@context":"https:\/\/schema.org","@graph":[{"@type":"Article","@id":"https:\/\/chasquideportivo.com\/ecrt\/nacional-femenino-jugara-la-copa-libertadores-con-caras-nuevas\/#article","isPartOf":{"@id":"https:\/\/chasquideportivo.com\/ecrt\/nacional-femenino-jugara-la-copa-libertadores-con-caras-nuevas\/"},"author":{"name":"kollage","@id":"https:\/\/chasquideportivo.com\/ecrt\/#\/schema\/person\/d9e229fabae4c1e3f82cf66d802ca7b6"},"headline":"Nacional femenino jugar\u00e1 la Copa Libertadores con caras nuevas","datePublished":"2021-03-20T18:00:03+00:00","dateModified":"2021-03-20T18:29:54+00:00","mainEntityOfPage":{"@id":"https:\/\/chasquideportivo.com\/ecrt\/nacional-femenino-jugara-la-copa-libertadores-con-caras-nuevas\/"},"wordCount":386,"commentCount":0,"publisher":{"@id":"https:\/\/chasquideportivo.com\/ecrt\/#organization"},"keywords":["2018","2019","2020","2021","actividad deportiva","barriales","barrio","chasqui","chasqui deportivo","deporte","deporte barrial ecuatoriano","deportistas","deportivo","deportivos","dirigentcia","dirigentes","ecuador","ecuatorianas","ecuatoriano","ecuatorianos","futbol","futbolistas","ligas","ligas barriales ecuador","pa\u00eds","quito"],"articleSection":["Golazo"],"inLanguage":"es","potentialAction":[{"@type":"CommentAction","name":"Comment","target":["https:\/\/chasquideportivo.com\/ecrt\/nacional-femenino-jugara-la-copa-libertadores-con-caras-nuevas\/#respond"]}]},{"@type":"WebPage","@id":"https:\/\/chasquideportivo.com\/ecrt\/nacional-femenino-jugara-la-copa-libertadores-con-caras-nuevas\/","url":"https:\/\/chasquideportivo.com\/ecrt\/nacional-femenino-jugara-la-copa-libertadores-con-caras-nuevas\/","name":"Nacional femenino jugar\u00e1 la Copa Libertadores con caras nuevas - ChasquiDeportivo","isPartOf":{"@id":"https:\/\/chasquideportivo.com\/ecrt\/#website"},"datePublished":"2021-03-20T18:00:03+00:00","dateModified":"2021-03-20T18:29:54+00:00","description":"Chasqui Deportivo | Informaci\u00f3n y comunicaci\u00f3n, reportajes, noticias, entrevistas en el \u00e1rea del deporte local, nacional.","breadcrumb":{"@id":"https:\/\/chasquideportivo.com\/ecrt\/nacional-femenino-jugara-la-copa-libertadores-con-caras-nuevas\/#breadcrumb"},"inLanguage":"es","potentialAction":[{"@type":"ReadAction","target":["https:\/\/chasquideportivo.com\/ecrt\/nacional-femenino-jugara-la-copa-libertadores-con-caras-nuevas\/"]}]},{"@type":"BreadcrumbList","@id":"https:\/\/chasquideportivo.com\/ecrt\/nacional-femenino-jugara-la-copa-libertadores-con-caras-nuevas\/#breadcrumb","itemListElement":[{"@type":"ListItem","position":1,"name":"Portada | Chasqui Deportivo","item":"https:\/\/chasquideportivo.com\/ecrt\/"},{"@type":"ListItem","position":2,"name":"Archivo","item":"https:\/\/chasquideportivo.com\/ecrt\/category\/archivo\/"},{"@type":"ListItem","position":3,"name":"Golazo","item":"https:\/\/chasquideportivo.com\/ecrt\/category\/archivo\/golazo\/"},{"@type":"ListItem","position":4,"name":"Nacional femenino jugar\u00e1 la Copa Libertadores con caras nuevas"}]},{"@type":"WebSite","@id":"https:\/\/chasquideportivo.com\/ecrt\/#website","url":"https:\/\/chasquideportivo.com\/ecrt\/","name":"ChasquiDeportivo","description":"Informaci&oacute;n y comunicaci&oacute;n, reportajes, noticias, entrevistas en el &aacute;rea del deporte local, nacional.","publisher":{"@id":"https:\/\/chasquideportivo.com\/ecrt\/#organization"},"potentialAction":[{"@type":"SearchAction","target":{"@type":"EntryPoint","urlTemplate":"https:\/\/chasquideportivo.com\/ecrt\/?s={search_term_string}"},"query-input":{"@type":"PropertyValueSpecification","valueRequired":true,"valueName":"search_term_string"}}],"inLanguage":"es"},{"@type":"Organization","@id":"https:\/\/chasquideportivo.com\/ecrt\/#organization","name":"Chasqui Deportivo","url":"https:\/\/chasquideportivo.com\/ecrt\/","logo":{"@type":"ImageObject","inLanguage":"es","@id":"https:\/\/chasquideportivo.com\/ecrt\/#\/schema\/logo\/image\/","url":"https:\/\/chasquideportivo.com\/ecrt\/wp-content\/uploads\/2022\/01\/logo-vertical.jpg","contentUrl":"https:\/\/chasquideportivo.com\/ecrt\/wp-content\/uploads\/2022\/01\/logo-vertical.jpg","width":612,"height":750,"caption":"Chasqui Deportivo"},"image":{"@id":"https:\/\/chasquideportivo.com\/ecrt\/#\/schema\/logo\/image\/"},"sameAs":["https:\/\/www.facebook.com\/chasquideportivo","https:\/\/x.com\/chasquidep","https:\/\/www.instagram.com\/chasquideportivo.ec","https:\/\/www.youtube.com\/channel\/UCGY8M-csHuxJuGRt4XrV90Q"]},{"@type":"Person","@id":"https:\/\/chasquideportivo.com\/ecrt\/#\/schema\/person\/d9e229fabae4c1e3f82cf66d802ca7b6","name":"kollage","image":{"@type":"ImageObject","inLanguage":"es","@id":"https:\/\/secure.gravatar.com\/avatar\/69b5388bf21dfca5434ca100f351036f1fbff72ba519ef8157b31bcc7fbfbb18?s=96&d=mm&r=g","url":"https:\/\/secure.gravatar.com\/avatar\/69b5388bf21dfca5434ca100f351036f1fbff72ba519ef8157b31bcc7fbfbb18?s=96&d=mm&r=g","contentUrl":"https:\/\/secure.gravatar.com\/avatar\/69b5388bf21dfca5434ca100f351036f1fbff72ba519ef8157b31bcc7fbfbb18?s=96&d=mm&r=g","caption":"kollage"},"sameAs":["https:\/\/chasquideportivo.com\/ecrt"],"url":"https:\/\/chasquideportivo.com\/ecrt\/author\/kollage\/"}]}},"_links":{"self":[{"href":"https:\/\/chasquideportivo.com\/ecrt\/wp-json\/wp\/v2\/posts\/5753","targetHints":{"allow":["GET"]}}],"collection":[{"href":"https:\/\/chasquideportivo.com\/ecrt\/wp-json\/wp\/v2\/posts"}],"about":[{"href":"https:\/\/chasquideportivo.com\/ecrt\/wp-json\/wp\/v2\/types\/post"}],"author":[{"embeddable":true,"href":"https:\/\/chasquideportivo.com\/ecrt\/wp-json\/wp\/v2\/users\/1"}],"replies":[{"embeddable":true,"href":"https:\/\/chasquideportivo.com\/ecrt\/wp-json\/wp\/v2\/comments?post=5753"}],"version-history":[{"count":1,"href":"https:\/\/chasquideportivo.com\/ecrt\/wp-json\/wp\/v2\/posts\/5753\/revisions"}],"predecessor-version":[{"id":5809,"href":"https:\/\/chasquideportivo.com\/ecrt\/wp-json\/wp\/v2\/posts\/5753\/revisions\/5809"}],"wp:attachment":[{"href":"https:\/\/chasquideportivo.com\/ecrt\/wp-json\/wp\/v2\/media?parent=5753"}],"wp:term":[{"taxonomy":"category","embeddable":true,"href":"https:\/\/chasquideportivo.com\/ecrt\/wp-json\/wp\/v2\/categories?post=5753"},{"taxonomy":"post_tag","embeddable":true,"href":"https:\/\/chasquideportivo.com\/ecrt\/wp-json\/wp\/v2\/tags?post=5753"}],"curies":[{"name":"wp","href":"https:\/\/api.w.org\/{rel}","templated":true}]}}