{"id":5743,"date":"2021-03-20T18:00:01","date_gmt":"2021-03-20T18:00:01","guid":{"rendered":"https:\/\/chasquideportivo.com\/ecrt\/2021\/03\/20\/el-balon-empieza-rodar-desde-este-viernes-en-los-estadios-de-ecuador\/"},"modified":"2021-03-20T18:31:45","modified_gmt":"2021-03-20T18:31:45","slug":"el-balon-empieza-rodar-desde-este-viernes-en-los-estadios-de-ecuador","status":"publish","type":"post","link":"https:\/\/chasquideportivo.com\/ecrt\/el-balon-empieza-rodar-desde-este-viernes-en-los-estadios-de-ecuador\/","title":{"rendered":"El bal\u00f3n empieza rodar desde este viernes en los estadios de Ecuador"},"content":{"rendered":"<p>Barcelona ratific\u00f3 al t\u00e9cnico con el que gan\u00f3 el t\u00edtulo, el argentino Fabi\u00e1n Bustos, y confirm\u00f3 tambi\u00e9n a la base de la plantilla campeona, que reforz\u00f3 con destacadas figuras de otros equipos locales. El cuadro guayaquile\u00f1o, m\u00e1ximo ganador local con diecis\u00e9is t\u00edtulos, comenzar\u00e1 su participaci\u00f3n el pr\u00f3ximo s\u00e1bado contra uno de los reci\u00e9n ascendidos a la primera divisi\u00f3n, Manta FC en la ciudad portuaria de Manta.<\/p>\n<p>El torneo local comenzar\u00e1 en medio de estrictos protocolos de bioseguridad y sin la presencia de aficionados en los estadios, debido a la persistencia de la pandemia del coronavirus que afecta al planeta desde el a\u00f1o pasado.<\/p>\n<p>Por su parte, el otro finalista del torneo ecuatoriano del a\u00f1o pasado, Liga de Quito, recibir\u00e1 al otro debutante de la actual temporada, Nueve de Octubre.<\/p>\n<p>Para el encuentro de ma\u00f1ana, el &#8220;Rey de Copas&#8221;, como tambi\u00e9n le dicen a Liga, sufrir\u00e1 las bajas del centrocampista argentino Lucas Villarruel, tampoco tendr\u00e1 a los nuevos refuerzos, el goleador paraguayo Luis Amarilla y el atacante argentino Juan Cruz Kaprof, los dos primeros por lesiones.<\/p>\n<p>La primera fecha de la primera fase comenzar\u00e1 con el partido entre Universidad Cat\u00f3lica y Olmedo, que saltar\u00e1n al estadio Ol\u00edmpico &#8220;Atahualpa&#8221;, de Quito, en desigualdad de condiciones.<\/p>\n<p>Mientras Cat\u00f3lica se aprestar\u00e1 tambi\u00e9n para debutar el pr\u00f3ximo martes contra Liverpool, en Uruguay, por la primera fase previa de repesca de Copa Libertadores, Olmedo se debate entre una crisis por la disputa de la presidencia entre directivos y tambi\u00e9n econ\u00f3mica.<\/p>\n<p>El popular Aucas se ha reforzado y durante los amistosos de la pretemporada mostr\u00f3 buen funcionamiento y oportuna adaptaci\u00f3n de los refuerzos solicitados por el t\u00e9cnico argentino Dar\u00edo Tempesta.<\/p>\n<p>Aucas visitar\u00e1 a Mushuc Runa en el estadio de la comunidad de Echaleche de la provincia de Tungurahua, a 3.250 metros de altitud sobre el nivel del mar.<\/p>\n<p>Guayaquil City y Macar\u00e1, de Ambato, protagonizar\u00e1n otro de los encuentros esperados en Ecuador, pues fueron protagonistas de la temporada pasada y, fruto de aquello, se clasificaron para la pr\u00f3xima Copa Sudamericana.<\/p>\n<p>Guayaquil City contar\u00e1 con el aporte de dos centrocampistas de gran nivel, Fernando Gaibor y Manuel Balda, mientras Macar\u00e1 estar\u00e1 comandado por el portero argentino Joaqu\u00edn Pucheta y su compatriota y goleador Juan Muriel Orlando.<\/p>\n<p>. Programa de partidos por la primera fecha de la primera fase:<\/p>\n<p>. Viernes: Universidad Cat\u00f3lica-Olmedo y Liga de Quito-Nueve de Octubre<\/p>\n<p>. S\u00e1bado: Mushuc Runa-Aucas; Guayaquil City-Macar\u00e1 y Manta-Barcelona.<\/p>\n<p>. Domingo: Orense-Independiente del Valle; T\u00e9cnico Universitario-Delf\u00edn y Emelec-Deportivo Cuenca. EFE<\/p>\n<p>Barcelona de Guayaquil comenzar\u00e1 la defensa del t\u00edtulo de 2021 en el inicio de la primera fase de la Liga Pro, que tendr\u00e1 como premio especial, adem\u00e1s de decidir al primer finalista de la actual temporada en Ecuador, un billete para la Copa Libertadores de 2022. Este viernes se juegan dos partidos de la LigaPro.<\/p>\n<p>2021-02-18 14:24:26<\/p>\n<p>Golazo<\/p>\n","protected":false},"excerpt":{"rendered":"<p>Barcelona ratific\u00f3 al t\u00e9cnico con el que gan\u00f3 el t\u00edtulo, el argentino Fabi\u00e1n Bustos, y confirm\u00f3 tambi\u00e9n a la base de la plantilla campeona, que reforz\u00f3 con destacadas figuras de otros equipos locales. El cuadro guayaquile\u00f1o, m\u00e1ximo ganador local con diecis\u00e9is t\u00edtulos, comenzar\u00e1 su participaci\u00f3n el pr\u00f3ximo s\u00e1bado contra uno de los reci\u00e9n ascendidos a [&hellip;]<\/p>\n","protected":false},"author":1,"featured_media":0,"comment_status":"open","ping_status":"open","sticky":false,"template":"","format":"standard","meta":{"_et_pb_use_builder":"","_et_pb_old_content":"","_et_gb_content_width":"","footnotes":""},"categories":[18],"tags":[37,36,35,34,39,28,23,20,22,24,19,38,21,41,40,3,6,31,25,42,29,30,27,26,33,32],"class_list":["post-5743","post","type-post","status-publish","format-standard","hentry","category-golazo","tag-37","tag-36","tag-35","tag-34","tag-actividad-deportiva","tag-barriales","tag-barrio","tag-chasqui","tag-chasqui-deportivo","tag-deporte","tag-deporte-barrial-ecuatoriano","tag-deportistas","tag-deportivo","tag-deportivos","tag-dirigentcia","tag-dirigentes","tag-ecuador","tag-ecuatorianas","tag-ecuatoriano","tag-ecuatorianos","tag-futbol","tag-futbolistas","tag-ligas","tag-ligas-barriales-ecuador","tag-pais","tag-quito"],"yoast_head":"<!-- This site is optimized with the Yoast SEO plugin v27.4 - https:\/\/yoast.com\/product\/yoast-seo-wordpress\/ -->\n<title>El bal\u00f3n empieza rodar desde este viernes en los estadios de Ecuador - ChasquiDeportivo<\/title>\n<meta name=\"description\" content=\"Chasqui Deportivo | Informaci\u00f3n y comunicaci\u00f3n, reportajes, noticias, entrevistas en el \u00e1rea del deporte local, nacional.\" \/>\n<meta name=\"robots\" content=\"index, follow, max-snippet:-1, max-image-preview:large, max-video-preview:-1\" \/>\n<link rel=\"canonical\" href=\"https:\/\/chasquideportivo.com\/ecrt\/el-balon-empieza-rodar-desde-este-viernes-en-los-estadios-de-ecuador\/\" \/>\n<meta property=\"og:locale\" content=\"es_ES\" \/>\n<meta property=\"og:type\" content=\"article\" \/>\n<meta property=\"og:title\" content=\"El bal\u00f3n empieza rodar desde este viernes en los estadios de Ecuador - ChasquiDeportivo\" \/>\n<meta property=\"og:description\" content=\"Chasqui Deportivo | Informaci\u00f3n y comunicaci\u00f3n, reportajes, noticias, entrevistas en el \u00e1rea del deporte local, nacional.\" \/>\n<meta property=\"og:url\" content=\"https:\/\/chasquideportivo.com\/ecrt\/el-balon-empieza-rodar-desde-este-viernes-en-los-estadios-de-ecuador\/\" \/>\n<meta property=\"og:site_name\" content=\"ChasquiDeportivo\" \/>\n<meta property=\"article:publisher\" content=\"https:\/\/www.facebook.com\/chasquideportivo\" \/>\n<meta property=\"article:published_time\" content=\"2021-03-20T18:00:01+00:00\" \/>\n<meta property=\"article:modified_time\" content=\"2021-03-20T18:31:45+00:00\" \/>\n<meta name=\"author\" content=\"kollage\" \/>\n<meta name=\"twitter:card\" content=\"summary_large_image\" \/>\n<meta name=\"twitter:creator\" content=\"@chasquidep\" \/>\n<meta name=\"twitter:site\" content=\"@chasquidep\" \/>\n<meta name=\"twitter:label1\" content=\"Escrito por\" \/>\n\t<meta name=\"twitter:data1\" content=\"kollage\" \/>\n\t<meta name=\"twitter:label2\" content=\"Tiempo de lectura\" \/>\n\t<meta name=\"twitter:data2\" content=\"2 minutos\" \/>\n<script type=\"application\/ld+json\" class=\"yoast-schema-graph\">{\"@context\":\"https:\\\/\\\/schema.org\",\"@graph\":[{\"@type\":\"Article\",\"@id\":\"https:\\\/\\\/chasquideportivo.com\\\/ecrt\\\/el-balon-empieza-rodar-desde-este-viernes-en-los-estadios-de-ecuador\\\/#article\",\"isPartOf\":{\"@id\":\"https:\\\/\\\/chasquideportivo.com\\\/ecrt\\\/el-balon-empieza-rodar-desde-este-viernes-en-los-estadios-de-ecuador\\\/\"},\"author\":{\"name\":\"kollage\",\"@id\":\"https:\\\/\\\/chasquideportivo.com\\\/ecrt\\\/#\\\/schema\\\/person\\\/d9e229fabae4c1e3f82cf66d802ca7b6\"},\"headline\":\"El bal\u00f3n empieza rodar desde este viernes en los estadios de Ecuador\",\"datePublished\":\"2021-03-20T18:00:01+00:00\",\"dateModified\":\"2021-03-20T18:31:45+00:00\",\"mainEntityOfPage\":{\"@id\":\"https:\\\/\\\/chasquideportivo.com\\\/ecrt\\\/el-balon-empieza-rodar-desde-este-viernes-en-los-estadios-de-ecuador\\\/\"},\"wordCount\":510,\"commentCount\":0,\"publisher\":{\"@id\":\"https:\\\/\\\/chasquideportivo.com\\\/ecrt\\\/#organization\"},\"keywords\":[\"2018\",\"2019\",\"2020\",\"2021\",\"actividad deportiva\",\"barriales\",\"barrio\",\"chasqui\",\"chasqui deportivo\",\"deporte\",\"deporte barrial ecuatoriano\",\"deportistas\",\"deportivo\",\"deportivos\",\"dirigentcia\",\"dirigentes\",\"ecuador\",\"ecuatorianas\",\"ecuatoriano\",\"ecuatorianos\",\"futbol\",\"futbolistas\",\"ligas\",\"ligas barriales ecuador\",\"pa\u00eds\",\"quito\"],\"articleSection\":[\"Golazo\"],\"inLanguage\":\"es\",\"potentialAction\":[{\"@type\":\"CommentAction\",\"name\":\"Comment\",\"target\":[\"https:\\\/\\\/chasquideportivo.com\\\/ecrt\\\/el-balon-empieza-rodar-desde-este-viernes-en-los-estadios-de-ecuador\\\/#respond\"]}]},{\"@type\":\"WebPage\",\"@id\":\"https:\\\/\\\/chasquideportivo.com\\\/ecrt\\\/el-balon-empieza-rodar-desde-este-viernes-en-los-estadios-de-ecuador\\\/\",\"url\":\"https:\\\/\\\/chasquideportivo.com\\\/ecrt\\\/el-balon-empieza-rodar-desde-este-viernes-en-los-estadios-de-ecuador\\\/\",\"name\":\"El bal\u00f3n empieza rodar desde este viernes en los estadios de Ecuador - ChasquiDeportivo\",\"isPartOf\":{\"@id\":\"https:\\\/\\\/chasquideportivo.com\\\/ecrt\\\/#website\"},\"datePublished\":\"2021-03-20T18:00:01+00:00\",\"dateModified\":\"2021-03-20T18:31:45+00:00\",\"description\":\"Chasqui Deportivo | Informaci\u00f3n y comunicaci\u00f3n, reportajes, noticias, entrevistas en el \u00e1rea del deporte local, nacional.\",\"breadcrumb\":{\"@id\":\"https:\\\/\\\/chasquideportivo.com\\\/ecrt\\\/el-balon-empieza-rodar-desde-este-viernes-en-los-estadios-de-ecuador\\\/#breadcrumb\"},\"inLanguage\":\"es\",\"potentialAction\":[{\"@type\":\"ReadAction\",\"target\":[\"https:\\\/\\\/chasquideportivo.com\\\/ecrt\\\/el-balon-empieza-rodar-desde-este-viernes-en-los-estadios-de-ecuador\\\/\"]}]},{\"@type\":\"BreadcrumbList\",\"@id\":\"https:\\\/\\\/chasquideportivo.com\\\/ecrt\\\/el-balon-empieza-rodar-desde-este-viernes-en-los-estadios-de-ecuador\\\/#breadcrumb\",\"itemListElement\":[{\"@type\":\"ListItem\",\"position\":1,\"name\":\"Portada | Chasqui Deportivo\",\"item\":\"https:\\\/\\\/chasquideportivo.com\\\/ecrt\\\/\"},{\"@type\":\"ListItem\",\"position\":2,\"name\":\"Archivo\",\"item\":\"https:\\\/\\\/chasquideportivo.com\\\/ecrt\\\/category\\\/archivo\\\/\"},{\"@type\":\"ListItem\",\"position\":3,\"name\":\"Golazo\",\"item\":\"https:\\\/\\\/chasquideportivo.com\\\/ecrt\\\/category\\\/archivo\\\/golazo\\\/\"},{\"@type\":\"ListItem\",\"position\":4,\"name\":\"El bal\u00f3n empieza rodar desde este viernes en los estadios de Ecuador\"}]},{\"@type\":\"WebSite\",\"@id\":\"https:\\\/\\\/chasquideportivo.com\\\/ecrt\\\/#website\",\"url\":\"https:\\\/\\\/chasquideportivo.com\\\/ecrt\\\/\",\"name\":\"ChasquiDeportivo\",\"description\":\"Informaci&oacute;n y comunicaci&oacute;n, reportajes, noticias, entrevistas en el &aacute;rea del deporte local, nacional.\",\"publisher\":{\"@id\":\"https:\\\/\\\/chasquideportivo.com\\\/ecrt\\\/#organization\"},\"potentialAction\":[{\"@type\":\"SearchAction\",\"target\":{\"@type\":\"EntryPoint\",\"urlTemplate\":\"https:\\\/\\\/chasquideportivo.com\\\/ecrt\\\/?s={search_term_string}\"},\"query-input\":{\"@type\":\"PropertyValueSpecification\",\"valueRequired\":true,\"valueName\":\"search_term_string\"}}],\"inLanguage\":\"es\"},{\"@type\":\"Organization\",\"@id\":\"https:\\\/\\\/chasquideportivo.com\\\/ecrt\\\/#organization\",\"name\":\"Chasqui Deportivo\",\"url\":\"https:\\\/\\\/chasquideportivo.com\\\/ecrt\\\/\",\"logo\":{\"@type\":\"ImageObject\",\"inLanguage\":\"es\",\"@id\":\"https:\\\/\\\/chasquideportivo.com\\\/ecrt\\\/#\\\/schema\\\/logo\\\/image\\\/\",\"url\":\"https:\\\/\\\/chasquideportivo.com\\\/ecrt\\\/wp-content\\\/uploads\\\/2022\\\/01\\\/logo-vertical.jpg\",\"contentUrl\":\"https:\\\/\\\/chasquideportivo.com\\\/ecrt\\\/wp-content\\\/uploads\\\/2022\\\/01\\\/logo-vertical.jpg\",\"width\":612,\"height\":750,\"caption\":\"Chasqui Deportivo\"},\"image\":{\"@id\":\"https:\\\/\\\/chasquideportivo.com\\\/ecrt\\\/#\\\/schema\\\/logo\\\/image\\\/\"},\"sameAs\":[\"https:\\\/\\\/www.facebook.com\\\/chasquideportivo\",\"https:\\\/\\\/x.com\\\/chasquidep\",\"https:\\\/\\\/www.instagram.com\\\/chasquideportivo.ec\",\"https:\\\/\\\/www.youtube.com\\\/channel\\\/UCGY8M-csHuxJuGRt4XrV90Q\"]},{\"@type\":\"Person\",\"@id\":\"https:\\\/\\\/chasquideportivo.com\\\/ecrt\\\/#\\\/schema\\\/person\\\/d9e229fabae4c1e3f82cf66d802ca7b6\",\"name\":\"kollage\",\"image\":{\"@type\":\"ImageObject\",\"inLanguage\":\"es\",\"@id\":\"https:\\\/\\\/secure.gravatar.com\\\/avatar\\\/69b5388bf21dfca5434ca100f351036f1fbff72ba519ef8157b31bcc7fbfbb18?s=96&d=mm&r=g\",\"url\":\"https:\\\/\\\/secure.gravatar.com\\\/avatar\\\/69b5388bf21dfca5434ca100f351036f1fbff72ba519ef8157b31bcc7fbfbb18?s=96&d=mm&r=g\",\"contentUrl\":\"https:\\\/\\\/secure.gravatar.com\\\/avatar\\\/69b5388bf21dfca5434ca100f351036f1fbff72ba519ef8157b31bcc7fbfbb18?s=96&d=mm&r=g\",\"caption\":\"kollage\"},\"sameAs\":[\"https:\\\/\\\/chasquideportivo.com\\\/ecrt\"],\"url\":\"https:\\\/\\\/chasquideportivo.com\\\/ecrt\\\/author\\\/kollage\\\/\"}]}<\/script>\n<!-- \/ Yoast SEO plugin. -->","yoast_head_json":{"title":"El bal\u00f3n empieza rodar desde este viernes en los estadios de Ecuador - ChasquiDeportivo","description":"Chasqui Deportivo | Informaci\u00f3n y comunicaci\u00f3n, reportajes, noticias, entrevistas en el \u00e1rea del deporte local, nacional.","robots":{"index":"index","follow":"follow","max-snippet":"max-snippet:-1","max-image-preview":"max-image-preview:large","max-video-preview":"max-video-preview:-1"},"canonical":"https:\/\/chasquideportivo.com\/ecrt\/el-balon-empieza-rodar-desde-este-viernes-en-los-estadios-de-ecuador\/","og_locale":"es_ES","og_type":"article","og_title":"El bal\u00f3n empieza rodar desde este viernes en los estadios de Ecuador - ChasquiDeportivo","og_description":"Chasqui Deportivo | Informaci\u00f3n y comunicaci\u00f3n, reportajes, noticias, entrevistas en el \u00e1rea del deporte local, nacional.","og_url":"https:\/\/chasquideportivo.com\/ecrt\/el-balon-empieza-rodar-desde-este-viernes-en-los-estadios-de-ecuador\/","og_site_name":"ChasquiDeportivo","article_publisher":"https:\/\/www.facebook.com\/chasquideportivo","article_published_time":"2021-03-20T18:00:01+00:00","article_modified_time":"2021-03-20T18:31:45+00:00","author":"kollage","twitter_card":"summary_large_image","twitter_creator":"@chasquidep","twitter_site":"@chasquidep","twitter_misc":{"Escrito por":"kollage","Tiempo de lectura":"2 minutos"},"schema":{"@context":"https:\/\/schema.org","@graph":[{"@type":"Article","@id":"https:\/\/chasquideportivo.com\/ecrt\/el-balon-empieza-rodar-desde-este-viernes-en-los-estadios-de-ecuador\/#article","isPartOf":{"@id":"https:\/\/chasquideportivo.com\/ecrt\/el-balon-empieza-rodar-desde-este-viernes-en-los-estadios-de-ecuador\/"},"author":{"name":"kollage","@id":"https:\/\/chasquideportivo.com\/ecrt\/#\/schema\/person\/d9e229fabae4c1e3f82cf66d802ca7b6"},"headline":"El bal\u00f3n empieza rodar desde este viernes en los estadios de Ecuador","datePublished":"2021-03-20T18:00:01+00:00","dateModified":"2021-03-20T18:31:45+00:00","mainEntityOfPage":{"@id":"https:\/\/chasquideportivo.com\/ecrt\/el-balon-empieza-rodar-desde-este-viernes-en-los-estadios-de-ecuador\/"},"wordCount":510,"commentCount":0,"publisher":{"@id":"https:\/\/chasquideportivo.com\/ecrt\/#organization"},"keywords":["2018","2019","2020","2021","actividad deportiva","barriales","barrio","chasqui","chasqui deportivo","deporte","deporte barrial ecuatoriano","deportistas","deportivo","deportivos","dirigentcia","dirigentes","ecuador","ecuatorianas","ecuatoriano","ecuatorianos","futbol","futbolistas","ligas","ligas barriales ecuador","pa\u00eds","quito"],"articleSection":["Golazo"],"inLanguage":"es","potentialAction":[{"@type":"CommentAction","name":"Comment","target":["https:\/\/chasquideportivo.com\/ecrt\/el-balon-empieza-rodar-desde-este-viernes-en-los-estadios-de-ecuador\/#respond"]}]},{"@type":"WebPage","@id":"https:\/\/chasquideportivo.com\/ecrt\/el-balon-empieza-rodar-desde-este-viernes-en-los-estadios-de-ecuador\/","url":"https:\/\/chasquideportivo.com\/ecrt\/el-balon-empieza-rodar-desde-este-viernes-en-los-estadios-de-ecuador\/","name":"El bal\u00f3n empieza rodar desde este viernes en los estadios de Ecuador - ChasquiDeportivo","isPartOf":{"@id":"https:\/\/chasquideportivo.com\/ecrt\/#website"},"datePublished":"2021-03-20T18:00:01+00:00","dateModified":"2021-03-20T18:31:45+00:00","description":"Chasqui Deportivo | Informaci\u00f3n y comunicaci\u00f3n, reportajes, noticias, entrevistas en el \u00e1rea del deporte local, nacional.","breadcrumb":{"@id":"https:\/\/chasquideportivo.com\/ecrt\/el-balon-empieza-rodar-desde-este-viernes-en-los-estadios-de-ecuador\/#breadcrumb"},"inLanguage":"es","potentialAction":[{"@type":"ReadAction","target":["https:\/\/chasquideportivo.com\/ecrt\/el-balon-empieza-rodar-desde-este-viernes-en-los-estadios-de-ecuador\/"]}]},{"@type":"BreadcrumbList","@id":"https:\/\/chasquideportivo.com\/ecrt\/el-balon-empieza-rodar-desde-este-viernes-en-los-estadios-de-ecuador\/#breadcrumb","itemListElement":[{"@type":"ListItem","position":1,"name":"Portada | Chasqui Deportivo","item":"https:\/\/chasquideportivo.com\/ecrt\/"},{"@type":"ListItem","position":2,"name":"Archivo","item":"https:\/\/chasquideportivo.com\/ecrt\/category\/archivo\/"},{"@type":"ListItem","position":3,"name":"Golazo","item":"https:\/\/chasquideportivo.com\/ecrt\/category\/archivo\/golazo\/"},{"@type":"ListItem","position":4,"name":"El bal\u00f3n empieza rodar desde este viernes en los estadios de Ecuador"}]},{"@type":"WebSite","@id":"https:\/\/chasquideportivo.com\/ecrt\/#website","url":"https:\/\/chasquideportivo.com\/ecrt\/","name":"ChasquiDeportivo","description":"Informaci&oacute;n y comunicaci&oacute;n, reportajes, noticias, entrevistas en el &aacute;rea del deporte local, nacional.","publisher":{"@id":"https:\/\/chasquideportivo.com\/ecrt\/#organization"},"potentialAction":[{"@type":"SearchAction","target":{"@type":"EntryPoint","urlTemplate":"https:\/\/chasquideportivo.com\/ecrt\/?s={search_term_string}"},"query-input":{"@type":"PropertyValueSpecification","valueRequired":true,"valueName":"search_term_string"}}],"inLanguage":"es"},{"@type":"Organization","@id":"https:\/\/chasquideportivo.com\/ecrt\/#organization","name":"Chasqui Deportivo","url":"https:\/\/chasquideportivo.com\/ecrt\/","logo":{"@type":"ImageObject","inLanguage":"es","@id":"https:\/\/chasquideportivo.com\/ecrt\/#\/schema\/logo\/image\/","url":"https:\/\/chasquideportivo.com\/ecrt\/wp-content\/uploads\/2022\/01\/logo-vertical.jpg","contentUrl":"https:\/\/chasquideportivo.com\/ecrt\/wp-content\/uploads\/2022\/01\/logo-vertical.jpg","width":612,"height":750,"caption":"Chasqui Deportivo"},"image":{"@id":"https:\/\/chasquideportivo.com\/ecrt\/#\/schema\/logo\/image\/"},"sameAs":["https:\/\/www.facebook.com\/chasquideportivo","https:\/\/x.com\/chasquidep","https:\/\/www.instagram.com\/chasquideportivo.ec","https:\/\/www.youtube.com\/channel\/UCGY8M-csHuxJuGRt4XrV90Q"]},{"@type":"Person","@id":"https:\/\/chasquideportivo.com\/ecrt\/#\/schema\/person\/d9e229fabae4c1e3f82cf66d802ca7b6","name":"kollage","image":{"@type":"ImageObject","inLanguage":"es","@id":"https:\/\/secure.gravatar.com\/avatar\/69b5388bf21dfca5434ca100f351036f1fbff72ba519ef8157b31bcc7fbfbb18?s=96&d=mm&r=g","url":"https:\/\/secure.gravatar.com\/avatar\/69b5388bf21dfca5434ca100f351036f1fbff72ba519ef8157b31bcc7fbfbb18?s=96&d=mm&r=g","contentUrl":"https:\/\/secure.gravatar.com\/avatar\/69b5388bf21dfca5434ca100f351036f1fbff72ba519ef8157b31bcc7fbfbb18?s=96&d=mm&r=g","caption":"kollage"},"sameAs":["https:\/\/chasquideportivo.com\/ecrt"],"url":"https:\/\/chasquideportivo.com\/ecrt\/author\/kollage\/"}]}},"_links":{"self":[{"href":"https:\/\/chasquideportivo.com\/ecrt\/wp-json\/wp\/v2\/posts\/5743","targetHints":{"allow":["GET"]}}],"collection":[{"href":"https:\/\/chasquideportivo.com\/ecrt\/wp-json\/wp\/v2\/posts"}],"about":[{"href":"https:\/\/chasquideportivo.com\/ecrt\/wp-json\/wp\/v2\/types\/post"}],"author":[{"embeddable":true,"href":"https:\/\/chasquideportivo.com\/ecrt\/wp-json\/wp\/v2\/users\/1"}],"replies":[{"embeddable":true,"href":"https:\/\/chasquideportivo.com\/ecrt\/wp-json\/wp\/v2\/comments?post=5743"}],"version-history":[{"count":1,"href":"https:\/\/chasquideportivo.com\/ecrt\/wp-json\/wp\/v2\/posts\/5743\/revisions"}],"predecessor-version":[{"id":5825,"href":"https:\/\/chasquideportivo.com\/ecrt\/wp-json\/wp\/v2\/posts\/5743\/revisions\/5825"}],"wp:attachment":[{"href":"https:\/\/chasquideportivo.com\/ecrt\/wp-json\/wp\/v2\/media?parent=5743"}],"wp:term":[{"taxonomy":"category","embeddable":true,"href":"https:\/\/chasquideportivo.com\/ecrt\/wp-json\/wp\/v2\/categories?post=5743"},{"taxonomy":"post_tag","embeddable":true,"href":"https:\/\/chasquideportivo.com\/ecrt\/wp-json\/wp\/v2\/tags?post=5743"}],"curies":[{"name":"wp","href":"https:\/\/api.w.org\/{rel}","templated":true}]}}