{"id":5739,"date":"2021-03-20T18:00:01","date_gmt":"2021-03-20T18:00:01","guid":{"rendered":"https:\/\/chasquideportivo.com\/ecrt\/2021\/03\/20\/ligapro-mantiene-formato\/"},"modified":"2021-03-20T18:31:01","modified_gmt":"2021-03-20T18:31:01","slug":"ligapro-mantiene-formato","status":"publish","type":"post","link":"https:\/\/chasquideportivo.com\/ecrt\/ligapro-mantiene-formato\/","title":{"rendered":"LigaPro mantiene formato"},"content":{"rendered":"<p style=\"margin: 0cm 0cm 15pt; background: white none repeat scroll 0% 0%; text-align: start; word-spacing: 0px;\"><span style=\"font-size: 10.5pt; font-family: 'Arial', 'sans-serif'; color: #777777;\">La segunda fecha se jugar\u00e1 como ha sido caracter\u00edstico entre viernes y lunes.&nbsp;&nbsp;Los horarios y fechas est\u00e1n establecidas por los dirigentes de la LigaPro. <\/span><\/p>\n<p style=\"margin: 0cm 0cm 15pt; background: white none repeat scroll 0% 0%; text-align: start; word-spacing: 0px;\"><strong><span style=\"font-size: 10.5pt; font-family: 'Arial', 'sans-serif'; color: #777777;\">Programaci\u00f3n:<\/span><\/strong><span style=\"font-size: 10.5pt; font-family: 'Arial', 'sans-serif'; color: #777777;\"><\/span><\/p>\n<p style=\"margin: 0cm 0cm 15pt; background: white none repeat scroll 0% 0%; text-align: start; word-spacing: 0px;\"><span style=\"font-size: 10.5pt; font-family: 'Arial', 'sans-serif'; color: #777777;\">Fecha 1<\/span><\/p>\n<p style=\"margin: 0cm 0cm 15pt; background: white none repeat scroll 0% 0%; text-align: start; word-spacing: 0px;\"><span style=\"font-size: 10.5pt; font-family: 'Arial', 'sans-serif'; color: #777777;\">Viernes 19&nbsp;&nbsp;<\/span><\/p>\n<p style=\"margin: 0cm 0cm 15pt; background: white none repeat scroll 0% 0%; text-align: start; word-spacing: 0px;\"><span style=\"font-size: 10.5pt; font-family: 'Arial', 'sans-serif'; color: #777777;\">Estadio Ol\u00edmpico Atahualpa&nbsp;<\/span><\/p>\n<p style=\"margin: 0cm 0cm 15pt; background: white none repeat scroll 0% 0%; text-align: start; word-spacing: 0px;\"><span style=\"font-size: 10.5pt; font-family: 'Arial', 'sans-serif'; color: #777777;\">16:30: Universidad Cat\u00f3lica \u2013 Olmedo&nbsp;<\/span><\/p>\n<p style=\"margin: 0cm 0cm 15pt; background: white none repeat scroll 0% 0%; text-align: start; word-spacing: 0px;\"><span style=\"font-size: 10.5pt; font-family: 'Arial', 'sans-serif'; color: #777777;\">Estadio Rodrigo Paz&nbsp;<\/span><\/p>\n<p style=\"margin: 0cm 0cm 15pt; background: white none repeat scroll 0% 0%; text-align: start; word-spacing: 0px;\"><span style=\"font-size: 10.5pt; font-family: 'Arial', 'sans-serif'; color: #777777;\">19:00 Liga de Quito \u2013 9 Octubre&nbsp;<\/span><\/p>\n<p style=\"margin: 0cm 0cm 15pt; background: white none repeat scroll 0% 0%; text-align: start; word-spacing: 0px;\"><span style=\"font-size: 10.5pt; font-family: 'Arial', 'sans-serif'; color: #777777;\">S\u00e1bado 20&nbsp;&nbsp;&nbsp;<\/span><\/p>\n<p style=\"margin: 0cm 0cm 15pt; background: white none repeat scroll 0% 0%; text-align: start; word-spacing: 0px;\"><span style=\"font-size: 10.5pt; font-family: 'Arial', 'sans-serif'; color: #777777;\">Estadio Echaleche<\/span><\/p>\n<p style=\"margin: 0cm 0cm 15pt; background: white none repeat scroll 0% 0%; text-align: start; word-spacing: 0px;\"><strong><span style=\"font-size: 10.5pt; font-family: 'Arial', 'sans-serif'; color: #777777;\">14:00 Mushuc Runa SC \u2013 Aucas&nbsp;<\/span><\/strong><span style=\"font-size: 10.5pt; font-family: 'Arial', 'sans-serif'; color: #777777;\"><\/span><\/p>\n<p style=\"margin: 0cm 0cm 15pt; background: white none repeat scroll 0% 0%; text-align: start; word-spacing: 0px;\"><span style=\"font-size: 10.5pt; font-family: 'Arial', 'sans-serif'; color: #777777;\">Estadio Cristhian Ben\u00edtez<\/span><\/p>\n<p style=\"margin: 0cm 0cm 15pt; background: white none repeat scroll 0% 0%; text-align: start; word-spacing: 0px;\"><strong><span style=\"font-size: 10.5pt; font-family: 'Arial', 'sans-serif'; color: #777777;\">16:30 Guayaquil City \u2013 Macar\u00e1&nbsp;<\/span><\/strong><span style=\"font-size: 10.5pt; font-family: 'Arial', 'sans-serif'; color: #777777;\"><\/span><\/p>\n<p style=\"margin: 0cm 0cm 15pt; background: white none repeat scroll 0% 0%; text-align: start; word-spacing: 0px;\"><span style=\"font-size: 10.5pt; font-family: 'Arial', 'sans-serif'; color: #777777;\">Estadio Jocay&nbsp;<\/span><\/p>\n<p style=\"margin: 0cm 0cm 15pt; background: white none repeat scroll 0% 0%; text-align: start; word-spacing: 0px;\"><span style=\"font-size: 10.5pt; font-family: 'Arial', 'sans-serif'; color: #777777;\">19:00 Manta \u2013 Barcelona SC<\/span><\/p>\n<p style=\"margin: 0cm 0cm 15pt; background: white none repeat scroll 0% 0%; text-align: start; word-spacing: 0px;\"><span style=\"font-size: 10.5pt; font-family: 'Arial', 'sans-serif'; color: #777777;\">Domingo 21<\/span><\/p>\n<p style=\"margin: 0cm 0cm 15pt; background: white none repeat scroll 0% 0%; text-align: start; word-spacing: 0px;\"><span style=\"font-size: 10.5pt; font-family: 'Arial', 'sans-serif'; color: #777777;\">Estadio Nueve de Mayo&nbsp;<\/span><\/p>\n<p style=\"margin: 0cm 0cm 15pt; background: white none repeat scroll 0% 0%; text-align: start; word-spacing: 0px;\"><span style=\"font-size: 10.5pt; font-family: 'Arial', 'sans-serif'; color: #777777;\">13:00 Orense \u2013 Independiente del Valle&nbsp;<\/span><\/p>\n<p style=\"margin: 0cm 0cm 15pt; background: white none repeat scroll 0% 0%; text-align: start; word-spacing: 0px;\"><span style=\"font-size: 10.5pt; font-family: 'Arial', 'sans-serif'; color: #777777;\">Estadio Bellavista<\/span><\/p>\n<p style=\"margin: 0cm 0cm 15pt; background: white none repeat scroll 0% 0%; text-align: start; word-spacing: 0px;\"><strong><span style=\"font-size: 10.5pt; font-family: 'Arial', 'sans-serif'; color: #777777;\">15:30 T\u00e9cnico Universitario \u2013 Delf\u00edn SC&nbsp;<\/span><\/strong><span style=\"font-size: 10.5pt; font-family: 'Arial', 'sans-serif'; color: #777777;\"><\/span><\/p>\n<p style=\"margin: 0cm 0cm 15pt; background: white none repeat scroll 0% 0%; text-align: start; word-spacing: 0px;\"><span style=\"font-size: 10.5pt; font-family: 'Arial', 'sans-serif'; color: #777777;\">Estadio Capwell<\/span><\/p>\n<p style=\"margin: 0cm 0cm 15pt; background: white none repeat scroll 0% 0%; text-align: start; word-spacing: 0px;\"><span style=\"font-size: 10.5pt; font-family: 'Arial', 'sans-serif'; color: #777777;\">18:00 Emelec \u2013 Deportivo Cuenca<\/span><\/p>\n<p style=\"margin: 0cm 0cm 15pt; background: white none repeat scroll 0% 0%;\"><span style=\"font-size: 10.5pt; font-family: 'Arial', 'sans-serif'; color: #777777;\">Los organizadores del torneo nacional de f\u00fatbol profesional, dieron a conocer los d\u00edas y horarios para el inici\u00f3 de la temporada 2021 del Campeonato Nacional, la primera fecha se jugar\u00e1 entre viernes y domingo, en la apertura se jugar\u00e1n dos partidos.&nbsp;<\/span><\/p>\n<p>2021-02-11 22:19:48<\/p>\n<p>Golazo<\/p>\n","protected":false},"excerpt":{"rendered":"<p>La segunda fecha se jugar\u00e1 como ha sido caracter\u00edstico entre viernes y lunes.&nbsp;&nbsp;Los horarios y fechas est\u00e1n establecidas por los dirigentes de la LigaPro. Programaci\u00f3n: Fecha 1 Viernes 19&nbsp;&nbsp; Estadio Ol\u00edmpico Atahualpa&nbsp; 16:30: Universidad Cat\u00f3lica \u2013 Olmedo&nbsp; Estadio Rodrigo Paz&nbsp; 19:00 Liga de Quito \u2013 9 Octubre&nbsp; S\u00e1bado 20&nbsp;&nbsp;&nbsp; Estadio Echaleche 14:00 Mushuc Runa SC [&hellip;]<\/p>\n","protected":false},"author":1,"featured_media":0,"comment_status":"open","ping_status":"open","sticky":false,"template":"","format":"standard","meta":{"_et_pb_use_builder":"","_et_pb_old_content":"","_et_gb_content_width":"","footnotes":""},"categories":[18],"tags":[37,36,35,34,39,28,23,20,22,24,19,38,21,41,40,3,6,31,25,42,29,30,27,26,33,32],"class_list":["post-5739","post","type-post","status-publish","format-standard","hentry","category-golazo","tag-37","tag-36","tag-35","tag-34","tag-actividad-deportiva","tag-barriales","tag-barrio","tag-chasqui","tag-chasqui-deportivo","tag-deporte","tag-deporte-barrial-ecuatoriano","tag-deportistas","tag-deportivo","tag-deportivos","tag-dirigentcia","tag-dirigentes","tag-ecuador","tag-ecuatorianas","tag-ecuatoriano","tag-ecuatorianos","tag-futbol","tag-futbolistas","tag-ligas","tag-ligas-barriales-ecuador","tag-pais","tag-quito"],"yoast_head":"<!-- This site is optimized with the Yoast SEO plugin v27.4 - https:\/\/yoast.com\/product\/yoast-seo-wordpress\/ -->\n<title>LigaPro mantiene formato - ChasquiDeportivo<\/title>\n<meta name=\"description\" content=\"Chasqui Deportivo | Informaci\u00f3n y comunicaci\u00f3n, reportajes, noticias, entrevistas en el \u00e1rea del deporte local, nacional.\" \/>\n<meta name=\"robots\" content=\"index, follow, max-snippet:-1, max-image-preview:large, max-video-preview:-1\" \/>\n<link rel=\"canonical\" href=\"https:\/\/chasquideportivo.com\/ecrt\/ligapro-mantiene-formato\/\" \/>\n<meta property=\"og:locale\" content=\"es_ES\" \/>\n<meta property=\"og:type\" content=\"article\" \/>\n<meta property=\"og:title\" content=\"LigaPro mantiene formato - ChasquiDeportivo\" \/>\n<meta property=\"og:description\" content=\"Chasqui Deportivo | Informaci\u00f3n y comunicaci\u00f3n, reportajes, noticias, entrevistas en el \u00e1rea del deporte local, nacional.\" \/>\n<meta property=\"og:url\" content=\"https:\/\/chasquideportivo.com\/ecrt\/ligapro-mantiene-formato\/\" \/>\n<meta property=\"og:site_name\" content=\"ChasquiDeportivo\" \/>\n<meta property=\"article:publisher\" content=\"https:\/\/www.facebook.com\/chasquideportivo\" \/>\n<meta property=\"article:published_time\" content=\"2021-03-20T18:00:01+00:00\" \/>\n<meta property=\"article:modified_time\" content=\"2021-03-20T18:31:01+00:00\" \/>\n<meta name=\"author\" content=\"kollage\" \/>\n<meta name=\"twitter:card\" content=\"summary_large_image\" \/>\n<meta name=\"twitter:creator\" content=\"@chasquidep\" \/>\n<meta name=\"twitter:site\" content=\"@chasquidep\" \/>\n<meta name=\"twitter:label1\" content=\"Escrito por\" \/>\n\t<meta name=\"twitter:data1\" content=\"kollage\" \/>\n\t<meta name=\"twitter:label2\" content=\"Tiempo de lectura\" \/>\n\t<meta name=\"twitter:data2\" content=\"1 minuto\" \/>\n<script type=\"application\/ld+json\" class=\"yoast-schema-graph\">{\"@context\":\"https:\\\/\\\/schema.org\",\"@graph\":[{\"@type\":\"Article\",\"@id\":\"https:\\\/\\\/chasquideportivo.com\\\/ecrt\\\/ligapro-mantiene-formato\\\/#article\",\"isPartOf\":{\"@id\":\"https:\\\/\\\/chasquideportivo.com\\\/ecrt\\\/ligapro-mantiene-formato\\\/\"},\"author\":{\"name\":\"kollage\",\"@id\":\"https:\\\/\\\/chasquideportivo.com\\\/ecrt\\\/#\\\/schema\\\/person\\\/d9e229fabae4c1e3f82cf66d802ca7b6\"},\"headline\":\"LigaPro mantiene formato\",\"datePublished\":\"2021-03-20T18:00:01+00:00\",\"dateModified\":\"2021-03-20T18:31:01+00:00\",\"mainEntityOfPage\":{\"@id\":\"https:\\\/\\\/chasquideportivo.com\\\/ecrt\\\/ligapro-mantiene-formato\\\/\"},\"wordCount\":155,\"commentCount\":0,\"publisher\":{\"@id\":\"https:\\\/\\\/chasquideportivo.com\\\/ecrt\\\/#organization\"},\"keywords\":[\"2018\",\"2019\",\"2020\",\"2021\",\"actividad deportiva\",\"barriales\",\"barrio\",\"chasqui\",\"chasqui deportivo\",\"deporte\",\"deporte barrial ecuatoriano\",\"deportistas\",\"deportivo\",\"deportivos\",\"dirigentcia\",\"dirigentes\",\"ecuador\",\"ecuatorianas\",\"ecuatoriano\",\"ecuatorianos\",\"futbol\",\"futbolistas\",\"ligas\",\"ligas barriales ecuador\",\"pa\u00eds\",\"quito\"],\"articleSection\":[\"Golazo\"],\"inLanguage\":\"es\",\"potentialAction\":[{\"@type\":\"CommentAction\",\"name\":\"Comment\",\"target\":[\"https:\\\/\\\/chasquideportivo.com\\\/ecrt\\\/ligapro-mantiene-formato\\\/#respond\"]}]},{\"@type\":\"WebPage\",\"@id\":\"https:\\\/\\\/chasquideportivo.com\\\/ecrt\\\/ligapro-mantiene-formato\\\/\",\"url\":\"https:\\\/\\\/chasquideportivo.com\\\/ecrt\\\/ligapro-mantiene-formato\\\/\",\"name\":\"LigaPro mantiene formato - ChasquiDeportivo\",\"isPartOf\":{\"@id\":\"https:\\\/\\\/chasquideportivo.com\\\/ecrt\\\/#website\"},\"datePublished\":\"2021-03-20T18:00:01+00:00\",\"dateModified\":\"2021-03-20T18:31:01+00:00\",\"description\":\"Chasqui Deportivo | Informaci\u00f3n y comunicaci\u00f3n, reportajes, noticias, entrevistas en el \u00e1rea del deporte local, nacional.\",\"breadcrumb\":{\"@id\":\"https:\\\/\\\/chasquideportivo.com\\\/ecrt\\\/ligapro-mantiene-formato\\\/#breadcrumb\"},\"inLanguage\":\"es\",\"potentialAction\":[{\"@type\":\"ReadAction\",\"target\":[\"https:\\\/\\\/chasquideportivo.com\\\/ecrt\\\/ligapro-mantiene-formato\\\/\"]}]},{\"@type\":\"BreadcrumbList\",\"@id\":\"https:\\\/\\\/chasquideportivo.com\\\/ecrt\\\/ligapro-mantiene-formato\\\/#breadcrumb\",\"itemListElement\":[{\"@type\":\"ListItem\",\"position\":1,\"name\":\"Portada | Chasqui Deportivo\",\"item\":\"https:\\\/\\\/chasquideportivo.com\\\/ecrt\\\/\"},{\"@type\":\"ListItem\",\"position\":2,\"name\":\"Archivo\",\"item\":\"https:\\\/\\\/chasquideportivo.com\\\/ecrt\\\/category\\\/archivo\\\/\"},{\"@type\":\"ListItem\",\"position\":3,\"name\":\"Golazo\",\"item\":\"https:\\\/\\\/chasquideportivo.com\\\/ecrt\\\/category\\\/archivo\\\/golazo\\\/\"},{\"@type\":\"ListItem\",\"position\":4,\"name\":\"LigaPro mantiene formato\"}]},{\"@type\":\"WebSite\",\"@id\":\"https:\\\/\\\/chasquideportivo.com\\\/ecrt\\\/#website\",\"url\":\"https:\\\/\\\/chasquideportivo.com\\\/ecrt\\\/\",\"name\":\"ChasquiDeportivo\",\"description\":\"Informaci&oacute;n y comunicaci&oacute;n, reportajes, noticias, entrevistas en el &aacute;rea del deporte local, nacional.\",\"publisher\":{\"@id\":\"https:\\\/\\\/chasquideportivo.com\\\/ecrt\\\/#organization\"},\"potentialAction\":[{\"@type\":\"SearchAction\",\"target\":{\"@type\":\"EntryPoint\",\"urlTemplate\":\"https:\\\/\\\/chasquideportivo.com\\\/ecrt\\\/?s={search_term_string}\"},\"query-input\":{\"@type\":\"PropertyValueSpecification\",\"valueRequired\":true,\"valueName\":\"search_term_string\"}}],\"inLanguage\":\"es\"},{\"@type\":\"Organization\",\"@id\":\"https:\\\/\\\/chasquideportivo.com\\\/ecrt\\\/#organization\",\"name\":\"Chasqui Deportivo\",\"url\":\"https:\\\/\\\/chasquideportivo.com\\\/ecrt\\\/\",\"logo\":{\"@type\":\"ImageObject\",\"inLanguage\":\"es\",\"@id\":\"https:\\\/\\\/chasquideportivo.com\\\/ecrt\\\/#\\\/schema\\\/logo\\\/image\\\/\",\"url\":\"https:\\\/\\\/chasquideportivo.com\\\/ecrt\\\/wp-content\\\/uploads\\\/2022\\\/01\\\/logo-vertical.jpg\",\"contentUrl\":\"https:\\\/\\\/chasquideportivo.com\\\/ecrt\\\/wp-content\\\/uploads\\\/2022\\\/01\\\/logo-vertical.jpg\",\"width\":612,\"height\":750,\"caption\":\"Chasqui Deportivo\"},\"image\":{\"@id\":\"https:\\\/\\\/chasquideportivo.com\\\/ecrt\\\/#\\\/schema\\\/logo\\\/image\\\/\"},\"sameAs\":[\"https:\\\/\\\/www.facebook.com\\\/chasquideportivo\",\"https:\\\/\\\/x.com\\\/chasquidep\",\"https:\\\/\\\/www.instagram.com\\\/chasquideportivo.ec\",\"https:\\\/\\\/www.youtube.com\\\/channel\\\/UCGY8M-csHuxJuGRt4XrV90Q\"]},{\"@type\":\"Person\",\"@id\":\"https:\\\/\\\/chasquideportivo.com\\\/ecrt\\\/#\\\/schema\\\/person\\\/d9e229fabae4c1e3f82cf66d802ca7b6\",\"name\":\"kollage\",\"image\":{\"@type\":\"ImageObject\",\"inLanguage\":\"es\",\"@id\":\"https:\\\/\\\/secure.gravatar.com\\\/avatar\\\/69b5388bf21dfca5434ca100f351036f1fbff72ba519ef8157b31bcc7fbfbb18?s=96&d=mm&r=g\",\"url\":\"https:\\\/\\\/secure.gravatar.com\\\/avatar\\\/69b5388bf21dfca5434ca100f351036f1fbff72ba519ef8157b31bcc7fbfbb18?s=96&d=mm&r=g\",\"contentUrl\":\"https:\\\/\\\/secure.gravatar.com\\\/avatar\\\/69b5388bf21dfca5434ca100f351036f1fbff72ba519ef8157b31bcc7fbfbb18?s=96&d=mm&r=g\",\"caption\":\"kollage\"},\"sameAs\":[\"https:\\\/\\\/chasquideportivo.com\\\/ecrt\"],\"url\":\"https:\\\/\\\/chasquideportivo.com\\\/ecrt\\\/author\\\/kollage\\\/\"}]}<\/script>\n<!-- \/ Yoast SEO plugin. -->","yoast_head_json":{"title":"LigaPro mantiene formato - ChasquiDeportivo","description":"Chasqui Deportivo | Informaci\u00f3n y comunicaci\u00f3n, reportajes, noticias, entrevistas en el \u00e1rea del deporte local, nacional.","robots":{"index":"index","follow":"follow","max-snippet":"max-snippet:-1","max-image-preview":"max-image-preview:large","max-video-preview":"max-video-preview:-1"},"canonical":"https:\/\/chasquideportivo.com\/ecrt\/ligapro-mantiene-formato\/","og_locale":"es_ES","og_type":"article","og_title":"LigaPro mantiene formato - ChasquiDeportivo","og_description":"Chasqui Deportivo | Informaci\u00f3n y comunicaci\u00f3n, reportajes, noticias, entrevistas en el \u00e1rea del deporte local, nacional.","og_url":"https:\/\/chasquideportivo.com\/ecrt\/ligapro-mantiene-formato\/","og_site_name":"ChasquiDeportivo","article_publisher":"https:\/\/www.facebook.com\/chasquideportivo","article_published_time":"2021-03-20T18:00:01+00:00","article_modified_time":"2021-03-20T18:31:01+00:00","author":"kollage","twitter_card":"summary_large_image","twitter_creator":"@chasquidep","twitter_site":"@chasquidep","twitter_misc":{"Escrito por":"kollage","Tiempo de lectura":"1 minuto"},"schema":{"@context":"https:\/\/schema.org","@graph":[{"@type":"Article","@id":"https:\/\/chasquideportivo.com\/ecrt\/ligapro-mantiene-formato\/#article","isPartOf":{"@id":"https:\/\/chasquideportivo.com\/ecrt\/ligapro-mantiene-formato\/"},"author":{"name":"kollage","@id":"https:\/\/chasquideportivo.com\/ecrt\/#\/schema\/person\/d9e229fabae4c1e3f82cf66d802ca7b6"},"headline":"LigaPro mantiene formato","datePublished":"2021-03-20T18:00:01+00:00","dateModified":"2021-03-20T18:31:01+00:00","mainEntityOfPage":{"@id":"https:\/\/chasquideportivo.com\/ecrt\/ligapro-mantiene-formato\/"},"wordCount":155,"commentCount":0,"publisher":{"@id":"https:\/\/chasquideportivo.com\/ecrt\/#organization"},"keywords":["2018","2019","2020","2021","actividad deportiva","barriales","barrio","chasqui","chasqui deportivo","deporte","deporte barrial ecuatoriano","deportistas","deportivo","deportivos","dirigentcia","dirigentes","ecuador","ecuatorianas","ecuatoriano","ecuatorianos","futbol","futbolistas","ligas","ligas barriales ecuador","pa\u00eds","quito"],"articleSection":["Golazo"],"inLanguage":"es","potentialAction":[{"@type":"CommentAction","name":"Comment","target":["https:\/\/chasquideportivo.com\/ecrt\/ligapro-mantiene-formato\/#respond"]}]},{"@type":"WebPage","@id":"https:\/\/chasquideportivo.com\/ecrt\/ligapro-mantiene-formato\/","url":"https:\/\/chasquideportivo.com\/ecrt\/ligapro-mantiene-formato\/","name":"LigaPro mantiene formato - ChasquiDeportivo","isPartOf":{"@id":"https:\/\/chasquideportivo.com\/ecrt\/#website"},"datePublished":"2021-03-20T18:00:01+00:00","dateModified":"2021-03-20T18:31:01+00:00","description":"Chasqui Deportivo | Informaci\u00f3n y comunicaci\u00f3n, reportajes, noticias, entrevistas en el \u00e1rea del deporte local, nacional.","breadcrumb":{"@id":"https:\/\/chasquideportivo.com\/ecrt\/ligapro-mantiene-formato\/#breadcrumb"},"inLanguage":"es","potentialAction":[{"@type":"ReadAction","target":["https:\/\/chasquideportivo.com\/ecrt\/ligapro-mantiene-formato\/"]}]},{"@type":"BreadcrumbList","@id":"https:\/\/chasquideportivo.com\/ecrt\/ligapro-mantiene-formato\/#breadcrumb","itemListElement":[{"@type":"ListItem","position":1,"name":"Portada | Chasqui Deportivo","item":"https:\/\/chasquideportivo.com\/ecrt\/"},{"@type":"ListItem","position":2,"name":"Archivo","item":"https:\/\/chasquideportivo.com\/ecrt\/category\/archivo\/"},{"@type":"ListItem","position":3,"name":"Golazo","item":"https:\/\/chasquideportivo.com\/ecrt\/category\/archivo\/golazo\/"},{"@type":"ListItem","position":4,"name":"LigaPro mantiene formato"}]},{"@type":"WebSite","@id":"https:\/\/chasquideportivo.com\/ecrt\/#website","url":"https:\/\/chasquideportivo.com\/ecrt\/","name":"ChasquiDeportivo","description":"Informaci&oacute;n y comunicaci&oacute;n, reportajes, noticias, entrevistas en el &aacute;rea del deporte local, nacional.","publisher":{"@id":"https:\/\/chasquideportivo.com\/ecrt\/#organization"},"potentialAction":[{"@type":"SearchAction","target":{"@type":"EntryPoint","urlTemplate":"https:\/\/chasquideportivo.com\/ecrt\/?s={search_term_string}"},"query-input":{"@type":"PropertyValueSpecification","valueRequired":true,"valueName":"search_term_string"}}],"inLanguage":"es"},{"@type":"Organization","@id":"https:\/\/chasquideportivo.com\/ecrt\/#organization","name":"Chasqui Deportivo","url":"https:\/\/chasquideportivo.com\/ecrt\/","logo":{"@type":"ImageObject","inLanguage":"es","@id":"https:\/\/chasquideportivo.com\/ecrt\/#\/schema\/logo\/image\/","url":"https:\/\/chasquideportivo.com\/ecrt\/wp-content\/uploads\/2022\/01\/logo-vertical.jpg","contentUrl":"https:\/\/chasquideportivo.com\/ecrt\/wp-content\/uploads\/2022\/01\/logo-vertical.jpg","width":612,"height":750,"caption":"Chasqui Deportivo"},"image":{"@id":"https:\/\/chasquideportivo.com\/ecrt\/#\/schema\/logo\/image\/"},"sameAs":["https:\/\/www.facebook.com\/chasquideportivo","https:\/\/x.com\/chasquidep","https:\/\/www.instagram.com\/chasquideportivo.ec","https:\/\/www.youtube.com\/channel\/UCGY8M-csHuxJuGRt4XrV90Q"]},{"@type":"Person","@id":"https:\/\/chasquideportivo.com\/ecrt\/#\/schema\/person\/d9e229fabae4c1e3f82cf66d802ca7b6","name":"kollage","image":{"@type":"ImageObject","inLanguage":"es","@id":"https:\/\/secure.gravatar.com\/avatar\/69b5388bf21dfca5434ca100f351036f1fbff72ba519ef8157b31bcc7fbfbb18?s=96&d=mm&r=g","url":"https:\/\/secure.gravatar.com\/avatar\/69b5388bf21dfca5434ca100f351036f1fbff72ba519ef8157b31bcc7fbfbb18?s=96&d=mm&r=g","contentUrl":"https:\/\/secure.gravatar.com\/avatar\/69b5388bf21dfca5434ca100f351036f1fbff72ba519ef8157b31bcc7fbfbb18?s=96&d=mm&r=g","caption":"kollage"},"sameAs":["https:\/\/chasquideportivo.com\/ecrt"],"url":"https:\/\/chasquideportivo.com\/ecrt\/author\/kollage\/"}]}},"_links":{"self":[{"href":"https:\/\/chasquideportivo.com\/ecrt\/wp-json\/wp\/v2\/posts\/5739","targetHints":{"allow":["GET"]}}],"collection":[{"href":"https:\/\/chasquideportivo.com\/ecrt\/wp-json\/wp\/v2\/posts"}],"about":[{"href":"https:\/\/chasquideportivo.com\/ecrt\/wp-json\/wp\/v2\/types\/post"}],"author":[{"embeddable":true,"href":"https:\/\/chasquideportivo.com\/ecrt\/wp-json\/wp\/v2\/users\/1"}],"replies":[{"embeddable":true,"href":"https:\/\/chasquideportivo.com\/ecrt\/wp-json\/wp\/v2\/comments?post=5739"}],"version-history":[{"count":1,"href":"https:\/\/chasquideportivo.com\/ecrt\/wp-json\/wp\/v2\/posts\/5739\/revisions"}],"predecessor-version":[{"id":5818,"href":"https:\/\/chasquideportivo.com\/ecrt\/wp-json\/wp\/v2\/posts\/5739\/revisions\/5818"}],"wp:attachment":[{"href":"https:\/\/chasquideportivo.com\/ecrt\/wp-json\/wp\/v2\/media?parent=5739"}],"wp:term":[{"taxonomy":"category","embeddable":true,"href":"https:\/\/chasquideportivo.com\/ecrt\/wp-json\/wp\/v2\/categories?post=5739"},{"taxonomy":"post_tag","embeddable":true,"href":"https:\/\/chasquideportivo.com\/ecrt\/wp-json\/wp\/v2\/tags?post=5739"}],"curies":[{"name":"wp","href":"https:\/\/api.w.org\/{rel}","templated":true}]}}