{"id":5732,"date":"2021-03-20T18:00:01","date_gmt":"2021-03-20T18:00:01","guid":{"rendered":"https:\/\/chasquideportivo.com\/ecrt\/2021\/03\/20\/futbol-profesional-se-enfrenta-al-coronavirus-y-a-la-crisis-economica\/"},"modified":"2021-03-20T18:32:50","modified_gmt":"2021-03-20T18:32:50","slug":"futbol-profesional-se-enfrenta-al-coronavirus-y-a-la-crisis-economica","status":"publish","type":"post","link":"https:\/\/chasquideportivo.com\/ecrt\/futbol-profesional-se-enfrenta-al-coronavirus-y-a-la-crisis-economica\/","title":{"rendered":"F\u00fatbol profesional se enfrenta al Coronavirus y a la crisis econ\u00f3mica"},"content":{"rendered":"<p>La Liga Pro arrancar\u00e1 en diez d\u00edas la temporada 2021 en medio de pol\u00e9micas entre directivos, con el coronavirus que tiene en ascuas a los equipos y un campe\u00f3n ambicioso, Barcelona, con una plantilla m\u00e1s fortalecida que la que conquist\u00f3 el \u00faltimo t\u00edtulo en su af\u00e1n por retenerlo.<\/p>\n<p>Las recientes aseveraciones del presidente vitalicio de Mushuc Runa, Luis Alfonso Chango, de que Barcelona es campe\u00f3n gracias a la Liga Pro y no por m\u00e9ritos propios, ha caldeado la antesala del campeonato que comenzar\u00e1 el 19 de febrero.<\/p>\n<p>El malestar de Chango se origina porque los partidos m\u00e1s importantes de Mushuc Runa, entre ellos, contra Barcelona, no fueron programados en su estadio de la comunidad andina de Echaleche, a 3.250 metros de altitud y capacidad para 8.200 aficionados, sino en el &#8220;Bellavista&#8221; de Ambato, a 2.620 metros y con capacidad para 16.467 personas.<\/p>\n<p>En el estadio Bellavista, del Municipio de Ambato, jugaba el Mushuc Runa hasta tener su propio estadio, y es tambi\u00e9n utilizado por Macar\u00e1 y T\u00e9cnico Universitario, tambi\u00e9n de la Seria A de Ecuador.<\/p>\n<p>Pero desde 2018, el Mushuc Runa prefiere jugar en su estadio de Echaleche, que carece de iluminaci\u00f3n para jugar por la noche, circunstancia que llev\u00f3 al presidente de Barcelona, el argentino-ecuatoriano Carlos Alfaro Moreno, a ofrecerle los focos viejos de su Estadio Monumental, lo que indign\u00f3 a Chango.<\/p>\n<p>Este le respondi\u00f3 que lo que ten\u00eda que hacer es vender esos focos para pagar las deudas de su equipo, porque \u00e9l no es ning\u00fan &#8220;chatarrero&#8221;.<\/p>\n<p>En las \u00faltimas dos temporadas el Mushuc Runa ha jugado en su propio estadio de d\u00eda, pero ha recurrido al Bellavista cuando eran de noche, lo cual prefiere no hacer.<\/p>\n<p>Chango acus\u00f3 adem\u00e1s a la Liga Pro de excesiva burocracia, &#8220;piponazgo&#8221; (vagos que cobran sin trabajar) y &#8220;compadrazgo&#8221;, y a sus creadores de prometer unos ingresos a los clubes que, finalmente, no han visto.<\/p>\n<p>Las recientes aseveraciones del presidente vitalicio de Mushuc Runa, Luis Alfonso Chango, de que Barcelona es campe\u00f3n gracias a la Liga Pro y no por m\u00e9ritos propios, ha caldeado la antesala del campeonato que comenzar\u00e1 el 19 de febrero.<\/p>\n<p>El malestar de Chango se origina porque los partidos m\u00e1s importantes de Mushuc Runa, entre ellos, contra Barcelona, no fueron programados en su estadio de la comunidad andina de Echaleche, a 3.250 metros de altitud y capacidad para 8.200 aficionados, sino en el &#8220;Bellavista&#8221; de Ambato, a 2.620 metros y con capacidad para 16.467 personas.<\/p>\n<p>En el estadio Bellavista, del Municipio de Ambato, jugaba el Mushuc Runa hasta tener su propio estadio, y es tambi\u00e9n utilizado por Macar\u00e1 y T\u00e9cnico Universitario, tambi\u00e9n de la Seria A de Ecuador.<\/p>\n<p>Pero desde 2018, el Mushuc Runa prefiere jugar en su estadio de Echaleche, que carece de iluminaci\u00f3n para jugar por la noche, circunstancia que llev\u00f3 al presidente de Barcelona, el argentino-ecuatoriano Carlos Alfaro Moreno, a ofrecerle los focos viejos de su Estadio Monumental, lo que indign\u00f3 a Chango.<\/p>\n<p>Este le respondi\u00f3 que lo que ten\u00eda que hacer es vender esos focos para pagar las deudas de su equipo, porque \u00e9l no es ning\u00fan &#8220;chatarrero&#8221;.<\/p>\n<p>En las \u00faltimas dos temporadas el Mushuc Runa ha jugado en su propio estadio de d\u00eda, pero ha recurrido al Bellavista cuando eran de noche, lo cual prefiere no hacer.<\/p>\n<p>Chango acus\u00f3 adem\u00e1s a la Liga Pro de excesiva burocracia, &#8220;piponazgo&#8221; (vagos que cobran sin trabajar) y &#8220;compadrazgo&#8221;, y a sus creadores de prometer unos ingresos a los clubes que, finalmente, no han visto.<\/p>\n<p>Aparte de estas disputas entre directivos, se aparece tambi\u00e9n la pandemia del coronavirus en su m\u00e1ximo apogeo como obst\u00e1culo a un inicio ordenador de la temporada la semana que viene.<\/p>\n<p>Los recientes contagios de 23 integrantes de Emelec entre jugadores, cuerpo t\u00e9cnico y m\u00e9dicos, siembran incertidumbre ante la proximidad de un torneo cuyo premio mayor, adem\u00e1s del t\u00edtulo y la clasificaci\u00f3n a la fase de grupos de Copa Libertadores 2022, son los tres millones de d\u00f3lares que se adjudican los ganadores de cada fase.<\/p>\n<p>El coronavirus, que lleg\u00f3 a Ecuador en febrero de 2020, caus\u00f3 estragos en el campeonato de ese a\u00f1o, con una paralizaci\u00f3n entre marzo y agosto, cuando se reanud\u00f3 en medio de estrictos protocolos de bioseguridad.<\/p>\n<p>Para esta temporada, la Liga Pro insistir\u00e1 en esos protocolos, que en 2020 consiguieron contener la propagaci\u00f3n del virus entre las plantillas locales.<\/p>\n<p>Mientras tanto, las diferentes plantillas est\u00e1n terminando de completar sus refuerzos y encarrilando una serie de amistosos para estar preparados el pr\u00f3ximo d\u00eda 19.<\/p>\n<p>Barcelona, que se ha reforzado con jugadores como los argentinos Sergio L\u00f3pez y Michael Hoyos, se perfila como uno de los favoritos para retener el t\u00edtulo y alcanzar protagonismo en la pr\u00f3xima Libertadores.<\/p>\n<p>Para el uruguayo Pablo Repetto, t\u00e9cnico de Liga de Quito desde hace tres temporadas, Barcelona, Independiente del Valle, Universidad Cat\u00f3lica, Emelec y su propio equipo ser\u00e1n los favoritos para el t\u00edtulo de este a\u00f1o.<\/p>\n<p>Repetto tampoco descart\u00f3 al Aucas y al Delf\u00edn, que lo gan\u00f3 en 2019, entre los 16 equipos que militar\u00e1n en la actual temporada en dos fases de quince jornadas cada una.<\/p>\n<p>Los ganadores de cada fase se disputar\u00e1n el t\u00edtulo en una final a ida y vuelta, aunque la adjudicaci\u00f3n ser\u00eda autom\u00e1tica si las dos fases son ganadas por el mismo equipo.<\/p>\n<p>El actual sistema de competici\u00f3n premia, adem\u00e1s, al ganador de cada fase con la clasificaci\u00f3n para la fase de grupos de la Libertadores de 2022, mientras que el tercer clasificado en la tabla acumulada de las dos fases, acceder\u00e1 a ese torneo continental desde la segunda fase previa de repesca.<\/p>\n<p>Igualmente, el cuarto clasificado entrar\u00e1 a la Libertadores desde la primera fase previa de repesca.<\/p>\n<p>Los equipos desde el quinto hasta el octavo puesto de la clasificaci\u00f3n general, participar\u00e1n en la Copa Sudamericana y los dos \u00faltimos descender\u00e1n a la primera divisi\u00f3n B. EFE<\/p>\n<p>Previo al inicio del torneo nacional de f\u00fatbol profesional, vive caracter\u00edsticas especiales. La pandemia del coronavirus en su m\u00e1ximo apogeo, econom\u00edas flacas, diferencias dirigenciales y la aplicaci\u00f3n de los protocolos de bioseguridad, rayan el inicio de la temporada.<\/p>\n<p>2021-02-10 00:06:26<\/p>\n<p>Golazo<\/p>\n","protected":false},"excerpt":{"rendered":"<p>La Liga Pro arrancar\u00e1 en diez d\u00edas la temporada 2021 en medio de pol\u00e9micas entre directivos, con el coronavirus que tiene en ascuas a los equipos y un campe\u00f3n ambicioso, Barcelona, con una plantilla m\u00e1s fortalecida que la que conquist\u00f3 el \u00faltimo t\u00edtulo en su af\u00e1n por retenerlo. Las recientes aseveraciones del presidente vitalicio de [&hellip;]<\/p>\n","protected":false},"author":1,"featured_media":0,"comment_status":"open","ping_status":"open","sticky":false,"template":"","format":"standard","meta":{"_et_pb_use_builder":"","_et_pb_old_content":"","_et_gb_content_width":"","footnotes":""},"categories":[18],"tags":[37,36,35,34,39,28,23,20,22,24,19,38,21,41,40,3,6,31,25,42,29,30,27,26,33,32],"class_list":["post-5732","post","type-post","status-publish","format-standard","hentry","category-golazo","tag-37","tag-36","tag-35","tag-34","tag-actividad-deportiva","tag-barriales","tag-barrio","tag-chasqui","tag-chasqui-deportivo","tag-deporte","tag-deporte-barrial-ecuatoriano","tag-deportistas","tag-deportivo","tag-deportivos","tag-dirigentcia","tag-dirigentes","tag-ecuador","tag-ecuatorianas","tag-ecuatoriano","tag-ecuatorianos","tag-futbol","tag-futbolistas","tag-ligas","tag-ligas-barriales-ecuador","tag-pais","tag-quito"],"yoast_head":"<!-- This site is optimized with the Yoast SEO plugin v27.4 - https:\/\/yoast.com\/product\/yoast-seo-wordpress\/ -->\n<title>F\u00fatbol profesional se enfrenta al Coronavirus y a la crisis econ\u00f3mica - ChasquiDeportivo<\/title>\n<meta name=\"description\" content=\"Chasqui Deportivo | Informaci\u00f3n y comunicaci\u00f3n, reportajes, noticias, entrevistas en el \u00e1rea del deporte local, nacional.\" \/>\n<meta name=\"robots\" content=\"index, follow, max-snippet:-1, max-image-preview:large, max-video-preview:-1\" \/>\n<link rel=\"canonical\" href=\"https:\/\/chasquideportivo.com\/ecrt\/futbol-profesional-se-enfrenta-al-coronavirus-y-a-la-crisis-economica\/\" \/>\n<meta property=\"og:locale\" content=\"es_ES\" \/>\n<meta property=\"og:type\" content=\"article\" \/>\n<meta property=\"og:title\" content=\"F\u00fatbol profesional se enfrenta al Coronavirus y a la crisis econ\u00f3mica - ChasquiDeportivo\" \/>\n<meta property=\"og:description\" content=\"Chasqui Deportivo | Informaci\u00f3n y comunicaci\u00f3n, reportajes, noticias, entrevistas en el \u00e1rea del deporte local, nacional.\" \/>\n<meta property=\"og:url\" content=\"https:\/\/chasquideportivo.com\/ecrt\/futbol-profesional-se-enfrenta-al-coronavirus-y-a-la-crisis-economica\/\" \/>\n<meta property=\"og:site_name\" content=\"ChasquiDeportivo\" \/>\n<meta property=\"article:publisher\" content=\"https:\/\/www.facebook.com\/chasquideportivo\" \/>\n<meta property=\"article:published_time\" content=\"2021-03-20T18:00:01+00:00\" \/>\n<meta property=\"article:modified_time\" content=\"2021-03-20T18:32:50+00:00\" \/>\n<meta name=\"author\" content=\"kollage\" \/>\n<meta name=\"twitter:card\" content=\"summary_large_image\" \/>\n<meta name=\"twitter:creator\" content=\"@chasquidep\" \/>\n<meta name=\"twitter:site\" content=\"@chasquidep\" \/>\n<meta name=\"twitter:label1\" content=\"Escrito por\" \/>\n\t<meta name=\"twitter:data1\" content=\"kollage\" \/>\n\t<meta name=\"twitter:label2\" content=\"Tiempo de lectura\" \/>\n\t<meta name=\"twitter:data2\" content=\"5 minutos\" \/>\n<script type=\"application\/ld+json\" class=\"yoast-schema-graph\">{\"@context\":\"https:\\\/\\\/schema.org\",\"@graph\":[{\"@type\":\"Article\",\"@id\":\"https:\\\/\\\/chasquideportivo.com\\\/ecrt\\\/futbol-profesional-se-enfrenta-al-coronavirus-y-a-la-crisis-economica\\\/#article\",\"isPartOf\":{\"@id\":\"https:\\\/\\\/chasquideportivo.com\\\/ecrt\\\/futbol-profesional-se-enfrenta-al-coronavirus-y-a-la-crisis-economica\\\/\"},\"author\":{\"name\":\"kollage\",\"@id\":\"https:\\\/\\\/chasquideportivo.com\\\/ecrt\\\/#\\\/schema\\\/person\\\/d9e229fabae4c1e3f82cf66d802ca7b6\"},\"headline\":\"F\u00fatbol profesional se enfrenta al Coronavirus y a la crisis econ\u00f3mica\",\"datePublished\":\"2021-03-20T18:00:01+00:00\",\"dateModified\":\"2021-03-20T18:32:50+00:00\",\"mainEntityOfPage\":{\"@id\":\"https:\\\/\\\/chasquideportivo.com\\\/ecrt\\\/futbol-profesional-se-enfrenta-al-coronavirus-y-a-la-crisis-economica\\\/\"},\"wordCount\":1070,\"commentCount\":0,\"publisher\":{\"@id\":\"https:\\\/\\\/chasquideportivo.com\\\/ecrt\\\/#organization\"},\"keywords\":[\"2018\",\"2019\",\"2020\",\"2021\",\"actividad deportiva\",\"barriales\",\"barrio\",\"chasqui\",\"chasqui deportivo\",\"deporte\",\"deporte barrial ecuatoriano\",\"deportistas\",\"deportivo\",\"deportivos\",\"dirigentcia\",\"dirigentes\",\"ecuador\",\"ecuatorianas\",\"ecuatoriano\",\"ecuatorianos\",\"futbol\",\"futbolistas\",\"ligas\",\"ligas barriales ecuador\",\"pa\u00eds\",\"quito\"],\"articleSection\":[\"Golazo\"],\"inLanguage\":\"es\",\"potentialAction\":[{\"@type\":\"CommentAction\",\"name\":\"Comment\",\"target\":[\"https:\\\/\\\/chasquideportivo.com\\\/ecrt\\\/futbol-profesional-se-enfrenta-al-coronavirus-y-a-la-crisis-economica\\\/#respond\"]}]},{\"@type\":\"WebPage\",\"@id\":\"https:\\\/\\\/chasquideportivo.com\\\/ecrt\\\/futbol-profesional-se-enfrenta-al-coronavirus-y-a-la-crisis-economica\\\/\",\"url\":\"https:\\\/\\\/chasquideportivo.com\\\/ecrt\\\/futbol-profesional-se-enfrenta-al-coronavirus-y-a-la-crisis-economica\\\/\",\"name\":\"F\u00fatbol profesional se enfrenta al Coronavirus y a la crisis econ\u00f3mica - ChasquiDeportivo\",\"isPartOf\":{\"@id\":\"https:\\\/\\\/chasquideportivo.com\\\/ecrt\\\/#website\"},\"datePublished\":\"2021-03-20T18:00:01+00:00\",\"dateModified\":\"2021-03-20T18:32:50+00:00\",\"description\":\"Chasqui Deportivo | Informaci\u00f3n y comunicaci\u00f3n, reportajes, noticias, entrevistas en el \u00e1rea del deporte local, nacional.\",\"breadcrumb\":{\"@id\":\"https:\\\/\\\/chasquideportivo.com\\\/ecrt\\\/futbol-profesional-se-enfrenta-al-coronavirus-y-a-la-crisis-economica\\\/#breadcrumb\"},\"inLanguage\":\"es\",\"potentialAction\":[{\"@type\":\"ReadAction\",\"target\":[\"https:\\\/\\\/chasquideportivo.com\\\/ecrt\\\/futbol-profesional-se-enfrenta-al-coronavirus-y-a-la-crisis-economica\\\/\"]}]},{\"@type\":\"BreadcrumbList\",\"@id\":\"https:\\\/\\\/chasquideportivo.com\\\/ecrt\\\/futbol-profesional-se-enfrenta-al-coronavirus-y-a-la-crisis-economica\\\/#breadcrumb\",\"itemListElement\":[{\"@type\":\"ListItem\",\"position\":1,\"name\":\"Portada | Chasqui Deportivo\",\"item\":\"https:\\\/\\\/chasquideportivo.com\\\/ecrt\\\/\"},{\"@type\":\"ListItem\",\"position\":2,\"name\":\"Archivo\",\"item\":\"https:\\\/\\\/chasquideportivo.com\\\/ecrt\\\/category\\\/archivo\\\/\"},{\"@type\":\"ListItem\",\"position\":3,\"name\":\"Golazo\",\"item\":\"https:\\\/\\\/chasquideportivo.com\\\/ecrt\\\/category\\\/archivo\\\/golazo\\\/\"},{\"@type\":\"ListItem\",\"position\":4,\"name\":\"F\u00fatbol profesional se enfrenta al Coronavirus y a la crisis econ\u00f3mica\"}]},{\"@type\":\"WebSite\",\"@id\":\"https:\\\/\\\/chasquideportivo.com\\\/ecrt\\\/#website\",\"url\":\"https:\\\/\\\/chasquideportivo.com\\\/ecrt\\\/\",\"name\":\"ChasquiDeportivo\",\"description\":\"Informaci&oacute;n y comunicaci&oacute;n, reportajes, noticias, entrevistas en el &aacute;rea del deporte local, nacional.\",\"publisher\":{\"@id\":\"https:\\\/\\\/chasquideportivo.com\\\/ecrt\\\/#organization\"},\"potentialAction\":[{\"@type\":\"SearchAction\",\"target\":{\"@type\":\"EntryPoint\",\"urlTemplate\":\"https:\\\/\\\/chasquideportivo.com\\\/ecrt\\\/?s={search_term_string}\"},\"query-input\":{\"@type\":\"PropertyValueSpecification\",\"valueRequired\":true,\"valueName\":\"search_term_string\"}}],\"inLanguage\":\"es\"},{\"@type\":\"Organization\",\"@id\":\"https:\\\/\\\/chasquideportivo.com\\\/ecrt\\\/#organization\",\"name\":\"Chasqui Deportivo\",\"url\":\"https:\\\/\\\/chasquideportivo.com\\\/ecrt\\\/\",\"logo\":{\"@type\":\"ImageObject\",\"inLanguage\":\"es\",\"@id\":\"https:\\\/\\\/chasquideportivo.com\\\/ecrt\\\/#\\\/schema\\\/logo\\\/image\\\/\",\"url\":\"https:\\\/\\\/chasquideportivo.com\\\/ecrt\\\/wp-content\\\/uploads\\\/2022\\\/01\\\/logo-vertical.jpg\",\"contentUrl\":\"https:\\\/\\\/chasquideportivo.com\\\/ecrt\\\/wp-content\\\/uploads\\\/2022\\\/01\\\/logo-vertical.jpg\",\"width\":612,\"height\":750,\"caption\":\"Chasqui Deportivo\"},\"image\":{\"@id\":\"https:\\\/\\\/chasquideportivo.com\\\/ecrt\\\/#\\\/schema\\\/logo\\\/image\\\/\"},\"sameAs\":[\"https:\\\/\\\/www.facebook.com\\\/chasquideportivo\",\"https:\\\/\\\/x.com\\\/chasquidep\",\"https:\\\/\\\/www.instagram.com\\\/chasquideportivo.ec\",\"https:\\\/\\\/www.youtube.com\\\/channel\\\/UCGY8M-csHuxJuGRt4XrV90Q\"]},{\"@type\":\"Person\",\"@id\":\"https:\\\/\\\/chasquideportivo.com\\\/ecrt\\\/#\\\/schema\\\/person\\\/d9e229fabae4c1e3f82cf66d802ca7b6\",\"name\":\"kollage\",\"image\":{\"@type\":\"ImageObject\",\"inLanguage\":\"es\",\"@id\":\"https:\\\/\\\/secure.gravatar.com\\\/avatar\\\/69b5388bf21dfca5434ca100f351036f1fbff72ba519ef8157b31bcc7fbfbb18?s=96&d=mm&r=g\",\"url\":\"https:\\\/\\\/secure.gravatar.com\\\/avatar\\\/69b5388bf21dfca5434ca100f351036f1fbff72ba519ef8157b31bcc7fbfbb18?s=96&d=mm&r=g\",\"contentUrl\":\"https:\\\/\\\/secure.gravatar.com\\\/avatar\\\/69b5388bf21dfca5434ca100f351036f1fbff72ba519ef8157b31bcc7fbfbb18?s=96&d=mm&r=g\",\"caption\":\"kollage\"},\"sameAs\":[\"https:\\\/\\\/chasquideportivo.com\\\/ecrt\"],\"url\":\"https:\\\/\\\/chasquideportivo.com\\\/ecrt\\\/author\\\/kollage\\\/\"}]}<\/script>\n<!-- \/ Yoast SEO plugin. -->","yoast_head_json":{"title":"F\u00fatbol profesional se enfrenta al Coronavirus y a la crisis econ\u00f3mica - ChasquiDeportivo","description":"Chasqui Deportivo | Informaci\u00f3n y comunicaci\u00f3n, reportajes, noticias, entrevistas en el \u00e1rea del deporte local, nacional.","robots":{"index":"index","follow":"follow","max-snippet":"max-snippet:-1","max-image-preview":"max-image-preview:large","max-video-preview":"max-video-preview:-1"},"canonical":"https:\/\/chasquideportivo.com\/ecrt\/futbol-profesional-se-enfrenta-al-coronavirus-y-a-la-crisis-economica\/","og_locale":"es_ES","og_type":"article","og_title":"F\u00fatbol profesional se enfrenta al Coronavirus y a la crisis econ\u00f3mica - ChasquiDeportivo","og_description":"Chasqui Deportivo | Informaci\u00f3n y comunicaci\u00f3n, reportajes, noticias, entrevistas en el \u00e1rea del deporte local, nacional.","og_url":"https:\/\/chasquideportivo.com\/ecrt\/futbol-profesional-se-enfrenta-al-coronavirus-y-a-la-crisis-economica\/","og_site_name":"ChasquiDeportivo","article_publisher":"https:\/\/www.facebook.com\/chasquideportivo","article_published_time":"2021-03-20T18:00:01+00:00","article_modified_time":"2021-03-20T18:32:50+00:00","author":"kollage","twitter_card":"summary_large_image","twitter_creator":"@chasquidep","twitter_site":"@chasquidep","twitter_misc":{"Escrito por":"kollage","Tiempo de lectura":"5 minutos"},"schema":{"@context":"https:\/\/schema.org","@graph":[{"@type":"Article","@id":"https:\/\/chasquideportivo.com\/ecrt\/futbol-profesional-se-enfrenta-al-coronavirus-y-a-la-crisis-economica\/#article","isPartOf":{"@id":"https:\/\/chasquideportivo.com\/ecrt\/futbol-profesional-se-enfrenta-al-coronavirus-y-a-la-crisis-economica\/"},"author":{"name":"kollage","@id":"https:\/\/chasquideportivo.com\/ecrt\/#\/schema\/person\/d9e229fabae4c1e3f82cf66d802ca7b6"},"headline":"F\u00fatbol profesional se enfrenta al Coronavirus y a la crisis econ\u00f3mica","datePublished":"2021-03-20T18:00:01+00:00","dateModified":"2021-03-20T18:32:50+00:00","mainEntityOfPage":{"@id":"https:\/\/chasquideportivo.com\/ecrt\/futbol-profesional-se-enfrenta-al-coronavirus-y-a-la-crisis-economica\/"},"wordCount":1070,"commentCount":0,"publisher":{"@id":"https:\/\/chasquideportivo.com\/ecrt\/#organization"},"keywords":["2018","2019","2020","2021","actividad deportiva","barriales","barrio","chasqui","chasqui deportivo","deporte","deporte barrial ecuatoriano","deportistas","deportivo","deportivos","dirigentcia","dirigentes","ecuador","ecuatorianas","ecuatoriano","ecuatorianos","futbol","futbolistas","ligas","ligas barriales ecuador","pa\u00eds","quito"],"articleSection":["Golazo"],"inLanguage":"es","potentialAction":[{"@type":"CommentAction","name":"Comment","target":["https:\/\/chasquideportivo.com\/ecrt\/futbol-profesional-se-enfrenta-al-coronavirus-y-a-la-crisis-economica\/#respond"]}]},{"@type":"WebPage","@id":"https:\/\/chasquideportivo.com\/ecrt\/futbol-profesional-se-enfrenta-al-coronavirus-y-a-la-crisis-economica\/","url":"https:\/\/chasquideportivo.com\/ecrt\/futbol-profesional-se-enfrenta-al-coronavirus-y-a-la-crisis-economica\/","name":"F\u00fatbol profesional se enfrenta al Coronavirus y a la crisis econ\u00f3mica - ChasquiDeportivo","isPartOf":{"@id":"https:\/\/chasquideportivo.com\/ecrt\/#website"},"datePublished":"2021-03-20T18:00:01+00:00","dateModified":"2021-03-20T18:32:50+00:00","description":"Chasqui Deportivo | Informaci\u00f3n y comunicaci\u00f3n, reportajes, noticias, entrevistas en el \u00e1rea del deporte local, nacional.","breadcrumb":{"@id":"https:\/\/chasquideportivo.com\/ecrt\/futbol-profesional-se-enfrenta-al-coronavirus-y-a-la-crisis-economica\/#breadcrumb"},"inLanguage":"es","potentialAction":[{"@type":"ReadAction","target":["https:\/\/chasquideportivo.com\/ecrt\/futbol-profesional-se-enfrenta-al-coronavirus-y-a-la-crisis-economica\/"]}]},{"@type":"BreadcrumbList","@id":"https:\/\/chasquideportivo.com\/ecrt\/futbol-profesional-se-enfrenta-al-coronavirus-y-a-la-crisis-economica\/#breadcrumb","itemListElement":[{"@type":"ListItem","position":1,"name":"Portada | Chasqui Deportivo","item":"https:\/\/chasquideportivo.com\/ecrt\/"},{"@type":"ListItem","position":2,"name":"Archivo","item":"https:\/\/chasquideportivo.com\/ecrt\/category\/archivo\/"},{"@type":"ListItem","position":3,"name":"Golazo","item":"https:\/\/chasquideportivo.com\/ecrt\/category\/archivo\/golazo\/"},{"@type":"ListItem","position":4,"name":"F\u00fatbol profesional se enfrenta al Coronavirus y a la crisis econ\u00f3mica"}]},{"@type":"WebSite","@id":"https:\/\/chasquideportivo.com\/ecrt\/#website","url":"https:\/\/chasquideportivo.com\/ecrt\/","name":"ChasquiDeportivo","description":"Informaci&oacute;n y comunicaci&oacute;n, reportajes, noticias, entrevistas en el &aacute;rea del deporte local, nacional.","publisher":{"@id":"https:\/\/chasquideportivo.com\/ecrt\/#organization"},"potentialAction":[{"@type":"SearchAction","target":{"@type":"EntryPoint","urlTemplate":"https:\/\/chasquideportivo.com\/ecrt\/?s={search_term_string}"},"query-input":{"@type":"PropertyValueSpecification","valueRequired":true,"valueName":"search_term_string"}}],"inLanguage":"es"},{"@type":"Organization","@id":"https:\/\/chasquideportivo.com\/ecrt\/#organization","name":"Chasqui Deportivo","url":"https:\/\/chasquideportivo.com\/ecrt\/","logo":{"@type":"ImageObject","inLanguage":"es","@id":"https:\/\/chasquideportivo.com\/ecrt\/#\/schema\/logo\/image\/","url":"https:\/\/chasquideportivo.com\/ecrt\/wp-content\/uploads\/2022\/01\/logo-vertical.jpg","contentUrl":"https:\/\/chasquideportivo.com\/ecrt\/wp-content\/uploads\/2022\/01\/logo-vertical.jpg","width":612,"height":750,"caption":"Chasqui Deportivo"},"image":{"@id":"https:\/\/chasquideportivo.com\/ecrt\/#\/schema\/logo\/image\/"},"sameAs":["https:\/\/www.facebook.com\/chasquideportivo","https:\/\/x.com\/chasquidep","https:\/\/www.instagram.com\/chasquideportivo.ec","https:\/\/www.youtube.com\/channel\/UCGY8M-csHuxJuGRt4XrV90Q"]},{"@type":"Person","@id":"https:\/\/chasquideportivo.com\/ecrt\/#\/schema\/person\/d9e229fabae4c1e3f82cf66d802ca7b6","name":"kollage","image":{"@type":"ImageObject","inLanguage":"es","@id":"https:\/\/secure.gravatar.com\/avatar\/69b5388bf21dfca5434ca100f351036f1fbff72ba519ef8157b31bcc7fbfbb18?s=96&d=mm&r=g","url":"https:\/\/secure.gravatar.com\/avatar\/69b5388bf21dfca5434ca100f351036f1fbff72ba519ef8157b31bcc7fbfbb18?s=96&d=mm&r=g","contentUrl":"https:\/\/secure.gravatar.com\/avatar\/69b5388bf21dfca5434ca100f351036f1fbff72ba519ef8157b31bcc7fbfbb18?s=96&d=mm&r=g","caption":"kollage"},"sameAs":["https:\/\/chasquideportivo.com\/ecrt"],"url":"https:\/\/chasquideportivo.com\/ecrt\/author\/kollage\/"}]}},"_links":{"self":[{"href":"https:\/\/chasquideportivo.com\/ecrt\/wp-json\/wp\/v2\/posts\/5732","targetHints":{"allow":["GET"]}}],"collection":[{"href":"https:\/\/chasquideportivo.com\/ecrt\/wp-json\/wp\/v2\/posts"}],"about":[{"href":"https:\/\/chasquideportivo.com\/ecrt\/wp-json\/wp\/v2\/types\/post"}],"author":[{"embeddable":true,"href":"https:\/\/chasquideportivo.com\/ecrt\/wp-json\/wp\/v2\/users\/1"}],"replies":[{"embeddable":true,"href":"https:\/\/chasquideportivo.com\/ecrt\/wp-json\/wp\/v2\/comments?post=5732"}],"version-history":[{"count":1,"href":"https:\/\/chasquideportivo.com\/ecrt\/wp-json\/wp\/v2\/posts\/5732\/revisions"}],"predecessor-version":[{"id":5834,"href":"https:\/\/chasquideportivo.com\/ecrt\/wp-json\/wp\/v2\/posts\/5732\/revisions\/5834"}],"wp:attachment":[{"href":"https:\/\/chasquideportivo.com\/ecrt\/wp-json\/wp\/v2\/media?parent=5732"}],"wp:term":[{"taxonomy":"category","embeddable":true,"href":"https:\/\/chasquideportivo.com\/ecrt\/wp-json\/wp\/v2\/categories?post=5732"},{"taxonomy":"post_tag","embeddable":true,"href":"https:\/\/chasquideportivo.com\/ecrt\/wp-json\/wp\/v2\/tags?post=5732"}],"curies":[{"name":"wp","href":"https:\/\/api.w.org\/{rel}","templated":true}]}}