{"id":5719,"date":"2021-03-20T17:59:59","date_gmt":"2021-03-20T17:59:59","guid":{"rendered":"https:\/\/chasquideportivo.com\/ecrt\/2021\/03\/20\/fidel-martinez-goleador-de-la-copa-libertadores-2020\/"},"modified":"2021-03-20T19:15:54","modified_gmt":"2021-03-20T19:15:54","slug":"fidel-martinez-goleador-de-la-copa-libertadores-2020","status":"publish","type":"post","link":"https:\/\/chasquideportivo.com\/ecrt\/fidel-martinez-goleador-de-la-copa-libertadores-2020\/","title":{"rendered":"Fidel Mart\u00ednez goleador de la Copa Libertadores 2020"},"content":{"rendered":"<p>El Flamante goleador de la edici\u00f3n 61 de la Libertadores no vino a la final que este s\u00e1bado jugaron los brasile\u00f1os Santos y Palmeiras en el estadio Maracan\u00e1 de R\u00edo de Janeiro.<\/p>\n<p>Y si la vio fue a trav\u00e9s de la televisi\u00f3n, con la tranquilidad de que su ventaja era suficiente para frustrar los deseos de Kaio Jorge, del Santos; y de Luiz Adriano y Rony, del Palmeiras, todos igualados con cuatro.<\/p>\n<p>Entre el ecuatoriano y los tres finalistas brasile\u00f1os qued\u00f3 con siete dianas el colombiano del River Plate Rafael Santos Borr\u00e9, y con seis el argentino de Boca Juniors Eduardo Salvio.<\/p>\n<p>Boca Juniors y River Plate fueron precisamente los clubes que cayeron en las semifinales.<\/p>\n<p>Fidel Mart\u00ednez, que el 15 de febrero cumplir\u00e1 31 a\u00f1os, lleg\u00f3 a sus definitivos ocho goles el 26 de febrero del a\u00f1o pasado, es decir hace 339 d\u00edas. El registro establece &nbsp;un doblete al Cerro Porte\u00f1o paraguayo en el partido de vuelta de la tercera instancia, la previa a la fase de grupos en la que cay\u00f3 el conjunto ecuatoriano.<\/p>\n<p>El de Nueva Loja fich\u00f3 por el Barcelona en diciembre de 2018 y permaneci\u00f3 en el club de Guayaquil hasta agosto de 2020. Entonces pas\u00f3 al Shangh\u00e1i Shenhua chino, pero en diciembre pasado hizo sus valijas para jugar en el Tijuana mexicano.<\/p>\n<p>Mart\u00ednez sucede en el palmar\u00e9s hist\u00f3rico de la Copa Libertadores al delantero brasile\u00f1o Gabriel Barbosa, quien marc\u00f3 9 dianas e impuls\u00f3 la conquista del t\u00edtulo del Flamengo.<\/p>\n<p>El atacante de 23 a\u00f1os anot\u00f3 los dos goles del &#8216;Mengao&#8217; contra River Plate en la final jugada en el estadio Monumental de Lima, la primera a partido \u00fanico en la sexagenaria historia del torneo.<\/p>\n<p><strong>&#8211; Clasificaci\u00f3n de goleadores de la Copa Libertadores 2020:<\/strong><\/p>\n<p>Con 8: Fidel Mart\u00ednez (antes Barcelona-ECU, hoy Tijuana-MEX)<\/p>\n<p>Con 7: Rafael Santos Borr\u00e9 (COL-River Plate)<\/p>\n<p>Con 6: Eduardo Salvio (Boca Juniors)<\/p>\n<p>Con 4: Luiz Adriano y Rony (Palmeiras), Kaio Jorge (Santos), y Juli\u00e1n \u00c1lvarez (River Plate).<\/p>\n<p>&#8211; Palmar\u00e9s de goleadores:<\/p>\n<p>A\u00d1O&nbsp; &nbsp;GOLEADOR&nbsp; &nbsp; &nbsp; &nbsp; &nbsp; &nbsp; &nbsp; &nbsp; &nbsp; &nbsp;EQUIPO&nbsp; &nbsp; &nbsp; &nbsp; &nbsp; &nbsp; &nbsp; GOLES<\/p>\n<p>1960&nbsp; Alberto Spencer (ECU)&nbsp; &nbsp; &nbsp; Pe\u00f1arol (URU)&nbsp; &nbsp; &nbsp; &nbsp; &nbsp; &nbsp;7<\/p>\n<p>1961&nbsp; Osvaldo Panzutto (ARG)&nbsp; &nbsp; &nbsp;Santa Fe (COL)&nbsp; &nbsp; &nbsp; &nbsp; &nbsp; 4<\/p>\n<p>1962&nbsp; Coutinho (BRA)&nbsp; &nbsp; &nbsp; &nbsp; &nbsp; &nbsp; &nbsp;Santos (BRA)&nbsp; &nbsp; &nbsp; &nbsp; &nbsp; &nbsp; 6<\/p>\n<p>&nbsp; &nbsp; &nbsp; Enrique Raymondi (ECU)&nbsp; &nbsp; &nbsp;Emelec (ECU)&nbsp; &nbsp; &nbsp; &nbsp; &nbsp; &nbsp; 6<\/p>\n<p>&nbsp; &nbsp; &nbsp; Alberto Spencer (ECU)&nbsp; &nbsp; &nbsp; Pe\u00f1arol (URU)&nbsp; &nbsp; &nbsp; &nbsp; &nbsp; &nbsp;6<\/p>\n<p>1963&nbsp; Jos\u00e9 Sanfilippo (ARG)&nbsp; &nbsp; &nbsp; Boca Juniors (ARG)&nbsp; &nbsp; &nbsp; 7<\/p>\n<p>1964&nbsp; Mario Rodr\u00edguez (ARG)&nbsp; &nbsp; &nbsp; Independiente (ARG)&nbsp; &nbsp; &nbsp;6<\/p>\n<p>1965&nbsp; Pel\u00e9 (BRA)&nbsp; &nbsp; &nbsp; &nbsp; &nbsp; &nbsp; &nbsp; &nbsp; &nbsp;Santos FC (BRA)&nbsp; &nbsp; &nbsp; &nbsp; &nbsp;8<\/p>\n<p>1966&nbsp; Daniel Onega (ARG)&nbsp; &nbsp; &nbsp; &nbsp; &nbsp;River Plate (ARG)&nbsp; &nbsp; &nbsp; 17<\/p>\n<p>1967&nbsp; Norberto Raffo (ARG)&nbsp; &nbsp; &nbsp; &nbsp;Racing Club (ARG)&nbsp; &nbsp; &nbsp; 13<\/p>\n<p>1968&nbsp; Tupaozinho (BRA)&nbsp; &nbsp; &nbsp; &nbsp; &nbsp; &nbsp;Palmeiras (BRA)&nbsp; &nbsp; &nbsp; &nbsp; 11<\/p>\n<p>1969&nbsp; Alberto Ferrero (URU)&nbsp; &nbsp; &nbsp; Wanderers (CHI)&nbsp; &nbsp; &nbsp; &nbsp; &nbsp;8<\/p>\n<p>1970&nbsp; Francisco Bertocchi (URU)&nbsp; Liga de Quito (ECU)&nbsp; &nbsp; &nbsp;9<\/p>\n<p>1971&nbsp; Ra\u00fal Castronovo (ARG)&nbsp; &nbsp; &nbsp; Pe\u00f1arol (URU)&nbsp; &nbsp; &nbsp; &nbsp; &nbsp; 10<\/p>\n<p>&nbsp; &nbsp; &nbsp; Luis Artime (ARG)&nbsp; &nbsp; &nbsp; &nbsp; &nbsp; Nacional (URU)&nbsp; &nbsp; &nbsp; &nbsp; &nbsp;10<\/p>\n<p>1972&nbsp; Te\u00f3filo Cubillas (PER)&nbsp; &nbsp; &nbsp;Alianza Lima (PER)&nbsp; &nbsp; &nbsp; 6<\/p>\n<p>&nbsp; &nbsp; &nbsp; Oswaldo Ram\u00edrez (PER)&nbsp; &nbsp; &nbsp; Universitario (PER)&nbsp; &nbsp; &nbsp;6<\/p>\n<p>&nbsp; &nbsp; &nbsp; Percy Rojas (PER)&nbsp; &nbsp; &nbsp; &nbsp; &nbsp; Universitario (PER)&nbsp; &nbsp; &nbsp;6<\/p>\n<p>&nbsp; &nbsp; &nbsp; Toninho (BRA)&nbsp; &nbsp; &nbsp; &nbsp; &nbsp; &nbsp; &nbsp; Sao Paulo (BRA)&nbsp; &nbsp; &nbsp; &nbsp; &nbsp;6<\/p>\n<p>1973&nbsp; Carlos Caszely (CHI)&nbsp; &nbsp; &nbsp; &nbsp;Colo Colo (CHI)&nbsp; &nbsp; &nbsp; &nbsp; &nbsp;9<\/p>\n<p>1974&nbsp; Fernando Morena (URU)&nbsp; &nbsp; &nbsp; Pe\u00f1arol (URU)&nbsp; &nbsp; &nbsp; &nbsp; &nbsp; &nbsp;7<\/p>\n<p>&nbsp; &nbsp; &nbsp; Pedro V. Rocha (URU)&nbsp; &nbsp; &nbsp; &nbsp;Sao Paulo (BRA)&nbsp; &nbsp; &nbsp; &nbsp; &nbsp;7<\/p>\n<p>&nbsp; &nbsp; &nbsp; Terto (BRA)&nbsp; &nbsp; &nbsp; &nbsp; &nbsp; &nbsp; &nbsp; &nbsp; Sao Paulo (BRA)&nbsp; &nbsp; &nbsp; &nbsp; &nbsp;7<\/p>\n<p>1975&nbsp; Fernando Morena (URU)&nbsp; &nbsp; &nbsp; Pe\u00f1arol (URU)&nbsp; &nbsp; &nbsp; &nbsp; &nbsp; &nbsp;8<\/p>\n<p>&nbsp; &nbsp; &nbsp; Oswaldo Ram\u00edrez (PER)&nbsp; &nbsp; &nbsp; Universitario (PER)&nbsp; &nbsp; &nbsp;8<\/p>\n<p>1976&nbsp; Palinha (BRA)&nbsp; &nbsp; &nbsp; &nbsp; &nbsp; &nbsp; &nbsp; Cruzeiro (BRA)&nbsp; &nbsp; &nbsp; &nbsp; &nbsp;13<\/p>\n<p>1977&nbsp; N\u00e9stor Scotta (ARG)&nbsp; &nbsp; &nbsp; &nbsp; Deportivo Cali (COL)&nbsp; &nbsp; 5<\/p>\n<p>1978&nbsp; N\u00e9stor Scotta (ARG)&nbsp; &nbsp; &nbsp; &nbsp; Deportivo Cali (COL)&nbsp; &nbsp; 8<\/p>\n<p>&nbsp; &nbsp; &nbsp; Guillermo La Rosa (PER)&nbsp; &nbsp; Alianza Lima (PER)&nbsp; &nbsp; &nbsp; 8<\/p>\n<p>1979&nbsp; Miltao (BRA)&nbsp; &nbsp; &nbsp; &nbsp; &nbsp; &nbsp; &nbsp; &nbsp;Guaran\u00ed (BRA)&nbsp; &nbsp; &nbsp; &nbsp; &nbsp; &nbsp;6<\/p>\n<p>&nbsp; &nbsp; &nbsp; Juan Jos\u00e9 Or\u00e9 (PER)&nbsp; &nbsp; &nbsp; &nbsp; Universitario (PER)&nbsp; &nbsp; &nbsp;6<\/p>\n<p>1980&nbsp; Waldemar Victorino (URU)&nbsp; &nbsp;Nacional (URU)&nbsp; &nbsp; &nbsp; &nbsp; &nbsp; 6<\/p>\n<p>1981&nbsp; Zico (BRA)&nbsp; &nbsp; &nbsp; &nbsp; &nbsp; &nbsp; &nbsp; &nbsp; &nbsp;Flamengo (BRA)&nbsp; &nbsp; &nbsp; &nbsp; &nbsp;11<\/p>\n<p>1982&nbsp; Fernando Morena (URU)&nbsp; &nbsp; &nbsp; Pe\u00f1arol (URU)&nbsp; &nbsp; &nbsp; &nbsp; &nbsp; &nbsp;7<\/p>\n<p>1983&nbsp; Arsenio Luzardo (URU)&nbsp; &nbsp; &nbsp; Nacional (URU)&nbsp; &nbsp; &nbsp; &nbsp; &nbsp; 8<\/p>\n<p>1984&nbsp; Tita (BRA)&nbsp; &nbsp; &nbsp; &nbsp; &nbsp; &nbsp; &nbsp; &nbsp; &nbsp;Flamengo (BRA)&nbsp; &nbsp; &nbsp; &nbsp; &nbsp; 8<\/p>\n<p>1985&nbsp; Juan Carlos S\u00e1nchez (ARG)&nbsp; Blooming (BOL)&nbsp; &nbsp; &nbsp; &nbsp; &nbsp;11<\/p>\n<p>1986&nbsp; Juan Carlos De Lima (URU)&nbsp; Deportivo Quito (ECU)&nbsp; 11<\/p>\n<p>1987&nbsp; Ricardo Gareca (ARG)&nbsp; &nbsp; &nbsp; &nbsp;Am\u00e9rica (COL)&nbsp; &nbsp; &nbsp; &nbsp; &nbsp; &nbsp;7<\/p>\n<p>1988&nbsp; Arnoldo Iguar\u00e1n (COL)&nbsp; &nbsp; &nbsp; Millonarios (COL)&nbsp; &nbsp; &nbsp; &nbsp;5<\/p>\n<p>1989&nbsp; Carlos Aguilera (URU)&nbsp; &nbsp; &nbsp; Pe\u00f1arol (URU)&nbsp; &nbsp; &nbsp; &nbsp; &nbsp; 10<\/p>\n<p>&nbsp; &nbsp; &nbsp; Ra\u00fal Amarilla (PAR)&nbsp; &nbsp; &nbsp; &nbsp; Olimpia (PAR)&nbsp; &nbsp; &nbsp; &nbsp; &nbsp; 10<\/p>\n<p>1990&nbsp; Adriano Samaniego (PAR)&nbsp; &nbsp; Olimpia (PAR)&nbsp; &nbsp; &nbsp; &nbsp; &nbsp; &nbsp;7<\/p>\n<p>1991&nbsp; Ga\u00facho (BRA)&nbsp; &nbsp; &nbsp; &nbsp; &nbsp; &nbsp; &nbsp; &nbsp;Flamengo (BRA)&nbsp; &nbsp; &nbsp; &nbsp; &nbsp; 8<\/p>\n<p>1992&nbsp; Palhinha (BRA)&nbsp; &nbsp; &nbsp; &nbsp; &nbsp; &nbsp; &nbsp;Sao Paulo (BRA)&nbsp; &nbsp; &nbsp; &nbsp; &nbsp;7<\/p>\n<p>1993&nbsp; Juan Carlos Almada (ARG)&nbsp; &nbsp;U. Cat\u00f3lica (CHI)&nbsp; &nbsp; &nbsp; &nbsp;9<\/p>\n<p>1994&nbsp; Stalin Rivas (VEN)&nbsp; &nbsp; &nbsp; &nbsp; &nbsp;Minerv\u00e9n (VEN)&nbsp; &nbsp; &nbsp; &nbsp; &nbsp; 7<\/p>\n<p>1995&nbsp; Jardel (BRA)&nbsp; &nbsp; &nbsp; &nbsp; &nbsp; &nbsp; &nbsp; &nbsp;Gremio (BRA)&nbsp; &nbsp; &nbsp; &nbsp; &nbsp; &nbsp;12<\/p>\n<p>1996&nbsp; Anthony De \u00c1vila (COL)&nbsp; &nbsp; &nbsp;Am\u00e9rica (COL)&nbsp; &nbsp; &nbsp; &nbsp; &nbsp; 11<\/p>\n<p>1997&nbsp; Alberto Acosta (ARG)&nbsp; &nbsp; &nbsp; &nbsp;U. Cat\u00f3lica (CHI)&nbsp; &nbsp; &nbsp; 11<\/p>\n<p>1998&nbsp; Sergio Joao (BRA)&nbsp; &nbsp; &nbsp; &nbsp; &nbsp; Bol\u00edvar (BOL)&nbsp; &nbsp; &nbsp; &nbsp; &nbsp; 10<\/p>\n<p>1999&nbsp; V\u00edctor Bonilla (COL)&nbsp; &nbsp; &nbsp; &nbsp;Deportivo Cali (COL)&nbsp; &nbsp; 6<\/p>\n<p>&nbsp; &nbsp; &nbsp; Fernando Baiano (BRA)&nbsp; &nbsp; &nbsp; Corinthians (BRA)&nbsp; &nbsp; &nbsp; &nbsp;6<\/p>\n<p>&nbsp; &nbsp; &nbsp; Gauchinho (BRA)&nbsp; &nbsp; &nbsp; &nbsp; &nbsp; &nbsp; Cerro Porte\u00f1o (PAR)&nbsp; &nbsp; &nbsp;6<\/p>\n<p>&nbsp; &nbsp; &nbsp; Ruberth Mor\u00e1n (VEN)&nbsp; &nbsp; &nbsp; &nbsp; Est. M\u00e9rida (VEN)&nbsp; &nbsp; &nbsp; &nbsp;6<\/p>\n<p>&nbsp; &nbsp; &nbsp; Rub\u00e9n Sosa (URU)&nbsp; &nbsp; &nbsp; &nbsp; &nbsp; &nbsp;Nacional (URU)&nbsp; &nbsp; &nbsp; &nbsp; &nbsp; 6<\/p>\n<p>&nbsp; &nbsp; &nbsp; Mart\u00edn Zapata (COL)&nbsp; &nbsp; &nbsp; &nbsp; Deportivo Cali (COL)&nbsp; &nbsp; 6<\/p>\n<p>2000&nbsp; Luizao (BRA)&nbsp; &nbsp; &nbsp; &nbsp; &nbsp; &nbsp; &nbsp; &nbsp;Corinthians (BRA)&nbsp; &nbsp; &nbsp; 14<\/p>\n<p>2001&nbsp; Lopes (BRA)&nbsp; &nbsp; &nbsp; &nbsp; &nbsp; &nbsp; &nbsp; &nbsp; Palmeiras (BRA)&nbsp; &nbsp; &nbsp; &nbsp; &nbsp;9<\/p>\n<p>2002&nbsp; Rodrigo Mendes (BRA)&nbsp; &nbsp; &nbsp; &nbsp;Gremio (BRA)&nbsp; &nbsp; &nbsp; &nbsp; &nbsp; &nbsp;10<\/p>\n<p>2003&nbsp; Marcelo Delgado (ARG)&nbsp; &nbsp; &nbsp; Boca Juniors (ARG)&nbsp; &nbsp; &nbsp; 9<\/p>\n<p>&nbsp; &nbsp; &nbsp; Ricardo Oliveira (BRA)&nbsp; &nbsp; &nbsp;Santos (BRA)&nbsp; &nbsp; &nbsp; &nbsp; &nbsp; &nbsp; 9<\/p>\n<p>2004&nbsp; Luis Fabiano (BRA)&nbsp; &nbsp; &nbsp; &nbsp; &nbsp;Sao Paulo (BRA)&nbsp; &nbsp; &nbsp; &nbsp; &nbsp;8<\/p>\n<p>2005&nbsp; Santiago Salcedo (PAR)&nbsp; &nbsp; &nbsp;Cerro Porte\u00f1o (PAR)&nbsp; &nbsp; &nbsp;9<\/p>\n<p>2006&nbsp; Aloisio (BRA)&nbsp; &nbsp; &nbsp; &nbsp; &nbsp; &nbsp; &nbsp; Sao Paulo (BRA)&nbsp; &nbsp; &nbsp; &nbsp; &nbsp;5<\/p>\n<p>&nbsp; &nbsp; &nbsp; F\u00e9lix Borja (ECU)&nbsp; &nbsp; &nbsp; &nbsp; &nbsp; El Nacional (ECU)&nbsp; &nbsp; &nbsp; &nbsp;5<\/p>\n<p>&nbsp; &nbsp; &nbsp; Jos\u00e9 Luis Calder\u00f3n (ARG)&nbsp; &nbsp;Estudiantes LP (ARG)&nbsp; &nbsp; 5<\/p>\n<p>&nbsp; &nbsp; &nbsp; Agust\u00edn Delgado (ECU)&nbsp; &nbsp; &nbsp; Liga de Quito (ECU)&nbsp; &nbsp; &nbsp;5<\/p>\n<p>&nbsp; &nbsp; &nbsp; Sebasti\u00e1n Ereros (ARG)&nbsp; &nbsp; &nbsp;V\u00e9lez Sarsfield (ARG)&nbsp; &nbsp;5<\/p>\n<p>&nbsp; &nbsp; &nbsp; Ernesto Far\u00edas (ARG)&nbsp; &nbsp; &nbsp; &nbsp;River Plate (ARG)&nbsp; &nbsp; &nbsp; &nbsp;5<\/p>\n<p>&nbsp; &nbsp; &nbsp; Fernandao (BRA)&nbsp; &nbsp; &nbsp; &nbsp; &nbsp; &nbsp; Internacional (BRA)&nbsp; &nbsp; &nbsp;5<\/p>\n<p>&nbsp; &nbsp; &nbsp; Marcinho (BRA)&nbsp; &nbsp; &nbsp; &nbsp; &nbsp; &nbsp; &nbsp;Palmeiras (BRA)&nbsp; &nbsp; &nbsp; &nbsp; &nbsp;5<\/p>\n<p>&nbsp; &nbsp; &nbsp; Daniel Montenegro (ARG)&nbsp; &nbsp; River Plate (ARG)&nbsp; &nbsp; &nbsp; &nbsp;5<\/p>\n<p>&nbsp; &nbsp; &nbsp; Nilmar (BRA)&nbsp; &nbsp; &nbsp; &nbsp; &nbsp; &nbsp; &nbsp; &nbsp;Corinthians (BRA)&nbsp; &nbsp; &nbsp; &nbsp;5<\/p>\n<p>&nbsp; &nbsp; &nbsp; Mariano Pavone (ARG)&nbsp; &nbsp; &nbsp; &nbsp;Estudiantes LP (ARG)&nbsp; &nbsp; 5<\/p>\n<p>&nbsp; &nbsp; &nbsp; Jorge Quinteros (ARG)&nbsp; &nbsp; &nbsp; U. Cat\u00f3lica (CHI)&nbsp; &nbsp; &nbsp; &nbsp;5<\/p>\n<p>&nbsp; &nbsp; &nbsp; Patricio Urrutia (ECU)&nbsp; &nbsp; &nbsp;Liga de Quito (ECU)&nbsp; &nbsp; &nbsp;5<\/p>\n<p>&nbsp; &nbsp; &nbsp; Washington (BRA)&nbsp; &nbsp; &nbsp; &nbsp; &nbsp; &nbsp;Palmeiras (BRA)&nbsp; &nbsp; &nbsp; &nbsp; &nbsp;5<\/p>\n<p>2007&nbsp; Salvador Caba\u00f1as (PAR)&nbsp; &nbsp; &nbsp;Am\u00e9rica (MEX)&nbsp; &nbsp; &nbsp; &nbsp; &nbsp; 10<\/p>\n<p>2008&nbsp; Salvador Caba\u00f1as (PAR)&nbsp; &nbsp; &nbsp;Am\u00e9rica (MEX)&nbsp; &nbsp; &nbsp; &nbsp; &nbsp; &nbsp;8<\/p>\n<p>&nbsp; &nbsp; &nbsp; Marcelo Martins M. (BOL)&nbsp; &nbsp;Cruzeiro (BRA)&nbsp; &nbsp; &nbsp; &nbsp; &nbsp; 8<\/p>\n<p>2009&nbsp; Mauro Boselli (ARG)&nbsp; &nbsp; &nbsp; &nbsp; Estudiantes (ARG)&nbsp; &nbsp; &nbsp; &nbsp;8<\/p>\n<p>2010&nbsp; Thiago Ribeiro (BRA)&nbsp; &nbsp; &nbsp; &nbsp;Cruzeiro (BRA)&nbsp; &nbsp; &nbsp; &nbsp; &nbsp; 8<\/p>\n<p>2011&nbsp; Roberto Nanni (ARG)&nbsp; &nbsp; &nbsp; &nbsp; Cerro Porte\u00f1o (PAR)&nbsp; &nbsp; &nbsp;7<\/p>\n<p>&nbsp; &nbsp; &nbsp; Wallyson (BRA)&nbsp; &nbsp; &nbsp; &nbsp; &nbsp; &nbsp; &nbsp;Cruzeiro (BRA)&nbsp; &nbsp; &nbsp; &nbsp; &nbsp; 7<\/p>\n<p>2012&nbsp; Mat\u00edas Alustiza (ARG)&nbsp; &nbsp; &nbsp; Deportivo Quito (ECU)&nbsp; &nbsp;8<\/p>\n<p>&nbsp; &nbsp; &nbsp; Neymar (BRA)&nbsp; &nbsp; &nbsp; &nbsp; &nbsp; &nbsp; &nbsp; &nbsp;Santos (BRA)&nbsp; &nbsp; &nbsp; &nbsp; &nbsp; &nbsp; 8<\/p>\n<p>2013&nbsp; Jo (BRA)&nbsp; &nbsp; &nbsp; &nbsp; &nbsp; &nbsp; &nbsp; &nbsp; &nbsp; &nbsp;Atl\u00e9tico Mineiro (BRA)&nbsp; 7<\/p>\n<p>2014&nbsp; Nicol\u00e1s Oliveira (URU)&nbsp; &nbsp; &nbsp;Defensor Sporting (URU) 5<\/p>\n<p>&nbsp; &nbsp; &nbsp; Julio dos Santos (PAR)&nbsp; &nbsp; &nbsp;Cerro Porte\u00f1o (PAR)&nbsp; &nbsp; &nbsp;5<\/p>\n<p>2015&nbsp; Gustavo Bou (ARG)&nbsp; &nbsp; &nbsp; &nbsp; &nbsp; Racing Club (ARG)&nbsp; &nbsp; &nbsp; &nbsp;8<\/p>\n<p>2016&nbsp; Jonathan Calleri (ARG)&nbsp; &nbsp; &nbsp;Sao Paulo (BRA)&nbsp; &nbsp; &nbsp; &nbsp; &nbsp;9<\/p>\n<p>2017&nbsp; Jos\u00e9 Sand (ARG)&nbsp; &nbsp; &nbsp; &nbsp; &nbsp; &nbsp; Lan\u00fas (ARG)&nbsp; &nbsp; &nbsp; &nbsp; &nbsp; &nbsp; &nbsp;9<\/p>\n<p>2018&nbsp; Miguel \u00c1ngel Borja (COL)&nbsp; &nbsp;Palmeiras (BRA)&nbsp; &nbsp; &nbsp; &nbsp; &nbsp;9<\/p>\n<p>&nbsp; &nbsp; &nbsp; Wilson Morelo (COL)&nbsp; &nbsp; &nbsp; &nbsp; I Santa Fe (COL)&nbsp; &nbsp; &nbsp; &nbsp; 9<\/p>\n<p>2019&nbsp; Gabriel Barbosa (BRA)&nbsp; &nbsp; &nbsp; Flamengo (BRA)&nbsp; &nbsp; &nbsp; &nbsp; &nbsp; 9<\/p>\n<p>2020 Fidel Mart\u00ednez (ECU)&nbsp; &nbsp; &nbsp; Barcelona (ECU)&nbsp; &nbsp; &nbsp; &nbsp; &nbsp;8<\/p>\n<p>El delantero ecuatoriano, Fidel Mart\u00ednez jug\u00f3 la Copa Libertadores de 2020, vio impotente la eliminaci\u00f3n de Barcelona en fase de grupos al final qued\u00f3 como goleador, con ocho goles que anot\u00f3 hace ya once meses y cuatro d\u00edas.<\/p>\n<p>2021-01-31 20:17:09<\/p>\n<p>Golazo<\/p>\n","protected":false},"excerpt":{"rendered":"<p>El Flamante goleador de la edici\u00f3n 61 de la Libertadores no vino a la final que este s\u00e1bado jugaron los brasile\u00f1os Santos y Palmeiras en el estadio Maracan\u00e1 de R\u00edo de Janeiro. Y si la vio fue a trav\u00e9s de la televisi\u00f3n, con la tranquilidad de que su ventaja era suficiente para frustrar los deseos [&hellip;]<\/p>\n","protected":false},"author":1,"featured_media":0,"comment_status":"open","ping_status":"open","sticky":false,"template":"","format":"standard","meta":{"_et_pb_use_builder":"","_et_pb_old_content":"","_et_gb_content_width":"","footnotes":""},"categories":[18],"tags":[37,36,35,34,39,28,23,20,22,24,19,38,21,41,40,3,6,31,25,42,29,30,27,26,33,32],"class_list":["post-5719","post","type-post","status-publish","format-standard","hentry","category-golazo","tag-37","tag-36","tag-35","tag-34","tag-actividad-deportiva","tag-barriales","tag-barrio","tag-chasqui","tag-chasqui-deportivo","tag-deporte","tag-deporte-barrial-ecuatoriano","tag-deportistas","tag-deportivo","tag-deportivos","tag-dirigentcia","tag-dirigentes","tag-ecuador","tag-ecuatorianas","tag-ecuatoriano","tag-ecuatorianos","tag-futbol","tag-futbolistas","tag-ligas","tag-ligas-barriales-ecuador","tag-pais","tag-quito"],"yoast_head":"<!-- This site is optimized with the Yoast SEO plugin v27.4 - https:\/\/yoast.com\/product\/yoast-seo-wordpress\/ -->\n<title>Fidel Mart\u00ednez goleador de la Copa Libertadores 2020 - ChasquiDeportivo<\/title>\n<meta name=\"description\" content=\"Chasqui Deportivo | Informaci\u00f3n y comunicaci\u00f3n, reportajes, noticias, entrevistas en el \u00e1rea del deporte local, nacional.\" \/>\n<meta name=\"robots\" content=\"index, follow, max-snippet:-1, max-image-preview:large, max-video-preview:-1\" \/>\n<link rel=\"canonical\" href=\"https:\/\/chasquideportivo.com\/ecrt\/fidel-martinez-goleador-de-la-copa-libertadores-2020\/\" \/>\n<meta property=\"og:locale\" content=\"es_ES\" \/>\n<meta property=\"og:type\" content=\"article\" \/>\n<meta property=\"og:title\" content=\"Fidel Mart\u00ednez goleador de la Copa Libertadores 2020 - ChasquiDeportivo\" \/>\n<meta property=\"og:description\" content=\"Chasqui Deportivo | Informaci\u00f3n y comunicaci\u00f3n, reportajes, noticias, entrevistas en el \u00e1rea del deporte local, nacional.\" \/>\n<meta property=\"og:url\" content=\"https:\/\/chasquideportivo.com\/ecrt\/fidel-martinez-goleador-de-la-copa-libertadores-2020\/\" \/>\n<meta property=\"og:site_name\" content=\"ChasquiDeportivo\" \/>\n<meta property=\"article:publisher\" content=\"https:\/\/www.facebook.com\/chasquideportivo\" \/>\n<meta property=\"article:published_time\" content=\"2021-03-20T17:59:59+00:00\" \/>\n<meta property=\"article:modified_time\" content=\"2021-03-20T19:15:54+00:00\" \/>\n<meta name=\"author\" content=\"kollage\" \/>\n<meta name=\"twitter:card\" content=\"summary_large_image\" \/>\n<meta name=\"twitter:creator\" content=\"@chasquidep\" \/>\n<meta name=\"twitter:site\" content=\"@chasquidep\" \/>\n<meta name=\"twitter:label1\" content=\"Escrito por\" \/>\n\t<meta name=\"twitter:data1\" content=\"kollage\" \/>\n\t<meta name=\"twitter:label2\" content=\"Tiempo de lectura\" \/>\n\t<meta name=\"twitter:data2\" content=\"10 minutos\" \/>\n<script type=\"application\/ld+json\" class=\"yoast-schema-graph\">{\"@context\":\"https:\\\/\\\/schema.org\",\"@graph\":[{\"@type\":\"Article\",\"@id\":\"https:\\\/\\\/chasquideportivo.com\\\/ecrt\\\/fidel-martinez-goleador-de-la-copa-libertadores-2020\\\/#article\",\"isPartOf\":{\"@id\":\"https:\\\/\\\/chasquideportivo.com\\\/ecrt\\\/fidel-martinez-goleador-de-la-copa-libertadores-2020\\\/\"},\"author\":{\"name\":\"kollage\",\"@id\":\"https:\\\/\\\/chasquideportivo.com\\\/ecrt\\\/#\\\/schema\\\/person\\\/d9e229fabae4c1e3f82cf66d802ca7b6\"},\"headline\":\"Fidel Mart\u00ednez goleador de la Copa Libertadores 2020\",\"datePublished\":\"2021-03-20T17:59:59+00:00\",\"dateModified\":\"2021-03-20T19:15:54+00:00\",\"mainEntityOfPage\":{\"@id\":\"https:\\\/\\\/chasquideportivo.com\\\/ecrt\\\/fidel-martinez-goleador-de-la-copa-libertadores-2020\\\/\"},\"wordCount\":1985,\"commentCount\":0,\"publisher\":{\"@id\":\"https:\\\/\\\/chasquideportivo.com\\\/ecrt\\\/#organization\"},\"keywords\":[\"2018\",\"2019\",\"2020\",\"2021\",\"actividad deportiva\",\"barriales\",\"barrio\",\"chasqui\",\"chasqui deportivo\",\"deporte\",\"deporte barrial ecuatoriano\",\"deportistas\",\"deportivo\",\"deportivos\",\"dirigentcia\",\"dirigentes\",\"ecuador\",\"ecuatorianas\",\"ecuatoriano\",\"ecuatorianos\",\"futbol\",\"futbolistas\",\"ligas\",\"ligas barriales ecuador\",\"pa\u00eds\",\"quito\"],\"articleSection\":[\"Golazo\"],\"inLanguage\":\"es\",\"potentialAction\":[{\"@type\":\"CommentAction\",\"name\":\"Comment\",\"target\":[\"https:\\\/\\\/chasquideportivo.com\\\/ecrt\\\/fidel-martinez-goleador-de-la-copa-libertadores-2020\\\/#respond\"]}]},{\"@type\":\"WebPage\",\"@id\":\"https:\\\/\\\/chasquideportivo.com\\\/ecrt\\\/fidel-martinez-goleador-de-la-copa-libertadores-2020\\\/\",\"url\":\"https:\\\/\\\/chasquideportivo.com\\\/ecrt\\\/fidel-martinez-goleador-de-la-copa-libertadores-2020\\\/\",\"name\":\"Fidel Mart\u00ednez goleador de la Copa Libertadores 2020 - ChasquiDeportivo\",\"isPartOf\":{\"@id\":\"https:\\\/\\\/chasquideportivo.com\\\/ecrt\\\/#website\"},\"datePublished\":\"2021-03-20T17:59:59+00:00\",\"dateModified\":\"2021-03-20T19:15:54+00:00\",\"description\":\"Chasqui Deportivo | Informaci\u00f3n y comunicaci\u00f3n, reportajes, noticias, entrevistas en el \u00e1rea del deporte local, nacional.\",\"breadcrumb\":{\"@id\":\"https:\\\/\\\/chasquideportivo.com\\\/ecrt\\\/fidel-martinez-goleador-de-la-copa-libertadores-2020\\\/#breadcrumb\"},\"inLanguage\":\"es\",\"potentialAction\":[{\"@type\":\"ReadAction\",\"target\":[\"https:\\\/\\\/chasquideportivo.com\\\/ecrt\\\/fidel-martinez-goleador-de-la-copa-libertadores-2020\\\/\"]}]},{\"@type\":\"BreadcrumbList\",\"@id\":\"https:\\\/\\\/chasquideportivo.com\\\/ecrt\\\/fidel-martinez-goleador-de-la-copa-libertadores-2020\\\/#breadcrumb\",\"itemListElement\":[{\"@type\":\"ListItem\",\"position\":1,\"name\":\"Portada | Chasqui Deportivo\",\"item\":\"https:\\\/\\\/chasquideportivo.com\\\/ecrt\\\/\"},{\"@type\":\"ListItem\",\"position\":2,\"name\":\"Archivo\",\"item\":\"https:\\\/\\\/chasquideportivo.com\\\/ecrt\\\/category\\\/archivo\\\/\"},{\"@type\":\"ListItem\",\"position\":3,\"name\":\"Golazo\",\"item\":\"https:\\\/\\\/chasquideportivo.com\\\/ecrt\\\/category\\\/archivo\\\/golazo\\\/\"},{\"@type\":\"ListItem\",\"position\":4,\"name\":\"Fidel Mart\u00ednez goleador de la Copa Libertadores 2020\"}]},{\"@type\":\"WebSite\",\"@id\":\"https:\\\/\\\/chasquideportivo.com\\\/ecrt\\\/#website\",\"url\":\"https:\\\/\\\/chasquideportivo.com\\\/ecrt\\\/\",\"name\":\"ChasquiDeportivo\",\"description\":\"Informaci&oacute;n y comunicaci&oacute;n, reportajes, noticias, entrevistas en el &aacute;rea del deporte local, nacional.\",\"publisher\":{\"@id\":\"https:\\\/\\\/chasquideportivo.com\\\/ecrt\\\/#organization\"},\"potentialAction\":[{\"@type\":\"SearchAction\",\"target\":{\"@type\":\"EntryPoint\",\"urlTemplate\":\"https:\\\/\\\/chasquideportivo.com\\\/ecrt\\\/?s={search_term_string}\"},\"query-input\":{\"@type\":\"PropertyValueSpecification\",\"valueRequired\":true,\"valueName\":\"search_term_string\"}}],\"inLanguage\":\"es\"},{\"@type\":\"Organization\",\"@id\":\"https:\\\/\\\/chasquideportivo.com\\\/ecrt\\\/#organization\",\"name\":\"Chasqui Deportivo\",\"url\":\"https:\\\/\\\/chasquideportivo.com\\\/ecrt\\\/\",\"logo\":{\"@type\":\"ImageObject\",\"inLanguage\":\"es\",\"@id\":\"https:\\\/\\\/chasquideportivo.com\\\/ecrt\\\/#\\\/schema\\\/logo\\\/image\\\/\",\"url\":\"https:\\\/\\\/chasquideportivo.com\\\/ecrt\\\/wp-content\\\/uploads\\\/2022\\\/01\\\/logo-vertical.jpg\",\"contentUrl\":\"https:\\\/\\\/chasquideportivo.com\\\/ecrt\\\/wp-content\\\/uploads\\\/2022\\\/01\\\/logo-vertical.jpg\",\"width\":612,\"height\":750,\"caption\":\"Chasqui Deportivo\"},\"image\":{\"@id\":\"https:\\\/\\\/chasquideportivo.com\\\/ecrt\\\/#\\\/schema\\\/logo\\\/image\\\/\"},\"sameAs\":[\"https:\\\/\\\/www.facebook.com\\\/chasquideportivo\",\"https:\\\/\\\/x.com\\\/chasquidep\",\"https:\\\/\\\/www.instagram.com\\\/chasquideportivo.ec\",\"https:\\\/\\\/www.youtube.com\\\/channel\\\/UCGY8M-csHuxJuGRt4XrV90Q\"]},{\"@type\":\"Person\",\"@id\":\"https:\\\/\\\/chasquideportivo.com\\\/ecrt\\\/#\\\/schema\\\/person\\\/d9e229fabae4c1e3f82cf66d802ca7b6\",\"name\":\"kollage\",\"image\":{\"@type\":\"ImageObject\",\"inLanguage\":\"es\",\"@id\":\"https:\\\/\\\/secure.gravatar.com\\\/avatar\\\/69b5388bf21dfca5434ca100f351036f1fbff72ba519ef8157b31bcc7fbfbb18?s=96&d=mm&r=g\",\"url\":\"https:\\\/\\\/secure.gravatar.com\\\/avatar\\\/69b5388bf21dfca5434ca100f351036f1fbff72ba519ef8157b31bcc7fbfbb18?s=96&d=mm&r=g\",\"contentUrl\":\"https:\\\/\\\/secure.gravatar.com\\\/avatar\\\/69b5388bf21dfca5434ca100f351036f1fbff72ba519ef8157b31bcc7fbfbb18?s=96&d=mm&r=g\",\"caption\":\"kollage\"},\"sameAs\":[\"https:\\\/\\\/chasquideportivo.com\\\/ecrt\"],\"url\":\"https:\\\/\\\/chasquideportivo.com\\\/ecrt\\\/author\\\/kollage\\\/\"}]}<\/script>\n<!-- \/ Yoast SEO plugin. -->","yoast_head_json":{"title":"Fidel Mart\u00ednez goleador de la Copa Libertadores 2020 - ChasquiDeportivo","description":"Chasqui Deportivo | Informaci\u00f3n y comunicaci\u00f3n, reportajes, noticias, entrevistas en el \u00e1rea del deporte local, nacional.","robots":{"index":"index","follow":"follow","max-snippet":"max-snippet:-1","max-image-preview":"max-image-preview:large","max-video-preview":"max-video-preview:-1"},"canonical":"https:\/\/chasquideportivo.com\/ecrt\/fidel-martinez-goleador-de-la-copa-libertadores-2020\/","og_locale":"es_ES","og_type":"article","og_title":"Fidel Mart\u00ednez goleador de la Copa Libertadores 2020 - ChasquiDeportivo","og_description":"Chasqui Deportivo | Informaci\u00f3n y comunicaci\u00f3n, reportajes, noticias, entrevistas en el \u00e1rea del deporte local, nacional.","og_url":"https:\/\/chasquideportivo.com\/ecrt\/fidel-martinez-goleador-de-la-copa-libertadores-2020\/","og_site_name":"ChasquiDeportivo","article_publisher":"https:\/\/www.facebook.com\/chasquideportivo","article_published_time":"2021-03-20T17:59:59+00:00","article_modified_time":"2021-03-20T19:15:54+00:00","author":"kollage","twitter_card":"summary_large_image","twitter_creator":"@chasquidep","twitter_site":"@chasquidep","twitter_misc":{"Escrito por":"kollage","Tiempo de lectura":"10 minutos"},"schema":{"@context":"https:\/\/schema.org","@graph":[{"@type":"Article","@id":"https:\/\/chasquideportivo.com\/ecrt\/fidel-martinez-goleador-de-la-copa-libertadores-2020\/#article","isPartOf":{"@id":"https:\/\/chasquideportivo.com\/ecrt\/fidel-martinez-goleador-de-la-copa-libertadores-2020\/"},"author":{"name":"kollage","@id":"https:\/\/chasquideportivo.com\/ecrt\/#\/schema\/person\/d9e229fabae4c1e3f82cf66d802ca7b6"},"headline":"Fidel Mart\u00ednez goleador de la Copa Libertadores 2020","datePublished":"2021-03-20T17:59:59+00:00","dateModified":"2021-03-20T19:15:54+00:00","mainEntityOfPage":{"@id":"https:\/\/chasquideportivo.com\/ecrt\/fidel-martinez-goleador-de-la-copa-libertadores-2020\/"},"wordCount":1985,"commentCount":0,"publisher":{"@id":"https:\/\/chasquideportivo.com\/ecrt\/#organization"},"keywords":["2018","2019","2020","2021","actividad deportiva","barriales","barrio","chasqui","chasqui deportivo","deporte","deporte barrial ecuatoriano","deportistas","deportivo","deportivos","dirigentcia","dirigentes","ecuador","ecuatorianas","ecuatoriano","ecuatorianos","futbol","futbolistas","ligas","ligas barriales ecuador","pa\u00eds","quito"],"articleSection":["Golazo"],"inLanguage":"es","potentialAction":[{"@type":"CommentAction","name":"Comment","target":["https:\/\/chasquideportivo.com\/ecrt\/fidel-martinez-goleador-de-la-copa-libertadores-2020\/#respond"]}]},{"@type":"WebPage","@id":"https:\/\/chasquideportivo.com\/ecrt\/fidel-martinez-goleador-de-la-copa-libertadores-2020\/","url":"https:\/\/chasquideportivo.com\/ecrt\/fidel-martinez-goleador-de-la-copa-libertadores-2020\/","name":"Fidel Mart\u00ednez goleador de la Copa Libertadores 2020 - ChasquiDeportivo","isPartOf":{"@id":"https:\/\/chasquideportivo.com\/ecrt\/#website"},"datePublished":"2021-03-20T17:59:59+00:00","dateModified":"2021-03-20T19:15:54+00:00","description":"Chasqui Deportivo | Informaci\u00f3n y comunicaci\u00f3n, reportajes, noticias, entrevistas en el \u00e1rea del deporte local, nacional.","breadcrumb":{"@id":"https:\/\/chasquideportivo.com\/ecrt\/fidel-martinez-goleador-de-la-copa-libertadores-2020\/#breadcrumb"},"inLanguage":"es","potentialAction":[{"@type":"ReadAction","target":["https:\/\/chasquideportivo.com\/ecrt\/fidel-martinez-goleador-de-la-copa-libertadores-2020\/"]}]},{"@type":"BreadcrumbList","@id":"https:\/\/chasquideportivo.com\/ecrt\/fidel-martinez-goleador-de-la-copa-libertadores-2020\/#breadcrumb","itemListElement":[{"@type":"ListItem","position":1,"name":"Portada | Chasqui Deportivo","item":"https:\/\/chasquideportivo.com\/ecrt\/"},{"@type":"ListItem","position":2,"name":"Archivo","item":"https:\/\/chasquideportivo.com\/ecrt\/category\/archivo\/"},{"@type":"ListItem","position":3,"name":"Golazo","item":"https:\/\/chasquideportivo.com\/ecrt\/category\/archivo\/golazo\/"},{"@type":"ListItem","position":4,"name":"Fidel Mart\u00ednez goleador de la Copa Libertadores 2020"}]},{"@type":"WebSite","@id":"https:\/\/chasquideportivo.com\/ecrt\/#website","url":"https:\/\/chasquideportivo.com\/ecrt\/","name":"ChasquiDeportivo","description":"Informaci&oacute;n y comunicaci&oacute;n, reportajes, noticias, entrevistas en el &aacute;rea del deporte local, nacional.","publisher":{"@id":"https:\/\/chasquideportivo.com\/ecrt\/#organization"},"potentialAction":[{"@type":"SearchAction","target":{"@type":"EntryPoint","urlTemplate":"https:\/\/chasquideportivo.com\/ecrt\/?s={search_term_string}"},"query-input":{"@type":"PropertyValueSpecification","valueRequired":true,"valueName":"search_term_string"}}],"inLanguage":"es"},{"@type":"Organization","@id":"https:\/\/chasquideportivo.com\/ecrt\/#organization","name":"Chasqui Deportivo","url":"https:\/\/chasquideportivo.com\/ecrt\/","logo":{"@type":"ImageObject","inLanguage":"es","@id":"https:\/\/chasquideportivo.com\/ecrt\/#\/schema\/logo\/image\/","url":"https:\/\/chasquideportivo.com\/ecrt\/wp-content\/uploads\/2022\/01\/logo-vertical.jpg","contentUrl":"https:\/\/chasquideportivo.com\/ecrt\/wp-content\/uploads\/2022\/01\/logo-vertical.jpg","width":612,"height":750,"caption":"Chasqui Deportivo"},"image":{"@id":"https:\/\/chasquideportivo.com\/ecrt\/#\/schema\/logo\/image\/"},"sameAs":["https:\/\/www.facebook.com\/chasquideportivo","https:\/\/x.com\/chasquidep","https:\/\/www.instagram.com\/chasquideportivo.ec","https:\/\/www.youtube.com\/channel\/UCGY8M-csHuxJuGRt4XrV90Q"]},{"@type":"Person","@id":"https:\/\/chasquideportivo.com\/ecrt\/#\/schema\/person\/d9e229fabae4c1e3f82cf66d802ca7b6","name":"kollage","image":{"@type":"ImageObject","inLanguage":"es","@id":"https:\/\/secure.gravatar.com\/avatar\/69b5388bf21dfca5434ca100f351036f1fbff72ba519ef8157b31bcc7fbfbb18?s=96&d=mm&r=g","url":"https:\/\/secure.gravatar.com\/avatar\/69b5388bf21dfca5434ca100f351036f1fbff72ba519ef8157b31bcc7fbfbb18?s=96&d=mm&r=g","contentUrl":"https:\/\/secure.gravatar.com\/avatar\/69b5388bf21dfca5434ca100f351036f1fbff72ba519ef8157b31bcc7fbfbb18?s=96&d=mm&r=g","caption":"kollage"},"sameAs":["https:\/\/chasquideportivo.com\/ecrt"],"url":"https:\/\/chasquideportivo.com\/ecrt\/author\/kollage\/"}]}},"_links":{"self":[{"href":"https:\/\/chasquideportivo.com\/ecrt\/wp-json\/wp\/v2\/posts\/5719","targetHints":{"allow":["GET"]}}],"collection":[{"href":"https:\/\/chasquideportivo.com\/ecrt\/wp-json\/wp\/v2\/posts"}],"about":[{"href":"https:\/\/chasquideportivo.com\/ecrt\/wp-json\/wp\/v2\/types\/post"}],"author":[{"embeddable":true,"href":"https:\/\/chasquideportivo.com\/ecrt\/wp-json\/wp\/v2\/users\/1"}],"replies":[{"embeddable":true,"href":"https:\/\/chasquideportivo.com\/ecrt\/wp-json\/wp\/v2\/comments?post=5719"}],"version-history":[{"count":1,"href":"https:\/\/chasquideportivo.com\/ecrt\/wp-json\/wp\/v2\/posts\/5719\/revisions"}],"predecessor-version":[{"id":5853,"href":"https:\/\/chasquideportivo.com\/ecrt\/wp-json\/wp\/v2\/posts\/5719\/revisions\/5853"}],"wp:attachment":[{"href":"https:\/\/chasquideportivo.com\/ecrt\/wp-json\/wp\/v2\/media?parent=5719"}],"wp:term":[{"taxonomy":"category","embeddable":true,"href":"https:\/\/chasquideportivo.com\/ecrt\/wp-json\/wp\/v2\/categories?post=5719"},{"taxonomy":"post_tag","embeddable":true,"href":"https:\/\/chasquideportivo.com\/ecrt\/wp-json\/wp\/v2\/tags?post=5719"}],"curies":[{"name":"wp","href":"https:\/\/api.w.org\/{rel}","templated":true}]}}