{"id":5707,"date":"2021-03-20T17:59:59","date_gmt":"2021-03-20T17:59:59","guid":{"rendered":"https:\/\/chasquideportivo.com\/ecrt\/2021\/03\/20\/futbolistas-fallecen-en-brasil-por-accidente-aereo\/"},"modified":"2021-03-20T19:14:31","modified_gmt":"2021-03-20T19:14:31","slug":"futbolistas-fallecen-en-brasil-por-accidente-aereo","status":"publish","type":"post","link":"https:\/\/chasquideportivo.com\/ecrt\/futbolistas-fallecen-en-brasil-por-accidente-aereo\/","title":{"rendered":"Futbolistas fallecen en Brasil por accidente a\u00e9reo"},"content":{"rendered":"<p>La avioneta particular fletada por el club cay\u00f3 a tierra por razones a\u00fan desconocidas poco despu\u00e9s de haber despegado de Porto Nacional, municipio del estado amaz\u00f3nico de Tocantins, hacia las 8h15 hora local de este domingo.<\/p>\n<p>En una nota en que lament\u00f3 el accidente, el club Palmas inform\u00f3 de que no hubo sobrevivientes entre los seis ocupantes de la aeronave.<\/p>\n<p>La avioneta qued\u00f3 totalmente destruida tras haber chocado en tierra y explotado en una regi\u00f3n boscosa conocida como Luzimangues, a pocos metros de la cabecera de la pista del aeroclub Asociaci\u00f3n Tocantinense de Aviaci\u00f3n (ATA) de Porto Nacional.<\/p>\n<p>Seg\u00fan el comunicado divulgado por el club Palmas, adem\u00e1s del presidente de la entidad, Lucas Meira, en el accidente tambi\u00e9n murieron los futbolistas Lucas Praxedes, Guilherme No\u00e9, Ranule y Marcus Molinari.<\/p>\n<p>Igualmente muri\u00f3 el piloto del avi\u00f3n, identificado \u00fanicamente como comandante Wagner.<\/p>\n<p>El avi\u00f3n iba a transportar a los futbolistas a la ciudad de Goiania, capital del estado de Goi\u00e1s y en donde el Palmas se iba a medir el lunes al Vila Nova, en un partido por la llamada Copa Verde.<\/p>\n<p>&#8220;Lamentamos informar de que no hay sobrevivientes. En este momento de dolor y consternaci\u00f3n, el club pide oraciones por los familiares, a lo que ofrecer\u00e1 el debido apoyo&#8221;, afirm\u00f3 el club en su nota.<\/p>\n<p>La direcci\u00f3n del club Vila Nova, que ser\u00eda el rival del Palmas el lunes, tambi\u00e9n divulg\u00f3 un comunicado para lamentar lo ocurrido y afirm\u00f3 que, adem\u00e1s de aceptar el aplazamiento del partido por tiempo indefinido, realizar\u00e1 un homenaje a las v\u00edctimas del accidente en su pr\u00f3ximo compromiso.<\/p>\n<p>Adem\u00e1s de disputar el Campeonato Brasile\u00f1o de cuarta divisi\u00f3n y la Copa Verde, un torneo regional que enfrenta a clubes del norte, centro y oeste de Brasil, el Palmas disputa actualmente el campeonato regional del estado de Tocantins.<\/p>\n<p>Pese a ser un club poco relevante en Brasil,&nbsp; fundado en 1977 en la ciudad de Palmas, la capital de Tocantins, ha conquistado siete veces el campeonato regional de este estado y en 2004 sorprendi\u00f3 al llegar hasta cuartos de final de la Copa do Brasil.<\/p>\n<p>Hace poco m\u00e1s de cuatro a\u00f1os, otro accidente a\u00e9reo en Colombia provoc\u00f3 la muerte de la mayor parte de la plantilla del club brasile\u00f1o Chapecoense.<\/p>\n<p>El accidente ocurri\u00f3 el 28 de noviembre de 2016 cuando el avi\u00f3n en el que el equipo viajaba a Medell\u00edn para disputar la final de la Copa Sudamericana se estrell\u00f3 a 17 kil\u00f3metros del&nbsp; aeropuerto de la ciudad colombiana.<\/p>\n<p>En la tragedia murieron 71 de las 77 personas que se encontraban en la aeronave de la aerol\u00ednea boliviana Lamia, entre ellos jugadores, miembros de la directiva y del cuerpo t\u00e9cnico, as\u00ed como una veintena de periodistas que acompa\u00f1aba al club en su primera final en un torneo internacional. EFE<\/p>\n<p>El presidente y cuatro futbolistas del Palmas F\u00fatbol y Regatas, un club de la cuarta divisi\u00f3n del Campeonato Brasile\u00f1o, murieron este domingo en un accidente a\u00e9reo junto con el piloto de la aeronave en la que viajaban a la ciudad de Goiania para disputar un partido, informaron fuentes del equipo.<\/p>\n<p>2021-01-24 21:47:47<\/p>\n<p>Golazo<\/p>\n","protected":false},"excerpt":{"rendered":"<p>La avioneta particular fletada por el club cay\u00f3 a tierra por razones a\u00fan desconocidas poco despu\u00e9s de haber despegado de Porto Nacional, municipio del estado amaz\u00f3nico de Tocantins, hacia las 8h15 hora local de este domingo. En una nota en que lament\u00f3 el accidente, el club Palmas inform\u00f3 de que no hubo sobrevivientes entre los [&hellip;]<\/p>\n","protected":false},"author":1,"featured_media":0,"comment_status":"open","ping_status":"open","sticky":false,"template":"","format":"standard","meta":{"_et_pb_use_builder":"","_et_pb_old_content":"","_et_gb_content_width":"","footnotes":""},"categories":[18],"tags":[37,36,35,34,39,28,23,20,22,24,19,38,21,41,40,3,6,31,25,42,29,30,27,26,33,32],"class_list":["post-5707","post","type-post","status-publish","format-standard","hentry","category-golazo","tag-37","tag-36","tag-35","tag-34","tag-actividad-deportiva","tag-barriales","tag-barrio","tag-chasqui","tag-chasqui-deportivo","tag-deporte","tag-deporte-barrial-ecuatoriano","tag-deportistas","tag-deportivo","tag-deportivos","tag-dirigentcia","tag-dirigentes","tag-ecuador","tag-ecuatorianas","tag-ecuatoriano","tag-ecuatorianos","tag-futbol","tag-futbolistas","tag-ligas","tag-ligas-barriales-ecuador","tag-pais","tag-quito"],"yoast_head":"<!-- This site is optimized with the Yoast SEO plugin v27.4 - https:\/\/yoast.com\/product\/yoast-seo-wordpress\/ -->\n<title>Futbolistas fallecen en Brasil por accidente a\u00e9reo - ChasquiDeportivo<\/title>\n<meta name=\"description\" content=\"Chasqui Deportivo | Informaci\u00f3n y comunicaci\u00f3n, reportajes, noticias, entrevistas en el \u00e1rea del deporte local, nacional.\" \/>\n<meta name=\"robots\" content=\"index, follow, max-snippet:-1, max-image-preview:large, max-video-preview:-1\" \/>\n<link rel=\"canonical\" href=\"https:\/\/chasquideportivo.com\/ecrt\/futbolistas-fallecen-en-brasil-por-accidente-aereo\/\" \/>\n<meta property=\"og:locale\" content=\"es_ES\" \/>\n<meta property=\"og:type\" content=\"article\" \/>\n<meta property=\"og:title\" content=\"Futbolistas fallecen en Brasil por accidente a\u00e9reo - ChasquiDeportivo\" \/>\n<meta property=\"og:description\" content=\"Chasqui Deportivo | Informaci\u00f3n y comunicaci\u00f3n, reportajes, noticias, entrevistas en el \u00e1rea del deporte local, nacional.\" \/>\n<meta property=\"og:url\" content=\"https:\/\/chasquideportivo.com\/ecrt\/futbolistas-fallecen-en-brasil-por-accidente-aereo\/\" \/>\n<meta property=\"og:site_name\" content=\"ChasquiDeportivo\" \/>\n<meta property=\"article:publisher\" content=\"https:\/\/www.facebook.com\/chasquideportivo\" \/>\n<meta property=\"article:published_time\" content=\"2021-03-20T17:59:59+00:00\" \/>\n<meta property=\"article:modified_time\" content=\"2021-03-20T19:14:31+00:00\" \/>\n<meta name=\"author\" content=\"kollage\" \/>\n<meta name=\"twitter:card\" content=\"summary_large_image\" \/>\n<meta name=\"twitter:creator\" content=\"@chasquidep\" \/>\n<meta name=\"twitter:site\" content=\"@chasquidep\" \/>\n<meta name=\"twitter:label1\" content=\"Escrito por\" \/>\n\t<meta name=\"twitter:data1\" content=\"kollage\" \/>\n\t<meta name=\"twitter:label2\" content=\"Tiempo de lectura\" \/>\n\t<meta name=\"twitter:data2\" content=\"3 minutos\" \/>\n<script type=\"application\/ld+json\" class=\"yoast-schema-graph\">{\"@context\":\"https:\\\/\\\/schema.org\",\"@graph\":[{\"@type\":\"Article\",\"@id\":\"https:\\\/\\\/chasquideportivo.com\\\/ecrt\\\/futbolistas-fallecen-en-brasil-por-accidente-aereo\\\/#article\",\"isPartOf\":{\"@id\":\"https:\\\/\\\/chasquideportivo.com\\\/ecrt\\\/futbolistas-fallecen-en-brasil-por-accidente-aereo\\\/\"},\"author\":{\"name\":\"kollage\",\"@id\":\"https:\\\/\\\/chasquideportivo.com\\\/ecrt\\\/#\\\/schema\\\/person\\\/d9e229fabae4c1e3f82cf66d802ca7b6\"},\"headline\":\"Futbolistas fallecen en Brasil por accidente a\u00e9reo\",\"datePublished\":\"2021-03-20T17:59:59+00:00\",\"dateModified\":\"2021-03-20T19:14:31+00:00\",\"mainEntityOfPage\":{\"@id\":\"https:\\\/\\\/chasquideportivo.com\\\/ecrt\\\/futbolistas-fallecen-en-brasil-por-accidente-aereo\\\/\"},\"wordCount\":551,\"commentCount\":0,\"publisher\":{\"@id\":\"https:\\\/\\\/chasquideportivo.com\\\/ecrt\\\/#organization\"},\"keywords\":[\"2018\",\"2019\",\"2020\",\"2021\",\"actividad deportiva\",\"barriales\",\"barrio\",\"chasqui\",\"chasqui deportivo\",\"deporte\",\"deporte barrial ecuatoriano\",\"deportistas\",\"deportivo\",\"deportivos\",\"dirigentcia\",\"dirigentes\",\"ecuador\",\"ecuatorianas\",\"ecuatoriano\",\"ecuatorianos\",\"futbol\",\"futbolistas\",\"ligas\",\"ligas barriales ecuador\",\"pa\u00eds\",\"quito\"],\"articleSection\":[\"Golazo\"],\"inLanguage\":\"es\",\"potentialAction\":[{\"@type\":\"CommentAction\",\"name\":\"Comment\",\"target\":[\"https:\\\/\\\/chasquideportivo.com\\\/ecrt\\\/futbolistas-fallecen-en-brasil-por-accidente-aereo\\\/#respond\"]}]},{\"@type\":\"WebPage\",\"@id\":\"https:\\\/\\\/chasquideportivo.com\\\/ecrt\\\/futbolistas-fallecen-en-brasil-por-accidente-aereo\\\/\",\"url\":\"https:\\\/\\\/chasquideportivo.com\\\/ecrt\\\/futbolistas-fallecen-en-brasil-por-accidente-aereo\\\/\",\"name\":\"Futbolistas fallecen en Brasil por accidente a\u00e9reo - ChasquiDeportivo\",\"isPartOf\":{\"@id\":\"https:\\\/\\\/chasquideportivo.com\\\/ecrt\\\/#website\"},\"datePublished\":\"2021-03-20T17:59:59+00:00\",\"dateModified\":\"2021-03-20T19:14:31+00:00\",\"description\":\"Chasqui Deportivo | Informaci\u00f3n y comunicaci\u00f3n, reportajes, noticias, entrevistas en el \u00e1rea del deporte local, nacional.\",\"breadcrumb\":{\"@id\":\"https:\\\/\\\/chasquideportivo.com\\\/ecrt\\\/futbolistas-fallecen-en-brasil-por-accidente-aereo\\\/#breadcrumb\"},\"inLanguage\":\"es\",\"potentialAction\":[{\"@type\":\"ReadAction\",\"target\":[\"https:\\\/\\\/chasquideportivo.com\\\/ecrt\\\/futbolistas-fallecen-en-brasil-por-accidente-aereo\\\/\"]}]},{\"@type\":\"BreadcrumbList\",\"@id\":\"https:\\\/\\\/chasquideportivo.com\\\/ecrt\\\/futbolistas-fallecen-en-brasil-por-accidente-aereo\\\/#breadcrumb\",\"itemListElement\":[{\"@type\":\"ListItem\",\"position\":1,\"name\":\"Portada | Chasqui Deportivo\",\"item\":\"https:\\\/\\\/chasquideportivo.com\\\/ecrt\\\/\"},{\"@type\":\"ListItem\",\"position\":2,\"name\":\"Archivo\",\"item\":\"https:\\\/\\\/chasquideportivo.com\\\/ecrt\\\/category\\\/archivo\\\/\"},{\"@type\":\"ListItem\",\"position\":3,\"name\":\"Golazo\",\"item\":\"https:\\\/\\\/chasquideportivo.com\\\/ecrt\\\/category\\\/archivo\\\/golazo\\\/\"},{\"@type\":\"ListItem\",\"position\":4,\"name\":\"Futbolistas fallecen en Brasil por accidente a\u00e9reo\"}]},{\"@type\":\"WebSite\",\"@id\":\"https:\\\/\\\/chasquideportivo.com\\\/ecrt\\\/#website\",\"url\":\"https:\\\/\\\/chasquideportivo.com\\\/ecrt\\\/\",\"name\":\"ChasquiDeportivo\",\"description\":\"Informaci&oacute;n y comunicaci&oacute;n, reportajes, noticias, entrevistas en el &aacute;rea del deporte local, nacional.\",\"publisher\":{\"@id\":\"https:\\\/\\\/chasquideportivo.com\\\/ecrt\\\/#organization\"},\"potentialAction\":[{\"@type\":\"SearchAction\",\"target\":{\"@type\":\"EntryPoint\",\"urlTemplate\":\"https:\\\/\\\/chasquideportivo.com\\\/ecrt\\\/?s={search_term_string}\"},\"query-input\":{\"@type\":\"PropertyValueSpecification\",\"valueRequired\":true,\"valueName\":\"search_term_string\"}}],\"inLanguage\":\"es\"},{\"@type\":\"Organization\",\"@id\":\"https:\\\/\\\/chasquideportivo.com\\\/ecrt\\\/#organization\",\"name\":\"Chasqui Deportivo\",\"url\":\"https:\\\/\\\/chasquideportivo.com\\\/ecrt\\\/\",\"logo\":{\"@type\":\"ImageObject\",\"inLanguage\":\"es\",\"@id\":\"https:\\\/\\\/chasquideportivo.com\\\/ecrt\\\/#\\\/schema\\\/logo\\\/image\\\/\",\"url\":\"https:\\\/\\\/chasquideportivo.com\\\/ecrt\\\/wp-content\\\/uploads\\\/2022\\\/01\\\/logo-vertical.jpg\",\"contentUrl\":\"https:\\\/\\\/chasquideportivo.com\\\/ecrt\\\/wp-content\\\/uploads\\\/2022\\\/01\\\/logo-vertical.jpg\",\"width\":612,\"height\":750,\"caption\":\"Chasqui Deportivo\"},\"image\":{\"@id\":\"https:\\\/\\\/chasquideportivo.com\\\/ecrt\\\/#\\\/schema\\\/logo\\\/image\\\/\"},\"sameAs\":[\"https:\\\/\\\/www.facebook.com\\\/chasquideportivo\",\"https:\\\/\\\/x.com\\\/chasquidep\",\"https:\\\/\\\/www.instagram.com\\\/chasquideportivo.ec\",\"https:\\\/\\\/www.youtube.com\\\/channel\\\/UCGY8M-csHuxJuGRt4XrV90Q\"]},{\"@type\":\"Person\",\"@id\":\"https:\\\/\\\/chasquideportivo.com\\\/ecrt\\\/#\\\/schema\\\/person\\\/d9e229fabae4c1e3f82cf66d802ca7b6\",\"name\":\"kollage\",\"image\":{\"@type\":\"ImageObject\",\"inLanguage\":\"es\",\"@id\":\"https:\\\/\\\/secure.gravatar.com\\\/avatar\\\/69b5388bf21dfca5434ca100f351036f1fbff72ba519ef8157b31bcc7fbfbb18?s=96&d=mm&r=g\",\"url\":\"https:\\\/\\\/secure.gravatar.com\\\/avatar\\\/69b5388bf21dfca5434ca100f351036f1fbff72ba519ef8157b31bcc7fbfbb18?s=96&d=mm&r=g\",\"contentUrl\":\"https:\\\/\\\/secure.gravatar.com\\\/avatar\\\/69b5388bf21dfca5434ca100f351036f1fbff72ba519ef8157b31bcc7fbfbb18?s=96&d=mm&r=g\",\"caption\":\"kollage\"},\"sameAs\":[\"https:\\\/\\\/chasquideportivo.com\\\/ecrt\"],\"url\":\"https:\\\/\\\/chasquideportivo.com\\\/ecrt\\\/author\\\/kollage\\\/\"}]}<\/script>\n<!-- \/ Yoast SEO plugin. -->","yoast_head_json":{"title":"Futbolistas fallecen en Brasil por accidente a\u00e9reo - ChasquiDeportivo","description":"Chasqui Deportivo | Informaci\u00f3n y comunicaci\u00f3n, reportajes, noticias, entrevistas en el \u00e1rea del deporte local, nacional.","robots":{"index":"index","follow":"follow","max-snippet":"max-snippet:-1","max-image-preview":"max-image-preview:large","max-video-preview":"max-video-preview:-1"},"canonical":"https:\/\/chasquideportivo.com\/ecrt\/futbolistas-fallecen-en-brasil-por-accidente-aereo\/","og_locale":"es_ES","og_type":"article","og_title":"Futbolistas fallecen en Brasil por accidente a\u00e9reo - ChasquiDeportivo","og_description":"Chasqui Deportivo | Informaci\u00f3n y comunicaci\u00f3n, reportajes, noticias, entrevistas en el \u00e1rea del deporte local, nacional.","og_url":"https:\/\/chasquideportivo.com\/ecrt\/futbolistas-fallecen-en-brasil-por-accidente-aereo\/","og_site_name":"ChasquiDeportivo","article_publisher":"https:\/\/www.facebook.com\/chasquideportivo","article_published_time":"2021-03-20T17:59:59+00:00","article_modified_time":"2021-03-20T19:14:31+00:00","author":"kollage","twitter_card":"summary_large_image","twitter_creator":"@chasquidep","twitter_site":"@chasquidep","twitter_misc":{"Escrito por":"kollage","Tiempo de lectura":"3 minutos"},"schema":{"@context":"https:\/\/schema.org","@graph":[{"@type":"Article","@id":"https:\/\/chasquideportivo.com\/ecrt\/futbolistas-fallecen-en-brasil-por-accidente-aereo\/#article","isPartOf":{"@id":"https:\/\/chasquideportivo.com\/ecrt\/futbolistas-fallecen-en-brasil-por-accidente-aereo\/"},"author":{"name":"kollage","@id":"https:\/\/chasquideportivo.com\/ecrt\/#\/schema\/person\/d9e229fabae4c1e3f82cf66d802ca7b6"},"headline":"Futbolistas fallecen en Brasil por accidente a\u00e9reo","datePublished":"2021-03-20T17:59:59+00:00","dateModified":"2021-03-20T19:14:31+00:00","mainEntityOfPage":{"@id":"https:\/\/chasquideportivo.com\/ecrt\/futbolistas-fallecen-en-brasil-por-accidente-aereo\/"},"wordCount":551,"commentCount":0,"publisher":{"@id":"https:\/\/chasquideportivo.com\/ecrt\/#organization"},"keywords":["2018","2019","2020","2021","actividad deportiva","barriales","barrio","chasqui","chasqui deportivo","deporte","deporte barrial ecuatoriano","deportistas","deportivo","deportivos","dirigentcia","dirigentes","ecuador","ecuatorianas","ecuatoriano","ecuatorianos","futbol","futbolistas","ligas","ligas barriales ecuador","pa\u00eds","quito"],"articleSection":["Golazo"],"inLanguage":"es","potentialAction":[{"@type":"CommentAction","name":"Comment","target":["https:\/\/chasquideportivo.com\/ecrt\/futbolistas-fallecen-en-brasil-por-accidente-aereo\/#respond"]}]},{"@type":"WebPage","@id":"https:\/\/chasquideportivo.com\/ecrt\/futbolistas-fallecen-en-brasil-por-accidente-aereo\/","url":"https:\/\/chasquideportivo.com\/ecrt\/futbolistas-fallecen-en-brasil-por-accidente-aereo\/","name":"Futbolistas fallecen en Brasil por accidente a\u00e9reo - ChasquiDeportivo","isPartOf":{"@id":"https:\/\/chasquideportivo.com\/ecrt\/#website"},"datePublished":"2021-03-20T17:59:59+00:00","dateModified":"2021-03-20T19:14:31+00:00","description":"Chasqui Deportivo | Informaci\u00f3n y comunicaci\u00f3n, reportajes, noticias, entrevistas en el \u00e1rea del deporte local, nacional.","breadcrumb":{"@id":"https:\/\/chasquideportivo.com\/ecrt\/futbolistas-fallecen-en-brasil-por-accidente-aereo\/#breadcrumb"},"inLanguage":"es","potentialAction":[{"@type":"ReadAction","target":["https:\/\/chasquideportivo.com\/ecrt\/futbolistas-fallecen-en-brasil-por-accidente-aereo\/"]}]},{"@type":"BreadcrumbList","@id":"https:\/\/chasquideportivo.com\/ecrt\/futbolistas-fallecen-en-brasil-por-accidente-aereo\/#breadcrumb","itemListElement":[{"@type":"ListItem","position":1,"name":"Portada | Chasqui Deportivo","item":"https:\/\/chasquideportivo.com\/ecrt\/"},{"@type":"ListItem","position":2,"name":"Archivo","item":"https:\/\/chasquideportivo.com\/ecrt\/category\/archivo\/"},{"@type":"ListItem","position":3,"name":"Golazo","item":"https:\/\/chasquideportivo.com\/ecrt\/category\/archivo\/golazo\/"},{"@type":"ListItem","position":4,"name":"Futbolistas fallecen en Brasil por accidente a\u00e9reo"}]},{"@type":"WebSite","@id":"https:\/\/chasquideportivo.com\/ecrt\/#website","url":"https:\/\/chasquideportivo.com\/ecrt\/","name":"ChasquiDeportivo","description":"Informaci&oacute;n y comunicaci&oacute;n, reportajes, noticias, entrevistas en el &aacute;rea del deporte local, nacional.","publisher":{"@id":"https:\/\/chasquideportivo.com\/ecrt\/#organization"},"potentialAction":[{"@type":"SearchAction","target":{"@type":"EntryPoint","urlTemplate":"https:\/\/chasquideportivo.com\/ecrt\/?s={search_term_string}"},"query-input":{"@type":"PropertyValueSpecification","valueRequired":true,"valueName":"search_term_string"}}],"inLanguage":"es"},{"@type":"Organization","@id":"https:\/\/chasquideportivo.com\/ecrt\/#organization","name":"Chasqui Deportivo","url":"https:\/\/chasquideportivo.com\/ecrt\/","logo":{"@type":"ImageObject","inLanguage":"es","@id":"https:\/\/chasquideportivo.com\/ecrt\/#\/schema\/logo\/image\/","url":"https:\/\/chasquideportivo.com\/ecrt\/wp-content\/uploads\/2022\/01\/logo-vertical.jpg","contentUrl":"https:\/\/chasquideportivo.com\/ecrt\/wp-content\/uploads\/2022\/01\/logo-vertical.jpg","width":612,"height":750,"caption":"Chasqui Deportivo"},"image":{"@id":"https:\/\/chasquideportivo.com\/ecrt\/#\/schema\/logo\/image\/"},"sameAs":["https:\/\/www.facebook.com\/chasquideportivo","https:\/\/x.com\/chasquidep","https:\/\/www.instagram.com\/chasquideportivo.ec","https:\/\/www.youtube.com\/channel\/UCGY8M-csHuxJuGRt4XrV90Q"]},{"@type":"Person","@id":"https:\/\/chasquideportivo.com\/ecrt\/#\/schema\/person\/d9e229fabae4c1e3f82cf66d802ca7b6","name":"kollage","image":{"@type":"ImageObject","inLanguage":"es","@id":"https:\/\/secure.gravatar.com\/avatar\/69b5388bf21dfca5434ca100f351036f1fbff72ba519ef8157b31bcc7fbfbb18?s=96&d=mm&r=g","url":"https:\/\/secure.gravatar.com\/avatar\/69b5388bf21dfca5434ca100f351036f1fbff72ba519ef8157b31bcc7fbfbb18?s=96&d=mm&r=g","contentUrl":"https:\/\/secure.gravatar.com\/avatar\/69b5388bf21dfca5434ca100f351036f1fbff72ba519ef8157b31bcc7fbfbb18?s=96&d=mm&r=g","caption":"kollage"},"sameAs":["https:\/\/chasquideportivo.com\/ecrt"],"url":"https:\/\/chasquideportivo.com\/ecrt\/author\/kollage\/"}]}},"_links":{"self":[{"href":"https:\/\/chasquideportivo.com\/ecrt\/wp-json\/wp\/v2\/posts\/5707","targetHints":{"allow":["GET"]}}],"collection":[{"href":"https:\/\/chasquideportivo.com\/ecrt\/wp-json\/wp\/v2\/posts"}],"about":[{"href":"https:\/\/chasquideportivo.com\/ecrt\/wp-json\/wp\/v2\/types\/post"}],"author":[{"embeddable":true,"href":"https:\/\/chasquideportivo.com\/ecrt\/wp-json\/wp\/v2\/users\/1"}],"replies":[{"embeddable":true,"href":"https:\/\/chasquideportivo.com\/ecrt\/wp-json\/wp\/v2\/comments?post=5707"}],"version-history":[{"count":1,"href":"https:\/\/chasquideportivo.com\/ecrt\/wp-json\/wp\/v2\/posts\/5707\/revisions"}],"predecessor-version":[{"id":5837,"href":"https:\/\/chasquideportivo.com\/ecrt\/wp-json\/wp\/v2\/posts\/5707\/revisions\/5837"}],"wp:attachment":[{"href":"https:\/\/chasquideportivo.com\/ecrt\/wp-json\/wp\/v2\/media?parent=5707"}],"wp:term":[{"taxonomy":"category","embeddable":true,"href":"https:\/\/chasquideportivo.com\/ecrt\/wp-json\/wp\/v2\/categories?post=5707"},{"taxonomy":"post_tag","embeddable":true,"href":"https:\/\/chasquideportivo.com\/ecrt\/wp-json\/wp\/v2\/tags?post=5707"}],"curies":[{"name":"wp","href":"https:\/\/api.w.org\/{rel}","templated":true}]}}