{"id":5705,"date":"2021-03-20T17:59:58","date_gmt":"2021-03-20T17:59:58","guid":{"rendered":"https:\/\/chasquideportivo.com\/ecrt\/2021\/03\/20\/equipos-de-futbol-llenan-cuaderno-de-adquisiciones\/"},"modified":"2021-03-20T19:23:47","modified_gmt":"2021-03-20T19:23:47","slug":"equipos-de-futbol-llenan-cuaderno-de-adquisiciones","status":"publish","type":"post","link":"https:\/\/chasquideportivo.com\/ecrt\/equipos-de-futbol-llenan-cuaderno-de-adquisiciones\/","title":{"rendered":"Equipos de f\u00fatbol llenan cuaderno de adquisiciones"},"content":{"rendered":"<p>El defensa ecuatoriano Gabriel Achilier, figura y capit\u00e1n entre 2016 y 2020 del mexicano Monarcas Morelia, firm\u00f3 contrato este jueves en calidad de refuerzo con el Orense de su natal Machala, seg\u00fan inform\u00f3 la administraci\u00f3n del club que preside Martha Romero.<\/p>\n<p>Tras ocho temporadas y siete finales consecutivas, entre el 2010 y 2016, con el Emelec, con el que obtuvo los t\u00edtulos de 2013, 2014 y 2015, Achilier se vincul\u00f3 al Monarcas Morelia donde fue figura.<\/p>\n<p>El defensa hizo su aparici\u00f3n futbol\u00edstica precisamente en Machala, en El Oro F\u00fatbol Club, del que pas\u00f3 en 2003 a las categor\u00edas juveniles del Deportivo Cuenca.<\/p>\n<p>Al a\u00f1o siguiente debut\u00f3 con Liga de Loja en la primera divisi\u00f3n B, pero ese mismo a\u00f1o el equipo logr\u00f3 el ascenso al f\u00fatbol absoluto.<\/p>\n<p>En 2005 disput\u00f3 con la selecci\u00f3n Sub&#8217;20 de Ecuador el Campeonato Sudamericano de esa categor\u00eda en Colombia, y en el 2008 debut\u00f3 con la selecci\u00f3n absoluta.<\/p>\n<p>Con Ecuador, Achilier particip\u00f3 en las Copas Am\u00e9rica de Argentina 2011, Chile 2015, Estados Unidos 2016 y Brasil 2019, jug\u00f3 en el Mundial de Brasil 2014 y disput\u00f3 tambi\u00e9n las eliminatorias para el Mundial de Rusia 2018, en las que la Tri no logr\u00f3 clasificarse.<\/p>\n<p>Adem\u00e1s de Achilier, Orense se ha reforzado con el centrocampista argentino Joel L\u00f3pez Pizano, de 24 a\u00f1os, que tuvo un paso fugaz por Emelec en 2018. Contar\u00e1 tambi\u00e9n con los argentinos, el defensa Ari\u00e1n Pucheta, el centrocampista Nicol\u00e1s Czornomaz y el delantero Alan Murialdo, adem\u00e1s del uruguayo Sebasti\u00e1n Assis.<\/p>\n<p>El jugador ecuatoriano Mois\u00e9s Caicedo, centrocampista juvenil del Independiente del Valle y de la selecci\u00f3n absoluta de Ecuador, de 19 a\u00f1os, fue traspasado al Brighton de Inglaterra, a donde viaja este viernes. &nbsp;Santiago Morales asegur\u00f3 que la visa de trabajo y el pasaje del jugador est\u00e1n listos para que viaje a Inglaterra y se presente con su nuevo club, tras una dilatada negociaci\u00f3n con la que el club de San Golqu\u00ed recibir\u00e1 unos seis millones de d\u00f3lares<\/p>\n<p>Con el conjunto del Valle gan\u00f3 varios t\u00edtulos locales a nivel juvenil y la Copa Libertadores Sub&#8217;20 el a\u00f1o pasado, y en la Libertadores absoluta de 2020 sobresali\u00f3 por su desempe\u00f1o y los goles marcados. Otro t\u00edtulo en su carrera futbol\u00edstica fue el de la Copa Sudamericana de 2019 con el Independiente del Valle.<\/p>\n<p>Los equipos preparan las presentaciones del plantel de jugadores. Emelec alista la noche: \u201cExplosi\u00f3n Azul\u201d El T\u00e9cnico Universitario coordina &nbsp;el viaje a Guayaquil, est\u00e1 previsto para el jueves 28, &nbsp;se ultiman detalles si ser\u00e1 v\u00eda terrestre o a\u00e9reo para el partido del viernes 29, en la denominada Explosi\u00f3n Azul.<\/p>\n<p>Liga de Quito se refuerza. El paraguayo&nbsp;<strong>Luis Amarilla es el primer fichaje que anuncia para el 2021<\/strong>. El atacante regresa de la MLS al f\u00fatbol nacional, y para el 2021 cambia de universidad, luego de jugar el 2019 en Universidad Cat\u00f3lica.<\/p>\n<p>Revisi\u00f3n econ\u00f3mica. En un a\u00f1o regular el presupuesto del Deportivo Cuenca se solventaba su presupuesto con cinco rubros: auspicios, derechos de televisi\u00f3n, abonos, taquillas y venta de jugadores. Con la pandemia de la covid-19, la presidenta, Villavicencio precisa que en el 2021 se sostendr\u00e1 con auspicios, derechos de televisi\u00f3n y aportes del grupo inversor.<\/p>\n<p>En auspicios asegura que la meta es superar el 1\u2019200.000 d\u00f3lares, \u201cno solo quiz\u00e1 con ingresos econ\u00f3micos sino tambi\u00e9n con canje de servicios que nos permite restar gastos que iremos teniendo en el a\u00f1o\u201d. Puso de ejemplo el Hospital Santa In\u00e9s que cubrir\u00e1 toda la parte m\u00e9dica de los equipos.<\/p>\n<p>Es tiempo de incorporar jugadores a los equipos profesionales del f\u00fatbol ecuatoriano. La etapa de exigencia f\u00edsica y t\u00e9cnica tambi\u00e9n es parte del plan de actividades. Este es el movimiento del f\u00fatbol ecuatoriano.<\/p>\n<p>2021-01-22 15:29:13<\/p>\n<p>Golazo<\/p>\n","protected":false},"excerpt":{"rendered":"<p>El defensa ecuatoriano Gabriel Achilier, figura y capit\u00e1n entre 2016 y 2020 del mexicano Monarcas Morelia, firm\u00f3 contrato este jueves en calidad de refuerzo con el Orense de su natal Machala, seg\u00fan inform\u00f3 la administraci\u00f3n del club que preside Martha Romero. Tras ocho temporadas y siete finales consecutivas, entre el 2010 y 2016, con el [&hellip;]<\/p>\n","protected":false},"author":1,"featured_media":0,"comment_status":"open","ping_status":"open","sticky":false,"template":"","format":"standard","meta":{"_et_pb_use_builder":"","_et_pb_old_content":"","_et_gb_content_width":"","footnotes":""},"categories":[18],"tags":[37,36,35,34,39,28,23,20,22,24,19,38,21,41,40,3,6,31,25,42,29,30,27,26,33,32],"class_list":["post-5705","post","type-post","status-publish","format-standard","hentry","category-golazo","tag-37","tag-36","tag-35","tag-34","tag-actividad-deportiva","tag-barriales","tag-barrio","tag-chasqui","tag-chasqui-deportivo","tag-deporte","tag-deporte-barrial-ecuatoriano","tag-deportistas","tag-deportivo","tag-deportivos","tag-dirigentcia","tag-dirigentes","tag-ecuador","tag-ecuatorianas","tag-ecuatoriano","tag-ecuatorianos","tag-futbol","tag-futbolistas","tag-ligas","tag-ligas-barriales-ecuador","tag-pais","tag-quito"],"yoast_head":"<!-- This site is optimized with the Yoast SEO plugin v27.4 - https:\/\/yoast.com\/product\/yoast-seo-wordpress\/ -->\n<title>Equipos de f\u00fatbol llenan cuaderno de adquisiciones - ChasquiDeportivo<\/title>\n<meta name=\"description\" content=\"Chasqui Deportivo | Informaci\u00f3n y comunicaci\u00f3n, reportajes, noticias, entrevistas en el \u00e1rea del deporte local, nacional.\" \/>\n<meta name=\"robots\" content=\"index, follow, max-snippet:-1, max-image-preview:large, max-video-preview:-1\" \/>\n<link rel=\"canonical\" href=\"https:\/\/chasquideportivo.com\/ecrt\/equipos-de-futbol-llenan-cuaderno-de-adquisiciones\/\" \/>\n<meta property=\"og:locale\" content=\"es_ES\" \/>\n<meta property=\"og:type\" content=\"article\" \/>\n<meta property=\"og:title\" content=\"Equipos de f\u00fatbol llenan cuaderno de adquisiciones - ChasquiDeportivo\" \/>\n<meta property=\"og:description\" content=\"Chasqui Deportivo | Informaci\u00f3n y comunicaci\u00f3n, reportajes, noticias, entrevistas en el \u00e1rea del deporte local, nacional.\" \/>\n<meta property=\"og:url\" content=\"https:\/\/chasquideportivo.com\/ecrt\/equipos-de-futbol-llenan-cuaderno-de-adquisiciones\/\" \/>\n<meta property=\"og:site_name\" content=\"ChasquiDeportivo\" \/>\n<meta property=\"article:publisher\" content=\"https:\/\/www.facebook.com\/chasquideportivo\" \/>\n<meta property=\"article:published_time\" content=\"2021-03-20T17:59:58+00:00\" \/>\n<meta property=\"article:modified_time\" content=\"2021-03-20T19:23:47+00:00\" \/>\n<meta name=\"author\" content=\"kollage\" \/>\n<meta name=\"twitter:card\" content=\"summary_large_image\" \/>\n<meta name=\"twitter:creator\" content=\"@chasquidep\" \/>\n<meta name=\"twitter:site\" content=\"@chasquidep\" \/>\n<meta name=\"twitter:label1\" content=\"Escrito por\" \/>\n\t<meta name=\"twitter:data1\" content=\"kollage\" \/>\n\t<meta name=\"twitter:label2\" content=\"Tiempo de lectura\" \/>\n\t<meta name=\"twitter:data2\" content=\"3 minutos\" \/>\n<script type=\"application\/ld+json\" class=\"yoast-schema-graph\">{\"@context\":\"https:\\\/\\\/schema.org\",\"@graph\":[{\"@type\":\"Article\",\"@id\":\"https:\\\/\\\/chasquideportivo.com\\\/ecrt\\\/equipos-de-futbol-llenan-cuaderno-de-adquisiciones\\\/#article\",\"isPartOf\":{\"@id\":\"https:\\\/\\\/chasquideportivo.com\\\/ecrt\\\/equipos-de-futbol-llenan-cuaderno-de-adquisiciones\\\/\"},\"author\":{\"name\":\"kollage\",\"@id\":\"https:\\\/\\\/chasquideportivo.com\\\/ecrt\\\/#\\\/schema\\\/person\\\/d9e229fabae4c1e3f82cf66d802ca7b6\"},\"headline\":\"Equipos de f\u00fatbol llenan cuaderno de adquisiciones\",\"datePublished\":\"2021-03-20T17:59:58+00:00\",\"dateModified\":\"2021-03-20T19:23:47+00:00\",\"mainEntityOfPage\":{\"@id\":\"https:\\\/\\\/chasquideportivo.com\\\/ecrt\\\/equipos-de-futbol-llenan-cuaderno-de-adquisiciones\\\/\"},\"wordCount\":652,\"commentCount\":0,\"publisher\":{\"@id\":\"https:\\\/\\\/chasquideportivo.com\\\/ecrt\\\/#organization\"},\"keywords\":[\"2018\",\"2019\",\"2020\",\"2021\",\"actividad deportiva\",\"barriales\",\"barrio\",\"chasqui\",\"chasqui deportivo\",\"deporte\",\"deporte barrial ecuatoriano\",\"deportistas\",\"deportivo\",\"deportivos\",\"dirigentcia\",\"dirigentes\",\"ecuador\",\"ecuatorianas\",\"ecuatoriano\",\"ecuatorianos\",\"futbol\",\"futbolistas\",\"ligas\",\"ligas barriales ecuador\",\"pa\u00eds\",\"quito\"],\"articleSection\":[\"Golazo\"],\"inLanguage\":\"es\",\"potentialAction\":[{\"@type\":\"CommentAction\",\"name\":\"Comment\",\"target\":[\"https:\\\/\\\/chasquideportivo.com\\\/ecrt\\\/equipos-de-futbol-llenan-cuaderno-de-adquisiciones\\\/#respond\"]}]},{\"@type\":\"WebPage\",\"@id\":\"https:\\\/\\\/chasquideportivo.com\\\/ecrt\\\/equipos-de-futbol-llenan-cuaderno-de-adquisiciones\\\/\",\"url\":\"https:\\\/\\\/chasquideportivo.com\\\/ecrt\\\/equipos-de-futbol-llenan-cuaderno-de-adquisiciones\\\/\",\"name\":\"Equipos de f\u00fatbol llenan cuaderno de adquisiciones - ChasquiDeportivo\",\"isPartOf\":{\"@id\":\"https:\\\/\\\/chasquideportivo.com\\\/ecrt\\\/#website\"},\"datePublished\":\"2021-03-20T17:59:58+00:00\",\"dateModified\":\"2021-03-20T19:23:47+00:00\",\"description\":\"Chasqui Deportivo | Informaci\u00f3n y comunicaci\u00f3n, reportajes, noticias, entrevistas en el \u00e1rea del deporte local, nacional.\",\"breadcrumb\":{\"@id\":\"https:\\\/\\\/chasquideportivo.com\\\/ecrt\\\/equipos-de-futbol-llenan-cuaderno-de-adquisiciones\\\/#breadcrumb\"},\"inLanguage\":\"es\",\"potentialAction\":[{\"@type\":\"ReadAction\",\"target\":[\"https:\\\/\\\/chasquideportivo.com\\\/ecrt\\\/equipos-de-futbol-llenan-cuaderno-de-adquisiciones\\\/\"]}]},{\"@type\":\"BreadcrumbList\",\"@id\":\"https:\\\/\\\/chasquideportivo.com\\\/ecrt\\\/equipos-de-futbol-llenan-cuaderno-de-adquisiciones\\\/#breadcrumb\",\"itemListElement\":[{\"@type\":\"ListItem\",\"position\":1,\"name\":\"Portada | Chasqui Deportivo\",\"item\":\"https:\\\/\\\/chasquideportivo.com\\\/ecrt\\\/\"},{\"@type\":\"ListItem\",\"position\":2,\"name\":\"Archivo\",\"item\":\"https:\\\/\\\/chasquideportivo.com\\\/ecrt\\\/category\\\/archivo\\\/\"},{\"@type\":\"ListItem\",\"position\":3,\"name\":\"Golazo\",\"item\":\"https:\\\/\\\/chasquideportivo.com\\\/ecrt\\\/category\\\/archivo\\\/golazo\\\/\"},{\"@type\":\"ListItem\",\"position\":4,\"name\":\"Equipos de f\u00fatbol llenan cuaderno de adquisiciones\"}]},{\"@type\":\"WebSite\",\"@id\":\"https:\\\/\\\/chasquideportivo.com\\\/ecrt\\\/#website\",\"url\":\"https:\\\/\\\/chasquideportivo.com\\\/ecrt\\\/\",\"name\":\"ChasquiDeportivo\",\"description\":\"Informaci&oacute;n y comunicaci&oacute;n, reportajes, noticias, entrevistas en el &aacute;rea del deporte local, nacional.\",\"publisher\":{\"@id\":\"https:\\\/\\\/chasquideportivo.com\\\/ecrt\\\/#organization\"},\"potentialAction\":[{\"@type\":\"SearchAction\",\"target\":{\"@type\":\"EntryPoint\",\"urlTemplate\":\"https:\\\/\\\/chasquideportivo.com\\\/ecrt\\\/?s={search_term_string}\"},\"query-input\":{\"@type\":\"PropertyValueSpecification\",\"valueRequired\":true,\"valueName\":\"search_term_string\"}}],\"inLanguage\":\"es\"},{\"@type\":\"Organization\",\"@id\":\"https:\\\/\\\/chasquideportivo.com\\\/ecrt\\\/#organization\",\"name\":\"Chasqui Deportivo\",\"url\":\"https:\\\/\\\/chasquideportivo.com\\\/ecrt\\\/\",\"logo\":{\"@type\":\"ImageObject\",\"inLanguage\":\"es\",\"@id\":\"https:\\\/\\\/chasquideportivo.com\\\/ecrt\\\/#\\\/schema\\\/logo\\\/image\\\/\",\"url\":\"https:\\\/\\\/chasquideportivo.com\\\/ecrt\\\/wp-content\\\/uploads\\\/2022\\\/01\\\/logo-vertical.jpg\",\"contentUrl\":\"https:\\\/\\\/chasquideportivo.com\\\/ecrt\\\/wp-content\\\/uploads\\\/2022\\\/01\\\/logo-vertical.jpg\",\"width\":612,\"height\":750,\"caption\":\"Chasqui Deportivo\"},\"image\":{\"@id\":\"https:\\\/\\\/chasquideportivo.com\\\/ecrt\\\/#\\\/schema\\\/logo\\\/image\\\/\"},\"sameAs\":[\"https:\\\/\\\/www.facebook.com\\\/chasquideportivo\",\"https:\\\/\\\/x.com\\\/chasquidep\",\"https:\\\/\\\/www.instagram.com\\\/chasquideportivo.ec\",\"https:\\\/\\\/www.youtube.com\\\/channel\\\/UCGY8M-csHuxJuGRt4XrV90Q\"]},{\"@type\":\"Person\",\"@id\":\"https:\\\/\\\/chasquideportivo.com\\\/ecrt\\\/#\\\/schema\\\/person\\\/d9e229fabae4c1e3f82cf66d802ca7b6\",\"name\":\"kollage\",\"image\":{\"@type\":\"ImageObject\",\"inLanguage\":\"es\",\"@id\":\"https:\\\/\\\/secure.gravatar.com\\\/avatar\\\/69b5388bf21dfca5434ca100f351036f1fbff72ba519ef8157b31bcc7fbfbb18?s=96&d=mm&r=g\",\"url\":\"https:\\\/\\\/secure.gravatar.com\\\/avatar\\\/69b5388bf21dfca5434ca100f351036f1fbff72ba519ef8157b31bcc7fbfbb18?s=96&d=mm&r=g\",\"contentUrl\":\"https:\\\/\\\/secure.gravatar.com\\\/avatar\\\/69b5388bf21dfca5434ca100f351036f1fbff72ba519ef8157b31bcc7fbfbb18?s=96&d=mm&r=g\",\"caption\":\"kollage\"},\"sameAs\":[\"https:\\\/\\\/chasquideportivo.com\\\/ecrt\"],\"url\":\"https:\\\/\\\/chasquideportivo.com\\\/ecrt\\\/author\\\/kollage\\\/\"}]}<\/script>\n<!-- \/ Yoast SEO plugin. -->","yoast_head_json":{"title":"Equipos de f\u00fatbol llenan cuaderno de adquisiciones - ChasquiDeportivo","description":"Chasqui Deportivo | Informaci\u00f3n y comunicaci\u00f3n, reportajes, noticias, entrevistas en el \u00e1rea del deporte local, nacional.","robots":{"index":"index","follow":"follow","max-snippet":"max-snippet:-1","max-image-preview":"max-image-preview:large","max-video-preview":"max-video-preview:-1"},"canonical":"https:\/\/chasquideportivo.com\/ecrt\/equipos-de-futbol-llenan-cuaderno-de-adquisiciones\/","og_locale":"es_ES","og_type":"article","og_title":"Equipos de f\u00fatbol llenan cuaderno de adquisiciones - ChasquiDeportivo","og_description":"Chasqui Deportivo | Informaci\u00f3n y comunicaci\u00f3n, reportajes, noticias, entrevistas en el \u00e1rea del deporte local, nacional.","og_url":"https:\/\/chasquideportivo.com\/ecrt\/equipos-de-futbol-llenan-cuaderno-de-adquisiciones\/","og_site_name":"ChasquiDeportivo","article_publisher":"https:\/\/www.facebook.com\/chasquideportivo","article_published_time":"2021-03-20T17:59:58+00:00","article_modified_time":"2021-03-20T19:23:47+00:00","author":"kollage","twitter_card":"summary_large_image","twitter_creator":"@chasquidep","twitter_site":"@chasquidep","twitter_misc":{"Escrito por":"kollage","Tiempo de lectura":"3 minutos"},"schema":{"@context":"https:\/\/schema.org","@graph":[{"@type":"Article","@id":"https:\/\/chasquideportivo.com\/ecrt\/equipos-de-futbol-llenan-cuaderno-de-adquisiciones\/#article","isPartOf":{"@id":"https:\/\/chasquideportivo.com\/ecrt\/equipos-de-futbol-llenan-cuaderno-de-adquisiciones\/"},"author":{"name":"kollage","@id":"https:\/\/chasquideportivo.com\/ecrt\/#\/schema\/person\/d9e229fabae4c1e3f82cf66d802ca7b6"},"headline":"Equipos de f\u00fatbol llenan cuaderno de adquisiciones","datePublished":"2021-03-20T17:59:58+00:00","dateModified":"2021-03-20T19:23:47+00:00","mainEntityOfPage":{"@id":"https:\/\/chasquideportivo.com\/ecrt\/equipos-de-futbol-llenan-cuaderno-de-adquisiciones\/"},"wordCount":652,"commentCount":0,"publisher":{"@id":"https:\/\/chasquideportivo.com\/ecrt\/#organization"},"keywords":["2018","2019","2020","2021","actividad deportiva","barriales","barrio","chasqui","chasqui deportivo","deporte","deporte barrial ecuatoriano","deportistas","deportivo","deportivos","dirigentcia","dirigentes","ecuador","ecuatorianas","ecuatoriano","ecuatorianos","futbol","futbolistas","ligas","ligas barriales ecuador","pa\u00eds","quito"],"articleSection":["Golazo"],"inLanguage":"es","potentialAction":[{"@type":"CommentAction","name":"Comment","target":["https:\/\/chasquideportivo.com\/ecrt\/equipos-de-futbol-llenan-cuaderno-de-adquisiciones\/#respond"]}]},{"@type":"WebPage","@id":"https:\/\/chasquideportivo.com\/ecrt\/equipos-de-futbol-llenan-cuaderno-de-adquisiciones\/","url":"https:\/\/chasquideportivo.com\/ecrt\/equipos-de-futbol-llenan-cuaderno-de-adquisiciones\/","name":"Equipos de f\u00fatbol llenan cuaderno de adquisiciones - ChasquiDeportivo","isPartOf":{"@id":"https:\/\/chasquideportivo.com\/ecrt\/#website"},"datePublished":"2021-03-20T17:59:58+00:00","dateModified":"2021-03-20T19:23:47+00:00","description":"Chasqui Deportivo | Informaci\u00f3n y comunicaci\u00f3n, reportajes, noticias, entrevistas en el \u00e1rea del deporte local, nacional.","breadcrumb":{"@id":"https:\/\/chasquideportivo.com\/ecrt\/equipos-de-futbol-llenan-cuaderno-de-adquisiciones\/#breadcrumb"},"inLanguage":"es","potentialAction":[{"@type":"ReadAction","target":["https:\/\/chasquideportivo.com\/ecrt\/equipos-de-futbol-llenan-cuaderno-de-adquisiciones\/"]}]},{"@type":"BreadcrumbList","@id":"https:\/\/chasquideportivo.com\/ecrt\/equipos-de-futbol-llenan-cuaderno-de-adquisiciones\/#breadcrumb","itemListElement":[{"@type":"ListItem","position":1,"name":"Portada | Chasqui Deportivo","item":"https:\/\/chasquideportivo.com\/ecrt\/"},{"@type":"ListItem","position":2,"name":"Archivo","item":"https:\/\/chasquideportivo.com\/ecrt\/category\/archivo\/"},{"@type":"ListItem","position":3,"name":"Golazo","item":"https:\/\/chasquideportivo.com\/ecrt\/category\/archivo\/golazo\/"},{"@type":"ListItem","position":4,"name":"Equipos de f\u00fatbol llenan cuaderno de adquisiciones"}]},{"@type":"WebSite","@id":"https:\/\/chasquideportivo.com\/ecrt\/#website","url":"https:\/\/chasquideportivo.com\/ecrt\/","name":"ChasquiDeportivo","description":"Informaci&oacute;n y comunicaci&oacute;n, reportajes, noticias, entrevistas en el &aacute;rea del deporte local, nacional.","publisher":{"@id":"https:\/\/chasquideportivo.com\/ecrt\/#organization"},"potentialAction":[{"@type":"SearchAction","target":{"@type":"EntryPoint","urlTemplate":"https:\/\/chasquideportivo.com\/ecrt\/?s={search_term_string}"},"query-input":{"@type":"PropertyValueSpecification","valueRequired":true,"valueName":"search_term_string"}}],"inLanguage":"es"},{"@type":"Organization","@id":"https:\/\/chasquideportivo.com\/ecrt\/#organization","name":"Chasqui Deportivo","url":"https:\/\/chasquideportivo.com\/ecrt\/","logo":{"@type":"ImageObject","inLanguage":"es","@id":"https:\/\/chasquideportivo.com\/ecrt\/#\/schema\/logo\/image\/","url":"https:\/\/chasquideportivo.com\/ecrt\/wp-content\/uploads\/2022\/01\/logo-vertical.jpg","contentUrl":"https:\/\/chasquideportivo.com\/ecrt\/wp-content\/uploads\/2022\/01\/logo-vertical.jpg","width":612,"height":750,"caption":"Chasqui Deportivo"},"image":{"@id":"https:\/\/chasquideportivo.com\/ecrt\/#\/schema\/logo\/image\/"},"sameAs":["https:\/\/www.facebook.com\/chasquideportivo","https:\/\/x.com\/chasquidep","https:\/\/www.instagram.com\/chasquideportivo.ec","https:\/\/www.youtube.com\/channel\/UCGY8M-csHuxJuGRt4XrV90Q"]},{"@type":"Person","@id":"https:\/\/chasquideportivo.com\/ecrt\/#\/schema\/person\/d9e229fabae4c1e3f82cf66d802ca7b6","name":"kollage","image":{"@type":"ImageObject","inLanguage":"es","@id":"https:\/\/secure.gravatar.com\/avatar\/69b5388bf21dfca5434ca100f351036f1fbff72ba519ef8157b31bcc7fbfbb18?s=96&d=mm&r=g","url":"https:\/\/secure.gravatar.com\/avatar\/69b5388bf21dfca5434ca100f351036f1fbff72ba519ef8157b31bcc7fbfbb18?s=96&d=mm&r=g","contentUrl":"https:\/\/secure.gravatar.com\/avatar\/69b5388bf21dfca5434ca100f351036f1fbff72ba519ef8157b31bcc7fbfbb18?s=96&d=mm&r=g","caption":"kollage"},"sameAs":["https:\/\/chasquideportivo.com\/ecrt"],"url":"https:\/\/chasquideportivo.com\/ecrt\/author\/kollage\/"}]}},"_links":{"self":[{"href":"https:\/\/chasquideportivo.com\/ecrt\/wp-json\/wp\/v2\/posts\/5705","targetHints":{"allow":["GET"]}}],"collection":[{"href":"https:\/\/chasquideportivo.com\/ecrt\/wp-json\/wp\/v2\/posts"}],"about":[{"href":"https:\/\/chasquideportivo.com\/ecrt\/wp-json\/wp\/v2\/types\/post"}],"author":[{"embeddable":true,"href":"https:\/\/chasquideportivo.com\/ecrt\/wp-json\/wp\/v2\/users\/1"}],"replies":[{"embeddable":true,"href":"https:\/\/chasquideportivo.com\/ecrt\/wp-json\/wp\/v2\/comments?post=5705"}],"version-history":[{"count":1,"href":"https:\/\/chasquideportivo.com\/ecrt\/wp-json\/wp\/v2\/posts\/5705\/revisions"}],"predecessor-version":[{"id":6188,"href":"https:\/\/chasquideportivo.com\/ecrt\/wp-json\/wp\/v2\/posts\/5705\/revisions\/6188"}],"wp:attachment":[{"href":"https:\/\/chasquideportivo.com\/ecrt\/wp-json\/wp\/v2\/media?parent=5705"}],"wp:term":[{"taxonomy":"category","embeddable":true,"href":"https:\/\/chasquideportivo.com\/ecrt\/wp-json\/wp\/v2\/categories?post=5705"},{"taxonomy":"post_tag","embeddable":true,"href":"https:\/\/chasquideportivo.com\/ecrt\/wp-json\/wp\/v2\/tags?post=5705"}],"curies":[{"name":"wp","href":"https:\/\/api.w.org\/{rel}","templated":true}]}}