{"id":5700,"date":"2021-03-20T17:59:58","date_gmt":"2021-03-20T17:59:58","guid":{"rendered":"https:\/\/chasquideportivo.com\/ecrt\/2021\/03\/20\/el-protocolo-de-bioseguridad-se-mantiene-en-el-futbol-ecuatoriano\/"},"modified":"2021-03-20T19:16:22","modified_gmt":"2021-03-20T19:16:22","slug":"el-protocolo-de-bioseguridad-se-mantiene-en-el-futbol-ecuatoriano","status":"publish","type":"post","link":"https:\/\/chasquideportivo.com\/ecrt\/el-protocolo-de-bioseguridad-se-mantiene-en-el-futbol-ecuatoriano\/","title":{"rendered":"El protocolo de bioseguridad se mantiene en el f\u00fatbol ecuatoriano"},"content":{"rendered":"<p>Los clubes del f\u00fatbol profesional en Ecuador han retornado a los entrenamientos y contin\u00faan, hasta este martes, con el mismo protocolo de bioseguridad que salv\u00f3 la disputa del pasado torneo, a pesar de la vigencia de la pandemia.<\/p>\n<p>Los directivos de la Liga Pro y del Comit\u00e9 de Operaciones de Emergencia (COE) elaboraron un estricto protocolo para la reanudaci\u00f3n del torneo, que no volvi\u00f3 a sufrir interrupciones desde agosto pasado, tras la suspensi\u00f3n en marzo cuando se declar\u00f3 el estado de excepci\u00f3n y un confinamiento en el pa\u00eds andino.<\/p>\n<p>Fruto del estricto control y disciplina a la que se sometieron jugadores y cuerpos t\u00e9cnicos de los equipos, se ha&nbsp;podido reanudar la pretemporada de 2021 sin positivos por covid-19.<\/p>\n<p>Liga de Quito, que sufri\u00f3 el contagio de dos de sus figuras durante una concentraci\u00f3n con la selecci\u00f3n por las eliminatorias de Catar 2022, volvi\u00f3 el lunes a los entrenamientos.<\/p>\n<p>&#8220;Somos estrictos en los controles con los jugadores para evitar posibles contagios&#8221;, asegur\u00f3 en rueda de prensa el m\u00e9dico del equipo, Richard Cabezas.<\/p>\n<p>Esos controles y medidas estrictas que establece la LigaPro, como el aislamiento inmediato de un futbolista contagiado, el distanciamiento absoluto con los seguidores de cada club, permiti\u00f3 que el campeonato de 2020 se jugara.<\/p>\n<p>El cuerpo m\u00e9dico del Emelec, comandado por Celio Romero, destac\u00f3 recientemente la recuperaci\u00f3n de las lesiones de varios jugadores con las que cerr\u00f3 el a\u00f1o pasado, y descart\u00f3 contagios al retorno de los entrenamientos.<\/p>\n<p>Por su parte, el campe\u00f3n de la reciente temporada futbol\u00edstica, Barcelona, tambi\u00e9n regres\u00f3 a los entrenamientos y desde el pasado domingo realiza pruebas de hisopado a toda la plantilla, sin que haya reportado ning\u00fan caso de covid-19.<\/p>\n<p>Los otros clubes que se preparan para el inicio del torneo, que se jugar\u00e1 a partir del pr\u00f3ximo 19 de febrero, y para la fase de repesca de la Copa Libertadores 2021, tampoco han informado de contagiados.<\/p>\n<p>El torneo de 2020, una vez que se reanud\u00f3 en agosto pasado, vivi\u00f3 momentos cr\u00edticos cuando el Independiente del Valle recibi\u00f3 por Copa Libertadores a Flamengo, que report\u00f3 hasta 38 positivos por covid-19. Varios futbolistas locales fueron contagiados, pero el departamento m\u00e9dico ecuatoriano los aisl\u00f3 de inmediato.<\/p>\n<p>Esa medida evit\u00f3 que se propagara el coronavirus en el campeonato ecuatoriano, aunque el cuadro del Valle tuvo que recurrir a suplentes y juveniles para los partidos en Ecuador y por la Libertadores.<\/p>\n<p>Otro momento cr\u00edtico se dio durante las dos \u00faltimas fechas del a\u00f1o pasado en las eliminatorias contra Bolivia y Colombia, pues la selecci\u00f3n tuvo hasta diez jugadores de baja por coronavirus.<\/p>\n<p>Los contagiados fueron: Mois\u00e9s Corozo (Liga de Quito), Mario Pineda (Barcelona), \u00c9nner Valencia (Fenerbah\u00e7e, Turqu\u00eda), Alan Franco (Atl\u00e9tico Minero, Brasil), Jos\u00e9 Cifuentes y Diego Palacios (Los \u00c1ngeles, Estados Unidos).<\/p>\n<p>Tambi\u00e9n Alexander Dom\u00ednguez (V\u00e9lez Sarsfield, Argentina), Gonzalo Plata (Sporting de Lisboa, Portugal) y Michael Estrada (Toluca, M\u00e9xico) fueron los \u00faltimos contagiados que dieron positivo una vez que se presentaron ante sus respectivos clubes. EFE<\/p>\n<p>La llamada pretemporada del f\u00fatbol se inici\u00f3 en el Ecuador. Los equipos nacionales cumplen una rigurosa tarea en los ex\u00e1menes m\u00e9dicos y pruebas f\u00edsicas. Los protocolos se acogen a las recomendaciones de las autoridades estatales y deportivas. &nbsp;&nbsp;<\/p>\n<p>2021-01-19 23:07:38<\/p>\n<p>Golazo<\/p>\n","protected":false},"excerpt":{"rendered":"<p>Los clubes del f\u00fatbol profesional en Ecuador han retornado a los entrenamientos y contin\u00faan, hasta este martes, con el mismo protocolo de bioseguridad que salv\u00f3 la disputa del pasado torneo, a pesar de la vigencia de la pandemia. Los directivos de la Liga Pro y del Comit\u00e9 de Operaciones de Emergencia (COE) elaboraron un estricto [&hellip;]<\/p>\n","protected":false},"author":1,"featured_media":0,"comment_status":"open","ping_status":"open","sticky":false,"template":"","format":"standard","meta":{"_et_pb_use_builder":"","_et_pb_old_content":"","_et_gb_content_width":"","footnotes":""},"categories":[18],"tags":[37,36,35,34,39,28,23,20,22,24,19,38,21,41,40,3,6,31,25,42,29,30,27,26,33,32],"class_list":["post-5700","post","type-post","status-publish","format-standard","hentry","category-golazo","tag-37","tag-36","tag-35","tag-34","tag-actividad-deportiva","tag-barriales","tag-barrio","tag-chasqui","tag-chasqui-deportivo","tag-deporte","tag-deporte-barrial-ecuatoriano","tag-deportistas","tag-deportivo","tag-deportivos","tag-dirigentcia","tag-dirigentes","tag-ecuador","tag-ecuatorianas","tag-ecuatoriano","tag-ecuatorianos","tag-futbol","tag-futbolistas","tag-ligas","tag-ligas-barriales-ecuador","tag-pais","tag-quito"],"yoast_head":"<!-- This site is optimized with the Yoast SEO plugin v27.4 - https:\/\/yoast.com\/product\/yoast-seo-wordpress\/ -->\n<title>El protocolo de bioseguridad se mantiene en el f\u00fatbol ecuatoriano - ChasquiDeportivo<\/title>\n<meta name=\"description\" content=\"Chasqui Deportivo | Informaci\u00f3n y comunicaci\u00f3n, reportajes, noticias, entrevistas en el \u00e1rea del deporte local, nacional.\" \/>\n<meta name=\"robots\" content=\"index, follow, max-snippet:-1, max-image-preview:large, max-video-preview:-1\" \/>\n<link rel=\"canonical\" href=\"https:\/\/chasquideportivo.com\/ecrt\/el-protocolo-de-bioseguridad-se-mantiene-en-el-futbol-ecuatoriano\/\" \/>\n<meta property=\"og:locale\" content=\"es_ES\" \/>\n<meta property=\"og:type\" content=\"article\" \/>\n<meta property=\"og:title\" content=\"El protocolo de bioseguridad se mantiene en el f\u00fatbol ecuatoriano - ChasquiDeportivo\" \/>\n<meta property=\"og:description\" content=\"Chasqui Deportivo | Informaci\u00f3n y comunicaci\u00f3n, reportajes, noticias, entrevistas en el \u00e1rea del deporte local, nacional.\" \/>\n<meta property=\"og:url\" content=\"https:\/\/chasquideportivo.com\/ecrt\/el-protocolo-de-bioseguridad-se-mantiene-en-el-futbol-ecuatoriano\/\" \/>\n<meta property=\"og:site_name\" content=\"ChasquiDeportivo\" \/>\n<meta property=\"article:publisher\" content=\"https:\/\/www.facebook.com\/chasquideportivo\" \/>\n<meta property=\"article:published_time\" content=\"2021-03-20T17:59:58+00:00\" \/>\n<meta property=\"article:modified_time\" content=\"2021-03-20T19:16:22+00:00\" \/>\n<meta name=\"author\" content=\"kollage\" \/>\n<meta name=\"twitter:card\" content=\"summary_large_image\" \/>\n<meta name=\"twitter:creator\" content=\"@chasquidep\" \/>\n<meta name=\"twitter:site\" content=\"@chasquidep\" \/>\n<meta name=\"twitter:label1\" content=\"Escrito por\" \/>\n\t<meta name=\"twitter:data1\" content=\"kollage\" \/>\n\t<meta name=\"twitter:label2\" content=\"Tiempo de lectura\" \/>\n\t<meta name=\"twitter:data2\" content=\"3 minutos\" \/>\n<script type=\"application\/ld+json\" class=\"yoast-schema-graph\">{\"@context\":\"https:\\\/\\\/schema.org\",\"@graph\":[{\"@type\":\"Article\",\"@id\":\"https:\\\/\\\/chasquideportivo.com\\\/ecrt\\\/el-protocolo-de-bioseguridad-se-mantiene-en-el-futbol-ecuatoriano\\\/#article\",\"isPartOf\":{\"@id\":\"https:\\\/\\\/chasquideportivo.com\\\/ecrt\\\/el-protocolo-de-bioseguridad-se-mantiene-en-el-futbol-ecuatoriano\\\/\"},\"author\":{\"name\":\"kollage\",\"@id\":\"https:\\\/\\\/chasquideportivo.com\\\/ecrt\\\/#\\\/schema\\\/person\\\/d9e229fabae4c1e3f82cf66d802ca7b6\"},\"headline\":\"El protocolo de bioseguridad se mantiene en el f\u00fatbol ecuatoriano\",\"datePublished\":\"2021-03-20T17:59:58+00:00\",\"dateModified\":\"2021-03-20T19:16:22+00:00\",\"mainEntityOfPage\":{\"@id\":\"https:\\\/\\\/chasquideportivo.com\\\/ecrt\\\/el-protocolo-de-bioseguridad-se-mantiene-en-el-futbol-ecuatoriano\\\/\"},\"wordCount\":570,\"commentCount\":0,\"publisher\":{\"@id\":\"https:\\\/\\\/chasquideportivo.com\\\/ecrt\\\/#organization\"},\"keywords\":[\"2018\",\"2019\",\"2020\",\"2021\",\"actividad deportiva\",\"barriales\",\"barrio\",\"chasqui\",\"chasqui deportivo\",\"deporte\",\"deporte barrial ecuatoriano\",\"deportistas\",\"deportivo\",\"deportivos\",\"dirigentcia\",\"dirigentes\",\"ecuador\",\"ecuatorianas\",\"ecuatoriano\",\"ecuatorianos\",\"futbol\",\"futbolistas\",\"ligas\",\"ligas barriales ecuador\",\"pa\u00eds\",\"quito\"],\"articleSection\":[\"Golazo\"],\"inLanguage\":\"es\",\"potentialAction\":[{\"@type\":\"CommentAction\",\"name\":\"Comment\",\"target\":[\"https:\\\/\\\/chasquideportivo.com\\\/ecrt\\\/el-protocolo-de-bioseguridad-se-mantiene-en-el-futbol-ecuatoriano\\\/#respond\"]}]},{\"@type\":\"WebPage\",\"@id\":\"https:\\\/\\\/chasquideportivo.com\\\/ecrt\\\/el-protocolo-de-bioseguridad-se-mantiene-en-el-futbol-ecuatoriano\\\/\",\"url\":\"https:\\\/\\\/chasquideportivo.com\\\/ecrt\\\/el-protocolo-de-bioseguridad-se-mantiene-en-el-futbol-ecuatoriano\\\/\",\"name\":\"El protocolo de bioseguridad se mantiene en el f\u00fatbol ecuatoriano - ChasquiDeportivo\",\"isPartOf\":{\"@id\":\"https:\\\/\\\/chasquideportivo.com\\\/ecrt\\\/#website\"},\"datePublished\":\"2021-03-20T17:59:58+00:00\",\"dateModified\":\"2021-03-20T19:16:22+00:00\",\"description\":\"Chasqui Deportivo | Informaci\u00f3n y comunicaci\u00f3n, reportajes, noticias, entrevistas en el \u00e1rea del deporte local, nacional.\",\"breadcrumb\":{\"@id\":\"https:\\\/\\\/chasquideportivo.com\\\/ecrt\\\/el-protocolo-de-bioseguridad-se-mantiene-en-el-futbol-ecuatoriano\\\/#breadcrumb\"},\"inLanguage\":\"es\",\"potentialAction\":[{\"@type\":\"ReadAction\",\"target\":[\"https:\\\/\\\/chasquideportivo.com\\\/ecrt\\\/el-protocolo-de-bioseguridad-se-mantiene-en-el-futbol-ecuatoriano\\\/\"]}]},{\"@type\":\"BreadcrumbList\",\"@id\":\"https:\\\/\\\/chasquideportivo.com\\\/ecrt\\\/el-protocolo-de-bioseguridad-se-mantiene-en-el-futbol-ecuatoriano\\\/#breadcrumb\",\"itemListElement\":[{\"@type\":\"ListItem\",\"position\":1,\"name\":\"Portada | Chasqui Deportivo\",\"item\":\"https:\\\/\\\/chasquideportivo.com\\\/ecrt\\\/\"},{\"@type\":\"ListItem\",\"position\":2,\"name\":\"Archivo\",\"item\":\"https:\\\/\\\/chasquideportivo.com\\\/ecrt\\\/category\\\/archivo\\\/\"},{\"@type\":\"ListItem\",\"position\":3,\"name\":\"Golazo\",\"item\":\"https:\\\/\\\/chasquideportivo.com\\\/ecrt\\\/category\\\/archivo\\\/golazo\\\/\"},{\"@type\":\"ListItem\",\"position\":4,\"name\":\"El protocolo de bioseguridad se mantiene en el f\u00fatbol ecuatoriano\"}]},{\"@type\":\"WebSite\",\"@id\":\"https:\\\/\\\/chasquideportivo.com\\\/ecrt\\\/#website\",\"url\":\"https:\\\/\\\/chasquideportivo.com\\\/ecrt\\\/\",\"name\":\"ChasquiDeportivo\",\"description\":\"Informaci&oacute;n y comunicaci&oacute;n, reportajes, noticias, entrevistas en el &aacute;rea del deporte local, nacional.\",\"publisher\":{\"@id\":\"https:\\\/\\\/chasquideportivo.com\\\/ecrt\\\/#organization\"},\"potentialAction\":[{\"@type\":\"SearchAction\",\"target\":{\"@type\":\"EntryPoint\",\"urlTemplate\":\"https:\\\/\\\/chasquideportivo.com\\\/ecrt\\\/?s={search_term_string}\"},\"query-input\":{\"@type\":\"PropertyValueSpecification\",\"valueRequired\":true,\"valueName\":\"search_term_string\"}}],\"inLanguage\":\"es\"},{\"@type\":\"Organization\",\"@id\":\"https:\\\/\\\/chasquideportivo.com\\\/ecrt\\\/#organization\",\"name\":\"Chasqui Deportivo\",\"url\":\"https:\\\/\\\/chasquideportivo.com\\\/ecrt\\\/\",\"logo\":{\"@type\":\"ImageObject\",\"inLanguage\":\"es\",\"@id\":\"https:\\\/\\\/chasquideportivo.com\\\/ecrt\\\/#\\\/schema\\\/logo\\\/image\\\/\",\"url\":\"https:\\\/\\\/chasquideportivo.com\\\/ecrt\\\/wp-content\\\/uploads\\\/2022\\\/01\\\/logo-vertical.jpg\",\"contentUrl\":\"https:\\\/\\\/chasquideportivo.com\\\/ecrt\\\/wp-content\\\/uploads\\\/2022\\\/01\\\/logo-vertical.jpg\",\"width\":612,\"height\":750,\"caption\":\"Chasqui Deportivo\"},\"image\":{\"@id\":\"https:\\\/\\\/chasquideportivo.com\\\/ecrt\\\/#\\\/schema\\\/logo\\\/image\\\/\"},\"sameAs\":[\"https:\\\/\\\/www.facebook.com\\\/chasquideportivo\",\"https:\\\/\\\/x.com\\\/chasquidep\",\"https:\\\/\\\/www.instagram.com\\\/chasquideportivo.ec\",\"https:\\\/\\\/www.youtube.com\\\/channel\\\/UCGY8M-csHuxJuGRt4XrV90Q\"]},{\"@type\":\"Person\",\"@id\":\"https:\\\/\\\/chasquideportivo.com\\\/ecrt\\\/#\\\/schema\\\/person\\\/d9e229fabae4c1e3f82cf66d802ca7b6\",\"name\":\"kollage\",\"image\":{\"@type\":\"ImageObject\",\"inLanguage\":\"es\",\"@id\":\"https:\\\/\\\/secure.gravatar.com\\\/avatar\\\/69b5388bf21dfca5434ca100f351036f1fbff72ba519ef8157b31bcc7fbfbb18?s=96&d=mm&r=g\",\"url\":\"https:\\\/\\\/secure.gravatar.com\\\/avatar\\\/69b5388bf21dfca5434ca100f351036f1fbff72ba519ef8157b31bcc7fbfbb18?s=96&d=mm&r=g\",\"contentUrl\":\"https:\\\/\\\/secure.gravatar.com\\\/avatar\\\/69b5388bf21dfca5434ca100f351036f1fbff72ba519ef8157b31bcc7fbfbb18?s=96&d=mm&r=g\",\"caption\":\"kollage\"},\"sameAs\":[\"https:\\\/\\\/chasquideportivo.com\\\/ecrt\"],\"url\":\"https:\\\/\\\/chasquideportivo.com\\\/ecrt\\\/author\\\/kollage\\\/\"}]}<\/script>\n<!-- \/ Yoast SEO plugin. -->","yoast_head_json":{"title":"El protocolo de bioseguridad se mantiene en el f\u00fatbol ecuatoriano - ChasquiDeportivo","description":"Chasqui Deportivo | Informaci\u00f3n y comunicaci\u00f3n, reportajes, noticias, entrevistas en el \u00e1rea del deporte local, nacional.","robots":{"index":"index","follow":"follow","max-snippet":"max-snippet:-1","max-image-preview":"max-image-preview:large","max-video-preview":"max-video-preview:-1"},"canonical":"https:\/\/chasquideportivo.com\/ecrt\/el-protocolo-de-bioseguridad-se-mantiene-en-el-futbol-ecuatoriano\/","og_locale":"es_ES","og_type":"article","og_title":"El protocolo de bioseguridad se mantiene en el f\u00fatbol ecuatoriano - ChasquiDeportivo","og_description":"Chasqui Deportivo | Informaci\u00f3n y comunicaci\u00f3n, reportajes, noticias, entrevistas en el \u00e1rea del deporte local, nacional.","og_url":"https:\/\/chasquideportivo.com\/ecrt\/el-protocolo-de-bioseguridad-se-mantiene-en-el-futbol-ecuatoriano\/","og_site_name":"ChasquiDeportivo","article_publisher":"https:\/\/www.facebook.com\/chasquideportivo","article_published_time":"2021-03-20T17:59:58+00:00","article_modified_time":"2021-03-20T19:16:22+00:00","author":"kollage","twitter_card":"summary_large_image","twitter_creator":"@chasquidep","twitter_site":"@chasquidep","twitter_misc":{"Escrito por":"kollage","Tiempo de lectura":"3 minutos"},"schema":{"@context":"https:\/\/schema.org","@graph":[{"@type":"Article","@id":"https:\/\/chasquideportivo.com\/ecrt\/el-protocolo-de-bioseguridad-se-mantiene-en-el-futbol-ecuatoriano\/#article","isPartOf":{"@id":"https:\/\/chasquideportivo.com\/ecrt\/el-protocolo-de-bioseguridad-se-mantiene-en-el-futbol-ecuatoriano\/"},"author":{"name":"kollage","@id":"https:\/\/chasquideportivo.com\/ecrt\/#\/schema\/person\/d9e229fabae4c1e3f82cf66d802ca7b6"},"headline":"El protocolo de bioseguridad se mantiene en el f\u00fatbol ecuatoriano","datePublished":"2021-03-20T17:59:58+00:00","dateModified":"2021-03-20T19:16:22+00:00","mainEntityOfPage":{"@id":"https:\/\/chasquideportivo.com\/ecrt\/el-protocolo-de-bioseguridad-se-mantiene-en-el-futbol-ecuatoriano\/"},"wordCount":570,"commentCount":0,"publisher":{"@id":"https:\/\/chasquideportivo.com\/ecrt\/#organization"},"keywords":["2018","2019","2020","2021","actividad deportiva","barriales","barrio","chasqui","chasqui deportivo","deporte","deporte barrial ecuatoriano","deportistas","deportivo","deportivos","dirigentcia","dirigentes","ecuador","ecuatorianas","ecuatoriano","ecuatorianos","futbol","futbolistas","ligas","ligas barriales ecuador","pa\u00eds","quito"],"articleSection":["Golazo"],"inLanguage":"es","potentialAction":[{"@type":"CommentAction","name":"Comment","target":["https:\/\/chasquideportivo.com\/ecrt\/el-protocolo-de-bioseguridad-se-mantiene-en-el-futbol-ecuatoriano\/#respond"]}]},{"@type":"WebPage","@id":"https:\/\/chasquideportivo.com\/ecrt\/el-protocolo-de-bioseguridad-se-mantiene-en-el-futbol-ecuatoriano\/","url":"https:\/\/chasquideportivo.com\/ecrt\/el-protocolo-de-bioseguridad-se-mantiene-en-el-futbol-ecuatoriano\/","name":"El protocolo de bioseguridad se mantiene en el f\u00fatbol ecuatoriano - ChasquiDeportivo","isPartOf":{"@id":"https:\/\/chasquideportivo.com\/ecrt\/#website"},"datePublished":"2021-03-20T17:59:58+00:00","dateModified":"2021-03-20T19:16:22+00:00","description":"Chasqui Deportivo | Informaci\u00f3n y comunicaci\u00f3n, reportajes, noticias, entrevistas en el \u00e1rea del deporte local, nacional.","breadcrumb":{"@id":"https:\/\/chasquideportivo.com\/ecrt\/el-protocolo-de-bioseguridad-se-mantiene-en-el-futbol-ecuatoriano\/#breadcrumb"},"inLanguage":"es","potentialAction":[{"@type":"ReadAction","target":["https:\/\/chasquideportivo.com\/ecrt\/el-protocolo-de-bioseguridad-se-mantiene-en-el-futbol-ecuatoriano\/"]}]},{"@type":"BreadcrumbList","@id":"https:\/\/chasquideportivo.com\/ecrt\/el-protocolo-de-bioseguridad-se-mantiene-en-el-futbol-ecuatoriano\/#breadcrumb","itemListElement":[{"@type":"ListItem","position":1,"name":"Portada | Chasqui Deportivo","item":"https:\/\/chasquideportivo.com\/ecrt\/"},{"@type":"ListItem","position":2,"name":"Archivo","item":"https:\/\/chasquideportivo.com\/ecrt\/category\/archivo\/"},{"@type":"ListItem","position":3,"name":"Golazo","item":"https:\/\/chasquideportivo.com\/ecrt\/category\/archivo\/golazo\/"},{"@type":"ListItem","position":4,"name":"El protocolo de bioseguridad se mantiene en el f\u00fatbol ecuatoriano"}]},{"@type":"WebSite","@id":"https:\/\/chasquideportivo.com\/ecrt\/#website","url":"https:\/\/chasquideportivo.com\/ecrt\/","name":"ChasquiDeportivo","description":"Informaci&oacute;n y comunicaci&oacute;n, reportajes, noticias, entrevistas en el &aacute;rea del deporte local, nacional.","publisher":{"@id":"https:\/\/chasquideportivo.com\/ecrt\/#organization"},"potentialAction":[{"@type":"SearchAction","target":{"@type":"EntryPoint","urlTemplate":"https:\/\/chasquideportivo.com\/ecrt\/?s={search_term_string}"},"query-input":{"@type":"PropertyValueSpecification","valueRequired":true,"valueName":"search_term_string"}}],"inLanguage":"es"},{"@type":"Organization","@id":"https:\/\/chasquideportivo.com\/ecrt\/#organization","name":"Chasqui Deportivo","url":"https:\/\/chasquideportivo.com\/ecrt\/","logo":{"@type":"ImageObject","inLanguage":"es","@id":"https:\/\/chasquideportivo.com\/ecrt\/#\/schema\/logo\/image\/","url":"https:\/\/chasquideportivo.com\/ecrt\/wp-content\/uploads\/2022\/01\/logo-vertical.jpg","contentUrl":"https:\/\/chasquideportivo.com\/ecrt\/wp-content\/uploads\/2022\/01\/logo-vertical.jpg","width":612,"height":750,"caption":"Chasqui Deportivo"},"image":{"@id":"https:\/\/chasquideportivo.com\/ecrt\/#\/schema\/logo\/image\/"},"sameAs":["https:\/\/www.facebook.com\/chasquideportivo","https:\/\/x.com\/chasquidep","https:\/\/www.instagram.com\/chasquideportivo.ec","https:\/\/www.youtube.com\/channel\/UCGY8M-csHuxJuGRt4XrV90Q"]},{"@type":"Person","@id":"https:\/\/chasquideportivo.com\/ecrt\/#\/schema\/person\/d9e229fabae4c1e3f82cf66d802ca7b6","name":"kollage","image":{"@type":"ImageObject","inLanguage":"es","@id":"https:\/\/secure.gravatar.com\/avatar\/69b5388bf21dfca5434ca100f351036f1fbff72ba519ef8157b31bcc7fbfbb18?s=96&d=mm&r=g","url":"https:\/\/secure.gravatar.com\/avatar\/69b5388bf21dfca5434ca100f351036f1fbff72ba519ef8157b31bcc7fbfbb18?s=96&d=mm&r=g","contentUrl":"https:\/\/secure.gravatar.com\/avatar\/69b5388bf21dfca5434ca100f351036f1fbff72ba519ef8157b31bcc7fbfbb18?s=96&d=mm&r=g","caption":"kollage"},"sameAs":["https:\/\/chasquideportivo.com\/ecrt"],"url":"https:\/\/chasquideportivo.com\/ecrt\/author\/kollage\/"}]}},"_links":{"self":[{"href":"https:\/\/chasquideportivo.com\/ecrt\/wp-json\/wp\/v2\/posts\/5700","targetHints":{"allow":["GET"]}}],"collection":[{"href":"https:\/\/chasquideportivo.com\/ecrt\/wp-json\/wp\/v2\/posts"}],"about":[{"href":"https:\/\/chasquideportivo.com\/ecrt\/wp-json\/wp\/v2\/types\/post"}],"author":[{"embeddable":true,"href":"https:\/\/chasquideportivo.com\/ecrt\/wp-json\/wp\/v2\/users\/1"}],"replies":[{"embeddable":true,"href":"https:\/\/chasquideportivo.com\/ecrt\/wp-json\/wp\/v2\/comments?post=5700"}],"version-history":[{"count":1,"href":"https:\/\/chasquideportivo.com\/ecrt\/wp-json\/wp\/v2\/posts\/5700\/revisions"}],"predecessor-version":[{"id":5858,"href":"https:\/\/chasquideportivo.com\/ecrt\/wp-json\/wp\/v2\/posts\/5700\/revisions\/5858"}],"wp:attachment":[{"href":"https:\/\/chasquideportivo.com\/ecrt\/wp-json\/wp\/v2\/media?parent=5700"}],"wp:term":[{"taxonomy":"category","embeddable":true,"href":"https:\/\/chasquideportivo.com\/ecrt\/wp-json\/wp\/v2\/categories?post=5700"},{"taxonomy":"post_tag","embeddable":true,"href":"https:\/\/chasquideportivo.com\/ecrt\/wp-json\/wp\/v2\/tags?post=5700"}],"curies":[{"name":"wp","href":"https:\/\/api.w.org\/{rel}","templated":true}]}}