{"id":5660,"date":"2021-03-20T17:59:56","date_gmt":"2021-03-20T17:59:56","guid":{"rendered":"https:\/\/chasquideportivo.com\/ecrt\/2021\/03\/20\/renato-paiva-reemplaza-a-migual-a-ramirez-en-el-independiente\/"},"modified":"2021-03-20T19:23:53","modified_gmt":"2021-03-20T19:23:53","slug":"renato-paiva-reemplaza-a-migual-a-ramirez-en-el-independiente","status":"publish","type":"post","link":"https:\/\/chasquideportivo.com\/ecrt\/renato-paiva-reemplaza-a-migual-a-ramirez-en-el-independiente\/","title":{"rendered":"Renato Paiva reemplaza a Migual A. Ram\u00edrez en el Independiente"},"content":{"rendered":"<p>El club ecuatoriano Independiente del Valle inform\u00f3 en sus redes sociales, que el nuevo director t\u00e9cnico de su equipo profesional &#8220;ha firmado un v\u00ednculo por dos a\u00f1os&#8221;.<\/p>\n<p>&#8220;Deseamos los mayores \u00e9xitos a Renato que llegar\u00e1 al pa\u00eds en los primeros d\u00edas de enero para comenzar el trabajo de pretemporada&#8221;, anot\u00f3 el club. Renato Paiva naci\u00f3 el 22 de marzo de 1970 en Pedrogao Peque\u00f1o &#8211; Castelo Branco (Portugal).<\/p>\n<p>El portugu\u00e9s reemplazar\u00e1 a Ram\u00edrez, quien se despidi\u00f3 el 18 de diciembre del club quite\u00f1o.<\/p>\n<p>&#8220;Aunque no ha sido una decisi\u00f3n sencilla, les anuncio mi marcha del Independiente del Valle. Es un d\u00eda muy importante en mi vida, supone dejar mi casa y el lugar en el que he sido muy feliz&#8221;, manifest\u00f3 entonces el t\u00e9cnico canario de 36 a\u00f1os, que llevaba hasta ese d\u00eda dos a\u00f1os y medio en el banquillo del club.<\/p>\n<p>Visiblemente emocionado en un acto de despedida celebrado en su honor, Ram\u00edrez indic\u00f3: &#8220;Han sido casi dos a\u00f1os de trabajo intenso a todos los niveles, que nos han aportado mucho como personas y como profesionales&#8221; y agradeci\u00f3 al Independiente su &#8220;comprensi\u00f3n&#8221; por la decisi\u00f3n de iniciar un nuevo proyecto en otro destino.<\/p>\n<p>Repas\u00f3 su trayectoria al frente del equipo y que en su tiempo &#8220;llegara a gran conquista, el primer t\u00edtulo para el Independiente del Valle, esa copa Sudamericana en aquella inolvidable noche en Asunci\u00f3n&#8221; el a\u00f1o pasado.<\/p>\n<p>Tambi\u00e9n record\u00f3 el triunfo con el equipo Sub&#8217;20 en la Copa Libertadores, &#8220;con una generaci\u00f3n con la que comenzamos a trabajar en 2018 y he tenido la suerte de compartir la etapa final de su crecimiento&#8221;.<\/p>\n<p>Ram\u00edrez agradeci\u00f3 a todos los futbolistas por su actitud ejemplar, disposici\u00f3n y comportamiento con todo del cuerpo t\u00e9cnico, as\u00ed como al personal, directiva y miembros de las formativas, escuelas y proyectos asociados al club.<\/p>\n<p>&#8220;M\u00e1s de dos a\u00f1os y medio despu\u00e9s creo que es hora de buscar nuevos retos&#8221;, refiri\u00f3 antes de cerrar con el lema del equipo: &#8220;S\u00e9 diferente, s\u00e9 independiente&#8221;.<\/p>\n<p>El presidente del equipo del Valle, Franklin Tello, expres\u00f3 en nombre del club su agradecimiento a la &#8220;apertura y transparencia&#8221; demostradas por el espa\u00f1ol, que dio a conocer los &#8220;trenes&#8221; que se le iban presentado en el mundo del f\u00fatbol.<\/p>\n<p>&#8220;Este es un momento que ten\u00eda que llegar y estamos muy contentos por ti y por nosotros&#8221;, remarc\u00f3 Tello, quien le dese\u00f3 que vuele &#8220;muy alto&#8221;.<\/p>\n<p>&#8220;La esencia del club y del equipo cambi\u00f3 a ra\u00edz de tu llegada, nos dejas un vac\u00edo muy grande. Sin embargo, las bases que construiste desde las formativas, hasta el equipo de primera quedan s\u00f3lidas&#8221;, manifest\u00f3 entonces el directivo. EFE<\/p>\n<p>El portugu\u00e9s Renato Paiva llegar\u00e1 a Ecuador en enero para reemplazar en la direcci\u00f3n t\u00e9cnica del club Independiente del Valle al espa\u00f1ol Miguel \u00c1ngel Ram\u00edrez, quien cosech\u00f3 su primera Copa Sudamericana en 2019 y una Libertadores este a\u00f1o en la categor\u00eda Sub&#8217;20.<\/p>\n<p>2020-12-27 19:01:10<\/p>\n<p>Golazo<\/p>\n","protected":false},"excerpt":{"rendered":"<p>El club ecuatoriano Independiente del Valle inform\u00f3 en sus redes sociales, que el nuevo director t\u00e9cnico de su equipo profesional &#8220;ha firmado un v\u00ednculo por dos a\u00f1os&#8221;. &#8220;Deseamos los mayores \u00e9xitos a Renato que llegar\u00e1 al pa\u00eds en los primeros d\u00edas de enero para comenzar el trabajo de pretemporada&#8221;, anot\u00f3 el club. Renato Paiva naci\u00f3 [&hellip;]<\/p>\n","protected":false},"author":1,"featured_media":0,"comment_status":"open","ping_status":"open","sticky":false,"template":"","format":"standard","meta":{"_et_pb_use_builder":"","_et_pb_old_content":"","_et_gb_content_width":"","footnotes":""},"categories":[18],"tags":[37,36,35,34,39,28,23,20,22,24,19,38,21,41,40,3,6,31,25,42,29,30,27,26,33,32],"class_list":["post-5660","post","type-post","status-publish","format-standard","hentry","category-golazo","tag-37","tag-36","tag-35","tag-34","tag-actividad-deportiva","tag-barriales","tag-barrio","tag-chasqui","tag-chasqui-deportivo","tag-deporte","tag-deporte-barrial-ecuatoriano","tag-deportistas","tag-deportivo","tag-deportivos","tag-dirigentcia","tag-dirigentes","tag-ecuador","tag-ecuatorianas","tag-ecuatoriano","tag-ecuatorianos","tag-futbol","tag-futbolistas","tag-ligas","tag-ligas-barriales-ecuador","tag-pais","tag-quito"],"yoast_head":"<!-- This site is optimized with the Yoast SEO plugin v27.4 - https:\/\/yoast.com\/product\/yoast-seo-wordpress\/ -->\n<title>Renato Paiva reemplaza a Migual A. Ram\u00edrez en el Independiente - ChasquiDeportivo<\/title>\n<meta name=\"description\" content=\"Chasqui Deportivo | Informaci\u00f3n y comunicaci\u00f3n, reportajes, noticias, entrevistas en el \u00e1rea del deporte local, nacional.\" \/>\n<meta name=\"robots\" content=\"index, follow, max-snippet:-1, max-image-preview:large, max-video-preview:-1\" \/>\n<link rel=\"canonical\" href=\"https:\/\/chasquideportivo.com\/ecrt\/renato-paiva-reemplaza-a-migual-a-ramirez-en-el-independiente\/\" \/>\n<meta property=\"og:locale\" content=\"es_ES\" \/>\n<meta property=\"og:type\" content=\"article\" \/>\n<meta property=\"og:title\" content=\"Renato Paiva reemplaza a Migual A. Ram\u00edrez en el Independiente - ChasquiDeportivo\" \/>\n<meta property=\"og:description\" content=\"Chasqui Deportivo | Informaci\u00f3n y comunicaci\u00f3n, reportajes, noticias, entrevistas en el \u00e1rea del deporte local, nacional.\" \/>\n<meta property=\"og:url\" content=\"https:\/\/chasquideportivo.com\/ecrt\/renato-paiva-reemplaza-a-migual-a-ramirez-en-el-independiente\/\" \/>\n<meta property=\"og:site_name\" content=\"ChasquiDeportivo\" \/>\n<meta property=\"article:publisher\" content=\"https:\/\/www.facebook.com\/chasquideportivo\" \/>\n<meta property=\"article:published_time\" content=\"2021-03-20T17:59:56+00:00\" \/>\n<meta property=\"article:modified_time\" content=\"2021-03-20T19:23:53+00:00\" \/>\n<meta name=\"author\" content=\"kollage\" \/>\n<meta name=\"twitter:card\" content=\"summary_large_image\" \/>\n<meta name=\"twitter:creator\" content=\"@chasquidep\" \/>\n<meta name=\"twitter:site\" content=\"@chasquidep\" \/>\n<meta name=\"twitter:label1\" content=\"Escrito por\" \/>\n\t<meta name=\"twitter:data1\" content=\"kollage\" \/>\n\t<meta name=\"twitter:label2\" content=\"Tiempo de lectura\" \/>\n\t<meta name=\"twitter:data2\" content=\"3 minutos\" \/>\n<script type=\"application\/ld+json\" class=\"yoast-schema-graph\">{\"@context\":\"https:\\\/\\\/schema.org\",\"@graph\":[{\"@type\":\"Article\",\"@id\":\"https:\\\/\\\/chasquideportivo.com\\\/ecrt\\\/renato-paiva-reemplaza-a-migual-a-ramirez-en-el-independiente\\\/#article\",\"isPartOf\":{\"@id\":\"https:\\\/\\\/chasquideportivo.com\\\/ecrt\\\/renato-paiva-reemplaza-a-migual-a-ramirez-en-el-independiente\\\/\"},\"author\":{\"name\":\"kollage\",\"@id\":\"https:\\\/\\\/chasquideportivo.com\\\/ecrt\\\/#\\\/schema\\\/person\\\/d9e229fabae4c1e3f82cf66d802ca7b6\"},\"headline\":\"Renato Paiva reemplaza a Migual A. Ram\u00edrez en el Independiente\",\"datePublished\":\"2021-03-20T17:59:56+00:00\",\"dateModified\":\"2021-03-20T19:23:53+00:00\",\"mainEntityOfPage\":{\"@id\":\"https:\\\/\\\/chasquideportivo.com\\\/ecrt\\\/renato-paiva-reemplaza-a-migual-a-ramirez-en-el-independiente\\\/\"},\"wordCount\":527,\"commentCount\":0,\"publisher\":{\"@id\":\"https:\\\/\\\/chasquideportivo.com\\\/ecrt\\\/#organization\"},\"keywords\":[\"2018\",\"2019\",\"2020\",\"2021\",\"actividad deportiva\",\"barriales\",\"barrio\",\"chasqui\",\"chasqui deportivo\",\"deporte\",\"deporte barrial ecuatoriano\",\"deportistas\",\"deportivo\",\"deportivos\",\"dirigentcia\",\"dirigentes\",\"ecuador\",\"ecuatorianas\",\"ecuatoriano\",\"ecuatorianos\",\"futbol\",\"futbolistas\",\"ligas\",\"ligas barriales ecuador\",\"pa\u00eds\",\"quito\"],\"articleSection\":[\"Golazo\"],\"inLanguage\":\"es\",\"potentialAction\":[{\"@type\":\"CommentAction\",\"name\":\"Comment\",\"target\":[\"https:\\\/\\\/chasquideportivo.com\\\/ecrt\\\/renato-paiva-reemplaza-a-migual-a-ramirez-en-el-independiente\\\/#respond\"]}]},{\"@type\":\"WebPage\",\"@id\":\"https:\\\/\\\/chasquideportivo.com\\\/ecrt\\\/renato-paiva-reemplaza-a-migual-a-ramirez-en-el-independiente\\\/\",\"url\":\"https:\\\/\\\/chasquideportivo.com\\\/ecrt\\\/renato-paiva-reemplaza-a-migual-a-ramirez-en-el-independiente\\\/\",\"name\":\"Renato Paiva reemplaza a Migual A. Ram\u00edrez en el Independiente - ChasquiDeportivo\",\"isPartOf\":{\"@id\":\"https:\\\/\\\/chasquideportivo.com\\\/ecrt\\\/#website\"},\"datePublished\":\"2021-03-20T17:59:56+00:00\",\"dateModified\":\"2021-03-20T19:23:53+00:00\",\"description\":\"Chasqui Deportivo | Informaci\u00f3n y comunicaci\u00f3n, reportajes, noticias, entrevistas en el \u00e1rea del deporte local, nacional.\",\"breadcrumb\":{\"@id\":\"https:\\\/\\\/chasquideportivo.com\\\/ecrt\\\/renato-paiva-reemplaza-a-migual-a-ramirez-en-el-independiente\\\/#breadcrumb\"},\"inLanguage\":\"es\",\"potentialAction\":[{\"@type\":\"ReadAction\",\"target\":[\"https:\\\/\\\/chasquideportivo.com\\\/ecrt\\\/renato-paiva-reemplaza-a-migual-a-ramirez-en-el-independiente\\\/\"]}]},{\"@type\":\"BreadcrumbList\",\"@id\":\"https:\\\/\\\/chasquideportivo.com\\\/ecrt\\\/renato-paiva-reemplaza-a-migual-a-ramirez-en-el-independiente\\\/#breadcrumb\",\"itemListElement\":[{\"@type\":\"ListItem\",\"position\":1,\"name\":\"Portada | Chasqui Deportivo\",\"item\":\"https:\\\/\\\/chasquideportivo.com\\\/ecrt\\\/\"},{\"@type\":\"ListItem\",\"position\":2,\"name\":\"Archivo\",\"item\":\"https:\\\/\\\/chasquideportivo.com\\\/ecrt\\\/category\\\/archivo\\\/\"},{\"@type\":\"ListItem\",\"position\":3,\"name\":\"Golazo\",\"item\":\"https:\\\/\\\/chasquideportivo.com\\\/ecrt\\\/category\\\/archivo\\\/golazo\\\/\"},{\"@type\":\"ListItem\",\"position\":4,\"name\":\"Renato Paiva reemplaza a Migual A. Ram\u00edrez en el Independiente\"}]},{\"@type\":\"WebSite\",\"@id\":\"https:\\\/\\\/chasquideportivo.com\\\/ecrt\\\/#website\",\"url\":\"https:\\\/\\\/chasquideportivo.com\\\/ecrt\\\/\",\"name\":\"ChasquiDeportivo\",\"description\":\"Informaci&oacute;n y comunicaci&oacute;n, reportajes, noticias, entrevistas en el &aacute;rea del deporte local, nacional.\",\"publisher\":{\"@id\":\"https:\\\/\\\/chasquideportivo.com\\\/ecrt\\\/#organization\"},\"potentialAction\":[{\"@type\":\"SearchAction\",\"target\":{\"@type\":\"EntryPoint\",\"urlTemplate\":\"https:\\\/\\\/chasquideportivo.com\\\/ecrt\\\/?s={search_term_string}\"},\"query-input\":{\"@type\":\"PropertyValueSpecification\",\"valueRequired\":true,\"valueName\":\"search_term_string\"}}],\"inLanguage\":\"es\"},{\"@type\":\"Organization\",\"@id\":\"https:\\\/\\\/chasquideportivo.com\\\/ecrt\\\/#organization\",\"name\":\"Chasqui Deportivo\",\"url\":\"https:\\\/\\\/chasquideportivo.com\\\/ecrt\\\/\",\"logo\":{\"@type\":\"ImageObject\",\"inLanguage\":\"es\",\"@id\":\"https:\\\/\\\/chasquideportivo.com\\\/ecrt\\\/#\\\/schema\\\/logo\\\/image\\\/\",\"url\":\"https:\\\/\\\/chasquideportivo.com\\\/ecrt\\\/wp-content\\\/uploads\\\/2022\\\/01\\\/logo-vertical.jpg\",\"contentUrl\":\"https:\\\/\\\/chasquideportivo.com\\\/ecrt\\\/wp-content\\\/uploads\\\/2022\\\/01\\\/logo-vertical.jpg\",\"width\":612,\"height\":750,\"caption\":\"Chasqui Deportivo\"},\"image\":{\"@id\":\"https:\\\/\\\/chasquideportivo.com\\\/ecrt\\\/#\\\/schema\\\/logo\\\/image\\\/\"},\"sameAs\":[\"https:\\\/\\\/www.facebook.com\\\/chasquideportivo\",\"https:\\\/\\\/x.com\\\/chasquidep\",\"https:\\\/\\\/www.instagram.com\\\/chasquideportivo.ec\",\"https:\\\/\\\/www.youtube.com\\\/channel\\\/UCGY8M-csHuxJuGRt4XrV90Q\"]},{\"@type\":\"Person\",\"@id\":\"https:\\\/\\\/chasquideportivo.com\\\/ecrt\\\/#\\\/schema\\\/person\\\/d9e229fabae4c1e3f82cf66d802ca7b6\",\"name\":\"kollage\",\"image\":{\"@type\":\"ImageObject\",\"inLanguage\":\"es\",\"@id\":\"https:\\\/\\\/secure.gravatar.com\\\/avatar\\\/69b5388bf21dfca5434ca100f351036f1fbff72ba519ef8157b31bcc7fbfbb18?s=96&d=mm&r=g\",\"url\":\"https:\\\/\\\/secure.gravatar.com\\\/avatar\\\/69b5388bf21dfca5434ca100f351036f1fbff72ba519ef8157b31bcc7fbfbb18?s=96&d=mm&r=g\",\"contentUrl\":\"https:\\\/\\\/secure.gravatar.com\\\/avatar\\\/69b5388bf21dfca5434ca100f351036f1fbff72ba519ef8157b31bcc7fbfbb18?s=96&d=mm&r=g\",\"caption\":\"kollage\"},\"sameAs\":[\"https:\\\/\\\/chasquideportivo.com\\\/ecrt\"],\"url\":\"https:\\\/\\\/chasquideportivo.com\\\/ecrt\\\/author\\\/kollage\\\/\"}]}<\/script>\n<!-- \/ Yoast SEO plugin. -->","yoast_head_json":{"title":"Renato Paiva reemplaza a Migual A. Ram\u00edrez en el Independiente - ChasquiDeportivo","description":"Chasqui Deportivo | Informaci\u00f3n y comunicaci\u00f3n, reportajes, noticias, entrevistas en el \u00e1rea del deporte local, nacional.","robots":{"index":"index","follow":"follow","max-snippet":"max-snippet:-1","max-image-preview":"max-image-preview:large","max-video-preview":"max-video-preview:-1"},"canonical":"https:\/\/chasquideportivo.com\/ecrt\/renato-paiva-reemplaza-a-migual-a-ramirez-en-el-independiente\/","og_locale":"es_ES","og_type":"article","og_title":"Renato Paiva reemplaza a Migual A. Ram\u00edrez en el Independiente - ChasquiDeportivo","og_description":"Chasqui Deportivo | Informaci\u00f3n y comunicaci\u00f3n, reportajes, noticias, entrevistas en el \u00e1rea del deporte local, nacional.","og_url":"https:\/\/chasquideportivo.com\/ecrt\/renato-paiva-reemplaza-a-migual-a-ramirez-en-el-independiente\/","og_site_name":"ChasquiDeportivo","article_publisher":"https:\/\/www.facebook.com\/chasquideportivo","article_published_time":"2021-03-20T17:59:56+00:00","article_modified_time":"2021-03-20T19:23:53+00:00","author":"kollage","twitter_card":"summary_large_image","twitter_creator":"@chasquidep","twitter_site":"@chasquidep","twitter_misc":{"Escrito por":"kollage","Tiempo de lectura":"3 minutos"},"schema":{"@context":"https:\/\/schema.org","@graph":[{"@type":"Article","@id":"https:\/\/chasquideportivo.com\/ecrt\/renato-paiva-reemplaza-a-migual-a-ramirez-en-el-independiente\/#article","isPartOf":{"@id":"https:\/\/chasquideportivo.com\/ecrt\/renato-paiva-reemplaza-a-migual-a-ramirez-en-el-independiente\/"},"author":{"name":"kollage","@id":"https:\/\/chasquideportivo.com\/ecrt\/#\/schema\/person\/d9e229fabae4c1e3f82cf66d802ca7b6"},"headline":"Renato Paiva reemplaza a Migual A. Ram\u00edrez en el Independiente","datePublished":"2021-03-20T17:59:56+00:00","dateModified":"2021-03-20T19:23:53+00:00","mainEntityOfPage":{"@id":"https:\/\/chasquideportivo.com\/ecrt\/renato-paiva-reemplaza-a-migual-a-ramirez-en-el-independiente\/"},"wordCount":527,"commentCount":0,"publisher":{"@id":"https:\/\/chasquideportivo.com\/ecrt\/#organization"},"keywords":["2018","2019","2020","2021","actividad deportiva","barriales","barrio","chasqui","chasqui deportivo","deporte","deporte barrial ecuatoriano","deportistas","deportivo","deportivos","dirigentcia","dirigentes","ecuador","ecuatorianas","ecuatoriano","ecuatorianos","futbol","futbolistas","ligas","ligas barriales ecuador","pa\u00eds","quito"],"articleSection":["Golazo"],"inLanguage":"es","potentialAction":[{"@type":"CommentAction","name":"Comment","target":["https:\/\/chasquideportivo.com\/ecrt\/renato-paiva-reemplaza-a-migual-a-ramirez-en-el-independiente\/#respond"]}]},{"@type":"WebPage","@id":"https:\/\/chasquideportivo.com\/ecrt\/renato-paiva-reemplaza-a-migual-a-ramirez-en-el-independiente\/","url":"https:\/\/chasquideportivo.com\/ecrt\/renato-paiva-reemplaza-a-migual-a-ramirez-en-el-independiente\/","name":"Renato Paiva reemplaza a Migual A. Ram\u00edrez en el Independiente - ChasquiDeportivo","isPartOf":{"@id":"https:\/\/chasquideportivo.com\/ecrt\/#website"},"datePublished":"2021-03-20T17:59:56+00:00","dateModified":"2021-03-20T19:23:53+00:00","description":"Chasqui Deportivo | Informaci\u00f3n y comunicaci\u00f3n, reportajes, noticias, entrevistas en el \u00e1rea del deporte local, nacional.","breadcrumb":{"@id":"https:\/\/chasquideportivo.com\/ecrt\/renato-paiva-reemplaza-a-migual-a-ramirez-en-el-independiente\/#breadcrumb"},"inLanguage":"es","potentialAction":[{"@type":"ReadAction","target":["https:\/\/chasquideportivo.com\/ecrt\/renato-paiva-reemplaza-a-migual-a-ramirez-en-el-independiente\/"]}]},{"@type":"BreadcrumbList","@id":"https:\/\/chasquideportivo.com\/ecrt\/renato-paiva-reemplaza-a-migual-a-ramirez-en-el-independiente\/#breadcrumb","itemListElement":[{"@type":"ListItem","position":1,"name":"Portada | Chasqui Deportivo","item":"https:\/\/chasquideportivo.com\/ecrt\/"},{"@type":"ListItem","position":2,"name":"Archivo","item":"https:\/\/chasquideportivo.com\/ecrt\/category\/archivo\/"},{"@type":"ListItem","position":3,"name":"Golazo","item":"https:\/\/chasquideportivo.com\/ecrt\/category\/archivo\/golazo\/"},{"@type":"ListItem","position":4,"name":"Renato Paiva reemplaza a Migual A. Ram\u00edrez en el Independiente"}]},{"@type":"WebSite","@id":"https:\/\/chasquideportivo.com\/ecrt\/#website","url":"https:\/\/chasquideportivo.com\/ecrt\/","name":"ChasquiDeportivo","description":"Informaci&oacute;n y comunicaci&oacute;n, reportajes, noticias, entrevistas en el &aacute;rea del deporte local, nacional.","publisher":{"@id":"https:\/\/chasquideportivo.com\/ecrt\/#organization"},"potentialAction":[{"@type":"SearchAction","target":{"@type":"EntryPoint","urlTemplate":"https:\/\/chasquideportivo.com\/ecrt\/?s={search_term_string}"},"query-input":{"@type":"PropertyValueSpecification","valueRequired":true,"valueName":"search_term_string"}}],"inLanguage":"es"},{"@type":"Organization","@id":"https:\/\/chasquideportivo.com\/ecrt\/#organization","name":"Chasqui Deportivo","url":"https:\/\/chasquideportivo.com\/ecrt\/","logo":{"@type":"ImageObject","inLanguage":"es","@id":"https:\/\/chasquideportivo.com\/ecrt\/#\/schema\/logo\/image\/","url":"https:\/\/chasquideportivo.com\/ecrt\/wp-content\/uploads\/2022\/01\/logo-vertical.jpg","contentUrl":"https:\/\/chasquideportivo.com\/ecrt\/wp-content\/uploads\/2022\/01\/logo-vertical.jpg","width":612,"height":750,"caption":"Chasqui Deportivo"},"image":{"@id":"https:\/\/chasquideportivo.com\/ecrt\/#\/schema\/logo\/image\/"},"sameAs":["https:\/\/www.facebook.com\/chasquideportivo","https:\/\/x.com\/chasquidep","https:\/\/www.instagram.com\/chasquideportivo.ec","https:\/\/www.youtube.com\/channel\/UCGY8M-csHuxJuGRt4XrV90Q"]},{"@type":"Person","@id":"https:\/\/chasquideportivo.com\/ecrt\/#\/schema\/person\/d9e229fabae4c1e3f82cf66d802ca7b6","name":"kollage","image":{"@type":"ImageObject","inLanguage":"es","@id":"https:\/\/secure.gravatar.com\/avatar\/69b5388bf21dfca5434ca100f351036f1fbff72ba519ef8157b31bcc7fbfbb18?s=96&d=mm&r=g","url":"https:\/\/secure.gravatar.com\/avatar\/69b5388bf21dfca5434ca100f351036f1fbff72ba519ef8157b31bcc7fbfbb18?s=96&d=mm&r=g","contentUrl":"https:\/\/secure.gravatar.com\/avatar\/69b5388bf21dfca5434ca100f351036f1fbff72ba519ef8157b31bcc7fbfbb18?s=96&d=mm&r=g","caption":"kollage"},"sameAs":["https:\/\/chasquideportivo.com\/ecrt"],"url":"https:\/\/chasquideportivo.com\/ecrt\/author\/kollage\/"}]}},"_links":{"self":[{"href":"https:\/\/chasquideportivo.com\/ecrt\/wp-json\/wp\/v2\/posts\/5660","targetHints":{"allow":["GET"]}}],"collection":[{"href":"https:\/\/chasquideportivo.com\/ecrt\/wp-json\/wp\/v2\/posts"}],"about":[{"href":"https:\/\/chasquideportivo.com\/ecrt\/wp-json\/wp\/v2\/types\/post"}],"author":[{"embeddable":true,"href":"https:\/\/chasquideportivo.com\/ecrt\/wp-json\/wp\/v2\/users\/1"}],"replies":[{"embeddable":true,"href":"https:\/\/chasquideportivo.com\/ecrt\/wp-json\/wp\/v2\/comments?post=5660"}],"version-history":[{"count":1,"href":"https:\/\/chasquideportivo.com\/ecrt\/wp-json\/wp\/v2\/posts\/5660\/revisions"}],"predecessor-version":[{"id":6214,"href":"https:\/\/chasquideportivo.com\/ecrt\/wp-json\/wp\/v2\/posts\/5660\/revisions\/6214"}],"wp:attachment":[{"href":"https:\/\/chasquideportivo.com\/ecrt\/wp-json\/wp\/v2\/media?parent=5660"}],"wp:term":[{"taxonomy":"category","embeddable":true,"href":"https:\/\/chasquideportivo.com\/ecrt\/wp-json\/wp\/v2\/categories?post=5660"},{"taxonomy":"post_tag","embeddable":true,"href":"https:\/\/chasquideportivo.com\/ecrt\/wp-json\/wp\/v2\/tags?post=5660"}],"curies":[{"name":"wp","href":"https:\/\/api.w.org\/{rel}","templated":true}]}}