{"id":5621,"date":"2021-03-20T17:59:52","date_gmt":"2021-03-20T17:59:52","guid":{"rendered":"https:\/\/chasquideportivo.com\/ecrt\/2021\/03\/20\/ecuador-un-ciclon-ante-colombia\/"},"modified":"2021-03-20T19:24:50","modified_gmt":"2021-03-20T19:24:50","slug":"ecuador-un-ciclon-ante-colombia","status":"publish","type":"post","link":"https:\/\/chasquideportivo.com\/ecrt\/ecuador-un-ciclon-ante-colombia\/","title":{"rendered":"Ecuador un cicl\u00f3n ante Colombia"},"content":{"rendered":"<p>La selecci\u00f3n de Ecuador propini\u00f3 una goleada hist\u00f3rica a su similar de Colombia, 6-1, en el estadio Rodrigo Paz Delgado, en la cuarta jornada de la eliminatoria sudamericana al Mundial Catar 2022, \u00faltimo partido del a\u00f1o de la Tricolor. Colombia jug\u00f3 su peor partido en cuatro d\u00e9cadas y dej\u00f3 tambaleando al entrenador portugu\u00e9s Carlos Queiroz este martes en el encuentro jugado en Quito que le dio inicio a la cuarta jornada de las eliminatorias sudamericanas del Mundial de Catar.<\/p>\n<p>La Tricolor logr\u00f3 su tercer triunfo seguido y por ahora subi\u00f3 al segundo lugar de la clasificaci\u00f3n con 9 puntos, mientras el combinado cafetero recibi\u00f3 su segunda goleada al hilo y se qued\u00f3 s\u00e9ptimo con 4 enteros.<\/p>\n<p>Ecuador fue una apisonadora que descompuso f\u00e1cilmente la defensa de Colombia y anot\u00f3 los dos primeros goles del partido entre los minutos seis y nueve.<\/p>\n<p>El 1-0 fue obra de Robert Arboleda, quien se col\u00f3 en medio de tres zagueros colombianos y toc\u00f3 la pelota de zurda, y el 2-0 lo meti\u00f3 \u00c1ngel Mena, tambi\u00e9n con la izquierda y despu\u00e9s de un mal saque del portero Camilo Vargas que tom\u00f3 mal parada a toda la defensa.<\/p>\n<p>La Tri sigui\u00f3 jugando a placer frente a una selecci\u00f3n colombiana que no reaccionaba, por lo que el tercer tanto era cuesti\u00f3n de tiempo y lleg\u00f3 a los 31 minutos luego de una jugada veloz por la izquierda en la que Michael Estrada recibi\u00f3 un pase desde la izquierda y defini\u00f3 sin ninguna oposici\u00f3n.<\/p>\n<p>A los 39 minutos lleg\u00f3 el 4-0 parcial, de nuevo en una acci\u00f3n desde el lateral izquierdo en la que Xavier Arreaga 39 recibi\u00f3 un pase delante del punto de penalti y con la zurda venci\u00f3 a Vargas.<\/p>\n<p>El resultado llev\u00f3 a Queiroz a introducir tres cambios al mismo tiempo: Frank Fabra entr\u00f3 por Johan Mojica, Luis Zu\u00e1rez por Johan Mojica y Wilmar Barrios por Matheus Uribe.<\/p>\n<p>Colombia descont\u00f3 a los 41 minutos en una jugada que pareci\u00f3 de otro partido. Duv\u00e1n Zapata recibi\u00f3 un pase preciso por primera vez, hizo una doble gambeta en el \u00e1rea y fue derribado por un defensor ecuatoriano. Penalti. El cobro fue de James Rodr\u00edguez, quien dispar\u00f3 un tiro rastrero colocado al palo derecho del arco ecuatoriano.<\/p>\n<p>El segundo tiempo mostr\u00f3 una leve reacci\u00f3n de Colombia, pero fue poco lo que dur\u00f3 su intento de encontrar m\u00e1s goles para evitar el desastre y la humillaci\u00f3n.<\/p>\n<p>Ecuador, que cedi\u00f3 la pelota y se atrincher\u00f3 en su terreno, volvi\u00f3 a animarse a partir de los 70 minutos y a los 77 consigui\u00f3 el quinto tanto del duelo, conseguido por Gonzalo Plata tras una gran maniobra de Mena, la figura de la cancha.<\/p>\n<p>Colombia deambulaba y por ello recibi\u00f3 el sexto tanto al minuto 90, de nuevo obra de Arboleda, que celebr\u00f3 bailando con sus compa\u00f1eros, porque tanto \u00e9l como la selecci\u00f3n tricolor dieron un baile inolvidable en la cancha del estadio Rodrigo Paz Delgado, de Quito.<\/p>\n<p>En la quinta jornada de las eliminatorias hacia Catar 2020, el 25 de marzo del pr\u00f3ximo a\u00f1o, Colombia recibir\u00e1 a Brasil y Ecuador visitar\u00e1 a Venezuela. EFE<\/p>\n<p>Un triunfo con categor\u00eda. Efectividad, disciplina, orden, aplicaci\u00f3n fueron las caracter\u00edsticas del triunfo de la selecci\u00f3n de Ecuador sobre Colombia 6-1.Robert Arboleda (2), &nbsp;Xavier Arriaga, \u00c1ngel Mena, Gonzalo Plata y &nbsp;Michael Estrada, &nbsp;descont\u00f3 &nbsp;James Rodr\u00edguez.<\/p>\n<p>2020-11-17 23:17:43<\/p>\n<p>Golazo<\/p>\n","protected":false},"excerpt":{"rendered":"<p>La selecci\u00f3n de Ecuador propini\u00f3 una goleada hist\u00f3rica a su similar de Colombia, 6-1, en el estadio Rodrigo Paz Delgado, en la cuarta jornada de la eliminatoria sudamericana al Mundial Catar 2022, \u00faltimo partido del a\u00f1o de la Tricolor. Colombia jug\u00f3 su peor partido en cuatro d\u00e9cadas y dej\u00f3 tambaleando al entrenador portugu\u00e9s Carlos Queiroz [&hellip;]<\/p>\n","protected":false},"author":1,"featured_media":0,"comment_status":"open","ping_status":"open","sticky":false,"template":"","format":"standard","meta":{"_et_pb_use_builder":"","_et_pb_old_content":"","_et_gb_content_width":"","footnotes":""},"categories":[18],"tags":[37,36,35,34,39,28,23,20,22,24,19,38,21,41,40,3,6,31,25,42,29,30,27,26,33,32],"class_list":["post-5621","post","type-post","status-publish","format-standard","hentry","category-golazo","tag-37","tag-36","tag-35","tag-34","tag-actividad-deportiva","tag-barriales","tag-barrio","tag-chasqui","tag-chasqui-deportivo","tag-deporte","tag-deporte-barrial-ecuatoriano","tag-deportistas","tag-deportivo","tag-deportivos","tag-dirigentcia","tag-dirigentes","tag-ecuador","tag-ecuatorianas","tag-ecuatoriano","tag-ecuatorianos","tag-futbol","tag-futbolistas","tag-ligas","tag-ligas-barriales-ecuador","tag-pais","tag-quito"],"yoast_head":"<!-- This site is optimized with the Yoast SEO plugin v27.4 - https:\/\/yoast.com\/product\/yoast-seo-wordpress\/ -->\n<title>Ecuador un cicl\u00f3n ante Colombia - ChasquiDeportivo<\/title>\n<meta name=\"description\" content=\"Chasqui Deportivo | Informaci\u00f3n y comunicaci\u00f3n, reportajes, noticias, entrevistas en el \u00e1rea del deporte local, nacional.\" \/>\n<meta name=\"robots\" content=\"index, follow, max-snippet:-1, max-image-preview:large, max-video-preview:-1\" \/>\n<link rel=\"canonical\" href=\"https:\/\/chasquideportivo.com\/ecrt\/ecuador-un-ciclon-ante-colombia\/\" \/>\n<meta property=\"og:locale\" content=\"es_ES\" \/>\n<meta property=\"og:type\" content=\"article\" \/>\n<meta property=\"og:title\" content=\"Ecuador un cicl\u00f3n ante Colombia - ChasquiDeportivo\" \/>\n<meta property=\"og:description\" content=\"Chasqui Deportivo | Informaci\u00f3n y comunicaci\u00f3n, reportajes, noticias, entrevistas en el \u00e1rea del deporte local, nacional.\" \/>\n<meta property=\"og:url\" content=\"https:\/\/chasquideportivo.com\/ecrt\/ecuador-un-ciclon-ante-colombia\/\" \/>\n<meta property=\"og:site_name\" content=\"ChasquiDeportivo\" \/>\n<meta property=\"article:publisher\" content=\"https:\/\/www.facebook.com\/chasquideportivo\" \/>\n<meta property=\"article:published_time\" content=\"2021-03-20T17:59:52+00:00\" \/>\n<meta property=\"article:modified_time\" content=\"2021-03-20T19:24:50+00:00\" \/>\n<meta name=\"author\" content=\"kollage\" \/>\n<meta name=\"twitter:card\" content=\"summary_large_image\" \/>\n<meta name=\"twitter:creator\" content=\"@chasquidep\" \/>\n<meta name=\"twitter:site\" content=\"@chasquidep\" \/>\n<meta name=\"twitter:label1\" content=\"Escrito por\" \/>\n\t<meta name=\"twitter:data1\" content=\"kollage\" \/>\n\t<meta name=\"twitter:label2\" content=\"Tiempo de lectura\" \/>\n\t<meta name=\"twitter:data2\" content=\"3 minutos\" \/>\n<script type=\"application\/ld+json\" class=\"yoast-schema-graph\">{\"@context\":\"https:\\\/\\\/schema.org\",\"@graph\":[{\"@type\":\"Article\",\"@id\":\"https:\\\/\\\/chasquideportivo.com\\\/ecrt\\\/ecuador-un-ciclon-ante-colombia\\\/#article\",\"isPartOf\":{\"@id\":\"https:\\\/\\\/chasquideportivo.com\\\/ecrt\\\/ecuador-un-ciclon-ante-colombia\\\/\"},\"author\":{\"name\":\"kollage\",\"@id\":\"https:\\\/\\\/chasquideportivo.com\\\/ecrt\\\/#\\\/schema\\\/person\\\/d9e229fabae4c1e3f82cf66d802ca7b6\"},\"headline\":\"Ecuador un cicl\u00f3n ante Colombia\",\"datePublished\":\"2021-03-20T17:59:52+00:00\",\"dateModified\":\"2021-03-20T19:24:50+00:00\",\"mainEntityOfPage\":{\"@id\":\"https:\\\/\\\/chasquideportivo.com\\\/ecrt\\\/ecuador-un-ciclon-ante-colombia\\\/\"},\"wordCount\":578,\"commentCount\":0,\"publisher\":{\"@id\":\"https:\\\/\\\/chasquideportivo.com\\\/ecrt\\\/#organization\"},\"keywords\":[\"2018\",\"2019\",\"2020\",\"2021\",\"actividad deportiva\",\"barriales\",\"barrio\",\"chasqui\",\"chasqui deportivo\",\"deporte\",\"deporte barrial ecuatoriano\",\"deportistas\",\"deportivo\",\"deportivos\",\"dirigentcia\",\"dirigentes\",\"ecuador\",\"ecuatorianas\",\"ecuatoriano\",\"ecuatorianos\",\"futbol\",\"futbolistas\",\"ligas\",\"ligas barriales ecuador\",\"pa\u00eds\",\"quito\"],\"articleSection\":[\"Golazo\"],\"inLanguage\":\"es\",\"potentialAction\":[{\"@type\":\"CommentAction\",\"name\":\"Comment\",\"target\":[\"https:\\\/\\\/chasquideportivo.com\\\/ecrt\\\/ecuador-un-ciclon-ante-colombia\\\/#respond\"]}]},{\"@type\":\"WebPage\",\"@id\":\"https:\\\/\\\/chasquideportivo.com\\\/ecrt\\\/ecuador-un-ciclon-ante-colombia\\\/\",\"url\":\"https:\\\/\\\/chasquideportivo.com\\\/ecrt\\\/ecuador-un-ciclon-ante-colombia\\\/\",\"name\":\"Ecuador un cicl\u00f3n ante Colombia - ChasquiDeportivo\",\"isPartOf\":{\"@id\":\"https:\\\/\\\/chasquideportivo.com\\\/ecrt\\\/#website\"},\"datePublished\":\"2021-03-20T17:59:52+00:00\",\"dateModified\":\"2021-03-20T19:24:50+00:00\",\"description\":\"Chasqui Deportivo | Informaci\u00f3n y comunicaci\u00f3n, reportajes, noticias, entrevistas en el \u00e1rea del deporte local, nacional.\",\"breadcrumb\":{\"@id\":\"https:\\\/\\\/chasquideportivo.com\\\/ecrt\\\/ecuador-un-ciclon-ante-colombia\\\/#breadcrumb\"},\"inLanguage\":\"es\",\"potentialAction\":[{\"@type\":\"ReadAction\",\"target\":[\"https:\\\/\\\/chasquideportivo.com\\\/ecrt\\\/ecuador-un-ciclon-ante-colombia\\\/\"]}]},{\"@type\":\"BreadcrumbList\",\"@id\":\"https:\\\/\\\/chasquideportivo.com\\\/ecrt\\\/ecuador-un-ciclon-ante-colombia\\\/#breadcrumb\",\"itemListElement\":[{\"@type\":\"ListItem\",\"position\":1,\"name\":\"Portada | Chasqui Deportivo\",\"item\":\"https:\\\/\\\/chasquideportivo.com\\\/ecrt\\\/\"},{\"@type\":\"ListItem\",\"position\":2,\"name\":\"Archivo\",\"item\":\"https:\\\/\\\/chasquideportivo.com\\\/ecrt\\\/category\\\/archivo\\\/\"},{\"@type\":\"ListItem\",\"position\":3,\"name\":\"Golazo\",\"item\":\"https:\\\/\\\/chasquideportivo.com\\\/ecrt\\\/category\\\/archivo\\\/golazo\\\/\"},{\"@type\":\"ListItem\",\"position\":4,\"name\":\"Ecuador un cicl\u00f3n ante Colombia\"}]},{\"@type\":\"WebSite\",\"@id\":\"https:\\\/\\\/chasquideportivo.com\\\/ecrt\\\/#website\",\"url\":\"https:\\\/\\\/chasquideportivo.com\\\/ecrt\\\/\",\"name\":\"ChasquiDeportivo\",\"description\":\"Informaci&oacute;n y comunicaci&oacute;n, reportajes, noticias, entrevistas en el &aacute;rea del deporte local, nacional.\",\"publisher\":{\"@id\":\"https:\\\/\\\/chasquideportivo.com\\\/ecrt\\\/#organization\"},\"potentialAction\":[{\"@type\":\"SearchAction\",\"target\":{\"@type\":\"EntryPoint\",\"urlTemplate\":\"https:\\\/\\\/chasquideportivo.com\\\/ecrt\\\/?s={search_term_string}\"},\"query-input\":{\"@type\":\"PropertyValueSpecification\",\"valueRequired\":true,\"valueName\":\"search_term_string\"}}],\"inLanguage\":\"es\"},{\"@type\":\"Organization\",\"@id\":\"https:\\\/\\\/chasquideportivo.com\\\/ecrt\\\/#organization\",\"name\":\"Chasqui Deportivo\",\"url\":\"https:\\\/\\\/chasquideportivo.com\\\/ecrt\\\/\",\"logo\":{\"@type\":\"ImageObject\",\"inLanguage\":\"es\",\"@id\":\"https:\\\/\\\/chasquideportivo.com\\\/ecrt\\\/#\\\/schema\\\/logo\\\/image\\\/\",\"url\":\"https:\\\/\\\/chasquideportivo.com\\\/ecrt\\\/wp-content\\\/uploads\\\/2022\\\/01\\\/logo-vertical.jpg\",\"contentUrl\":\"https:\\\/\\\/chasquideportivo.com\\\/ecrt\\\/wp-content\\\/uploads\\\/2022\\\/01\\\/logo-vertical.jpg\",\"width\":612,\"height\":750,\"caption\":\"Chasqui Deportivo\"},\"image\":{\"@id\":\"https:\\\/\\\/chasquideportivo.com\\\/ecrt\\\/#\\\/schema\\\/logo\\\/image\\\/\"},\"sameAs\":[\"https:\\\/\\\/www.facebook.com\\\/chasquideportivo\",\"https:\\\/\\\/x.com\\\/chasquidep\",\"https:\\\/\\\/www.instagram.com\\\/chasquideportivo.ec\",\"https:\\\/\\\/www.youtube.com\\\/channel\\\/UCGY8M-csHuxJuGRt4XrV90Q\"]},{\"@type\":\"Person\",\"@id\":\"https:\\\/\\\/chasquideportivo.com\\\/ecrt\\\/#\\\/schema\\\/person\\\/d9e229fabae4c1e3f82cf66d802ca7b6\",\"name\":\"kollage\",\"image\":{\"@type\":\"ImageObject\",\"inLanguage\":\"es\",\"@id\":\"https:\\\/\\\/secure.gravatar.com\\\/avatar\\\/69b5388bf21dfca5434ca100f351036f1fbff72ba519ef8157b31bcc7fbfbb18?s=96&d=mm&r=g\",\"url\":\"https:\\\/\\\/secure.gravatar.com\\\/avatar\\\/69b5388bf21dfca5434ca100f351036f1fbff72ba519ef8157b31bcc7fbfbb18?s=96&d=mm&r=g\",\"contentUrl\":\"https:\\\/\\\/secure.gravatar.com\\\/avatar\\\/69b5388bf21dfca5434ca100f351036f1fbff72ba519ef8157b31bcc7fbfbb18?s=96&d=mm&r=g\",\"caption\":\"kollage\"},\"sameAs\":[\"https:\\\/\\\/chasquideportivo.com\\\/ecrt\"],\"url\":\"https:\\\/\\\/chasquideportivo.com\\\/ecrt\\\/author\\\/kollage\\\/\"}]}<\/script>\n<!-- \/ Yoast SEO plugin. -->","yoast_head_json":{"title":"Ecuador un cicl\u00f3n ante Colombia - ChasquiDeportivo","description":"Chasqui Deportivo | Informaci\u00f3n y comunicaci\u00f3n, reportajes, noticias, entrevistas en el \u00e1rea del deporte local, nacional.","robots":{"index":"index","follow":"follow","max-snippet":"max-snippet:-1","max-image-preview":"max-image-preview:large","max-video-preview":"max-video-preview:-1"},"canonical":"https:\/\/chasquideportivo.com\/ecrt\/ecuador-un-ciclon-ante-colombia\/","og_locale":"es_ES","og_type":"article","og_title":"Ecuador un cicl\u00f3n ante Colombia - ChasquiDeportivo","og_description":"Chasqui Deportivo | Informaci\u00f3n y comunicaci\u00f3n, reportajes, noticias, entrevistas en el \u00e1rea del deporte local, nacional.","og_url":"https:\/\/chasquideportivo.com\/ecrt\/ecuador-un-ciclon-ante-colombia\/","og_site_name":"ChasquiDeportivo","article_publisher":"https:\/\/www.facebook.com\/chasquideportivo","article_published_time":"2021-03-20T17:59:52+00:00","article_modified_time":"2021-03-20T19:24:50+00:00","author":"kollage","twitter_card":"summary_large_image","twitter_creator":"@chasquidep","twitter_site":"@chasquidep","twitter_misc":{"Escrito por":"kollage","Tiempo de lectura":"3 minutos"},"schema":{"@context":"https:\/\/schema.org","@graph":[{"@type":"Article","@id":"https:\/\/chasquideportivo.com\/ecrt\/ecuador-un-ciclon-ante-colombia\/#article","isPartOf":{"@id":"https:\/\/chasquideportivo.com\/ecrt\/ecuador-un-ciclon-ante-colombia\/"},"author":{"name":"kollage","@id":"https:\/\/chasquideportivo.com\/ecrt\/#\/schema\/person\/d9e229fabae4c1e3f82cf66d802ca7b6"},"headline":"Ecuador un cicl\u00f3n ante Colombia","datePublished":"2021-03-20T17:59:52+00:00","dateModified":"2021-03-20T19:24:50+00:00","mainEntityOfPage":{"@id":"https:\/\/chasquideportivo.com\/ecrt\/ecuador-un-ciclon-ante-colombia\/"},"wordCount":578,"commentCount":0,"publisher":{"@id":"https:\/\/chasquideportivo.com\/ecrt\/#organization"},"keywords":["2018","2019","2020","2021","actividad deportiva","barriales","barrio","chasqui","chasqui deportivo","deporte","deporte barrial ecuatoriano","deportistas","deportivo","deportivos","dirigentcia","dirigentes","ecuador","ecuatorianas","ecuatoriano","ecuatorianos","futbol","futbolistas","ligas","ligas barriales ecuador","pa\u00eds","quito"],"articleSection":["Golazo"],"inLanguage":"es","potentialAction":[{"@type":"CommentAction","name":"Comment","target":["https:\/\/chasquideportivo.com\/ecrt\/ecuador-un-ciclon-ante-colombia\/#respond"]}]},{"@type":"WebPage","@id":"https:\/\/chasquideportivo.com\/ecrt\/ecuador-un-ciclon-ante-colombia\/","url":"https:\/\/chasquideportivo.com\/ecrt\/ecuador-un-ciclon-ante-colombia\/","name":"Ecuador un cicl\u00f3n ante Colombia - ChasquiDeportivo","isPartOf":{"@id":"https:\/\/chasquideportivo.com\/ecrt\/#website"},"datePublished":"2021-03-20T17:59:52+00:00","dateModified":"2021-03-20T19:24:50+00:00","description":"Chasqui Deportivo | Informaci\u00f3n y comunicaci\u00f3n, reportajes, noticias, entrevistas en el \u00e1rea del deporte local, nacional.","breadcrumb":{"@id":"https:\/\/chasquideportivo.com\/ecrt\/ecuador-un-ciclon-ante-colombia\/#breadcrumb"},"inLanguage":"es","potentialAction":[{"@type":"ReadAction","target":["https:\/\/chasquideportivo.com\/ecrt\/ecuador-un-ciclon-ante-colombia\/"]}]},{"@type":"BreadcrumbList","@id":"https:\/\/chasquideportivo.com\/ecrt\/ecuador-un-ciclon-ante-colombia\/#breadcrumb","itemListElement":[{"@type":"ListItem","position":1,"name":"Portada | Chasqui Deportivo","item":"https:\/\/chasquideportivo.com\/ecrt\/"},{"@type":"ListItem","position":2,"name":"Archivo","item":"https:\/\/chasquideportivo.com\/ecrt\/category\/archivo\/"},{"@type":"ListItem","position":3,"name":"Golazo","item":"https:\/\/chasquideportivo.com\/ecrt\/category\/archivo\/golazo\/"},{"@type":"ListItem","position":4,"name":"Ecuador un cicl\u00f3n ante Colombia"}]},{"@type":"WebSite","@id":"https:\/\/chasquideportivo.com\/ecrt\/#website","url":"https:\/\/chasquideportivo.com\/ecrt\/","name":"ChasquiDeportivo","description":"Informaci&oacute;n y comunicaci&oacute;n, reportajes, noticias, entrevistas en el &aacute;rea del deporte local, nacional.","publisher":{"@id":"https:\/\/chasquideportivo.com\/ecrt\/#organization"},"potentialAction":[{"@type":"SearchAction","target":{"@type":"EntryPoint","urlTemplate":"https:\/\/chasquideportivo.com\/ecrt\/?s={search_term_string}"},"query-input":{"@type":"PropertyValueSpecification","valueRequired":true,"valueName":"search_term_string"}}],"inLanguage":"es"},{"@type":"Organization","@id":"https:\/\/chasquideportivo.com\/ecrt\/#organization","name":"Chasqui Deportivo","url":"https:\/\/chasquideportivo.com\/ecrt\/","logo":{"@type":"ImageObject","inLanguage":"es","@id":"https:\/\/chasquideportivo.com\/ecrt\/#\/schema\/logo\/image\/","url":"https:\/\/chasquideportivo.com\/ecrt\/wp-content\/uploads\/2022\/01\/logo-vertical.jpg","contentUrl":"https:\/\/chasquideportivo.com\/ecrt\/wp-content\/uploads\/2022\/01\/logo-vertical.jpg","width":612,"height":750,"caption":"Chasqui Deportivo"},"image":{"@id":"https:\/\/chasquideportivo.com\/ecrt\/#\/schema\/logo\/image\/"},"sameAs":["https:\/\/www.facebook.com\/chasquideportivo","https:\/\/x.com\/chasquidep","https:\/\/www.instagram.com\/chasquideportivo.ec","https:\/\/www.youtube.com\/channel\/UCGY8M-csHuxJuGRt4XrV90Q"]},{"@type":"Person","@id":"https:\/\/chasquideportivo.com\/ecrt\/#\/schema\/person\/d9e229fabae4c1e3f82cf66d802ca7b6","name":"kollage","image":{"@type":"ImageObject","inLanguage":"es","@id":"https:\/\/secure.gravatar.com\/avatar\/69b5388bf21dfca5434ca100f351036f1fbff72ba519ef8157b31bcc7fbfbb18?s=96&d=mm&r=g","url":"https:\/\/secure.gravatar.com\/avatar\/69b5388bf21dfca5434ca100f351036f1fbff72ba519ef8157b31bcc7fbfbb18?s=96&d=mm&r=g","contentUrl":"https:\/\/secure.gravatar.com\/avatar\/69b5388bf21dfca5434ca100f351036f1fbff72ba519ef8157b31bcc7fbfbb18?s=96&d=mm&r=g","caption":"kollage"},"sameAs":["https:\/\/chasquideportivo.com\/ecrt"],"url":"https:\/\/chasquideportivo.com\/ecrt\/author\/kollage\/"}]}},"_links":{"self":[{"href":"https:\/\/chasquideportivo.com\/ecrt\/wp-json\/wp\/v2\/posts\/5621","targetHints":{"allow":["GET"]}}],"collection":[{"href":"https:\/\/chasquideportivo.com\/ecrt\/wp-json\/wp\/v2\/posts"}],"about":[{"href":"https:\/\/chasquideportivo.com\/ecrt\/wp-json\/wp\/v2\/types\/post"}],"author":[{"embeddable":true,"href":"https:\/\/chasquideportivo.com\/ecrt\/wp-json\/wp\/v2\/users\/1"}],"replies":[{"embeddable":true,"href":"https:\/\/chasquideportivo.com\/ecrt\/wp-json\/wp\/v2\/comments?post=5621"}],"version-history":[{"count":1,"href":"https:\/\/chasquideportivo.com\/ecrt\/wp-json\/wp\/v2\/posts\/5621\/revisions"}],"predecessor-version":[{"id":6271,"href":"https:\/\/chasquideportivo.com\/ecrt\/wp-json\/wp\/v2\/posts\/5621\/revisions\/6271"}],"wp:attachment":[{"href":"https:\/\/chasquideportivo.com\/ecrt\/wp-json\/wp\/v2\/media?parent=5621"}],"wp:term":[{"taxonomy":"category","embeddable":true,"href":"https:\/\/chasquideportivo.com\/ecrt\/wp-json\/wp\/v2\/categories?post=5621"},{"taxonomy":"post_tag","embeddable":true,"href":"https:\/\/chasquideportivo.com\/ecrt\/wp-json\/wp\/v2\/tags?post=5621"}],"curies":[{"name":"wp","href":"https:\/\/api.w.org\/{rel}","templated":true}]}}