{"id":5581,"date":"2021-03-20T17:59:48","date_gmt":"2021-03-20T17:59:48","guid":{"rendered":"https:\/\/chasquideportivo.com\/ecrt\/2021\/03\/20\/equipos-ecuatorianos-se-reactivan\/"},"modified":"2021-03-20T19:24:56","modified_gmt":"2021-03-20T19:24:56","slug":"equipos-ecuatorianos-se-reactivan","status":"publish","type":"post","link":"https:\/\/chasquideportivo.com\/ecrt\/equipos-ecuatorianos-se-reactivan\/","title":{"rendered":"Equipos ecuatorianos se reactivan"},"content":{"rendered":"<p>Bienvenido Ely Esterilla al Deportivo Cuenca, anunci\u00f3 en redes sociales la presencia del nuevo jugador para el equipo colorado, as\u00ed se refuerza para la segunda etapa del f\u00fatbol ecuatoriano. Luego de un breve descanso los dem\u00e1s equipos retornaron a los entrenamientos.<\/p>\n<p>Barcelona de Guayaquil tambi\u00e9n se reencontr\u00f3 con la actividad f\u00edsica y t\u00e9cnica, el cumplimiento del protocolo de bioseguridad fue parte de este programa para establecer el estado de salud de la plantilla, el mismo ejemplo siguieron los dem\u00e1s planteles.<\/p>\n<p>Aucas en estos d\u00edas tuvo un cotejo amistoso con la selecci\u00f3n sub 20 de Ecuador cumpliendo con el plan de actividades establecido por el cuerpo t\u00e9cnico. &nbsp;&nbsp;<\/p>\n<\/p>\n<p>Los equipos ecuatorianos contin\u00faan su preparaci\u00f3n para la segunda etapa de la Liga Pro. Este tiempo aprovecharon para realizar el control y las pruebas PCR. El deportivo Cuenca confirm\u00f3 la contrataci\u00f3n de Ely Esterilla.<\/p>\n<p>2020-10-12 15:07:41<\/p>\n<p>Golazo<\/p>\n","protected":false},"excerpt":{"rendered":"<p>Bienvenido Ely Esterilla al Deportivo Cuenca, anunci\u00f3 en redes sociales la presencia del nuevo jugador para el equipo colorado, as\u00ed se refuerza para la segunda etapa del f\u00fatbol ecuatoriano. Luego de un breve descanso los dem\u00e1s equipos retornaron a los entrenamientos. Barcelona de Guayaquil tambi\u00e9n se reencontr\u00f3 con la actividad f\u00edsica y t\u00e9cnica, el cumplimiento [&hellip;]<\/p>\n","protected":false},"author":1,"featured_media":0,"comment_status":"open","ping_status":"open","sticky":false,"template":"","format":"standard","meta":{"_et_pb_use_builder":"","_et_pb_old_content":"","_et_gb_content_width":"","footnotes":""},"categories":[18],"tags":[37,36,35,34,39,28,23,20,22,24,19,38,21,41,40,3,6,31,25,42,29,30,27,26,33,32],"class_list":["post-5581","post","type-post","status-publish","format-standard","hentry","category-golazo","tag-37","tag-36","tag-35","tag-34","tag-actividad-deportiva","tag-barriales","tag-barrio","tag-chasqui","tag-chasqui-deportivo","tag-deporte","tag-deporte-barrial-ecuatoriano","tag-deportistas","tag-deportivo","tag-deportivos","tag-dirigentcia","tag-dirigentes","tag-ecuador","tag-ecuatorianas","tag-ecuatoriano","tag-ecuatorianos","tag-futbol","tag-futbolistas","tag-ligas","tag-ligas-barriales-ecuador","tag-pais","tag-quito"],"yoast_head":"<!-- This site is optimized with the Yoast SEO plugin v27.4 - https:\/\/yoast.com\/product\/yoast-seo-wordpress\/ -->\n<title>Equipos ecuatorianos se reactivan - ChasquiDeportivo<\/title>\n<meta name=\"description\" content=\"Chasqui Deportivo | Informaci\u00f3n y comunicaci\u00f3n, reportajes, noticias, entrevistas en el \u00e1rea del deporte local, nacional.\" \/>\n<meta name=\"robots\" content=\"index, follow, max-snippet:-1, max-image-preview:large, max-video-preview:-1\" \/>\n<link rel=\"canonical\" href=\"https:\/\/chasquideportivo.com\/ecrt\/equipos-ecuatorianos-se-reactivan\/\" \/>\n<meta property=\"og:locale\" content=\"es_ES\" \/>\n<meta property=\"og:type\" content=\"article\" \/>\n<meta property=\"og:title\" content=\"Equipos ecuatorianos se reactivan - ChasquiDeportivo\" \/>\n<meta property=\"og:description\" content=\"Chasqui Deportivo | Informaci\u00f3n y comunicaci\u00f3n, reportajes, noticias, entrevistas en el \u00e1rea del deporte local, nacional.\" \/>\n<meta property=\"og:url\" content=\"https:\/\/chasquideportivo.com\/ecrt\/equipos-ecuatorianos-se-reactivan\/\" \/>\n<meta property=\"og:site_name\" content=\"ChasquiDeportivo\" \/>\n<meta property=\"article:publisher\" content=\"https:\/\/www.facebook.com\/chasquideportivo\" \/>\n<meta property=\"article:published_time\" content=\"2021-03-20T17:59:48+00:00\" \/>\n<meta property=\"article:modified_time\" content=\"2021-03-20T19:24:56+00:00\" \/>\n<meta name=\"author\" content=\"kollage\" \/>\n<meta name=\"twitter:card\" content=\"summary_large_image\" \/>\n<meta name=\"twitter:creator\" content=\"@chasquidep\" \/>\n<meta name=\"twitter:site\" content=\"@chasquidep\" \/>\n<meta name=\"twitter:label1\" content=\"Escrito por\" \/>\n\t<meta name=\"twitter:data1\" content=\"kollage\" \/>\n\t<meta name=\"twitter:label2\" content=\"Tiempo de lectura\" \/>\n\t<meta name=\"twitter:data2\" content=\"1 minuto\" \/>\n<script type=\"application\/ld+json\" class=\"yoast-schema-graph\">{\"@context\":\"https:\\\/\\\/schema.org\",\"@graph\":[{\"@type\":\"Article\",\"@id\":\"https:\\\/\\\/chasquideportivo.com\\\/ecrt\\\/equipos-ecuatorianos-se-reactivan\\\/#article\",\"isPartOf\":{\"@id\":\"https:\\\/\\\/chasquideportivo.com\\\/ecrt\\\/equipos-ecuatorianos-se-reactivan\\\/\"},\"author\":{\"name\":\"kollage\",\"@id\":\"https:\\\/\\\/chasquideportivo.com\\\/ecrt\\\/#\\\/schema\\\/person\\\/d9e229fabae4c1e3f82cf66d802ca7b6\"},\"headline\":\"Equipos ecuatorianos se reactivan\",\"datePublished\":\"2021-03-20T17:59:48+00:00\",\"dateModified\":\"2021-03-20T19:24:56+00:00\",\"mainEntityOfPage\":{\"@id\":\"https:\\\/\\\/chasquideportivo.com\\\/ecrt\\\/equipos-ecuatorianos-se-reactivan\\\/\"},\"wordCount\":160,\"commentCount\":0,\"publisher\":{\"@id\":\"https:\\\/\\\/chasquideportivo.com\\\/ecrt\\\/#organization\"},\"keywords\":[\"2018\",\"2019\",\"2020\",\"2021\",\"actividad deportiva\",\"barriales\",\"barrio\",\"chasqui\",\"chasqui deportivo\",\"deporte\",\"deporte barrial ecuatoriano\",\"deportistas\",\"deportivo\",\"deportivos\",\"dirigentcia\",\"dirigentes\",\"ecuador\",\"ecuatorianas\",\"ecuatoriano\",\"ecuatorianos\",\"futbol\",\"futbolistas\",\"ligas\",\"ligas barriales ecuador\",\"pa\u00eds\",\"quito\"],\"articleSection\":[\"Golazo\"],\"inLanguage\":\"es\",\"potentialAction\":[{\"@type\":\"CommentAction\",\"name\":\"Comment\",\"target\":[\"https:\\\/\\\/chasquideportivo.com\\\/ecrt\\\/equipos-ecuatorianos-se-reactivan\\\/#respond\"]}]},{\"@type\":\"WebPage\",\"@id\":\"https:\\\/\\\/chasquideportivo.com\\\/ecrt\\\/equipos-ecuatorianos-se-reactivan\\\/\",\"url\":\"https:\\\/\\\/chasquideportivo.com\\\/ecrt\\\/equipos-ecuatorianos-se-reactivan\\\/\",\"name\":\"Equipos ecuatorianos se reactivan - ChasquiDeportivo\",\"isPartOf\":{\"@id\":\"https:\\\/\\\/chasquideportivo.com\\\/ecrt\\\/#website\"},\"datePublished\":\"2021-03-20T17:59:48+00:00\",\"dateModified\":\"2021-03-20T19:24:56+00:00\",\"description\":\"Chasqui Deportivo | Informaci\u00f3n y comunicaci\u00f3n, reportajes, noticias, entrevistas en el \u00e1rea del deporte local, nacional.\",\"breadcrumb\":{\"@id\":\"https:\\\/\\\/chasquideportivo.com\\\/ecrt\\\/equipos-ecuatorianos-se-reactivan\\\/#breadcrumb\"},\"inLanguage\":\"es\",\"potentialAction\":[{\"@type\":\"ReadAction\",\"target\":[\"https:\\\/\\\/chasquideportivo.com\\\/ecrt\\\/equipos-ecuatorianos-se-reactivan\\\/\"]}]},{\"@type\":\"BreadcrumbList\",\"@id\":\"https:\\\/\\\/chasquideportivo.com\\\/ecrt\\\/equipos-ecuatorianos-se-reactivan\\\/#breadcrumb\",\"itemListElement\":[{\"@type\":\"ListItem\",\"position\":1,\"name\":\"Portada | Chasqui Deportivo\",\"item\":\"https:\\\/\\\/chasquideportivo.com\\\/ecrt\\\/\"},{\"@type\":\"ListItem\",\"position\":2,\"name\":\"Archivo\",\"item\":\"https:\\\/\\\/chasquideportivo.com\\\/ecrt\\\/category\\\/archivo\\\/\"},{\"@type\":\"ListItem\",\"position\":3,\"name\":\"Golazo\",\"item\":\"https:\\\/\\\/chasquideportivo.com\\\/ecrt\\\/category\\\/archivo\\\/golazo\\\/\"},{\"@type\":\"ListItem\",\"position\":4,\"name\":\"Equipos ecuatorianos se reactivan\"}]},{\"@type\":\"WebSite\",\"@id\":\"https:\\\/\\\/chasquideportivo.com\\\/ecrt\\\/#website\",\"url\":\"https:\\\/\\\/chasquideportivo.com\\\/ecrt\\\/\",\"name\":\"ChasquiDeportivo\",\"description\":\"Informaci&oacute;n y comunicaci&oacute;n, reportajes, noticias, entrevistas en el &aacute;rea del deporte local, nacional.\",\"publisher\":{\"@id\":\"https:\\\/\\\/chasquideportivo.com\\\/ecrt\\\/#organization\"},\"potentialAction\":[{\"@type\":\"SearchAction\",\"target\":{\"@type\":\"EntryPoint\",\"urlTemplate\":\"https:\\\/\\\/chasquideportivo.com\\\/ecrt\\\/?s={search_term_string}\"},\"query-input\":{\"@type\":\"PropertyValueSpecification\",\"valueRequired\":true,\"valueName\":\"search_term_string\"}}],\"inLanguage\":\"es\"},{\"@type\":\"Organization\",\"@id\":\"https:\\\/\\\/chasquideportivo.com\\\/ecrt\\\/#organization\",\"name\":\"Chasqui Deportivo\",\"url\":\"https:\\\/\\\/chasquideportivo.com\\\/ecrt\\\/\",\"logo\":{\"@type\":\"ImageObject\",\"inLanguage\":\"es\",\"@id\":\"https:\\\/\\\/chasquideportivo.com\\\/ecrt\\\/#\\\/schema\\\/logo\\\/image\\\/\",\"url\":\"https:\\\/\\\/chasquideportivo.com\\\/ecrt\\\/wp-content\\\/uploads\\\/2022\\\/01\\\/logo-vertical.jpg\",\"contentUrl\":\"https:\\\/\\\/chasquideportivo.com\\\/ecrt\\\/wp-content\\\/uploads\\\/2022\\\/01\\\/logo-vertical.jpg\",\"width\":612,\"height\":750,\"caption\":\"Chasqui Deportivo\"},\"image\":{\"@id\":\"https:\\\/\\\/chasquideportivo.com\\\/ecrt\\\/#\\\/schema\\\/logo\\\/image\\\/\"},\"sameAs\":[\"https:\\\/\\\/www.facebook.com\\\/chasquideportivo\",\"https:\\\/\\\/x.com\\\/chasquidep\",\"https:\\\/\\\/www.instagram.com\\\/chasquideportivo.ec\",\"https:\\\/\\\/www.youtube.com\\\/channel\\\/UCGY8M-csHuxJuGRt4XrV90Q\"]},{\"@type\":\"Person\",\"@id\":\"https:\\\/\\\/chasquideportivo.com\\\/ecrt\\\/#\\\/schema\\\/person\\\/d9e229fabae4c1e3f82cf66d802ca7b6\",\"name\":\"kollage\",\"image\":{\"@type\":\"ImageObject\",\"inLanguage\":\"es\",\"@id\":\"https:\\\/\\\/secure.gravatar.com\\\/avatar\\\/69b5388bf21dfca5434ca100f351036f1fbff72ba519ef8157b31bcc7fbfbb18?s=96&d=mm&r=g\",\"url\":\"https:\\\/\\\/secure.gravatar.com\\\/avatar\\\/69b5388bf21dfca5434ca100f351036f1fbff72ba519ef8157b31bcc7fbfbb18?s=96&d=mm&r=g\",\"contentUrl\":\"https:\\\/\\\/secure.gravatar.com\\\/avatar\\\/69b5388bf21dfca5434ca100f351036f1fbff72ba519ef8157b31bcc7fbfbb18?s=96&d=mm&r=g\",\"caption\":\"kollage\"},\"sameAs\":[\"https:\\\/\\\/chasquideportivo.com\\\/ecrt\"],\"url\":\"https:\\\/\\\/chasquideportivo.com\\\/ecrt\\\/author\\\/kollage\\\/\"}]}<\/script>\n<!-- \/ Yoast SEO plugin. -->","yoast_head_json":{"title":"Equipos ecuatorianos se reactivan - ChasquiDeportivo","description":"Chasqui Deportivo | Informaci\u00f3n y comunicaci\u00f3n, reportajes, noticias, entrevistas en el \u00e1rea del deporte local, nacional.","robots":{"index":"index","follow":"follow","max-snippet":"max-snippet:-1","max-image-preview":"max-image-preview:large","max-video-preview":"max-video-preview:-1"},"canonical":"https:\/\/chasquideportivo.com\/ecrt\/equipos-ecuatorianos-se-reactivan\/","og_locale":"es_ES","og_type":"article","og_title":"Equipos ecuatorianos se reactivan - ChasquiDeportivo","og_description":"Chasqui Deportivo | Informaci\u00f3n y comunicaci\u00f3n, reportajes, noticias, entrevistas en el \u00e1rea del deporte local, nacional.","og_url":"https:\/\/chasquideportivo.com\/ecrt\/equipos-ecuatorianos-se-reactivan\/","og_site_name":"ChasquiDeportivo","article_publisher":"https:\/\/www.facebook.com\/chasquideportivo","article_published_time":"2021-03-20T17:59:48+00:00","article_modified_time":"2021-03-20T19:24:56+00:00","author":"kollage","twitter_card":"summary_large_image","twitter_creator":"@chasquidep","twitter_site":"@chasquidep","twitter_misc":{"Escrito por":"kollage","Tiempo de lectura":"1 minuto"},"schema":{"@context":"https:\/\/schema.org","@graph":[{"@type":"Article","@id":"https:\/\/chasquideportivo.com\/ecrt\/equipos-ecuatorianos-se-reactivan\/#article","isPartOf":{"@id":"https:\/\/chasquideportivo.com\/ecrt\/equipos-ecuatorianos-se-reactivan\/"},"author":{"name":"kollage","@id":"https:\/\/chasquideportivo.com\/ecrt\/#\/schema\/person\/d9e229fabae4c1e3f82cf66d802ca7b6"},"headline":"Equipos ecuatorianos se reactivan","datePublished":"2021-03-20T17:59:48+00:00","dateModified":"2021-03-20T19:24:56+00:00","mainEntityOfPage":{"@id":"https:\/\/chasquideportivo.com\/ecrt\/equipos-ecuatorianos-se-reactivan\/"},"wordCount":160,"commentCount":0,"publisher":{"@id":"https:\/\/chasquideportivo.com\/ecrt\/#organization"},"keywords":["2018","2019","2020","2021","actividad deportiva","barriales","barrio","chasqui","chasqui deportivo","deporte","deporte barrial ecuatoriano","deportistas","deportivo","deportivos","dirigentcia","dirigentes","ecuador","ecuatorianas","ecuatoriano","ecuatorianos","futbol","futbolistas","ligas","ligas barriales ecuador","pa\u00eds","quito"],"articleSection":["Golazo"],"inLanguage":"es","potentialAction":[{"@type":"CommentAction","name":"Comment","target":["https:\/\/chasquideportivo.com\/ecrt\/equipos-ecuatorianos-se-reactivan\/#respond"]}]},{"@type":"WebPage","@id":"https:\/\/chasquideportivo.com\/ecrt\/equipos-ecuatorianos-se-reactivan\/","url":"https:\/\/chasquideportivo.com\/ecrt\/equipos-ecuatorianos-se-reactivan\/","name":"Equipos ecuatorianos se reactivan - ChasquiDeportivo","isPartOf":{"@id":"https:\/\/chasquideportivo.com\/ecrt\/#website"},"datePublished":"2021-03-20T17:59:48+00:00","dateModified":"2021-03-20T19:24:56+00:00","description":"Chasqui Deportivo | Informaci\u00f3n y comunicaci\u00f3n, reportajes, noticias, entrevistas en el \u00e1rea del deporte local, nacional.","breadcrumb":{"@id":"https:\/\/chasquideportivo.com\/ecrt\/equipos-ecuatorianos-se-reactivan\/#breadcrumb"},"inLanguage":"es","potentialAction":[{"@type":"ReadAction","target":["https:\/\/chasquideportivo.com\/ecrt\/equipos-ecuatorianos-se-reactivan\/"]}]},{"@type":"BreadcrumbList","@id":"https:\/\/chasquideportivo.com\/ecrt\/equipos-ecuatorianos-se-reactivan\/#breadcrumb","itemListElement":[{"@type":"ListItem","position":1,"name":"Portada | Chasqui Deportivo","item":"https:\/\/chasquideportivo.com\/ecrt\/"},{"@type":"ListItem","position":2,"name":"Archivo","item":"https:\/\/chasquideportivo.com\/ecrt\/category\/archivo\/"},{"@type":"ListItem","position":3,"name":"Golazo","item":"https:\/\/chasquideportivo.com\/ecrt\/category\/archivo\/golazo\/"},{"@type":"ListItem","position":4,"name":"Equipos ecuatorianos se reactivan"}]},{"@type":"WebSite","@id":"https:\/\/chasquideportivo.com\/ecrt\/#website","url":"https:\/\/chasquideportivo.com\/ecrt\/","name":"ChasquiDeportivo","description":"Informaci&oacute;n y comunicaci&oacute;n, reportajes, noticias, entrevistas en el &aacute;rea del deporte local, nacional.","publisher":{"@id":"https:\/\/chasquideportivo.com\/ecrt\/#organization"},"potentialAction":[{"@type":"SearchAction","target":{"@type":"EntryPoint","urlTemplate":"https:\/\/chasquideportivo.com\/ecrt\/?s={search_term_string}"},"query-input":{"@type":"PropertyValueSpecification","valueRequired":true,"valueName":"search_term_string"}}],"inLanguage":"es"},{"@type":"Organization","@id":"https:\/\/chasquideportivo.com\/ecrt\/#organization","name":"Chasqui Deportivo","url":"https:\/\/chasquideportivo.com\/ecrt\/","logo":{"@type":"ImageObject","inLanguage":"es","@id":"https:\/\/chasquideportivo.com\/ecrt\/#\/schema\/logo\/image\/","url":"https:\/\/chasquideportivo.com\/ecrt\/wp-content\/uploads\/2022\/01\/logo-vertical.jpg","contentUrl":"https:\/\/chasquideportivo.com\/ecrt\/wp-content\/uploads\/2022\/01\/logo-vertical.jpg","width":612,"height":750,"caption":"Chasqui Deportivo"},"image":{"@id":"https:\/\/chasquideportivo.com\/ecrt\/#\/schema\/logo\/image\/"},"sameAs":["https:\/\/www.facebook.com\/chasquideportivo","https:\/\/x.com\/chasquidep","https:\/\/www.instagram.com\/chasquideportivo.ec","https:\/\/www.youtube.com\/channel\/UCGY8M-csHuxJuGRt4XrV90Q"]},{"@type":"Person","@id":"https:\/\/chasquideportivo.com\/ecrt\/#\/schema\/person\/d9e229fabae4c1e3f82cf66d802ca7b6","name":"kollage","image":{"@type":"ImageObject","inLanguage":"es","@id":"https:\/\/secure.gravatar.com\/avatar\/69b5388bf21dfca5434ca100f351036f1fbff72ba519ef8157b31bcc7fbfbb18?s=96&d=mm&r=g","url":"https:\/\/secure.gravatar.com\/avatar\/69b5388bf21dfca5434ca100f351036f1fbff72ba519ef8157b31bcc7fbfbb18?s=96&d=mm&r=g","contentUrl":"https:\/\/secure.gravatar.com\/avatar\/69b5388bf21dfca5434ca100f351036f1fbff72ba519ef8157b31bcc7fbfbb18?s=96&d=mm&r=g","caption":"kollage"},"sameAs":["https:\/\/chasquideportivo.com\/ecrt"],"url":"https:\/\/chasquideportivo.com\/ecrt\/author\/kollage\/"}]}},"_links":{"self":[{"href":"https:\/\/chasquideportivo.com\/ecrt\/wp-json\/wp\/v2\/posts\/5581","targetHints":{"allow":["GET"]}}],"collection":[{"href":"https:\/\/chasquideportivo.com\/ecrt\/wp-json\/wp\/v2\/posts"}],"about":[{"href":"https:\/\/chasquideportivo.com\/ecrt\/wp-json\/wp\/v2\/types\/post"}],"author":[{"embeddable":true,"href":"https:\/\/chasquideportivo.com\/ecrt\/wp-json\/wp\/v2\/users\/1"}],"replies":[{"embeddable":true,"href":"https:\/\/chasquideportivo.com\/ecrt\/wp-json\/wp\/v2\/comments?post=5581"}],"version-history":[{"count":1,"href":"https:\/\/chasquideportivo.com\/ecrt\/wp-json\/wp\/v2\/posts\/5581\/revisions"}],"predecessor-version":[{"id":6304,"href":"https:\/\/chasquideportivo.com\/ecrt\/wp-json\/wp\/v2\/posts\/5581\/revisions\/6304"}],"wp:attachment":[{"href":"https:\/\/chasquideportivo.com\/ecrt\/wp-json\/wp\/v2\/media?parent=5581"}],"wp:term":[{"taxonomy":"category","embeddable":true,"href":"https:\/\/chasquideportivo.com\/ecrt\/wp-json\/wp\/v2\/categories?post=5581"},{"taxonomy":"post_tag","embeddable":true,"href":"https:\/\/chasquideportivo.com\/ecrt\/wp-json\/wp\/v2\/tags?post=5581"}],"curies":[{"name":"wp","href":"https:\/\/api.w.org\/{rel}","templated":true}]}}