{"id":5553,"date":"2021-03-20T17:59:46","date_gmt":"2021-03-20T17:59:46","guid":{"rendered":"https:\/\/chasquideportivo.com\/ecrt\/2021\/03\/20\/equipos-ecuatorianos-listos-para-cotejos-de-copa-libertadores\/"},"modified":"2021-03-20T19:24:58","modified_gmt":"2021-03-20T19:24:58","slug":"equipos-ecuatorianos-listos-para-cotejos-de-copa-libertadores","status":"publish","type":"post","link":"https:\/\/chasquideportivo.com\/ecrt\/equipos-ecuatorianos-listos-para-cotejos-de-copa-libertadores\/","title":{"rendered":"Equipos ecuatorianos listos para cotejos de Copa Libertadores"},"content":{"rendered":"<p>Aqu\u00ed presentamos los partidos de este martes 22 de septiembre:<\/p>\n<p><strong>-Barcelona vs. Flamengo-<\/strong><\/p>\n<p><strong>Estadio:<\/strong>&nbsp;Monumental Bco. Pichincha<\/p>\n<p><strong>Hora:&nbsp;<\/strong>17:15<\/p>\n<p><strong>\u00c1rbitro:&nbsp;<\/strong>Diego Haro (Per)<\/p>\n<p><strong>-Estad\u00edsticas-<\/strong><\/p>\n<ul>\n<li>Barcelona de Guayaquil y Flamengo se enfrentaron solo una vez en CONMEBOL Libertadores; fue en la actual fase de grupos, cuando el Mengo gan\u00f3 3-0 en casa.<\/li>\n<li>Barcelona de Guayaquil perdi\u00f3 sus \u00faltimos tres partidos de Libertadores, algo que no le suced\u00eda desde 2015 (3D).<\/li>\n<li>Flamengo viene de sufrir su derrota m\u00e1s abultada en la historia de la CONMEBOL Libertadores (0-5 vs. Independiente del Valle); en ninguno de los anteriores 130 partidos que disput\u00f3 en el torneo hab\u00eda perdido por cinco goles.<\/li>\n<li>Leandro Mart\u00ednez particip\u00f3 en tres de los \u00faltimos cinco goles de Barcelona de Guayaquil en Libertadores: asisti\u00f3 dos y anot\u00f3 uno.<\/li>\n<li>Gabriel Barbosa anot\u00f3 cuatro de los \u00faltimos ocho goles de Flamengo ante equipos de Ecuador en Libertadores.<\/li>\n<\/ul>\n<p><strong>-Junior vs. Independiente del Valle-<\/strong><\/p>\n<p><strong>Estadio:<\/strong>&nbsp;Roberto Melendez<\/p>\n<p><strong>Hora:<\/strong>&nbsp;19:30<\/p>\n<p><strong>\u00c1rbitro:<\/strong>&nbsp;Jos\u00e9 Argote (Ven)<\/p>\n<p><strong>-Estad\u00edsticas-<\/strong><\/p>\n<ul>\n<li>Junior e Independiente del Valle se enfrentaron solo una vez en CONMEBOL Libertadores; fue en la actual fase de grupos, cuando los ecuatorianos ganaron 3-0 en casa.<\/li>\n<li>Junior perdi\u00f3 sus \u00faltimos dos juegos como local en Libertadores; algo que no le suced\u00eda desde 1984 (3D).<\/li>\n<li>En la \u00faltima jornada, Independiente del Valle venci\u00f3 5-0 a Flamengo e igual\u00f3 la mayor victoria ante un equipo de Brasil en la historia de la CONMEBOL Libertadores; sin ser brasileros (en tres ocasiones), solo Am\u00e9rica de Cali hab\u00eda logrado un triunfo por cinco goles contra un equipo de Brasil (vs. Athletico Paranaense, en 2002).<\/li>\n<li>En la reciente victoria de Junior 2-1 ante Barcelona de Guayaquil, Sebasti\u00e1n Viera anot\u00f3 el primer gol de un arquero en CONMEBOL Libertadores desde 2014 (Johnny Herrera con Universidad de Chile, de penal, ante Cusco); Viera marc\u00f3 de tiro libre directo, el \u00faltimo portero en anotar por esta v\u00eda hab\u00eda sido Rog\u00e9rio Ceni, para S\u00e3o Paulo contra Once Caldas en 2010.<\/li>\n<li>Solo uno de los 11 goles de Independiente del Valle en la actual Libertadores fue en el primer tiempo: el primero ante Flamengo, de Mois\u00e9s Caicedo.&nbsp;<\/li>\n<\/ul>\n<p><strong>-Liga Deportiva Universitaria de Quito&nbsp;vs&nbsp;S\u00e3o Paulo-<\/strong><\/p>\n<p><strong>Estadio:&nbsp;<\/strong>Rodrigo Paz Delgado<\/p>\n<p><strong>Hora:&nbsp;<\/strong>19:30<\/p>\n<p><strong>\u00c1rbitro:<\/strong>&nbsp;Wilmar Rold\u00e1n (Col).<\/p>\n<ul>\n<li>Liga de Quito y S\u00e3o Paulo se enfrentaron tres veces en CONMEBOL Libertadores; siempre gan\u00f3 el local sin recibir goles (dos veces los brasileros y una los ecuatorianos).<\/li>\n<li>Liga de Quito gan\u00f3 cinco de sus \u00faltimos seis juegos como local en CONMEBOL Libertadores; perdi\u00f3 el restante 0-3 ante Boca Juniors.<\/li>\n<li>S\u00e3o Paulo gan\u00f3 solo uno de sus \u00faltimos 19 juegos de Libertadores como visitante (4E 14D); fue 2-1 ante Danubio, en 2015.<\/li>\n<li>Liga de Quito es el segundo equipo que cometi\u00f3 m\u00e1s faltas (53) en lo que va de la fase de grupos de la Libertadores 2020; solo a Internacional le pitaron m\u00e1s (58).<\/li>\n<li>S\u00e3o Paulo se vio beneficiado de dos goles en contra en su \u00faltimo duelo, ante River Plate; no ve\u00eda un gol en contra a favor en Libertadores desde la final de ida 2005 (Durval, de Athletico Paranaense).<\/li>\n<\/ul>\n<p><em>CONMEBOL&nbsp; <br \/><\/em><\/p>\n<p>El Independiente del Valle est\u00e1 imparable en la CONMEBOL Libertadores, Barcelona de Guayaquil quiere recuperarse &nbsp;encara la cuarta fecha de la fase de grupos, varios equipos buscando el pase a octavos de final y un cl\u00e1sico picante entre Internacional y Gremio de Porto Alegre.&nbsp; Flamengo busca recuperar su brillo de campe\u00f3n.<\/p>\n<p>2020-09-22 14:57:16<\/p>\n<p>Golazo<\/p>\n","protected":false},"excerpt":{"rendered":"<p>Aqu\u00ed presentamos los partidos de este martes 22 de septiembre: -Barcelona vs. Flamengo- Estadio:&nbsp;Monumental Bco. Pichincha Hora:&nbsp;17:15 \u00c1rbitro:&nbsp;Diego Haro (Per) -Estad\u00edsticas- Barcelona de Guayaquil y Flamengo se enfrentaron solo una vez en CONMEBOL Libertadores; fue en la actual fase de grupos, cuando el Mengo gan\u00f3 3-0 en casa. Barcelona de Guayaquil perdi\u00f3 sus \u00faltimos tres [&hellip;]<\/p>\n","protected":false},"author":1,"featured_media":0,"comment_status":"open","ping_status":"open","sticky":false,"template":"","format":"standard","meta":{"_et_pb_use_builder":"","_et_pb_old_content":"","_et_gb_content_width":"","footnotes":""},"categories":[18],"tags":[37,36,35,34,39,28,23,20,22,24,19,38,21,41,40,3,6,31,25,42,29,30,27,26,33,32],"class_list":["post-5553","post","type-post","status-publish","format-standard","hentry","category-golazo","tag-37","tag-36","tag-35","tag-34","tag-actividad-deportiva","tag-barriales","tag-barrio","tag-chasqui","tag-chasqui-deportivo","tag-deporte","tag-deporte-barrial-ecuatoriano","tag-deportistas","tag-deportivo","tag-deportivos","tag-dirigentcia","tag-dirigentes","tag-ecuador","tag-ecuatorianas","tag-ecuatoriano","tag-ecuatorianos","tag-futbol","tag-futbolistas","tag-ligas","tag-ligas-barriales-ecuador","tag-pais","tag-quito"],"yoast_head":"<!-- This site is optimized with the Yoast SEO plugin v27.4 - https:\/\/yoast.com\/product\/yoast-seo-wordpress\/ -->\n<title>Equipos ecuatorianos listos para cotejos de Copa Libertadores - ChasquiDeportivo<\/title>\n<meta name=\"description\" content=\"Chasqui Deportivo | Informaci\u00f3n y comunicaci\u00f3n, reportajes, noticias, entrevistas en el \u00e1rea del deporte local, nacional.\" \/>\n<meta name=\"robots\" content=\"index, follow, max-snippet:-1, max-image-preview:large, max-video-preview:-1\" \/>\n<link rel=\"canonical\" href=\"https:\/\/chasquideportivo.com\/ecrt\/equipos-ecuatorianos-listos-para-cotejos-de-copa-libertadores\/\" \/>\n<meta property=\"og:locale\" content=\"es_ES\" \/>\n<meta property=\"og:type\" content=\"article\" \/>\n<meta property=\"og:title\" content=\"Equipos ecuatorianos listos para cotejos de Copa Libertadores - ChasquiDeportivo\" \/>\n<meta property=\"og:description\" content=\"Chasqui Deportivo | Informaci\u00f3n y comunicaci\u00f3n, reportajes, noticias, entrevistas en el \u00e1rea del deporte local, nacional.\" \/>\n<meta property=\"og:url\" content=\"https:\/\/chasquideportivo.com\/ecrt\/equipos-ecuatorianos-listos-para-cotejos-de-copa-libertadores\/\" \/>\n<meta property=\"og:site_name\" content=\"ChasquiDeportivo\" \/>\n<meta property=\"article:publisher\" content=\"https:\/\/www.facebook.com\/chasquideportivo\" \/>\n<meta property=\"article:published_time\" content=\"2021-03-20T17:59:46+00:00\" \/>\n<meta property=\"article:modified_time\" content=\"2021-03-20T19:24:58+00:00\" \/>\n<meta name=\"author\" content=\"kollage\" \/>\n<meta name=\"twitter:card\" content=\"summary_large_image\" \/>\n<meta name=\"twitter:creator\" content=\"@chasquidep\" \/>\n<meta name=\"twitter:site\" content=\"@chasquidep\" \/>\n<meta name=\"twitter:label1\" content=\"Escrito por\" \/>\n\t<meta name=\"twitter:data1\" content=\"kollage\" \/>\n\t<meta name=\"twitter:label2\" content=\"Tiempo de lectura\" \/>\n\t<meta name=\"twitter:data2\" content=\"3 minutos\" \/>\n<script type=\"application\/ld+json\" class=\"yoast-schema-graph\">{\"@context\":\"https:\\\/\\\/schema.org\",\"@graph\":[{\"@type\":\"Article\",\"@id\":\"https:\\\/\\\/chasquideportivo.com\\\/ecrt\\\/equipos-ecuatorianos-listos-para-cotejos-de-copa-libertadores\\\/#article\",\"isPartOf\":{\"@id\":\"https:\\\/\\\/chasquideportivo.com\\\/ecrt\\\/equipos-ecuatorianos-listos-para-cotejos-de-copa-libertadores\\\/\"},\"author\":{\"name\":\"kollage\",\"@id\":\"https:\\\/\\\/chasquideportivo.com\\\/ecrt\\\/#\\\/schema\\\/person\\\/d9e229fabae4c1e3f82cf66d802ca7b6\"},\"headline\":\"Equipos ecuatorianos listos para cotejos de Copa Libertadores\",\"datePublished\":\"2021-03-20T17:59:46+00:00\",\"dateModified\":\"2021-03-20T19:24:58+00:00\",\"mainEntityOfPage\":{\"@id\":\"https:\\\/\\\/chasquideportivo.com\\\/ecrt\\\/equipos-ecuatorianos-listos-para-cotejos-de-copa-libertadores\\\/\"},\"wordCount\":591,\"commentCount\":0,\"publisher\":{\"@id\":\"https:\\\/\\\/chasquideportivo.com\\\/ecrt\\\/#organization\"},\"keywords\":[\"2018\",\"2019\",\"2020\",\"2021\",\"actividad deportiva\",\"barriales\",\"barrio\",\"chasqui\",\"chasqui deportivo\",\"deporte\",\"deporte barrial ecuatoriano\",\"deportistas\",\"deportivo\",\"deportivos\",\"dirigentcia\",\"dirigentes\",\"ecuador\",\"ecuatorianas\",\"ecuatoriano\",\"ecuatorianos\",\"futbol\",\"futbolistas\",\"ligas\",\"ligas barriales ecuador\",\"pa\u00eds\",\"quito\"],\"articleSection\":[\"Golazo\"],\"inLanguage\":\"es\",\"potentialAction\":[{\"@type\":\"CommentAction\",\"name\":\"Comment\",\"target\":[\"https:\\\/\\\/chasquideportivo.com\\\/ecrt\\\/equipos-ecuatorianos-listos-para-cotejos-de-copa-libertadores\\\/#respond\"]}]},{\"@type\":\"WebPage\",\"@id\":\"https:\\\/\\\/chasquideportivo.com\\\/ecrt\\\/equipos-ecuatorianos-listos-para-cotejos-de-copa-libertadores\\\/\",\"url\":\"https:\\\/\\\/chasquideportivo.com\\\/ecrt\\\/equipos-ecuatorianos-listos-para-cotejos-de-copa-libertadores\\\/\",\"name\":\"Equipos ecuatorianos listos para cotejos de Copa Libertadores - ChasquiDeportivo\",\"isPartOf\":{\"@id\":\"https:\\\/\\\/chasquideportivo.com\\\/ecrt\\\/#website\"},\"datePublished\":\"2021-03-20T17:59:46+00:00\",\"dateModified\":\"2021-03-20T19:24:58+00:00\",\"description\":\"Chasqui Deportivo | Informaci\u00f3n y comunicaci\u00f3n, reportajes, noticias, entrevistas en el \u00e1rea del deporte local, nacional.\",\"breadcrumb\":{\"@id\":\"https:\\\/\\\/chasquideportivo.com\\\/ecrt\\\/equipos-ecuatorianos-listos-para-cotejos-de-copa-libertadores\\\/#breadcrumb\"},\"inLanguage\":\"es\",\"potentialAction\":[{\"@type\":\"ReadAction\",\"target\":[\"https:\\\/\\\/chasquideportivo.com\\\/ecrt\\\/equipos-ecuatorianos-listos-para-cotejos-de-copa-libertadores\\\/\"]}]},{\"@type\":\"BreadcrumbList\",\"@id\":\"https:\\\/\\\/chasquideportivo.com\\\/ecrt\\\/equipos-ecuatorianos-listos-para-cotejos-de-copa-libertadores\\\/#breadcrumb\",\"itemListElement\":[{\"@type\":\"ListItem\",\"position\":1,\"name\":\"Portada | Chasqui Deportivo\",\"item\":\"https:\\\/\\\/chasquideportivo.com\\\/ecrt\\\/\"},{\"@type\":\"ListItem\",\"position\":2,\"name\":\"Archivo\",\"item\":\"https:\\\/\\\/chasquideportivo.com\\\/ecrt\\\/category\\\/archivo\\\/\"},{\"@type\":\"ListItem\",\"position\":3,\"name\":\"Golazo\",\"item\":\"https:\\\/\\\/chasquideportivo.com\\\/ecrt\\\/category\\\/archivo\\\/golazo\\\/\"},{\"@type\":\"ListItem\",\"position\":4,\"name\":\"Equipos ecuatorianos listos para cotejos de Copa Libertadores\"}]},{\"@type\":\"WebSite\",\"@id\":\"https:\\\/\\\/chasquideportivo.com\\\/ecrt\\\/#website\",\"url\":\"https:\\\/\\\/chasquideportivo.com\\\/ecrt\\\/\",\"name\":\"ChasquiDeportivo\",\"description\":\"Informaci&oacute;n y comunicaci&oacute;n, reportajes, noticias, entrevistas en el &aacute;rea del deporte local, nacional.\",\"publisher\":{\"@id\":\"https:\\\/\\\/chasquideportivo.com\\\/ecrt\\\/#organization\"},\"potentialAction\":[{\"@type\":\"SearchAction\",\"target\":{\"@type\":\"EntryPoint\",\"urlTemplate\":\"https:\\\/\\\/chasquideportivo.com\\\/ecrt\\\/?s={search_term_string}\"},\"query-input\":{\"@type\":\"PropertyValueSpecification\",\"valueRequired\":true,\"valueName\":\"search_term_string\"}}],\"inLanguage\":\"es\"},{\"@type\":\"Organization\",\"@id\":\"https:\\\/\\\/chasquideportivo.com\\\/ecrt\\\/#organization\",\"name\":\"Chasqui Deportivo\",\"url\":\"https:\\\/\\\/chasquideportivo.com\\\/ecrt\\\/\",\"logo\":{\"@type\":\"ImageObject\",\"inLanguage\":\"es\",\"@id\":\"https:\\\/\\\/chasquideportivo.com\\\/ecrt\\\/#\\\/schema\\\/logo\\\/image\\\/\",\"url\":\"https:\\\/\\\/chasquideportivo.com\\\/ecrt\\\/wp-content\\\/uploads\\\/2022\\\/01\\\/logo-vertical.jpg\",\"contentUrl\":\"https:\\\/\\\/chasquideportivo.com\\\/ecrt\\\/wp-content\\\/uploads\\\/2022\\\/01\\\/logo-vertical.jpg\",\"width\":612,\"height\":750,\"caption\":\"Chasqui Deportivo\"},\"image\":{\"@id\":\"https:\\\/\\\/chasquideportivo.com\\\/ecrt\\\/#\\\/schema\\\/logo\\\/image\\\/\"},\"sameAs\":[\"https:\\\/\\\/www.facebook.com\\\/chasquideportivo\",\"https:\\\/\\\/x.com\\\/chasquidep\",\"https:\\\/\\\/www.instagram.com\\\/chasquideportivo.ec\",\"https:\\\/\\\/www.youtube.com\\\/channel\\\/UCGY8M-csHuxJuGRt4XrV90Q\"]},{\"@type\":\"Person\",\"@id\":\"https:\\\/\\\/chasquideportivo.com\\\/ecrt\\\/#\\\/schema\\\/person\\\/d9e229fabae4c1e3f82cf66d802ca7b6\",\"name\":\"kollage\",\"image\":{\"@type\":\"ImageObject\",\"inLanguage\":\"es\",\"@id\":\"https:\\\/\\\/secure.gravatar.com\\\/avatar\\\/69b5388bf21dfca5434ca100f351036f1fbff72ba519ef8157b31bcc7fbfbb18?s=96&d=mm&r=g\",\"url\":\"https:\\\/\\\/secure.gravatar.com\\\/avatar\\\/69b5388bf21dfca5434ca100f351036f1fbff72ba519ef8157b31bcc7fbfbb18?s=96&d=mm&r=g\",\"contentUrl\":\"https:\\\/\\\/secure.gravatar.com\\\/avatar\\\/69b5388bf21dfca5434ca100f351036f1fbff72ba519ef8157b31bcc7fbfbb18?s=96&d=mm&r=g\",\"caption\":\"kollage\"},\"sameAs\":[\"https:\\\/\\\/chasquideportivo.com\\\/ecrt\"],\"url\":\"https:\\\/\\\/chasquideportivo.com\\\/ecrt\\\/author\\\/kollage\\\/\"}]}<\/script>\n<!-- \/ Yoast SEO plugin. -->","yoast_head_json":{"title":"Equipos ecuatorianos listos para cotejos de Copa Libertadores - ChasquiDeportivo","description":"Chasqui Deportivo | Informaci\u00f3n y comunicaci\u00f3n, reportajes, noticias, entrevistas en el \u00e1rea del deporte local, nacional.","robots":{"index":"index","follow":"follow","max-snippet":"max-snippet:-1","max-image-preview":"max-image-preview:large","max-video-preview":"max-video-preview:-1"},"canonical":"https:\/\/chasquideportivo.com\/ecrt\/equipos-ecuatorianos-listos-para-cotejos-de-copa-libertadores\/","og_locale":"es_ES","og_type":"article","og_title":"Equipos ecuatorianos listos para cotejos de Copa Libertadores - ChasquiDeportivo","og_description":"Chasqui Deportivo | Informaci\u00f3n y comunicaci\u00f3n, reportajes, noticias, entrevistas en el \u00e1rea del deporte local, nacional.","og_url":"https:\/\/chasquideportivo.com\/ecrt\/equipos-ecuatorianos-listos-para-cotejos-de-copa-libertadores\/","og_site_name":"ChasquiDeportivo","article_publisher":"https:\/\/www.facebook.com\/chasquideportivo","article_published_time":"2021-03-20T17:59:46+00:00","article_modified_time":"2021-03-20T19:24:58+00:00","author":"kollage","twitter_card":"summary_large_image","twitter_creator":"@chasquidep","twitter_site":"@chasquidep","twitter_misc":{"Escrito por":"kollage","Tiempo de lectura":"3 minutos"},"schema":{"@context":"https:\/\/schema.org","@graph":[{"@type":"Article","@id":"https:\/\/chasquideportivo.com\/ecrt\/equipos-ecuatorianos-listos-para-cotejos-de-copa-libertadores\/#article","isPartOf":{"@id":"https:\/\/chasquideportivo.com\/ecrt\/equipos-ecuatorianos-listos-para-cotejos-de-copa-libertadores\/"},"author":{"name":"kollage","@id":"https:\/\/chasquideportivo.com\/ecrt\/#\/schema\/person\/d9e229fabae4c1e3f82cf66d802ca7b6"},"headline":"Equipos ecuatorianos listos para cotejos de Copa Libertadores","datePublished":"2021-03-20T17:59:46+00:00","dateModified":"2021-03-20T19:24:58+00:00","mainEntityOfPage":{"@id":"https:\/\/chasquideportivo.com\/ecrt\/equipos-ecuatorianos-listos-para-cotejos-de-copa-libertadores\/"},"wordCount":591,"commentCount":0,"publisher":{"@id":"https:\/\/chasquideportivo.com\/ecrt\/#organization"},"keywords":["2018","2019","2020","2021","actividad deportiva","barriales","barrio","chasqui","chasqui deportivo","deporte","deporte barrial ecuatoriano","deportistas","deportivo","deportivos","dirigentcia","dirigentes","ecuador","ecuatorianas","ecuatoriano","ecuatorianos","futbol","futbolistas","ligas","ligas barriales ecuador","pa\u00eds","quito"],"articleSection":["Golazo"],"inLanguage":"es","potentialAction":[{"@type":"CommentAction","name":"Comment","target":["https:\/\/chasquideportivo.com\/ecrt\/equipos-ecuatorianos-listos-para-cotejos-de-copa-libertadores\/#respond"]}]},{"@type":"WebPage","@id":"https:\/\/chasquideportivo.com\/ecrt\/equipos-ecuatorianos-listos-para-cotejos-de-copa-libertadores\/","url":"https:\/\/chasquideportivo.com\/ecrt\/equipos-ecuatorianos-listos-para-cotejos-de-copa-libertadores\/","name":"Equipos ecuatorianos listos para cotejos de Copa Libertadores - ChasquiDeportivo","isPartOf":{"@id":"https:\/\/chasquideportivo.com\/ecrt\/#website"},"datePublished":"2021-03-20T17:59:46+00:00","dateModified":"2021-03-20T19:24:58+00:00","description":"Chasqui Deportivo | Informaci\u00f3n y comunicaci\u00f3n, reportajes, noticias, entrevistas en el \u00e1rea del deporte local, nacional.","breadcrumb":{"@id":"https:\/\/chasquideportivo.com\/ecrt\/equipos-ecuatorianos-listos-para-cotejos-de-copa-libertadores\/#breadcrumb"},"inLanguage":"es","potentialAction":[{"@type":"ReadAction","target":["https:\/\/chasquideportivo.com\/ecrt\/equipos-ecuatorianos-listos-para-cotejos-de-copa-libertadores\/"]}]},{"@type":"BreadcrumbList","@id":"https:\/\/chasquideportivo.com\/ecrt\/equipos-ecuatorianos-listos-para-cotejos-de-copa-libertadores\/#breadcrumb","itemListElement":[{"@type":"ListItem","position":1,"name":"Portada | Chasqui Deportivo","item":"https:\/\/chasquideportivo.com\/ecrt\/"},{"@type":"ListItem","position":2,"name":"Archivo","item":"https:\/\/chasquideportivo.com\/ecrt\/category\/archivo\/"},{"@type":"ListItem","position":3,"name":"Golazo","item":"https:\/\/chasquideportivo.com\/ecrt\/category\/archivo\/golazo\/"},{"@type":"ListItem","position":4,"name":"Equipos ecuatorianos listos para cotejos de Copa Libertadores"}]},{"@type":"WebSite","@id":"https:\/\/chasquideportivo.com\/ecrt\/#website","url":"https:\/\/chasquideportivo.com\/ecrt\/","name":"ChasquiDeportivo","description":"Informaci&oacute;n y comunicaci&oacute;n, reportajes, noticias, entrevistas en el &aacute;rea del deporte local, nacional.","publisher":{"@id":"https:\/\/chasquideportivo.com\/ecrt\/#organization"},"potentialAction":[{"@type":"SearchAction","target":{"@type":"EntryPoint","urlTemplate":"https:\/\/chasquideportivo.com\/ecrt\/?s={search_term_string}"},"query-input":{"@type":"PropertyValueSpecification","valueRequired":true,"valueName":"search_term_string"}}],"inLanguage":"es"},{"@type":"Organization","@id":"https:\/\/chasquideportivo.com\/ecrt\/#organization","name":"Chasqui Deportivo","url":"https:\/\/chasquideportivo.com\/ecrt\/","logo":{"@type":"ImageObject","inLanguage":"es","@id":"https:\/\/chasquideportivo.com\/ecrt\/#\/schema\/logo\/image\/","url":"https:\/\/chasquideportivo.com\/ecrt\/wp-content\/uploads\/2022\/01\/logo-vertical.jpg","contentUrl":"https:\/\/chasquideportivo.com\/ecrt\/wp-content\/uploads\/2022\/01\/logo-vertical.jpg","width":612,"height":750,"caption":"Chasqui Deportivo"},"image":{"@id":"https:\/\/chasquideportivo.com\/ecrt\/#\/schema\/logo\/image\/"},"sameAs":["https:\/\/www.facebook.com\/chasquideportivo","https:\/\/x.com\/chasquidep","https:\/\/www.instagram.com\/chasquideportivo.ec","https:\/\/www.youtube.com\/channel\/UCGY8M-csHuxJuGRt4XrV90Q"]},{"@type":"Person","@id":"https:\/\/chasquideportivo.com\/ecrt\/#\/schema\/person\/d9e229fabae4c1e3f82cf66d802ca7b6","name":"kollage","image":{"@type":"ImageObject","inLanguage":"es","@id":"https:\/\/secure.gravatar.com\/avatar\/69b5388bf21dfca5434ca100f351036f1fbff72ba519ef8157b31bcc7fbfbb18?s=96&d=mm&r=g","url":"https:\/\/secure.gravatar.com\/avatar\/69b5388bf21dfca5434ca100f351036f1fbff72ba519ef8157b31bcc7fbfbb18?s=96&d=mm&r=g","contentUrl":"https:\/\/secure.gravatar.com\/avatar\/69b5388bf21dfca5434ca100f351036f1fbff72ba519ef8157b31bcc7fbfbb18?s=96&d=mm&r=g","caption":"kollage"},"sameAs":["https:\/\/chasquideportivo.com\/ecrt"],"url":"https:\/\/chasquideportivo.com\/ecrt\/author\/kollage\/"}]}},"_links":{"self":[{"href":"https:\/\/chasquideportivo.com\/ecrt\/wp-json\/wp\/v2\/posts\/5553","targetHints":{"allow":["GET"]}}],"collection":[{"href":"https:\/\/chasquideportivo.com\/ecrt\/wp-json\/wp\/v2\/posts"}],"about":[{"href":"https:\/\/chasquideportivo.com\/ecrt\/wp-json\/wp\/v2\/types\/post"}],"author":[{"embeddable":true,"href":"https:\/\/chasquideportivo.com\/ecrt\/wp-json\/wp\/v2\/users\/1"}],"replies":[{"embeddable":true,"href":"https:\/\/chasquideportivo.com\/ecrt\/wp-json\/wp\/v2\/comments?post=5553"}],"version-history":[{"count":1,"href":"https:\/\/chasquideportivo.com\/ecrt\/wp-json\/wp\/v2\/posts\/5553\/revisions"}],"predecessor-version":[{"id":6313,"href":"https:\/\/chasquideportivo.com\/ecrt\/wp-json\/wp\/v2\/posts\/5553\/revisions\/6313"}],"wp:attachment":[{"href":"https:\/\/chasquideportivo.com\/ecrt\/wp-json\/wp\/v2\/media?parent=5553"}],"wp:term":[{"taxonomy":"category","embeddable":true,"href":"https:\/\/chasquideportivo.com\/ecrt\/wp-json\/wp\/v2\/categories?post=5553"},{"taxonomy":"post_tag","embeddable":true,"href":"https:\/\/chasquideportivo.com\/ecrt\/wp-json\/wp\/v2\/tags?post=5553"}],"curies":[{"name":"wp","href":"https:\/\/api.w.org\/{rel}","templated":true}]}}