{"id":5526,"date":"2021-03-20T17:59:44","date_gmt":"2021-03-20T17:59:44","guid":{"rendered":"https:\/\/chasquideportivo.com\/ecrt\/2021\/03\/20\/gustavo-alfaro-capitaneara-la-tri-de-ecuador\/"},"modified":"2021-03-20T19:25:01","modified_gmt":"2021-03-20T19:25:01","slug":"gustavo-alfaro-capitaneara-la-tri-de-ecuador","status":"publish","type":"post","link":"https:\/\/chasquideportivo.com\/ecrt\/gustavo-alfaro-capitaneara-la-tri-de-ecuador\/","title":{"rendered":"Gustavo Alfaro capitanear\u00e1 la Tri de Ecuador"},"content":{"rendered":"<p>El nuevo seleccionador de Ecuador, Gustavo Alfaro, asegur\u00f3 este mi\u00e9rcoles desde Argentina a trav\u00e9s de una rueda de prensa, que har\u00e1 lo imposible por llevar a Ecuador al Mundial de 2022 en Catar.<\/p>\n<p>&#8220;Asumo este lindo desaf\u00edo, estoy con una ilusi\u00f3n muy grande, porque el prop\u00f3sito de todo entrenador es llegar a dirigir una selecci\u00f3n como la de Ecuador, y haremos hasta lo imposible por llevarla a la pr\u00f3xima Copa del Mundo&#8221;, resalt\u00f3 Alfaro en su presentaci\u00f3n.<\/p>\n<p>El ext\u00e9cnico de Boca Juniors, de 58 a\u00f1os, a\u00f1adi\u00f3 que su compromiso es absoluto y que, si bien ser\u00e1 la primera experiencia como seleccionador, se ven\u00eda preparando en busca de este tipo de oportunidad desde 2006.<\/p>\n<p>&#8220;El compromiso m\u00edo es absoluto, es mi primera experiencia como seleccionador. Desde el 2006 vengo siguiendo muy de cerca los mundiales y prepar\u00e1ndome para llegar a ser seleccionador&#8221;, indic\u00f3.<\/p>\n<p>Destac\u00f3 del futbolista ecuatoriano &#8220;su t\u00e9cnica y velocidad&#8221;, y que confi\u00f3 en poder armar la estrategia dependiendo de la localidad, del momento y del rival de turno.<\/p>\n<p>&#8220;Siempre tom\u00e9 equipos en crisis, de diferente \u00edndole. Lo importante ahora en Ecuador ser\u00e1 empezar a poner a la selecci\u00f3n en primera persona, que sea la raz\u00f3n para todos nosotros y que est\u00e9 por encima de todos nosotros&#8221;, expres\u00f3.<\/p>\n<p>Alfaro, que sustituye al hispano-holand\u00e9s Jordi Cruyff, quien no lleg\u00f3 siquiera a entrenar con el equipo por la pandemia del coronavirus, tendr\u00e1 que rearmar a la selecci\u00f3n a 40 d\u00edas del arranque de las eliminatorias del Mundial, el 8 de octubre contra Argentina en Buenos Aires.<\/p>\n<p>&#8220;En el partido contra Argentina le pedir\u00e9 permiso al coraz\u00f3n y lucharemos totalmente para que Ecuador gane ese encuentro&#8221;, resalt\u00f3.<\/p>\n<p>Ecuador ha participado hasta ahora en tres Mundiales, los de Corea del Sur y Jap\u00f3n 2002, Alemania 2006 y Brasil 2014, con la direcci\u00f3n t\u00e9cnica de los colombianos Hern\u00e1n Dar\u00edo G\u00f3mez, Luis Fernando Su\u00e1rez y Reinaldo Rueda, respectivamente.<\/p>\n<p>Los planes de la direcci\u00f3n de la FEF a finales de 2019, cuando decidieron la contrataci\u00f3n de Cruyff y del director deportivo Antonio Cord\u00f3n, eran los de regenerar a la selecci\u00f3n desde los cimientos, con un plan a largo plazo desde las categor\u00edas inferiores.<\/p>\n<p>En ese sentido, Alfaro expres\u00f3 que con el seleccionador de menores de Ecuador, el tambi\u00e9n argentino Jorge C\u00e9lico &#8220;tengo una muy buena relaci\u00f3n y desde hoy estamos en di\u00e1logos permanentes&#8221;. EFE<\/p>\n<p>Sus retos, la Copa Am\u00e9rica, Mundial de Qatar. Vivir\u00e1 en Ecuador junto a su familia. Ha seguido de cerca los cotejos de la Liga Pro para observar jugadores.<\/p>\n<p>2020-08-27 12:16:08<\/p>\n<p>Golazo<\/p>\n","protected":false},"excerpt":{"rendered":"<p>El nuevo seleccionador de Ecuador, Gustavo Alfaro, asegur\u00f3 este mi\u00e9rcoles desde Argentina a trav\u00e9s de una rueda de prensa, que har\u00e1 lo imposible por llevar a Ecuador al Mundial de 2022 en Catar. &#8220;Asumo este lindo desaf\u00edo, estoy con una ilusi\u00f3n muy grande, porque el prop\u00f3sito de todo entrenador es llegar a dirigir una selecci\u00f3n [&hellip;]<\/p>\n","protected":false},"author":1,"featured_media":0,"comment_status":"open","ping_status":"open","sticky":false,"template":"","format":"standard","meta":{"_et_pb_use_builder":"","_et_pb_old_content":"","_et_gb_content_width":"","footnotes":""},"categories":[18],"tags":[37,36,35,34,39,28,23,20,22,24,19,38,21,41,40,3,6,31,25,42,29,30,27,26,33,32],"class_list":["post-5526","post","type-post","status-publish","format-standard","hentry","category-golazo","tag-37","tag-36","tag-35","tag-34","tag-actividad-deportiva","tag-barriales","tag-barrio","tag-chasqui","tag-chasqui-deportivo","tag-deporte","tag-deporte-barrial-ecuatoriano","tag-deportistas","tag-deportivo","tag-deportivos","tag-dirigentcia","tag-dirigentes","tag-ecuador","tag-ecuatorianas","tag-ecuatoriano","tag-ecuatorianos","tag-futbol","tag-futbolistas","tag-ligas","tag-ligas-barriales-ecuador","tag-pais","tag-quito"],"yoast_head":"<!-- This site is optimized with the Yoast SEO plugin v27.4 - https:\/\/yoast.com\/product\/yoast-seo-wordpress\/ -->\n<title>Gustavo Alfaro capitanear\u00e1 la Tri de Ecuador - ChasquiDeportivo<\/title>\n<meta name=\"description\" content=\"Chasqui Deportivo | Informaci\u00f3n y comunicaci\u00f3n, reportajes, noticias, entrevistas en el \u00e1rea del deporte local, nacional.\" \/>\n<meta name=\"robots\" content=\"index, follow, max-snippet:-1, max-image-preview:large, max-video-preview:-1\" \/>\n<link rel=\"canonical\" href=\"https:\/\/chasquideportivo.com\/ecrt\/gustavo-alfaro-capitaneara-la-tri-de-ecuador\/\" \/>\n<meta property=\"og:locale\" content=\"es_ES\" \/>\n<meta property=\"og:type\" content=\"article\" \/>\n<meta property=\"og:title\" content=\"Gustavo Alfaro capitanear\u00e1 la Tri de Ecuador - ChasquiDeportivo\" \/>\n<meta property=\"og:description\" content=\"Chasqui Deportivo | Informaci\u00f3n y comunicaci\u00f3n, reportajes, noticias, entrevistas en el \u00e1rea del deporte local, nacional.\" \/>\n<meta property=\"og:url\" content=\"https:\/\/chasquideportivo.com\/ecrt\/gustavo-alfaro-capitaneara-la-tri-de-ecuador\/\" \/>\n<meta property=\"og:site_name\" content=\"ChasquiDeportivo\" \/>\n<meta property=\"article:publisher\" content=\"https:\/\/www.facebook.com\/chasquideportivo\" \/>\n<meta property=\"article:published_time\" content=\"2021-03-20T17:59:44+00:00\" \/>\n<meta property=\"article:modified_time\" content=\"2021-03-20T19:25:01+00:00\" \/>\n<meta name=\"author\" content=\"kollage\" \/>\n<meta name=\"twitter:card\" content=\"summary_large_image\" \/>\n<meta name=\"twitter:creator\" content=\"@chasquidep\" \/>\n<meta name=\"twitter:site\" content=\"@chasquidep\" \/>\n<meta name=\"twitter:label1\" content=\"Escrito por\" \/>\n\t<meta name=\"twitter:data1\" content=\"kollage\" \/>\n\t<meta name=\"twitter:label2\" content=\"Tiempo de lectura\" \/>\n\t<meta name=\"twitter:data2\" content=\"2 minutos\" \/>\n<script type=\"application\/ld+json\" class=\"yoast-schema-graph\">{\"@context\":\"https:\\\/\\\/schema.org\",\"@graph\":[{\"@type\":\"Article\",\"@id\":\"https:\\\/\\\/chasquideportivo.com\\\/ecrt\\\/gustavo-alfaro-capitaneara-la-tri-de-ecuador\\\/#article\",\"isPartOf\":{\"@id\":\"https:\\\/\\\/chasquideportivo.com\\\/ecrt\\\/gustavo-alfaro-capitaneara-la-tri-de-ecuador\\\/\"},\"author\":{\"name\":\"kollage\",\"@id\":\"https:\\\/\\\/chasquideportivo.com\\\/ecrt\\\/#\\\/schema\\\/person\\\/d9e229fabae4c1e3f82cf66d802ca7b6\"},\"headline\":\"Gustavo Alfaro capitanear\u00e1 la Tri de Ecuador\",\"datePublished\":\"2021-03-20T17:59:44+00:00\",\"dateModified\":\"2021-03-20T19:25:01+00:00\",\"mainEntityOfPage\":{\"@id\":\"https:\\\/\\\/chasquideportivo.com\\\/ecrt\\\/gustavo-alfaro-capitaneara-la-tri-de-ecuador\\\/\"},\"wordCount\":453,\"commentCount\":0,\"publisher\":{\"@id\":\"https:\\\/\\\/chasquideportivo.com\\\/ecrt\\\/#organization\"},\"keywords\":[\"2018\",\"2019\",\"2020\",\"2021\",\"actividad deportiva\",\"barriales\",\"barrio\",\"chasqui\",\"chasqui deportivo\",\"deporte\",\"deporte barrial ecuatoriano\",\"deportistas\",\"deportivo\",\"deportivos\",\"dirigentcia\",\"dirigentes\",\"ecuador\",\"ecuatorianas\",\"ecuatoriano\",\"ecuatorianos\",\"futbol\",\"futbolistas\",\"ligas\",\"ligas barriales ecuador\",\"pa\u00eds\",\"quito\"],\"articleSection\":[\"Golazo\"],\"inLanguage\":\"es\",\"potentialAction\":[{\"@type\":\"CommentAction\",\"name\":\"Comment\",\"target\":[\"https:\\\/\\\/chasquideportivo.com\\\/ecrt\\\/gustavo-alfaro-capitaneara-la-tri-de-ecuador\\\/#respond\"]}]},{\"@type\":\"WebPage\",\"@id\":\"https:\\\/\\\/chasquideportivo.com\\\/ecrt\\\/gustavo-alfaro-capitaneara-la-tri-de-ecuador\\\/\",\"url\":\"https:\\\/\\\/chasquideportivo.com\\\/ecrt\\\/gustavo-alfaro-capitaneara-la-tri-de-ecuador\\\/\",\"name\":\"Gustavo Alfaro capitanear\u00e1 la Tri de Ecuador - ChasquiDeportivo\",\"isPartOf\":{\"@id\":\"https:\\\/\\\/chasquideportivo.com\\\/ecrt\\\/#website\"},\"datePublished\":\"2021-03-20T17:59:44+00:00\",\"dateModified\":\"2021-03-20T19:25:01+00:00\",\"description\":\"Chasqui Deportivo | Informaci\u00f3n y comunicaci\u00f3n, reportajes, noticias, entrevistas en el \u00e1rea del deporte local, nacional.\",\"breadcrumb\":{\"@id\":\"https:\\\/\\\/chasquideportivo.com\\\/ecrt\\\/gustavo-alfaro-capitaneara-la-tri-de-ecuador\\\/#breadcrumb\"},\"inLanguage\":\"es\",\"potentialAction\":[{\"@type\":\"ReadAction\",\"target\":[\"https:\\\/\\\/chasquideportivo.com\\\/ecrt\\\/gustavo-alfaro-capitaneara-la-tri-de-ecuador\\\/\"]}]},{\"@type\":\"BreadcrumbList\",\"@id\":\"https:\\\/\\\/chasquideportivo.com\\\/ecrt\\\/gustavo-alfaro-capitaneara-la-tri-de-ecuador\\\/#breadcrumb\",\"itemListElement\":[{\"@type\":\"ListItem\",\"position\":1,\"name\":\"Portada | Chasqui Deportivo\",\"item\":\"https:\\\/\\\/chasquideportivo.com\\\/ecrt\\\/\"},{\"@type\":\"ListItem\",\"position\":2,\"name\":\"Archivo\",\"item\":\"https:\\\/\\\/chasquideportivo.com\\\/ecrt\\\/category\\\/archivo\\\/\"},{\"@type\":\"ListItem\",\"position\":3,\"name\":\"Golazo\",\"item\":\"https:\\\/\\\/chasquideportivo.com\\\/ecrt\\\/category\\\/archivo\\\/golazo\\\/\"},{\"@type\":\"ListItem\",\"position\":4,\"name\":\"Gustavo Alfaro capitanear\u00e1 la Tri de Ecuador\"}]},{\"@type\":\"WebSite\",\"@id\":\"https:\\\/\\\/chasquideportivo.com\\\/ecrt\\\/#website\",\"url\":\"https:\\\/\\\/chasquideportivo.com\\\/ecrt\\\/\",\"name\":\"ChasquiDeportivo\",\"description\":\"Informaci&oacute;n y comunicaci&oacute;n, reportajes, noticias, entrevistas en el &aacute;rea del deporte local, nacional.\",\"publisher\":{\"@id\":\"https:\\\/\\\/chasquideportivo.com\\\/ecrt\\\/#organization\"},\"potentialAction\":[{\"@type\":\"SearchAction\",\"target\":{\"@type\":\"EntryPoint\",\"urlTemplate\":\"https:\\\/\\\/chasquideportivo.com\\\/ecrt\\\/?s={search_term_string}\"},\"query-input\":{\"@type\":\"PropertyValueSpecification\",\"valueRequired\":true,\"valueName\":\"search_term_string\"}}],\"inLanguage\":\"es\"},{\"@type\":\"Organization\",\"@id\":\"https:\\\/\\\/chasquideportivo.com\\\/ecrt\\\/#organization\",\"name\":\"Chasqui Deportivo\",\"url\":\"https:\\\/\\\/chasquideportivo.com\\\/ecrt\\\/\",\"logo\":{\"@type\":\"ImageObject\",\"inLanguage\":\"es\",\"@id\":\"https:\\\/\\\/chasquideportivo.com\\\/ecrt\\\/#\\\/schema\\\/logo\\\/image\\\/\",\"url\":\"https:\\\/\\\/chasquideportivo.com\\\/ecrt\\\/wp-content\\\/uploads\\\/2022\\\/01\\\/logo-vertical.jpg\",\"contentUrl\":\"https:\\\/\\\/chasquideportivo.com\\\/ecrt\\\/wp-content\\\/uploads\\\/2022\\\/01\\\/logo-vertical.jpg\",\"width\":612,\"height\":750,\"caption\":\"Chasqui Deportivo\"},\"image\":{\"@id\":\"https:\\\/\\\/chasquideportivo.com\\\/ecrt\\\/#\\\/schema\\\/logo\\\/image\\\/\"},\"sameAs\":[\"https:\\\/\\\/www.facebook.com\\\/chasquideportivo\",\"https:\\\/\\\/x.com\\\/chasquidep\",\"https:\\\/\\\/www.instagram.com\\\/chasquideportivo.ec\",\"https:\\\/\\\/www.youtube.com\\\/channel\\\/UCGY8M-csHuxJuGRt4XrV90Q\"]},{\"@type\":\"Person\",\"@id\":\"https:\\\/\\\/chasquideportivo.com\\\/ecrt\\\/#\\\/schema\\\/person\\\/d9e229fabae4c1e3f82cf66d802ca7b6\",\"name\":\"kollage\",\"image\":{\"@type\":\"ImageObject\",\"inLanguage\":\"es\",\"@id\":\"https:\\\/\\\/secure.gravatar.com\\\/avatar\\\/69b5388bf21dfca5434ca100f351036f1fbff72ba519ef8157b31bcc7fbfbb18?s=96&d=mm&r=g\",\"url\":\"https:\\\/\\\/secure.gravatar.com\\\/avatar\\\/69b5388bf21dfca5434ca100f351036f1fbff72ba519ef8157b31bcc7fbfbb18?s=96&d=mm&r=g\",\"contentUrl\":\"https:\\\/\\\/secure.gravatar.com\\\/avatar\\\/69b5388bf21dfca5434ca100f351036f1fbff72ba519ef8157b31bcc7fbfbb18?s=96&d=mm&r=g\",\"caption\":\"kollage\"},\"sameAs\":[\"https:\\\/\\\/chasquideportivo.com\\\/ecrt\"],\"url\":\"https:\\\/\\\/chasquideportivo.com\\\/ecrt\\\/author\\\/kollage\\\/\"}]}<\/script>\n<!-- \/ Yoast SEO plugin. -->","yoast_head_json":{"title":"Gustavo Alfaro capitanear\u00e1 la Tri de Ecuador - ChasquiDeportivo","description":"Chasqui Deportivo | Informaci\u00f3n y comunicaci\u00f3n, reportajes, noticias, entrevistas en el \u00e1rea del deporte local, nacional.","robots":{"index":"index","follow":"follow","max-snippet":"max-snippet:-1","max-image-preview":"max-image-preview:large","max-video-preview":"max-video-preview:-1"},"canonical":"https:\/\/chasquideportivo.com\/ecrt\/gustavo-alfaro-capitaneara-la-tri-de-ecuador\/","og_locale":"es_ES","og_type":"article","og_title":"Gustavo Alfaro capitanear\u00e1 la Tri de Ecuador - ChasquiDeportivo","og_description":"Chasqui Deportivo | Informaci\u00f3n y comunicaci\u00f3n, reportajes, noticias, entrevistas en el \u00e1rea del deporte local, nacional.","og_url":"https:\/\/chasquideportivo.com\/ecrt\/gustavo-alfaro-capitaneara-la-tri-de-ecuador\/","og_site_name":"ChasquiDeportivo","article_publisher":"https:\/\/www.facebook.com\/chasquideportivo","article_published_time":"2021-03-20T17:59:44+00:00","article_modified_time":"2021-03-20T19:25:01+00:00","author":"kollage","twitter_card":"summary_large_image","twitter_creator":"@chasquidep","twitter_site":"@chasquidep","twitter_misc":{"Escrito por":"kollage","Tiempo de lectura":"2 minutos"},"schema":{"@context":"https:\/\/schema.org","@graph":[{"@type":"Article","@id":"https:\/\/chasquideportivo.com\/ecrt\/gustavo-alfaro-capitaneara-la-tri-de-ecuador\/#article","isPartOf":{"@id":"https:\/\/chasquideportivo.com\/ecrt\/gustavo-alfaro-capitaneara-la-tri-de-ecuador\/"},"author":{"name":"kollage","@id":"https:\/\/chasquideportivo.com\/ecrt\/#\/schema\/person\/d9e229fabae4c1e3f82cf66d802ca7b6"},"headline":"Gustavo Alfaro capitanear\u00e1 la Tri de Ecuador","datePublished":"2021-03-20T17:59:44+00:00","dateModified":"2021-03-20T19:25:01+00:00","mainEntityOfPage":{"@id":"https:\/\/chasquideportivo.com\/ecrt\/gustavo-alfaro-capitaneara-la-tri-de-ecuador\/"},"wordCount":453,"commentCount":0,"publisher":{"@id":"https:\/\/chasquideportivo.com\/ecrt\/#organization"},"keywords":["2018","2019","2020","2021","actividad deportiva","barriales","barrio","chasqui","chasqui deportivo","deporte","deporte barrial ecuatoriano","deportistas","deportivo","deportivos","dirigentcia","dirigentes","ecuador","ecuatorianas","ecuatoriano","ecuatorianos","futbol","futbolistas","ligas","ligas barriales ecuador","pa\u00eds","quito"],"articleSection":["Golazo"],"inLanguage":"es","potentialAction":[{"@type":"CommentAction","name":"Comment","target":["https:\/\/chasquideportivo.com\/ecrt\/gustavo-alfaro-capitaneara-la-tri-de-ecuador\/#respond"]}]},{"@type":"WebPage","@id":"https:\/\/chasquideportivo.com\/ecrt\/gustavo-alfaro-capitaneara-la-tri-de-ecuador\/","url":"https:\/\/chasquideportivo.com\/ecrt\/gustavo-alfaro-capitaneara-la-tri-de-ecuador\/","name":"Gustavo Alfaro capitanear\u00e1 la Tri de Ecuador - ChasquiDeportivo","isPartOf":{"@id":"https:\/\/chasquideportivo.com\/ecrt\/#website"},"datePublished":"2021-03-20T17:59:44+00:00","dateModified":"2021-03-20T19:25:01+00:00","description":"Chasqui Deportivo | Informaci\u00f3n y comunicaci\u00f3n, reportajes, noticias, entrevistas en el \u00e1rea del deporte local, nacional.","breadcrumb":{"@id":"https:\/\/chasquideportivo.com\/ecrt\/gustavo-alfaro-capitaneara-la-tri-de-ecuador\/#breadcrumb"},"inLanguage":"es","potentialAction":[{"@type":"ReadAction","target":["https:\/\/chasquideportivo.com\/ecrt\/gustavo-alfaro-capitaneara-la-tri-de-ecuador\/"]}]},{"@type":"BreadcrumbList","@id":"https:\/\/chasquideportivo.com\/ecrt\/gustavo-alfaro-capitaneara-la-tri-de-ecuador\/#breadcrumb","itemListElement":[{"@type":"ListItem","position":1,"name":"Portada | Chasqui Deportivo","item":"https:\/\/chasquideportivo.com\/ecrt\/"},{"@type":"ListItem","position":2,"name":"Archivo","item":"https:\/\/chasquideportivo.com\/ecrt\/category\/archivo\/"},{"@type":"ListItem","position":3,"name":"Golazo","item":"https:\/\/chasquideportivo.com\/ecrt\/category\/archivo\/golazo\/"},{"@type":"ListItem","position":4,"name":"Gustavo Alfaro capitanear\u00e1 la Tri de Ecuador"}]},{"@type":"WebSite","@id":"https:\/\/chasquideportivo.com\/ecrt\/#website","url":"https:\/\/chasquideportivo.com\/ecrt\/","name":"ChasquiDeportivo","description":"Informaci&oacute;n y comunicaci&oacute;n, reportajes, noticias, entrevistas en el &aacute;rea del deporte local, nacional.","publisher":{"@id":"https:\/\/chasquideportivo.com\/ecrt\/#organization"},"potentialAction":[{"@type":"SearchAction","target":{"@type":"EntryPoint","urlTemplate":"https:\/\/chasquideportivo.com\/ecrt\/?s={search_term_string}"},"query-input":{"@type":"PropertyValueSpecification","valueRequired":true,"valueName":"search_term_string"}}],"inLanguage":"es"},{"@type":"Organization","@id":"https:\/\/chasquideportivo.com\/ecrt\/#organization","name":"Chasqui Deportivo","url":"https:\/\/chasquideportivo.com\/ecrt\/","logo":{"@type":"ImageObject","inLanguage":"es","@id":"https:\/\/chasquideportivo.com\/ecrt\/#\/schema\/logo\/image\/","url":"https:\/\/chasquideportivo.com\/ecrt\/wp-content\/uploads\/2022\/01\/logo-vertical.jpg","contentUrl":"https:\/\/chasquideportivo.com\/ecrt\/wp-content\/uploads\/2022\/01\/logo-vertical.jpg","width":612,"height":750,"caption":"Chasqui Deportivo"},"image":{"@id":"https:\/\/chasquideportivo.com\/ecrt\/#\/schema\/logo\/image\/"},"sameAs":["https:\/\/www.facebook.com\/chasquideportivo","https:\/\/x.com\/chasquidep","https:\/\/www.instagram.com\/chasquideportivo.ec","https:\/\/www.youtube.com\/channel\/UCGY8M-csHuxJuGRt4XrV90Q"]},{"@type":"Person","@id":"https:\/\/chasquideportivo.com\/ecrt\/#\/schema\/person\/d9e229fabae4c1e3f82cf66d802ca7b6","name":"kollage","image":{"@type":"ImageObject","inLanguage":"es","@id":"https:\/\/secure.gravatar.com\/avatar\/69b5388bf21dfca5434ca100f351036f1fbff72ba519ef8157b31bcc7fbfbb18?s=96&d=mm&r=g","url":"https:\/\/secure.gravatar.com\/avatar\/69b5388bf21dfca5434ca100f351036f1fbff72ba519ef8157b31bcc7fbfbb18?s=96&d=mm&r=g","contentUrl":"https:\/\/secure.gravatar.com\/avatar\/69b5388bf21dfca5434ca100f351036f1fbff72ba519ef8157b31bcc7fbfbb18?s=96&d=mm&r=g","caption":"kollage"},"sameAs":["https:\/\/chasquideportivo.com\/ecrt"],"url":"https:\/\/chasquideportivo.com\/ecrt\/author\/kollage\/"}]}},"_links":{"self":[{"href":"https:\/\/chasquideportivo.com\/ecrt\/wp-json\/wp\/v2\/posts\/5526","targetHints":{"allow":["GET"]}}],"collection":[{"href":"https:\/\/chasquideportivo.com\/ecrt\/wp-json\/wp\/v2\/posts"}],"about":[{"href":"https:\/\/chasquideportivo.com\/ecrt\/wp-json\/wp\/v2\/types\/post"}],"author":[{"embeddable":true,"href":"https:\/\/chasquideportivo.com\/ecrt\/wp-json\/wp\/v2\/users\/1"}],"replies":[{"embeddable":true,"href":"https:\/\/chasquideportivo.com\/ecrt\/wp-json\/wp\/v2\/comments?post=5526"}],"version-history":[{"count":1,"href":"https:\/\/chasquideportivo.com\/ecrt\/wp-json\/wp\/v2\/posts\/5526\/revisions"}],"predecessor-version":[{"id":6333,"href":"https:\/\/chasquideportivo.com\/ecrt\/wp-json\/wp\/v2\/posts\/5526\/revisions\/6333"}],"wp:attachment":[{"href":"https:\/\/chasquideportivo.com\/ecrt\/wp-json\/wp\/v2\/media?parent=5526"}],"wp:term":[{"taxonomy":"category","embeddable":true,"href":"https:\/\/chasquideportivo.com\/ecrt\/wp-json\/wp\/v2\/categories?post=5526"},{"taxonomy":"post_tag","embeddable":true,"href":"https:\/\/chasquideportivo.com\/ecrt\/wp-json\/wp\/v2\/tags?post=5526"}],"curies":[{"name":"wp","href":"https:\/\/api.w.org\/{rel}","templated":true}]}}