{"id":5521,"date":"2021-03-20T17:59:43","date_gmt":"2021-03-20T17:59:43","guid":{"rendered":"https:\/\/chasquideportivo.com\/ecrt\/2021\/03\/20\/gustavo-alfaro-tiene-el-visto-bueno-del-directorio-de-la-fef\/"},"modified":"2021-03-20T19:25:49","modified_gmt":"2021-03-20T19:25:49","slug":"gustavo-alfaro-tiene-el-visto-bueno-del-directorio-de-la-fef","status":"publish","type":"post","link":"https:\/\/chasquideportivo.com\/ecrt\/gustavo-alfaro-tiene-el-visto-bueno-del-directorio-de-la-fef\/","title":{"rendered":"Gustavo Alfaro tiene el visto bueno del directorio de la FEF"},"content":{"rendered":"<p>El peri\u00f3dico Ole de Argentino anunci\u00f3 este s\u00e1bado que <a href=\"https:\/\/www.clarin.com\/tema\/gustavo-alfaro.html\">Gustavo Alfaro<\/a>, quien no volvi\u00f3 a trabajar como DT desde su partida de <a href=\"https:\/\/www.clarin.com\/tema\/boca-juniors.html\">Boca <\/a>a fines del 2019, ser\u00eda oficializado como nuevo entrenador de <a href=\"https:\/\/www.clarin.com\/tema\/seleccion-de-futbol-de-ecuador.html\">Ecuador <\/a>en las pr\u00f3ximas horas. De confirmarse, debutar\u00eda nada menos contra la <a href=\"https:\/\/www.clarin.com\/tema\/seleccion-argentina-de-futbol.html\">Selecci\u00f3n Argentina <\/a>en las Eliminatorias rumbo al Mundial de Qatar 2022.<\/p>\n<p>Los directivos de la Federaci\u00f3n Ecuatoriana de F\u00fatbol manejaron una lista de candidatos que ten\u00eda a varios argentinos. Son\u00f3 <a href=\"https:\/\/www.clarin.com\/tema\/matias-almeyda.html\">Mat\u00edas Almeyda<\/a>, tambi\u00e9n un viejo conocido como C\u00e9lico, pero Alfaro habr\u00eda quedado mejor parado y podr\u00eda ser anunciado en las pr\u00f3ximas horas.<\/p>\n<p>Luego de la postergaci\u00f3n por la pandemia, las Eliminatorias tienen fecha de regreso para principios de octubre. El debut de Ecuador est\u00e1 previsto para el 8 en Buenos Aires y de entrada podr\u00eda marcar <strong>el regreso de Alfaro<\/strong> a <a href=\"https:\/\/www.clarin.com\/tema\/la-bombonera.html\">la Bombonera<\/a>, ya que era el estadio se\u00f1alado para disputar dicho encuentro. Cinco d\u00edas m\u00e1s tarde, en <a href=\"https:\/\/www.clarin.com\/tema\/quito.html\">Quito<\/a>, recibir\u00e1 a <a href=\"https:\/\/www.clarin.com\/tema\/seleccion-de-futbol-de-uruguay.html\">Uruguay <\/a>por la segunda fecha.<\/p>\n<p>\u00bfC\u00f3mo juegan los equipos de Alfaro? La experiencia que establece en su forma de jugar con los clubes que ha dirigido por lo general con l\u00ednea de 4. Si se toman como referencia los esquemas utilizados con aplicaciones seg\u00fan sus rivales y estilo de juego que tienen los jugadores. En los equipos aplic\u00f3 el 4-4-2, el 4-1-4-1 y el 4-2-3-1, tres dibujos de la misma familia; puede ubicar delanteros como volantes externos, aunque \u00e9stos deber\u00e1n tambi\u00e9n sacrificarse defensivamente para colaborar en el retroceso.<\/p>\n<p>El estilo de juego es sencillo. Es de los entrenadores que suelen planificar bien los encuentros en funci\u00f3n de las fortalezas propias y las debilidades que encuentra en el adversario de turno, pero sobre todo tambi\u00e9n le gusta practicar hasta jugadas preparadas de laterales ofensivos, para crear una situaci\u00f3n de riesgo con apenas tres toques de ser posible. La pelota parada en c\u00f3rners y tiros libres tambi\u00e9n est\u00e1 en su pizarr\u00f3n.<\/p>\n<p>Gustavo Alfaro naci\u00f3 el 14 de agosto de 1962, en Rafaela, provincia de Santa Fe. Tiene experiencia dirigiendo a clubes como: Atl\u00e9tico Rafaela, Patronato, Quilmes, Olimpo, Belgrano, San Lorenzo, Arsenal, Rosario Central, Tigre, Gimnasia y Boca Juniors,<\/p>\n<p>El Directorio de la FEF se reuni\u00f3 este 22 de agosto, de manera virtual. Los nueve miembros de la comitiva votaron hoy para escoger al entrenador. Alfaro fue el elegido, Francisco Egas, presidente del organismo, los otros candidato Mat\u00edas Almeyda, Juan Antonio Pizzi, H\u00e9ctor C\u00faper y el uruguayo Guillermo Almada no llegar a un acuerdo econ\u00f3mico.<\/p>\n<p>Los peri\u00f3dicos de Argentina coinciden que la FEF le contratar\u00eda como nuevo entrenador para la selecci\u00f3n de mayores de Ecuador. Gustavo Alfaro, ha dirigido clubes y no selecciones. Francisco Egas, presidente, negociar\u00e1 con el visto bueno del directorio. \u00a1Ser\u00e1 una realidad!.<\/p>\n<p>2020-08-23 15:17:02<\/p>\n<p>Golazo<\/p>\n","protected":false},"excerpt":{"rendered":"<p>El peri\u00f3dico Ole de Argentino anunci\u00f3 este s\u00e1bado que Gustavo Alfaro, quien no volvi\u00f3 a trabajar como DT desde su partida de Boca a fines del 2019, ser\u00eda oficializado como nuevo entrenador de Ecuador en las pr\u00f3ximas horas. De confirmarse, debutar\u00eda nada menos contra la Selecci\u00f3n Argentina en las Eliminatorias rumbo al Mundial de Qatar [&hellip;]<\/p>\n","protected":false},"author":1,"featured_media":0,"comment_status":"open","ping_status":"open","sticky":false,"template":"","format":"standard","meta":{"_et_pb_use_builder":"","_et_pb_old_content":"","_et_gb_content_width":"","footnotes":""},"categories":[18],"tags":[37,36,35,34,39,28,23,20,22,24,19,38,21,41,40,3,6,31,25,42,29,30,27,26,33,32],"class_list":["post-5521","post","type-post","status-publish","format-standard","hentry","category-golazo","tag-37","tag-36","tag-35","tag-34","tag-actividad-deportiva","tag-barriales","tag-barrio","tag-chasqui","tag-chasqui-deportivo","tag-deporte","tag-deporte-barrial-ecuatoriano","tag-deportistas","tag-deportivo","tag-deportivos","tag-dirigentcia","tag-dirigentes","tag-ecuador","tag-ecuatorianas","tag-ecuatoriano","tag-ecuatorianos","tag-futbol","tag-futbolistas","tag-ligas","tag-ligas-barriales-ecuador","tag-pais","tag-quito"],"yoast_head":"<!-- This site is optimized with the Yoast SEO plugin v27.4 - https:\/\/yoast.com\/product\/yoast-seo-wordpress\/ -->\n<title>Gustavo Alfaro tiene el visto bueno del directorio de la FEF - ChasquiDeportivo<\/title>\n<meta name=\"description\" content=\"Chasqui Deportivo | Informaci\u00f3n y comunicaci\u00f3n, reportajes, noticias, entrevistas en el \u00e1rea del deporte local, nacional.\" \/>\n<meta name=\"robots\" content=\"index, follow, max-snippet:-1, max-image-preview:large, max-video-preview:-1\" \/>\n<link rel=\"canonical\" href=\"https:\/\/chasquideportivo.com\/ecrt\/gustavo-alfaro-tiene-el-visto-bueno-del-directorio-de-la-fef\/\" \/>\n<meta property=\"og:locale\" content=\"es_ES\" \/>\n<meta property=\"og:type\" content=\"article\" \/>\n<meta property=\"og:title\" content=\"Gustavo Alfaro tiene el visto bueno del directorio de la FEF - ChasquiDeportivo\" \/>\n<meta property=\"og:description\" content=\"Chasqui Deportivo | Informaci\u00f3n y comunicaci\u00f3n, reportajes, noticias, entrevistas en el \u00e1rea del deporte local, nacional.\" \/>\n<meta property=\"og:url\" content=\"https:\/\/chasquideportivo.com\/ecrt\/gustavo-alfaro-tiene-el-visto-bueno-del-directorio-de-la-fef\/\" \/>\n<meta property=\"og:site_name\" content=\"ChasquiDeportivo\" \/>\n<meta property=\"article:publisher\" content=\"https:\/\/www.facebook.com\/chasquideportivo\" \/>\n<meta property=\"article:published_time\" content=\"2021-03-20T17:59:43+00:00\" \/>\n<meta property=\"article:modified_time\" content=\"2021-03-20T19:25:49+00:00\" \/>\n<meta name=\"author\" content=\"kollage\" \/>\n<meta name=\"twitter:card\" content=\"summary_large_image\" \/>\n<meta name=\"twitter:creator\" content=\"@chasquidep\" \/>\n<meta name=\"twitter:site\" content=\"@chasquidep\" \/>\n<meta name=\"twitter:label1\" content=\"Escrito por\" \/>\n\t<meta name=\"twitter:data1\" content=\"kollage\" \/>\n\t<meta name=\"twitter:label2\" content=\"Tiempo de lectura\" \/>\n\t<meta name=\"twitter:data2\" content=\"2 minutos\" \/>\n<script type=\"application\/ld+json\" class=\"yoast-schema-graph\">{\"@context\":\"https:\\\/\\\/schema.org\",\"@graph\":[{\"@type\":\"Article\",\"@id\":\"https:\\\/\\\/chasquideportivo.com\\\/ecrt\\\/gustavo-alfaro-tiene-el-visto-bueno-del-directorio-de-la-fef\\\/#article\",\"isPartOf\":{\"@id\":\"https:\\\/\\\/chasquideportivo.com\\\/ecrt\\\/gustavo-alfaro-tiene-el-visto-bueno-del-directorio-de-la-fef\\\/\"},\"author\":{\"name\":\"kollage\",\"@id\":\"https:\\\/\\\/chasquideportivo.com\\\/ecrt\\\/#\\\/schema\\\/person\\\/d9e229fabae4c1e3f82cf66d802ca7b6\"},\"headline\":\"Gustavo Alfaro tiene el visto bueno del directorio de la FEF\",\"datePublished\":\"2021-03-20T17:59:43+00:00\",\"dateModified\":\"2021-03-20T19:25:49+00:00\",\"mainEntityOfPage\":{\"@id\":\"https:\\\/\\\/chasquideportivo.com\\\/ecrt\\\/gustavo-alfaro-tiene-el-visto-bueno-del-directorio-de-la-fef\\\/\"},\"wordCount\":500,\"commentCount\":0,\"publisher\":{\"@id\":\"https:\\\/\\\/chasquideportivo.com\\\/ecrt\\\/#organization\"},\"keywords\":[\"2018\",\"2019\",\"2020\",\"2021\",\"actividad deportiva\",\"barriales\",\"barrio\",\"chasqui\",\"chasqui deportivo\",\"deporte\",\"deporte barrial ecuatoriano\",\"deportistas\",\"deportivo\",\"deportivos\",\"dirigentcia\",\"dirigentes\",\"ecuador\",\"ecuatorianas\",\"ecuatoriano\",\"ecuatorianos\",\"futbol\",\"futbolistas\",\"ligas\",\"ligas barriales ecuador\",\"pa\u00eds\",\"quito\"],\"articleSection\":[\"Golazo\"],\"inLanguage\":\"es\",\"potentialAction\":[{\"@type\":\"CommentAction\",\"name\":\"Comment\",\"target\":[\"https:\\\/\\\/chasquideportivo.com\\\/ecrt\\\/gustavo-alfaro-tiene-el-visto-bueno-del-directorio-de-la-fef\\\/#respond\"]}]},{\"@type\":\"WebPage\",\"@id\":\"https:\\\/\\\/chasquideportivo.com\\\/ecrt\\\/gustavo-alfaro-tiene-el-visto-bueno-del-directorio-de-la-fef\\\/\",\"url\":\"https:\\\/\\\/chasquideportivo.com\\\/ecrt\\\/gustavo-alfaro-tiene-el-visto-bueno-del-directorio-de-la-fef\\\/\",\"name\":\"Gustavo Alfaro tiene el visto bueno del directorio de la FEF - ChasquiDeportivo\",\"isPartOf\":{\"@id\":\"https:\\\/\\\/chasquideportivo.com\\\/ecrt\\\/#website\"},\"datePublished\":\"2021-03-20T17:59:43+00:00\",\"dateModified\":\"2021-03-20T19:25:49+00:00\",\"description\":\"Chasqui Deportivo | Informaci\u00f3n y comunicaci\u00f3n, reportajes, noticias, entrevistas en el \u00e1rea del deporte local, nacional.\",\"breadcrumb\":{\"@id\":\"https:\\\/\\\/chasquideportivo.com\\\/ecrt\\\/gustavo-alfaro-tiene-el-visto-bueno-del-directorio-de-la-fef\\\/#breadcrumb\"},\"inLanguage\":\"es\",\"potentialAction\":[{\"@type\":\"ReadAction\",\"target\":[\"https:\\\/\\\/chasquideportivo.com\\\/ecrt\\\/gustavo-alfaro-tiene-el-visto-bueno-del-directorio-de-la-fef\\\/\"]}]},{\"@type\":\"BreadcrumbList\",\"@id\":\"https:\\\/\\\/chasquideportivo.com\\\/ecrt\\\/gustavo-alfaro-tiene-el-visto-bueno-del-directorio-de-la-fef\\\/#breadcrumb\",\"itemListElement\":[{\"@type\":\"ListItem\",\"position\":1,\"name\":\"Portada | Chasqui Deportivo\",\"item\":\"https:\\\/\\\/chasquideportivo.com\\\/ecrt\\\/\"},{\"@type\":\"ListItem\",\"position\":2,\"name\":\"Archivo\",\"item\":\"https:\\\/\\\/chasquideportivo.com\\\/ecrt\\\/category\\\/archivo\\\/\"},{\"@type\":\"ListItem\",\"position\":3,\"name\":\"Golazo\",\"item\":\"https:\\\/\\\/chasquideportivo.com\\\/ecrt\\\/category\\\/archivo\\\/golazo\\\/\"},{\"@type\":\"ListItem\",\"position\":4,\"name\":\"Gustavo Alfaro tiene el visto bueno del directorio de la FEF\"}]},{\"@type\":\"WebSite\",\"@id\":\"https:\\\/\\\/chasquideportivo.com\\\/ecrt\\\/#website\",\"url\":\"https:\\\/\\\/chasquideportivo.com\\\/ecrt\\\/\",\"name\":\"ChasquiDeportivo\",\"description\":\"Informaci&oacute;n y comunicaci&oacute;n, reportajes, noticias, entrevistas en el &aacute;rea del deporte local, nacional.\",\"publisher\":{\"@id\":\"https:\\\/\\\/chasquideportivo.com\\\/ecrt\\\/#organization\"},\"potentialAction\":[{\"@type\":\"SearchAction\",\"target\":{\"@type\":\"EntryPoint\",\"urlTemplate\":\"https:\\\/\\\/chasquideportivo.com\\\/ecrt\\\/?s={search_term_string}\"},\"query-input\":{\"@type\":\"PropertyValueSpecification\",\"valueRequired\":true,\"valueName\":\"search_term_string\"}}],\"inLanguage\":\"es\"},{\"@type\":\"Organization\",\"@id\":\"https:\\\/\\\/chasquideportivo.com\\\/ecrt\\\/#organization\",\"name\":\"Chasqui Deportivo\",\"url\":\"https:\\\/\\\/chasquideportivo.com\\\/ecrt\\\/\",\"logo\":{\"@type\":\"ImageObject\",\"inLanguage\":\"es\",\"@id\":\"https:\\\/\\\/chasquideportivo.com\\\/ecrt\\\/#\\\/schema\\\/logo\\\/image\\\/\",\"url\":\"https:\\\/\\\/chasquideportivo.com\\\/ecrt\\\/wp-content\\\/uploads\\\/2022\\\/01\\\/logo-vertical.jpg\",\"contentUrl\":\"https:\\\/\\\/chasquideportivo.com\\\/ecrt\\\/wp-content\\\/uploads\\\/2022\\\/01\\\/logo-vertical.jpg\",\"width\":612,\"height\":750,\"caption\":\"Chasqui Deportivo\"},\"image\":{\"@id\":\"https:\\\/\\\/chasquideportivo.com\\\/ecrt\\\/#\\\/schema\\\/logo\\\/image\\\/\"},\"sameAs\":[\"https:\\\/\\\/www.facebook.com\\\/chasquideportivo\",\"https:\\\/\\\/x.com\\\/chasquidep\",\"https:\\\/\\\/www.instagram.com\\\/chasquideportivo.ec\",\"https:\\\/\\\/www.youtube.com\\\/channel\\\/UCGY8M-csHuxJuGRt4XrV90Q\"]},{\"@type\":\"Person\",\"@id\":\"https:\\\/\\\/chasquideportivo.com\\\/ecrt\\\/#\\\/schema\\\/person\\\/d9e229fabae4c1e3f82cf66d802ca7b6\",\"name\":\"kollage\",\"image\":{\"@type\":\"ImageObject\",\"inLanguage\":\"es\",\"@id\":\"https:\\\/\\\/secure.gravatar.com\\\/avatar\\\/69b5388bf21dfca5434ca100f351036f1fbff72ba519ef8157b31bcc7fbfbb18?s=96&d=mm&r=g\",\"url\":\"https:\\\/\\\/secure.gravatar.com\\\/avatar\\\/69b5388bf21dfca5434ca100f351036f1fbff72ba519ef8157b31bcc7fbfbb18?s=96&d=mm&r=g\",\"contentUrl\":\"https:\\\/\\\/secure.gravatar.com\\\/avatar\\\/69b5388bf21dfca5434ca100f351036f1fbff72ba519ef8157b31bcc7fbfbb18?s=96&d=mm&r=g\",\"caption\":\"kollage\"},\"sameAs\":[\"https:\\\/\\\/chasquideportivo.com\\\/ecrt\"],\"url\":\"https:\\\/\\\/chasquideportivo.com\\\/ecrt\\\/author\\\/kollage\\\/\"}]}<\/script>\n<!-- \/ Yoast SEO plugin. -->","yoast_head_json":{"title":"Gustavo Alfaro tiene el visto bueno del directorio de la FEF - ChasquiDeportivo","description":"Chasqui Deportivo | Informaci\u00f3n y comunicaci\u00f3n, reportajes, noticias, entrevistas en el \u00e1rea del deporte local, nacional.","robots":{"index":"index","follow":"follow","max-snippet":"max-snippet:-1","max-image-preview":"max-image-preview:large","max-video-preview":"max-video-preview:-1"},"canonical":"https:\/\/chasquideportivo.com\/ecrt\/gustavo-alfaro-tiene-el-visto-bueno-del-directorio-de-la-fef\/","og_locale":"es_ES","og_type":"article","og_title":"Gustavo Alfaro tiene el visto bueno del directorio de la FEF - ChasquiDeportivo","og_description":"Chasqui Deportivo | Informaci\u00f3n y comunicaci\u00f3n, reportajes, noticias, entrevistas en el \u00e1rea del deporte local, nacional.","og_url":"https:\/\/chasquideportivo.com\/ecrt\/gustavo-alfaro-tiene-el-visto-bueno-del-directorio-de-la-fef\/","og_site_name":"ChasquiDeportivo","article_publisher":"https:\/\/www.facebook.com\/chasquideportivo","article_published_time":"2021-03-20T17:59:43+00:00","article_modified_time":"2021-03-20T19:25:49+00:00","author":"kollage","twitter_card":"summary_large_image","twitter_creator":"@chasquidep","twitter_site":"@chasquidep","twitter_misc":{"Escrito por":"kollage","Tiempo de lectura":"2 minutos"},"schema":{"@context":"https:\/\/schema.org","@graph":[{"@type":"Article","@id":"https:\/\/chasquideportivo.com\/ecrt\/gustavo-alfaro-tiene-el-visto-bueno-del-directorio-de-la-fef\/#article","isPartOf":{"@id":"https:\/\/chasquideportivo.com\/ecrt\/gustavo-alfaro-tiene-el-visto-bueno-del-directorio-de-la-fef\/"},"author":{"name":"kollage","@id":"https:\/\/chasquideportivo.com\/ecrt\/#\/schema\/person\/d9e229fabae4c1e3f82cf66d802ca7b6"},"headline":"Gustavo Alfaro tiene el visto bueno del directorio de la FEF","datePublished":"2021-03-20T17:59:43+00:00","dateModified":"2021-03-20T19:25:49+00:00","mainEntityOfPage":{"@id":"https:\/\/chasquideportivo.com\/ecrt\/gustavo-alfaro-tiene-el-visto-bueno-del-directorio-de-la-fef\/"},"wordCount":500,"commentCount":0,"publisher":{"@id":"https:\/\/chasquideportivo.com\/ecrt\/#organization"},"keywords":["2018","2019","2020","2021","actividad deportiva","barriales","barrio","chasqui","chasqui deportivo","deporte","deporte barrial ecuatoriano","deportistas","deportivo","deportivos","dirigentcia","dirigentes","ecuador","ecuatorianas","ecuatoriano","ecuatorianos","futbol","futbolistas","ligas","ligas barriales ecuador","pa\u00eds","quito"],"articleSection":["Golazo"],"inLanguage":"es","potentialAction":[{"@type":"CommentAction","name":"Comment","target":["https:\/\/chasquideportivo.com\/ecrt\/gustavo-alfaro-tiene-el-visto-bueno-del-directorio-de-la-fef\/#respond"]}]},{"@type":"WebPage","@id":"https:\/\/chasquideportivo.com\/ecrt\/gustavo-alfaro-tiene-el-visto-bueno-del-directorio-de-la-fef\/","url":"https:\/\/chasquideportivo.com\/ecrt\/gustavo-alfaro-tiene-el-visto-bueno-del-directorio-de-la-fef\/","name":"Gustavo Alfaro tiene el visto bueno del directorio de la FEF - ChasquiDeportivo","isPartOf":{"@id":"https:\/\/chasquideportivo.com\/ecrt\/#website"},"datePublished":"2021-03-20T17:59:43+00:00","dateModified":"2021-03-20T19:25:49+00:00","description":"Chasqui Deportivo | Informaci\u00f3n y comunicaci\u00f3n, reportajes, noticias, entrevistas en el \u00e1rea del deporte local, nacional.","breadcrumb":{"@id":"https:\/\/chasquideportivo.com\/ecrt\/gustavo-alfaro-tiene-el-visto-bueno-del-directorio-de-la-fef\/#breadcrumb"},"inLanguage":"es","potentialAction":[{"@type":"ReadAction","target":["https:\/\/chasquideportivo.com\/ecrt\/gustavo-alfaro-tiene-el-visto-bueno-del-directorio-de-la-fef\/"]}]},{"@type":"BreadcrumbList","@id":"https:\/\/chasquideportivo.com\/ecrt\/gustavo-alfaro-tiene-el-visto-bueno-del-directorio-de-la-fef\/#breadcrumb","itemListElement":[{"@type":"ListItem","position":1,"name":"Portada | Chasqui Deportivo","item":"https:\/\/chasquideportivo.com\/ecrt\/"},{"@type":"ListItem","position":2,"name":"Archivo","item":"https:\/\/chasquideportivo.com\/ecrt\/category\/archivo\/"},{"@type":"ListItem","position":3,"name":"Golazo","item":"https:\/\/chasquideportivo.com\/ecrt\/category\/archivo\/golazo\/"},{"@type":"ListItem","position":4,"name":"Gustavo Alfaro tiene el visto bueno del directorio de la FEF"}]},{"@type":"WebSite","@id":"https:\/\/chasquideportivo.com\/ecrt\/#website","url":"https:\/\/chasquideportivo.com\/ecrt\/","name":"ChasquiDeportivo","description":"Informaci&oacute;n y comunicaci&oacute;n, reportajes, noticias, entrevistas en el &aacute;rea del deporte local, nacional.","publisher":{"@id":"https:\/\/chasquideportivo.com\/ecrt\/#organization"},"potentialAction":[{"@type":"SearchAction","target":{"@type":"EntryPoint","urlTemplate":"https:\/\/chasquideportivo.com\/ecrt\/?s={search_term_string}"},"query-input":{"@type":"PropertyValueSpecification","valueRequired":true,"valueName":"search_term_string"}}],"inLanguage":"es"},{"@type":"Organization","@id":"https:\/\/chasquideportivo.com\/ecrt\/#organization","name":"Chasqui Deportivo","url":"https:\/\/chasquideportivo.com\/ecrt\/","logo":{"@type":"ImageObject","inLanguage":"es","@id":"https:\/\/chasquideportivo.com\/ecrt\/#\/schema\/logo\/image\/","url":"https:\/\/chasquideportivo.com\/ecrt\/wp-content\/uploads\/2022\/01\/logo-vertical.jpg","contentUrl":"https:\/\/chasquideportivo.com\/ecrt\/wp-content\/uploads\/2022\/01\/logo-vertical.jpg","width":612,"height":750,"caption":"Chasqui Deportivo"},"image":{"@id":"https:\/\/chasquideportivo.com\/ecrt\/#\/schema\/logo\/image\/"},"sameAs":["https:\/\/www.facebook.com\/chasquideportivo","https:\/\/x.com\/chasquidep","https:\/\/www.instagram.com\/chasquideportivo.ec","https:\/\/www.youtube.com\/channel\/UCGY8M-csHuxJuGRt4XrV90Q"]},{"@type":"Person","@id":"https:\/\/chasquideportivo.com\/ecrt\/#\/schema\/person\/d9e229fabae4c1e3f82cf66d802ca7b6","name":"kollage","image":{"@type":"ImageObject","inLanguage":"es","@id":"https:\/\/secure.gravatar.com\/avatar\/69b5388bf21dfca5434ca100f351036f1fbff72ba519ef8157b31bcc7fbfbb18?s=96&d=mm&r=g","url":"https:\/\/secure.gravatar.com\/avatar\/69b5388bf21dfca5434ca100f351036f1fbff72ba519ef8157b31bcc7fbfbb18?s=96&d=mm&r=g","contentUrl":"https:\/\/secure.gravatar.com\/avatar\/69b5388bf21dfca5434ca100f351036f1fbff72ba519ef8157b31bcc7fbfbb18?s=96&d=mm&r=g","caption":"kollage"},"sameAs":["https:\/\/chasquideportivo.com\/ecrt"],"url":"https:\/\/chasquideportivo.com\/ecrt\/author\/kollage\/"}]}},"_links":{"self":[{"href":"https:\/\/chasquideportivo.com\/ecrt\/wp-json\/wp\/v2\/posts\/5521","targetHints":{"allow":["GET"]}}],"collection":[{"href":"https:\/\/chasquideportivo.com\/ecrt\/wp-json\/wp\/v2\/posts"}],"about":[{"href":"https:\/\/chasquideportivo.com\/ecrt\/wp-json\/wp\/v2\/types\/post"}],"author":[{"embeddable":true,"href":"https:\/\/chasquideportivo.com\/ecrt\/wp-json\/wp\/v2\/users\/1"}],"replies":[{"embeddable":true,"href":"https:\/\/chasquideportivo.com\/ecrt\/wp-json\/wp\/v2\/comments?post=5521"}],"version-history":[{"count":1,"href":"https:\/\/chasquideportivo.com\/ecrt\/wp-json\/wp\/v2\/posts\/5521\/revisions"}],"predecessor-version":[{"id":6363,"href":"https:\/\/chasquideportivo.com\/ecrt\/wp-json\/wp\/v2\/posts\/5521\/revisions\/6363"}],"wp:attachment":[{"href":"https:\/\/chasquideportivo.com\/ecrt\/wp-json\/wp\/v2\/media?parent=5521"}],"wp:term":[{"taxonomy":"category","embeddable":true,"href":"https:\/\/chasquideportivo.com\/ecrt\/wp-json\/wp\/v2\/categories?post=5521"},{"taxonomy":"post_tag","embeddable":true,"href":"https:\/\/chasquideportivo.com\/ecrt\/wp-json\/wp\/v2\/tags?post=5521"}],"curies":[{"name":"wp","href":"https:\/\/api.w.org\/{rel}","templated":true}]}}