{"id":5480,"date":"2021-03-20T17:59:39","date_gmt":"2021-03-20T17:59:39","guid":{"rendered":"https:\/\/chasquideportivo.com\/ecrt\/2021\/03\/20\/no-existe-un-protocolo-mas-sano-que-el-nuestro\/"},"modified":"2021-03-20T18:19:08","modified_gmt":"2021-03-20T18:19:08","slug":"no-existe-un-protocolo-mas-sano-que-el-nuestro","status":"publish","type":"post","link":"https:\/\/chasquideportivo.com\/ecrt\/no-existe-un-protocolo-mas-sano-que-el-nuestro\/","title":{"rendered":"&#8220;No existe un protocolo m\u00e1s sano que el nuestro&#8221;"},"content":{"rendered":"<p>Ante la imposibilidad de definir una fecha precisa para reanudar el torneo y reducirse la disponibilidad de tiempo para completar las 26 jornadas pendientes entre todos los compromisos continentales. Son las dificultades que enfrenta la organizaci\u00f3n del f\u00fatbol profesional en Ecuador.<\/p>\n<p>&#8220;Si no se arranca el 15 de agosto, la disputa se convertir\u00e1 en una carnicer\u00eda. No podemos jugar cada dos d\u00edas, est\u00e1 prohibido por la FIFA. Entonces, \u00bfc\u00f3mo har\u00edamos para jugar las 26 fechas en 18 semanas?&#8221;, se pregunt\u00f3 el t\u00e9cnico argentino Ricardo Dillon, del Atl\u00e9tico Mushuc Runa, en una conversaci\u00f3n con Efe.<\/p>\n<p>Y precis\u00f3 que desde su punto de vista se deber\u00eda arrancar el 15 de agosto, s\u00ed o s\u00ed, &#8220;adem\u00e1s, no existe un protocolo m\u00e1s sano que el nuestro&#8221;.<\/p>\n<p>&#8220;Nos han hecho tres pruebas sin ning\u00fan futbolista contagiado, por lo que creo no se puede atrasar m\u00e1s la reanudaci\u00f3n&#8221;, agreg\u00f3.<\/p>\n<p>El 15 de agosto es la fecha tentativa fijada por el Comit\u00e9 Nacional de Operaciones de Emergencia (COE-N) para retomar el campeonato, pero sujeta a la propagaci\u00f3n del virus.<\/p>\n<p>Por el momento, el n\u00famero de positivos en Ecuador subi\u00f3 este mi\u00e9rcoles a 83.193, mientras que los fallecidos oficiales suman 5.623 y los probables 3.465, de acuerdo con el Ministerio de Salud P\u00fablica.<\/p>\n<p>El problema es que los contagios diarios no se detienen y las autoridades han debido tomar medidas de excepci\u00f3n en una veintena de cantones, con Quito -que tiene cinco equipos en la Serie A y un sexto en la B- como uno de los focos de la pandemia en este momento.<\/p>\n<p>En julio, el COE anul\u00f3 en dos ocasiones la reanudaci\u00f3n del torneo, por lo que no se descarta una tercera, lo que ya pondr\u00eda en serios aprietos la celebraci\u00f3n del campeonato, m\u00e1s que nada por falta de tiempo.<\/p>\n<p>Aun as\u00ed, y si realmente se reactiva, los clubes dispondr\u00edan de un aproximado de 18 semanas, cuando tienen pendiente 26 jornadas, pues hasta el 14 de marzo -en que se suspendi\u00f3 el torneo- se hab\u00edan disputado cuatro fechas y dos de los ocho partidos de la quinta.<\/p>\n<p>Por ello, las autoridades sanitarias soportan una gran presi\u00f3n de la LigaPro.<\/p>\n<p>Miller Salazar, presidente de Macar\u00e1, consider\u00f3 en declaraciones a Efe que &#8220;jugando domingo, mi\u00e9rcoles, domingo, s\u00ed alcanzar\u00eda el tiempo&#8221; para la disputa del torneo de 2020.<\/p>\n<p>Sin embargo, la Copa Libertadores tambi\u00e9n tiene previsto reanudar sus actividades el 15 de septiembre, partiendo desde la tercera fecha de la fase de Grupos, lo mismo que la Copa Sudamericana.<\/p>\n<p>Por lo que si el torneo nacional se reactiva el 15 de agosto, habr\u00eda que sumar las cuatro fechas continentales para Barcelona, Delf\u00edn, Independiente del Valle y Liga de Quito, en la Libertadores, y otros dos partidos para Emelec en Sudamericana.<\/p>\n<p>El calendario futbolero ecuatoriano tambi\u00e9n se ver\u00e1 afectado por las eliminatorias sudamericanas para el Mundial de Catar 2022, que comenzar\u00edan desde octubre pr\u00f3ximo, cuando Conmebol y FIFA prev\u00e9n disputar cuatro fechas hasta noviembre pr\u00f3ximo.<\/p>\n<p>Todo ello ocasionar\u00eda la reducci\u00f3n de 20 d\u00edas para el torneo local para dar paso a la concentraci\u00f3n del combinado y la disputa de los cuatro partidos.<\/p>\n<p>Tras el par\u00f3n deportivo el 14 de marzo, los equipos ecuatorianos retornaron a los entrenamientos el 10 de junio en medio de estrictos protocolos de bioseguridad, y la semana pasada se disput\u00f3 un partido &#8216;simulacro&#8217; en la ciudad de Guayaquil entre Barcelona y Guayaquil City, pactado entre el COE-N y la Liga Pro.<\/p>\n<p>Tras ese simulacro, los directivos esperaban la autorizaci\u00f3n del COE para reanudar el torneo el 29 de julio, pero no ha sido as\u00ed. Ni siquiera se sabe si se disputar\u00e1n partidos en la capital o deber\u00e1n ser trasladados a otras ciudades.<\/p>\n<p>Entretanto, y para calentar motores, se han autorizado este s\u00e1bado dos compromisos, tambi\u00e9n de simulacro, entre Liga de Quito y Aucas, y Universidad Cat\u00f3lica e Independiente del Valle, los cuatro con sede en la capital ecuatoriana. EFE<\/p>\n<p>El 15 de agosto se reiniciar\u00eda la LigaPro, pero sujeta la situaci\u00f3n del virus letal. La incesante propagaci\u00f3n de la COVID-19 pone en peligro el a\u00f1o futbol\u00edstico en Ecuador. El tiempo se achica para el calendario de juegos.<\/p>\n<p>2020-07-31 15:29:42<\/p>\n<p>Golazo<\/p>\n","protected":false},"excerpt":{"rendered":"<p>Ante la imposibilidad de definir una fecha precisa para reanudar el torneo y reducirse la disponibilidad de tiempo para completar las 26 jornadas pendientes entre todos los compromisos continentales. Son las dificultades que enfrenta la organizaci\u00f3n del f\u00fatbol profesional en Ecuador. &#8220;Si no se arranca el 15 de agosto, la disputa se convertir\u00e1 en una [&hellip;]<\/p>\n","protected":false},"author":1,"featured_media":0,"comment_status":"open","ping_status":"open","sticky":false,"template":"","format":"standard","meta":{"_et_pb_use_builder":"","_et_pb_old_content":"","_et_gb_content_width":"","footnotes":""},"categories":[18],"tags":[37,36,35,34,39,28,23,20,22,24,19,38,21,41,40,3,6,31,25,42,29,30,27,26,33,32],"class_list":["post-5480","post","type-post","status-publish","format-standard","hentry","category-golazo","tag-37","tag-36","tag-35","tag-34","tag-actividad-deportiva","tag-barriales","tag-barrio","tag-chasqui","tag-chasqui-deportivo","tag-deporte","tag-deporte-barrial-ecuatoriano","tag-deportistas","tag-deportivo","tag-deportivos","tag-dirigentcia","tag-dirigentes","tag-ecuador","tag-ecuatorianas","tag-ecuatoriano","tag-ecuatorianos","tag-futbol","tag-futbolistas","tag-ligas","tag-ligas-barriales-ecuador","tag-pais","tag-quito"],"yoast_head":"<!-- This site is optimized with the Yoast SEO plugin v27.4 - https:\/\/yoast.com\/product\/yoast-seo-wordpress\/ -->\n<title>&quot;No existe un protocolo m\u00e1s sano que el nuestro&quot; - ChasquiDeportivo<\/title>\n<meta name=\"description\" content=\"Chasqui Deportivo | Informaci\u00f3n y comunicaci\u00f3n, reportajes, noticias, entrevistas en el \u00e1rea del deporte local, nacional.\" \/>\n<meta name=\"robots\" content=\"index, follow, max-snippet:-1, max-image-preview:large, max-video-preview:-1\" \/>\n<link rel=\"canonical\" href=\"https:\/\/chasquideportivo.com\/ecrt\/no-existe-un-protocolo-mas-sano-que-el-nuestro\/\" \/>\n<meta property=\"og:locale\" content=\"es_ES\" \/>\n<meta property=\"og:type\" content=\"article\" \/>\n<meta property=\"og:title\" content=\"&quot;No existe un protocolo m\u00e1s sano que el nuestro&quot; - ChasquiDeportivo\" \/>\n<meta property=\"og:description\" content=\"Chasqui Deportivo | Informaci\u00f3n y comunicaci\u00f3n, reportajes, noticias, entrevistas en el \u00e1rea del deporte local, nacional.\" \/>\n<meta property=\"og:url\" content=\"https:\/\/chasquideportivo.com\/ecrt\/no-existe-un-protocolo-mas-sano-que-el-nuestro\/\" \/>\n<meta property=\"og:site_name\" content=\"ChasquiDeportivo\" \/>\n<meta property=\"article:publisher\" content=\"https:\/\/www.facebook.com\/chasquideportivo\" \/>\n<meta property=\"article:published_time\" content=\"2021-03-20T17:59:39+00:00\" \/>\n<meta property=\"article:modified_time\" content=\"2021-03-20T18:19:08+00:00\" \/>\n<meta name=\"author\" content=\"kollage\" \/>\n<meta name=\"twitter:card\" content=\"summary_large_image\" \/>\n<meta name=\"twitter:creator\" content=\"@chasquidep\" \/>\n<meta name=\"twitter:site\" content=\"@chasquidep\" \/>\n<meta name=\"twitter:label1\" content=\"Escrito por\" \/>\n\t<meta name=\"twitter:data1\" content=\"kollage\" \/>\n\t<meta name=\"twitter:label2\" content=\"Tiempo de lectura\" \/>\n\t<meta name=\"twitter:data2\" content=\"4 minutos\" \/>\n<script type=\"application\/ld+json\" class=\"yoast-schema-graph\">{\"@context\":\"https:\\\/\\\/schema.org\",\"@graph\":[{\"@type\":\"Article\",\"@id\":\"https:\\\/\\\/chasquideportivo.com\\\/ecrt\\\/no-existe-un-protocolo-mas-sano-que-el-nuestro\\\/#article\",\"isPartOf\":{\"@id\":\"https:\\\/\\\/chasquideportivo.com\\\/ecrt\\\/no-existe-un-protocolo-mas-sano-que-el-nuestro\\\/\"},\"author\":{\"name\":\"kollage\",\"@id\":\"https:\\\/\\\/chasquideportivo.com\\\/ecrt\\\/#\\\/schema\\\/person\\\/d9e229fabae4c1e3f82cf66d802ca7b6\"},\"headline\":\"&#8220;No existe un protocolo m\u00e1s sano que el nuestro&#8221;\",\"datePublished\":\"2021-03-20T17:59:39+00:00\",\"dateModified\":\"2021-03-20T18:19:08+00:00\",\"mainEntityOfPage\":{\"@id\":\"https:\\\/\\\/chasquideportivo.com\\\/ecrt\\\/no-existe-un-protocolo-mas-sano-que-el-nuestro\\\/\"},\"wordCount\":726,\"commentCount\":0,\"publisher\":{\"@id\":\"https:\\\/\\\/chasquideportivo.com\\\/ecrt\\\/#organization\"},\"keywords\":[\"2018\",\"2019\",\"2020\",\"2021\",\"actividad deportiva\",\"barriales\",\"barrio\",\"chasqui\",\"chasqui deportivo\",\"deporte\",\"deporte barrial ecuatoriano\",\"deportistas\",\"deportivo\",\"deportivos\",\"dirigentcia\",\"dirigentes\",\"ecuador\",\"ecuatorianas\",\"ecuatoriano\",\"ecuatorianos\",\"futbol\",\"futbolistas\",\"ligas\",\"ligas barriales ecuador\",\"pa\u00eds\",\"quito\"],\"articleSection\":[\"Golazo\"],\"inLanguage\":\"es\",\"potentialAction\":[{\"@type\":\"CommentAction\",\"name\":\"Comment\",\"target\":[\"https:\\\/\\\/chasquideportivo.com\\\/ecrt\\\/no-existe-un-protocolo-mas-sano-que-el-nuestro\\\/#respond\"]}]},{\"@type\":\"WebPage\",\"@id\":\"https:\\\/\\\/chasquideportivo.com\\\/ecrt\\\/no-existe-un-protocolo-mas-sano-que-el-nuestro\\\/\",\"url\":\"https:\\\/\\\/chasquideportivo.com\\\/ecrt\\\/no-existe-un-protocolo-mas-sano-que-el-nuestro\\\/\",\"name\":\"\\\"No existe un protocolo m\u00e1s sano que el nuestro\\\" - ChasquiDeportivo\",\"isPartOf\":{\"@id\":\"https:\\\/\\\/chasquideportivo.com\\\/ecrt\\\/#website\"},\"datePublished\":\"2021-03-20T17:59:39+00:00\",\"dateModified\":\"2021-03-20T18:19:08+00:00\",\"description\":\"Chasqui Deportivo | Informaci\u00f3n y comunicaci\u00f3n, reportajes, noticias, entrevistas en el \u00e1rea del deporte local, nacional.\",\"breadcrumb\":{\"@id\":\"https:\\\/\\\/chasquideportivo.com\\\/ecrt\\\/no-existe-un-protocolo-mas-sano-que-el-nuestro\\\/#breadcrumb\"},\"inLanguage\":\"es\",\"potentialAction\":[{\"@type\":\"ReadAction\",\"target\":[\"https:\\\/\\\/chasquideportivo.com\\\/ecrt\\\/no-existe-un-protocolo-mas-sano-que-el-nuestro\\\/\"]}]},{\"@type\":\"BreadcrumbList\",\"@id\":\"https:\\\/\\\/chasquideportivo.com\\\/ecrt\\\/no-existe-un-protocolo-mas-sano-que-el-nuestro\\\/#breadcrumb\",\"itemListElement\":[{\"@type\":\"ListItem\",\"position\":1,\"name\":\"Portada | Chasqui Deportivo\",\"item\":\"https:\\\/\\\/chasquideportivo.com\\\/ecrt\\\/\"},{\"@type\":\"ListItem\",\"position\":2,\"name\":\"Archivo\",\"item\":\"https:\\\/\\\/chasquideportivo.com\\\/ecrt\\\/category\\\/archivo\\\/\"},{\"@type\":\"ListItem\",\"position\":3,\"name\":\"Golazo\",\"item\":\"https:\\\/\\\/chasquideportivo.com\\\/ecrt\\\/category\\\/archivo\\\/golazo\\\/\"},{\"@type\":\"ListItem\",\"position\":4,\"name\":\"\u00abNo existe un protocolo m\u00e1s sano que el nuestro\u00bb\"}]},{\"@type\":\"WebSite\",\"@id\":\"https:\\\/\\\/chasquideportivo.com\\\/ecrt\\\/#website\",\"url\":\"https:\\\/\\\/chasquideportivo.com\\\/ecrt\\\/\",\"name\":\"ChasquiDeportivo\",\"description\":\"Informaci&oacute;n y comunicaci&oacute;n, reportajes, noticias, entrevistas en el &aacute;rea del deporte local, nacional.\",\"publisher\":{\"@id\":\"https:\\\/\\\/chasquideportivo.com\\\/ecrt\\\/#organization\"},\"potentialAction\":[{\"@type\":\"SearchAction\",\"target\":{\"@type\":\"EntryPoint\",\"urlTemplate\":\"https:\\\/\\\/chasquideportivo.com\\\/ecrt\\\/?s={search_term_string}\"},\"query-input\":{\"@type\":\"PropertyValueSpecification\",\"valueRequired\":true,\"valueName\":\"search_term_string\"}}],\"inLanguage\":\"es\"},{\"@type\":\"Organization\",\"@id\":\"https:\\\/\\\/chasquideportivo.com\\\/ecrt\\\/#organization\",\"name\":\"Chasqui Deportivo\",\"url\":\"https:\\\/\\\/chasquideportivo.com\\\/ecrt\\\/\",\"logo\":{\"@type\":\"ImageObject\",\"inLanguage\":\"es\",\"@id\":\"https:\\\/\\\/chasquideportivo.com\\\/ecrt\\\/#\\\/schema\\\/logo\\\/image\\\/\",\"url\":\"https:\\\/\\\/chasquideportivo.com\\\/ecrt\\\/wp-content\\\/uploads\\\/2022\\\/01\\\/logo-vertical.jpg\",\"contentUrl\":\"https:\\\/\\\/chasquideportivo.com\\\/ecrt\\\/wp-content\\\/uploads\\\/2022\\\/01\\\/logo-vertical.jpg\",\"width\":612,\"height\":750,\"caption\":\"Chasqui Deportivo\"},\"image\":{\"@id\":\"https:\\\/\\\/chasquideportivo.com\\\/ecrt\\\/#\\\/schema\\\/logo\\\/image\\\/\"},\"sameAs\":[\"https:\\\/\\\/www.facebook.com\\\/chasquideportivo\",\"https:\\\/\\\/x.com\\\/chasquidep\",\"https:\\\/\\\/www.instagram.com\\\/chasquideportivo.ec\",\"https:\\\/\\\/www.youtube.com\\\/channel\\\/UCGY8M-csHuxJuGRt4XrV90Q\"]},{\"@type\":\"Person\",\"@id\":\"https:\\\/\\\/chasquideportivo.com\\\/ecrt\\\/#\\\/schema\\\/person\\\/d9e229fabae4c1e3f82cf66d802ca7b6\",\"name\":\"kollage\",\"image\":{\"@type\":\"ImageObject\",\"inLanguage\":\"es\",\"@id\":\"https:\\\/\\\/secure.gravatar.com\\\/avatar\\\/69b5388bf21dfca5434ca100f351036f1fbff72ba519ef8157b31bcc7fbfbb18?s=96&d=mm&r=g\",\"url\":\"https:\\\/\\\/secure.gravatar.com\\\/avatar\\\/69b5388bf21dfca5434ca100f351036f1fbff72ba519ef8157b31bcc7fbfbb18?s=96&d=mm&r=g\",\"contentUrl\":\"https:\\\/\\\/secure.gravatar.com\\\/avatar\\\/69b5388bf21dfca5434ca100f351036f1fbff72ba519ef8157b31bcc7fbfbb18?s=96&d=mm&r=g\",\"caption\":\"kollage\"},\"sameAs\":[\"https:\\\/\\\/chasquideportivo.com\\\/ecrt\"],\"url\":\"https:\\\/\\\/chasquideportivo.com\\\/ecrt\\\/author\\\/kollage\\\/\"}]}<\/script>\n<!-- \/ Yoast SEO plugin. -->","yoast_head_json":{"title":"\"No existe un protocolo m\u00e1s sano que el nuestro\" - ChasquiDeportivo","description":"Chasqui Deportivo | Informaci\u00f3n y comunicaci\u00f3n, reportajes, noticias, entrevistas en el \u00e1rea del deporte local, nacional.","robots":{"index":"index","follow":"follow","max-snippet":"max-snippet:-1","max-image-preview":"max-image-preview:large","max-video-preview":"max-video-preview:-1"},"canonical":"https:\/\/chasquideportivo.com\/ecrt\/no-existe-un-protocolo-mas-sano-que-el-nuestro\/","og_locale":"es_ES","og_type":"article","og_title":"\"No existe un protocolo m\u00e1s sano que el nuestro\" - ChasquiDeportivo","og_description":"Chasqui Deportivo | Informaci\u00f3n y comunicaci\u00f3n, reportajes, noticias, entrevistas en el \u00e1rea del deporte local, nacional.","og_url":"https:\/\/chasquideportivo.com\/ecrt\/no-existe-un-protocolo-mas-sano-que-el-nuestro\/","og_site_name":"ChasquiDeportivo","article_publisher":"https:\/\/www.facebook.com\/chasquideportivo","article_published_time":"2021-03-20T17:59:39+00:00","article_modified_time":"2021-03-20T18:19:08+00:00","author":"kollage","twitter_card":"summary_large_image","twitter_creator":"@chasquidep","twitter_site":"@chasquidep","twitter_misc":{"Escrito por":"kollage","Tiempo de lectura":"4 minutos"},"schema":{"@context":"https:\/\/schema.org","@graph":[{"@type":"Article","@id":"https:\/\/chasquideportivo.com\/ecrt\/no-existe-un-protocolo-mas-sano-que-el-nuestro\/#article","isPartOf":{"@id":"https:\/\/chasquideportivo.com\/ecrt\/no-existe-un-protocolo-mas-sano-que-el-nuestro\/"},"author":{"name":"kollage","@id":"https:\/\/chasquideportivo.com\/ecrt\/#\/schema\/person\/d9e229fabae4c1e3f82cf66d802ca7b6"},"headline":"&#8220;No existe un protocolo m\u00e1s sano que el nuestro&#8221;","datePublished":"2021-03-20T17:59:39+00:00","dateModified":"2021-03-20T18:19:08+00:00","mainEntityOfPage":{"@id":"https:\/\/chasquideportivo.com\/ecrt\/no-existe-un-protocolo-mas-sano-que-el-nuestro\/"},"wordCount":726,"commentCount":0,"publisher":{"@id":"https:\/\/chasquideportivo.com\/ecrt\/#organization"},"keywords":["2018","2019","2020","2021","actividad deportiva","barriales","barrio","chasqui","chasqui deportivo","deporte","deporte barrial ecuatoriano","deportistas","deportivo","deportivos","dirigentcia","dirigentes","ecuador","ecuatorianas","ecuatoriano","ecuatorianos","futbol","futbolistas","ligas","ligas barriales ecuador","pa\u00eds","quito"],"articleSection":["Golazo"],"inLanguage":"es","potentialAction":[{"@type":"CommentAction","name":"Comment","target":["https:\/\/chasquideportivo.com\/ecrt\/no-existe-un-protocolo-mas-sano-que-el-nuestro\/#respond"]}]},{"@type":"WebPage","@id":"https:\/\/chasquideportivo.com\/ecrt\/no-existe-un-protocolo-mas-sano-que-el-nuestro\/","url":"https:\/\/chasquideportivo.com\/ecrt\/no-existe-un-protocolo-mas-sano-que-el-nuestro\/","name":"\"No existe un protocolo m\u00e1s sano que el nuestro\" - ChasquiDeportivo","isPartOf":{"@id":"https:\/\/chasquideportivo.com\/ecrt\/#website"},"datePublished":"2021-03-20T17:59:39+00:00","dateModified":"2021-03-20T18:19:08+00:00","description":"Chasqui Deportivo | Informaci\u00f3n y comunicaci\u00f3n, reportajes, noticias, entrevistas en el \u00e1rea del deporte local, nacional.","breadcrumb":{"@id":"https:\/\/chasquideportivo.com\/ecrt\/no-existe-un-protocolo-mas-sano-que-el-nuestro\/#breadcrumb"},"inLanguage":"es","potentialAction":[{"@type":"ReadAction","target":["https:\/\/chasquideportivo.com\/ecrt\/no-existe-un-protocolo-mas-sano-que-el-nuestro\/"]}]},{"@type":"BreadcrumbList","@id":"https:\/\/chasquideportivo.com\/ecrt\/no-existe-un-protocolo-mas-sano-que-el-nuestro\/#breadcrumb","itemListElement":[{"@type":"ListItem","position":1,"name":"Portada | Chasqui Deportivo","item":"https:\/\/chasquideportivo.com\/ecrt\/"},{"@type":"ListItem","position":2,"name":"Archivo","item":"https:\/\/chasquideportivo.com\/ecrt\/category\/archivo\/"},{"@type":"ListItem","position":3,"name":"Golazo","item":"https:\/\/chasquideportivo.com\/ecrt\/category\/archivo\/golazo\/"},{"@type":"ListItem","position":4,"name":"\u00abNo existe un protocolo m\u00e1s sano que el nuestro\u00bb"}]},{"@type":"WebSite","@id":"https:\/\/chasquideportivo.com\/ecrt\/#website","url":"https:\/\/chasquideportivo.com\/ecrt\/","name":"ChasquiDeportivo","description":"Informaci&oacute;n y comunicaci&oacute;n, reportajes, noticias, entrevistas en el &aacute;rea del deporte local, nacional.","publisher":{"@id":"https:\/\/chasquideportivo.com\/ecrt\/#organization"},"potentialAction":[{"@type":"SearchAction","target":{"@type":"EntryPoint","urlTemplate":"https:\/\/chasquideportivo.com\/ecrt\/?s={search_term_string}"},"query-input":{"@type":"PropertyValueSpecification","valueRequired":true,"valueName":"search_term_string"}}],"inLanguage":"es"},{"@type":"Organization","@id":"https:\/\/chasquideportivo.com\/ecrt\/#organization","name":"Chasqui Deportivo","url":"https:\/\/chasquideportivo.com\/ecrt\/","logo":{"@type":"ImageObject","inLanguage":"es","@id":"https:\/\/chasquideportivo.com\/ecrt\/#\/schema\/logo\/image\/","url":"https:\/\/chasquideportivo.com\/ecrt\/wp-content\/uploads\/2022\/01\/logo-vertical.jpg","contentUrl":"https:\/\/chasquideportivo.com\/ecrt\/wp-content\/uploads\/2022\/01\/logo-vertical.jpg","width":612,"height":750,"caption":"Chasqui Deportivo"},"image":{"@id":"https:\/\/chasquideportivo.com\/ecrt\/#\/schema\/logo\/image\/"},"sameAs":["https:\/\/www.facebook.com\/chasquideportivo","https:\/\/x.com\/chasquidep","https:\/\/www.instagram.com\/chasquideportivo.ec","https:\/\/www.youtube.com\/channel\/UCGY8M-csHuxJuGRt4XrV90Q"]},{"@type":"Person","@id":"https:\/\/chasquideportivo.com\/ecrt\/#\/schema\/person\/d9e229fabae4c1e3f82cf66d802ca7b6","name":"kollage","image":{"@type":"ImageObject","inLanguage":"es","@id":"https:\/\/secure.gravatar.com\/avatar\/69b5388bf21dfca5434ca100f351036f1fbff72ba519ef8157b31bcc7fbfbb18?s=96&d=mm&r=g","url":"https:\/\/secure.gravatar.com\/avatar\/69b5388bf21dfca5434ca100f351036f1fbff72ba519ef8157b31bcc7fbfbb18?s=96&d=mm&r=g","contentUrl":"https:\/\/secure.gravatar.com\/avatar\/69b5388bf21dfca5434ca100f351036f1fbff72ba519ef8157b31bcc7fbfbb18?s=96&d=mm&r=g","caption":"kollage"},"sameAs":["https:\/\/chasquideportivo.com\/ecrt"],"url":"https:\/\/chasquideportivo.com\/ecrt\/author\/kollage\/"}]}},"_links":{"self":[{"href":"https:\/\/chasquideportivo.com\/ecrt\/wp-json\/wp\/v2\/posts\/5480","targetHints":{"allow":["GET"]}}],"collection":[{"href":"https:\/\/chasquideportivo.com\/ecrt\/wp-json\/wp\/v2\/posts"}],"about":[{"href":"https:\/\/chasquideportivo.com\/ecrt\/wp-json\/wp\/v2\/types\/post"}],"author":[{"embeddable":true,"href":"https:\/\/chasquideportivo.com\/ecrt\/wp-json\/wp\/v2\/users\/1"}],"replies":[{"embeddable":true,"href":"https:\/\/chasquideportivo.com\/ecrt\/wp-json\/wp\/v2\/comments?post=5480"}],"version-history":[{"count":1,"href":"https:\/\/chasquideportivo.com\/ecrt\/wp-json\/wp\/v2\/posts\/5480\/revisions"}],"predecessor-version":[{"id":5870,"href":"https:\/\/chasquideportivo.com\/ecrt\/wp-json\/wp\/v2\/posts\/5480\/revisions\/5870"}],"wp:attachment":[{"href":"https:\/\/chasquideportivo.com\/ecrt\/wp-json\/wp\/v2\/media?parent=5480"}],"wp:term":[{"taxonomy":"category","embeddable":true,"href":"https:\/\/chasquideportivo.com\/ecrt\/wp-json\/wp\/v2\/categories?post=5480"},{"taxonomy":"post_tag","embeddable":true,"href":"https:\/\/chasquideportivo.com\/ecrt\/wp-json\/wp\/v2\/tags?post=5480"}],"curies":[{"name":"wp","href":"https:\/\/api.w.org\/{rel}","templated":true}]}}