{"id":5477,"date":"2021-03-20T17:59:39","date_gmt":"2021-03-20T17:59:39","guid":{"rendered":"https:\/\/chasquideportivo.com\/ecrt\/2021\/03\/20\/directorio-de-la-fef-apunta-al-nuevo-tecnico-de-la-tri\/"},"modified":"2021-03-20T18:19:08","modified_gmt":"2021-03-20T18:19:08","slug":"directorio-de-la-fef-apunta-al-nuevo-tecnico-de-la-tri","status":"publish","type":"post","link":"https:\/\/chasquideportivo.com\/ecrt\/directorio-de-la-fef-apunta-al-nuevo-tecnico-de-la-tri\/","title":{"rendered":"Directorio de la FEF apunta al nuevo t\u00e9cnico de la Tri"},"content":{"rendered":"<p>El directorio de la<strong>&nbsp;Federaci\u00f3n Ecuatoriana de F\u00fatbol (FEF)<\/strong>, que preside&nbsp;<strong>Francisco Egas<\/strong>, se reunir\u00e1 el pr\u00f3ximo&nbsp;<strong>3 de agosto<\/strong>&nbsp;para analizar el&nbsp;<strong>perfil<\/strong>&nbsp;y la contrataci\u00f3n de un nuevo&nbsp;<strong>seleccionador nacional<\/strong>, tras la renuncia del&nbsp;<strong>hispano-holand\u00e9s Jordi Cruyff<\/strong>.<\/p>\n<p>En una convocatoria difundida este martes a los nueve miembros del&nbsp;<strong>Directorio<\/strong>,&nbsp;<strong>Egas<\/strong>&nbsp;convoca a una sesi\u00f3n&nbsp;<strong>extraordinaria<\/strong>&nbsp;para abordar, entre otros temas, el \u201can\u00e1lisis de los perfiles y el inicio de gestiones para la contrataci\u00f3n de director t\u00e9cnico y sus asistentes\u201d con miras al&nbsp;<strong>Mundial de Catar 2022<\/strong>.<\/p>\n<p>Esta ser\u00e1 la primera vez que los nueve miembros del Directorio se re\u00fanan desde la turbulenta sesi\u00f3n del&nbsp;<strong>pasado 24 de abril<\/strong>, cuando seis de ellos decidieron destituir a Egas de la presidencia para designar en su lugar a<strong>&nbsp;Jaime Estrada<\/strong>, una decisi\u00f3n que&nbsp;<strong>Conmebol<\/strong>&nbsp;y&nbsp;<strong>FIFA<\/strong>&nbsp;han rechazado pero que abri\u00f3 una&nbsp;<strong>grave crisis institucional<\/strong>.<\/p>\n<p>Crisis que fue&nbsp;<strong>una de las tres razones a las que aludieron Cruyff<\/strong>, y el ya tambi\u00e9n exdirector deportivo,&nbsp;<strong>Antonio Cord\u00f3n<\/strong>, para dimitir del proyecto nacional que hab\u00edan asumido entre&nbsp;<strong>diciembre<\/strong>&nbsp;y enero.<\/p>\n<p>La&nbsp;<strong>reuni\u00f3n<\/strong>&nbsp;urge para decidir qui\u00e9nes ser\u00e1n los&nbsp;<strong>sustitutos<\/strong>&nbsp;de ambos, cuya contrataci\u00f3n fue tan cuestionada por el grupo que se rebel\u00f3 contra&nbsp;<strong>Egas<\/strong>, que llevaba meses exigiendo reunir al&nbsp;<strong>Directorio<\/strong>&nbsp;para aclarar ese y otros temas.<\/p>\n<p>En el comunicado de hoy, la&nbsp;<strong>FEF<\/strong>&nbsp;tambi\u00e9n se\u00f1ala como temas a tratar el pr\u00f3ximo 3 de agosto \u201cel informe sobre fondos de desarrollo y ayuda&nbsp;<strong>COVID-19<\/strong>&nbsp;definidos por la&nbsp;<strong>Conmebol<\/strong>&nbsp;y la&nbsp;<strong>FIFA<\/strong>. Reglamentos de uso, controles requeridos, cronograma y distribuci\u00f3n entre clubes de las series<strong>&nbsp;A y B<\/strong>, y<strong>&nbsp;asociaciones provinciales<\/strong>\u201c.<\/p>\n<p>Tambi\u00e9n se analizar\u00e1 la&nbsp;<strong>\u201cpresentaci\u00f3n del Plan Selecciones Nacionales\u201d<\/strong>, con un informe sobre reducci\u00f3n de gastos, sinergia administrativa, estructural y planes de emergencia implementados para atravesar la crisis del&nbsp;<strong>COVID-19<\/strong>.<\/p>\n<p>As\u00ed como el an\u00e1lisis de<strong>&nbsp;\u201cproceso y reglas de control econ\u00f3mico\u201d<\/strong>&nbsp;a aplicar para clubes que comienzan su participaci\u00f3n en torneos nacionales y provinciales durante el mes de agosto.<\/p>\n<p>La&nbsp;<strong>reuni\u00f3n<\/strong>&nbsp;servir\u00e1 asimismo para conocer la<strong>&nbsp;situaci\u00f3n institucional de la FEF<\/strong>&nbsp;y el balance de fuerzas entre uno y otro grupo. EFE<\/p>\n<p>La&nbsp;<strong>reuni\u00f3n de la FEF<\/strong>&nbsp;urge para decidir qui\u00e9nes ser\u00e1n los&nbsp;<strong>sustitutos<\/strong>&nbsp;del cuerpo t\u00e9cnico de la selecci\u00f3n de mayores. Tambi\u00e9n se tratar\u00e1 el informe sobre fondos de desarrollo y ayuda&nbsp;<strong>COVID-19<\/strong>&nbsp;definidos por la&nbsp;<strong>Conmebol<\/strong>&nbsp;y la&nbsp;<strong>FIFA. <\/strong><\/p>\n<p>2020-07-29 21:03:55<\/p>\n<p>Golazo<\/p>\n","protected":false},"excerpt":{"rendered":"<p>El directorio de la&nbsp;Federaci\u00f3n Ecuatoriana de F\u00fatbol (FEF), que preside&nbsp;Francisco Egas, se reunir\u00e1 el pr\u00f3ximo&nbsp;3 de agosto&nbsp;para analizar el&nbsp;perfil&nbsp;y la contrataci\u00f3n de un nuevo&nbsp;seleccionador nacional, tras la renuncia del&nbsp;hispano-holand\u00e9s Jordi Cruyff. En una convocatoria difundida este martes a los nueve miembros del&nbsp;Directorio,&nbsp;Egas&nbsp;convoca a una sesi\u00f3n&nbsp;extraordinaria&nbsp;para abordar, entre otros temas, el \u201can\u00e1lisis de los perfiles y [&hellip;]<\/p>\n","protected":false},"author":1,"featured_media":0,"comment_status":"open","ping_status":"open","sticky":false,"template":"","format":"standard","meta":{"_et_pb_use_builder":"","_et_pb_old_content":"","_et_gb_content_width":"","footnotes":""},"categories":[18],"tags":[37,36,35,34,39,28,23,20,22,24,19,38,21,41,40,3,6,31,25,42,29,30,27,26,33,32],"class_list":["post-5477","post","type-post","status-publish","format-standard","hentry","category-golazo","tag-37","tag-36","tag-35","tag-34","tag-actividad-deportiva","tag-barriales","tag-barrio","tag-chasqui","tag-chasqui-deportivo","tag-deporte","tag-deporte-barrial-ecuatoriano","tag-deportistas","tag-deportivo","tag-deportivos","tag-dirigentcia","tag-dirigentes","tag-ecuador","tag-ecuatorianas","tag-ecuatoriano","tag-ecuatorianos","tag-futbol","tag-futbolistas","tag-ligas","tag-ligas-barriales-ecuador","tag-pais","tag-quito"],"yoast_head":"<!-- This site is optimized with the Yoast SEO plugin v27.4 - https:\/\/yoast.com\/product\/yoast-seo-wordpress\/ -->\n<title>Directorio de la FEF apunta al nuevo t\u00e9cnico de la Tri - ChasquiDeportivo<\/title>\n<meta name=\"description\" content=\"Chasqui Deportivo | Informaci\u00f3n y comunicaci\u00f3n, reportajes, noticias, entrevistas en el \u00e1rea del deporte local, nacional.\" \/>\n<meta name=\"robots\" content=\"index, follow, max-snippet:-1, max-image-preview:large, max-video-preview:-1\" \/>\n<link rel=\"canonical\" href=\"https:\/\/chasquideportivo.com\/ecrt\/directorio-de-la-fef-apunta-al-nuevo-tecnico-de-la-tri\/\" \/>\n<meta property=\"og:locale\" content=\"es_ES\" \/>\n<meta property=\"og:type\" content=\"article\" \/>\n<meta property=\"og:title\" content=\"Directorio de la FEF apunta al nuevo t\u00e9cnico de la Tri - ChasquiDeportivo\" \/>\n<meta property=\"og:description\" content=\"Chasqui Deportivo | Informaci\u00f3n y comunicaci\u00f3n, reportajes, noticias, entrevistas en el \u00e1rea del deporte local, nacional.\" \/>\n<meta property=\"og:url\" content=\"https:\/\/chasquideportivo.com\/ecrt\/directorio-de-la-fef-apunta-al-nuevo-tecnico-de-la-tri\/\" \/>\n<meta property=\"og:site_name\" content=\"ChasquiDeportivo\" \/>\n<meta property=\"article:publisher\" content=\"https:\/\/www.facebook.com\/chasquideportivo\" \/>\n<meta property=\"article:published_time\" content=\"2021-03-20T17:59:39+00:00\" \/>\n<meta property=\"article:modified_time\" content=\"2021-03-20T18:19:08+00:00\" \/>\n<meta name=\"author\" content=\"kollage\" \/>\n<meta name=\"twitter:card\" content=\"summary_large_image\" \/>\n<meta name=\"twitter:creator\" content=\"@chasquidep\" \/>\n<meta name=\"twitter:site\" content=\"@chasquidep\" \/>\n<meta name=\"twitter:label1\" content=\"Escrito por\" \/>\n\t<meta name=\"twitter:data1\" content=\"kollage\" \/>\n\t<meta name=\"twitter:label2\" content=\"Tiempo de lectura\" \/>\n\t<meta name=\"twitter:data2\" content=\"2 minutos\" \/>\n<script type=\"application\/ld+json\" class=\"yoast-schema-graph\">{\"@context\":\"https:\\\/\\\/schema.org\",\"@graph\":[{\"@type\":\"Article\",\"@id\":\"https:\\\/\\\/chasquideportivo.com\\\/ecrt\\\/directorio-de-la-fef-apunta-al-nuevo-tecnico-de-la-tri\\\/#article\",\"isPartOf\":{\"@id\":\"https:\\\/\\\/chasquideportivo.com\\\/ecrt\\\/directorio-de-la-fef-apunta-al-nuevo-tecnico-de-la-tri\\\/\"},\"author\":{\"name\":\"kollage\",\"@id\":\"https:\\\/\\\/chasquideportivo.com\\\/ecrt\\\/#\\\/schema\\\/person\\\/d9e229fabae4c1e3f82cf66d802ca7b6\"},\"headline\":\"Directorio de la FEF apunta al nuevo t\u00e9cnico de la Tri\",\"datePublished\":\"2021-03-20T17:59:39+00:00\",\"dateModified\":\"2021-03-20T18:19:08+00:00\",\"mainEntityOfPage\":{\"@id\":\"https:\\\/\\\/chasquideportivo.com\\\/ecrt\\\/directorio-de-la-fef-apunta-al-nuevo-tecnico-de-la-tri\\\/\"},\"wordCount\":494,\"commentCount\":0,\"publisher\":{\"@id\":\"https:\\\/\\\/chasquideportivo.com\\\/ecrt\\\/#organization\"},\"keywords\":[\"2018\",\"2019\",\"2020\",\"2021\",\"actividad deportiva\",\"barriales\",\"barrio\",\"chasqui\",\"chasqui deportivo\",\"deporte\",\"deporte barrial ecuatoriano\",\"deportistas\",\"deportivo\",\"deportivos\",\"dirigentcia\",\"dirigentes\",\"ecuador\",\"ecuatorianas\",\"ecuatoriano\",\"ecuatorianos\",\"futbol\",\"futbolistas\",\"ligas\",\"ligas barriales ecuador\",\"pa\u00eds\",\"quito\"],\"articleSection\":[\"Golazo\"],\"inLanguage\":\"es\",\"potentialAction\":[{\"@type\":\"CommentAction\",\"name\":\"Comment\",\"target\":[\"https:\\\/\\\/chasquideportivo.com\\\/ecrt\\\/directorio-de-la-fef-apunta-al-nuevo-tecnico-de-la-tri\\\/#respond\"]}]},{\"@type\":\"WebPage\",\"@id\":\"https:\\\/\\\/chasquideportivo.com\\\/ecrt\\\/directorio-de-la-fef-apunta-al-nuevo-tecnico-de-la-tri\\\/\",\"url\":\"https:\\\/\\\/chasquideportivo.com\\\/ecrt\\\/directorio-de-la-fef-apunta-al-nuevo-tecnico-de-la-tri\\\/\",\"name\":\"Directorio de la FEF apunta al nuevo t\u00e9cnico de la Tri - ChasquiDeportivo\",\"isPartOf\":{\"@id\":\"https:\\\/\\\/chasquideportivo.com\\\/ecrt\\\/#website\"},\"datePublished\":\"2021-03-20T17:59:39+00:00\",\"dateModified\":\"2021-03-20T18:19:08+00:00\",\"description\":\"Chasqui Deportivo | Informaci\u00f3n y comunicaci\u00f3n, reportajes, noticias, entrevistas en el \u00e1rea del deporte local, nacional.\",\"breadcrumb\":{\"@id\":\"https:\\\/\\\/chasquideportivo.com\\\/ecrt\\\/directorio-de-la-fef-apunta-al-nuevo-tecnico-de-la-tri\\\/#breadcrumb\"},\"inLanguage\":\"es\",\"potentialAction\":[{\"@type\":\"ReadAction\",\"target\":[\"https:\\\/\\\/chasquideportivo.com\\\/ecrt\\\/directorio-de-la-fef-apunta-al-nuevo-tecnico-de-la-tri\\\/\"]}]},{\"@type\":\"BreadcrumbList\",\"@id\":\"https:\\\/\\\/chasquideportivo.com\\\/ecrt\\\/directorio-de-la-fef-apunta-al-nuevo-tecnico-de-la-tri\\\/#breadcrumb\",\"itemListElement\":[{\"@type\":\"ListItem\",\"position\":1,\"name\":\"Portada | Chasqui Deportivo\",\"item\":\"https:\\\/\\\/chasquideportivo.com\\\/ecrt\\\/\"},{\"@type\":\"ListItem\",\"position\":2,\"name\":\"Archivo\",\"item\":\"https:\\\/\\\/chasquideportivo.com\\\/ecrt\\\/category\\\/archivo\\\/\"},{\"@type\":\"ListItem\",\"position\":3,\"name\":\"Golazo\",\"item\":\"https:\\\/\\\/chasquideportivo.com\\\/ecrt\\\/category\\\/archivo\\\/golazo\\\/\"},{\"@type\":\"ListItem\",\"position\":4,\"name\":\"Directorio de la FEF apunta al nuevo t\u00e9cnico de la Tri\"}]},{\"@type\":\"WebSite\",\"@id\":\"https:\\\/\\\/chasquideportivo.com\\\/ecrt\\\/#website\",\"url\":\"https:\\\/\\\/chasquideportivo.com\\\/ecrt\\\/\",\"name\":\"ChasquiDeportivo\",\"description\":\"Informaci&oacute;n y comunicaci&oacute;n, reportajes, noticias, entrevistas en el &aacute;rea del deporte local, nacional.\",\"publisher\":{\"@id\":\"https:\\\/\\\/chasquideportivo.com\\\/ecrt\\\/#organization\"},\"potentialAction\":[{\"@type\":\"SearchAction\",\"target\":{\"@type\":\"EntryPoint\",\"urlTemplate\":\"https:\\\/\\\/chasquideportivo.com\\\/ecrt\\\/?s={search_term_string}\"},\"query-input\":{\"@type\":\"PropertyValueSpecification\",\"valueRequired\":true,\"valueName\":\"search_term_string\"}}],\"inLanguage\":\"es\"},{\"@type\":\"Organization\",\"@id\":\"https:\\\/\\\/chasquideportivo.com\\\/ecrt\\\/#organization\",\"name\":\"Chasqui Deportivo\",\"url\":\"https:\\\/\\\/chasquideportivo.com\\\/ecrt\\\/\",\"logo\":{\"@type\":\"ImageObject\",\"inLanguage\":\"es\",\"@id\":\"https:\\\/\\\/chasquideportivo.com\\\/ecrt\\\/#\\\/schema\\\/logo\\\/image\\\/\",\"url\":\"https:\\\/\\\/chasquideportivo.com\\\/ecrt\\\/wp-content\\\/uploads\\\/2022\\\/01\\\/logo-vertical.jpg\",\"contentUrl\":\"https:\\\/\\\/chasquideportivo.com\\\/ecrt\\\/wp-content\\\/uploads\\\/2022\\\/01\\\/logo-vertical.jpg\",\"width\":612,\"height\":750,\"caption\":\"Chasqui Deportivo\"},\"image\":{\"@id\":\"https:\\\/\\\/chasquideportivo.com\\\/ecrt\\\/#\\\/schema\\\/logo\\\/image\\\/\"},\"sameAs\":[\"https:\\\/\\\/www.facebook.com\\\/chasquideportivo\",\"https:\\\/\\\/x.com\\\/chasquidep\",\"https:\\\/\\\/www.instagram.com\\\/chasquideportivo.ec\",\"https:\\\/\\\/www.youtube.com\\\/channel\\\/UCGY8M-csHuxJuGRt4XrV90Q\"]},{\"@type\":\"Person\",\"@id\":\"https:\\\/\\\/chasquideportivo.com\\\/ecrt\\\/#\\\/schema\\\/person\\\/d9e229fabae4c1e3f82cf66d802ca7b6\",\"name\":\"kollage\",\"image\":{\"@type\":\"ImageObject\",\"inLanguage\":\"es\",\"@id\":\"https:\\\/\\\/secure.gravatar.com\\\/avatar\\\/69b5388bf21dfca5434ca100f351036f1fbff72ba519ef8157b31bcc7fbfbb18?s=96&d=mm&r=g\",\"url\":\"https:\\\/\\\/secure.gravatar.com\\\/avatar\\\/69b5388bf21dfca5434ca100f351036f1fbff72ba519ef8157b31bcc7fbfbb18?s=96&d=mm&r=g\",\"contentUrl\":\"https:\\\/\\\/secure.gravatar.com\\\/avatar\\\/69b5388bf21dfca5434ca100f351036f1fbff72ba519ef8157b31bcc7fbfbb18?s=96&d=mm&r=g\",\"caption\":\"kollage\"},\"sameAs\":[\"https:\\\/\\\/chasquideportivo.com\\\/ecrt\"],\"url\":\"https:\\\/\\\/chasquideportivo.com\\\/ecrt\\\/author\\\/kollage\\\/\"}]}<\/script>\n<!-- \/ Yoast SEO plugin. -->","yoast_head_json":{"title":"Directorio de la FEF apunta al nuevo t\u00e9cnico de la Tri - ChasquiDeportivo","description":"Chasqui Deportivo | Informaci\u00f3n y comunicaci\u00f3n, reportajes, noticias, entrevistas en el \u00e1rea del deporte local, nacional.","robots":{"index":"index","follow":"follow","max-snippet":"max-snippet:-1","max-image-preview":"max-image-preview:large","max-video-preview":"max-video-preview:-1"},"canonical":"https:\/\/chasquideportivo.com\/ecrt\/directorio-de-la-fef-apunta-al-nuevo-tecnico-de-la-tri\/","og_locale":"es_ES","og_type":"article","og_title":"Directorio de la FEF apunta al nuevo t\u00e9cnico de la Tri - ChasquiDeportivo","og_description":"Chasqui Deportivo | Informaci\u00f3n y comunicaci\u00f3n, reportajes, noticias, entrevistas en el \u00e1rea del deporte local, nacional.","og_url":"https:\/\/chasquideportivo.com\/ecrt\/directorio-de-la-fef-apunta-al-nuevo-tecnico-de-la-tri\/","og_site_name":"ChasquiDeportivo","article_publisher":"https:\/\/www.facebook.com\/chasquideportivo","article_published_time":"2021-03-20T17:59:39+00:00","article_modified_time":"2021-03-20T18:19:08+00:00","author":"kollage","twitter_card":"summary_large_image","twitter_creator":"@chasquidep","twitter_site":"@chasquidep","twitter_misc":{"Escrito por":"kollage","Tiempo de lectura":"2 minutos"},"schema":{"@context":"https:\/\/schema.org","@graph":[{"@type":"Article","@id":"https:\/\/chasquideportivo.com\/ecrt\/directorio-de-la-fef-apunta-al-nuevo-tecnico-de-la-tri\/#article","isPartOf":{"@id":"https:\/\/chasquideportivo.com\/ecrt\/directorio-de-la-fef-apunta-al-nuevo-tecnico-de-la-tri\/"},"author":{"name":"kollage","@id":"https:\/\/chasquideportivo.com\/ecrt\/#\/schema\/person\/d9e229fabae4c1e3f82cf66d802ca7b6"},"headline":"Directorio de la FEF apunta al nuevo t\u00e9cnico de la Tri","datePublished":"2021-03-20T17:59:39+00:00","dateModified":"2021-03-20T18:19:08+00:00","mainEntityOfPage":{"@id":"https:\/\/chasquideportivo.com\/ecrt\/directorio-de-la-fef-apunta-al-nuevo-tecnico-de-la-tri\/"},"wordCount":494,"commentCount":0,"publisher":{"@id":"https:\/\/chasquideportivo.com\/ecrt\/#organization"},"keywords":["2018","2019","2020","2021","actividad deportiva","barriales","barrio","chasqui","chasqui deportivo","deporte","deporte barrial ecuatoriano","deportistas","deportivo","deportivos","dirigentcia","dirigentes","ecuador","ecuatorianas","ecuatoriano","ecuatorianos","futbol","futbolistas","ligas","ligas barriales ecuador","pa\u00eds","quito"],"articleSection":["Golazo"],"inLanguage":"es","potentialAction":[{"@type":"CommentAction","name":"Comment","target":["https:\/\/chasquideportivo.com\/ecrt\/directorio-de-la-fef-apunta-al-nuevo-tecnico-de-la-tri\/#respond"]}]},{"@type":"WebPage","@id":"https:\/\/chasquideportivo.com\/ecrt\/directorio-de-la-fef-apunta-al-nuevo-tecnico-de-la-tri\/","url":"https:\/\/chasquideportivo.com\/ecrt\/directorio-de-la-fef-apunta-al-nuevo-tecnico-de-la-tri\/","name":"Directorio de la FEF apunta al nuevo t\u00e9cnico de la Tri - ChasquiDeportivo","isPartOf":{"@id":"https:\/\/chasquideportivo.com\/ecrt\/#website"},"datePublished":"2021-03-20T17:59:39+00:00","dateModified":"2021-03-20T18:19:08+00:00","description":"Chasqui Deportivo | Informaci\u00f3n y comunicaci\u00f3n, reportajes, noticias, entrevistas en el \u00e1rea del deporte local, nacional.","breadcrumb":{"@id":"https:\/\/chasquideportivo.com\/ecrt\/directorio-de-la-fef-apunta-al-nuevo-tecnico-de-la-tri\/#breadcrumb"},"inLanguage":"es","potentialAction":[{"@type":"ReadAction","target":["https:\/\/chasquideportivo.com\/ecrt\/directorio-de-la-fef-apunta-al-nuevo-tecnico-de-la-tri\/"]}]},{"@type":"BreadcrumbList","@id":"https:\/\/chasquideportivo.com\/ecrt\/directorio-de-la-fef-apunta-al-nuevo-tecnico-de-la-tri\/#breadcrumb","itemListElement":[{"@type":"ListItem","position":1,"name":"Portada | Chasqui Deportivo","item":"https:\/\/chasquideportivo.com\/ecrt\/"},{"@type":"ListItem","position":2,"name":"Archivo","item":"https:\/\/chasquideportivo.com\/ecrt\/category\/archivo\/"},{"@type":"ListItem","position":3,"name":"Golazo","item":"https:\/\/chasquideportivo.com\/ecrt\/category\/archivo\/golazo\/"},{"@type":"ListItem","position":4,"name":"Directorio de la FEF apunta al nuevo t\u00e9cnico de la Tri"}]},{"@type":"WebSite","@id":"https:\/\/chasquideportivo.com\/ecrt\/#website","url":"https:\/\/chasquideportivo.com\/ecrt\/","name":"ChasquiDeportivo","description":"Informaci&oacute;n y comunicaci&oacute;n, reportajes, noticias, entrevistas en el &aacute;rea del deporte local, nacional.","publisher":{"@id":"https:\/\/chasquideportivo.com\/ecrt\/#organization"},"potentialAction":[{"@type":"SearchAction","target":{"@type":"EntryPoint","urlTemplate":"https:\/\/chasquideportivo.com\/ecrt\/?s={search_term_string}"},"query-input":{"@type":"PropertyValueSpecification","valueRequired":true,"valueName":"search_term_string"}}],"inLanguage":"es"},{"@type":"Organization","@id":"https:\/\/chasquideportivo.com\/ecrt\/#organization","name":"Chasqui Deportivo","url":"https:\/\/chasquideportivo.com\/ecrt\/","logo":{"@type":"ImageObject","inLanguage":"es","@id":"https:\/\/chasquideportivo.com\/ecrt\/#\/schema\/logo\/image\/","url":"https:\/\/chasquideportivo.com\/ecrt\/wp-content\/uploads\/2022\/01\/logo-vertical.jpg","contentUrl":"https:\/\/chasquideportivo.com\/ecrt\/wp-content\/uploads\/2022\/01\/logo-vertical.jpg","width":612,"height":750,"caption":"Chasqui Deportivo"},"image":{"@id":"https:\/\/chasquideportivo.com\/ecrt\/#\/schema\/logo\/image\/"},"sameAs":["https:\/\/www.facebook.com\/chasquideportivo","https:\/\/x.com\/chasquidep","https:\/\/www.instagram.com\/chasquideportivo.ec","https:\/\/www.youtube.com\/channel\/UCGY8M-csHuxJuGRt4XrV90Q"]},{"@type":"Person","@id":"https:\/\/chasquideportivo.com\/ecrt\/#\/schema\/person\/d9e229fabae4c1e3f82cf66d802ca7b6","name":"kollage","image":{"@type":"ImageObject","inLanguage":"es","@id":"https:\/\/secure.gravatar.com\/avatar\/69b5388bf21dfca5434ca100f351036f1fbff72ba519ef8157b31bcc7fbfbb18?s=96&d=mm&r=g","url":"https:\/\/secure.gravatar.com\/avatar\/69b5388bf21dfca5434ca100f351036f1fbff72ba519ef8157b31bcc7fbfbb18?s=96&d=mm&r=g","contentUrl":"https:\/\/secure.gravatar.com\/avatar\/69b5388bf21dfca5434ca100f351036f1fbff72ba519ef8157b31bcc7fbfbb18?s=96&d=mm&r=g","caption":"kollage"},"sameAs":["https:\/\/chasquideportivo.com\/ecrt"],"url":"https:\/\/chasquideportivo.com\/ecrt\/author\/kollage\/"}]}},"_links":{"self":[{"href":"https:\/\/chasquideportivo.com\/ecrt\/wp-json\/wp\/v2\/posts\/5477","targetHints":{"allow":["GET"]}}],"collection":[{"href":"https:\/\/chasquideportivo.com\/ecrt\/wp-json\/wp\/v2\/posts"}],"about":[{"href":"https:\/\/chasquideportivo.com\/ecrt\/wp-json\/wp\/v2\/types\/post"}],"author":[{"embeddable":true,"href":"https:\/\/chasquideportivo.com\/ecrt\/wp-json\/wp\/v2\/users\/1"}],"replies":[{"embeddable":true,"href":"https:\/\/chasquideportivo.com\/ecrt\/wp-json\/wp\/v2\/comments?post=5477"}],"version-history":[{"count":1,"href":"https:\/\/chasquideportivo.com\/ecrt\/wp-json\/wp\/v2\/posts\/5477\/revisions"}],"predecessor-version":[{"id":5873,"href":"https:\/\/chasquideportivo.com\/ecrt\/wp-json\/wp\/v2\/posts\/5477\/revisions\/5873"}],"wp:attachment":[{"href":"https:\/\/chasquideportivo.com\/ecrt\/wp-json\/wp\/v2\/media?parent=5477"}],"wp:term":[{"taxonomy":"category","embeddable":true,"href":"https:\/\/chasquideportivo.com\/ecrt\/wp-json\/wp\/v2\/categories?post=5477"},{"taxonomy":"post_tag","embeddable":true,"href":"https:\/\/chasquideportivo.com\/ecrt\/wp-json\/wp\/v2\/tags?post=5477"}],"curies":[{"name":"wp","href":"https:\/\/api.w.org\/{rel}","templated":true}]}}