{"id":5476,"date":"2021-03-20T17:59:39","date_gmt":"2021-03-20T17:59:39","guid":{"rendered":"https:\/\/chasquideportivo.com\/ecrt\/2021\/03\/20\/el-futbol-espectaculo-se-reinicia-el-15-de-agosto\/"},"modified":"2021-03-20T18:19:08","modified_gmt":"2021-03-20T18:19:08","slug":"el-futbol-espectaculo-se-reinicia-el-15-de-agosto","status":"publish","type":"post","link":"https:\/\/chasquideportivo.com\/ecrt\/el-futbol-espectaculo-se-reinicia-el-15-de-agosto\/","title":{"rendered":"El f\u00fatbol espect\u00e1culo se reinicia el 15 de agosto"},"content":{"rendered":"<p>El Comit\u00e9 de Operaciones de Emergencia Nacional (COE-N) tras las recurrentes presiones de la Liga Pro, organizadora del campeonato. Si bien, el COE-N insiste en que se trata de una fecha &#8220;tentativa&#8221; y advierte que estar\u00e1 sometida a &#8220;revisi\u00f3n permanente&#8221;, es decir, que &#8220;podr\u00e1 modificarse de acuerdo a la situaci\u00f3n epidemiol\u00f3gica&#8221; en el pa\u00eds.<\/p>\n<p>El n\u00famero de positivos por COVID-19 en el pa\u00eds andino subi\u00f3 este martes a 82.279, mientras que los fallecidos oficiales suman 5.584 y los probables 3.454, de acuerdo con el parte oficial diario que emite el Ministerio de Salud P\u00fablica.<\/p>\n<p>Uno de los problemas radica en que algunas ciudades en las que se debe competir, especialmente Quito, que tiene cinco clubes en la Serie A y un sexto en la Serie B, pasan por momentos cruciales con altos niveles de contagio.<\/p>\n<p>En ese sentido, el presidente de la Liga Pro, Miguel Loor, consider\u00f3 en declaraciones a un medio local que no se trata de una fecha oficial de reinicio, sino de una fecha tentativa.<\/p>\n<p>Y consider\u00f3 que, aunque se trabajar\u00e1 sobre ella, &#8220;los tiempos se estrechan m\u00e1s&#8221;, es decir, que va quedando poco tiempo para poder celebrar todos los compromisos de este a\u00f1o.<\/p>\n<p>La Liga Pro lleva semanas presionando al COE-N para que apruebe el reinicio de la principal competici\u00f3n nacional, en particular despu\u00e9s de que no se concretara el reinicio en las dos fechas anteriores que se fijaron como tentativas, el 15 y el 29 de julio.<\/p>\n<p>La nueva fecha tambi\u00e9n parte con esa categor\u00eda, si bien en su reuni\u00f3n del lunes el COE-N aprob\u00f3 el protocolo de seguridad sanitaria para celebraci\u00f3n de estos compromisos, lo cual puede ser un indicio de avance.<\/p>\n<p>Este protocolo, que fue probado en un simulacro la semana pasada entre Barcelona y Guayaquil City, contempla, como en otros pa\u00edses, desde la revisi\u00f3n de jugadores y t\u00e9cnicos a limitaciones num\u00e9ricas de personal en los compromisos.<\/p>\n<p>Tampoco estar\u00e1 permitida la presencia de aficionados, y los directivos del f\u00fatbol han pedido a la afici\u00f3n que no se concentren siquiera en las afueras de los estadios, como ocurri\u00f3 en el simulacro.<\/p>\n<p>Ecuador declar\u00f3 el estado de emergencia el 16 de marzo, y dos d\u00edas antes, ante la creciente expansi\u00f3n del COVID-19, se suspendieron los partidos correspondientes a la principal competici\u00f3n futbolera del pa\u00eds.<\/p>\n<p>Se hab\u00edan disputado cuatro fechas y apenas dos partidos de la quinta, de las 30 jornadas que se deber\u00e1n disputar hasta diciembre pr\u00f3ximo, m\u00e1s los de la final a ida y vuelta.<\/p>\n<p>Tras la nueva autorizaci\u00f3n interina de fecha de reinicio, la Liga Pro deber\u00e1 ahora recalcular el calendario liguero.<\/p>\n<p>Y tener en cuenta que Barcelona, Delf\u00edn, Independiente del Valle y Liga de Quito, participar\u00e1n asimismo desde septiembre pr\u00f3ximo en la reanudaci\u00f3n de la Copa Libertadores, y Emelec lo har\u00e1 en la Copa Sudamericana. EFE<\/p>\n<p>El COE Nacional autoriz\u00f3 el inicio de la LigaPro para mediados de agosto. Esta decisi\u00f3n est\u00e1 sujeta a la situaci\u00f3n epidemiol\u00f3gica que vive el pa\u00eds, sobre todo las ciudades de Cuenca y Quito.<\/p>\n<p>2020-07-29 14:44:21<\/p>\n<p>Golazo<\/p>\n","protected":false},"excerpt":{"rendered":"<p>El Comit\u00e9 de Operaciones de Emergencia Nacional (COE-N) tras las recurrentes presiones de la Liga Pro, organizadora del campeonato. Si bien, el COE-N insiste en que se trata de una fecha &#8220;tentativa&#8221; y advierte que estar\u00e1 sometida a &#8220;revisi\u00f3n permanente&#8221;, es decir, que &#8220;podr\u00e1 modificarse de acuerdo a la situaci\u00f3n epidemiol\u00f3gica&#8221; en el pa\u00eds. El [&hellip;]<\/p>\n","protected":false},"author":1,"featured_media":0,"comment_status":"open","ping_status":"open","sticky":false,"template":"","format":"standard","meta":{"_et_pb_use_builder":"","_et_pb_old_content":"","_et_gb_content_width":"","footnotes":""},"categories":[18],"tags":[37,36,35,34,39,28,23,20,22,24,19,38,21,41,40,3,6,31,25,42,29,30,27,26,33,32],"class_list":["post-5476","post","type-post","status-publish","format-standard","hentry","category-golazo","tag-37","tag-36","tag-35","tag-34","tag-actividad-deportiva","tag-barriales","tag-barrio","tag-chasqui","tag-chasqui-deportivo","tag-deporte","tag-deporte-barrial-ecuatoriano","tag-deportistas","tag-deportivo","tag-deportivos","tag-dirigentcia","tag-dirigentes","tag-ecuador","tag-ecuatorianas","tag-ecuatoriano","tag-ecuatorianos","tag-futbol","tag-futbolistas","tag-ligas","tag-ligas-barriales-ecuador","tag-pais","tag-quito"],"yoast_head":"<!-- This site is optimized with the Yoast SEO plugin v27.4 - https:\/\/yoast.com\/product\/yoast-seo-wordpress\/ -->\n<title>El f\u00fatbol espect\u00e1culo se reinicia el 15 de agosto - ChasquiDeportivo<\/title>\n<meta name=\"description\" content=\"Chasqui Deportivo | Informaci\u00f3n y comunicaci\u00f3n, reportajes, noticias, entrevistas en el \u00e1rea del deporte local, nacional.\" \/>\n<meta name=\"robots\" content=\"index, follow, max-snippet:-1, max-image-preview:large, max-video-preview:-1\" \/>\n<link rel=\"canonical\" href=\"https:\/\/chasquideportivo.com\/ecrt\/el-futbol-espectaculo-se-reinicia-el-15-de-agosto\/\" \/>\n<meta property=\"og:locale\" content=\"es_ES\" \/>\n<meta property=\"og:type\" content=\"article\" \/>\n<meta property=\"og:title\" content=\"El f\u00fatbol espect\u00e1culo se reinicia el 15 de agosto - ChasquiDeportivo\" \/>\n<meta property=\"og:description\" content=\"Chasqui Deportivo | Informaci\u00f3n y comunicaci\u00f3n, reportajes, noticias, entrevistas en el \u00e1rea del deporte local, nacional.\" \/>\n<meta property=\"og:url\" content=\"https:\/\/chasquideportivo.com\/ecrt\/el-futbol-espectaculo-se-reinicia-el-15-de-agosto\/\" \/>\n<meta property=\"og:site_name\" content=\"ChasquiDeportivo\" \/>\n<meta property=\"article:publisher\" content=\"https:\/\/www.facebook.com\/chasquideportivo\" \/>\n<meta property=\"article:published_time\" content=\"2021-03-20T17:59:39+00:00\" \/>\n<meta property=\"article:modified_time\" content=\"2021-03-20T18:19:08+00:00\" \/>\n<meta name=\"author\" content=\"kollage\" \/>\n<meta name=\"twitter:card\" content=\"summary_large_image\" \/>\n<meta name=\"twitter:creator\" content=\"@chasquidep\" \/>\n<meta name=\"twitter:site\" content=\"@chasquidep\" \/>\n<meta name=\"twitter:label1\" content=\"Escrito por\" \/>\n\t<meta name=\"twitter:data1\" content=\"kollage\" \/>\n\t<meta name=\"twitter:label2\" content=\"Tiempo de lectura\" \/>\n\t<meta name=\"twitter:data2\" content=\"3 minutos\" \/>\n<script type=\"application\/ld+json\" class=\"yoast-schema-graph\">{\"@context\":\"https:\\\/\\\/schema.org\",\"@graph\":[{\"@type\":\"Article\",\"@id\":\"https:\\\/\\\/chasquideportivo.com\\\/ecrt\\\/el-futbol-espectaculo-se-reinicia-el-15-de-agosto\\\/#article\",\"isPartOf\":{\"@id\":\"https:\\\/\\\/chasquideportivo.com\\\/ecrt\\\/el-futbol-espectaculo-se-reinicia-el-15-de-agosto\\\/\"},\"author\":{\"name\":\"kollage\",\"@id\":\"https:\\\/\\\/chasquideportivo.com\\\/ecrt\\\/#\\\/schema\\\/person\\\/d9e229fabae4c1e3f82cf66d802ca7b6\"},\"headline\":\"El f\u00fatbol espect\u00e1culo se reinicia el 15 de agosto\",\"datePublished\":\"2021-03-20T17:59:39+00:00\",\"dateModified\":\"2021-03-20T18:19:08+00:00\",\"mainEntityOfPage\":{\"@id\":\"https:\\\/\\\/chasquideportivo.com\\\/ecrt\\\/el-futbol-espectaculo-se-reinicia-el-15-de-agosto\\\/\"},\"wordCount\":541,\"commentCount\":0,\"publisher\":{\"@id\":\"https:\\\/\\\/chasquideportivo.com\\\/ecrt\\\/#organization\"},\"keywords\":[\"2018\",\"2019\",\"2020\",\"2021\",\"actividad deportiva\",\"barriales\",\"barrio\",\"chasqui\",\"chasqui deportivo\",\"deporte\",\"deporte barrial ecuatoriano\",\"deportistas\",\"deportivo\",\"deportivos\",\"dirigentcia\",\"dirigentes\",\"ecuador\",\"ecuatorianas\",\"ecuatoriano\",\"ecuatorianos\",\"futbol\",\"futbolistas\",\"ligas\",\"ligas barriales ecuador\",\"pa\u00eds\",\"quito\"],\"articleSection\":[\"Golazo\"],\"inLanguage\":\"es\",\"potentialAction\":[{\"@type\":\"CommentAction\",\"name\":\"Comment\",\"target\":[\"https:\\\/\\\/chasquideportivo.com\\\/ecrt\\\/el-futbol-espectaculo-se-reinicia-el-15-de-agosto\\\/#respond\"]}]},{\"@type\":\"WebPage\",\"@id\":\"https:\\\/\\\/chasquideportivo.com\\\/ecrt\\\/el-futbol-espectaculo-se-reinicia-el-15-de-agosto\\\/\",\"url\":\"https:\\\/\\\/chasquideportivo.com\\\/ecrt\\\/el-futbol-espectaculo-se-reinicia-el-15-de-agosto\\\/\",\"name\":\"El f\u00fatbol espect\u00e1culo se reinicia el 15 de agosto - ChasquiDeportivo\",\"isPartOf\":{\"@id\":\"https:\\\/\\\/chasquideportivo.com\\\/ecrt\\\/#website\"},\"datePublished\":\"2021-03-20T17:59:39+00:00\",\"dateModified\":\"2021-03-20T18:19:08+00:00\",\"description\":\"Chasqui Deportivo | Informaci\u00f3n y comunicaci\u00f3n, reportajes, noticias, entrevistas en el \u00e1rea del deporte local, nacional.\",\"breadcrumb\":{\"@id\":\"https:\\\/\\\/chasquideportivo.com\\\/ecrt\\\/el-futbol-espectaculo-se-reinicia-el-15-de-agosto\\\/#breadcrumb\"},\"inLanguage\":\"es\",\"potentialAction\":[{\"@type\":\"ReadAction\",\"target\":[\"https:\\\/\\\/chasquideportivo.com\\\/ecrt\\\/el-futbol-espectaculo-se-reinicia-el-15-de-agosto\\\/\"]}]},{\"@type\":\"BreadcrumbList\",\"@id\":\"https:\\\/\\\/chasquideportivo.com\\\/ecrt\\\/el-futbol-espectaculo-se-reinicia-el-15-de-agosto\\\/#breadcrumb\",\"itemListElement\":[{\"@type\":\"ListItem\",\"position\":1,\"name\":\"Portada | Chasqui Deportivo\",\"item\":\"https:\\\/\\\/chasquideportivo.com\\\/ecrt\\\/\"},{\"@type\":\"ListItem\",\"position\":2,\"name\":\"Archivo\",\"item\":\"https:\\\/\\\/chasquideportivo.com\\\/ecrt\\\/category\\\/archivo\\\/\"},{\"@type\":\"ListItem\",\"position\":3,\"name\":\"Golazo\",\"item\":\"https:\\\/\\\/chasquideportivo.com\\\/ecrt\\\/category\\\/archivo\\\/golazo\\\/\"},{\"@type\":\"ListItem\",\"position\":4,\"name\":\"El f\u00fatbol espect\u00e1culo se reinicia el 15 de agosto\"}]},{\"@type\":\"WebSite\",\"@id\":\"https:\\\/\\\/chasquideportivo.com\\\/ecrt\\\/#website\",\"url\":\"https:\\\/\\\/chasquideportivo.com\\\/ecrt\\\/\",\"name\":\"ChasquiDeportivo\",\"description\":\"Informaci&oacute;n y comunicaci&oacute;n, reportajes, noticias, entrevistas en el &aacute;rea del deporte local, nacional.\",\"publisher\":{\"@id\":\"https:\\\/\\\/chasquideportivo.com\\\/ecrt\\\/#organization\"},\"potentialAction\":[{\"@type\":\"SearchAction\",\"target\":{\"@type\":\"EntryPoint\",\"urlTemplate\":\"https:\\\/\\\/chasquideportivo.com\\\/ecrt\\\/?s={search_term_string}\"},\"query-input\":{\"@type\":\"PropertyValueSpecification\",\"valueRequired\":true,\"valueName\":\"search_term_string\"}}],\"inLanguage\":\"es\"},{\"@type\":\"Organization\",\"@id\":\"https:\\\/\\\/chasquideportivo.com\\\/ecrt\\\/#organization\",\"name\":\"Chasqui Deportivo\",\"url\":\"https:\\\/\\\/chasquideportivo.com\\\/ecrt\\\/\",\"logo\":{\"@type\":\"ImageObject\",\"inLanguage\":\"es\",\"@id\":\"https:\\\/\\\/chasquideportivo.com\\\/ecrt\\\/#\\\/schema\\\/logo\\\/image\\\/\",\"url\":\"https:\\\/\\\/chasquideportivo.com\\\/ecrt\\\/wp-content\\\/uploads\\\/2022\\\/01\\\/logo-vertical.jpg\",\"contentUrl\":\"https:\\\/\\\/chasquideportivo.com\\\/ecrt\\\/wp-content\\\/uploads\\\/2022\\\/01\\\/logo-vertical.jpg\",\"width\":612,\"height\":750,\"caption\":\"Chasqui Deportivo\"},\"image\":{\"@id\":\"https:\\\/\\\/chasquideportivo.com\\\/ecrt\\\/#\\\/schema\\\/logo\\\/image\\\/\"},\"sameAs\":[\"https:\\\/\\\/www.facebook.com\\\/chasquideportivo\",\"https:\\\/\\\/x.com\\\/chasquidep\",\"https:\\\/\\\/www.instagram.com\\\/chasquideportivo.ec\",\"https:\\\/\\\/www.youtube.com\\\/channel\\\/UCGY8M-csHuxJuGRt4XrV90Q\"]},{\"@type\":\"Person\",\"@id\":\"https:\\\/\\\/chasquideportivo.com\\\/ecrt\\\/#\\\/schema\\\/person\\\/d9e229fabae4c1e3f82cf66d802ca7b6\",\"name\":\"kollage\",\"image\":{\"@type\":\"ImageObject\",\"inLanguage\":\"es\",\"@id\":\"https:\\\/\\\/secure.gravatar.com\\\/avatar\\\/69b5388bf21dfca5434ca100f351036f1fbff72ba519ef8157b31bcc7fbfbb18?s=96&d=mm&r=g\",\"url\":\"https:\\\/\\\/secure.gravatar.com\\\/avatar\\\/69b5388bf21dfca5434ca100f351036f1fbff72ba519ef8157b31bcc7fbfbb18?s=96&d=mm&r=g\",\"contentUrl\":\"https:\\\/\\\/secure.gravatar.com\\\/avatar\\\/69b5388bf21dfca5434ca100f351036f1fbff72ba519ef8157b31bcc7fbfbb18?s=96&d=mm&r=g\",\"caption\":\"kollage\"},\"sameAs\":[\"https:\\\/\\\/chasquideportivo.com\\\/ecrt\"],\"url\":\"https:\\\/\\\/chasquideportivo.com\\\/ecrt\\\/author\\\/kollage\\\/\"}]}<\/script>\n<!-- \/ Yoast SEO plugin. -->","yoast_head_json":{"title":"El f\u00fatbol espect\u00e1culo se reinicia el 15 de agosto - ChasquiDeportivo","description":"Chasqui Deportivo | Informaci\u00f3n y comunicaci\u00f3n, reportajes, noticias, entrevistas en el \u00e1rea del deporte local, nacional.","robots":{"index":"index","follow":"follow","max-snippet":"max-snippet:-1","max-image-preview":"max-image-preview:large","max-video-preview":"max-video-preview:-1"},"canonical":"https:\/\/chasquideportivo.com\/ecrt\/el-futbol-espectaculo-se-reinicia-el-15-de-agosto\/","og_locale":"es_ES","og_type":"article","og_title":"El f\u00fatbol espect\u00e1culo se reinicia el 15 de agosto - ChasquiDeportivo","og_description":"Chasqui Deportivo | Informaci\u00f3n y comunicaci\u00f3n, reportajes, noticias, entrevistas en el \u00e1rea del deporte local, nacional.","og_url":"https:\/\/chasquideportivo.com\/ecrt\/el-futbol-espectaculo-se-reinicia-el-15-de-agosto\/","og_site_name":"ChasquiDeportivo","article_publisher":"https:\/\/www.facebook.com\/chasquideportivo","article_published_time":"2021-03-20T17:59:39+00:00","article_modified_time":"2021-03-20T18:19:08+00:00","author":"kollage","twitter_card":"summary_large_image","twitter_creator":"@chasquidep","twitter_site":"@chasquidep","twitter_misc":{"Escrito por":"kollage","Tiempo de lectura":"3 minutos"},"schema":{"@context":"https:\/\/schema.org","@graph":[{"@type":"Article","@id":"https:\/\/chasquideportivo.com\/ecrt\/el-futbol-espectaculo-se-reinicia-el-15-de-agosto\/#article","isPartOf":{"@id":"https:\/\/chasquideportivo.com\/ecrt\/el-futbol-espectaculo-se-reinicia-el-15-de-agosto\/"},"author":{"name":"kollage","@id":"https:\/\/chasquideportivo.com\/ecrt\/#\/schema\/person\/d9e229fabae4c1e3f82cf66d802ca7b6"},"headline":"El f\u00fatbol espect\u00e1culo se reinicia el 15 de agosto","datePublished":"2021-03-20T17:59:39+00:00","dateModified":"2021-03-20T18:19:08+00:00","mainEntityOfPage":{"@id":"https:\/\/chasquideportivo.com\/ecrt\/el-futbol-espectaculo-se-reinicia-el-15-de-agosto\/"},"wordCount":541,"commentCount":0,"publisher":{"@id":"https:\/\/chasquideportivo.com\/ecrt\/#organization"},"keywords":["2018","2019","2020","2021","actividad deportiva","barriales","barrio","chasqui","chasqui deportivo","deporte","deporte barrial ecuatoriano","deportistas","deportivo","deportivos","dirigentcia","dirigentes","ecuador","ecuatorianas","ecuatoriano","ecuatorianos","futbol","futbolistas","ligas","ligas barriales ecuador","pa\u00eds","quito"],"articleSection":["Golazo"],"inLanguage":"es","potentialAction":[{"@type":"CommentAction","name":"Comment","target":["https:\/\/chasquideportivo.com\/ecrt\/el-futbol-espectaculo-se-reinicia-el-15-de-agosto\/#respond"]}]},{"@type":"WebPage","@id":"https:\/\/chasquideportivo.com\/ecrt\/el-futbol-espectaculo-se-reinicia-el-15-de-agosto\/","url":"https:\/\/chasquideportivo.com\/ecrt\/el-futbol-espectaculo-se-reinicia-el-15-de-agosto\/","name":"El f\u00fatbol espect\u00e1culo se reinicia el 15 de agosto - ChasquiDeportivo","isPartOf":{"@id":"https:\/\/chasquideportivo.com\/ecrt\/#website"},"datePublished":"2021-03-20T17:59:39+00:00","dateModified":"2021-03-20T18:19:08+00:00","description":"Chasqui Deportivo | Informaci\u00f3n y comunicaci\u00f3n, reportajes, noticias, entrevistas en el \u00e1rea del deporte local, nacional.","breadcrumb":{"@id":"https:\/\/chasquideportivo.com\/ecrt\/el-futbol-espectaculo-se-reinicia-el-15-de-agosto\/#breadcrumb"},"inLanguage":"es","potentialAction":[{"@type":"ReadAction","target":["https:\/\/chasquideportivo.com\/ecrt\/el-futbol-espectaculo-se-reinicia-el-15-de-agosto\/"]}]},{"@type":"BreadcrumbList","@id":"https:\/\/chasquideportivo.com\/ecrt\/el-futbol-espectaculo-se-reinicia-el-15-de-agosto\/#breadcrumb","itemListElement":[{"@type":"ListItem","position":1,"name":"Portada | Chasqui Deportivo","item":"https:\/\/chasquideportivo.com\/ecrt\/"},{"@type":"ListItem","position":2,"name":"Archivo","item":"https:\/\/chasquideportivo.com\/ecrt\/category\/archivo\/"},{"@type":"ListItem","position":3,"name":"Golazo","item":"https:\/\/chasquideportivo.com\/ecrt\/category\/archivo\/golazo\/"},{"@type":"ListItem","position":4,"name":"El f\u00fatbol espect\u00e1culo se reinicia el 15 de agosto"}]},{"@type":"WebSite","@id":"https:\/\/chasquideportivo.com\/ecrt\/#website","url":"https:\/\/chasquideportivo.com\/ecrt\/","name":"ChasquiDeportivo","description":"Informaci&oacute;n y comunicaci&oacute;n, reportajes, noticias, entrevistas en el &aacute;rea del deporte local, nacional.","publisher":{"@id":"https:\/\/chasquideportivo.com\/ecrt\/#organization"},"potentialAction":[{"@type":"SearchAction","target":{"@type":"EntryPoint","urlTemplate":"https:\/\/chasquideportivo.com\/ecrt\/?s={search_term_string}"},"query-input":{"@type":"PropertyValueSpecification","valueRequired":true,"valueName":"search_term_string"}}],"inLanguage":"es"},{"@type":"Organization","@id":"https:\/\/chasquideportivo.com\/ecrt\/#organization","name":"Chasqui Deportivo","url":"https:\/\/chasquideportivo.com\/ecrt\/","logo":{"@type":"ImageObject","inLanguage":"es","@id":"https:\/\/chasquideportivo.com\/ecrt\/#\/schema\/logo\/image\/","url":"https:\/\/chasquideportivo.com\/ecrt\/wp-content\/uploads\/2022\/01\/logo-vertical.jpg","contentUrl":"https:\/\/chasquideportivo.com\/ecrt\/wp-content\/uploads\/2022\/01\/logo-vertical.jpg","width":612,"height":750,"caption":"Chasqui Deportivo"},"image":{"@id":"https:\/\/chasquideportivo.com\/ecrt\/#\/schema\/logo\/image\/"},"sameAs":["https:\/\/www.facebook.com\/chasquideportivo","https:\/\/x.com\/chasquidep","https:\/\/www.instagram.com\/chasquideportivo.ec","https:\/\/www.youtube.com\/channel\/UCGY8M-csHuxJuGRt4XrV90Q"]},{"@type":"Person","@id":"https:\/\/chasquideportivo.com\/ecrt\/#\/schema\/person\/d9e229fabae4c1e3f82cf66d802ca7b6","name":"kollage","image":{"@type":"ImageObject","inLanguage":"es","@id":"https:\/\/secure.gravatar.com\/avatar\/69b5388bf21dfca5434ca100f351036f1fbff72ba519ef8157b31bcc7fbfbb18?s=96&d=mm&r=g","url":"https:\/\/secure.gravatar.com\/avatar\/69b5388bf21dfca5434ca100f351036f1fbff72ba519ef8157b31bcc7fbfbb18?s=96&d=mm&r=g","contentUrl":"https:\/\/secure.gravatar.com\/avatar\/69b5388bf21dfca5434ca100f351036f1fbff72ba519ef8157b31bcc7fbfbb18?s=96&d=mm&r=g","caption":"kollage"},"sameAs":["https:\/\/chasquideportivo.com\/ecrt"],"url":"https:\/\/chasquideportivo.com\/ecrt\/author\/kollage\/"}]}},"_links":{"self":[{"href":"https:\/\/chasquideportivo.com\/ecrt\/wp-json\/wp\/v2\/posts\/5476","targetHints":{"allow":["GET"]}}],"collection":[{"href":"https:\/\/chasquideportivo.com\/ecrt\/wp-json\/wp\/v2\/posts"}],"about":[{"href":"https:\/\/chasquideportivo.com\/ecrt\/wp-json\/wp\/v2\/types\/post"}],"author":[{"embeddable":true,"href":"https:\/\/chasquideportivo.com\/ecrt\/wp-json\/wp\/v2\/users\/1"}],"replies":[{"embeddable":true,"href":"https:\/\/chasquideportivo.com\/ecrt\/wp-json\/wp\/v2\/comments?post=5476"}],"version-history":[{"count":1,"href":"https:\/\/chasquideportivo.com\/ecrt\/wp-json\/wp\/v2\/posts\/5476\/revisions"}],"predecessor-version":[{"id":5865,"href":"https:\/\/chasquideportivo.com\/ecrt\/wp-json\/wp\/v2\/posts\/5476\/revisions\/5865"}],"wp:attachment":[{"href":"https:\/\/chasquideportivo.com\/ecrt\/wp-json\/wp\/v2\/media?parent=5476"}],"wp:term":[{"taxonomy":"category","embeddable":true,"href":"https:\/\/chasquideportivo.com\/ecrt\/wp-json\/wp\/v2\/categories?post=5476"},{"taxonomy":"post_tag","embeddable":true,"href":"https:\/\/chasquideportivo.com\/ecrt\/wp-json\/wp\/v2\/tags?post=5476"}],"curies":[{"name":"wp","href":"https:\/\/api.w.org\/{rel}","templated":true}]}}