{"id":5466,"date":"2021-03-20T17:59:39","date_gmt":"2021-03-20T17:59:39","guid":{"rendered":"https:\/\/chasquideportivo.com\/ecrt\/2021\/03\/20\/se-termino-el-control-remoto\/"},"modified":"2021-03-20T18:19:07","modified_gmt":"2021-03-20T18:19:07","slug":"se-termino-el-control-remoto","status":"publish","type":"post","link":"https:\/\/chasquideportivo.com\/ecrt\/se-termino-el-control-remoto\/","title":{"rendered":"Se termin\u00f3 el control remoto"},"content":{"rendered":"<p>Cruyff fue anunciado como t\u00e9cnico,&nbsp; el 13 de enero de 2020 y hasta la fecha el t\u00e9cnico hispano-neerland\u00e9s&nbsp; no ha dirigido ni un solo partido \u00bfLos d\u00f3lares?<\/p>\n<p>Durante los seis meses a cargo de la Tricolor percibi\u00f3 un salario de $ 900.000, el presupuesto anual de la FEF considerado para Cruyff era de $ 1\u2019800.000, representando $ 150.000 mensuales.<\/p>\n<p><strong>Francisco Egas<\/strong>,&nbsp;<strong>reconocido<\/strong>&nbsp;por&nbsp;<strong>Conmebol<\/strong>&nbsp;y&nbsp;<strong>FIFA<\/strong>&nbsp;como presidente de la&nbsp;<strong>Federaci\u00f3n<\/strong>&nbsp;<strong>Ecuatoriana<\/strong>&nbsp;de F\u00fatbol (FEF), tiene la&nbsp;<strong>intenci\u00f3n<\/strong>&nbsp;de&nbsp;<strong>pedir<\/strong>&nbsp;la&nbsp;<strong>renuncia<\/strong>&nbsp;al t\u00e9cnico hispano-holand\u00e9s&nbsp;<strong>Jordi<\/strong>&nbsp;<strong>Cruyff<\/strong>&nbsp;y buscar a un&nbsp;<strong>nuevo DT<\/strong>&nbsp;para la&nbsp;<strong>selecci\u00f3n<\/strong>.<\/p>\n<p>As\u00ed se&nbsp;<strong>desprende<\/strong>&nbsp;del apoyo que solicit\u00f3 el viernes pasado a los miembros del&nbsp;<strong>Directorio<\/strong>&nbsp;de la&nbsp;<strong>FEF<\/strong>&nbsp;para dirigir en persona la&nbsp;<strong>desvinculaci\u00f3n del entrenador de la selecci\u00f3n nacional<\/strong>&nbsp;ecuatoriana, quien ya el jueves le comunic\u00f3 desde Espa\u00f1a que se estaba replanteando su continuidad.<\/p>\n<p><em>\u201cHa solicitado la autorizaci\u00f3n de los seis miembros que estamos en desacuerdo con su accionar (de Egas) en la FEF. Participaremos de la sesi\u00f3n de Directorio del pr\u00f3ximo martes, lo escucharemos y veremos qu\u00e9 se decide\u201d, confirm\u00f3 a Efe el directivo Carlos Galarza.<\/em><\/p>\n<p><strong>Galarza<\/strong><strong>&nbsp;es uno de los&nbsp;<\/strong><strong>directivos<\/strong><strong>&nbsp;que&nbsp;<\/strong><strong>removieron<\/strong><strong>&nbsp;en&nbsp;<\/strong><strong>abril<\/strong><strong>&nbsp;pasado a&nbsp;<\/strong><strong>Egas<\/strong><strong>&nbsp;de la presidencia de la FEF, en una&nbsp;<\/strong><strong>moci\u00f3n<\/strong><strong>&nbsp;de censura que<\/strong><strong>&nbsp;no ha sido reconocida<\/strong><strong>&nbsp;por los&nbsp;<\/strong><strong>organismos<\/strong><strong>&nbsp;<\/strong><strong>internacionales<\/strong><strong>&nbsp;del f\u00fatbol referentes en la regi\u00f3n.<\/strong><\/p>\n<p>Cruyff, que&nbsp;<strong>deb\u00eda haber regresado el jueves<\/strong>&nbsp;para&nbsp;<strong>retomar<\/strong>&nbsp;el proyecto in situ,&nbsp;<strong>inform\u00f3<\/strong>&nbsp;a&nbsp;<strong>Egas<\/strong>&nbsp;por tel\u00e9fono que permanec\u00eda en Espa\u00f1a y le&nbsp;<strong>pidi\u00f3 unos d\u00edas para repensar la situaci\u00f3n<\/strong>, lo que \u201c<strong>molest\u00f3<\/strong>\u201d al m\u00e1ximo directivo.<\/p>\n<p>Y adelant\u00e1ndose a una m\u00e1s que&nbsp;<strong>probable dimisi\u00f3n<\/strong>&nbsp;del hispano-holand\u00e9s, Egas ha decidido&nbsp;<strong>iniciar<\/strong>&nbsp;la&nbsp;<strong>desvinculaci\u00f3n<\/strong>&nbsp;y buscar a un&nbsp;<strong>entrenador<\/strong>&nbsp;de cara a las eliminatorias&nbsp;<strong>sudamericanas<\/strong>, en principio previstas para octubre.<\/p>\n<p>Ello despu\u00e9s de que sus&nbsp;<strong>oponentes<\/strong>&nbsp;en el Directorio, entre ellos&nbsp;<strong>Jaime<\/strong>&nbsp;<strong>Estrada<\/strong>, su&nbsp;<strong>vicepresidente<\/strong>&nbsp;y&nbsp;<strong>l\u00edder<\/strong>&nbsp;del&nbsp;<strong>grupo<\/strong>&nbsp;<strong>rebelde<\/strong>, le&nbsp;<strong>exigieran<\/strong>&nbsp;este mismo viernes gestionar por s\u00ed mismos el&nbsp;<strong>contrato<\/strong>&nbsp;de&nbsp;<strong>Cruyff<\/strong>.<\/p>\n<h6><em>\u201cDeje al Directorio tomar a su cargo la situaci\u00f3n, que desde el inicio no tuvo claridad\u201d, escribi\u00f3 Estrada por las redes sociales.<\/em><\/h6>\n<p>La&nbsp;<strong>desvinculaci\u00f3n<\/strong>&nbsp;por&nbsp;<strong>iniciativa<\/strong>&nbsp;de&nbsp;<strong>Egas<\/strong>&nbsp;puede tratarse de una&nbsp;<strong>t\u00e1ctica<\/strong>&nbsp;de este \u00faltimo para&nbsp;<strong>estabilizar<\/strong>&nbsp;la&nbsp;<strong>situaci\u00f3n<\/strong>&nbsp;en la FEF y obtener el&nbsp;<strong>respaldo<\/strong>&nbsp;a su&nbsp;<strong>gesti\u00f3n<\/strong>&nbsp;del grupo disidente, dado que la&nbsp;<strong>marcha<\/strong>&nbsp;<strong>voluntaria<\/strong>&nbsp;de&nbsp;<strong>Cruyff<\/strong>&nbsp;hubiera asestado un duro golpe de imagen a su proyecto y a su cuestionada gesti\u00f3n.<\/p>\n<p><strong>\u201cEs una situaci\u00f3n muy complicada la de la Federaci\u00f3n\u201d<\/strong>, consider\u00f3 el directivo de Liga de Quito, Esteban Paz, en un an\u00e1lisis de los m\u00e1s recientes acontecimientos que hizo para un medio local. EFE<\/p>\n<p>Sin pena ni gloria el paso del t\u00e9cnico Cruyff, solo saludo a la bandera y se fue. Las criticas llueven sin descanso a la FEF; el presidente Francisco Egas reconocido por los organismos internacionales negocia la salida del entrenador hispano-neerlandes. &nbsp;<\/p>\n<p>2020-07-20 14:14:48<\/p>\n<p>Golazo<\/p>\n","protected":false},"excerpt":{"rendered":"<p>Cruyff fue anunciado como t\u00e9cnico,&nbsp; el 13 de enero de 2020 y hasta la fecha el t\u00e9cnico hispano-neerland\u00e9s&nbsp; no ha dirigido ni un solo partido \u00bfLos d\u00f3lares? Durante los seis meses a cargo de la Tricolor percibi\u00f3 un salario de $ 900.000, el presupuesto anual de la FEF considerado para Cruyff era de $ 1\u2019800.000, [&hellip;]<\/p>\n","protected":false},"author":1,"featured_media":0,"comment_status":"open","ping_status":"open","sticky":false,"template":"","format":"standard","meta":{"_et_pb_use_builder":"","_et_pb_old_content":"","_et_gb_content_width":"","footnotes":""},"categories":[18],"tags":[37,36,35,34,39,28,23,20,22,24,19,38,21,41,40,3,6,31,25,42,29,30,27,26,33,32],"class_list":["post-5466","post","type-post","status-publish","format-standard","hentry","category-golazo","tag-37","tag-36","tag-35","tag-34","tag-actividad-deportiva","tag-barriales","tag-barrio","tag-chasqui","tag-chasqui-deportivo","tag-deporte","tag-deporte-barrial-ecuatoriano","tag-deportistas","tag-deportivo","tag-deportivos","tag-dirigentcia","tag-dirigentes","tag-ecuador","tag-ecuatorianas","tag-ecuatoriano","tag-ecuatorianos","tag-futbol","tag-futbolistas","tag-ligas","tag-ligas-barriales-ecuador","tag-pais","tag-quito"],"yoast_head":"<!-- This site is optimized with the Yoast SEO plugin v27.4 - https:\/\/yoast.com\/product\/yoast-seo-wordpress\/ -->\n<title>Se termin\u00f3 el control remoto - ChasquiDeportivo<\/title>\n<meta name=\"description\" content=\"Chasqui Deportivo | Informaci\u00f3n y comunicaci\u00f3n, reportajes, noticias, entrevistas en el \u00e1rea del deporte local, nacional.\" \/>\n<meta name=\"robots\" content=\"index, follow, max-snippet:-1, max-image-preview:large, max-video-preview:-1\" \/>\n<link rel=\"canonical\" href=\"https:\/\/chasquideportivo.com\/ecrt\/se-termino-el-control-remoto\/\" \/>\n<meta property=\"og:locale\" content=\"es_ES\" \/>\n<meta property=\"og:type\" content=\"article\" \/>\n<meta property=\"og:title\" content=\"Se termin\u00f3 el control remoto - ChasquiDeportivo\" \/>\n<meta property=\"og:description\" content=\"Chasqui Deportivo | Informaci\u00f3n y comunicaci\u00f3n, reportajes, noticias, entrevistas en el \u00e1rea del deporte local, nacional.\" \/>\n<meta property=\"og:url\" content=\"https:\/\/chasquideportivo.com\/ecrt\/se-termino-el-control-remoto\/\" \/>\n<meta property=\"og:site_name\" content=\"ChasquiDeportivo\" \/>\n<meta property=\"article:publisher\" content=\"https:\/\/www.facebook.com\/chasquideportivo\" \/>\n<meta property=\"article:published_time\" content=\"2021-03-20T17:59:39+00:00\" \/>\n<meta property=\"article:modified_time\" content=\"2021-03-20T18:19:07+00:00\" \/>\n<meta name=\"author\" content=\"kollage\" \/>\n<meta name=\"twitter:card\" content=\"summary_large_image\" \/>\n<meta name=\"twitter:creator\" content=\"@chasquidep\" \/>\n<meta name=\"twitter:site\" content=\"@chasquidep\" \/>\n<meta name=\"twitter:label1\" content=\"Escrito por\" \/>\n\t<meta name=\"twitter:data1\" content=\"kollage\" \/>\n\t<meta name=\"twitter:label2\" content=\"Tiempo de lectura\" \/>\n\t<meta name=\"twitter:data2\" content=\"3 minutos\" \/>\n<script type=\"application\/ld+json\" class=\"yoast-schema-graph\">{\"@context\":\"https:\\\/\\\/schema.org\",\"@graph\":[{\"@type\":\"Article\",\"@id\":\"https:\\\/\\\/chasquideportivo.com\\\/ecrt\\\/se-termino-el-control-remoto\\\/#article\",\"isPartOf\":{\"@id\":\"https:\\\/\\\/chasquideportivo.com\\\/ecrt\\\/se-termino-el-control-remoto\\\/\"},\"author\":{\"name\":\"kollage\",\"@id\":\"https:\\\/\\\/chasquideportivo.com\\\/ecrt\\\/#\\\/schema\\\/person\\\/d9e229fabae4c1e3f82cf66d802ca7b6\"},\"headline\":\"Se termin\u00f3 el control remoto\",\"datePublished\":\"2021-03-20T17:59:39+00:00\",\"dateModified\":\"2021-03-20T18:19:07+00:00\",\"mainEntityOfPage\":{\"@id\":\"https:\\\/\\\/chasquideportivo.com\\\/ecrt\\\/se-termino-el-control-remoto\\\/\"},\"wordCount\":619,\"commentCount\":0,\"publisher\":{\"@id\":\"https:\\\/\\\/chasquideportivo.com\\\/ecrt\\\/#organization\"},\"keywords\":[\"2018\",\"2019\",\"2020\",\"2021\",\"actividad deportiva\",\"barriales\",\"barrio\",\"chasqui\",\"chasqui deportivo\",\"deporte\",\"deporte barrial ecuatoriano\",\"deportistas\",\"deportivo\",\"deportivos\",\"dirigentcia\",\"dirigentes\",\"ecuador\",\"ecuatorianas\",\"ecuatoriano\",\"ecuatorianos\",\"futbol\",\"futbolistas\",\"ligas\",\"ligas barriales ecuador\",\"pa\u00eds\",\"quito\"],\"articleSection\":[\"Golazo\"],\"inLanguage\":\"es\",\"potentialAction\":[{\"@type\":\"CommentAction\",\"name\":\"Comment\",\"target\":[\"https:\\\/\\\/chasquideportivo.com\\\/ecrt\\\/se-termino-el-control-remoto\\\/#respond\"]}]},{\"@type\":\"WebPage\",\"@id\":\"https:\\\/\\\/chasquideportivo.com\\\/ecrt\\\/se-termino-el-control-remoto\\\/\",\"url\":\"https:\\\/\\\/chasquideportivo.com\\\/ecrt\\\/se-termino-el-control-remoto\\\/\",\"name\":\"Se termin\u00f3 el control remoto - ChasquiDeportivo\",\"isPartOf\":{\"@id\":\"https:\\\/\\\/chasquideportivo.com\\\/ecrt\\\/#website\"},\"datePublished\":\"2021-03-20T17:59:39+00:00\",\"dateModified\":\"2021-03-20T18:19:07+00:00\",\"description\":\"Chasqui Deportivo | Informaci\u00f3n y comunicaci\u00f3n, reportajes, noticias, entrevistas en el \u00e1rea del deporte local, nacional.\",\"breadcrumb\":{\"@id\":\"https:\\\/\\\/chasquideportivo.com\\\/ecrt\\\/se-termino-el-control-remoto\\\/#breadcrumb\"},\"inLanguage\":\"es\",\"potentialAction\":[{\"@type\":\"ReadAction\",\"target\":[\"https:\\\/\\\/chasquideportivo.com\\\/ecrt\\\/se-termino-el-control-remoto\\\/\"]}]},{\"@type\":\"BreadcrumbList\",\"@id\":\"https:\\\/\\\/chasquideportivo.com\\\/ecrt\\\/se-termino-el-control-remoto\\\/#breadcrumb\",\"itemListElement\":[{\"@type\":\"ListItem\",\"position\":1,\"name\":\"Portada | Chasqui Deportivo\",\"item\":\"https:\\\/\\\/chasquideportivo.com\\\/ecrt\\\/\"},{\"@type\":\"ListItem\",\"position\":2,\"name\":\"Archivo\",\"item\":\"https:\\\/\\\/chasquideportivo.com\\\/ecrt\\\/category\\\/archivo\\\/\"},{\"@type\":\"ListItem\",\"position\":3,\"name\":\"Golazo\",\"item\":\"https:\\\/\\\/chasquideportivo.com\\\/ecrt\\\/category\\\/archivo\\\/golazo\\\/\"},{\"@type\":\"ListItem\",\"position\":4,\"name\":\"Se termin\u00f3 el control remoto\"}]},{\"@type\":\"WebSite\",\"@id\":\"https:\\\/\\\/chasquideportivo.com\\\/ecrt\\\/#website\",\"url\":\"https:\\\/\\\/chasquideportivo.com\\\/ecrt\\\/\",\"name\":\"ChasquiDeportivo\",\"description\":\"Informaci&oacute;n y comunicaci&oacute;n, reportajes, noticias, entrevistas en el &aacute;rea del deporte local, nacional.\",\"publisher\":{\"@id\":\"https:\\\/\\\/chasquideportivo.com\\\/ecrt\\\/#organization\"},\"potentialAction\":[{\"@type\":\"SearchAction\",\"target\":{\"@type\":\"EntryPoint\",\"urlTemplate\":\"https:\\\/\\\/chasquideportivo.com\\\/ecrt\\\/?s={search_term_string}\"},\"query-input\":{\"@type\":\"PropertyValueSpecification\",\"valueRequired\":true,\"valueName\":\"search_term_string\"}}],\"inLanguage\":\"es\"},{\"@type\":\"Organization\",\"@id\":\"https:\\\/\\\/chasquideportivo.com\\\/ecrt\\\/#organization\",\"name\":\"Chasqui Deportivo\",\"url\":\"https:\\\/\\\/chasquideportivo.com\\\/ecrt\\\/\",\"logo\":{\"@type\":\"ImageObject\",\"inLanguage\":\"es\",\"@id\":\"https:\\\/\\\/chasquideportivo.com\\\/ecrt\\\/#\\\/schema\\\/logo\\\/image\\\/\",\"url\":\"https:\\\/\\\/chasquideportivo.com\\\/ecrt\\\/wp-content\\\/uploads\\\/2022\\\/01\\\/logo-vertical.jpg\",\"contentUrl\":\"https:\\\/\\\/chasquideportivo.com\\\/ecrt\\\/wp-content\\\/uploads\\\/2022\\\/01\\\/logo-vertical.jpg\",\"width\":612,\"height\":750,\"caption\":\"Chasqui Deportivo\"},\"image\":{\"@id\":\"https:\\\/\\\/chasquideportivo.com\\\/ecrt\\\/#\\\/schema\\\/logo\\\/image\\\/\"},\"sameAs\":[\"https:\\\/\\\/www.facebook.com\\\/chasquideportivo\",\"https:\\\/\\\/x.com\\\/chasquidep\",\"https:\\\/\\\/www.instagram.com\\\/chasquideportivo.ec\",\"https:\\\/\\\/www.youtube.com\\\/channel\\\/UCGY8M-csHuxJuGRt4XrV90Q\"]},{\"@type\":\"Person\",\"@id\":\"https:\\\/\\\/chasquideportivo.com\\\/ecrt\\\/#\\\/schema\\\/person\\\/d9e229fabae4c1e3f82cf66d802ca7b6\",\"name\":\"kollage\",\"image\":{\"@type\":\"ImageObject\",\"inLanguage\":\"es\",\"@id\":\"https:\\\/\\\/secure.gravatar.com\\\/avatar\\\/69b5388bf21dfca5434ca100f351036f1fbff72ba519ef8157b31bcc7fbfbb18?s=96&d=mm&r=g\",\"url\":\"https:\\\/\\\/secure.gravatar.com\\\/avatar\\\/69b5388bf21dfca5434ca100f351036f1fbff72ba519ef8157b31bcc7fbfbb18?s=96&d=mm&r=g\",\"contentUrl\":\"https:\\\/\\\/secure.gravatar.com\\\/avatar\\\/69b5388bf21dfca5434ca100f351036f1fbff72ba519ef8157b31bcc7fbfbb18?s=96&d=mm&r=g\",\"caption\":\"kollage\"},\"sameAs\":[\"https:\\\/\\\/chasquideportivo.com\\\/ecrt\"],\"url\":\"https:\\\/\\\/chasquideportivo.com\\\/ecrt\\\/author\\\/kollage\\\/\"}]}<\/script>\n<!-- \/ Yoast SEO plugin. -->","yoast_head_json":{"title":"Se termin\u00f3 el control remoto - ChasquiDeportivo","description":"Chasqui Deportivo | Informaci\u00f3n y comunicaci\u00f3n, reportajes, noticias, entrevistas en el \u00e1rea del deporte local, nacional.","robots":{"index":"index","follow":"follow","max-snippet":"max-snippet:-1","max-image-preview":"max-image-preview:large","max-video-preview":"max-video-preview:-1"},"canonical":"https:\/\/chasquideportivo.com\/ecrt\/se-termino-el-control-remoto\/","og_locale":"es_ES","og_type":"article","og_title":"Se termin\u00f3 el control remoto - ChasquiDeportivo","og_description":"Chasqui Deportivo | Informaci\u00f3n y comunicaci\u00f3n, reportajes, noticias, entrevistas en el \u00e1rea del deporte local, nacional.","og_url":"https:\/\/chasquideportivo.com\/ecrt\/se-termino-el-control-remoto\/","og_site_name":"ChasquiDeportivo","article_publisher":"https:\/\/www.facebook.com\/chasquideportivo","article_published_time":"2021-03-20T17:59:39+00:00","article_modified_time":"2021-03-20T18:19:07+00:00","author":"kollage","twitter_card":"summary_large_image","twitter_creator":"@chasquidep","twitter_site":"@chasquidep","twitter_misc":{"Escrito por":"kollage","Tiempo de lectura":"3 minutos"},"schema":{"@context":"https:\/\/schema.org","@graph":[{"@type":"Article","@id":"https:\/\/chasquideportivo.com\/ecrt\/se-termino-el-control-remoto\/#article","isPartOf":{"@id":"https:\/\/chasquideportivo.com\/ecrt\/se-termino-el-control-remoto\/"},"author":{"name":"kollage","@id":"https:\/\/chasquideportivo.com\/ecrt\/#\/schema\/person\/d9e229fabae4c1e3f82cf66d802ca7b6"},"headline":"Se termin\u00f3 el control remoto","datePublished":"2021-03-20T17:59:39+00:00","dateModified":"2021-03-20T18:19:07+00:00","mainEntityOfPage":{"@id":"https:\/\/chasquideportivo.com\/ecrt\/se-termino-el-control-remoto\/"},"wordCount":619,"commentCount":0,"publisher":{"@id":"https:\/\/chasquideportivo.com\/ecrt\/#organization"},"keywords":["2018","2019","2020","2021","actividad deportiva","barriales","barrio","chasqui","chasqui deportivo","deporte","deporte barrial ecuatoriano","deportistas","deportivo","deportivos","dirigentcia","dirigentes","ecuador","ecuatorianas","ecuatoriano","ecuatorianos","futbol","futbolistas","ligas","ligas barriales ecuador","pa\u00eds","quito"],"articleSection":["Golazo"],"inLanguage":"es","potentialAction":[{"@type":"CommentAction","name":"Comment","target":["https:\/\/chasquideportivo.com\/ecrt\/se-termino-el-control-remoto\/#respond"]}]},{"@type":"WebPage","@id":"https:\/\/chasquideportivo.com\/ecrt\/se-termino-el-control-remoto\/","url":"https:\/\/chasquideportivo.com\/ecrt\/se-termino-el-control-remoto\/","name":"Se termin\u00f3 el control remoto - ChasquiDeportivo","isPartOf":{"@id":"https:\/\/chasquideportivo.com\/ecrt\/#website"},"datePublished":"2021-03-20T17:59:39+00:00","dateModified":"2021-03-20T18:19:07+00:00","description":"Chasqui Deportivo | Informaci\u00f3n y comunicaci\u00f3n, reportajes, noticias, entrevistas en el \u00e1rea del deporte local, nacional.","breadcrumb":{"@id":"https:\/\/chasquideportivo.com\/ecrt\/se-termino-el-control-remoto\/#breadcrumb"},"inLanguage":"es","potentialAction":[{"@type":"ReadAction","target":["https:\/\/chasquideportivo.com\/ecrt\/se-termino-el-control-remoto\/"]}]},{"@type":"BreadcrumbList","@id":"https:\/\/chasquideportivo.com\/ecrt\/se-termino-el-control-remoto\/#breadcrumb","itemListElement":[{"@type":"ListItem","position":1,"name":"Portada | Chasqui Deportivo","item":"https:\/\/chasquideportivo.com\/ecrt\/"},{"@type":"ListItem","position":2,"name":"Archivo","item":"https:\/\/chasquideportivo.com\/ecrt\/category\/archivo\/"},{"@type":"ListItem","position":3,"name":"Golazo","item":"https:\/\/chasquideportivo.com\/ecrt\/category\/archivo\/golazo\/"},{"@type":"ListItem","position":4,"name":"Se termin\u00f3 el control remoto"}]},{"@type":"WebSite","@id":"https:\/\/chasquideportivo.com\/ecrt\/#website","url":"https:\/\/chasquideportivo.com\/ecrt\/","name":"ChasquiDeportivo","description":"Informaci&oacute;n y comunicaci&oacute;n, reportajes, noticias, entrevistas en el &aacute;rea del deporte local, nacional.","publisher":{"@id":"https:\/\/chasquideportivo.com\/ecrt\/#organization"},"potentialAction":[{"@type":"SearchAction","target":{"@type":"EntryPoint","urlTemplate":"https:\/\/chasquideportivo.com\/ecrt\/?s={search_term_string}"},"query-input":{"@type":"PropertyValueSpecification","valueRequired":true,"valueName":"search_term_string"}}],"inLanguage":"es"},{"@type":"Organization","@id":"https:\/\/chasquideportivo.com\/ecrt\/#organization","name":"Chasqui Deportivo","url":"https:\/\/chasquideportivo.com\/ecrt\/","logo":{"@type":"ImageObject","inLanguage":"es","@id":"https:\/\/chasquideportivo.com\/ecrt\/#\/schema\/logo\/image\/","url":"https:\/\/chasquideportivo.com\/ecrt\/wp-content\/uploads\/2022\/01\/logo-vertical.jpg","contentUrl":"https:\/\/chasquideportivo.com\/ecrt\/wp-content\/uploads\/2022\/01\/logo-vertical.jpg","width":612,"height":750,"caption":"Chasqui Deportivo"},"image":{"@id":"https:\/\/chasquideportivo.com\/ecrt\/#\/schema\/logo\/image\/"},"sameAs":["https:\/\/www.facebook.com\/chasquideportivo","https:\/\/x.com\/chasquidep","https:\/\/www.instagram.com\/chasquideportivo.ec","https:\/\/www.youtube.com\/channel\/UCGY8M-csHuxJuGRt4XrV90Q"]},{"@type":"Person","@id":"https:\/\/chasquideportivo.com\/ecrt\/#\/schema\/person\/d9e229fabae4c1e3f82cf66d802ca7b6","name":"kollage","image":{"@type":"ImageObject","inLanguage":"es","@id":"https:\/\/secure.gravatar.com\/avatar\/69b5388bf21dfca5434ca100f351036f1fbff72ba519ef8157b31bcc7fbfbb18?s=96&d=mm&r=g","url":"https:\/\/secure.gravatar.com\/avatar\/69b5388bf21dfca5434ca100f351036f1fbff72ba519ef8157b31bcc7fbfbb18?s=96&d=mm&r=g","contentUrl":"https:\/\/secure.gravatar.com\/avatar\/69b5388bf21dfca5434ca100f351036f1fbff72ba519ef8157b31bcc7fbfbb18?s=96&d=mm&r=g","caption":"kollage"},"sameAs":["https:\/\/chasquideportivo.com\/ecrt"],"url":"https:\/\/chasquideportivo.com\/ecrt\/author\/kollage\/"}]}},"_links":{"self":[{"href":"https:\/\/chasquideportivo.com\/ecrt\/wp-json\/wp\/v2\/posts\/5466","targetHints":{"allow":["GET"]}}],"collection":[{"href":"https:\/\/chasquideportivo.com\/ecrt\/wp-json\/wp\/v2\/posts"}],"about":[{"href":"https:\/\/chasquideportivo.com\/ecrt\/wp-json\/wp\/v2\/types\/post"}],"author":[{"embeddable":true,"href":"https:\/\/chasquideportivo.com\/ecrt\/wp-json\/wp\/v2\/users\/1"}],"replies":[{"embeddable":true,"href":"https:\/\/chasquideportivo.com\/ecrt\/wp-json\/wp\/v2\/comments?post=5466"}],"version-history":[{"count":1,"href":"https:\/\/chasquideportivo.com\/ecrt\/wp-json\/wp\/v2\/posts\/5466\/revisions"}],"predecessor-version":[{"id":5862,"href":"https:\/\/chasquideportivo.com\/ecrt\/wp-json\/wp\/v2\/posts\/5466\/revisions\/5862"}],"wp:attachment":[{"href":"https:\/\/chasquideportivo.com\/ecrt\/wp-json\/wp\/v2\/media?parent=5466"}],"wp:term":[{"taxonomy":"category","embeddable":true,"href":"https:\/\/chasquideportivo.com\/ecrt\/wp-json\/wp\/v2\/categories?post=5466"},{"taxonomy":"post_tag","embeddable":true,"href":"https:\/\/chasquideportivo.com\/ecrt\/wp-json\/wp\/v2\/tags?post=5466"}],"curies":[{"name":"wp","href":"https:\/\/api.w.org\/{rel}","templated":true}]}}