{"id":5465,"date":"2021-03-20T17:59:36","date_gmt":"2021-03-20T17:59:36","guid":{"rendered":"https:\/\/chasquideportivo.com\/ecrt\/2021\/03\/20\/vientos-de-inestabilidad-en-la-fef\/"},"modified":"2021-03-20T18:19:10","modified_gmt":"2021-03-20T18:19:10","slug":"vientos-de-inestabilidad-en-la-fef","status":"publish","type":"post","link":"https:\/\/chasquideportivo.com\/ecrt\/vientos-de-inestabilidad-en-la-fef\/","title":{"rendered":"Vientos de inestabilidad en la FEF"},"content":{"rendered":"<p style=\"margin: 0cm 0cm 19.5pt; text-align: justify; line-height: 19.5pt; background: white none repeat scroll 0% 0%;\"><span style=\"font-size: 11.5pt; font-family: 'Verdana', 'sans-serif'; color: #222222;\">El&nbsp;<strong><span style=\"font-family: 'Verdana', 'sans-serif';\">f\u00fatbol ecuatoriano<\/span><\/strong>, agobiado por la pandemia del&nbsp;<strong><span style=\"font-family: 'Verdana', 'sans-serif';\">coronavirus<\/span><\/strong>&nbsp;y los conflictos entre directivos de la&nbsp;<strong><span style=\"font-family: 'Verdana', 'sans-serif';\">Federaci\u00f3n Ecuatoriana de F\u00fatbol (FEF),<\/span><\/strong>&nbsp;se qued\u00f3 esperando el regreso del t\u00e9cnico el hispano-holand\u00e9s&nbsp;<strong><span style=\"font-family: 'Verdana', 'sans-serif';\">Jordi Cruyff<\/span><\/strong>, en principio previsto para este viernes.<\/span><\/p>\n<p style=\"margin: 0cm 0cm 19.5pt; text-align: justify; line-height: 19.5pt; background: white none repeat scroll 0% 0%; word-spacing: 0px;\"><strong><span style=\"font-size: 11.5pt; font-family: 'Verdana', 'sans-serif'; color: #222222;\">Cruyff&nbsp;<\/span><\/strong><span style=\"font-size: 11.5pt; font-family: 'Verdana', 'sans-serif'; color: #222222;\">ha argumentado que<strong><span style=\"font-family: 'Verdana', 'sans-serif';\">&nbsp;asuntos personales le han impedido volver al pa\u00eds.<\/span><\/strong> Cruyff deb\u00eda unirse a sus&nbsp;<strong><span style=\"font-family: 'Verdana', 'sans-serif';\">colaboradores<\/span><\/strong>&nbsp;que llegaron desde&nbsp;<strong><span style=\"font-family: 'Verdana', 'sans-serif';\">Espa\u00f1a<\/span><\/strong>&nbsp;hace una semana y se concentraron en&nbsp;<strong><span style=\"font-family: 'Verdana', 'sans-serif';\">\u201cLa Casa de la Selecci\u00f3n\u201d<\/span><\/strong>, en Quito.<\/span><\/p>\n<p style=\"margin: 0cm 0cm 19.5pt; line-height: 19.5pt; background: white none repeat scroll 0% 0%;\"><span style=\"font-size: 11.5pt; font-family: 'Verdana', 'sans-serif'; color: #222222;\">Otro&nbsp;<strong><span style=\"font-family: 'Verdana', 'sans-serif';\">ausente<\/span><\/strong>&nbsp;en el equipo de trabajo es el director deportivo,&nbsp;<strong><span style=\"font-family: 'Verdana', 'sans-serif';\">el espa\u00f1ol compatriota Antonio Cord\u00f3n<\/span><\/strong>, que junto al presidente de la FEF,<strong><span style=\"font-family: 'Verdana', 'sans-serif';\">&nbsp;Francisco Egas<\/span><\/strong>, contrataron al&nbsp;<strong><span style=\"font-family: 'Verdana', 'sans-serif';\">hispano-holand\u00e9s<\/span><\/strong>.<\/span><\/p>\n<p style=\"margin: 0cm 0cm 19.5pt; line-height: 19.5pt; background: white none repeat scroll 0% 0%;\"><strong><span style=\"font-size: 11.5pt; font-family: 'Verdana', 'sans-serif'; color: #222222;\">Cord\u00f3n<\/span><\/strong><span style=\"font-size: 11.5pt; font-family: 'Verdana', 'sans-serif'; color: #222222;\">&nbsp;<strong><span style=\"font-family: 'Verdana', 'sans-serif';\">renunci\u00f3<\/span><\/strong>&nbsp;<strong><span style=\"font-family: 'Verdana', 'sans-serif';\">a su cargo esta semana<\/span><\/strong>&nbsp;y&nbsp;<strong><span style=\"font-family: 'Verdana', 'sans-serif';\">argument\u00f3<\/span><\/strong>&nbsp;que lo hac\u00eda debido a la&nbsp;<strong><span style=\"font-family: 'Verdana', 'sans-serif';\">pandemia<\/span><\/strong>&nbsp;y por la&nbsp;<strong><span style=\"font-family: 'Verdana', 'sans-serif';\">crisis desatada entre directivos de la FEF<\/span><\/strong>&nbsp;desde el pasado 24 de abril.<\/span><\/p>\n<p style=\"margin: 0cm 0cm 19.5pt; line-height: 19.5pt; background: white none repeat scroll 0% 0%; text-align: start; word-spacing: 0px;\"><span style=\"font-size: 11.5pt; font-family: 'Verdana', 'sans-serif'; color: #222222;\">Tras la paralizaci\u00f3n del&nbsp;<strong><span style=\"font-family: 'Verdana', 'sans-serif';\">campeonato ecuatoriano<\/span><\/strong>&nbsp;y de todas las actividades futbol\u00edsticas durante marzo,&nbsp;<strong><span style=\"font-family: 'Verdana', 'sans-serif';\">Cruyff<\/span><\/strong>&nbsp;se traslad\u00f3 a&nbsp;<strong><span style=\"font-family: 'Verdana', 'sans-serif';\">Espa\u00f1a<\/span><\/strong>&nbsp;para reunirse con sus familiares.<\/span><\/p>\n<p style=\"margin: 0cm 0cm 19.5pt; line-height: 19.5pt; background: white none repeat scroll 0% 0%; text-align: start; word-spacing: 0px;\"><span style=\"font-size: 11.5pt; font-family: 'Verdana', 'sans-serif'; color: #222222;\">Previo a la crisis sanitaria,&nbsp;<strong><span style=\"font-family: 'Verdana', 'sans-serif';\">el seleccionador visit\u00f3 a la mayor\u00eda de los jugadores que militan en clubes del exterior y a nivel local<\/span><\/strong>, y durante la paralizaci\u00f3n estuvo observando v\u00eddeos del desempe\u00f1o de los jugadores ecuatorianos en actuaciones anteriores a la declaraci\u00f3n de emergencia sanitaria, el 16 de marzo.<\/span><\/p>\n<p style=\"margin: 0cm 0cm 19.5pt; line-height: 19.5pt; background: white none repeat scroll 0% 0%; text-align: start; word-spacing: 0px;\"><span style=\"font-size: 11.5pt; font-family: 'Verdana', 'sans-serif'; color: #222222;\">Los&nbsp;<strong><span style=\"font-family: 'Verdana', 'sans-serif';\">entrenamientos en el f\u00fatbol local se reanudaron el 10 de junio<\/span><\/strong>&nbsp;bajo estrictos protocolos de bioseguridad, mientras el&nbsp;<strong><span style=\"font-family: 'Verdana', 'sans-serif';\">Comit\u00e9 de Operaciones de Emergencia<\/span><\/strong>&nbsp;(COE), los directivos de la&nbsp;<strong><span style=\"font-family: 'Verdana', 'sans-serif';\">FEF<\/span><\/strong>&nbsp;y de la&nbsp;<strong><span style=\"font-family: 'Verdana', 'sans-serif';\">LigaPro<\/span><\/strong>&nbsp;contin\u00faan analizando como fecha probable para la reanudaci\u00f3n del torneo el pr\u00f3ximo 29 de julio.<\/span><\/p>\n<p style=\"margin: 0cm 0cm 19.5pt; line-height: 19.5pt; background: white none repeat scroll 0% 0%; text-align: start; word-spacing: 0px;\"><span style=\"font-size: 11.5pt; font-family: 'Verdana', 'sans-serif'; color: #222222;\">Las eliminatorias en&nbsp;<strong><span style=\"font-family: 'Verdana', 'sans-serif';\">Sudam\u00e9rica<\/span><\/strong>&nbsp;comenzar\u00edan en octubre pr\u00f3ximo, seg\u00fan disposici\u00f3n de la&nbsp;<strong><span style=\"font-family: 'Verdana', 'sans-serif';\">Federaci\u00f3n Internacional de Asociaciones de F\u00fatbol (FIFA)<\/span><\/strong>.<\/span><\/p>\n<p style=\"margin: 0cm 0cm 19.5pt; line-height: 19.5pt; background: white none repeat scroll 0% 0%; text-align: start; word-spacing: 0px;\"><span style=\"font-size: 11.5pt; font-family: 'Verdana', 'sans-serif'; color: #222222;\">La crisis entre directivos tambi\u00e9n envolvi\u00f3 al&nbsp;<strong><span style=\"font-family: 'Verdana', 'sans-serif';\">cuerpo t\u00e9cnico<\/span><\/strong>, seis de los nueve miembros del&nbsp;<strong><span style=\"font-family: 'Verdana', 'sans-serif';\">Directorio<\/span><\/strong>&nbsp;de la&nbsp;<strong><span style=\"font-family: 'Verdana', 'sans-serif';\">FEF<\/span><\/strong>&nbsp;removieron de la presidencia a&nbsp;<strong><span style=\"font-family: 'Verdana', 'sans-serif';\">Egas<\/span><\/strong>&nbsp;y designaron en ese cargo a Jaime Estrada, argumentando entre otras cosas que Egas no respet\u00f3 la cifra establecida por el Directorio para la contrataci\u00f3n del cuerpo t\u00e9cnico.<\/span><\/p>\n<p style=\"margin: 0cm 0cm 19.5pt; line-height: 19.5pt; background: white none repeat scroll 0% 0%; text-align: start; word-spacing: 0px;\"><span style=\"font-size: 11.5pt; font-family: 'Verdana', 'sans-serif'; color: #222222;\">El conflicto pas\u00f3 a manos de la&nbsp;<strong><span style=\"font-family: 'Verdana', 'sans-serif';\">Conmebol y de la FIFA<\/span><\/strong>, aunque siempre reconocieron como presidente de la&nbsp;<strong><span style=\"font-family: 'Verdana', 'sans-serif';\">FEF a Egas<\/span><\/strong>, hasta tomar una resoluci\u00f3n en los pr\u00f3ximos d\u00edas sobre el problema. EFE<\/span><\/p>\n<p style=\"margin: 0cm 0cm 19.5pt; text-align: justify; line-height: 19.5pt; background: white none repeat scroll 0% 0%;\"><span style=\"font-size: 11.5pt; font-family: 'Verdana', 'sans-serif'; color: #222222;\">No regres\u00f3 el t\u00e9cnico Jordi Cruyff, aduce situaciones personales. FEF se qued\u00f3 sin director deportivo. Divisi\u00f3n marcada en el directorio. <\/span><\/p>\n<p>2020-07-17 20:31:21<\/p>\n<p>Golazo<\/p>\n","protected":false},"excerpt":{"rendered":"<p>El&nbsp;f\u00fatbol ecuatoriano, agobiado por la pandemia del&nbsp;coronavirus&nbsp;y los conflictos entre directivos de la&nbsp;Federaci\u00f3n Ecuatoriana de F\u00fatbol (FEF),&nbsp;se qued\u00f3 esperando el regreso del t\u00e9cnico el hispano-holand\u00e9s&nbsp;Jordi Cruyff, en principio previsto para este viernes. Cruyff&nbsp;ha argumentado que&nbsp;asuntos personales le han impedido volver al pa\u00eds. Cruyff deb\u00eda unirse a sus&nbsp;colaboradores&nbsp;que llegaron desde&nbsp;Espa\u00f1a&nbsp;hace una semana y se concentraron en&nbsp;\u201cLa [&hellip;]<\/p>\n","protected":false},"author":1,"featured_media":0,"comment_status":"open","ping_status":"open","sticky":false,"template":"","format":"standard","meta":{"_et_pb_use_builder":"","_et_pb_old_content":"","_et_gb_content_width":"","footnotes":""},"categories":[18],"tags":[37,36,35,34,39,28,23,20,22,24,19,38,21,41,40,3,6,31,25,42,29,30,27,26,33,32],"class_list":["post-5465","post","type-post","status-publish","format-standard","hentry","category-golazo","tag-37","tag-36","tag-35","tag-34","tag-actividad-deportiva","tag-barriales","tag-barrio","tag-chasqui","tag-chasqui-deportivo","tag-deporte","tag-deporte-barrial-ecuatoriano","tag-deportistas","tag-deportivo","tag-deportivos","tag-dirigentcia","tag-dirigentes","tag-ecuador","tag-ecuatorianas","tag-ecuatoriano","tag-ecuatorianos","tag-futbol","tag-futbolistas","tag-ligas","tag-ligas-barriales-ecuador","tag-pais","tag-quito"],"yoast_head":"<!-- This site is optimized with the Yoast SEO plugin v27.4 - https:\/\/yoast.com\/product\/yoast-seo-wordpress\/ -->\n<title>Vientos de inestabilidad en la FEF - ChasquiDeportivo<\/title>\n<meta name=\"description\" content=\"Chasqui Deportivo | Informaci\u00f3n y comunicaci\u00f3n, reportajes, noticias, entrevistas en el \u00e1rea del deporte local, nacional.\" \/>\n<meta name=\"robots\" content=\"index, follow, max-snippet:-1, max-image-preview:large, max-video-preview:-1\" \/>\n<link rel=\"canonical\" href=\"https:\/\/chasquideportivo.com\/ecrt\/vientos-de-inestabilidad-en-la-fef\/\" \/>\n<meta property=\"og:locale\" content=\"es_ES\" \/>\n<meta property=\"og:type\" content=\"article\" \/>\n<meta property=\"og:title\" content=\"Vientos de inestabilidad en la FEF - ChasquiDeportivo\" \/>\n<meta property=\"og:description\" content=\"Chasqui Deportivo | Informaci\u00f3n y comunicaci\u00f3n, reportajes, noticias, entrevistas en el \u00e1rea del deporte local, nacional.\" \/>\n<meta property=\"og:url\" content=\"https:\/\/chasquideportivo.com\/ecrt\/vientos-de-inestabilidad-en-la-fef\/\" \/>\n<meta property=\"og:site_name\" content=\"ChasquiDeportivo\" \/>\n<meta property=\"article:publisher\" content=\"https:\/\/www.facebook.com\/chasquideportivo\" \/>\n<meta property=\"article:published_time\" content=\"2021-03-20T17:59:36+00:00\" \/>\n<meta property=\"article:modified_time\" content=\"2021-03-20T18:19:10+00:00\" \/>\n<meta name=\"author\" content=\"kollage\" \/>\n<meta name=\"twitter:card\" content=\"summary_large_image\" \/>\n<meta name=\"twitter:creator\" content=\"@chasquidep\" \/>\n<meta name=\"twitter:site\" content=\"@chasquidep\" \/>\n<meta name=\"twitter:label1\" content=\"Escrito por\" \/>\n\t<meta name=\"twitter:data1\" content=\"kollage\" \/>\n\t<meta name=\"twitter:label2\" content=\"Tiempo de lectura\" \/>\n\t<meta name=\"twitter:data2\" content=\"2 minutos\" \/>\n<script type=\"application\/ld+json\" class=\"yoast-schema-graph\">{\"@context\":\"https:\\\/\\\/schema.org\",\"@graph\":[{\"@type\":\"Article\",\"@id\":\"https:\\\/\\\/chasquideportivo.com\\\/ecrt\\\/vientos-de-inestabilidad-en-la-fef\\\/#article\",\"isPartOf\":{\"@id\":\"https:\\\/\\\/chasquideportivo.com\\\/ecrt\\\/vientos-de-inestabilidad-en-la-fef\\\/\"},\"author\":{\"name\":\"kollage\",\"@id\":\"https:\\\/\\\/chasquideportivo.com\\\/ecrt\\\/#\\\/schema\\\/person\\\/d9e229fabae4c1e3f82cf66d802ca7b6\"},\"headline\":\"Vientos de inestabilidad en la FEF\",\"datePublished\":\"2021-03-20T17:59:36+00:00\",\"dateModified\":\"2021-03-20T18:19:10+00:00\",\"mainEntityOfPage\":{\"@id\":\"https:\\\/\\\/chasquideportivo.com\\\/ecrt\\\/vientos-de-inestabilidad-en-la-fef\\\/\"},\"wordCount\":484,\"commentCount\":0,\"publisher\":{\"@id\":\"https:\\\/\\\/chasquideportivo.com\\\/ecrt\\\/#organization\"},\"keywords\":[\"2018\",\"2019\",\"2020\",\"2021\",\"actividad deportiva\",\"barriales\",\"barrio\",\"chasqui\",\"chasqui deportivo\",\"deporte\",\"deporte barrial ecuatoriano\",\"deportistas\",\"deportivo\",\"deportivos\",\"dirigentcia\",\"dirigentes\",\"ecuador\",\"ecuatorianas\",\"ecuatoriano\",\"ecuatorianos\",\"futbol\",\"futbolistas\",\"ligas\",\"ligas barriales ecuador\",\"pa\u00eds\",\"quito\"],\"articleSection\":[\"Golazo\"],\"inLanguage\":\"es\",\"potentialAction\":[{\"@type\":\"CommentAction\",\"name\":\"Comment\",\"target\":[\"https:\\\/\\\/chasquideportivo.com\\\/ecrt\\\/vientos-de-inestabilidad-en-la-fef\\\/#respond\"]}]},{\"@type\":\"WebPage\",\"@id\":\"https:\\\/\\\/chasquideportivo.com\\\/ecrt\\\/vientos-de-inestabilidad-en-la-fef\\\/\",\"url\":\"https:\\\/\\\/chasquideportivo.com\\\/ecrt\\\/vientos-de-inestabilidad-en-la-fef\\\/\",\"name\":\"Vientos de inestabilidad en la FEF - ChasquiDeportivo\",\"isPartOf\":{\"@id\":\"https:\\\/\\\/chasquideportivo.com\\\/ecrt\\\/#website\"},\"datePublished\":\"2021-03-20T17:59:36+00:00\",\"dateModified\":\"2021-03-20T18:19:10+00:00\",\"description\":\"Chasqui Deportivo | Informaci\u00f3n y comunicaci\u00f3n, reportajes, noticias, entrevistas en el \u00e1rea del deporte local, nacional.\",\"breadcrumb\":{\"@id\":\"https:\\\/\\\/chasquideportivo.com\\\/ecrt\\\/vientos-de-inestabilidad-en-la-fef\\\/#breadcrumb\"},\"inLanguage\":\"es\",\"potentialAction\":[{\"@type\":\"ReadAction\",\"target\":[\"https:\\\/\\\/chasquideportivo.com\\\/ecrt\\\/vientos-de-inestabilidad-en-la-fef\\\/\"]}]},{\"@type\":\"BreadcrumbList\",\"@id\":\"https:\\\/\\\/chasquideportivo.com\\\/ecrt\\\/vientos-de-inestabilidad-en-la-fef\\\/#breadcrumb\",\"itemListElement\":[{\"@type\":\"ListItem\",\"position\":1,\"name\":\"Portada | Chasqui Deportivo\",\"item\":\"https:\\\/\\\/chasquideportivo.com\\\/ecrt\\\/\"},{\"@type\":\"ListItem\",\"position\":2,\"name\":\"Archivo\",\"item\":\"https:\\\/\\\/chasquideportivo.com\\\/ecrt\\\/category\\\/archivo\\\/\"},{\"@type\":\"ListItem\",\"position\":3,\"name\":\"Golazo\",\"item\":\"https:\\\/\\\/chasquideportivo.com\\\/ecrt\\\/category\\\/archivo\\\/golazo\\\/\"},{\"@type\":\"ListItem\",\"position\":4,\"name\":\"Vientos de inestabilidad en la FEF\"}]},{\"@type\":\"WebSite\",\"@id\":\"https:\\\/\\\/chasquideportivo.com\\\/ecrt\\\/#website\",\"url\":\"https:\\\/\\\/chasquideportivo.com\\\/ecrt\\\/\",\"name\":\"ChasquiDeportivo\",\"description\":\"Informaci&oacute;n y comunicaci&oacute;n, reportajes, noticias, entrevistas en el &aacute;rea del deporte local, nacional.\",\"publisher\":{\"@id\":\"https:\\\/\\\/chasquideportivo.com\\\/ecrt\\\/#organization\"},\"potentialAction\":[{\"@type\":\"SearchAction\",\"target\":{\"@type\":\"EntryPoint\",\"urlTemplate\":\"https:\\\/\\\/chasquideportivo.com\\\/ecrt\\\/?s={search_term_string}\"},\"query-input\":{\"@type\":\"PropertyValueSpecification\",\"valueRequired\":true,\"valueName\":\"search_term_string\"}}],\"inLanguage\":\"es\"},{\"@type\":\"Organization\",\"@id\":\"https:\\\/\\\/chasquideportivo.com\\\/ecrt\\\/#organization\",\"name\":\"Chasqui Deportivo\",\"url\":\"https:\\\/\\\/chasquideportivo.com\\\/ecrt\\\/\",\"logo\":{\"@type\":\"ImageObject\",\"inLanguage\":\"es\",\"@id\":\"https:\\\/\\\/chasquideportivo.com\\\/ecrt\\\/#\\\/schema\\\/logo\\\/image\\\/\",\"url\":\"https:\\\/\\\/chasquideportivo.com\\\/ecrt\\\/wp-content\\\/uploads\\\/2022\\\/01\\\/logo-vertical.jpg\",\"contentUrl\":\"https:\\\/\\\/chasquideportivo.com\\\/ecrt\\\/wp-content\\\/uploads\\\/2022\\\/01\\\/logo-vertical.jpg\",\"width\":612,\"height\":750,\"caption\":\"Chasqui Deportivo\"},\"image\":{\"@id\":\"https:\\\/\\\/chasquideportivo.com\\\/ecrt\\\/#\\\/schema\\\/logo\\\/image\\\/\"},\"sameAs\":[\"https:\\\/\\\/www.facebook.com\\\/chasquideportivo\",\"https:\\\/\\\/x.com\\\/chasquidep\",\"https:\\\/\\\/www.instagram.com\\\/chasquideportivo.ec\",\"https:\\\/\\\/www.youtube.com\\\/channel\\\/UCGY8M-csHuxJuGRt4XrV90Q\"]},{\"@type\":\"Person\",\"@id\":\"https:\\\/\\\/chasquideportivo.com\\\/ecrt\\\/#\\\/schema\\\/person\\\/d9e229fabae4c1e3f82cf66d802ca7b6\",\"name\":\"kollage\",\"image\":{\"@type\":\"ImageObject\",\"inLanguage\":\"es\",\"@id\":\"https:\\\/\\\/secure.gravatar.com\\\/avatar\\\/69b5388bf21dfca5434ca100f351036f1fbff72ba519ef8157b31bcc7fbfbb18?s=96&d=mm&r=g\",\"url\":\"https:\\\/\\\/secure.gravatar.com\\\/avatar\\\/69b5388bf21dfca5434ca100f351036f1fbff72ba519ef8157b31bcc7fbfbb18?s=96&d=mm&r=g\",\"contentUrl\":\"https:\\\/\\\/secure.gravatar.com\\\/avatar\\\/69b5388bf21dfca5434ca100f351036f1fbff72ba519ef8157b31bcc7fbfbb18?s=96&d=mm&r=g\",\"caption\":\"kollage\"},\"sameAs\":[\"https:\\\/\\\/chasquideportivo.com\\\/ecrt\"],\"url\":\"https:\\\/\\\/chasquideportivo.com\\\/ecrt\\\/author\\\/kollage\\\/\"}]}<\/script>\n<!-- \/ Yoast SEO plugin. -->","yoast_head_json":{"title":"Vientos de inestabilidad en la FEF - ChasquiDeportivo","description":"Chasqui Deportivo | Informaci\u00f3n y comunicaci\u00f3n, reportajes, noticias, entrevistas en el \u00e1rea del deporte local, nacional.","robots":{"index":"index","follow":"follow","max-snippet":"max-snippet:-1","max-image-preview":"max-image-preview:large","max-video-preview":"max-video-preview:-1"},"canonical":"https:\/\/chasquideportivo.com\/ecrt\/vientos-de-inestabilidad-en-la-fef\/","og_locale":"es_ES","og_type":"article","og_title":"Vientos de inestabilidad en la FEF - ChasquiDeportivo","og_description":"Chasqui Deportivo | Informaci\u00f3n y comunicaci\u00f3n, reportajes, noticias, entrevistas en el \u00e1rea del deporte local, nacional.","og_url":"https:\/\/chasquideportivo.com\/ecrt\/vientos-de-inestabilidad-en-la-fef\/","og_site_name":"ChasquiDeportivo","article_publisher":"https:\/\/www.facebook.com\/chasquideportivo","article_published_time":"2021-03-20T17:59:36+00:00","article_modified_time":"2021-03-20T18:19:10+00:00","author":"kollage","twitter_card":"summary_large_image","twitter_creator":"@chasquidep","twitter_site":"@chasquidep","twitter_misc":{"Escrito por":"kollage","Tiempo de lectura":"2 minutos"},"schema":{"@context":"https:\/\/schema.org","@graph":[{"@type":"Article","@id":"https:\/\/chasquideportivo.com\/ecrt\/vientos-de-inestabilidad-en-la-fef\/#article","isPartOf":{"@id":"https:\/\/chasquideportivo.com\/ecrt\/vientos-de-inestabilidad-en-la-fef\/"},"author":{"name":"kollage","@id":"https:\/\/chasquideportivo.com\/ecrt\/#\/schema\/person\/d9e229fabae4c1e3f82cf66d802ca7b6"},"headline":"Vientos de inestabilidad en la FEF","datePublished":"2021-03-20T17:59:36+00:00","dateModified":"2021-03-20T18:19:10+00:00","mainEntityOfPage":{"@id":"https:\/\/chasquideportivo.com\/ecrt\/vientos-de-inestabilidad-en-la-fef\/"},"wordCount":484,"commentCount":0,"publisher":{"@id":"https:\/\/chasquideportivo.com\/ecrt\/#organization"},"keywords":["2018","2019","2020","2021","actividad deportiva","barriales","barrio","chasqui","chasqui deportivo","deporte","deporte barrial ecuatoriano","deportistas","deportivo","deportivos","dirigentcia","dirigentes","ecuador","ecuatorianas","ecuatoriano","ecuatorianos","futbol","futbolistas","ligas","ligas barriales ecuador","pa\u00eds","quito"],"articleSection":["Golazo"],"inLanguage":"es","potentialAction":[{"@type":"CommentAction","name":"Comment","target":["https:\/\/chasquideportivo.com\/ecrt\/vientos-de-inestabilidad-en-la-fef\/#respond"]}]},{"@type":"WebPage","@id":"https:\/\/chasquideportivo.com\/ecrt\/vientos-de-inestabilidad-en-la-fef\/","url":"https:\/\/chasquideportivo.com\/ecrt\/vientos-de-inestabilidad-en-la-fef\/","name":"Vientos de inestabilidad en la FEF - ChasquiDeportivo","isPartOf":{"@id":"https:\/\/chasquideportivo.com\/ecrt\/#website"},"datePublished":"2021-03-20T17:59:36+00:00","dateModified":"2021-03-20T18:19:10+00:00","description":"Chasqui Deportivo | Informaci\u00f3n y comunicaci\u00f3n, reportajes, noticias, entrevistas en el \u00e1rea del deporte local, nacional.","breadcrumb":{"@id":"https:\/\/chasquideportivo.com\/ecrt\/vientos-de-inestabilidad-en-la-fef\/#breadcrumb"},"inLanguage":"es","potentialAction":[{"@type":"ReadAction","target":["https:\/\/chasquideportivo.com\/ecrt\/vientos-de-inestabilidad-en-la-fef\/"]}]},{"@type":"BreadcrumbList","@id":"https:\/\/chasquideportivo.com\/ecrt\/vientos-de-inestabilidad-en-la-fef\/#breadcrumb","itemListElement":[{"@type":"ListItem","position":1,"name":"Portada | Chasqui Deportivo","item":"https:\/\/chasquideportivo.com\/ecrt\/"},{"@type":"ListItem","position":2,"name":"Archivo","item":"https:\/\/chasquideportivo.com\/ecrt\/category\/archivo\/"},{"@type":"ListItem","position":3,"name":"Golazo","item":"https:\/\/chasquideportivo.com\/ecrt\/category\/archivo\/golazo\/"},{"@type":"ListItem","position":4,"name":"Vientos de inestabilidad en la FEF"}]},{"@type":"WebSite","@id":"https:\/\/chasquideportivo.com\/ecrt\/#website","url":"https:\/\/chasquideportivo.com\/ecrt\/","name":"ChasquiDeportivo","description":"Informaci&oacute;n y comunicaci&oacute;n, reportajes, noticias, entrevistas en el &aacute;rea del deporte local, nacional.","publisher":{"@id":"https:\/\/chasquideportivo.com\/ecrt\/#organization"},"potentialAction":[{"@type":"SearchAction","target":{"@type":"EntryPoint","urlTemplate":"https:\/\/chasquideportivo.com\/ecrt\/?s={search_term_string}"},"query-input":{"@type":"PropertyValueSpecification","valueRequired":true,"valueName":"search_term_string"}}],"inLanguage":"es"},{"@type":"Organization","@id":"https:\/\/chasquideportivo.com\/ecrt\/#organization","name":"Chasqui Deportivo","url":"https:\/\/chasquideportivo.com\/ecrt\/","logo":{"@type":"ImageObject","inLanguage":"es","@id":"https:\/\/chasquideportivo.com\/ecrt\/#\/schema\/logo\/image\/","url":"https:\/\/chasquideportivo.com\/ecrt\/wp-content\/uploads\/2022\/01\/logo-vertical.jpg","contentUrl":"https:\/\/chasquideportivo.com\/ecrt\/wp-content\/uploads\/2022\/01\/logo-vertical.jpg","width":612,"height":750,"caption":"Chasqui Deportivo"},"image":{"@id":"https:\/\/chasquideportivo.com\/ecrt\/#\/schema\/logo\/image\/"},"sameAs":["https:\/\/www.facebook.com\/chasquideportivo","https:\/\/x.com\/chasquidep","https:\/\/www.instagram.com\/chasquideportivo.ec","https:\/\/www.youtube.com\/channel\/UCGY8M-csHuxJuGRt4XrV90Q"]},{"@type":"Person","@id":"https:\/\/chasquideportivo.com\/ecrt\/#\/schema\/person\/d9e229fabae4c1e3f82cf66d802ca7b6","name":"kollage","image":{"@type":"ImageObject","inLanguage":"es","@id":"https:\/\/secure.gravatar.com\/avatar\/69b5388bf21dfca5434ca100f351036f1fbff72ba519ef8157b31bcc7fbfbb18?s=96&d=mm&r=g","url":"https:\/\/secure.gravatar.com\/avatar\/69b5388bf21dfca5434ca100f351036f1fbff72ba519ef8157b31bcc7fbfbb18?s=96&d=mm&r=g","contentUrl":"https:\/\/secure.gravatar.com\/avatar\/69b5388bf21dfca5434ca100f351036f1fbff72ba519ef8157b31bcc7fbfbb18?s=96&d=mm&r=g","caption":"kollage"},"sameAs":["https:\/\/chasquideportivo.com\/ecrt"],"url":"https:\/\/chasquideportivo.com\/ecrt\/author\/kollage\/"}]}},"_links":{"self":[{"href":"https:\/\/chasquideportivo.com\/ecrt\/wp-json\/wp\/v2\/posts\/5465","targetHints":{"allow":["GET"]}}],"collection":[{"href":"https:\/\/chasquideportivo.com\/ecrt\/wp-json\/wp\/v2\/posts"}],"about":[{"href":"https:\/\/chasquideportivo.com\/ecrt\/wp-json\/wp\/v2\/types\/post"}],"author":[{"embeddable":true,"href":"https:\/\/chasquideportivo.com\/ecrt\/wp-json\/wp\/v2\/users\/1"}],"replies":[{"embeddable":true,"href":"https:\/\/chasquideportivo.com\/ecrt\/wp-json\/wp\/v2\/comments?post=5465"}],"version-history":[{"count":1,"href":"https:\/\/chasquideportivo.com\/ecrt\/wp-json\/wp\/v2\/posts\/5465\/revisions"}],"predecessor-version":[{"id":5888,"href":"https:\/\/chasquideportivo.com\/ecrt\/wp-json\/wp\/v2\/posts\/5465\/revisions\/5888"}],"wp:attachment":[{"href":"https:\/\/chasquideportivo.com\/ecrt\/wp-json\/wp\/v2\/media?parent=5465"}],"wp:term":[{"taxonomy":"category","embeddable":true,"href":"https:\/\/chasquideportivo.com\/ecrt\/wp-json\/wp\/v2\/categories?post=5465"},{"taxonomy":"post_tag","embeddable":true,"href":"https:\/\/chasquideportivo.com\/ecrt\/wp-json\/wp\/v2\/tags?post=5465"}],"curies":[{"name":"wp","href":"https:\/\/api.w.org\/{rel}","templated":true}]}}