{"id":5397,"date":"2021-03-20T17:59:30","date_gmt":"2021-03-20T17:59:30","guid":{"rendered":"https:\/\/chasquideportivo.com\/ecrt\/2021\/03\/20\/formato-de-la-ligapro-se-define-el-22-de-este-mes\/"},"modified":"2021-03-20T19:27:14","modified_gmt":"2021-03-20T19:27:14","slug":"formato-de-la-ligapro-se-define-el-22-de-este-mes","status":"publish","type":"post","link":"https:\/\/chasquideportivo.com\/ecrt\/formato-de-la-ligapro-se-define-el-22-de-este-mes\/","title":{"rendered":"Formato de la LigaPro se define el 22 de este mes"},"content":{"rendered":"<p><strong>Diecis\u00e9is clubes<\/strong>&nbsp;de la primera divisi\u00f3n de Ecuador est\u00e1n convocados &nbsp;para el pr\u00f3ximo&nbsp;<strong>22 de junio<\/strong>&nbsp; para determinar el sistema o formato de&nbsp;<strong>competiciones. En primera instancia el torneo se<\/strong> reanudar\u00eda el pr\u00f3ximo 17 de julio, el mismo fue&nbsp;suspendido por la pandemia del&nbsp;<strong>COVID-19<\/strong>.<\/p>\n<p>Como consecuencia de la expansi\u00f3n del&nbsp;<strong>coronavirus<\/strong>&nbsp;desde finales de febrero en el pa\u00eds, la&nbsp;<strong>LigaPro<\/strong>&nbsp;y los clubes propusieron en&nbsp;<strong>mayo<\/strong>&nbsp;pasado dos sistemas de disputa para la reanudaci\u00f3n del&nbsp;<strong>torneo<\/strong>.<\/p>\n<p>El mismo se inici\u00f3 el<strong>14 de febrero<\/strong>&nbsp;con la participaci\u00f3n de&nbsp;<strong>16 equipos<\/strong>&nbsp;con el sistema de todos contra todos, en&nbsp;<strong>30 fechas,<\/strong>&nbsp;de las que se disputaron&nbsp;<strong>4<\/strong>, m\u00e1s&nbsp;<strong>2 partidos<\/strong>&nbsp;por la quinta fecha, cuando qued\u00f3 suspendido el torneo el pasado&nbsp;<strong>14 de marzo<\/strong>.<\/p>\n<p>\u201c<strong>Si se dan las condiciones<\/strong>, reanudaremos el torneo con el sistema establecido para la temporada 2020. Caso contrario, cambiaremos por el de&nbsp;<strong>dos octogonales\u201d<\/strong>, precis\u00f3 en mayo pasado&nbsp;<strong>Miguel \u00c1ngel Loor<\/strong>, presidente de la&nbsp;<strong>LigaPro<\/strong>.<\/p>\n<p>Hasta ahora, la mayor\u00eda de los clubes ha resaltado su preferencia por el formato con el que se inici\u00f3 la disputa, pero todo depender\u00e1 del ritmo del nivel de contagios del&nbsp;<strong>coronavirus<\/strong>&nbsp;hasta el pr\u00f3ximo&nbsp;<strong>22 de junio<\/strong>.<\/p>\n<p>Si contin\u00faan las exigencias a trav\u00e9s de los&nbsp;<strong>protocolos<\/strong>&nbsp;<strong>sanitarios<\/strong>, el formato de los 2&nbsp;<strong>octogonales<\/strong>&nbsp;se iniciar\u00e1 luego de que se disputen los&nbsp;<strong>6 partidos<\/strong>&nbsp;restantes para completar la quinta fecha.<\/p>\n<p>Si se deciden por los&nbsp;<strong>octogonales<\/strong>, otra de las resoluciones que deber\u00e1n confirmar ser\u00e1 si comenzar\u00e1n la disputa sin puntos o con los que obtuvieron en las&nbsp;<strong>5 anteriores jornadas<\/strong>.<\/p>\n<p>La propuesta de&nbsp;<strong>octogonales<\/strong>&nbsp;se\u00f1ala que en un grupo estar\u00e1n los clubes de Quito (<strong>Aucas, El Nacional, Independiente del Valle, Liga de Quito y Universidad Cat\u00f3lica<\/strong>) y los de Ambato (<strong>Macar\u00e1, Mushuc Runa y T\u00e9cnico Universitario).<\/strong><\/p>\n<p>El otro grupo lo conformar\u00edan los&nbsp;<strong>guayaquile\u00f1os<\/strong>&nbsp;<strong>Barcelona<\/strong>,&nbsp;<strong>Emelec<\/strong>&nbsp;y&nbsp;<strong>Guayaquil City<\/strong>, los manabitas&nbsp;<strong>Delf\u00edn<\/strong>&nbsp;y&nbsp;<strong>Liga de Portoviejo<\/strong>, el&nbsp;<strong>Orense<\/strong>, de&nbsp;<strong>El Oro<\/strong>, el&nbsp;<strong>Deportivo Cuenca<\/strong>, del&nbsp;<strong>Azuay<\/strong>, y el&nbsp;<strong>Olmedo<\/strong>, del&nbsp;<strong>Chimborazo<\/strong>.<\/p>\n<p>Con cualquiera de los dos formatos el&nbsp;<strong>Comit\u00e9 de Operaciones de Emergencia (COE)<\/strong>&nbsp;dispuso que la reanudaci\u00f3n del&nbsp;<strong>campeonato ecuatoriano de f\u00fatbol<\/strong>&nbsp;ser\u00e1 sin la presencia de aficionados en los estadios.<\/p>\n<p>Sin embargo, varios clubes est\u00e1n solicitando a la&nbsp;<strong>LigaPro<\/strong>&nbsp;las gestiones correspondientes para que se permita el&nbsp;<strong>\u201cingreso moderado\u201d<\/strong>&nbsp;de los aficionados. EFE<\/p>\n<p>2020-06-16 14:35:43<\/p>\n<p>Golazo<\/p>\n","protected":false},"excerpt":{"rendered":"<p>Diecis\u00e9is clubes&nbsp;de la primera divisi\u00f3n de Ecuador est\u00e1n convocados &nbsp;para el pr\u00f3ximo&nbsp;22 de junio&nbsp; para determinar el sistema o formato de&nbsp;competiciones. En primera instancia el torneo se reanudar\u00eda el pr\u00f3ximo 17 de julio, el mismo fue&nbsp;suspendido por la pandemia del&nbsp;COVID-19. Como consecuencia de la expansi\u00f3n del&nbsp;coronavirus&nbsp;desde finales de febrero en el pa\u00eds, la&nbsp;LigaPro&nbsp;y los clubes [&hellip;]<\/p>\n","protected":false},"author":1,"featured_media":0,"comment_status":"open","ping_status":"open","sticky":false,"template":"","format":"standard","meta":{"_et_pb_use_builder":"","_et_pb_old_content":"","_et_gb_content_width":"","footnotes":""},"categories":[18],"tags":[37,36,35,34,39,28,23,20,22,24,19,38,21,41,40,3,6,31,25,42,29,30,27,26,33,32],"class_list":["post-5397","post","type-post","status-publish","format-standard","hentry","category-golazo","tag-37","tag-36","tag-35","tag-34","tag-actividad-deportiva","tag-barriales","tag-barrio","tag-chasqui","tag-chasqui-deportivo","tag-deporte","tag-deporte-barrial-ecuatoriano","tag-deportistas","tag-deportivo","tag-deportivos","tag-dirigentcia","tag-dirigentes","tag-ecuador","tag-ecuatorianas","tag-ecuatoriano","tag-ecuatorianos","tag-futbol","tag-futbolistas","tag-ligas","tag-ligas-barriales-ecuador","tag-pais","tag-quito"],"yoast_head":"<!-- This site is optimized with the Yoast SEO plugin v27.4 - https:\/\/yoast.com\/product\/yoast-seo-wordpress\/ -->\n<title>Formato de la LigaPro se define el 22 de este mes - ChasquiDeportivo<\/title>\n<meta name=\"description\" content=\"Chasqui Deportivo | Informaci\u00f3n y comunicaci\u00f3n, reportajes, noticias, entrevistas en el \u00e1rea del deporte local, nacional.\" \/>\n<meta name=\"robots\" content=\"index, follow, max-snippet:-1, max-image-preview:large, max-video-preview:-1\" \/>\n<link rel=\"canonical\" href=\"https:\/\/chasquideportivo.com\/ecrt\/formato-de-la-ligapro-se-define-el-22-de-este-mes\/\" \/>\n<meta property=\"og:locale\" content=\"es_ES\" \/>\n<meta property=\"og:type\" content=\"article\" \/>\n<meta property=\"og:title\" content=\"Formato de la LigaPro se define el 22 de este mes - ChasquiDeportivo\" \/>\n<meta property=\"og:description\" content=\"Chasqui Deportivo | Informaci\u00f3n y comunicaci\u00f3n, reportajes, noticias, entrevistas en el \u00e1rea del deporte local, nacional.\" \/>\n<meta property=\"og:url\" content=\"https:\/\/chasquideportivo.com\/ecrt\/formato-de-la-ligapro-se-define-el-22-de-este-mes\/\" \/>\n<meta property=\"og:site_name\" content=\"ChasquiDeportivo\" \/>\n<meta property=\"article:publisher\" content=\"https:\/\/www.facebook.com\/chasquideportivo\" \/>\n<meta property=\"article:published_time\" content=\"2021-03-20T17:59:30+00:00\" \/>\n<meta property=\"article:modified_time\" content=\"2021-03-20T19:27:14+00:00\" \/>\n<meta name=\"author\" content=\"kollage\" \/>\n<meta name=\"twitter:card\" content=\"summary_large_image\" \/>\n<meta name=\"twitter:creator\" content=\"@chasquidep\" \/>\n<meta name=\"twitter:site\" content=\"@chasquidep\" \/>\n<meta name=\"twitter:label1\" content=\"Escrito por\" \/>\n\t<meta name=\"twitter:data1\" content=\"kollage\" \/>\n\t<meta name=\"twitter:label2\" content=\"Tiempo de lectura\" \/>\n\t<meta name=\"twitter:data2\" content=\"2 minutos\" \/>\n<script type=\"application\/ld+json\" class=\"yoast-schema-graph\">{\"@context\":\"https:\\\/\\\/schema.org\",\"@graph\":[{\"@type\":\"Article\",\"@id\":\"https:\\\/\\\/chasquideportivo.com\\\/ecrt\\\/formato-de-la-ligapro-se-define-el-22-de-este-mes\\\/#article\",\"isPartOf\":{\"@id\":\"https:\\\/\\\/chasquideportivo.com\\\/ecrt\\\/formato-de-la-ligapro-se-define-el-22-de-este-mes\\\/\"},\"author\":{\"name\":\"kollage\",\"@id\":\"https:\\\/\\\/chasquideportivo.com\\\/ecrt\\\/#\\\/schema\\\/person\\\/d9e229fabae4c1e3f82cf66d802ca7b6\"},\"headline\":\"Formato de la LigaPro se define el 22 de este mes\",\"datePublished\":\"2021-03-20T17:59:30+00:00\",\"dateModified\":\"2021-03-20T19:27:14+00:00\",\"mainEntityOfPage\":{\"@id\":\"https:\\\/\\\/chasquideportivo.com\\\/ecrt\\\/formato-de-la-ligapro-se-define-el-22-de-este-mes\\\/\"},\"wordCount\":471,\"commentCount\":0,\"publisher\":{\"@id\":\"https:\\\/\\\/chasquideportivo.com\\\/ecrt\\\/#organization\"},\"keywords\":[\"2018\",\"2019\",\"2020\",\"2021\",\"actividad deportiva\",\"barriales\",\"barrio\",\"chasqui\",\"chasqui deportivo\",\"deporte\",\"deporte barrial ecuatoriano\",\"deportistas\",\"deportivo\",\"deportivos\",\"dirigentcia\",\"dirigentes\",\"ecuador\",\"ecuatorianas\",\"ecuatoriano\",\"ecuatorianos\",\"futbol\",\"futbolistas\",\"ligas\",\"ligas barriales ecuador\",\"pa\u00eds\",\"quito\"],\"articleSection\":[\"Golazo\"],\"inLanguage\":\"es\",\"potentialAction\":[{\"@type\":\"CommentAction\",\"name\":\"Comment\",\"target\":[\"https:\\\/\\\/chasquideportivo.com\\\/ecrt\\\/formato-de-la-ligapro-se-define-el-22-de-este-mes\\\/#respond\"]}]},{\"@type\":\"WebPage\",\"@id\":\"https:\\\/\\\/chasquideportivo.com\\\/ecrt\\\/formato-de-la-ligapro-se-define-el-22-de-este-mes\\\/\",\"url\":\"https:\\\/\\\/chasquideportivo.com\\\/ecrt\\\/formato-de-la-ligapro-se-define-el-22-de-este-mes\\\/\",\"name\":\"Formato de la LigaPro se define el 22 de este mes - ChasquiDeportivo\",\"isPartOf\":{\"@id\":\"https:\\\/\\\/chasquideportivo.com\\\/ecrt\\\/#website\"},\"datePublished\":\"2021-03-20T17:59:30+00:00\",\"dateModified\":\"2021-03-20T19:27:14+00:00\",\"description\":\"Chasqui Deportivo | Informaci\u00f3n y comunicaci\u00f3n, reportajes, noticias, entrevistas en el \u00e1rea del deporte local, nacional.\",\"breadcrumb\":{\"@id\":\"https:\\\/\\\/chasquideportivo.com\\\/ecrt\\\/formato-de-la-ligapro-se-define-el-22-de-este-mes\\\/#breadcrumb\"},\"inLanguage\":\"es\",\"potentialAction\":[{\"@type\":\"ReadAction\",\"target\":[\"https:\\\/\\\/chasquideportivo.com\\\/ecrt\\\/formato-de-la-ligapro-se-define-el-22-de-este-mes\\\/\"]}]},{\"@type\":\"BreadcrumbList\",\"@id\":\"https:\\\/\\\/chasquideportivo.com\\\/ecrt\\\/formato-de-la-ligapro-se-define-el-22-de-este-mes\\\/#breadcrumb\",\"itemListElement\":[{\"@type\":\"ListItem\",\"position\":1,\"name\":\"Portada | Chasqui Deportivo\",\"item\":\"https:\\\/\\\/chasquideportivo.com\\\/ecrt\\\/\"},{\"@type\":\"ListItem\",\"position\":2,\"name\":\"Archivo\",\"item\":\"https:\\\/\\\/chasquideportivo.com\\\/ecrt\\\/category\\\/archivo\\\/\"},{\"@type\":\"ListItem\",\"position\":3,\"name\":\"Golazo\",\"item\":\"https:\\\/\\\/chasquideportivo.com\\\/ecrt\\\/category\\\/archivo\\\/golazo\\\/\"},{\"@type\":\"ListItem\",\"position\":4,\"name\":\"Formato de la LigaPro se define el 22 de este mes\"}]},{\"@type\":\"WebSite\",\"@id\":\"https:\\\/\\\/chasquideportivo.com\\\/ecrt\\\/#website\",\"url\":\"https:\\\/\\\/chasquideportivo.com\\\/ecrt\\\/\",\"name\":\"ChasquiDeportivo\",\"description\":\"Informaci&oacute;n y comunicaci&oacute;n, reportajes, noticias, entrevistas en el &aacute;rea del deporte local, nacional.\",\"publisher\":{\"@id\":\"https:\\\/\\\/chasquideportivo.com\\\/ecrt\\\/#organization\"},\"potentialAction\":[{\"@type\":\"SearchAction\",\"target\":{\"@type\":\"EntryPoint\",\"urlTemplate\":\"https:\\\/\\\/chasquideportivo.com\\\/ecrt\\\/?s={search_term_string}\"},\"query-input\":{\"@type\":\"PropertyValueSpecification\",\"valueRequired\":true,\"valueName\":\"search_term_string\"}}],\"inLanguage\":\"es\"},{\"@type\":\"Organization\",\"@id\":\"https:\\\/\\\/chasquideportivo.com\\\/ecrt\\\/#organization\",\"name\":\"Chasqui Deportivo\",\"url\":\"https:\\\/\\\/chasquideportivo.com\\\/ecrt\\\/\",\"logo\":{\"@type\":\"ImageObject\",\"inLanguage\":\"es\",\"@id\":\"https:\\\/\\\/chasquideportivo.com\\\/ecrt\\\/#\\\/schema\\\/logo\\\/image\\\/\",\"url\":\"https:\\\/\\\/chasquideportivo.com\\\/ecrt\\\/wp-content\\\/uploads\\\/2022\\\/01\\\/logo-vertical.jpg\",\"contentUrl\":\"https:\\\/\\\/chasquideportivo.com\\\/ecrt\\\/wp-content\\\/uploads\\\/2022\\\/01\\\/logo-vertical.jpg\",\"width\":612,\"height\":750,\"caption\":\"Chasqui Deportivo\"},\"image\":{\"@id\":\"https:\\\/\\\/chasquideportivo.com\\\/ecrt\\\/#\\\/schema\\\/logo\\\/image\\\/\"},\"sameAs\":[\"https:\\\/\\\/www.facebook.com\\\/chasquideportivo\",\"https:\\\/\\\/x.com\\\/chasquidep\",\"https:\\\/\\\/www.instagram.com\\\/chasquideportivo.ec\",\"https:\\\/\\\/www.youtube.com\\\/channel\\\/UCGY8M-csHuxJuGRt4XrV90Q\"]},{\"@type\":\"Person\",\"@id\":\"https:\\\/\\\/chasquideportivo.com\\\/ecrt\\\/#\\\/schema\\\/person\\\/d9e229fabae4c1e3f82cf66d802ca7b6\",\"name\":\"kollage\",\"image\":{\"@type\":\"ImageObject\",\"inLanguage\":\"es\",\"@id\":\"https:\\\/\\\/secure.gravatar.com\\\/avatar\\\/69b5388bf21dfca5434ca100f351036f1fbff72ba519ef8157b31bcc7fbfbb18?s=96&d=mm&r=g\",\"url\":\"https:\\\/\\\/secure.gravatar.com\\\/avatar\\\/69b5388bf21dfca5434ca100f351036f1fbff72ba519ef8157b31bcc7fbfbb18?s=96&d=mm&r=g\",\"contentUrl\":\"https:\\\/\\\/secure.gravatar.com\\\/avatar\\\/69b5388bf21dfca5434ca100f351036f1fbff72ba519ef8157b31bcc7fbfbb18?s=96&d=mm&r=g\",\"caption\":\"kollage\"},\"sameAs\":[\"https:\\\/\\\/chasquideportivo.com\\\/ecrt\"],\"url\":\"https:\\\/\\\/chasquideportivo.com\\\/ecrt\\\/author\\\/kollage\\\/\"}]}<\/script>\n<!-- \/ Yoast SEO plugin. -->","yoast_head_json":{"title":"Formato de la LigaPro se define el 22 de este mes - ChasquiDeportivo","description":"Chasqui Deportivo | Informaci\u00f3n y comunicaci\u00f3n, reportajes, noticias, entrevistas en el \u00e1rea del deporte local, nacional.","robots":{"index":"index","follow":"follow","max-snippet":"max-snippet:-1","max-image-preview":"max-image-preview:large","max-video-preview":"max-video-preview:-1"},"canonical":"https:\/\/chasquideportivo.com\/ecrt\/formato-de-la-ligapro-se-define-el-22-de-este-mes\/","og_locale":"es_ES","og_type":"article","og_title":"Formato de la LigaPro se define el 22 de este mes - ChasquiDeportivo","og_description":"Chasqui Deportivo | Informaci\u00f3n y comunicaci\u00f3n, reportajes, noticias, entrevistas en el \u00e1rea del deporte local, nacional.","og_url":"https:\/\/chasquideportivo.com\/ecrt\/formato-de-la-ligapro-se-define-el-22-de-este-mes\/","og_site_name":"ChasquiDeportivo","article_publisher":"https:\/\/www.facebook.com\/chasquideportivo","article_published_time":"2021-03-20T17:59:30+00:00","article_modified_time":"2021-03-20T19:27:14+00:00","author":"kollage","twitter_card":"summary_large_image","twitter_creator":"@chasquidep","twitter_site":"@chasquidep","twitter_misc":{"Escrito por":"kollage","Tiempo de lectura":"2 minutos"},"schema":{"@context":"https:\/\/schema.org","@graph":[{"@type":"Article","@id":"https:\/\/chasquideportivo.com\/ecrt\/formato-de-la-ligapro-se-define-el-22-de-este-mes\/#article","isPartOf":{"@id":"https:\/\/chasquideportivo.com\/ecrt\/formato-de-la-ligapro-se-define-el-22-de-este-mes\/"},"author":{"name":"kollage","@id":"https:\/\/chasquideportivo.com\/ecrt\/#\/schema\/person\/d9e229fabae4c1e3f82cf66d802ca7b6"},"headline":"Formato de la LigaPro se define el 22 de este mes","datePublished":"2021-03-20T17:59:30+00:00","dateModified":"2021-03-20T19:27:14+00:00","mainEntityOfPage":{"@id":"https:\/\/chasquideportivo.com\/ecrt\/formato-de-la-ligapro-se-define-el-22-de-este-mes\/"},"wordCount":471,"commentCount":0,"publisher":{"@id":"https:\/\/chasquideportivo.com\/ecrt\/#organization"},"keywords":["2018","2019","2020","2021","actividad deportiva","barriales","barrio","chasqui","chasqui deportivo","deporte","deporte barrial ecuatoriano","deportistas","deportivo","deportivos","dirigentcia","dirigentes","ecuador","ecuatorianas","ecuatoriano","ecuatorianos","futbol","futbolistas","ligas","ligas barriales ecuador","pa\u00eds","quito"],"articleSection":["Golazo"],"inLanguage":"es","potentialAction":[{"@type":"CommentAction","name":"Comment","target":["https:\/\/chasquideportivo.com\/ecrt\/formato-de-la-ligapro-se-define-el-22-de-este-mes\/#respond"]}]},{"@type":"WebPage","@id":"https:\/\/chasquideportivo.com\/ecrt\/formato-de-la-ligapro-se-define-el-22-de-este-mes\/","url":"https:\/\/chasquideportivo.com\/ecrt\/formato-de-la-ligapro-se-define-el-22-de-este-mes\/","name":"Formato de la LigaPro se define el 22 de este mes - ChasquiDeportivo","isPartOf":{"@id":"https:\/\/chasquideportivo.com\/ecrt\/#website"},"datePublished":"2021-03-20T17:59:30+00:00","dateModified":"2021-03-20T19:27:14+00:00","description":"Chasqui Deportivo | Informaci\u00f3n y comunicaci\u00f3n, reportajes, noticias, entrevistas en el \u00e1rea del deporte local, nacional.","breadcrumb":{"@id":"https:\/\/chasquideportivo.com\/ecrt\/formato-de-la-ligapro-se-define-el-22-de-este-mes\/#breadcrumb"},"inLanguage":"es","potentialAction":[{"@type":"ReadAction","target":["https:\/\/chasquideportivo.com\/ecrt\/formato-de-la-ligapro-se-define-el-22-de-este-mes\/"]}]},{"@type":"BreadcrumbList","@id":"https:\/\/chasquideportivo.com\/ecrt\/formato-de-la-ligapro-se-define-el-22-de-este-mes\/#breadcrumb","itemListElement":[{"@type":"ListItem","position":1,"name":"Portada | Chasqui Deportivo","item":"https:\/\/chasquideportivo.com\/ecrt\/"},{"@type":"ListItem","position":2,"name":"Archivo","item":"https:\/\/chasquideportivo.com\/ecrt\/category\/archivo\/"},{"@type":"ListItem","position":3,"name":"Golazo","item":"https:\/\/chasquideportivo.com\/ecrt\/category\/archivo\/golazo\/"},{"@type":"ListItem","position":4,"name":"Formato de la LigaPro se define el 22 de este mes"}]},{"@type":"WebSite","@id":"https:\/\/chasquideportivo.com\/ecrt\/#website","url":"https:\/\/chasquideportivo.com\/ecrt\/","name":"ChasquiDeportivo","description":"Informaci&oacute;n y comunicaci&oacute;n, reportajes, noticias, entrevistas en el &aacute;rea del deporte local, nacional.","publisher":{"@id":"https:\/\/chasquideportivo.com\/ecrt\/#organization"},"potentialAction":[{"@type":"SearchAction","target":{"@type":"EntryPoint","urlTemplate":"https:\/\/chasquideportivo.com\/ecrt\/?s={search_term_string}"},"query-input":{"@type":"PropertyValueSpecification","valueRequired":true,"valueName":"search_term_string"}}],"inLanguage":"es"},{"@type":"Organization","@id":"https:\/\/chasquideportivo.com\/ecrt\/#organization","name":"Chasqui Deportivo","url":"https:\/\/chasquideportivo.com\/ecrt\/","logo":{"@type":"ImageObject","inLanguage":"es","@id":"https:\/\/chasquideportivo.com\/ecrt\/#\/schema\/logo\/image\/","url":"https:\/\/chasquideportivo.com\/ecrt\/wp-content\/uploads\/2022\/01\/logo-vertical.jpg","contentUrl":"https:\/\/chasquideportivo.com\/ecrt\/wp-content\/uploads\/2022\/01\/logo-vertical.jpg","width":612,"height":750,"caption":"Chasqui Deportivo"},"image":{"@id":"https:\/\/chasquideportivo.com\/ecrt\/#\/schema\/logo\/image\/"},"sameAs":["https:\/\/www.facebook.com\/chasquideportivo","https:\/\/x.com\/chasquidep","https:\/\/www.instagram.com\/chasquideportivo.ec","https:\/\/www.youtube.com\/channel\/UCGY8M-csHuxJuGRt4XrV90Q"]},{"@type":"Person","@id":"https:\/\/chasquideportivo.com\/ecrt\/#\/schema\/person\/d9e229fabae4c1e3f82cf66d802ca7b6","name":"kollage","image":{"@type":"ImageObject","inLanguage":"es","@id":"https:\/\/secure.gravatar.com\/avatar\/69b5388bf21dfca5434ca100f351036f1fbff72ba519ef8157b31bcc7fbfbb18?s=96&d=mm&r=g","url":"https:\/\/secure.gravatar.com\/avatar\/69b5388bf21dfca5434ca100f351036f1fbff72ba519ef8157b31bcc7fbfbb18?s=96&d=mm&r=g","contentUrl":"https:\/\/secure.gravatar.com\/avatar\/69b5388bf21dfca5434ca100f351036f1fbff72ba519ef8157b31bcc7fbfbb18?s=96&d=mm&r=g","caption":"kollage"},"sameAs":["https:\/\/chasquideportivo.com\/ecrt"],"url":"https:\/\/chasquideportivo.com\/ecrt\/author\/kollage\/"}]}},"_links":{"self":[{"href":"https:\/\/chasquideportivo.com\/ecrt\/wp-json\/wp\/v2\/posts\/5397","targetHints":{"allow":["GET"]}}],"collection":[{"href":"https:\/\/chasquideportivo.com\/ecrt\/wp-json\/wp\/v2\/posts"}],"about":[{"href":"https:\/\/chasquideportivo.com\/ecrt\/wp-json\/wp\/v2\/types\/post"}],"author":[{"embeddable":true,"href":"https:\/\/chasquideportivo.com\/ecrt\/wp-json\/wp\/v2\/users\/1"}],"replies":[{"embeddable":true,"href":"https:\/\/chasquideportivo.com\/ecrt\/wp-json\/wp\/v2\/comments?post=5397"}],"version-history":[{"count":1,"href":"https:\/\/chasquideportivo.com\/ecrt\/wp-json\/wp\/v2\/posts\/5397\/revisions"}],"predecessor-version":[{"id":6407,"href":"https:\/\/chasquideportivo.com\/ecrt\/wp-json\/wp\/v2\/posts\/5397\/revisions\/6407"}],"wp:attachment":[{"href":"https:\/\/chasquideportivo.com\/ecrt\/wp-json\/wp\/v2\/media?parent=5397"}],"wp:term":[{"taxonomy":"category","embeddable":true,"href":"https:\/\/chasquideportivo.com\/ecrt\/wp-json\/wp\/v2\/categories?post=5397"},{"taxonomy":"post_tag","embeddable":true,"href":"https:\/\/chasquideportivo.com\/ecrt\/wp-json\/wp\/v2\/tags?post=5397"}],"curies":[{"name":"wp","href":"https:\/\/api.w.org\/{rel}","templated":true}]}}