{"id":5381,"date":"2021-03-20T17:59:28","date_gmt":"2021-03-20T17:59:28","guid":{"rendered":"https:\/\/chasquideportivo.com\/ecrt\/2021\/03\/20\/equipos-ecuatorianos-alistan-maletas-para-el-reinicio-de-los-entrenamientos\/"},"modified":"2021-03-20T19:27:16","modified_gmt":"2021-03-20T19:27:16","slug":"equipos-ecuatorianos-alistan-maletas-para-el-reinicio-de-los-entrenamientos","status":"publish","type":"post","link":"https:\/\/chasquideportivo.com\/ecrt\/equipos-ecuatorianos-alistan-maletas-para-el-reinicio-de-los-entrenamientos\/","title":{"rendered":"Equipos ecuatorianos alistan maletas para el reinicio de los entrenamientos"},"content":{"rendered":"<p>Los clubes ecuatorianos planifican con un reloj para cumplir con los protocolos sanitarios en medio de la pandemia por el COVID-19 para volver a la actividad desde este mi\u00e9rcoles venidero, pensando en la reanudaci\u00f3n del torneo local, la Copa Libertadores y la Copa Sudamericana.<\/p>\n<p>El preparador f\u00edsico de Macara, David S\u00e1nchez, se\u00f1al\u00f3 que los trabajos esta semana ser\u00e1n en grupo de 8 jugadores en cada una de las canchas, a partir de las 10:00 horas. Los jugadores no tendr\u00e1n ning\u00fan tipo de contacto entre s\u00ed, ya que llegar\u00e1n en horarios diferenciados y se dirigir\u00e1n a su respectiva cancha de entrenamiento, una vez que pasen todo el protocolo sanitario establecido.<\/p>\n<p>Entre los clubes que est\u00e1n por completar los protocolos sanitarios constan el campe\u00f3n de la Liga Pro de 2019, Delf\u00edn de Manta, y el ganador de la primera edici\u00f3n de la Copa Ecuador del a\u00f1o pasado. Adem\u00e1s de Delf\u00edn, faltan El Nacional, que gan\u00f3 trece t\u00edtulos locales, uno menos de Emelec y dos que el l\u00edder Barcelona, tambi\u00e9n Olmedo, de Riobamba y Liga de Portoviejo.<\/p>\n<p>Una vez que el Comit\u00e9 de Operaciones de Emergencia (COE) estableci\u00f3 para el pr\u00f3ximo 10 de junio el retorno a los entrenamientos, los clubes sometieron a sus plantillas a los chequeos m\u00e9dicos para cumplir con los protocolos sanitarios.<\/p>\n<p>La reanudaci\u00f3n del campeonato ecuatoriano est\u00e1 previsto, para el pr\u00f3ximo 17 de julio, pues al momento de la suspensi\u00f3n el pasado 15 de marzo, se hab\u00edan disputado dos partidos por la quinta fecha, de las 30 correspondientes al torneo de la actual temporada en Ecuador.<\/p>\n<p>Barcelona, Delf\u00edn, Independiente del Valle y Liga de Quito se preparar\u00e1n tambi\u00e9n para la reanudaci\u00f3n de la fase de Grupos de la Copa Libertadores, suspendida luego de las dos primeras fechas y con la opci\u00f3n para volver desde septiembre venidero.<\/p>\n<p>Por su parte, Emelec se clasific\u00f3 para la segunda fase de la Copa Sudamericana despu\u00e9s de eliminar al boliviano Blooming.<\/p>\n<p>Una de las medidas sanitarias adoptadas por el COE es la prohibici\u00f3n para jugar con p\u00fablico en los estadios, por lo que clubes como El Nacional han pedido se les permita el &#8220;ingreso moderado&#8221; de aficionados en procura de recaudar dinero para atenuar la crisis econ\u00f3mica que ocasion\u00f3 la pandemia.<\/p>\n<p>Mientras, los directivos de los cuadros en Copa Libertadores y Copa Sudamericana est\u00e1n a la expectativa de las nuevas resoluciones de la Confederaci\u00f3n Sudamericana de F\u00fatbol (CSF) y de la Federaci\u00f3n Internacional de Asociaciones de F\u00fatbol (FIFA). EFE<\/p>\n<p>2020-06-08 17:14:34<\/p>\n<p>Golazo<\/p>\n","protected":false},"excerpt":{"rendered":"<p>Los clubes ecuatorianos planifican con un reloj para cumplir con los protocolos sanitarios en medio de la pandemia por el COVID-19 para volver a la actividad desde este mi\u00e9rcoles venidero, pensando en la reanudaci\u00f3n del torneo local, la Copa Libertadores y la Copa Sudamericana. El preparador f\u00edsico de Macara, David S\u00e1nchez, se\u00f1al\u00f3 que los trabajos [&hellip;]<\/p>\n","protected":false},"author":1,"featured_media":0,"comment_status":"open","ping_status":"open","sticky":false,"template":"","format":"standard","meta":{"_et_pb_use_builder":"","_et_pb_old_content":"","_et_gb_content_width":"","footnotes":""},"categories":[18],"tags":[37,36,35,34,39,28,23,20,22,24,19,38,21,41,40,3,6,31,25,42,29,30,27,26,33,32],"class_list":["post-5381","post","type-post","status-publish","format-standard","hentry","category-golazo","tag-37","tag-36","tag-35","tag-34","tag-actividad-deportiva","tag-barriales","tag-barrio","tag-chasqui","tag-chasqui-deportivo","tag-deporte","tag-deporte-barrial-ecuatoriano","tag-deportistas","tag-deportivo","tag-deportivos","tag-dirigentcia","tag-dirigentes","tag-ecuador","tag-ecuatorianas","tag-ecuatoriano","tag-ecuatorianos","tag-futbol","tag-futbolistas","tag-ligas","tag-ligas-barriales-ecuador","tag-pais","tag-quito"],"yoast_head":"<!-- This site is optimized with the Yoast SEO plugin v27.4 - https:\/\/yoast.com\/product\/yoast-seo-wordpress\/ -->\n<title>Equipos ecuatorianos alistan maletas para el reinicio de los entrenamientos - ChasquiDeportivo<\/title>\n<meta name=\"description\" content=\"Chasqui Deportivo | Informaci\u00f3n y comunicaci\u00f3n, reportajes, noticias, entrevistas en el \u00e1rea del deporte local, nacional.\" \/>\n<meta name=\"robots\" content=\"index, follow, max-snippet:-1, max-image-preview:large, max-video-preview:-1\" \/>\n<link rel=\"canonical\" href=\"https:\/\/chasquideportivo.com\/ecrt\/equipos-ecuatorianos-alistan-maletas-para-el-reinicio-de-los-entrenamientos\/\" \/>\n<meta property=\"og:locale\" content=\"es_ES\" \/>\n<meta property=\"og:type\" content=\"article\" \/>\n<meta property=\"og:title\" content=\"Equipos ecuatorianos alistan maletas para el reinicio de los entrenamientos - ChasquiDeportivo\" \/>\n<meta property=\"og:description\" content=\"Chasqui Deportivo | Informaci\u00f3n y comunicaci\u00f3n, reportajes, noticias, entrevistas en el \u00e1rea del deporte local, nacional.\" \/>\n<meta property=\"og:url\" content=\"https:\/\/chasquideportivo.com\/ecrt\/equipos-ecuatorianos-alistan-maletas-para-el-reinicio-de-los-entrenamientos\/\" \/>\n<meta property=\"og:site_name\" content=\"ChasquiDeportivo\" \/>\n<meta property=\"article:publisher\" content=\"https:\/\/www.facebook.com\/chasquideportivo\" \/>\n<meta property=\"article:published_time\" content=\"2021-03-20T17:59:28+00:00\" \/>\n<meta property=\"article:modified_time\" content=\"2021-03-20T19:27:16+00:00\" \/>\n<meta name=\"author\" content=\"kollage\" \/>\n<meta name=\"twitter:card\" content=\"summary_large_image\" \/>\n<meta name=\"twitter:creator\" content=\"@chasquidep\" \/>\n<meta name=\"twitter:site\" content=\"@chasquidep\" \/>\n<meta name=\"twitter:label1\" content=\"Escrito por\" \/>\n\t<meta name=\"twitter:data1\" content=\"kollage\" \/>\n\t<meta name=\"twitter:label2\" content=\"Tiempo de lectura\" \/>\n\t<meta name=\"twitter:data2\" content=\"2 minutos\" \/>\n<script type=\"application\/ld+json\" class=\"yoast-schema-graph\">{\"@context\":\"https:\\\/\\\/schema.org\",\"@graph\":[{\"@type\":\"Article\",\"@id\":\"https:\\\/\\\/chasquideportivo.com\\\/ecrt\\\/equipos-ecuatorianos-alistan-maletas-para-el-reinicio-de-los-entrenamientos\\\/#article\",\"isPartOf\":{\"@id\":\"https:\\\/\\\/chasquideportivo.com\\\/ecrt\\\/equipos-ecuatorianos-alistan-maletas-para-el-reinicio-de-los-entrenamientos\\\/\"},\"author\":{\"name\":\"kollage\",\"@id\":\"https:\\\/\\\/chasquideportivo.com\\\/ecrt\\\/#\\\/schema\\\/person\\\/d9e229fabae4c1e3f82cf66d802ca7b6\"},\"headline\":\"Equipos ecuatorianos alistan maletas para el reinicio de los entrenamientos\",\"datePublished\":\"2021-03-20T17:59:28+00:00\",\"dateModified\":\"2021-03-20T19:27:16+00:00\",\"mainEntityOfPage\":{\"@id\":\"https:\\\/\\\/chasquideportivo.com\\\/ecrt\\\/equipos-ecuatorianos-alistan-maletas-para-el-reinicio-de-los-entrenamientos\\\/\"},\"wordCount\":451,\"commentCount\":0,\"publisher\":{\"@id\":\"https:\\\/\\\/chasquideportivo.com\\\/ecrt\\\/#organization\"},\"keywords\":[\"2018\",\"2019\",\"2020\",\"2021\",\"actividad deportiva\",\"barriales\",\"barrio\",\"chasqui\",\"chasqui deportivo\",\"deporte\",\"deporte barrial ecuatoriano\",\"deportistas\",\"deportivo\",\"deportivos\",\"dirigentcia\",\"dirigentes\",\"ecuador\",\"ecuatorianas\",\"ecuatoriano\",\"ecuatorianos\",\"futbol\",\"futbolistas\",\"ligas\",\"ligas barriales ecuador\",\"pa\u00eds\",\"quito\"],\"articleSection\":[\"Golazo\"],\"inLanguage\":\"es\",\"potentialAction\":[{\"@type\":\"CommentAction\",\"name\":\"Comment\",\"target\":[\"https:\\\/\\\/chasquideportivo.com\\\/ecrt\\\/equipos-ecuatorianos-alistan-maletas-para-el-reinicio-de-los-entrenamientos\\\/#respond\"]}]},{\"@type\":\"WebPage\",\"@id\":\"https:\\\/\\\/chasquideportivo.com\\\/ecrt\\\/equipos-ecuatorianos-alistan-maletas-para-el-reinicio-de-los-entrenamientos\\\/\",\"url\":\"https:\\\/\\\/chasquideportivo.com\\\/ecrt\\\/equipos-ecuatorianos-alistan-maletas-para-el-reinicio-de-los-entrenamientos\\\/\",\"name\":\"Equipos ecuatorianos alistan maletas para el reinicio de los entrenamientos - ChasquiDeportivo\",\"isPartOf\":{\"@id\":\"https:\\\/\\\/chasquideportivo.com\\\/ecrt\\\/#website\"},\"datePublished\":\"2021-03-20T17:59:28+00:00\",\"dateModified\":\"2021-03-20T19:27:16+00:00\",\"description\":\"Chasqui Deportivo | Informaci\u00f3n y comunicaci\u00f3n, reportajes, noticias, entrevistas en el \u00e1rea del deporte local, nacional.\",\"breadcrumb\":{\"@id\":\"https:\\\/\\\/chasquideportivo.com\\\/ecrt\\\/equipos-ecuatorianos-alistan-maletas-para-el-reinicio-de-los-entrenamientos\\\/#breadcrumb\"},\"inLanguage\":\"es\",\"potentialAction\":[{\"@type\":\"ReadAction\",\"target\":[\"https:\\\/\\\/chasquideportivo.com\\\/ecrt\\\/equipos-ecuatorianos-alistan-maletas-para-el-reinicio-de-los-entrenamientos\\\/\"]}]},{\"@type\":\"BreadcrumbList\",\"@id\":\"https:\\\/\\\/chasquideportivo.com\\\/ecrt\\\/equipos-ecuatorianos-alistan-maletas-para-el-reinicio-de-los-entrenamientos\\\/#breadcrumb\",\"itemListElement\":[{\"@type\":\"ListItem\",\"position\":1,\"name\":\"Portada | Chasqui Deportivo\",\"item\":\"https:\\\/\\\/chasquideportivo.com\\\/ecrt\\\/\"},{\"@type\":\"ListItem\",\"position\":2,\"name\":\"Archivo\",\"item\":\"https:\\\/\\\/chasquideportivo.com\\\/ecrt\\\/category\\\/archivo\\\/\"},{\"@type\":\"ListItem\",\"position\":3,\"name\":\"Golazo\",\"item\":\"https:\\\/\\\/chasquideportivo.com\\\/ecrt\\\/category\\\/archivo\\\/golazo\\\/\"},{\"@type\":\"ListItem\",\"position\":4,\"name\":\"Equipos ecuatorianos alistan maletas para el reinicio de los entrenamientos\"}]},{\"@type\":\"WebSite\",\"@id\":\"https:\\\/\\\/chasquideportivo.com\\\/ecrt\\\/#website\",\"url\":\"https:\\\/\\\/chasquideportivo.com\\\/ecrt\\\/\",\"name\":\"ChasquiDeportivo\",\"description\":\"Informaci&oacute;n y comunicaci&oacute;n, reportajes, noticias, entrevistas en el &aacute;rea del deporte local, nacional.\",\"publisher\":{\"@id\":\"https:\\\/\\\/chasquideportivo.com\\\/ecrt\\\/#organization\"},\"potentialAction\":[{\"@type\":\"SearchAction\",\"target\":{\"@type\":\"EntryPoint\",\"urlTemplate\":\"https:\\\/\\\/chasquideportivo.com\\\/ecrt\\\/?s={search_term_string}\"},\"query-input\":{\"@type\":\"PropertyValueSpecification\",\"valueRequired\":true,\"valueName\":\"search_term_string\"}}],\"inLanguage\":\"es\"},{\"@type\":\"Organization\",\"@id\":\"https:\\\/\\\/chasquideportivo.com\\\/ecrt\\\/#organization\",\"name\":\"Chasqui Deportivo\",\"url\":\"https:\\\/\\\/chasquideportivo.com\\\/ecrt\\\/\",\"logo\":{\"@type\":\"ImageObject\",\"inLanguage\":\"es\",\"@id\":\"https:\\\/\\\/chasquideportivo.com\\\/ecrt\\\/#\\\/schema\\\/logo\\\/image\\\/\",\"url\":\"https:\\\/\\\/chasquideportivo.com\\\/ecrt\\\/wp-content\\\/uploads\\\/2022\\\/01\\\/logo-vertical.jpg\",\"contentUrl\":\"https:\\\/\\\/chasquideportivo.com\\\/ecrt\\\/wp-content\\\/uploads\\\/2022\\\/01\\\/logo-vertical.jpg\",\"width\":612,\"height\":750,\"caption\":\"Chasqui Deportivo\"},\"image\":{\"@id\":\"https:\\\/\\\/chasquideportivo.com\\\/ecrt\\\/#\\\/schema\\\/logo\\\/image\\\/\"},\"sameAs\":[\"https:\\\/\\\/www.facebook.com\\\/chasquideportivo\",\"https:\\\/\\\/x.com\\\/chasquidep\",\"https:\\\/\\\/www.instagram.com\\\/chasquideportivo.ec\",\"https:\\\/\\\/www.youtube.com\\\/channel\\\/UCGY8M-csHuxJuGRt4XrV90Q\"]},{\"@type\":\"Person\",\"@id\":\"https:\\\/\\\/chasquideportivo.com\\\/ecrt\\\/#\\\/schema\\\/person\\\/d9e229fabae4c1e3f82cf66d802ca7b6\",\"name\":\"kollage\",\"image\":{\"@type\":\"ImageObject\",\"inLanguage\":\"es\",\"@id\":\"https:\\\/\\\/secure.gravatar.com\\\/avatar\\\/69b5388bf21dfca5434ca100f351036f1fbff72ba519ef8157b31bcc7fbfbb18?s=96&d=mm&r=g\",\"url\":\"https:\\\/\\\/secure.gravatar.com\\\/avatar\\\/69b5388bf21dfca5434ca100f351036f1fbff72ba519ef8157b31bcc7fbfbb18?s=96&d=mm&r=g\",\"contentUrl\":\"https:\\\/\\\/secure.gravatar.com\\\/avatar\\\/69b5388bf21dfca5434ca100f351036f1fbff72ba519ef8157b31bcc7fbfbb18?s=96&d=mm&r=g\",\"caption\":\"kollage\"},\"sameAs\":[\"https:\\\/\\\/chasquideportivo.com\\\/ecrt\"],\"url\":\"https:\\\/\\\/chasquideportivo.com\\\/ecrt\\\/author\\\/kollage\\\/\"}]}<\/script>\n<!-- \/ Yoast SEO plugin. -->","yoast_head_json":{"title":"Equipos ecuatorianos alistan maletas para el reinicio de los entrenamientos - ChasquiDeportivo","description":"Chasqui Deportivo | Informaci\u00f3n y comunicaci\u00f3n, reportajes, noticias, entrevistas en el \u00e1rea del deporte local, nacional.","robots":{"index":"index","follow":"follow","max-snippet":"max-snippet:-1","max-image-preview":"max-image-preview:large","max-video-preview":"max-video-preview:-1"},"canonical":"https:\/\/chasquideportivo.com\/ecrt\/equipos-ecuatorianos-alistan-maletas-para-el-reinicio-de-los-entrenamientos\/","og_locale":"es_ES","og_type":"article","og_title":"Equipos ecuatorianos alistan maletas para el reinicio de los entrenamientos - ChasquiDeportivo","og_description":"Chasqui Deportivo | Informaci\u00f3n y comunicaci\u00f3n, reportajes, noticias, entrevistas en el \u00e1rea del deporte local, nacional.","og_url":"https:\/\/chasquideportivo.com\/ecrt\/equipos-ecuatorianos-alistan-maletas-para-el-reinicio-de-los-entrenamientos\/","og_site_name":"ChasquiDeportivo","article_publisher":"https:\/\/www.facebook.com\/chasquideportivo","article_published_time":"2021-03-20T17:59:28+00:00","article_modified_time":"2021-03-20T19:27:16+00:00","author":"kollage","twitter_card":"summary_large_image","twitter_creator":"@chasquidep","twitter_site":"@chasquidep","twitter_misc":{"Escrito por":"kollage","Tiempo de lectura":"2 minutos"},"schema":{"@context":"https:\/\/schema.org","@graph":[{"@type":"Article","@id":"https:\/\/chasquideportivo.com\/ecrt\/equipos-ecuatorianos-alistan-maletas-para-el-reinicio-de-los-entrenamientos\/#article","isPartOf":{"@id":"https:\/\/chasquideportivo.com\/ecrt\/equipos-ecuatorianos-alistan-maletas-para-el-reinicio-de-los-entrenamientos\/"},"author":{"name":"kollage","@id":"https:\/\/chasquideportivo.com\/ecrt\/#\/schema\/person\/d9e229fabae4c1e3f82cf66d802ca7b6"},"headline":"Equipos ecuatorianos alistan maletas para el reinicio de los entrenamientos","datePublished":"2021-03-20T17:59:28+00:00","dateModified":"2021-03-20T19:27:16+00:00","mainEntityOfPage":{"@id":"https:\/\/chasquideportivo.com\/ecrt\/equipos-ecuatorianos-alistan-maletas-para-el-reinicio-de-los-entrenamientos\/"},"wordCount":451,"commentCount":0,"publisher":{"@id":"https:\/\/chasquideportivo.com\/ecrt\/#organization"},"keywords":["2018","2019","2020","2021","actividad deportiva","barriales","barrio","chasqui","chasqui deportivo","deporte","deporte barrial ecuatoriano","deportistas","deportivo","deportivos","dirigentcia","dirigentes","ecuador","ecuatorianas","ecuatoriano","ecuatorianos","futbol","futbolistas","ligas","ligas barriales ecuador","pa\u00eds","quito"],"articleSection":["Golazo"],"inLanguage":"es","potentialAction":[{"@type":"CommentAction","name":"Comment","target":["https:\/\/chasquideportivo.com\/ecrt\/equipos-ecuatorianos-alistan-maletas-para-el-reinicio-de-los-entrenamientos\/#respond"]}]},{"@type":"WebPage","@id":"https:\/\/chasquideportivo.com\/ecrt\/equipos-ecuatorianos-alistan-maletas-para-el-reinicio-de-los-entrenamientos\/","url":"https:\/\/chasquideportivo.com\/ecrt\/equipos-ecuatorianos-alistan-maletas-para-el-reinicio-de-los-entrenamientos\/","name":"Equipos ecuatorianos alistan maletas para el reinicio de los entrenamientos - ChasquiDeportivo","isPartOf":{"@id":"https:\/\/chasquideportivo.com\/ecrt\/#website"},"datePublished":"2021-03-20T17:59:28+00:00","dateModified":"2021-03-20T19:27:16+00:00","description":"Chasqui Deportivo | Informaci\u00f3n y comunicaci\u00f3n, reportajes, noticias, entrevistas en el \u00e1rea del deporte local, nacional.","breadcrumb":{"@id":"https:\/\/chasquideportivo.com\/ecrt\/equipos-ecuatorianos-alistan-maletas-para-el-reinicio-de-los-entrenamientos\/#breadcrumb"},"inLanguage":"es","potentialAction":[{"@type":"ReadAction","target":["https:\/\/chasquideportivo.com\/ecrt\/equipos-ecuatorianos-alistan-maletas-para-el-reinicio-de-los-entrenamientos\/"]}]},{"@type":"BreadcrumbList","@id":"https:\/\/chasquideportivo.com\/ecrt\/equipos-ecuatorianos-alistan-maletas-para-el-reinicio-de-los-entrenamientos\/#breadcrumb","itemListElement":[{"@type":"ListItem","position":1,"name":"Portada | Chasqui Deportivo","item":"https:\/\/chasquideportivo.com\/ecrt\/"},{"@type":"ListItem","position":2,"name":"Archivo","item":"https:\/\/chasquideportivo.com\/ecrt\/category\/archivo\/"},{"@type":"ListItem","position":3,"name":"Golazo","item":"https:\/\/chasquideportivo.com\/ecrt\/category\/archivo\/golazo\/"},{"@type":"ListItem","position":4,"name":"Equipos ecuatorianos alistan maletas para el reinicio de los entrenamientos"}]},{"@type":"WebSite","@id":"https:\/\/chasquideportivo.com\/ecrt\/#website","url":"https:\/\/chasquideportivo.com\/ecrt\/","name":"ChasquiDeportivo","description":"Informaci&oacute;n y comunicaci&oacute;n, reportajes, noticias, entrevistas en el &aacute;rea del deporte local, nacional.","publisher":{"@id":"https:\/\/chasquideportivo.com\/ecrt\/#organization"},"potentialAction":[{"@type":"SearchAction","target":{"@type":"EntryPoint","urlTemplate":"https:\/\/chasquideportivo.com\/ecrt\/?s={search_term_string}"},"query-input":{"@type":"PropertyValueSpecification","valueRequired":true,"valueName":"search_term_string"}}],"inLanguage":"es"},{"@type":"Organization","@id":"https:\/\/chasquideportivo.com\/ecrt\/#organization","name":"Chasqui Deportivo","url":"https:\/\/chasquideportivo.com\/ecrt\/","logo":{"@type":"ImageObject","inLanguage":"es","@id":"https:\/\/chasquideportivo.com\/ecrt\/#\/schema\/logo\/image\/","url":"https:\/\/chasquideportivo.com\/ecrt\/wp-content\/uploads\/2022\/01\/logo-vertical.jpg","contentUrl":"https:\/\/chasquideportivo.com\/ecrt\/wp-content\/uploads\/2022\/01\/logo-vertical.jpg","width":612,"height":750,"caption":"Chasqui Deportivo"},"image":{"@id":"https:\/\/chasquideportivo.com\/ecrt\/#\/schema\/logo\/image\/"},"sameAs":["https:\/\/www.facebook.com\/chasquideportivo","https:\/\/x.com\/chasquidep","https:\/\/www.instagram.com\/chasquideportivo.ec","https:\/\/www.youtube.com\/channel\/UCGY8M-csHuxJuGRt4XrV90Q"]},{"@type":"Person","@id":"https:\/\/chasquideportivo.com\/ecrt\/#\/schema\/person\/d9e229fabae4c1e3f82cf66d802ca7b6","name":"kollage","image":{"@type":"ImageObject","inLanguage":"es","@id":"https:\/\/secure.gravatar.com\/avatar\/69b5388bf21dfca5434ca100f351036f1fbff72ba519ef8157b31bcc7fbfbb18?s=96&d=mm&r=g","url":"https:\/\/secure.gravatar.com\/avatar\/69b5388bf21dfca5434ca100f351036f1fbff72ba519ef8157b31bcc7fbfbb18?s=96&d=mm&r=g","contentUrl":"https:\/\/secure.gravatar.com\/avatar\/69b5388bf21dfca5434ca100f351036f1fbff72ba519ef8157b31bcc7fbfbb18?s=96&d=mm&r=g","caption":"kollage"},"sameAs":["https:\/\/chasquideportivo.com\/ecrt"],"url":"https:\/\/chasquideportivo.com\/ecrt\/author\/kollage\/"}]}},"_links":{"self":[{"href":"https:\/\/chasquideportivo.com\/ecrt\/wp-json\/wp\/v2\/posts\/5381","targetHints":{"allow":["GET"]}}],"collection":[{"href":"https:\/\/chasquideportivo.com\/ecrt\/wp-json\/wp\/v2\/posts"}],"about":[{"href":"https:\/\/chasquideportivo.com\/ecrt\/wp-json\/wp\/v2\/types\/post"}],"author":[{"embeddable":true,"href":"https:\/\/chasquideportivo.com\/ecrt\/wp-json\/wp\/v2\/users\/1"}],"replies":[{"embeddable":true,"href":"https:\/\/chasquideportivo.com\/ecrt\/wp-json\/wp\/v2\/comments?post=5381"}],"version-history":[{"count":1,"href":"https:\/\/chasquideportivo.com\/ecrt\/wp-json\/wp\/v2\/posts\/5381\/revisions"}],"predecessor-version":[{"id":6423,"href":"https:\/\/chasquideportivo.com\/ecrt\/wp-json\/wp\/v2\/posts\/5381\/revisions\/6423"}],"wp:attachment":[{"href":"https:\/\/chasquideportivo.com\/ecrt\/wp-json\/wp\/v2\/media?parent=5381"}],"wp:term":[{"taxonomy":"category","embeddable":true,"href":"https:\/\/chasquideportivo.com\/ecrt\/wp-json\/wp\/v2\/categories?post=5381"},{"taxonomy":"post_tag","embeddable":true,"href":"https:\/\/chasquideportivo.com\/ecrt\/wp-json\/wp\/v2\/tags?post=5381"}],"curies":[{"name":"wp","href":"https:\/\/api.w.org\/{rel}","templated":true}]}}