{"id":5347,"date":"2021-03-20T17:59:26","date_gmt":"2021-03-20T17:59:26","guid":{"rendered":"https:\/\/chasquideportivo.com\/ecrt\/2021\/03\/20\/llegan-dolares-a-las-arcas-de-clubes-del-futbol-profesional\/"},"modified":"2021-03-20T19:27:19","modified_gmt":"2021-03-20T19:27:19","slug":"llegan-dolares-a-las-arcas-de-clubes-del-futbol-profesional","status":"publish","type":"post","link":"https:\/\/chasquideportivo.com\/ecrt\/llegan-dolares-a-las-arcas-de-clubes-del-futbol-profesional\/","title":{"rendered":"Llegan d\u00f3lares a las arcas de clubes del f\u00fatbol profesional"},"content":{"rendered":"<p>El presidente de la Federaci\u00f3n Ecuatoriana de F\u00fatbol (FEF), Francisco Egas, que asisti\u00f3 a una reuni\u00f3n virtual de la Conmebol, dijo que su pa\u00eds dispone de 774.000 d\u00f3lares del programa Evoluci\u00f3n de la Conmebol, que ser\u00e1n repartidos entre clubes y asociaciones locales.<\/p>\n<p>&#8220;Para este a\u00f1o nos van a liberar 774.000 d\u00f3lares que debemos invertirlos en el proyecto de ayuda a nuestros asociados, tanto asociaciones como clubes&#8221;, expres\u00f3 Egas a trav\u00e9s de un v\u00eddeo que public\u00f3 en Youtube.<\/p>\n<p>Egas precis\u00f3 que &#8220;Ecuador tiene ya gastado una buena parte&#8221; del fondo del programa en el \u00faltimo trienio, pues aclar\u00f3 que el ciclo del plan de Evoluci\u00f3n es de cuatro a\u00f1os, entre el 2016 y 2020.<\/p>\n<p>&#8220;Por lo que Ecuador aprovech\u00f3 en los tres a\u00f1os anteriores una gran cantidad de los 4.400.000 d\u00f3lares que le corresponde a cada pa\u00eds&#8221;, indic\u00f3.<\/p>\n<p>Dijo que &#8220;la suma de 14.000.000 de d\u00f3lares en total es de todas las asociaciones miembros (de la Conmebol), disponibles para libre uso dependiendo de cu\u00e1nto haya gastado cada una de las diez asociaciones miembros en los tres primeros a\u00f1os&#8221;.<\/p>\n<p>Insisti\u00f3 en que Ecuador es una de las asociaciones que m\u00e1s ha aprovechado esos fondos y, por ende, una de las que menos fondos disponibles tiene para darle libre uso en esta crisis.<\/p>\n<p>Egas, quien ha sido impugnado como presidente de la FEF por una mayor\u00eda de miembros del organismo, rese\u00f1\u00f3 que la de este mi\u00e9rcoles fue una reuni\u00f3n ordinaria del Consejo de Conmebol.<\/p>\n<p>&#8220;Se hizo un diagn\u00f3stico de cada una de las asociaciones miembros, cada uno hizo una presentaci\u00f3n de c\u00f3mo est\u00e1n las cosas en cada uno de los pa\u00edses&#8221; afectados por la pandemia de la COVID-19.<\/p>\n<p>Se\u00f1al\u00f3 que por ahora &#8220;se hizo solo un diagn\u00f3stico y lo que est\u00e1 pensando cada uno de los pa\u00edses para poder articular, entre todos, c\u00f3mo puede esto afectar el reinicio de las competiciones continentales de Conmebol&#8221;<\/p>\n<p>Egas tambi\u00e9n dijo que se hizo un diagn\u00f3stico de cada uno de los pa\u00edses pensando en la reanudaci\u00f3n de las Copas Libertadores y Sudamericana.<\/p>\n<p>&#8220;Nos comprometimos todos a elaborar los protocolos y Ecuador tiene uno bastante avanzado, respetando siempre las normas de seguridad y de las disposiciones de las autoridades competentes&#8221;, anot\u00f3.<\/p>\n<p>La Conmebol y tambi\u00e9n la FIFA tienen en sus manos la pol\u00e9mica surgida en Ecuador por la remoci\u00f3n de Egas como presidente de la FEF, pues el pasado 24 de abril fue acusado en el Directorio del organismo de supuestas violaciones al reglamento, y en su reemplazo fue designado Jaime Estrada, aunque hasta ahora no se ha formalizado el cambio en la c\u00fapula del f\u00fatbol ecuatoriano. EFE<\/p>\n<p>2020-05-14 23:56:07<\/p>\n<p>Golazo<\/p>\n","protected":false},"excerpt":{"rendered":"<p>El presidente de la Federaci\u00f3n Ecuatoriana de F\u00fatbol (FEF), Francisco Egas, que asisti\u00f3 a una reuni\u00f3n virtual de la Conmebol, dijo que su pa\u00eds dispone de 774.000 d\u00f3lares del programa Evoluci\u00f3n de la Conmebol, que ser\u00e1n repartidos entre clubes y asociaciones locales. &#8220;Para este a\u00f1o nos van a liberar 774.000 d\u00f3lares que debemos invertirlos en [&hellip;]<\/p>\n","protected":false},"author":1,"featured_media":0,"comment_status":"open","ping_status":"open","sticky":false,"template":"","format":"standard","meta":{"_et_pb_use_builder":"","_et_pb_old_content":"","_et_gb_content_width":"","footnotes":""},"categories":[18],"tags":[37,36,35,34,39,28,23,20,22,24,19,38,21,41,40,3,6,31,25,42,29,30,27,26,33,32],"class_list":["post-5347","post","type-post","status-publish","format-standard","hentry","category-golazo","tag-37","tag-36","tag-35","tag-34","tag-actividad-deportiva","tag-barriales","tag-barrio","tag-chasqui","tag-chasqui-deportivo","tag-deporte","tag-deporte-barrial-ecuatoriano","tag-deportistas","tag-deportivo","tag-deportivos","tag-dirigentcia","tag-dirigentes","tag-ecuador","tag-ecuatorianas","tag-ecuatoriano","tag-ecuatorianos","tag-futbol","tag-futbolistas","tag-ligas","tag-ligas-barriales-ecuador","tag-pais","tag-quito"],"yoast_head":"<!-- This site is optimized with the Yoast SEO plugin v27.5 - https:\/\/yoast.com\/product\/yoast-seo-wordpress\/ -->\n<title>Llegan d\u00f3lares a las arcas de clubes del f\u00fatbol profesional - ChasquiDeportivo<\/title>\n<meta name=\"description\" content=\"Chasqui Deportivo | Informaci\u00f3n y comunicaci\u00f3n, reportajes, noticias, entrevistas en el \u00e1rea del deporte local, nacional.\" \/>\n<meta name=\"robots\" content=\"index, follow, max-snippet:-1, max-image-preview:large, max-video-preview:-1\" \/>\n<link rel=\"canonical\" href=\"https:\/\/chasquideportivo.com\/ecrt\/llegan-dolares-a-las-arcas-de-clubes-del-futbol-profesional\/\" \/>\n<meta property=\"og:locale\" content=\"es_ES\" \/>\n<meta property=\"og:type\" content=\"article\" \/>\n<meta property=\"og:title\" content=\"Llegan d\u00f3lares a las arcas de clubes del f\u00fatbol profesional - ChasquiDeportivo\" \/>\n<meta property=\"og:description\" content=\"Chasqui Deportivo | Informaci\u00f3n y comunicaci\u00f3n, reportajes, noticias, entrevistas en el \u00e1rea del deporte local, nacional.\" \/>\n<meta property=\"og:url\" content=\"https:\/\/chasquideportivo.com\/ecrt\/llegan-dolares-a-las-arcas-de-clubes-del-futbol-profesional\/\" \/>\n<meta property=\"og:site_name\" content=\"ChasquiDeportivo\" \/>\n<meta property=\"article:publisher\" content=\"https:\/\/www.facebook.com\/chasquideportivo\" \/>\n<meta property=\"article:published_time\" content=\"2021-03-20T17:59:26+00:00\" \/>\n<meta property=\"article:modified_time\" content=\"2021-03-20T19:27:19+00:00\" \/>\n<meta name=\"author\" content=\"kollage\" \/>\n<meta name=\"twitter:card\" content=\"summary_large_image\" \/>\n<meta name=\"twitter:creator\" content=\"@chasquidep\" \/>\n<meta name=\"twitter:site\" content=\"@chasquidep\" \/>\n<meta name=\"twitter:label1\" content=\"Escrito por\" \/>\n\t<meta name=\"twitter:data1\" content=\"kollage\" \/>\n\t<meta name=\"twitter:label2\" content=\"Tiempo de lectura\" \/>\n\t<meta name=\"twitter:data2\" content=\"2 minutos\" \/>\n<script type=\"application\/ld+json\" class=\"yoast-schema-graph\">{\"@context\":\"https:\\\/\\\/schema.org\",\"@graph\":[{\"@type\":\"Article\",\"@id\":\"https:\\\/\\\/chasquideportivo.com\\\/ecrt\\\/llegan-dolares-a-las-arcas-de-clubes-del-futbol-profesional\\\/#article\",\"isPartOf\":{\"@id\":\"https:\\\/\\\/chasquideportivo.com\\\/ecrt\\\/llegan-dolares-a-las-arcas-de-clubes-del-futbol-profesional\\\/\"},\"author\":{\"name\":\"kollage\",\"@id\":\"https:\\\/\\\/chasquideportivo.com\\\/ecrt\\\/#\\\/schema\\\/person\\\/d9e229fabae4c1e3f82cf66d802ca7b6\"},\"headline\":\"Llegan d\u00f3lares a las arcas de clubes del f\u00fatbol profesional\",\"datePublished\":\"2021-03-20T17:59:26+00:00\",\"dateModified\":\"2021-03-20T19:27:19+00:00\",\"mainEntityOfPage\":{\"@id\":\"https:\\\/\\\/chasquideportivo.com\\\/ecrt\\\/llegan-dolares-a-las-arcas-de-clubes-del-futbol-profesional\\\/\"},\"wordCount\":479,\"commentCount\":0,\"publisher\":{\"@id\":\"https:\\\/\\\/chasquideportivo.com\\\/ecrt\\\/#organization\"},\"keywords\":[\"2018\",\"2019\",\"2020\",\"2021\",\"actividad deportiva\",\"barriales\",\"barrio\",\"chasqui\",\"chasqui deportivo\",\"deporte\",\"deporte barrial ecuatoriano\",\"deportistas\",\"deportivo\",\"deportivos\",\"dirigentcia\",\"dirigentes\",\"ecuador\",\"ecuatorianas\",\"ecuatoriano\",\"ecuatorianos\",\"futbol\",\"futbolistas\",\"ligas\",\"ligas barriales ecuador\",\"pa\u00eds\",\"quito\"],\"articleSection\":[\"Golazo\"],\"inLanguage\":\"es\",\"potentialAction\":[{\"@type\":\"CommentAction\",\"name\":\"Comment\",\"target\":[\"https:\\\/\\\/chasquideportivo.com\\\/ecrt\\\/llegan-dolares-a-las-arcas-de-clubes-del-futbol-profesional\\\/#respond\"]}]},{\"@type\":\"WebPage\",\"@id\":\"https:\\\/\\\/chasquideportivo.com\\\/ecrt\\\/llegan-dolares-a-las-arcas-de-clubes-del-futbol-profesional\\\/\",\"url\":\"https:\\\/\\\/chasquideportivo.com\\\/ecrt\\\/llegan-dolares-a-las-arcas-de-clubes-del-futbol-profesional\\\/\",\"name\":\"Llegan d\u00f3lares a las arcas de clubes del f\u00fatbol profesional - ChasquiDeportivo\",\"isPartOf\":{\"@id\":\"https:\\\/\\\/chasquideportivo.com\\\/ecrt\\\/#website\"},\"datePublished\":\"2021-03-20T17:59:26+00:00\",\"dateModified\":\"2021-03-20T19:27:19+00:00\",\"description\":\"Chasqui Deportivo | Informaci\u00f3n y comunicaci\u00f3n, reportajes, noticias, entrevistas en el \u00e1rea del deporte local, nacional.\",\"breadcrumb\":{\"@id\":\"https:\\\/\\\/chasquideportivo.com\\\/ecrt\\\/llegan-dolares-a-las-arcas-de-clubes-del-futbol-profesional\\\/#breadcrumb\"},\"inLanguage\":\"es\",\"potentialAction\":[{\"@type\":\"ReadAction\",\"target\":[\"https:\\\/\\\/chasquideportivo.com\\\/ecrt\\\/llegan-dolares-a-las-arcas-de-clubes-del-futbol-profesional\\\/\"]}]},{\"@type\":\"BreadcrumbList\",\"@id\":\"https:\\\/\\\/chasquideportivo.com\\\/ecrt\\\/llegan-dolares-a-las-arcas-de-clubes-del-futbol-profesional\\\/#breadcrumb\",\"itemListElement\":[{\"@type\":\"ListItem\",\"position\":1,\"name\":\"Portada | Chasqui Deportivo\",\"item\":\"https:\\\/\\\/chasquideportivo.com\\\/ecrt\\\/\"},{\"@type\":\"ListItem\",\"position\":2,\"name\":\"Archivo\",\"item\":\"https:\\\/\\\/chasquideportivo.com\\\/ecrt\\\/category\\\/archivo\\\/\"},{\"@type\":\"ListItem\",\"position\":3,\"name\":\"Golazo\",\"item\":\"https:\\\/\\\/chasquideportivo.com\\\/ecrt\\\/category\\\/archivo\\\/golazo\\\/\"},{\"@type\":\"ListItem\",\"position\":4,\"name\":\"Llegan d\u00f3lares a las arcas de clubes del f\u00fatbol profesional\"}]},{\"@type\":\"WebSite\",\"@id\":\"https:\\\/\\\/chasquideportivo.com\\\/ecrt\\\/#website\",\"url\":\"https:\\\/\\\/chasquideportivo.com\\\/ecrt\\\/\",\"name\":\"ChasquiDeportivo\",\"description\":\"Informaci&oacute;n y comunicaci&oacute;n, reportajes, noticias, entrevistas en el &aacute;rea del deporte local, nacional.\",\"publisher\":{\"@id\":\"https:\\\/\\\/chasquideportivo.com\\\/ecrt\\\/#organization\"},\"potentialAction\":[{\"@type\":\"SearchAction\",\"target\":{\"@type\":\"EntryPoint\",\"urlTemplate\":\"https:\\\/\\\/chasquideportivo.com\\\/ecrt\\\/?s={search_term_string}\"},\"query-input\":{\"@type\":\"PropertyValueSpecification\",\"valueRequired\":true,\"valueName\":\"search_term_string\"}}],\"inLanguage\":\"es\"},{\"@type\":\"Organization\",\"@id\":\"https:\\\/\\\/chasquideportivo.com\\\/ecrt\\\/#organization\",\"name\":\"Chasqui Deportivo\",\"url\":\"https:\\\/\\\/chasquideportivo.com\\\/ecrt\\\/\",\"logo\":{\"@type\":\"ImageObject\",\"inLanguage\":\"es\",\"@id\":\"https:\\\/\\\/chasquideportivo.com\\\/ecrt\\\/#\\\/schema\\\/logo\\\/image\\\/\",\"url\":\"https:\\\/\\\/chasquideportivo.com\\\/ecrt\\\/wp-content\\\/uploads\\\/2022\\\/01\\\/logo-vertical.jpg\",\"contentUrl\":\"https:\\\/\\\/chasquideportivo.com\\\/ecrt\\\/wp-content\\\/uploads\\\/2022\\\/01\\\/logo-vertical.jpg\",\"width\":612,\"height\":750,\"caption\":\"Chasqui Deportivo\"},\"image\":{\"@id\":\"https:\\\/\\\/chasquideportivo.com\\\/ecrt\\\/#\\\/schema\\\/logo\\\/image\\\/\"},\"sameAs\":[\"https:\\\/\\\/www.facebook.com\\\/chasquideportivo\",\"https:\\\/\\\/x.com\\\/chasquidep\",\"https:\\\/\\\/www.instagram.com\\\/chasquideportivo.ec\",\"https:\\\/\\\/www.youtube.com\\\/channel\\\/UCGY8M-csHuxJuGRt4XrV90Q\"]},{\"@type\":\"Person\",\"@id\":\"https:\\\/\\\/chasquideportivo.com\\\/ecrt\\\/#\\\/schema\\\/person\\\/d9e229fabae4c1e3f82cf66d802ca7b6\",\"name\":\"kollage\",\"image\":{\"@type\":\"ImageObject\",\"inLanguage\":\"es\",\"@id\":\"https:\\\/\\\/secure.gravatar.com\\\/avatar\\\/69b5388bf21dfca5434ca100f351036f1fbff72ba519ef8157b31bcc7fbfbb18?s=96&d=mm&r=g\",\"url\":\"https:\\\/\\\/secure.gravatar.com\\\/avatar\\\/69b5388bf21dfca5434ca100f351036f1fbff72ba519ef8157b31bcc7fbfbb18?s=96&d=mm&r=g\",\"contentUrl\":\"https:\\\/\\\/secure.gravatar.com\\\/avatar\\\/69b5388bf21dfca5434ca100f351036f1fbff72ba519ef8157b31bcc7fbfbb18?s=96&d=mm&r=g\",\"caption\":\"kollage\"},\"sameAs\":[\"https:\\\/\\\/chasquideportivo.com\\\/ecrt\"],\"url\":\"https:\\\/\\\/chasquideportivo.com\\\/ecrt\\\/author\\\/kollage\\\/\"}]}<\/script>\n<!-- \/ Yoast SEO plugin. -->","yoast_head_json":{"title":"Llegan d\u00f3lares a las arcas de clubes del f\u00fatbol profesional - ChasquiDeportivo","description":"Chasqui Deportivo | Informaci\u00f3n y comunicaci\u00f3n, reportajes, noticias, entrevistas en el \u00e1rea del deporte local, nacional.","robots":{"index":"index","follow":"follow","max-snippet":"max-snippet:-1","max-image-preview":"max-image-preview:large","max-video-preview":"max-video-preview:-1"},"canonical":"https:\/\/chasquideportivo.com\/ecrt\/llegan-dolares-a-las-arcas-de-clubes-del-futbol-profesional\/","og_locale":"es_ES","og_type":"article","og_title":"Llegan d\u00f3lares a las arcas de clubes del f\u00fatbol profesional - ChasquiDeportivo","og_description":"Chasqui Deportivo | Informaci\u00f3n y comunicaci\u00f3n, reportajes, noticias, entrevistas en el \u00e1rea del deporte local, nacional.","og_url":"https:\/\/chasquideportivo.com\/ecrt\/llegan-dolares-a-las-arcas-de-clubes-del-futbol-profesional\/","og_site_name":"ChasquiDeportivo","article_publisher":"https:\/\/www.facebook.com\/chasquideportivo","article_published_time":"2021-03-20T17:59:26+00:00","article_modified_time":"2021-03-20T19:27:19+00:00","author":"kollage","twitter_card":"summary_large_image","twitter_creator":"@chasquidep","twitter_site":"@chasquidep","twitter_misc":{"Escrito por":"kollage","Tiempo de lectura":"2 minutos"},"schema":{"@context":"https:\/\/schema.org","@graph":[{"@type":"Article","@id":"https:\/\/chasquideportivo.com\/ecrt\/llegan-dolares-a-las-arcas-de-clubes-del-futbol-profesional\/#article","isPartOf":{"@id":"https:\/\/chasquideportivo.com\/ecrt\/llegan-dolares-a-las-arcas-de-clubes-del-futbol-profesional\/"},"author":{"name":"kollage","@id":"https:\/\/chasquideportivo.com\/ecrt\/#\/schema\/person\/d9e229fabae4c1e3f82cf66d802ca7b6"},"headline":"Llegan d\u00f3lares a las arcas de clubes del f\u00fatbol profesional","datePublished":"2021-03-20T17:59:26+00:00","dateModified":"2021-03-20T19:27:19+00:00","mainEntityOfPage":{"@id":"https:\/\/chasquideportivo.com\/ecrt\/llegan-dolares-a-las-arcas-de-clubes-del-futbol-profesional\/"},"wordCount":479,"commentCount":0,"publisher":{"@id":"https:\/\/chasquideportivo.com\/ecrt\/#organization"},"keywords":["2018","2019","2020","2021","actividad deportiva","barriales","barrio","chasqui","chasqui deportivo","deporte","deporte barrial ecuatoriano","deportistas","deportivo","deportivos","dirigentcia","dirigentes","ecuador","ecuatorianas","ecuatoriano","ecuatorianos","futbol","futbolistas","ligas","ligas barriales ecuador","pa\u00eds","quito"],"articleSection":["Golazo"],"inLanguage":"es","potentialAction":[{"@type":"CommentAction","name":"Comment","target":["https:\/\/chasquideportivo.com\/ecrt\/llegan-dolares-a-las-arcas-de-clubes-del-futbol-profesional\/#respond"]}]},{"@type":"WebPage","@id":"https:\/\/chasquideportivo.com\/ecrt\/llegan-dolares-a-las-arcas-de-clubes-del-futbol-profesional\/","url":"https:\/\/chasquideportivo.com\/ecrt\/llegan-dolares-a-las-arcas-de-clubes-del-futbol-profesional\/","name":"Llegan d\u00f3lares a las arcas de clubes del f\u00fatbol profesional - ChasquiDeportivo","isPartOf":{"@id":"https:\/\/chasquideportivo.com\/ecrt\/#website"},"datePublished":"2021-03-20T17:59:26+00:00","dateModified":"2021-03-20T19:27:19+00:00","description":"Chasqui Deportivo | Informaci\u00f3n y comunicaci\u00f3n, reportajes, noticias, entrevistas en el \u00e1rea del deporte local, nacional.","breadcrumb":{"@id":"https:\/\/chasquideportivo.com\/ecrt\/llegan-dolares-a-las-arcas-de-clubes-del-futbol-profesional\/#breadcrumb"},"inLanguage":"es","potentialAction":[{"@type":"ReadAction","target":["https:\/\/chasquideportivo.com\/ecrt\/llegan-dolares-a-las-arcas-de-clubes-del-futbol-profesional\/"]}]},{"@type":"BreadcrumbList","@id":"https:\/\/chasquideportivo.com\/ecrt\/llegan-dolares-a-las-arcas-de-clubes-del-futbol-profesional\/#breadcrumb","itemListElement":[{"@type":"ListItem","position":1,"name":"Portada | Chasqui Deportivo","item":"https:\/\/chasquideportivo.com\/ecrt\/"},{"@type":"ListItem","position":2,"name":"Archivo","item":"https:\/\/chasquideportivo.com\/ecrt\/category\/archivo\/"},{"@type":"ListItem","position":3,"name":"Golazo","item":"https:\/\/chasquideportivo.com\/ecrt\/category\/archivo\/golazo\/"},{"@type":"ListItem","position":4,"name":"Llegan d\u00f3lares a las arcas de clubes del f\u00fatbol profesional"}]},{"@type":"WebSite","@id":"https:\/\/chasquideportivo.com\/ecrt\/#website","url":"https:\/\/chasquideportivo.com\/ecrt\/","name":"ChasquiDeportivo","description":"Informaci&oacute;n y comunicaci&oacute;n, reportajes, noticias, entrevistas en el &aacute;rea del deporte local, nacional.","publisher":{"@id":"https:\/\/chasquideportivo.com\/ecrt\/#organization"},"potentialAction":[{"@type":"SearchAction","target":{"@type":"EntryPoint","urlTemplate":"https:\/\/chasquideportivo.com\/ecrt\/?s={search_term_string}"},"query-input":{"@type":"PropertyValueSpecification","valueRequired":true,"valueName":"search_term_string"}}],"inLanguage":"es"},{"@type":"Organization","@id":"https:\/\/chasquideportivo.com\/ecrt\/#organization","name":"Chasqui Deportivo","url":"https:\/\/chasquideportivo.com\/ecrt\/","logo":{"@type":"ImageObject","inLanguage":"es","@id":"https:\/\/chasquideportivo.com\/ecrt\/#\/schema\/logo\/image\/","url":"https:\/\/chasquideportivo.com\/ecrt\/wp-content\/uploads\/2022\/01\/logo-vertical.jpg","contentUrl":"https:\/\/chasquideportivo.com\/ecrt\/wp-content\/uploads\/2022\/01\/logo-vertical.jpg","width":612,"height":750,"caption":"Chasqui Deportivo"},"image":{"@id":"https:\/\/chasquideportivo.com\/ecrt\/#\/schema\/logo\/image\/"},"sameAs":["https:\/\/www.facebook.com\/chasquideportivo","https:\/\/x.com\/chasquidep","https:\/\/www.instagram.com\/chasquideportivo.ec","https:\/\/www.youtube.com\/channel\/UCGY8M-csHuxJuGRt4XrV90Q"]},{"@type":"Person","@id":"https:\/\/chasquideportivo.com\/ecrt\/#\/schema\/person\/d9e229fabae4c1e3f82cf66d802ca7b6","name":"kollage","image":{"@type":"ImageObject","inLanguage":"es","@id":"https:\/\/secure.gravatar.com\/avatar\/69b5388bf21dfca5434ca100f351036f1fbff72ba519ef8157b31bcc7fbfbb18?s=96&d=mm&r=g","url":"https:\/\/secure.gravatar.com\/avatar\/69b5388bf21dfca5434ca100f351036f1fbff72ba519ef8157b31bcc7fbfbb18?s=96&d=mm&r=g","contentUrl":"https:\/\/secure.gravatar.com\/avatar\/69b5388bf21dfca5434ca100f351036f1fbff72ba519ef8157b31bcc7fbfbb18?s=96&d=mm&r=g","caption":"kollage"},"sameAs":["https:\/\/chasquideportivo.com\/ecrt"],"url":"https:\/\/chasquideportivo.com\/ecrt\/author\/kollage\/"}]}},"_links":{"self":[{"href":"https:\/\/chasquideportivo.com\/ecrt\/wp-json\/wp\/v2\/posts\/5347","targetHints":{"allow":["GET"]}}],"collection":[{"href":"https:\/\/chasquideportivo.com\/ecrt\/wp-json\/wp\/v2\/posts"}],"about":[{"href":"https:\/\/chasquideportivo.com\/ecrt\/wp-json\/wp\/v2\/types\/post"}],"author":[{"embeddable":true,"href":"https:\/\/chasquideportivo.com\/ecrt\/wp-json\/wp\/v2\/users\/1"}],"replies":[{"embeddable":true,"href":"https:\/\/chasquideportivo.com\/ecrt\/wp-json\/wp\/v2\/comments?post=5347"}],"version-history":[{"count":1,"href":"https:\/\/chasquideportivo.com\/ecrt\/wp-json\/wp\/v2\/posts\/5347\/revisions"}],"predecessor-version":[{"id":6434,"href":"https:\/\/chasquideportivo.com\/ecrt\/wp-json\/wp\/v2\/posts\/5347\/revisions\/6434"}],"wp:attachment":[{"href":"https:\/\/chasquideportivo.com\/ecrt\/wp-json\/wp\/v2\/media?parent=5347"}],"wp:term":[{"taxonomy":"category","embeddable":true,"href":"https:\/\/chasquideportivo.com\/ecrt\/wp-json\/wp\/v2\/categories?post=5347"},{"taxonomy":"post_tag","embeddable":true,"href":"https:\/\/chasquideportivo.com\/ecrt\/wp-json\/wp\/v2\/tags?post=5347"}],"curies":[{"name":"wp","href":"https:\/\/api.w.org\/{rel}","templated":true}]}}