{"id":5299,"date":"2021-03-20T17:59:20","date_gmt":"2021-03-20T17:59:20","guid":{"rendered":"https:\/\/chasquideportivo.com\/ecrt\/2021\/03\/20\/49-anos-festeja-el-rodillo-rojo\/"},"modified":"2021-03-20T19:29:03","modified_gmt":"2021-03-20T19:29:03","slug":"49-anos-festeja-el-rodillo-rojo","status":"publish","type":"post","link":"https:\/\/chasquideportivo.com\/ecrt\/49-anos-festeja-el-rodillo-rojo\/","title":{"rendered":"49 a\u00f1os festeja el \u201cRodillo Rojo\u201d"},"content":{"rendered":"<p>Cuantas alegr\u00edas y tristezas, como olvidar aquellos a\u00f1os de gloria y los subcampeonatos, expresan los hinchas de T\u00e9cnico Universitario, a trav\u00e9s de redes sociales, por todo esto hoy le rendimos homenaje a nuestro querido.<\/p>\n<p>Fundado el 11 de abril de 1971 en la ciudad de Ambato, actualmente participa en la&nbsp;<a href=\"https:\/\/es.wikipedia.org\/wiki\/Serie_A_de_Ecuador\">Serie A de Ecuador<\/a>&nbsp;y sus m\u00e1ximos logros han sido los subcampeonatos en&nbsp;<a href=\"https:\/\/es.wikipedia.org\/wiki\/Campeonato_Ecuatoriano_de_F%C3%BAtbol_1978\">1978<\/a>&nbsp;y en&nbsp;<a href=\"https:\/\/es.wikipedia.org\/wiki\/Campeonato_Ecuatoriano_de_F%C3%BAtbol_1980\">1980<\/a>.<\/p>\n<p>En&nbsp;<a href=\"https:\/\/es.wikipedia.org\/wiki\/1977\">1977<\/a>&nbsp;se arm\u00f3 un buen equipo. Juan Araujo era el nuevo director t\u00e9cnico, grandes jugadores, importante apoyo de la universidad y un equipo de dirigentes al final del a\u00f1o dieron a&nbsp;<a href=\"https:\/\/es.wikipedia.org\/wiki\/Ambato\">Ambato<\/a>&nbsp;una importante fiesta, un ba\u00f1o en la pileta de Cumand\u00e1 y una gran caravana desde&nbsp;<a href=\"https:\/\/es.wikipedia.org\/wiki\/Quito\">Quito<\/a>, cuando el&nbsp;<a href=\"https:\/\/es.wikipedia.org\/wiki\/5_de_diciembre\">5 de diciembre<\/a>&nbsp;se logr\u00f3 una importante victoria por 1 a 0 ante el&nbsp;<a href=\"https:\/\/es.wikipedia.org\/wiki\/Sociedad_Deportivo_Quito\">Deportivo Quito<\/a>, estos fueron los actos que saludaron el triunfo del rodillo rojo del T\u00e9cnico Universitario y su ascenso.<\/p>\n<p>En el a\u00f1o de&nbsp;<a href=\"https:\/\/es.wikipedia.org\/wiki\/1978\">1978<\/a>&nbsp;el club asciende por primera vez a la&nbsp;<a href=\"https:\/\/es.wikipedia.org\/wiki\/Serie_A_de_Ecuador\">Serie A<\/a>&nbsp;y logra el vicecampeonato de la&nbsp;<a href=\"https:\/\/es.wikipedia.org\/wiki\/Serie_A_de_Ecuador\">Serie A<\/a>&nbsp;con un f\u00fatbol contundente. La alineaci\u00f3n titular fue: Ram\u00f3n &#8220;Candado&#8221; Souza Duarte, Luis Cajas, Miguel \u00c1ngel Russo, el flaco Enrique Simisterra, el infranqueable en el medio campo, Washington &#8220;Patr\u00f3n&#8221; Guevara, &#8220;Carretilla&#8221; Paredes en la defensa; Fabian Vicente Burbano, Belford &#8220;Colorado&#8221; P\u00e1rraga en el medio campo; Aguirre, Rub\u00e9n Dar\u00edo &#8220;Cabez\u00f3n&#8221; Armoa, &#8220;Polaco&#8221; Bustos y Luis &#8220;Chivo&#8221; Jim\u00e9nez en la delantera. Durante el campeonato tambi\u00e9n aline\u00f3 como lateral derecho Erazo. El juego de T\u00e9cnico Universitario se caracteriz\u00f3 por jugar con marcadores laterales con llegada y gol, como aquellos goles que Lucho Cajas marco a&nbsp;<a href=\"https:\/\/es.wikipedia.org\/wiki\/Club_Deportivo_El_Nacional\">El Nacional<\/a>&nbsp;en el&nbsp;<a href=\"https:\/\/es.wikipedia.org\/wiki\/Estadio_Ol%C3%ADmpico_Atahualpa\">Atahualpa<\/a>&nbsp;para el triunfo 2-0.<\/p>\n<p><a href=\"https:\/\/es.wikipedia.org\/wiki\/Uruguay\">Uruguay<\/a>&nbsp;y el&nbsp;<a href=\"https:\/\/es.wikipedia.org\/wiki\/Estadio_Centenario\">Estadio Centenario<\/a>&nbsp;de&nbsp;<a href=\"https:\/\/es.wikipedia.org\/wiki\/Montevideo\">Montevideo<\/a>&nbsp;fueron el destino de la primera participaci\u00f3n en&nbsp;<a href=\"https:\/\/es.wikipedia.org\/wiki\/Copa_Libertadores_1979\">Copa Libertadores<\/a>&nbsp;de&nbsp;<a href=\"https:\/\/es.wikipedia.org\/wiki\/1979\">1979<\/a>, el destino en esta ocasi\u00f3n era el charr\u00faa,&nbsp;<a href=\"https:\/\/es.wikipedia.org\/wiki\/Uruguay\">Uruguay<\/a>&nbsp;el pa\u00eds y los equipos&nbsp;<a href=\"https:\/\/es.wikipedia.org\/wiki\/Club_Atl%C3%A9tico_Pe%C3%B1arol\">Pe\u00f1arol<\/a>&nbsp;y&nbsp;<a href=\"https:\/\/es.wikipedia.org\/wiki\/Club_Nacional_de_Football\">Nacional<\/a>, los resultados no fueron buenos, pero lo que se aprendi\u00f3 fue importante.<\/p>\n<p>En&nbsp;<a href=\"https:\/\/es.wikipedia.org\/wiki\/1979\">1979<\/a>&nbsp;T\u00e9cnico logra un cuarto puesto y sigue siendo protagonista. En el a\u00f1o&nbsp;<a href=\"https:\/\/es.wikipedia.org\/wiki\/1980\">1980<\/a>&nbsp;llega&nbsp;<a href=\"https:\/\/es.wikipedia.org\/wiki\/Ernesto_Guerra\">Ernesto Guerra<\/a>&nbsp;como entrenador del equipo, se mantiene la base del equipo del 78 con algunas modificaciones ya que Washington Guevara se retir\u00f3 del f\u00fatbol y fue reemplazado por el &#8220;Cacho&#8221; Alvear, Aguirre por lesi\u00f3n fue reemplazado por Geovanny &#8220;El Pollo&#8221; Mera, Bustos es reemplazado por el &#8220;Conejo&#8221; Muletaler y as\u00ed se logra nuevamente el vicecampeonato, otra participaci\u00f3n de&nbsp;<a href=\"https:\/\/es.wikipedia.org\/wiki\/Copa_Libertadores_1981\">Copa Libertadores de Am\u00e9rica<\/a>&nbsp;se dio en&nbsp;<a href=\"https:\/\/es.wikipedia.org\/wiki\/1981\">1981<\/a>lastimosamente no se pudo ganar un partido, el destino en esta ocasi\u00f3n era el altiplano,&nbsp;<a href=\"https:\/\/es.wikipedia.org\/wiki\/Bolivia\">Bolivia<\/a>&nbsp;el pa\u00eds y los equipos&nbsp;<a href=\"https:\/\/es.wikipedia.org\/wiki\/The_Strongest\">The Strongest<\/a>&nbsp;y&nbsp;<a href=\"https:\/\/es.wikipedia.org\/wiki\/Club_Jorge_Wilstermann\">Jorge Wilstermann<\/a>.<\/p>\n<p>&nbsp;En el actual torneo se ve reflejado que el \u2018Rodillo\u2019 en 450 minutos (5 partidos) solo ha recibido dos goles; adem\u00e1s, mantuvo su valla invicta 291 minutos.&nbsp;Esta entre los primeros equipos con un buen inicio en la temporada que se encuentra paralizada.<\/p>\n<p>2020-03-27 21:35:13<\/p>\n<p>Golazo<\/p>\n","protected":false},"excerpt":{"rendered":"<p>Cuantas alegr\u00edas y tristezas, como olvidar aquellos a\u00f1os de gloria y los subcampeonatos, expresan los hinchas de T\u00e9cnico Universitario, a trav\u00e9s de redes sociales, por todo esto hoy le rendimos homenaje a nuestro querido. Fundado el 11 de abril de 1971 en la ciudad de Ambato, actualmente participa en la&nbsp;Serie A de Ecuador&nbsp;y sus m\u00e1ximos [&hellip;]<\/p>\n","protected":false},"author":1,"featured_media":0,"comment_status":"open","ping_status":"open","sticky":false,"template":"","format":"standard","meta":{"_et_pb_use_builder":"","_et_pb_old_content":"","_et_gb_content_width":"","footnotes":""},"categories":[18],"tags":[37,36,35,34,39,28,23,20,22,24,19,38,21,41,40,3,6,31,25,42,29,30,27,26,33,32],"class_list":["post-5299","post","type-post","status-publish","format-standard","hentry","category-golazo","tag-37","tag-36","tag-35","tag-34","tag-actividad-deportiva","tag-barriales","tag-barrio","tag-chasqui","tag-chasqui-deportivo","tag-deporte","tag-deporte-barrial-ecuatoriano","tag-deportistas","tag-deportivo","tag-deportivos","tag-dirigentcia","tag-dirigentes","tag-ecuador","tag-ecuatorianas","tag-ecuatoriano","tag-ecuatorianos","tag-futbol","tag-futbolistas","tag-ligas","tag-ligas-barriales-ecuador","tag-pais","tag-quito"],"yoast_head":"<!-- This site is optimized with the Yoast SEO plugin v27.5 - https:\/\/yoast.com\/product\/yoast-seo-wordpress\/ -->\n<title>49 a\u00f1os festeja el \u201cRodillo Rojo\u201d - ChasquiDeportivo<\/title>\n<meta name=\"description\" content=\"Chasqui Deportivo | Informaci\u00f3n y comunicaci\u00f3n, reportajes, noticias, entrevistas en el \u00e1rea del deporte local, nacional.\" \/>\n<meta name=\"robots\" content=\"index, follow, max-snippet:-1, max-image-preview:large, max-video-preview:-1\" \/>\n<link rel=\"canonical\" href=\"https:\/\/chasquideportivo.com\/ecrt\/49-anos-festeja-el-rodillo-rojo\/\" \/>\n<meta property=\"og:locale\" content=\"es_ES\" \/>\n<meta property=\"og:type\" content=\"article\" \/>\n<meta property=\"og:title\" content=\"49 a\u00f1os festeja el \u201cRodillo Rojo\u201d - ChasquiDeportivo\" \/>\n<meta property=\"og:description\" content=\"Chasqui Deportivo | Informaci\u00f3n y comunicaci\u00f3n, reportajes, noticias, entrevistas en el \u00e1rea del deporte local, nacional.\" \/>\n<meta property=\"og:url\" content=\"https:\/\/chasquideportivo.com\/ecrt\/49-anos-festeja-el-rodillo-rojo\/\" \/>\n<meta property=\"og:site_name\" content=\"ChasquiDeportivo\" \/>\n<meta property=\"article:publisher\" content=\"https:\/\/www.facebook.com\/chasquideportivo\" \/>\n<meta property=\"article:published_time\" content=\"2021-03-20T17:59:20+00:00\" \/>\n<meta property=\"article:modified_time\" content=\"2021-03-20T19:29:03+00:00\" \/>\n<meta name=\"author\" content=\"kollage\" \/>\n<meta name=\"twitter:card\" content=\"summary_large_image\" \/>\n<meta name=\"twitter:creator\" content=\"@chasquidep\" \/>\n<meta name=\"twitter:site\" content=\"@chasquidep\" \/>\n<meta name=\"twitter:label1\" content=\"Escrito por\" \/>\n\t<meta name=\"twitter:data1\" content=\"kollage\" \/>\n\t<meta name=\"twitter:label2\" content=\"Tiempo de lectura\" \/>\n\t<meta name=\"twitter:data2\" content=\"3 minutos\" \/>\n<script type=\"application\/ld+json\" class=\"yoast-schema-graph\">{\"@context\":\"https:\\\/\\\/schema.org\",\"@graph\":[{\"@type\":\"Article\",\"@id\":\"https:\\\/\\\/chasquideportivo.com\\\/ecrt\\\/49-anos-festeja-el-rodillo-rojo\\\/#article\",\"isPartOf\":{\"@id\":\"https:\\\/\\\/chasquideportivo.com\\\/ecrt\\\/49-anos-festeja-el-rodillo-rojo\\\/\"},\"author\":{\"name\":\"kollage\",\"@id\":\"https:\\\/\\\/chasquideportivo.com\\\/ecrt\\\/#\\\/schema\\\/person\\\/d9e229fabae4c1e3f82cf66d802ca7b6\"},\"headline\":\"49 a\u00f1os festeja el \u201cRodillo Rojo\u201d\",\"datePublished\":\"2021-03-20T17:59:20+00:00\",\"dateModified\":\"2021-03-20T19:29:03+00:00\",\"mainEntityOfPage\":{\"@id\":\"https:\\\/\\\/chasquideportivo.com\\\/ecrt\\\/49-anos-festeja-el-rodillo-rojo\\\/\"},\"wordCount\":554,\"commentCount\":0,\"publisher\":{\"@id\":\"https:\\\/\\\/chasquideportivo.com\\\/ecrt\\\/#organization\"},\"keywords\":[\"2018\",\"2019\",\"2020\",\"2021\",\"actividad deportiva\",\"barriales\",\"barrio\",\"chasqui\",\"chasqui deportivo\",\"deporte\",\"deporte barrial ecuatoriano\",\"deportistas\",\"deportivo\",\"deportivos\",\"dirigentcia\",\"dirigentes\",\"ecuador\",\"ecuatorianas\",\"ecuatoriano\",\"ecuatorianos\",\"futbol\",\"futbolistas\",\"ligas\",\"ligas barriales ecuador\",\"pa\u00eds\",\"quito\"],\"articleSection\":[\"Golazo\"],\"inLanguage\":\"es\",\"potentialAction\":[{\"@type\":\"CommentAction\",\"name\":\"Comment\",\"target\":[\"https:\\\/\\\/chasquideportivo.com\\\/ecrt\\\/49-anos-festeja-el-rodillo-rojo\\\/#respond\"]}]},{\"@type\":\"WebPage\",\"@id\":\"https:\\\/\\\/chasquideportivo.com\\\/ecrt\\\/49-anos-festeja-el-rodillo-rojo\\\/\",\"url\":\"https:\\\/\\\/chasquideportivo.com\\\/ecrt\\\/49-anos-festeja-el-rodillo-rojo\\\/\",\"name\":\"49 a\u00f1os festeja el \u201cRodillo Rojo\u201d - ChasquiDeportivo\",\"isPartOf\":{\"@id\":\"https:\\\/\\\/chasquideportivo.com\\\/ecrt\\\/#website\"},\"datePublished\":\"2021-03-20T17:59:20+00:00\",\"dateModified\":\"2021-03-20T19:29:03+00:00\",\"description\":\"Chasqui Deportivo | Informaci\u00f3n y comunicaci\u00f3n, reportajes, noticias, entrevistas en el \u00e1rea del deporte local, nacional.\",\"breadcrumb\":{\"@id\":\"https:\\\/\\\/chasquideportivo.com\\\/ecrt\\\/49-anos-festeja-el-rodillo-rojo\\\/#breadcrumb\"},\"inLanguage\":\"es\",\"potentialAction\":[{\"@type\":\"ReadAction\",\"target\":[\"https:\\\/\\\/chasquideportivo.com\\\/ecrt\\\/49-anos-festeja-el-rodillo-rojo\\\/\"]}]},{\"@type\":\"BreadcrumbList\",\"@id\":\"https:\\\/\\\/chasquideportivo.com\\\/ecrt\\\/49-anos-festeja-el-rodillo-rojo\\\/#breadcrumb\",\"itemListElement\":[{\"@type\":\"ListItem\",\"position\":1,\"name\":\"Portada | Chasqui Deportivo\",\"item\":\"https:\\\/\\\/chasquideportivo.com\\\/ecrt\\\/\"},{\"@type\":\"ListItem\",\"position\":2,\"name\":\"Archivo\",\"item\":\"https:\\\/\\\/chasquideportivo.com\\\/ecrt\\\/category\\\/archivo\\\/\"},{\"@type\":\"ListItem\",\"position\":3,\"name\":\"Golazo\",\"item\":\"https:\\\/\\\/chasquideportivo.com\\\/ecrt\\\/category\\\/archivo\\\/golazo\\\/\"},{\"@type\":\"ListItem\",\"position\":4,\"name\":\"49 a\u00f1os festeja el \u201cRodillo Rojo\u201d\"}]},{\"@type\":\"WebSite\",\"@id\":\"https:\\\/\\\/chasquideportivo.com\\\/ecrt\\\/#website\",\"url\":\"https:\\\/\\\/chasquideportivo.com\\\/ecrt\\\/\",\"name\":\"ChasquiDeportivo\",\"description\":\"Informaci&oacute;n y comunicaci&oacute;n, reportajes, noticias, entrevistas en el &aacute;rea del deporte local, nacional.\",\"publisher\":{\"@id\":\"https:\\\/\\\/chasquideportivo.com\\\/ecrt\\\/#organization\"},\"potentialAction\":[{\"@type\":\"SearchAction\",\"target\":{\"@type\":\"EntryPoint\",\"urlTemplate\":\"https:\\\/\\\/chasquideportivo.com\\\/ecrt\\\/?s={search_term_string}\"},\"query-input\":{\"@type\":\"PropertyValueSpecification\",\"valueRequired\":true,\"valueName\":\"search_term_string\"}}],\"inLanguage\":\"es\"},{\"@type\":\"Organization\",\"@id\":\"https:\\\/\\\/chasquideportivo.com\\\/ecrt\\\/#organization\",\"name\":\"Chasqui Deportivo\",\"url\":\"https:\\\/\\\/chasquideportivo.com\\\/ecrt\\\/\",\"logo\":{\"@type\":\"ImageObject\",\"inLanguage\":\"es\",\"@id\":\"https:\\\/\\\/chasquideportivo.com\\\/ecrt\\\/#\\\/schema\\\/logo\\\/image\\\/\",\"url\":\"https:\\\/\\\/chasquideportivo.com\\\/ecrt\\\/wp-content\\\/uploads\\\/2022\\\/01\\\/logo-vertical.jpg\",\"contentUrl\":\"https:\\\/\\\/chasquideportivo.com\\\/ecrt\\\/wp-content\\\/uploads\\\/2022\\\/01\\\/logo-vertical.jpg\",\"width\":612,\"height\":750,\"caption\":\"Chasqui Deportivo\"},\"image\":{\"@id\":\"https:\\\/\\\/chasquideportivo.com\\\/ecrt\\\/#\\\/schema\\\/logo\\\/image\\\/\"},\"sameAs\":[\"https:\\\/\\\/www.facebook.com\\\/chasquideportivo\",\"https:\\\/\\\/x.com\\\/chasquidep\",\"https:\\\/\\\/www.instagram.com\\\/chasquideportivo.ec\",\"https:\\\/\\\/www.youtube.com\\\/channel\\\/UCGY8M-csHuxJuGRt4XrV90Q\"]},{\"@type\":\"Person\",\"@id\":\"https:\\\/\\\/chasquideportivo.com\\\/ecrt\\\/#\\\/schema\\\/person\\\/d9e229fabae4c1e3f82cf66d802ca7b6\",\"name\":\"kollage\",\"image\":{\"@type\":\"ImageObject\",\"inLanguage\":\"es\",\"@id\":\"https:\\\/\\\/secure.gravatar.com\\\/avatar\\\/69b5388bf21dfca5434ca100f351036f1fbff72ba519ef8157b31bcc7fbfbb18?s=96&d=mm&r=g\",\"url\":\"https:\\\/\\\/secure.gravatar.com\\\/avatar\\\/69b5388bf21dfca5434ca100f351036f1fbff72ba519ef8157b31bcc7fbfbb18?s=96&d=mm&r=g\",\"contentUrl\":\"https:\\\/\\\/secure.gravatar.com\\\/avatar\\\/69b5388bf21dfca5434ca100f351036f1fbff72ba519ef8157b31bcc7fbfbb18?s=96&d=mm&r=g\",\"caption\":\"kollage\"},\"sameAs\":[\"https:\\\/\\\/chasquideportivo.com\\\/ecrt\"],\"url\":\"https:\\\/\\\/chasquideportivo.com\\\/ecrt\\\/author\\\/kollage\\\/\"}]}<\/script>\n<!-- \/ Yoast SEO plugin. -->","yoast_head_json":{"title":"49 a\u00f1os festeja el \u201cRodillo Rojo\u201d - ChasquiDeportivo","description":"Chasqui Deportivo | Informaci\u00f3n y comunicaci\u00f3n, reportajes, noticias, entrevistas en el \u00e1rea del deporte local, nacional.","robots":{"index":"index","follow":"follow","max-snippet":"max-snippet:-1","max-image-preview":"max-image-preview:large","max-video-preview":"max-video-preview:-1"},"canonical":"https:\/\/chasquideportivo.com\/ecrt\/49-anos-festeja-el-rodillo-rojo\/","og_locale":"es_ES","og_type":"article","og_title":"49 a\u00f1os festeja el \u201cRodillo Rojo\u201d - ChasquiDeportivo","og_description":"Chasqui Deportivo | Informaci\u00f3n y comunicaci\u00f3n, reportajes, noticias, entrevistas en el \u00e1rea del deporte local, nacional.","og_url":"https:\/\/chasquideportivo.com\/ecrt\/49-anos-festeja-el-rodillo-rojo\/","og_site_name":"ChasquiDeportivo","article_publisher":"https:\/\/www.facebook.com\/chasquideportivo","article_published_time":"2021-03-20T17:59:20+00:00","article_modified_time":"2021-03-20T19:29:03+00:00","author":"kollage","twitter_card":"summary_large_image","twitter_creator":"@chasquidep","twitter_site":"@chasquidep","twitter_misc":{"Escrito por":"kollage","Tiempo de lectura":"3 minutos"},"schema":{"@context":"https:\/\/schema.org","@graph":[{"@type":"Article","@id":"https:\/\/chasquideportivo.com\/ecrt\/49-anos-festeja-el-rodillo-rojo\/#article","isPartOf":{"@id":"https:\/\/chasquideportivo.com\/ecrt\/49-anos-festeja-el-rodillo-rojo\/"},"author":{"name":"kollage","@id":"https:\/\/chasquideportivo.com\/ecrt\/#\/schema\/person\/d9e229fabae4c1e3f82cf66d802ca7b6"},"headline":"49 a\u00f1os festeja el \u201cRodillo Rojo\u201d","datePublished":"2021-03-20T17:59:20+00:00","dateModified":"2021-03-20T19:29:03+00:00","mainEntityOfPage":{"@id":"https:\/\/chasquideportivo.com\/ecrt\/49-anos-festeja-el-rodillo-rojo\/"},"wordCount":554,"commentCount":0,"publisher":{"@id":"https:\/\/chasquideportivo.com\/ecrt\/#organization"},"keywords":["2018","2019","2020","2021","actividad deportiva","barriales","barrio","chasqui","chasqui deportivo","deporte","deporte barrial ecuatoriano","deportistas","deportivo","deportivos","dirigentcia","dirigentes","ecuador","ecuatorianas","ecuatoriano","ecuatorianos","futbol","futbolistas","ligas","ligas barriales ecuador","pa\u00eds","quito"],"articleSection":["Golazo"],"inLanguage":"es","potentialAction":[{"@type":"CommentAction","name":"Comment","target":["https:\/\/chasquideportivo.com\/ecrt\/49-anos-festeja-el-rodillo-rojo\/#respond"]}]},{"@type":"WebPage","@id":"https:\/\/chasquideportivo.com\/ecrt\/49-anos-festeja-el-rodillo-rojo\/","url":"https:\/\/chasquideportivo.com\/ecrt\/49-anos-festeja-el-rodillo-rojo\/","name":"49 a\u00f1os festeja el \u201cRodillo Rojo\u201d - ChasquiDeportivo","isPartOf":{"@id":"https:\/\/chasquideportivo.com\/ecrt\/#website"},"datePublished":"2021-03-20T17:59:20+00:00","dateModified":"2021-03-20T19:29:03+00:00","description":"Chasqui Deportivo | Informaci\u00f3n y comunicaci\u00f3n, reportajes, noticias, entrevistas en el \u00e1rea del deporte local, nacional.","breadcrumb":{"@id":"https:\/\/chasquideportivo.com\/ecrt\/49-anos-festeja-el-rodillo-rojo\/#breadcrumb"},"inLanguage":"es","potentialAction":[{"@type":"ReadAction","target":["https:\/\/chasquideportivo.com\/ecrt\/49-anos-festeja-el-rodillo-rojo\/"]}]},{"@type":"BreadcrumbList","@id":"https:\/\/chasquideportivo.com\/ecrt\/49-anos-festeja-el-rodillo-rojo\/#breadcrumb","itemListElement":[{"@type":"ListItem","position":1,"name":"Portada | Chasqui Deportivo","item":"https:\/\/chasquideportivo.com\/ecrt\/"},{"@type":"ListItem","position":2,"name":"Archivo","item":"https:\/\/chasquideportivo.com\/ecrt\/category\/archivo\/"},{"@type":"ListItem","position":3,"name":"Golazo","item":"https:\/\/chasquideportivo.com\/ecrt\/category\/archivo\/golazo\/"},{"@type":"ListItem","position":4,"name":"49 a\u00f1os festeja el \u201cRodillo Rojo\u201d"}]},{"@type":"WebSite","@id":"https:\/\/chasquideportivo.com\/ecrt\/#website","url":"https:\/\/chasquideportivo.com\/ecrt\/","name":"ChasquiDeportivo","description":"Informaci&oacute;n y comunicaci&oacute;n, reportajes, noticias, entrevistas en el &aacute;rea del deporte local, nacional.","publisher":{"@id":"https:\/\/chasquideportivo.com\/ecrt\/#organization"},"potentialAction":[{"@type":"SearchAction","target":{"@type":"EntryPoint","urlTemplate":"https:\/\/chasquideportivo.com\/ecrt\/?s={search_term_string}"},"query-input":{"@type":"PropertyValueSpecification","valueRequired":true,"valueName":"search_term_string"}}],"inLanguage":"es"},{"@type":"Organization","@id":"https:\/\/chasquideportivo.com\/ecrt\/#organization","name":"Chasqui Deportivo","url":"https:\/\/chasquideportivo.com\/ecrt\/","logo":{"@type":"ImageObject","inLanguage":"es","@id":"https:\/\/chasquideportivo.com\/ecrt\/#\/schema\/logo\/image\/","url":"https:\/\/chasquideportivo.com\/ecrt\/wp-content\/uploads\/2022\/01\/logo-vertical.jpg","contentUrl":"https:\/\/chasquideportivo.com\/ecrt\/wp-content\/uploads\/2022\/01\/logo-vertical.jpg","width":612,"height":750,"caption":"Chasqui Deportivo"},"image":{"@id":"https:\/\/chasquideportivo.com\/ecrt\/#\/schema\/logo\/image\/"},"sameAs":["https:\/\/www.facebook.com\/chasquideportivo","https:\/\/x.com\/chasquidep","https:\/\/www.instagram.com\/chasquideportivo.ec","https:\/\/www.youtube.com\/channel\/UCGY8M-csHuxJuGRt4XrV90Q"]},{"@type":"Person","@id":"https:\/\/chasquideportivo.com\/ecrt\/#\/schema\/person\/d9e229fabae4c1e3f82cf66d802ca7b6","name":"kollage","image":{"@type":"ImageObject","inLanguage":"es","@id":"https:\/\/secure.gravatar.com\/avatar\/69b5388bf21dfca5434ca100f351036f1fbff72ba519ef8157b31bcc7fbfbb18?s=96&d=mm&r=g","url":"https:\/\/secure.gravatar.com\/avatar\/69b5388bf21dfca5434ca100f351036f1fbff72ba519ef8157b31bcc7fbfbb18?s=96&d=mm&r=g","contentUrl":"https:\/\/secure.gravatar.com\/avatar\/69b5388bf21dfca5434ca100f351036f1fbff72ba519ef8157b31bcc7fbfbb18?s=96&d=mm&r=g","caption":"kollage"},"sameAs":["https:\/\/chasquideportivo.com\/ecrt"],"url":"https:\/\/chasquideportivo.com\/ecrt\/author\/kollage\/"}]}},"_links":{"self":[{"href":"https:\/\/chasquideportivo.com\/ecrt\/wp-json\/wp\/v2\/posts\/5299","targetHints":{"allow":["GET"]}}],"collection":[{"href":"https:\/\/chasquideportivo.com\/ecrt\/wp-json\/wp\/v2\/posts"}],"about":[{"href":"https:\/\/chasquideportivo.com\/ecrt\/wp-json\/wp\/v2\/types\/post"}],"author":[{"embeddable":true,"href":"https:\/\/chasquideportivo.com\/ecrt\/wp-json\/wp\/v2\/users\/1"}],"replies":[{"embeddable":true,"href":"https:\/\/chasquideportivo.com\/ecrt\/wp-json\/wp\/v2\/comments?post=5299"}],"version-history":[{"count":1,"href":"https:\/\/chasquideportivo.com\/ecrt\/wp-json\/wp\/v2\/posts\/5299\/revisions"}],"predecessor-version":[{"id":6530,"href":"https:\/\/chasquideportivo.com\/ecrt\/wp-json\/wp\/v2\/posts\/5299\/revisions\/6530"}],"wp:attachment":[{"href":"https:\/\/chasquideportivo.com\/ecrt\/wp-json\/wp\/v2\/media?parent=5299"}],"wp:term":[{"taxonomy":"category","embeddable":true,"href":"https:\/\/chasquideportivo.com\/ecrt\/wp-json\/wp\/v2\/categories?post=5299"},{"taxonomy":"post_tag","embeddable":true,"href":"https:\/\/chasquideportivo.com\/ecrt\/wp-json\/wp\/v2\/tags?post=5299"}],"curies":[{"name":"wp","href":"https:\/\/api.w.org\/{rel}","templated":true}]}}