{"id":4997,"date":"2021-03-20T17:58:43","date_gmt":"2021-03-20T17:58:43","guid":{"rendered":"https:\/\/chasquideportivo.com\/ecrt\/2021\/03\/20\/fef-convoco-a-seleccionados-para-la-fecha-fifa\/"},"modified":"2021-03-20T20:07:31","modified_gmt":"2021-03-20T20:07:31","slug":"fef-convoco-a-seleccionados-para-la-fecha-fifa","status":"publish","type":"post","link":"https:\/\/chasquideportivo.com\/ecrt\/fef-convoco-a-seleccionados-para-la-fecha-fifa\/","title":{"rendered":"FEF convoc\u00f3 a seleccionados para la fecha FIFA"},"content":{"rendered":"<p>Jorge C\u00e9lico dirigir\u00e1 a la selecci\u00f3n de mayores de Ecuador en los encuentros amistosos por la fecha FIFA. Los jugadores que fueron parte de la reuni\u00f3n en el piso 17 en Brasil no son tomados en cuenta para estos encuentros. &nbsp;Caras nuevas y que han destacado en el torneo local son tomados en cuenta para esta convocatoria.<\/p>\n<p>En el auditorio de la Federaci\u00f3n Ecuatoriana de F\u00fatbol, el presidente de la FEF, Francisco Egas junto al profesor Jorge C\u00e9lico participaron de la rueda de prensa en la que se dio a conocer los seleccionados que ser\u00e1n parte de la fecha FIFA en el mes de septiembre.<\/p>\n<p><strong>Arqueros<\/strong><\/p>\n<p>Pedro Ortiz (Delf\u00edn)<\/p>\n<p>Johan Padilla (El Nacional)<\/p>\n<p>Brian Heras (Deportivo Cuenca)<\/p>\n<p><strong>Defensas<\/strong><\/p>\n<p>Marcos L\u00f3pez (Universidad Cat\u00f3lica)<\/p>\n<p>Jhon Espinoza (Aucas)<\/p>\n<p>Dar\u00edo Aimar (Barcelona)<\/p>\n<p>Xavier Arreaga (Seattle Sounders)<\/p>\n<p>Diego Palacios (Los Angeles)<\/p>\n<p>Jackson Porozo (Santos)<\/p>\n<p>F\u00e9lix Torres (Santos Laguna)<\/p>\n<p><strong>Volantes<\/strong><\/p>\n<p>Jos\u00e9 Cifuentes (Am\u00e9rica)<\/p>\n<p>Fernando Gaibor (Al-Wasl)<\/p>\n<p>Jhegson M\u00e9ndez (Orlando City)<\/p>\n<p>Junior Sornoza (Corinthians)<\/p>\n<p>Alexander Alvarado (Aucas)<\/p>\n<p>Romario Ibarra (Pachuca)<\/p>\n<p>Gonzalo Plata (Sporting Lisboa)<\/p>\n<p>Jonathan Borja (El Nacional)<\/p>\n<p>Erick Castillo (Santos Laguna)<\/p>\n<p>Jhojan Julio (Liga de Quito)<\/p>\n<p><strong>Delanteros<\/strong><\/p>\n<p>Brayan Angulo (Cruz Azul)<\/p>\n<p>Leonardo Camapana (Barcelona)<\/p>\n<p>Enner Valencia (Tigres)<\/p>\n<p>2019-08-20 19:43:56<\/p>\n<p>Golazo<\/p>\n","protected":false},"excerpt":{"rendered":"<p>Jorge C\u00e9lico dirigir\u00e1 a la selecci\u00f3n de mayores de Ecuador en los encuentros amistosos por la fecha FIFA. Los jugadores que fueron parte de la reuni\u00f3n en el piso 17 en Brasil no son tomados en cuenta para estos encuentros. &nbsp;Caras nuevas y que han destacado en el torneo local son tomados en cuenta para [&hellip;]<\/p>\n","protected":false},"author":1,"featured_media":0,"comment_status":"open","ping_status":"open","sticky":false,"template":"","format":"standard","meta":{"_et_pb_use_builder":"","_et_pb_old_content":"","_et_gb_content_width":"","footnotes":""},"categories":[18],"tags":[37,36,35,34,39,28,23,20,22,24,19,38,21,41,40,3,6,31,25,42,29,30,27,26,33,32],"class_list":["post-4997","post","type-post","status-publish","format-standard","hentry","category-golazo","tag-37","tag-36","tag-35","tag-34","tag-actividad-deportiva","tag-barriales","tag-barrio","tag-chasqui","tag-chasqui-deportivo","tag-deporte","tag-deporte-barrial-ecuatoriano","tag-deportistas","tag-deportivo","tag-deportivos","tag-dirigentcia","tag-dirigentes","tag-ecuador","tag-ecuatorianas","tag-ecuatoriano","tag-ecuatorianos","tag-futbol","tag-futbolistas","tag-ligas","tag-ligas-barriales-ecuador","tag-pais","tag-quito"],"yoast_head":"<!-- This site is optimized with the Yoast SEO plugin v27.5 - https:\/\/yoast.com\/product\/yoast-seo-wordpress\/ -->\n<title>FEF convoc\u00f3 a seleccionados para la fecha FIFA - ChasquiDeportivo<\/title>\n<meta name=\"description\" content=\"Chasqui Deportivo | Informaci\u00f3n y comunicaci\u00f3n, reportajes, noticias, entrevistas en el \u00e1rea del deporte local, nacional.\" \/>\n<meta name=\"robots\" content=\"index, follow, max-snippet:-1, max-image-preview:large, max-video-preview:-1\" \/>\n<link rel=\"canonical\" href=\"https:\/\/chasquideportivo.com\/ecrt\/fef-convoco-a-seleccionados-para-la-fecha-fifa\/\" \/>\n<meta property=\"og:locale\" content=\"es_ES\" \/>\n<meta property=\"og:type\" content=\"article\" \/>\n<meta property=\"og:title\" content=\"FEF convoc\u00f3 a seleccionados para la fecha FIFA - ChasquiDeportivo\" \/>\n<meta property=\"og:description\" content=\"Chasqui Deportivo | Informaci\u00f3n y comunicaci\u00f3n, reportajes, noticias, entrevistas en el \u00e1rea del deporte local, nacional.\" \/>\n<meta property=\"og:url\" content=\"https:\/\/chasquideportivo.com\/ecrt\/fef-convoco-a-seleccionados-para-la-fecha-fifa\/\" \/>\n<meta property=\"og:site_name\" content=\"ChasquiDeportivo\" \/>\n<meta property=\"article:publisher\" content=\"https:\/\/www.facebook.com\/chasquideportivo\" \/>\n<meta property=\"article:published_time\" content=\"2021-03-20T17:58:43+00:00\" \/>\n<meta property=\"article:modified_time\" content=\"2021-03-20T20:07:31+00:00\" \/>\n<meta name=\"author\" content=\"kollage\" \/>\n<meta name=\"twitter:card\" content=\"summary_large_image\" \/>\n<meta name=\"twitter:creator\" content=\"@chasquidep\" \/>\n<meta name=\"twitter:site\" content=\"@chasquidep\" \/>\n<meta name=\"twitter:label1\" content=\"Escrito por\" \/>\n\t<meta name=\"twitter:data1\" content=\"kollage\" \/>\n\t<meta name=\"twitter:label2\" content=\"Tiempo de lectura\" \/>\n\t<meta name=\"twitter:data2\" content=\"1 minuto\" \/>\n<script type=\"application\/ld+json\" class=\"yoast-schema-graph\">{\"@context\":\"https:\\\/\\\/schema.org\",\"@graph\":[{\"@type\":\"Article\",\"@id\":\"https:\\\/\\\/chasquideportivo.com\\\/ecrt\\\/fef-convoco-a-seleccionados-para-la-fecha-fifa\\\/#article\",\"isPartOf\":{\"@id\":\"https:\\\/\\\/chasquideportivo.com\\\/ecrt\\\/fef-convoco-a-seleccionados-para-la-fecha-fifa\\\/\"},\"author\":{\"name\":\"kollage\",\"@id\":\"https:\\\/\\\/chasquideportivo.com\\\/ecrt\\\/#\\\/schema\\\/person\\\/d9e229fabae4c1e3f82cf66d802ca7b6\"},\"headline\":\"FEF convoc\u00f3 a seleccionados para la fecha FIFA\",\"datePublished\":\"2021-03-20T17:58:43+00:00\",\"dateModified\":\"2021-03-20T20:07:31+00:00\",\"mainEntityOfPage\":{\"@id\":\"https:\\\/\\\/chasquideportivo.com\\\/ecrt\\\/fef-convoco-a-seleccionados-para-la-fecha-fifa\\\/\"},\"wordCount\":216,\"commentCount\":0,\"publisher\":{\"@id\":\"https:\\\/\\\/chasquideportivo.com\\\/ecrt\\\/#organization\"},\"keywords\":[\"2018\",\"2019\",\"2020\",\"2021\",\"actividad deportiva\",\"barriales\",\"barrio\",\"chasqui\",\"chasqui deportivo\",\"deporte\",\"deporte barrial ecuatoriano\",\"deportistas\",\"deportivo\",\"deportivos\",\"dirigentcia\",\"dirigentes\",\"ecuador\",\"ecuatorianas\",\"ecuatoriano\",\"ecuatorianos\",\"futbol\",\"futbolistas\",\"ligas\",\"ligas barriales ecuador\",\"pa\u00eds\",\"quito\"],\"articleSection\":[\"Golazo\"],\"inLanguage\":\"es\",\"potentialAction\":[{\"@type\":\"CommentAction\",\"name\":\"Comment\",\"target\":[\"https:\\\/\\\/chasquideportivo.com\\\/ecrt\\\/fef-convoco-a-seleccionados-para-la-fecha-fifa\\\/#respond\"]}]},{\"@type\":\"WebPage\",\"@id\":\"https:\\\/\\\/chasquideportivo.com\\\/ecrt\\\/fef-convoco-a-seleccionados-para-la-fecha-fifa\\\/\",\"url\":\"https:\\\/\\\/chasquideportivo.com\\\/ecrt\\\/fef-convoco-a-seleccionados-para-la-fecha-fifa\\\/\",\"name\":\"FEF convoc\u00f3 a seleccionados para la fecha FIFA - ChasquiDeportivo\",\"isPartOf\":{\"@id\":\"https:\\\/\\\/chasquideportivo.com\\\/ecrt\\\/#website\"},\"datePublished\":\"2021-03-20T17:58:43+00:00\",\"dateModified\":\"2021-03-20T20:07:31+00:00\",\"description\":\"Chasqui Deportivo | Informaci\u00f3n y comunicaci\u00f3n, reportajes, noticias, entrevistas en el \u00e1rea del deporte local, nacional.\",\"breadcrumb\":{\"@id\":\"https:\\\/\\\/chasquideportivo.com\\\/ecrt\\\/fef-convoco-a-seleccionados-para-la-fecha-fifa\\\/#breadcrumb\"},\"inLanguage\":\"es\",\"potentialAction\":[{\"@type\":\"ReadAction\",\"target\":[\"https:\\\/\\\/chasquideportivo.com\\\/ecrt\\\/fef-convoco-a-seleccionados-para-la-fecha-fifa\\\/\"]}]},{\"@type\":\"BreadcrumbList\",\"@id\":\"https:\\\/\\\/chasquideportivo.com\\\/ecrt\\\/fef-convoco-a-seleccionados-para-la-fecha-fifa\\\/#breadcrumb\",\"itemListElement\":[{\"@type\":\"ListItem\",\"position\":1,\"name\":\"Portada | Chasqui Deportivo\",\"item\":\"https:\\\/\\\/chasquideportivo.com\\\/ecrt\\\/\"},{\"@type\":\"ListItem\",\"position\":2,\"name\":\"Archivo\",\"item\":\"https:\\\/\\\/chasquideportivo.com\\\/ecrt\\\/category\\\/archivo\\\/\"},{\"@type\":\"ListItem\",\"position\":3,\"name\":\"Golazo\",\"item\":\"https:\\\/\\\/chasquideportivo.com\\\/ecrt\\\/category\\\/archivo\\\/golazo\\\/\"},{\"@type\":\"ListItem\",\"position\":4,\"name\":\"FEF convoc\u00f3 a seleccionados para la fecha FIFA\"}]},{\"@type\":\"WebSite\",\"@id\":\"https:\\\/\\\/chasquideportivo.com\\\/ecrt\\\/#website\",\"url\":\"https:\\\/\\\/chasquideportivo.com\\\/ecrt\\\/\",\"name\":\"ChasquiDeportivo\",\"description\":\"Informaci&oacute;n y comunicaci&oacute;n, reportajes, noticias, entrevistas en el &aacute;rea del deporte local, nacional.\",\"publisher\":{\"@id\":\"https:\\\/\\\/chasquideportivo.com\\\/ecrt\\\/#organization\"},\"potentialAction\":[{\"@type\":\"SearchAction\",\"target\":{\"@type\":\"EntryPoint\",\"urlTemplate\":\"https:\\\/\\\/chasquideportivo.com\\\/ecrt\\\/?s={search_term_string}\"},\"query-input\":{\"@type\":\"PropertyValueSpecification\",\"valueRequired\":true,\"valueName\":\"search_term_string\"}}],\"inLanguage\":\"es\"},{\"@type\":\"Organization\",\"@id\":\"https:\\\/\\\/chasquideportivo.com\\\/ecrt\\\/#organization\",\"name\":\"Chasqui Deportivo\",\"url\":\"https:\\\/\\\/chasquideportivo.com\\\/ecrt\\\/\",\"logo\":{\"@type\":\"ImageObject\",\"inLanguage\":\"es\",\"@id\":\"https:\\\/\\\/chasquideportivo.com\\\/ecrt\\\/#\\\/schema\\\/logo\\\/image\\\/\",\"url\":\"https:\\\/\\\/chasquideportivo.com\\\/ecrt\\\/wp-content\\\/uploads\\\/2022\\\/01\\\/logo-vertical.jpg\",\"contentUrl\":\"https:\\\/\\\/chasquideportivo.com\\\/ecrt\\\/wp-content\\\/uploads\\\/2022\\\/01\\\/logo-vertical.jpg\",\"width\":612,\"height\":750,\"caption\":\"Chasqui Deportivo\"},\"image\":{\"@id\":\"https:\\\/\\\/chasquideportivo.com\\\/ecrt\\\/#\\\/schema\\\/logo\\\/image\\\/\"},\"sameAs\":[\"https:\\\/\\\/www.facebook.com\\\/chasquideportivo\",\"https:\\\/\\\/x.com\\\/chasquidep\",\"https:\\\/\\\/www.instagram.com\\\/chasquideportivo.ec\",\"https:\\\/\\\/www.youtube.com\\\/channel\\\/UCGY8M-csHuxJuGRt4XrV90Q\"]},{\"@type\":\"Person\",\"@id\":\"https:\\\/\\\/chasquideportivo.com\\\/ecrt\\\/#\\\/schema\\\/person\\\/d9e229fabae4c1e3f82cf66d802ca7b6\",\"name\":\"kollage\",\"image\":{\"@type\":\"ImageObject\",\"inLanguage\":\"es\",\"@id\":\"https:\\\/\\\/secure.gravatar.com\\\/avatar\\\/69b5388bf21dfca5434ca100f351036f1fbff72ba519ef8157b31bcc7fbfbb18?s=96&d=mm&r=g\",\"url\":\"https:\\\/\\\/secure.gravatar.com\\\/avatar\\\/69b5388bf21dfca5434ca100f351036f1fbff72ba519ef8157b31bcc7fbfbb18?s=96&d=mm&r=g\",\"contentUrl\":\"https:\\\/\\\/secure.gravatar.com\\\/avatar\\\/69b5388bf21dfca5434ca100f351036f1fbff72ba519ef8157b31bcc7fbfbb18?s=96&d=mm&r=g\",\"caption\":\"kollage\"},\"sameAs\":[\"https:\\\/\\\/chasquideportivo.com\\\/ecrt\"],\"url\":\"https:\\\/\\\/chasquideportivo.com\\\/ecrt\\\/author\\\/kollage\\\/\"}]}<\/script>\n<!-- \/ Yoast SEO plugin. -->","yoast_head_json":{"title":"FEF convoc\u00f3 a seleccionados para la fecha FIFA - ChasquiDeportivo","description":"Chasqui Deportivo | Informaci\u00f3n y comunicaci\u00f3n, reportajes, noticias, entrevistas en el \u00e1rea del deporte local, nacional.","robots":{"index":"index","follow":"follow","max-snippet":"max-snippet:-1","max-image-preview":"max-image-preview:large","max-video-preview":"max-video-preview:-1"},"canonical":"https:\/\/chasquideportivo.com\/ecrt\/fef-convoco-a-seleccionados-para-la-fecha-fifa\/","og_locale":"es_ES","og_type":"article","og_title":"FEF convoc\u00f3 a seleccionados para la fecha FIFA - ChasquiDeportivo","og_description":"Chasqui Deportivo | Informaci\u00f3n y comunicaci\u00f3n, reportajes, noticias, entrevistas en el \u00e1rea del deporte local, nacional.","og_url":"https:\/\/chasquideportivo.com\/ecrt\/fef-convoco-a-seleccionados-para-la-fecha-fifa\/","og_site_name":"ChasquiDeportivo","article_publisher":"https:\/\/www.facebook.com\/chasquideportivo","article_published_time":"2021-03-20T17:58:43+00:00","article_modified_time":"2021-03-20T20:07:31+00:00","author":"kollage","twitter_card":"summary_large_image","twitter_creator":"@chasquidep","twitter_site":"@chasquidep","twitter_misc":{"Escrito por":"kollage","Tiempo de lectura":"1 minuto"},"schema":{"@context":"https:\/\/schema.org","@graph":[{"@type":"Article","@id":"https:\/\/chasquideportivo.com\/ecrt\/fef-convoco-a-seleccionados-para-la-fecha-fifa\/#article","isPartOf":{"@id":"https:\/\/chasquideportivo.com\/ecrt\/fef-convoco-a-seleccionados-para-la-fecha-fifa\/"},"author":{"name":"kollage","@id":"https:\/\/chasquideportivo.com\/ecrt\/#\/schema\/person\/d9e229fabae4c1e3f82cf66d802ca7b6"},"headline":"FEF convoc\u00f3 a seleccionados para la fecha FIFA","datePublished":"2021-03-20T17:58:43+00:00","dateModified":"2021-03-20T20:07:31+00:00","mainEntityOfPage":{"@id":"https:\/\/chasquideportivo.com\/ecrt\/fef-convoco-a-seleccionados-para-la-fecha-fifa\/"},"wordCount":216,"commentCount":0,"publisher":{"@id":"https:\/\/chasquideportivo.com\/ecrt\/#organization"},"keywords":["2018","2019","2020","2021","actividad deportiva","barriales","barrio","chasqui","chasqui deportivo","deporte","deporte barrial ecuatoriano","deportistas","deportivo","deportivos","dirigentcia","dirigentes","ecuador","ecuatorianas","ecuatoriano","ecuatorianos","futbol","futbolistas","ligas","ligas barriales ecuador","pa\u00eds","quito"],"articleSection":["Golazo"],"inLanguage":"es","potentialAction":[{"@type":"CommentAction","name":"Comment","target":["https:\/\/chasquideportivo.com\/ecrt\/fef-convoco-a-seleccionados-para-la-fecha-fifa\/#respond"]}]},{"@type":"WebPage","@id":"https:\/\/chasquideportivo.com\/ecrt\/fef-convoco-a-seleccionados-para-la-fecha-fifa\/","url":"https:\/\/chasquideportivo.com\/ecrt\/fef-convoco-a-seleccionados-para-la-fecha-fifa\/","name":"FEF convoc\u00f3 a seleccionados para la fecha FIFA - ChasquiDeportivo","isPartOf":{"@id":"https:\/\/chasquideportivo.com\/ecrt\/#website"},"datePublished":"2021-03-20T17:58:43+00:00","dateModified":"2021-03-20T20:07:31+00:00","description":"Chasqui Deportivo | Informaci\u00f3n y comunicaci\u00f3n, reportajes, noticias, entrevistas en el \u00e1rea del deporte local, nacional.","breadcrumb":{"@id":"https:\/\/chasquideportivo.com\/ecrt\/fef-convoco-a-seleccionados-para-la-fecha-fifa\/#breadcrumb"},"inLanguage":"es","potentialAction":[{"@type":"ReadAction","target":["https:\/\/chasquideportivo.com\/ecrt\/fef-convoco-a-seleccionados-para-la-fecha-fifa\/"]}]},{"@type":"BreadcrumbList","@id":"https:\/\/chasquideportivo.com\/ecrt\/fef-convoco-a-seleccionados-para-la-fecha-fifa\/#breadcrumb","itemListElement":[{"@type":"ListItem","position":1,"name":"Portada | Chasqui Deportivo","item":"https:\/\/chasquideportivo.com\/ecrt\/"},{"@type":"ListItem","position":2,"name":"Archivo","item":"https:\/\/chasquideportivo.com\/ecrt\/category\/archivo\/"},{"@type":"ListItem","position":3,"name":"Golazo","item":"https:\/\/chasquideportivo.com\/ecrt\/category\/archivo\/golazo\/"},{"@type":"ListItem","position":4,"name":"FEF convoc\u00f3 a seleccionados para la fecha FIFA"}]},{"@type":"WebSite","@id":"https:\/\/chasquideportivo.com\/ecrt\/#website","url":"https:\/\/chasquideportivo.com\/ecrt\/","name":"ChasquiDeportivo","description":"Informaci&oacute;n y comunicaci&oacute;n, reportajes, noticias, entrevistas en el &aacute;rea del deporte local, nacional.","publisher":{"@id":"https:\/\/chasquideportivo.com\/ecrt\/#organization"},"potentialAction":[{"@type":"SearchAction","target":{"@type":"EntryPoint","urlTemplate":"https:\/\/chasquideportivo.com\/ecrt\/?s={search_term_string}"},"query-input":{"@type":"PropertyValueSpecification","valueRequired":true,"valueName":"search_term_string"}}],"inLanguage":"es"},{"@type":"Organization","@id":"https:\/\/chasquideportivo.com\/ecrt\/#organization","name":"Chasqui Deportivo","url":"https:\/\/chasquideportivo.com\/ecrt\/","logo":{"@type":"ImageObject","inLanguage":"es","@id":"https:\/\/chasquideportivo.com\/ecrt\/#\/schema\/logo\/image\/","url":"https:\/\/chasquideportivo.com\/ecrt\/wp-content\/uploads\/2022\/01\/logo-vertical.jpg","contentUrl":"https:\/\/chasquideportivo.com\/ecrt\/wp-content\/uploads\/2022\/01\/logo-vertical.jpg","width":612,"height":750,"caption":"Chasqui Deportivo"},"image":{"@id":"https:\/\/chasquideportivo.com\/ecrt\/#\/schema\/logo\/image\/"},"sameAs":["https:\/\/www.facebook.com\/chasquideportivo","https:\/\/x.com\/chasquidep","https:\/\/www.instagram.com\/chasquideportivo.ec","https:\/\/www.youtube.com\/channel\/UCGY8M-csHuxJuGRt4XrV90Q"]},{"@type":"Person","@id":"https:\/\/chasquideportivo.com\/ecrt\/#\/schema\/person\/d9e229fabae4c1e3f82cf66d802ca7b6","name":"kollage","image":{"@type":"ImageObject","inLanguage":"es","@id":"https:\/\/secure.gravatar.com\/avatar\/69b5388bf21dfca5434ca100f351036f1fbff72ba519ef8157b31bcc7fbfbb18?s=96&d=mm&r=g","url":"https:\/\/secure.gravatar.com\/avatar\/69b5388bf21dfca5434ca100f351036f1fbff72ba519ef8157b31bcc7fbfbb18?s=96&d=mm&r=g","contentUrl":"https:\/\/secure.gravatar.com\/avatar\/69b5388bf21dfca5434ca100f351036f1fbff72ba519ef8157b31bcc7fbfbb18?s=96&d=mm&r=g","caption":"kollage"},"sameAs":["https:\/\/chasquideportivo.com\/ecrt"],"url":"https:\/\/chasquideportivo.com\/ecrt\/author\/kollage\/"}]}},"_links":{"self":[{"href":"https:\/\/chasquideportivo.com\/ecrt\/wp-json\/wp\/v2\/posts\/4997","targetHints":{"allow":["GET"]}}],"collection":[{"href":"https:\/\/chasquideportivo.com\/ecrt\/wp-json\/wp\/v2\/posts"}],"about":[{"href":"https:\/\/chasquideportivo.com\/ecrt\/wp-json\/wp\/v2\/types\/post"}],"author":[{"embeddable":true,"href":"https:\/\/chasquideportivo.com\/ecrt\/wp-json\/wp\/v2\/users\/1"}],"replies":[{"embeddable":true,"href":"https:\/\/chasquideportivo.com\/ecrt\/wp-json\/wp\/v2\/comments?post=4997"}],"version-history":[{"count":1,"href":"https:\/\/chasquideportivo.com\/ecrt\/wp-json\/wp\/v2\/posts\/4997\/revisions"}],"predecessor-version":[{"id":6720,"href":"https:\/\/chasquideportivo.com\/ecrt\/wp-json\/wp\/v2\/posts\/4997\/revisions\/6720"}],"wp:attachment":[{"href":"https:\/\/chasquideportivo.com\/ecrt\/wp-json\/wp\/v2\/media?parent=4997"}],"wp:term":[{"taxonomy":"category","embeddable":true,"href":"https:\/\/chasquideportivo.com\/ecrt\/wp-json\/wp\/v2\/categories?post=4997"},{"taxonomy":"post_tag","embeddable":true,"href":"https:\/\/chasquideportivo.com\/ecrt\/wp-json\/wp\/v2\/tags?post=4997"}],"curies":[{"name":"wp","href":"https:\/\/api.w.org\/{rel}","templated":true}]}}