{"id":4988,"date":"2021-03-20T17:58:43","date_gmt":"2021-03-20T17:58:43","guid":{"rendered":"https:\/\/chasquideportivo.com\/ecrt\/2021\/03\/20\/los-rayados-del-valle-ya-son-semifinalista-en-la-sudamericana\/"},"modified":"2021-03-20T20:07:30","modified_gmt":"2021-03-20T20:07:30","slug":"los-rayados-del-valle-ya-son-semifinalista-en-la-sudamericana","status":"publish","type":"post","link":"https:\/\/chasquideportivo.com\/ecrt\/los-rayados-del-valle-ya-son-semifinalista-en-la-sudamericana\/","title":{"rendered":"Los \u201cRayados\u201d del Valle ya son semifinalista en la sudamericana"},"content":{"rendered":"<p><strong>Doble premio para el equipo Independiente del Valle luego de la victoria ante su similar de Argentina (1-0). &nbsp;Clasificaci\u00f3n a la semifinal y dos millones de d\u00f3lares a su econom\u00eda. Espera al Flumininse o Corintians. <\/strong><\/p>\n<p>Independiente de Avellaneda se qued\u00f3 fuera de la Copa Sudamericana al perder por 1 a 0 con Independiente del Valle, en el estadio Ol\u00edmpico Atahualpa, de Quito, en la revancha de cuartos de final (2-2 en el global), clasificando los ecuatorianos al hacer valer doble su gol de visitante.&nbsp;El espa\u00f1ol Dani Nieto a los 32 minutos del segundo tiempo le brind\u00f3 la victoria al conjunto local.<\/p>\n<p> El &#8216;Rojo&#8217; de Avellaneda comenz\u00f3 el juego tomando el protagonismo con su presi\u00f3n alta y la tenencia de la pelota, buscando desequilibrar a Independiente del Valle y con la clara intenci\u00f3n de marcar r\u00e1pido el gol que le otorgara mayor diferencia en el resultado global para quedarse con la clasificaci\u00f3n a semifinales.<br \/> Al promediar la primera etapa, el conjunto local pudo equilibrar el juego en el medio campo y a partir de all\u00ed, tambi\u00e9n, aprovech\u00f3 el repliegue de los dirigidos por Sebasti\u00e1n Beccacece para administrar las energ\u00edas en los 2.850 metros de altura de Quito, para exigir a la defensa visitante y al siempre atento arquero Mart\u00edn Campa\u00f1a.<\/p>\n<p> A poco de iniciado el segundo per\u00edodo, el t\u00e9cnico del &#8216;Diablo&#8217; busc\u00f3 variantes en el ataque con el ingreso de Mart\u00edn Ben\u00edtez -que lleg\u00f3 a los 200 partidos en la primera &#8216;roja&#8217;- en reemplazo del paraguayo Cecilio Dom\u00ednguez, de opaco desempe\u00f1o.<\/p>\n<p> Los de del Valle fueron trabajando en la posesi\u00f3n de la pelota y las exigencias para Campa\u00f1a, una de las figuras el partido que continu\u00f3 respondiendo con acierto, como en la brillante tapada a un violento remate de Cristi\u00e1n D\u00e1jome (25 min).<\/p>\n<p> Independiente, demasiado retrasado, con desesperaci\u00f3n trat\u00f3 de mantener la igualdad, pero tanto va el c\u00e1ntaro a la fuente que al final se rompe y en est\u00e1 ocasi\u00f3n se rompi\u00f3 la resistencia del guardavalla uruguayo (32 min) cuando el ingresado Dani Nieto lo venci\u00f3 con un zurdazo violento de media vuelta y cruzado.<\/p>\n<p> Los conducidos por Ram\u00edrez, llegaron al gol, con el desborde de Jhon S\u00e1nchez, centro atr\u00e1s y la definici\u00f3n de quien hab\u00eda sustituido a Mera para continuar con la conducci\u00f3n del equipo &#8216;azul&#8217; (32 min).<\/p>\n<p> Ahora, el vencedor jugar\u00e1 una de las semifinales de la Copa Sudamericana con el ganador de la llave de cuartos de final que definir\u00e1n los equipos brasile\u00f1os de Corinthians y Fluminense, los pr\u00f3ximos jueves 22 y 29 de agosto a las 21.30<\/p>\n<p><strong>LA SINTESIS<br \/> Independiente del Valle:&nbsp;Jorge Pinos; Anthony Land\u00e1zuri, Luis Fernando Le\u00f3n, Richard Schunke y Luis Segovia; Alan Steven Franco, Cristian Pellerano y Jhon S\u00e1nchez; Cristian D\u00e1jome y Efr\u00e9n Mera; Gabriel Torres.&nbsp;DT:&nbsp;Miguel \u00c1ngel Ram\u00edrez.<\/p>\n<p> Independiente:&nbsp;Mart\u00edn Campa\u00f1a; Nicol\u00e1s Figal, Alan Franco, Gast\u00f3n Silva y Juan S\u00e1nchez Mi\u00f1o; Fabricio Bustos, Francisco Pizzini, Nicol\u00e1s Domingo, Pablo P\u00e9rez y Cecilio Dom\u00ednguez; Sebasti\u00e1n Palacios.&nbsp;DT:Sebasti\u00e1n Beccacece.<\/p>\n<p> Incidencias<\/p>\n<p> Gol en el segundo tiempo: 32m, Nieto (IDV).<\/p>\n<p> Cambios en el segundo tiempo: 4m, Mart\u00edn Ben\u00edtez por Dom\u00ednguez (I); 12m, Dani Nieto por Mera (IDV); 18m, Angelo Preciado por Le\u00f3n (IDV); 31m, Alejandro Cabeza por Land\u00e1zuri (IDV); 33m, Andr\u00e9s Roa por Domingo y 37m, Silvio Romero por Bustos.<\/p>\n<p> Incidencia: a los 45m. del segundo tiempo fue expulsado Nicol\u00e1s Figal (I) por doble amonestaci\u00f3n.<\/p>\n<p> Amonestados: Palacios (I). Le\u00f3n y S. Franco (IDV).<\/p>\n<p> Arbitro:&nbsp;Roberto Tobar (Chile).<\/p>\n<p> Estadio:&nbsp;Ol\u00edmpico Atahualpa (Quito).<br \/> &nbsp;<\/strong><\/p>\n<p>2019-08-14 12:55:47<\/p>\n<p>Golazo<\/p>\n","protected":false},"excerpt":{"rendered":"<p>Doble premio para el equipo Independiente del Valle luego de la victoria ante su similar de Argentina (1-0). &nbsp;Clasificaci\u00f3n a la semifinal y dos millones de d\u00f3lares a su econom\u00eda. Espera al Flumininse o Corintians. Independiente de Avellaneda se qued\u00f3 fuera de la Copa Sudamericana al perder por 1 a 0 con Independiente del Valle, [&hellip;]<\/p>\n","protected":false},"author":1,"featured_media":0,"comment_status":"open","ping_status":"open","sticky":false,"template":"","format":"standard","meta":{"_et_pb_use_builder":"","_et_pb_old_content":"","_et_gb_content_width":"","footnotes":""},"categories":[18],"tags":[37,36,35,34,39,28,23,20,22,24,19,38,21,41,40,3,6,31,25,42,29,30,27,26,33,32],"class_list":["post-4988","post","type-post","status-publish","format-standard","hentry","category-golazo","tag-37","tag-36","tag-35","tag-34","tag-actividad-deportiva","tag-barriales","tag-barrio","tag-chasqui","tag-chasqui-deportivo","tag-deporte","tag-deporte-barrial-ecuatoriano","tag-deportistas","tag-deportivo","tag-deportivos","tag-dirigentcia","tag-dirigentes","tag-ecuador","tag-ecuatorianas","tag-ecuatoriano","tag-ecuatorianos","tag-futbol","tag-futbolistas","tag-ligas","tag-ligas-barriales-ecuador","tag-pais","tag-quito"],"yoast_head":"<!-- This site is optimized with the Yoast SEO plugin v27.5 - https:\/\/yoast.com\/product\/yoast-seo-wordpress\/ -->\n<title>Los \u201cRayados\u201d del Valle ya son semifinalista en la sudamericana - ChasquiDeportivo<\/title>\n<meta name=\"description\" content=\"Chasqui Deportivo | Informaci\u00f3n y comunicaci\u00f3n, reportajes, noticias, entrevistas en el \u00e1rea del deporte local, nacional.\" \/>\n<meta name=\"robots\" content=\"index, follow, max-snippet:-1, max-image-preview:large, max-video-preview:-1\" \/>\n<link rel=\"canonical\" href=\"https:\/\/chasquideportivo.com\/ecrt\/los-rayados-del-valle-ya-son-semifinalista-en-la-sudamericana\/\" \/>\n<meta property=\"og:locale\" content=\"es_ES\" \/>\n<meta property=\"og:type\" content=\"article\" \/>\n<meta property=\"og:title\" content=\"Los \u201cRayados\u201d del Valle ya son semifinalista en la sudamericana - ChasquiDeportivo\" \/>\n<meta property=\"og:description\" content=\"Chasqui Deportivo | Informaci\u00f3n y comunicaci\u00f3n, reportajes, noticias, entrevistas en el \u00e1rea del deporte local, nacional.\" \/>\n<meta property=\"og:url\" content=\"https:\/\/chasquideportivo.com\/ecrt\/los-rayados-del-valle-ya-son-semifinalista-en-la-sudamericana\/\" \/>\n<meta property=\"og:site_name\" content=\"ChasquiDeportivo\" \/>\n<meta property=\"article:publisher\" content=\"https:\/\/www.facebook.com\/chasquideportivo\" \/>\n<meta property=\"article:published_time\" content=\"2021-03-20T17:58:43+00:00\" \/>\n<meta property=\"article:modified_time\" content=\"2021-03-20T20:07:30+00:00\" \/>\n<meta name=\"author\" content=\"kollage\" \/>\n<meta name=\"twitter:card\" content=\"summary_large_image\" \/>\n<meta name=\"twitter:creator\" content=\"@chasquidep\" \/>\n<meta name=\"twitter:site\" content=\"@chasquidep\" \/>\n<meta name=\"twitter:label1\" content=\"Escrito por\" \/>\n\t<meta name=\"twitter:data1\" content=\"kollage\" \/>\n\t<meta name=\"twitter:label2\" content=\"Tiempo de lectura\" \/>\n\t<meta name=\"twitter:data2\" content=\"3 minutos\" \/>\n<script type=\"application\/ld+json\" class=\"yoast-schema-graph\">{\"@context\":\"https:\\\/\\\/schema.org\",\"@graph\":[{\"@type\":\"Article\",\"@id\":\"https:\\\/\\\/chasquideportivo.com\\\/ecrt\\\/los-rayados-del-valle-ya-son-semifinalista-en-la-sudamericana\\\/#article\",\"isPartOf\":{\"@id\":\"https:\\\/\\\/chasquideportivo.com\\\/ecrt\\\/los-rayados-del-valle-ya-son-semifinalista-en-la-sudamericana\\\/\"},\"author\":{\"name\":\"kollage\",\"@id\":\"https:\\\/\\\/chasquideportivo.com\\\/ecrt\\\/#\\\/schema\\\/person\\\/d9e229fabae4c1e3f82cf66d802ca7b6\"},\"headline\":\"Los \u201cRayados\u201d del Valle ya son semifinalista en la sudamericana\",\"datePublished\":\"2021-03-20T17:58:43+00:00\",\"dateModified\":\"2021-03-20T20:07:30+00:00\",\"mainEntityOfPage\":{\"@id\":\"https:\\\/\\\/chasquideportivo.com\\\/ecrt\\\/los-rayados-del-valle-ya-son-semifinalista-en-la-sudamericana\\\/\"},\"wordCount\":641,\"commentCount\":0,\"publisher\":{\"@id\":\"https:\\\/\\\/chasquideportivo.com\\\/ecrt\\\/#organization\"},\"keywords\":[\"2018\",\"2019\",\"2020\",\"2021\",\"actividad deportiva\",\"barriales\",\"barrio\",\"chasqui\",\"chasqui deportivo\",\"deporte\",\"deporte barrial ecuatoriano\",\"deportistas\",\"deportivo\",\"deportivos\",\"dirigentcia\",\"dirigentes\",\"ecuador\",\"ecuatorianas\",\"ecuatoriano\",\"ecuatorianos\",\"futbol\",\"futbolistas\",\"ligas\",\"ligas barriales ecuador\",\"pa\u00eds\",\"quito\"],\"articleSection\":[\"Golazo\"],\"inLanguage\":\"es\",\"potentialAction\":[{\"@type\":\"CommentAction\",\"name\":\"Comment\",\"target\":[\"https:\\\/\\\/chasquideportivo.com\\\/ecrt\\\/los-rayados-del-valle-ya-son-semifinalista-en-la-sudamericana\\\/#respond\"]}]},{\"@type\":\"WebPage\",\"@id\":\"https:\\\/\\\/chasquideportivo.com\\\/ecrt\\\/los-rayados-del-valle-ya-son-semifinalista-en-la-sudamericana\\\/\",\"url\":\"https:\\\/\\\/chasquideportivo.com\\\/ecrt\\\/los-rayados-del-valle-ya-son-semifinalista-en-la-sudamericana\\\/\",\"name\":\"Los \u201cRayados\u201d del Valle ya son semifinalista en la sudamericana - ChasquiDeportivo\",\"isPartOf\":{\"@id\":\"https:\\\/\\\/chasquideportivo.com\\\/ecrt\\\/#website\"},\"datePublished\":\"2021-03-20T17:58:43+00:00\",\"dateModified\":\"2021-03-20T20:07:30+00:00\",\"description\":\"Chasqui Deportivo | Informaci\u00f3n y comunicaci\u00f3n, reportajes, noticias, entrevistas en el \u00e1rea del deporte local, nacional.\",\"breadcrumb\":{\"@id\":\"https:\\\/\\\/chasquideportivo.com\\\/ecrt\\\/los-rayados-del-valle-ya-son-semifinalista-en-la-sudamericana\\\/#breadcrumb\"},\"inLanguage\":\"es\",\"potentialAction\":[{\"@type\":\"ReadAction\",\"target\":[\"https:\\\/\\\/chasquideportivo.com\\\/ecrt\\\/los-rayados-del-valle-ya-son-semifinalista-en-la-sudamericana\\\/\"]}]},{\"@type\":\"BreadcrumbList\",\"@id\":\"https:\\\/\\\/chasquideportivo.com\\\/ecrt\\\/los-rayados-del-valle-ya-son-semifinalista-en-la-sudamericana\\\/#breadcrumb\",\"itemListElement\":[{\"@type\":\"ListItem\",\"position\":1,\"name\":\"Portada | Chasqui Deportivo\",\"item\":\"https:\\\/\\\/chasquideportivo.com\\\/ecrt\\\/\"},{\"@type\":\"ListItem\",\"position\":2,\"name\":\"Archivo\",\"item\":\"https:\\\/\\\/chasquideportivo.com\\\/ecrt\\\/category\\\/archivo\\\/\"},{\"@type\":\"ListItem\",\"position\":3,\"name\":\"Golazo\",\"item\":\"https:\\\/\\\/chasquideportivo.com\\\/ecrt\\\/category\\\/archivo\\\/golazo\\\/\"},{\"@type\":\"ListItem\",\"position\":4,\"name\":\"Los \u201cRayados\u201d del Valle ya son semifinalista en la sudamericana\"}]},{\"@type\":\"WebSite\",\"@id\":\"https:\\\/\\\/chasquideportivo.com\\\/ecrt\\\/#website\",\"url\":\"https:\\\/\\\/chasquideportivo.com\\\/ecrt\\\/\",\"name\":\"ChasquiDeportivo\",\"description\":\"Informaci&oacute;n y comunicaci&oacute;n, reportajes, noticias, entrevistas en el &aacute;rea del deporte local, nacional.\",\"publisher\":{\"@id\":\"https:\\\/\\\/chasquideportivo.com\\\/ecrt\\\/#organization\"},\"potentialAction\":[{\"@type\":\"SearchAction\",\"target\":{\"@type\":\"EntryPoint\",\"urlTemplate\":\"https:\\\/\\\/chasquideportivo.com\\\/ecrt\\\/?s={search_term_string}\"},\"query-input\":{\"@type\":\"PropertyValueSpecification\",\"valueRequired\":true,\"valueName\":\"search_term_string\"}}],\"inLanguage\":\"es\"},{\"@type\":\"Organization\",\"@id\":\"https:\\\/\\\/chasquideportivo.com\\\/ecrt\\\/#organization\",\"name\":\"Chasqui Deportivo\",\"url\":\"https:\\\/\\\/chasquideportivo.com\\\/ecrt\\\/\",\"logo\":{\"@type\":\"ImageObject\",\"inLanguage\":\"es\",\"@id\":\"https:\\\/\\\/chasquideportivo.com\\\/ecrt\\\/#\\\/schema\\\/logo\\\/image\\\/\",\"url\":\"https:\\\/\\\/chasquideportivo.com\\\/ecrt\\\/wp-content\\\/uploads\\\/2022\\\/01\\\/logo-vertical.jpg\",\"contentUrl\":\"https:\\\/\\\/chasquideportivo.com\\\/ecrt\\\/wp-content\\\/uploads\\\/2022\\\/01\\\/logo-vertical.jpg\",\"width\":612,\"height\":750,\"caption\":\"Chasqui Deportivo\"},\"image\":{\"@id\":\"https:\\\/\\\/chasquideportivo.com\\\/ecrt\\\/#\\\/schema\\\/logo\\\/image\\\/\"},\"sameAs\":[\"https:\\\/\\\/www.facebook.com\\\/chasquideportivo\",\"https:\\\/\\\/x.com\\\/chasquidep\",\"https:\\\/\\\/www.instagram.com\\\/chasquideportivo.ec\",\"https:\\\/\\\/www.youtube.com\\\/channel\\\/UCGY8M-csHuxJuGRt4XrV90Q\"]},{\"@type\":\"Person\",\"@id\":\"https:\\\/\\\/chasquideportivo.com\\\/ecrt\\\/#\\\/schema\\\/person\\\/d9e229fabae4c1e3f82cf66d802ca7b6\",\"name\":\"kollage\",\"image\":{\"@type\":\"ImageObject\",\"inLanguage\":\"es\",\"@id\":\"https:\\\/\\\/secure.gravatar.com\\\/avatar\\\/69b5388bf21dfca5434ca100f351036f1fbff72ba519ef8157b31bcc7fbfbb18?s=96&d=mm&r=g\",\"url\":\"https:\\\/\\\/secure.gravatar.com\\\/avatar\\\/69b5388bf21dfca5434ca100f351036f1fbff72ba519ef8157b31bcc7fbfbb18?s=96&d=mm&r=g\",\"contentUrl\":\"https:\\\/\\\/secure.gravatar.com\\\/avatar\\\/69b5388bf21dfca5434ca100f351036f1fbff72ba519ef8157b31bcc7fbfbb18?s=96&d=mm&r=g\",\"caption\":\"kollage\"},\"sameAs\":[\"https:\\\/\\\/chasquideportivo.com\\\/ecrt\"],\"url\":\"https:\\\/\\\/chasquideportivo.com\\\/ecrt\\\/author\\\/kollage\\\/\"}]}<\/script>\n<!-- \/ Yoast SEO plugin. -->","yoast_head_json":{"title":"Los \u201cRayados\u201d del Valle ya son semifinalista en la sudamericana - ChasquiDeportivo","description":"Chasqui Deportivo | Informaci\u00f3n y comunicaci\u00f3n, reportajes, noticias, entrevistas en el \u00e1rea del deporte local, nacional.","robots":{"index":"index","follow":"follow","max-snippet":"max-snippet:-1","max-image-preview":"max-image-preview:large","max-video-preview":"max-video-preview:-1"},"canonical":"https:\/\/chasquideportivo.com\/ecrt\/los-rayados-del-valle-ya-son-semifinalista-en-la-sudamericana\/","og_locale":"es_ES","og_type":"article","og_title":"Los \u201cRayados\u201d del Valle ya son semifinalista en la sudamericana - ChasquiDeportivo","og_description":"Chasqui Deportivo | Informaci\u00f3n y comunicaci\u00f3n, reportajes, noticias, entrevistas en el \u00e1rea del deporte local, nacional.","og_url":"https:\/\/chasquideportivo.com\/ecrt\/los-rayados-del-valle-ya-son-semifinalista-en-la-sudamericana\/","og_site_name":"ChasquiDeportivo","article_publisher":"https:\/\/www.facebook.com\/chasquideportivo","article_published_time":"2021-03-20T17:58:43+00:00","article_modified_time":"2021-03-20T20:07:30+00:00","author":"kollage","twitter_card":"summary_large_image","twitter_creator":"@chasquidep","twitter_site":"@chasquidep","twitter_misc":{"Escrito por":"kollage","Tiempo de lectura":"3 minutos"},"schema":{"@context":"https:\/\/schema.org","@graph":[{"@type":"Article","@id":"https:\/\/chasquideportivo.com\/ecrt\/los-rayados-del-valle-ya-son-semifinalista-en-la-sudamericana\/#article","isPartOf":{"@id":"https:\/\/chasquideportivo.com\/ecrt\/los-rayados-del-valle-ya-son-semifinalista-en-la-sudamericana\/"},"author":{"name":"kollage","@id":"https:\/\/chasquideportivo.com\/ecrt\/#\/schema\/person\/d9e229fabae4c1e3f82cf66d802ca7b6"},"headline":"Los \u201cRayados\u201d del Valle ya son semifinalista en la sudamericana","datePublished":"2021-03-20T17:58:43+00:00","dateModified":"2021-03-20T20:07:30+00:00","mainEntityOfPage":{"@id":"https:\/\/chasquideportivo.com\/ecrt\/los-rayados-del-valle-ya-son-semifinalista-en-la-sudamericana\/"},"wordCount":641,"commentCount":0,"publisher":{"@id":"https:\/\/chasquideportivo.com\/ecrt\/#organization"},"keywords":["2018","2019","2020","2021","actividad deportiva","barriales","barrio","chasqui","chasqui deportivo","deporte","deporte barrial ecuatoriano","deportistas","deportivo","deportivos","dirigentcia","dirigentes","ecuador","ecuatorianas","ecuatoriano","ecuatorianos","futbol","futbolistas","ligas","ligas barriales ecuador","pa\u00eds","quito"],"articleSection":["Golazo"],"inLanguage":"es","potentialAction":[{"@type":"CommentAction","name":"Comment","target":["https:\/\/chasquideportivo.com\/ecrt\/los-rayados-del-valle-ya-son-semifinalista-en-la-sudamericana\/#respond"]}]},{"@type":"WebPage","@id":"https:\/\/chasquideportivo.com\/ecrt\/los-rayados-del-valle-ya-son-semifinalista-en-la-sudamericana\/","url":"https:\/\/chasquideportivo.com\/ecrt\/los-rayados-del-valle-ya-son-semifinalista-en-la-sudamericana\/","name":"Los \u201cRayados\u201d del Valle ya son semifinalista en la sudamericana - ChasquiDeportivo","isPartOf":{"@id":"https:\/\/chasquideportivo.com\/ecrt\/#website"},"datePublished":"2021-03-20T17:58:43+00:00","dateModified":"2021-03-20T20:07:30+00:00","description":"Chasqui Deportivo | Informaci\u00f3n y comunicaci\u00f3n, reportajes, noticias, entrevistas en el \u00e1rea del deporte local, nacional.","breadcrumb":{"@id":"https:\/\/chasquideportivo.com\/ecrt\/los-rayados-del-valle-ya-son-semifinalista-en-la-sudamericana\/#breadcrumb"},"inLanguage":"es","potentialAction":[{"@type":"ReadAction","target":["https:\/\/chasquideportivo.com\/ecrt\/los-rayados-del-valle-ya-son-semifinalista-en-la-sudamericana\/"]}]},{"@type":"BreadcrumbList","@id":"https:\/\/chasquideportivo.com\/ecrt\/los-rayados-del-valle-ya-son-semifinalista-en-la-sudamericana\/#breadcrumb","itemListElement":[{"@type":"ListItem","position":1,"name":"Portada | Chasqui Deportivo","item":"https:\/\/chasquideportivo.com\/ecrt\/"},{"@type":"ListItem","position":2,"name":"Archivo","item":"https:\/\/chasquideportivo.com\/ecrt\/category\/archivo\/"},{"@type":"ListItem","position":3,"name":"Golazo","item":"https:\/\/chasquideportivo.com\/ecrt\/category\/archivo\/golazo\/"},{"@type":"ListItem","position":4,"name":"Los \u201cRayados\u201d del Valle ya son semifinalista en la sudamericana"}]},{"@type":"WebSite","@id":"https:\/\/chasquideportivo.com\/ecrt\/#website","url":"https:\/\/chasquideportivo.com\/ecrt\/","name":"ChasquiDeportivo","description":"Informaci&oacute;n y comunicaci&oacute;n, reportajes, noticias, entrevistas en el &aacute;rea del deporte local, nacional.","publisher":{"@id":"https:\/\/chasquideportivo.com\/ecrt\/#organization"},"potentialAction":[{"@type":"SearchAction","target":{"@type":"EntryPoint","urlTemplate":"https:\/\/chasquideportivo.com\/ecrt\/?s={search_term_string}"},"query-input":{"@type":"PropertyValueSpecification","valueRequired":true,"valueName":"search_term_string"}}],"inLanguage":"es"},{"@type":"Organization","@id":"https:\/\/chasquideportivo.com\/ecrt\/#organization","name":"Chasqui Deportivo","url":"https:\/\/chasquideportivo.com\/ecrt\/","logo":{"@type":"ImageObject","inLanguage":"es","@id":"https:\/\/chasquideportivo.com\/ecrt\/#\/schema\/logo\/image\/","url":"https:\/\/chasquideportivo.com\/ecrt\/wp-content\/uploads\/2022\/01\/logo-vertical.jpg","contentUrl":"https:\/\/chasquideportivo.com\/ecrt\/wp-content\/uploads\/2022\/01\/logo-vertical.jpg","width":612,"height":750,"caption":"Chasqui Deportivo"},"image":{"@id":"https:\/\/chasquideportivo.com\/ecrt\/#\/schema\/logo\/image\/"},"sameAs":["https:\/\/www.facebook.com\/chasquideportivo","https:\/\/x.com\/chasquidep","https:\/\/www.instagram.com\/chasquideportivo.ec","https:\/\/www.youtube.com\/channel\/UCGY8M-csHuxJuGRt4XrV90Q"]},{"@type":"Person","@id":"https:\/\/chasquideportivo.com\/ecrt\/#\/schema\/person\/d9e229fabae4c1e3f82cf66d802ca7b6","name":"kollage","image":{"@type":"ImageObject","inLanguage":"es","@id":"https:\/\/secure.gravatar.com\/avatar\/69b5388bf21dfca5434ca100f351036f1fbff72ba519ef8157b31bcc7fbfbb18?s=96&d=mm&r=g","url":"https:\/\/secure.gravatar.com\/avatar\/69b5388bf21dfca5434ca100f351036f1fbff72ba519ef8157b31bcc7fbfbb18?s=96&d=mm&r=g","contentUrl":"https:\/\/secure.gravatar.com\/avatar\/69b5388bf21dfca5434ca100f351036f1fbff72ba519ef8157b31bcc7fbfbb18?s=96&d=mm&r=g","caption":"kollage"},"sameAs":["https:\/\/chasquideportivo.com\/ecrt"],"url":"https:\/\/chasquideportivo.com\/ecrt\/author\/kollage\/"}]}},"_links":{"self":[{"href":"https:\/\/chasquideportivo.com\/ecrt\/wp-json\/wp\/v2\/posts\/4988","targetHints":{"allow":["GET"]}}],"collection":[{"href":"https:\/\/chasquideportivo.com\/ecrt\/wp-json\/wp\/v2\/posts"}],"about":[{"href":"https:\/\/chasquideportivo.com\/ecrt\/wp-json\/wp\/v2\/types\/post"}],"author":[{"embeddable":true,"href":"https:\/\/chasquideportivo.com\/ecrt\/wp-json\/wp\/v2\/users\/1"}],"replies":[{"embeddable":true,"href":"https:\/\/chasquideportivo.com\/ecrt\/wp-json\/wp\/v2\/comments?post=4988"}],"version-history":[{"count":1,"href":"https:\/\/chasquideportivo.com\/ecrt\/wp-json\/wp\/v2\/posts\/4988\/revisions"}],"predecessor-version":[{"id":6710,"href":"https:\/\/chasquideportivo.com\/ecrt\/wp-json\/wp\/v2\/posts\/4988\/revisions\/6710"}],"wp:attachment":[{"href":"https:\/\/chasquideportivo.com\/ecrt\/wp-json\/wp\/v2\/media?parent=4988"}],"wp:term":[{"taxonomy":"category","embeddable":true,"href":"https:\/\/chasquideportivo.com\/ecrt\/wp-json\/wp\/v2\/categories?post=4988"},{"taxonomy":"post_tag","embeddable":true,"href":"https:\/\/chasquideportivo.com\/ecrt\/wp-json\/wp\/v2\/tags?post=4988"}],"curies":[{"name":"wp","href":"https:\/\/api.w.org\/{rel}","templated":true}]}}