{"id":4919,"date":"2021-03-20T17:58:35","date_gmt":"2021-03-20T17:58:35","guid":{"rendered":"https:\/\/chasquideportivo.com\/ecrt\/2021\/03\/20\/jorge-celico-tiene-una-pre-lista-para-los-juegos-panamericanos\/"},"modified":"2021-03-20T20:08:11","modified_gmt":"2021-03-20T20:08:11","slug":"jorge-celico-tiene-una-pre-lista-para-los-juegos-panamericanos","status":"publish","type":"post","link":"https:\/\/chasquideportivo.com\/ecrt\/jorge-celico-tiene-una-pre-lista-para-los-juegos-panamericanos\/","title":{"rendered":"Jorge C\u00e9lico tiene una pre-lista para los Juegos Panamericanos"},"content":{"rendered":"<p>La&nbsp;Selecci\u00f3n Sub 23, dirigida por Jorge C\u00e9lico, contin\u00faa prepar\u00e1ndose para los Juegos Panamericanos de Lima. La competencia de f\u00fatbol se disputar\u00e1 del 29 de julio al 10 de agosto.&nbsp;<\/p>\n<p> La \u2018Mini Tri\u2019 ha conseguido m\u00e1s exitosa de toda la historia del f\u00fatbol ecuatoriano. El 10 de febrero consiguieron el primer t\u00edtulo FIFA para Ecuador al ganar el Campeonato Sudamericano Sub 20 en Chile. Este esfuerzo signific\u00f3 la clasificaci\u00f3n al Mundial de la categor\u00eda en Polonia y a los Juegos Panamericanos en Per\u00fa. Posteriormente llegaron a las semifinales del Mundial, otro hecho hist\u00f3rico para el pa\u00eds, y regresaron con la medalla de bronce.&nbsp;<br \/> La lista de los 18 jugadores cuenta con la base de los futbolistas que fueron a Polonia, m\u00e1s algunas nuevas caras de equipos nacionales. C\u00e9lico coment\u00f3 que no pudo traer a aquellos deportistas que se encuentran en conjuntos del extranjero.&nbsp;<\/p>\n<p> Varios jugadores que actuaron en el Mundial son parte de la delegaci\u00f3n: Jordy Alc\u00edvar, Gustavo Vallecilla, Jose Cifuentes, Jordan Rezabala y Leonardo Campana. Sergio Quintero y Luis Castillo tambi\u00e9n tuvieron minutos en el cotejo. &nbsp;C\u00e9lico coment\u00f3 sobre la ausencia de jugadores de Emelec y El Nacional en la convocatoria.&nbsp;<\/p>\n<p> La \u2018Mini Tri\u2019 conformar\u00e1 el grupo B de los Panamericanos, junto a Argentina, M\u00e9xico y Panam\u00e1. Los dos primeros de cada grupo avanzar\u00e1n a la siguiente fase. Ecuador ya supo ser campe\u00f3n de este certamen en 2007, bajo el mando de Sixto Vizuete.<strong>&nbsp;<\/strong><br \/> &nbsp;<\/p>\n<p><strong>Lista por confirmar para los Juegos Panamericanos&nbsp;<\/strong><\/p>\n<p><strong>Arqueros<\/strong><br \/> \u00b0 &nbsp;Jos\u00e9 Cevallos&nbsp;&nbsp; &nbsp;&nbsp;&nbsp; &nbsp;Am\u00e9rica de Quito<br \/> \u00b0 &nbsp;Johan Lara&nbsp;&nbsp; &nbsp;&nbsp;&nbsp; &nbsp;S.D. Aucas<\/p>\n<p><strong>Defensas<\/strong><br \/> \u00b0 &nbsp;Bryan Carabal\u00ed&nbsp;&nbsp; &nbsp;&nbsp;&nbsp; &nbsp;Deportivo Cuenca<br \/> \u00b0 &nbsp;Luis Castillo&nbsp;&nbsp; &nbsp;&nbsp;&nbsp; &nbsp;D. Puerto Quito<br \/> \u00b0 &nbsp;Kevin Minda&nbsp;&nbsp; &nbsp;&nbsp;&nbsp; &nbsp;L.D.U. Quito<br \/> \u00b0 &nbsp;Joao Qui\u00f1\u00f3nez&nbsp;&nbsp; &nbsp;&nbsp;&nbsp; &nbsp;Toreros F.C.&nbsp;<\/p>\n<p><strong>Volantes<\/strong><br \/> \u00b0 &nbsp;Jordy Alc\u00edvar&nbsp;&nbsp; &nbsp;&nbsp;&nbsp;&nbsp;L.D.U. Quito<br \/> \u00b0 &nbsp;Jefferson Arce&nbsp;&nbsp; &nbsp;&nbsp;L.D.U. Quito<br \/> \u00b0 &nbsp;Jos\u00e9 Cifuentes &nbsp;&nbsp; &nbsp;Am\u00e9rica de Quito<br \/> \u00b0 &nbsp;Luis Estupi\u00f1\u00e1n&nbsp;&nbsp; &nbsp;&nbsp;Mushuc Runa S.C.&nbsp;<br \/> \u00b0 &nbsp;Bryan Hern\u00e1ndez&nbsp; Am\u00e9rica de Quito<br \/> \u00b0 &nbsp;Sergio Quintero&nbsp;&nbsp; &nbsp;&nbsp;Imbabura S.C.<br \/> \u00b0 &nbsp;Jordan Rezabala&nbsp;&nbsp; Independiente Jrs.&nbsp;<br \/> \u00b0 &nbsp;Daniel Segura&nbsp;&nbsp; &nbsp;&nbsp;&nbsp; &nbsp;Am\u00e9rica de Quito<br \/> \u00b0 &nbsp;Gustavo Vallecilla&nbsp;&nbsp;S.D. Aucas<br \/> \u00b0 &nbsp;Janus Vivar&nbsp; &nbsp; &nbsp; &nbsp; &nbsp; &nbsp; &nbsp;Am\u00e9rica<\/p>\n<p> <strong>Delanteros<\/strong><br \/> \u00b0 &nbsp;Leonardo Campana&nbsp;&nbsp; &nbsp; &nbsp;Barcelona S.C.<br \/> \u00b0 &nbsp;Anderson Naula &nbsp; &nbsp; &nbsp; &nbsp;Guayaquil City F.C.&nbsp;<\/p>\n<p>2019-07-11 14:07:00<\/p>\n<p>Golazo<\/p>\n","protected":false},"excerpt":{"rendered":"<p>La&nbsp;Selecci\u00f3n Sub 23, dirigida por Jorge C\u00e9lico, contin\u00faa prepar\u00e1ndose para los Juegos Panamericanos de Lima. La competencia de f\u00fatbol se disputar\u00e1 del 29 de julio al 10 de agosto.&nbsp; La \u2018Mini Tri\u2019 ha conseguido m\u00e1s exitosa de toda la historia del f\u00fatbol ecuatoriano. El 10 de febrero consiguieron el primer t\u00edtulo FIFA para Ecuador al [&hellip;]<\/p>\n","protected":false},"author":1,"featured_media":0,"comment_status":"open","ping_status":"open","sticky":false,"template":"","format":"standard","meta":{"_et_pb_use_builder":"","_et_pb_old_content":"","_et_gb_content_width":"","footnotes":""},"categories":[18],"tags":[37,36,35,34,39,28,23,20,22,24,19,38,21,41,40,3,6,31,25,42,29,30,27,26,33,32],"class_list":["post-4919","post","type-post","status-publish","format-standard","hentry","category-golazo","tag-37","tag-36","tag-35","tag-34","tag-actividad-deportiva","tag-barriales","tag-barrio","tag-chasqui","tag-chasqui-deportivo","tag-deporte","tag-deporte-barrial-ecuatoriano","tag-deportistas","tag-deportivo","tag-deportivos","tag-dirigentcia","tag-dirigentes","tag-ecuador","tag-ecuatorianas","tag-ecuatoriano","tag-ecuatorianos","tag-futbol","tag-futbolistas","tag-ligas","tag-ligas-barriales-ecuador","tag-pais","tag-quito"],"yoast_head":"<!-- This site is optimized with the Yoast SEO plugin v27.5 - https:\/\/yoast.com\/product\/yoast-seo-wordpress\/ -->\n<title>Jorge C\u00e9lico tiene una pre-lista para los Juegos Panamericanos - ChasquiDeportivo<\/title>\n<meta name=\"description\" content=\"Chasqui Deportivo | Informaci\u00f3n y comunicaci\u00f3n, reportajes, noticias, entrevistas en el \u00e1rea del deporte local, nacional.\" \/>\n<meta name=\"robots\" content=\"index, follow, max-snippet:-1, max-image-preview:large, max-video-preview:-1\" \/>\n<link rel=\"canonical\" href=\"https:\/\/chasquideportivo.com\/ecrt\/jorge-celico-tiene-una-pre-lista-para-los-juegos-panamericanos\/\" \/>\n<meta property=\"og:locale\" content=\"es_ES\" \/>\n<meta property=\"og:type\" content=\"article\" \/>\n<meta property=\"og:title\" content=\"Jorge C\u00e9lico tiene una pre-lista para los Juegos Panamericanos - ChasquiDeportivo\" \/>\n<meta property=\"og:description\" content=\"Chasqui Deportivo | Informaci\u00f3n y comunicaci\u00f3n, reportajes, noticias, entrevistas en el \u00e1rea del deporte local, nacional.\" \/>\n<meta property=\"og:url\" content=\"https:\/\/chasquideportivo.com\/ecrt\/jorge-celico-tiene-una-pre-lista-para-los-juegos-panamericanos\/\" \/>\n<meta property=\"og:site_name\" content=\"ChasquiDeportivo\" \/>\n<meta property=\"article:publisher\" content=\"https:\/\/www.facebook.com\/chasquideportivo\" \/>\n<meta property=\"article:published_time\" content=\"2021-03-20T17:58:35+00:00\" \/>\n<meta property=\"article:modified_time\" content=\"2021-03-20T20:08:11+00:00\" \/>\n<meta name=\"author\" content=\"kollage\" \/>\n<meta name=\"twitter:card\" content=\"summary_large_image\" \/>\n<meta name=\"twitter:creator\" content=\"@chasquidep\" \/>\n<meta name=\"twitter:site\" content=\"@chasquidep\" \/>\n<meta name=\"twitter:label1\" content=\"Escrito por\" \/>\n\t<meta name=\"twitter:data1\" content=\"kollage\" \/>\n\t<meta name=\"twitter:label2\" content=\"Tiempo de lectura\" \/>\n\t<meta name=\"twitter:data2\" content=\"2 minutos\" \/>\n<script type=\"application\/ld+json\" class=\"yoast-schema-graph\">{\"@context\":\"https:\\\/\\\/schema.org\",\"@graph\":[{\"@type\":\"Article\",\"@id\":\"https:\\\/\\\/chasquideportivo.com\\\/ecrt\\\/jorge-celico-tiene-una-pre-lista-para-los-juegos-panamericanos\\\/#article\",\"isPartOf\":{\"@id\":\"https:\\\/\\\/chasquideportivo.com\\\/ecrt\\\/jorge-celico-tiene-una-pre-lista-para-los-juegos-panamericanos\\\/\"},\"author\":{\"name\":\"kollage\",\"@id\":\"https:\\\/\\\/chasquideportivo.com\\\/ecrt\\\/#\\\/schema\\\/person\\\/d9e229fabae4c1e3f82cf66d802ca7b6\"},\"headline\":\"Jorge C\u00e9lico tiene una pre-lista para los Juegos Panamericanos\",\"datePublished\":\"2021-03-20T17:58:35+00:00\",\"dateModified\":\"2021-03-20T20:08:11+00:00\",\"mainEntityOfPage\":{\"@id\":\"https:\\\/\\\/chasquideportivo.com\\\/ecrt\\\/jorge-celico-tiene-una-pre-lista-para-los-juegos-panamericanos\\\/\"},\"wordCount\":487,\"commentCount\":0,\"publisher\":{\"@id\":\"https:\\\/\\\/chasquideportivo.com\\\/ecrt\\\/#organization\"},\"keywords\":[\"2018\",\"2019\",\"2020\",\"2021\",\"actividad deportiva\",\"barriales\",\"barrio\",\"chasqui\",\"chasqui deportivo\",\"deporte\",\"deporte barrial ecuatoriano\",\"deportistas\",\"deportivo\",\"deportivos\",\"dirigentcia\",\"dirigentes\",\"ecuador\",\"ecuatorianas\",\"ecuatoriano\",\"ecuatorianos\",\"futbol\",\"futbolistas\",\"ligas\",\"ligas barriales ecuador\",\"pa\u00eds\",\"quito\"],\"articleSection\":[\"Golazo\"],\"inLanguage\":\"es\",\"potentialAction\":[{\"@type\":\"CommentAction\",\"name\":\"Comment\",\"target\":[\"https:\\\/\\\/chasquideportivo.com\\\/ecrt\\\/jorge-celico-tiene-una-pre-lista-para-los-juegos-panamericanos\\\/#respond\"]}]},{\"@type\":\"WebPage\",\"@id\":\"https:\\\/\\\/chasquideportivo.com\\\/ecrt\\\/jorge-celico-tiene-una-pre-lista-para-los-juegos-panamericanos\\\/\",\"url\":\"https:\\\/\\\/chasquideportivo.com\\\/ecrt\\\/jorge-celico-tiene-una-pre-lista-para-los-juegos-panamericanos\\\/\",\"name\":\"Jorge C\u00e9lico tiene una pre-lista para los Juegos Panamericanos - ChasquiDeportivo\",\"isPartOf\":{\"@id\":\"https:\\\/\\\/chasquideportivo.com\\\/ecrt\\\/#website\"},\"datePublished\":\"2021-03-20T17:58:35+00:00\",\"dateModified\":\"2021-03-20T20:08:11+00:00\",\"description\":\"Chasqui Deportivo | Informaci\u00f3n y comunicaci\u00f3n, reportajes, noticias, entrevistas en el \u00e1rea del deporte local, nacional.\",\"breadcrumb\":{\"@id\":\"https:\\\/\\\/chasquideportivo.com\\\/ecrt\\\/jorge-celico-tiene-una-pre-lista-para-los-juegos-panamericanos\\\/#breadcrumb\"},\"inLanguage\":\"es\",\"potentialAction\":[{\"@type\":\"ReadAction\",\"target\":[\"https:\\\/\\\/chasquideportivo.com\\\/ecrt\\\/jorge-celico-tiene-una-pre-lista-para-los-juegos-panamericanos\\\/\"]}]},{\"@type\":\"BreadcrumbList\",\"@id\":\"https:\\\/\\\/chasquideportivo.com\\\/ecrt\\\/jorge-celico-tiene-una-pre-lista-para-los-juegos-panamericanos\\\/#breadcrumb\",\"itemListElement\":[{\"@type\":\"ListItem\",\"position\":1,\"name\":\"Portada | Chasqui Deportivo\",\"item\":\"https:\\\/\\\/chasquideportivo.com\\\/ecrt\\\/\"},{\"@type\":\"ListItem\",\"position\":2,\"name\":\"Archivo\",\"item\":\"https:\\\/\\\/chasquideportivo.com\\\/ecrt\\\/category\\\/archivo\\\/\"},{\"@type\":\"ListItem\",\"position\":3,\"name\":\"Golazo\",\"item\":\"https:\\\/\\\/chasquideportivo.com\\\/ecrt\\\/category\\\/archivo\\\/golazo\\\/\"},{\"@type\":\"ListItem\",\"position\":4,\"name\":\"Jorge C\u00e9lico tiene una pre-lista para los Juegos Panamericanos\"}]},{\"@type\":\"WebSite\",\"@id\":\"https:\\\/\\\/chasquideportivo.com\\\/ecrt\\\/#website\",\"url\":\"https:\\\/\\\/chasquideportivo.com\\\/ecrt\\\/\",\"name\":\"ChasquiDeportivo\",\"description\":\"Informaci&oacute;n y comunicaci&oacute;n, reportajes, noticias, entrevistas en el &aacute;rea del deporte local, nacional.\",\"publisher\":{\"@id\":\"https:\\\/\\\/chasquideportivo.com\\\/ecrt\\\/#organization\"},\"potentialAction\":[{\"@type\":\"SearchAction\",\"target\":{\"@type\":\"EntryPoint\",\"urlTemplate\":\"https:\\\/\\\/chasquideportivo.com\\\/ecrt\\\/?s={search_term_string}\"},\"query-input\":{\"@type\":\"PropertyValueSpecification\",\"valueRequired\":true,\"valueName\":\"search_term_string\"}}],\"inLanguage\":\"es\"},{\"@type\":\"Organization\",\"@id\":\"https:\\\/\\\/chasquideportivo.com\\\/ecrt\\\/#organization\",\"name\":\"Chasqui Deportivo\",\"url\":\"https:\\\/\\\/chasquideportivo.com\\\/ecrt\\\/\",\"logo\":{\"@type\":\"ImageObject\",\"inLanguage\":\"es\",\"@id\":\"https:\\\/\\\/chasquideportivo.com\\\/ecrt\\\/#\\\/schema\\\/logo\\\/image\\\/\",\"url\":\"https:\\\/\\\/chasquideportivo.com\\\/ecrt\\\/wp-content\\\/uploads\\\/2022\\\/01\\\/logo-vertical.jpg\",\"contentUrl\":\"https:\\\/\\\/chasquideportivo.com\\\/ecrt\\\/wp-content\\\/uploads\\\/2022\\\/01\\\/logo-vertical.jpg\",\"width\":612,\"height\":750,\"caption\":\"Chasqui Deportivo\"},\"image\":{\"@id\":\"https:\\\/\\\/chasquideportivo.com\\\/ecrt\\\/#\\\/schema\\\/logo\\\/image\\\/\"},\"sameAs\":[\"https:\\\/\\\/www.facebook.com\\\/chasquideportivo\",\"https:\\\/\\\/x.com\\\/chasquidep\",\"https:\\\/\\\/www.instagram.com\\\/chasquideportivo.ec\",\"https:\\\/\\\/www.youtube.com\\\/channel\\\/UCGY8M-csHuxJuGRt4XrV90Q\"]},{\"@type\":\"Person\",\"@id\":\"https:\\\/\\\/chasquideportivo.com\\\/ecrt\\\/#\\\/schema\\\/person\\\/d9e229fabae4c1e3f82cf66d802ca7b6\",\"name\":\"kollage\",\"image\":{\"@type\":\"ImageObject\",\"inLanguage\":\"es\",\"@id\":\"https:\\\/\\\/secure.gravatar.com\\\/avatar\\\/69b5388bf21dfca5434ca100f351036f1fbff72ba519ef8157b31bcc7fbfbb18?s=96&d=mm&r=g\",\"url\":\"https:\\\/\\\/secure.gravatar.com\\\/avatar\\\/69b5388bf21dfca5434ca100f351036f1fbff72ba519ef8157b31bcc7fbfbb18?s=96&d=mm&r=g\",\"contentUrl\":\"https:\\\/\\\/secure.gravatar.com\\\/avatar\\\/69b5388bf21dfca5434ca100f351036f1fbff72ba519ef8157b31bcc7fbfbb18?s=96&d=mm&r=g\",\"caption\":\"kollage\"},\"sameAs\":[\"https:\\\/\\\/chasquideportivo.com\\\/ecrt\"],\"url\":\"https:\\\/\\\/chasquideportivo.com\\\/ecrt\\\/author\\\/kollage\\\/\"}]}<\/script>\n<!-- \/ Yoast SEO plugin. -->","yoast_head_json":{"title":"Jorge C\u00e9lico tiene una pre-lista para los Juegos Panamericanos - ChasquiDeportivo","description":"Chasqui Deportivo | Informaci\u00f3n y comunicaci\u00f3n, reportajes, noticias, entrevistas en el \u00e1rea del deporte local, nacional.","robots":{"index":"index","follow":"follow","max-snippet":"max-snippet:-1","max-image-preview":"max-image-preview:large","max-video-preview":"max-video-preview:-1"},"canonical":"https:\/\/chasquideportivo.com\/ecrt\/jorge-celico-tiene-una-pre-lista-para-los-juegos-panamericanos\/","og_locale":"es_ES","og_type":"article","og_title":"Jorge C\u00e9lico tiene una pre-lista para los Juegos Panamericanos - ChasquiDeportivo","og_description":"Chasqui Deportivo | Informaci\u00f3n y comunicaci\u00f3n, reportajes, noticias, entrevistas en el \u00e1rea del deporte local, nacional.","og_url":"https:\/\/chasquideportivo.com\/ecrt\/jorge-celico-tiene-una-pre-lista-para-los-juegos-panamericanos\/","og_site_name":"ChasquiDeportivo","article_publisher":"https:\/\/www.facebook.com\/chasquideportivo","article_published_time":"2021-03-20T17:58:35+00:00","article_modified_time":"2021-03-20T20:08:11+00:00","author":"kollage","twitter_card":"summary_large_image","twitter_creator":"@chasquidep","twitter_site":"@chasquidep","twitter_misc":{"Escrito por":"kollage","Tiempo de lectura":"2 minutos"},"schema":{"@context":"https:\/\/schema.org","@graph":[{"@type":"Article","@id":"https:\/\/chasquideportivo.com\/ecrt\/jorge-celico-tiene-una-pre-lista-para-los-juegos-panamericanos\/#article","isPartOf":{"@id":"https:\/\/chasquideportivo.com\/ecrt\/jorge-celico-tiene-una-pre-lista-para-los-juegos-panamericanos\/"},"author":{"name":"kollage","@id":"https:\/\/chasquideportivo.com\/ecrt\/#\/schema\/person\/d9e229fabae4c1e3f82cf66d802ca7b6"},"headline":"Jorge C\u00e9lico tiene una pre-lista para los Juegos Panamericanos","datePublished":"2021-03-20T17:58:35+00:00","dateModified":"2021-03-20T20:08:11+00:00","mainEntityOfPage":{"@id":"https:\/\/chasquideportivo.com\/ecrt\/jorge-celico-tiene-una-pre-lista-para-los-juegos-panamericanos\/"},"wordCount":487,"commentCount":0,"publisher":{"@id":"https:\/\/chasquideportivo.com\/ecrt\/#organization"},"keywords":["2018","2019","2020","2021","actividad deportiva","barriales","barrio","chasqui","chasqui deportivo","deporte","deporte barrial ecuatoriano","deportistas","deportivo","deportivos","dirigentcia","dirigentes","ecuador","ecuatorianas","ecuatoriano","ecuatorianos","futbol","futbolistas","ligas","ligas barriales ecuador","pa\u00eds","quito"],"articleSection":["Golazo"],"inLanguage":"es","potentialAction":[{"@type":"CommentAction","name":"Comment","target":["https:\/\/chasquideportivo.com\/ecrt\/jorge-celico-tiene-una-pre-lista-para-los-juegos-panamericanos\/#respond"]}]},{"@type":"WebPage","@id":"https:\/\/chasquideportivo.com\/ecrt\/jorge-celico-tiene-una-pre-lista-para-los-juegos-panamericanos\/","url":"https:\/\/chasquideportivo.com\/ecrt\/jorge-celico-tiene-una-pre-lista-para-los-juegos-panamericanos\/","name":"Jorge C\u00e9lico tiene una pre-lista para los Juegos Panamericanos - ChasquiDeportivo","isPartOf":{"@id":"https:\/\/chasquideportivo.com\/ecrt\/#website"},"datePublished":"2021-03-20T17:58:35+00:00","dateModified":"2021-03-20T20:08:11+00:00","description":"Chasqui Deportivo | Informaci\u00f3n y comunicaci\u00f3n, reportajes, noticias, entrevistas en el \u00e1rea del deporte local, nacional.","breadcrumb":{"@id":"https:\/\/chasquideportivo.com\/ecrt\/jorge-celico-tiene-una-pre-lista-para-los-juegos-panamericanos\/#breadcrumb"},"inLanguage":"es","potentialAction":[{"@type":"ReadAction","target":["https:\/\/chasquideportivo.com\/ecrt\/jorge-celico-tiene-una-pre-lista-para-los-juegos-panamericanos\/"]}]},{"@type":"BreadcrumbList","@id":"https:\/\/chasquideportivo.com\/ecrt\/jorge-celico-tiene-una-pre-lista-para-los-juegos-panamericanos\/#breadcrumb","itemListElement":[{"@type":"ListItem","position":1,"name":"Portada | Chasqui Deportivo","item":"https:\/\/chasquideportivo.com\/ecrt\/"},{"@type":"ListItem","position":2,"name":"Archivo","item":"https:\/\/chasquideportivo.com\/ecrt\/category\/archivo\/"},{"@type":"ListItem","position":3,"name":"Golazo","item":"https:\/\/chasquideportivo.com\/ecrt\/category\/archivo\/golazo\/"},{"@type":"ListItem","position":4,"name":"Jorge C\u00e9lico tiene una pre-lista para los Juegos Panamericanos"}]},{"@type":"WebSite","@id":"https:\/\/chasquideportivo.com\/ecrt\/#website","url":"https:\/\/chasquideportivo.com\/ecrt\/","name":"ChasquiDeportivo","description":"Informaci&oacute;n y comunicaci&oacute;n, reportajes, noticias, entrevistas en el &aacute;rea del deporte local, nacional.","publisher":{"@id":"https:\/\/chasquideportivo.com\/ecrt\/#organization"},"potentialAction":[{"@type":"SearchAction","target":{"@type":"EntryPoint","urlTemplate":"https:\/\/chasquideportivo.com\/ecrt\/?s={search_term_string}"},"query-input":{"@type":"PropertyValueSpecification","valueRequired":true,"valueName":"search_term_string"}}],"inLanguage":"es"},{"@type":"Organization","@id":"https:\/\/chasquideportivo.com\/ecrt\/#organization","name":"Chasqui Deportivo","url":"https:\/\/chasquideportivo.com\/ecrt\/","logo":{"@type":"ImageObject","inLanguage":"es","@id":"https:\/\/chasquideportivo.com\/ecrt\/#\/schema\/logo\/image\/","url":"https:\/\/chasquideportivo.com\/ecrt\/wp-content\/uploads\/2022\/01\/logo-vertical.jpg","contentUrl":"https:\/\/chasquideportivo.com\/ecrt\/wp-content\/uploads\/2022\/01\/logo-vertical.jpg","width":612,"height":750,"caption":"Chasqui Deportivo"},"image":{"@id":"https:\/\/chasquideportivo.com\/ecrt\/#\/schema\/logo\/image\/"},"sameAs":["https:\/\/www.facebook.com\/chasquideportivo","https:\/\/x.com\/chasquidep","https:\/\/www.instagram.com\/chasquideportivo.ec","https:\/\/www.youtube.com\/channel\/UCGY8M-csHuxJuGRt4XrV90Q"]},{"@type":"Person","@id":"https:\/\/chasquideportivo.com\/ecrt\/#\/schema\/person\/d9e229fabae4c1e3f82cf66d802ca7b6","name":"kollage","image":{"@type":"ImageObject","inLanguage":"es","@id":"https:\/\/secure.gravatar.com\/avatar\/69b5388bf21dfca5434ca100f351036f1fbff72ba519ef8157b31bcc7fbfbb18?s=96&d=mm&r=g","url":"https:\/\/secure.gravatar.com\/avatar\/69b5388bf21dfca5434ca100f351036f1fbff72ba519ef8157b31bcc7fbfbb18?s=96&d=mm&r=g","contentUrl":"https:\/\/secure.gravatar.com\/avatar\/69b5388bf21dfca5434ca100f351036f1fbff72ba519ef8157b31bcc7fbfbb18?s=96&d=mm&r=g","caption":"kollage"},"sameAs":["https:\/\/chasquideportivo.com\/ecrt"],"url":"https:\/\/chasquideportivo.com\/ecrt\/author\/kollage\/"}]}},"_links":{"self":[{"href":"https:\/\/chasquideportivo.com\/ecrt\/wp-json\/wp\/v2\/posts\/4919","targetHints":{"allow":["GET"]}}],"collection":[{"href":"https:\/\/chasquideportivo.com\/ecrt\/wp-json\/wp\/v2\/posts"}],"about":[{"href":"https:\/\/chasquideportivo.com\/ecrt\/wp-json\/wp\/v2\/types\/post"}],"author":[{"embeddable":true,"href":"https:\/\/chasquideportivo.com\/ecrt\/wp-json\/wp\/v2\/users\/1"}],"replies":[{"embeddable":true,"href":"https:\/\/chasquideportivo.com\/ecrt\/wp-json\/wp\/v2\/comments?post=4919"}],"version-history":[{"count":1,"href":"https:\/\/chasquideportivo.com\/ecrt\/wp-json\/wp\/v2\/posts\/4919\/revisions"}],"predecessor-version":[{"id":6801,"href":"https:\/\/chasquideportivo.com\/ecrt\/wp-json\/wp\/v2\/posts\/4919\/revisions\/6801"}],"wp:attachment":[{"href":"https:\/\/chasquideportivo.com\/ecrt\/wp-json\/wp\/v2\/media?parent=4919"}],"wp:term":[{"taxonomy":"category","embeddable":true,"href":"https:\/\/chasquideportivo.com\/ecrt\/wp-json\/wp\/v2\/categories?post=4919"},{"taxonomy":"post_tag","embeddable":true,"href":"https:\/\/chasquideportivo.com\/ecrt\/wp-json\/wp\/v2\/tags?post=4919"}],"curies":[{"name":"wp","href":"https:\/\/api.w.org\/{rel}","templated":true}]}}