{"id":4878,"date":"2021-03-20T17:58:32","date_gmt":"2021-03-20T17:58:32","guid":{"rendered":"https:\/\/chasquideportivo.com\/ecrt\/2021\/03\/20\/lucia-vallecilla-comandara-en-nacional\/"},"modified":"2021-03-20T18:14:38","modified_gmt":"2021-03-20T18:14:38","slug":"lucia-vallecilla-comandara-en-nacional","status":"publish","type":"post","link":"https:\/\/chasquideportivo.com\/ecrt\/lucia-vallecilla-comandara-en-nacional\/","title":{"rendered":"Lucia Vallecilla comandar\u00e1 en Nacional"},"content":{"rendered":"<p>Las elecciones en Nacional se dieron sin mayores novedades. Los socios del equipo depositaron la confianza en la abogada Lucia Vallecilla para que dirija los destinos del cuadro criollo. Con un porcentaje del 56. 18, alcanz\u00f3 la presidencia de acuerdo al informe del presidente de la Comisi\u00f3n Electoral.<\/p>\n<p>Enrique Villamagua, presidente de la Comisi\u00f3n Electoral, inform\u00f3 la decisi\u00f3n de los socios para que dirija los destinos del equipo \u201cRojo\u201d, con un 56.16 de votantes eligieron a Lucia Vallecilla como presidenta del equipo de Nacional, represent\u00f3 a la lista 1, Nacho Coraz\u00f3n.<\/p>\n<p>El Dr. Washington Andrade alcanz\u00f3 el 43.84% de la votaci\u00f3n, lider\u00f3 al colectivo, Gente Roja. Nulos tuvo el 1.34 por ciento de la participaci\u00f3n de los socios que asistieron a votar en once ciudades del pa\u00eds. En las pr\u00f3ximas horas se dar\u00e1 conocer oficialmente los resultados ante los socios y la posesi\u00f3n de la nueva directiva de Nacional.<\/p>\n<p>&nbsp;&nbsp;<\/p>\n<p>2019-06-22 13:06:30<\/p>\n<p>Golazo<\/p>\n","protected":false},"excerpt":{"rendered":"<p>Las elecciones en Nacional se dieron sin mayores novedades. Los socios del equipo depositaron la confianza en la abogada Lucia Vallecilla para que dirija los destinos del cuadro criollo. Con un porcentaje del 56. 18, alcanz\u00f3 la presidencia de acuerdo al informe del presidente de la Comisi\u00f3n Electoral. Enrique Villamagua, presidente de la Comisi\u00f3n Electoral, [&hellip;]<\/p>\n","protected":false},"author":1,"featured_media":0,"comment_status":"open","ping_status":"open","sticky":false,"template":"","format":"standard","meta":{"_et_pb_use_builder":"","_et_pb_old_content":"","_et_gb_content_width":"","footnotes":""},"categories":[18],"tags":[37,36,35,34,39,28,23,20,22,24,19,38,21,41,40,3,6,31,25,42,29,30,27,26,33,32],"class_list":["post-4878","post","type-post","status-publish","format-standard","hentry","category-golazo","tag-37","tag-36","tag-35","tag-34","tag-actividad-deportiva","tag-barriales","tag-barrio","tag-chasqui","tag-chasqui-deportivo","tag-deporte","tag-deporte-barrial-ecuatoriano","tag-deportistas","tag-deportivo","tag-deportivos","tag-dirigentcia","tag-dirigentes","tag-ecuador","tag-ecuatorianas","tag-ecuatoriano","tag-ecuatorianos","tag-futbol","tag-futbolistas","tag-ligas","tag-ligas-barriales-ecuador","tag-pais","tag-quito"],"yoast_head":"<!-- This site is optimized with the Yoast SEO plugin v27.5 - https:\/\/yoast.com\/product\/yoast-seo-wordpress\/ -->\n<title>Lucia Vallecilla comandar\u00e1 en Nacional - ChasquiDeportivo<\/title>\n<meta name=\"description\" content=\"Chasqui Deportivo | Informaci\u00f3n y comunicaci\u00f3n, reportajes, noticias, entrevistas en el \u00e1rea del deporte local, nacional.\" \/>\n<meta name=\"robots\" content=\"index, follow, max-snippet:-1, max-image-preview:large, max-video-preview:-1\" \/>\n<link rel=\"canonical\" href=\"https:\/\/chasquideportivo.com\/ecrt\/lucia-vallecilla-comandara-en-nacional\/\" \/>\n<meta property=\"og:locale\" content=\"es_ES\" \/>\n<meta property=\"og:type\" content=\"article\" \/>\n<meta property=\"og:title\" content=\"Lucia Vallecilla comandar\u00e1 en Nacional - ChasquiDeportivo\" \/>\n<meta property=\"og:description\" content=\"Chasqui Deportivo | Informaci\u00f3n y comunicaci\u00f3n, reportajes, noticias, entrevistas en el \u00e1rea del deporte local, nacional.\" \/>\n<meta property=\"og:url\" content=\"https:\/\/chasquideportivo.com\/ecrt\/lucia-vallecilla-comandara-en-nacional\/\" \/>\n<meta property=\"og:site_name\" content=\"ChasquiDeportivo\" \/>\n<meta property=\"article:publisher\" content=\"https:\/\/www.facebook.com\/chasquideportivo\" \/>\n<meta property=\"article:published_time\" content=\"2021-03-20T17:58:32+00:00\" \/>\n<meta property=\"article:modified_time\" content=\"2021-03-20T18:14:38+00:00\" \/>\n<meta name=\"author\" content=\"kollage\" \/>\n<meta name=\"twitter:card\" content=\"summary_large_image\" \/>\n<meta name=\"twitter:creator\" content=\"@chasquidep\" \/>\n<meta name=\"twitter:site\" content=\"@chasquidep\" \/>\n<meta name=\"twitter:label1\" content=\"Escrito por\" \/>\n\t<meta name=\"twitter:data1\" content=\"kollage\" \/>\n\t<meta name=\"twitter:label2\" content=\"Tiempo de lectura\" \/>\n\t<meta name=\"twitter:data2\" content=\"1 minuto\" \/>\n<script type=\"application\/ld+json\" class=\"yoast-schema-graph\">{\"@context\":\"https:\\\/\\\/schema.org\",\"@graph\":[{\"@type\":\"Article\",\"@id\":\"https:\\\/\\\/chasquideportivo.com\\\/ecrt\\\/lucia-vallecilla-comandara-en-nacional\\\/#article\",\"isPartOf\":{\"@id\":\"https:\\\/\\\/chasquideportivo.com\\\/ecrt\\\/lucia-vallecilla-comandara-en-nacional\\\/\"},\"author\":{\"name\":\"kollage\",\"@id\":\"https:\\\/\\\/chasquideportivo.com\\\/ecrt\\\/#\\\/schema\\\/person\\\/d9e229fabae4c1e3f82cf66d802ca7b6\"},\"headline\":\"Lucia Vallecilla comandar\u00e1 en Nacional\",\"datePublished\":\"2021-03-20T17:58:32+00:00\",\"dateModified\":\"2021-03-20T18:14:38+00:00\",\"mainEntityOfPage\":{\"@id\":\"https:\\\/\\\/chasquideportivo.com\\\/ecrt\\\/lucia-vallecilla-comandara-en-nacional\\\/\"},\"wordCount\":162,\"commentCount\":0,\"publisher\":{\"@id\":\"https:\\\/\\\/chasquideportivo.com\\\/ecrt\\\/#organization\"},\"keywords\":[\"2018\",\"2019\",\"2020\",\"2021\",\"actividad deportiva\",\"barriales\",\"barrio\",\"chasqui\",\"chasqui deportivo\",\"deporte\",\"deporte barrial ecuatoriano\",\"deportistas\",\"deportivo\",\"deportivos\",\"dirigentcia\",\"dirigentes\",\"ecuador\",\"ecuatorianas\",\"ecuatoriano\",\"ecuatorianos\",\"futbol\",\"futbolistas\",\"ligas\",\"ligas barriales ecuador\",\"pa\u00eds\",\"quito\"],\"articleSection\":[\"Golazo\"],\"inLanguage\":\"es\",\"potentialAction\":[{\"@type\":\"CommentAction\",\"name\":\"Comment\",\"target\":[\"https:\\\/\\\/chasquideportivo.com\\\/ecrt\\\/lucia-vallecilla-comandara-en-nacional\\\/#respond\"]}]},{\"@type\":\"WebPage\",\"@id\":\"https:\\\/\\\/chasquideportivo.com\\\/ecrt\\\/lucia-vallecilla-comandara-en-nacional\\\/\",\"url\":\"https:\\\/\\\/chasquideportivo.com\\\/ecrt\\\/lucia-vallecilla-comandara-en-nacional\\\/\",\"name\":\"Lucia Vallecilla comandar\u00e1 en Nacional - ChasquiDeportivo\",\"isPartOf\":{\"@id\":\"https:\\\/\\\/chasquideportivo.com\\\/ecrt\\\/#website\"},\"datePublished\":\"2021-03-20T17:58:32+00:00\",\"dateModified\":\"2021-03-20T18:14:38+00:00\",\"description\":\"Chasqui Deportivo | Informaci\u00f3n y comunicaci\u00f3n, reportajes, noticias, entrevistas en el \u00e1rea del deporte local, nacional.\",\"breadcrumb\":{\"@id\":\"https:\\\/\\\/chasquideportivo.com\\\/ecrt\\\/lucia-vallecilla-comandara-en-nacional\\\/#breadcrumb\"},\"inLanguage\":\"es\",\"potentialAction\":[{\"@type\":\"ReadAction\",\"target\":[\"https:\\\/\\\/chasquideportivo.com\\\/ecrt\\\/lucia-vallecilla-comandara-en-nacional\\\/\"]}]},{\"@type\":\"BreadcrumbList\",\"@id\":\"https:\\\/\\\/chasquideportivo.com\\\/ecrt\\\/lucia-vallecilla-comandara-en-nacional\\\/#breadcrumb\",\"itemListElement\":[{\"@type\":\"ListItem\",\"position\":1,\"name\":\"Portada | Chasqui Deportivo\",\"item\":\"https:\\\/\\\/chasquideportivo.com\\\/ecrt\\\/\"},{\"@type\":\"ListItem\",\"position\":2,\"name\":\"Archivo\",\"item\":\"https:\\\/\\\/chasquideportivo.com\\\/ecrt\\\/category\\\/archivo\\\/\"},{\"@type\":\"ListItem\",\"position\":3,\"name\":\"Golazo\",\"item\":\"https:\\\/\\\/chasquideportivo.com\\\/ecrt\\\/category\\\/archivo\\\/golazo\\\/\"},{\"@type\":\"ListItem\",\"position\":4,\"name\":\"Lucia Vallecilla comandar\u00e1 en Nacional\"}]},{\"@type\":\"WebSite\",\"@id\":\"https:\\\/\\\/chasquideportivo.com\\\/ecrt\\\/#website\",\"url\":\"https:\\\/\\\/chasquideportivo.com\\\/ecrt\\\/\",\"name\":\"ChasquiDeportivo\",\"description\":\"Informaci&oacute;n y comunicaci&oacute;n, reportajes, noticias, entrevistas en el &aacute;rea del deporte local, nacional.\",\"publisher\":{\"@id\":\"https:\\\/\\\/chasquideportivo.com\\\/ecrt\\\/#organization\"},\"potentialAction\":[{\"@type\":\"SearchAction\",\"target\":{\"@type\":\"EntryPoint\",\"urlTemplate\":\"https:\\\/\\\/chasquideportivo.com\\\/ecrt\\\/?s={search_term_string}\"},\"query-input\":{\"@type\":\"PropertyValueSpecification\",\"valueRequired\":true,\"valueName\":\"search_term_string\"}}],\"inLanguage\":\"es\"},{\"@type\":\"Organization\",\"@id\":\"https:\\\/\\\/chasquideportivo.com\\\/ecrt\\\/#organization\",\"name\":\"Chasqui Deportivo\",\"url\":\"https:\\\/\\\/chasquideportivo.com\\\/ecrt\\\/\",\"logo\":{\"@type\":\"ImageObject\",\"inLanguage\":\"es\",\"@id\":\"https:\\\/\\\/chasquideportivo.com\\\/ecrt\\\/#\\\/schema\\\/logo\\\/image\\\/\",\"url\":\"https:\\\/\\\/chasquideportivo.com\\\/ecrt\\\/wp-content\\\/uploads\\\/2022\\\/01\\\/logo-vertical.jpg\",\"contentUrl\":\"https:\\\/\\\/chasquideportivo.com\\\/ecrt\\\/wp-content\\\/uploads\\\/2022\\\/01\\\/logo-vertical.jpg\",\"width\":612,\"height\":750,\"caption\":\"Chasqui Deportivo\"},\"image\":{\"@id\":\"https:\\\/\\\/chasquideportivo.com\\\/ecrt\\\/#\\\/schema\\\/logo\\\/image\\\/\"},\"sameAs\":[\"https:\\\/\\\/www.facebook.com\\\/chasquideportivo\",\"https:\\\/\\\/x.com\\\/chasquidep\",\"https:\\\/\\\/www.instagram.com\\\/chasquideportivo.ec\",\"https:\\\/\\\/www.youtube.com\\\/channel\\\/UCGY8M-csHuxJuGRt4XrV90Q\"]},{\"@type\":\"Person\",\"@id\":\"https:\\\/\\\/chasquideportivo.com\\\/ecrt\\\/#\\\/schema\\\/person\\\/d9e229fabae4c1e3f82cf66d802ca7b6\",\"name\":\"kollage\",\"image\":{\"@type\":\"ImageObject\",\"inLanguage\":\"es\",\"@id\":\"https:\\\/\\\/secure.gravatar.com\\\/avatar\\\/69b5388bf21dfca5434ca100f351036f1fbff72ba519ef8157b31bcc7fbfbb18?s=96&d=mm&r=g\",\"url\":\"https:\\\/\\\/secure.gravatar.com\\\/avatar\\\/69b5388bf21dfca5434ca100f351036f1fbff72ba519ef8157b31bcc7fbfbb18?s=96&d=mm&r=g\",\"contentUrl\":\"https:\\\/\\\/secure.gravatar.com\\\/avatar\\\/69b5388bf21dfca5434ca100f351036f1fbff72ba519ef8157b31bcc7fbfbb18?s=96&d=mm&r=g\",\"caption\":\"kollage\"},\"sameAs\":[\"https:\\\/\\\/chasquideportivo.com\\\/ecrt\"],\"url\":\"https:\\\/\\\/chasquideportivo.com\\\/ecrt\\\/author\\\/kollage\\\/\"}]}<\/script>\n<!-- \/ Yoast SEO plugin. -->","yoast_head_json":{"title":"Lucia Vallecilla comandar\u00e1 en Nacional - ChasquiDeportivo","description":"Chasqui Deportivo | Informaci\u00f3n y comunicaci\u00f3n, reportajes, noticias, entrevistas en el \u00e1rea del deporte local, nacional.","robots":{"index":"index","follow":"follow","max-snippet":"max-snippet:-1","max-image-preview":"max-image-preview:large","max-video-preview":"max-video-preview:-1"},"canonical":"https:\/\/chasquideportivo.com\/ecrt\/lucia-vallecilla-comandara-en-nacional\/","og_locale":"es_ES","og_type":"article","og_title":"Lucia Vallecilla comandar\u00e1 en Nacional - ChasquiDeportivo","og_description":"Chasqui Deportivo | Informaci\u00f3n y comunicaci\u00f3n, reportajes, noticias, entrevistas en el \u00e1rea del deporte local, nacional.","og_url":"https:\/\/chasquideportivo.com\/ecrt\/lucia-vallecilla-comandara-en-nacional\/","og_site_name":"ChasquiDeportivo","article_publisher":"https:\/\/www.facebook.com\/chasquideportivo","article_published_time":"2021-03-20T17:58:32+00:00","article_modified_time":"2021-03-20T18:14:38+00:00","author":"kollage","twitter_card":"summary_large_image","twitter_creator":"@chasquidep","twitter_site":"@chasquidep","twitter_misc":{"Escrito por":"kollage","Tiempo de lectura":"1 minuto"},"schema":{"@context":"https:\/\/schema.org","@graph":[{"@type":"Article","@id":"https:\/\/chasquideportivo.com\/ecrt\/lucia-vallecilla-comandara-en-nacional\/#article","isPartOf":{"@id":"https:\/\/chasquideportivo.com\/ecrt\/lucia-vallecilla-comandara-en-nacional\/"},"author":{"name":"kollage","@id":"https:\/\/chasquideportivo.com\/ecrt\/#\/schema\/person\/d9e229fabae4c1e3f82cf66d802ca7b6"},"headline":"Lucia Vallecilla comandar\u00e1 en Nacional","datePublished":"2021-03-20T17:58:32+00:00","dateModified":"2021-03-20T18:14:38+00:00","mainEntityOfPage":{"@id":"https:\/\/chasquideportivo.com\/ecrt\/lucia-vallecilla-comandara-en-nacional\/"},"wordCount":162,"commentCount":0,"publisher":{"@id":"https:\/\/chasquideportivo.com\/ecrt\/#organization"},"keywords":["2018","2019","2020","2021","actividad deportiva","barriales","barrio","chasqui","chasqui deportivo","deporte","deporte barrial ecuatoriano","deportistas","deportivo","deportivos","dirigentcia","dirigentes","ecuador","ecuatorianas","ecuatoriano","ecuatorianos","futbol","futbolistas","ligas","ligas barriales ecuador","pa\u00eds","quito"],"articleSection":["Golazo"],"inLanguage":"es","potentialAction":[{"@type":"CommentAction","name":"Comment","target":["https:\/\/chasquideportivo.com\/ecrt\/lucia-vallecilla-comandara-en-nacional\/#respond"]}]},{"@type":"WebPage","@id":"https:\/\/chasquideportivo.com\/ecrt\/lucia-vallecilla-comandara-en-nacional\/","url":"https:\/\/chasquideportivo.com\/ecrt\/lucia-vallecilla-comandara-en-nacional\/","name":"Lucia Vallecilla comandar\u00e1 en Nacional - ChasquiDeportivo","isPartOf":{"@id":"https:\/\/chasquideportivo.com\/ecrt\/#website"},"datePublished":"2021-03-20T17:58:32+00:00","dateModified":"2021-03-20T18:14:38+00:00","description":"Chasqui Deportivo | Informaci\u00f3n y comunicaci\u00f3n, reportajes, noticias, entrevistas en el \u00e1rea del deporte local, nacional.","breadcrumb":{"@id":"https:\/\/chasquideportivo.com\/ecrt\/lucia-vallecilla-comandara-en-nacional\/#breadcrumb"},"inLanguage":"es","potentialAction":[{"@type":"ReadAction","target":["https:\/\/chasquideportivo.com\/ecrt\/lucia-vallecilla-comandara-en-nacional\/"]}]},{"@type":"BreadcrumbList","@id":"https:\/\/chasquideportivo.com\/ecrt\/lucia-vallecilla-comandara-en-nacional\/#breadcrumb","itemListElement":[{"@type":"ListItem","position":1,"name":"Portada | Chasqui Deportivo","item":"https:\/\/chasquideportivo.com\/ecrt\/"},{"@type":"ListItem","position":2,"name":"Archivo","item":"https:\/\/chasquideportivo.com\/ecrt\/category\/archivo\/"},{"@type":"ListItem","position":3,"name":"Golazo","item":"https:\/\/chasquideportivo.com\/ecrt\/category\/archivo\/golazo\/"},{"@type":"ListItem","position":4,"name":"Lucia Vallecilla comandar\u00e1 en Nacional"}]},{"@type":"WebSite","@id":"https:\/\/chasquideportivo.com\/ecrt\/#website","url":"https:\/\/chasquideportivo.com\/ecrt\/","name":"ChasquiDeportivo","description":"Informaci&oacute;n y comunicaci&oacute;n, reportajes, noticias, entrevistas en el &aacute;rea del deporte local, nacional.","publisher":{"@id":"https:\/\/chasquideportivo.com\/ecrt\/#organization"},"potentialAction":[{"@type":"SearchAction","target":{"@type":"EntryPoint","urlTemplate":"https:\/\/chasquideportivo.com\/ecrt\/?s={search_term_string}"},"query-input":{"@type":"PropertyValueSpecification","valueRequired":true,"valueName":"search_term_string"}}],"inLanguage":"es"},{"@type":"Organization","@id":"https:\/\/chasquideportivo.com\/ecrt\/#organization","name":"Chasqui Deportivo","url":"https:\/\/chasquideportivo.com\/ecrt\/","logo":{"@type":"ImageObject","inLanguage":"es","@id":"https:\/\/chasquideportivo.com\/ecrt\/#\/schema\/logo\/image\/","url":"https:\/\/chasquideportivo.com\/ecrt\/wp-content\/uploads\/2022\/01\/logo-vertical.jpg","contentUrl":"https:\/\/chasquideportivo.com\/ecrt\/wp-content\/uploads\/2022\/01\/logo-vertical.jpg","width":612,"height":750,"caption":"Chasqui Deportivo"},"image":{"@id":"https:\/\/chasquideportivo.com\/ecrt\/#\/schema\/logo\/image\/"},"sameAs":["https:\/\/www.facebook.com\/chasquideportivo","https:\/\/x.com\/chasquidep","https:\/\/www.instagram.com\/chasquideportivo.ec","https:\/\/www.youtube.com\/channel\/UCGY8M-csHuxJuGRt4XrV90Q"]},{"@type":"Person","@id":"https:\/\/chasquideportivo.com\/ecrt\/#\/schema\/person\/d9e229fabae4c1e3f82cf66d802ca7b6","name":"kollage","image":{"@type":"ImageObject","inLanguage":"es","@id":"https:\/\/secure.gravatar.com\/avatar\/69b5388bf21dfca5434ca100f351036f1fbff72ba519ef8157b31bcc7fbfbb18?s=96&d=mm&r=g","url":"https:\/\/secure.gravatar.com\/avatar\/69b5388bf21dfca5434ca100f351036f1fbff72ba519ef8157b31bcc7fbfbb18?s=96&d=mm&r=g","contentUrl":"https:\/\/secure.gravatar.com\/avatar\/69b5388bf21dfca5434ca100f351036f1fbff72ba519ef8157b31bcc7fbfbb18?s=96&d=mm&r=g","caption":"kollage"},"sameAs":["https:\/\/chasquideportivo.com\/ecrt"],"url":"https:\/\/chasquideportivo.com\/ecrt\/author\/kollage\/"}]}},"_links":{"self":[{"href":"https:\/\/chasquideportivo.com\/ecrt\/wp-json\/wp\/v2\/posts\/4878","targetHints":{"allow":["GET"]}}],"collection":[{"href":"https:\/\/chasquideportivo.com\/ecrt\/wp-json\/wp\/v2\/posts"}],"about":[{"href":"https:\/\/chasquideportivo.com\/ecrt\/wp-json\/wp\/v2\/types\/post"}],"author":[{"embeddable":true,"href":"https:\/\/chasquideportivo.com\/ecrt\/wp-json\/wp\/v2\/users\/1"}],"replies":[{"embeddable":true,"href":"https:\/\/chasquideportivo.com\/ecrt\/wp-json\/wp\/v2\/comments?post=4878"}],"version-history":[{"count":1,"href":"https:\/\/chasquideportivo.com\/ecrt\/wp-json\/wp\/v2\/posts\/4878\/revisions"}],"predecessor-version":[{"id":6025,"href":"https:\/\/chasquideportivo.com\/ecrt\/wp-json\/wp\/v2\/posts\/4878\/revisions\/6025"}],"wp:attachment":[{"href":"https:\/\/chasquideportivo.com\/ecrt\/wp-json\/wp\/v2\/media?parent=4878"}],"wp:term":[{"taxonomy":"category","embeddable":true,"href":"https:\/\/chasquideportivo.com\/ecrt\/wp-json\/wp\/v2\/categories?post=4878"},{"taxonomy":"post_tag","embeddable":true,"href":"https:\/\/chasquideportivo.com\/ecrt\/wp-json\/wp\/v2\/tags?post=4878"}],"curies":[{"name":"wp","href":"https:\/\/api.w.org\/{rel}","templated":true}]}}