{"id":4865,"date":"2021-03-20T17:58:28","date_gmt":"2021-03-20T17:58:28","guid":{"rendered":"https:\/\/chasquideportivo.com\/ecrt\/2021\/03\/20\/lista-la-fiesta-de-la-copa-america-2019\/"},"modified":"2021-03-20T18:14:42","modified_gmt":"2021-03-20T18:14:42","slug":"lista-la-fiesta-de-la-copa-america-2019","status":"publish","type":"post","link":"https:\/\/chasquideportivo.com\/ecrt\/lista-la-fiesta-de-la-copa-america-2019\/","title":{"rendered":"Lista la fiesta de la Copa Am\u00e9rica 2019"},"content":{"rendered":"<p>Las miradas del mundo est\u00e1n en el estadio Morumb\u00ed de Sao Paulo, donde se desarrollar\u00e1 la ceremonia inaugural y el partido de apertura. &nbsp;Este viernes Brasil y Bolivia inaugurar\u00e1n el torneo m\u00e1s importante del continente: la&nbsp;Copa Am\u00e9rica 2019.&nbsp;<\/p>\n<p>Seg\u00fan la organizaci\u00f3n de la Copa, el evento de lanzamiento comenzar\u00e1 a las 20.10 y durar\u00e1 simplemente 10 minutos. En el acto central los artistas Karol G y Leo Santana interpretar\u00e1n \u201cVibra continente\u201d, la canci\u00f3n oficial del torneo; estar\u00e1n acompa\u00f1ados por m\u00e1s de 400 personas en escenario y 100 m\u00fasicos.<\/p>\n<p>El torneo a disputarse en Brasil contar\u00e1 con las estrellas latinoamericanas que cada fin de semana deslumbran en Europa: Lionel Messi,&nbsp;Luis Su\u00e1rez,&nbsp;James Rodr\u00edguez, Arturo Vidal,&nbsp;Radamel Falcao, Philippe Coutinho, entre otros.&nbsp;<\/p>\n<p>La frase &#8220;el f\u00fatbol da revanchas&#8221; quiz\u00e1 sea una de las m\u00e1s trilladas en el deporte, pero encaja perfecto con el presente de Messi en la selecci\u00f3n argentina. El astro del Barcelona&nbsp;<a href=\"https:\/\/actualidad.rt.com\/actualidad\/179290-vivo-directo-chile-argentina-copa-america\">acumula<\/a>&nbsp;dos finales perdidas consecutivas&nbsp;en&nbsp;la&nbsp;<a href=\"https:\/\/actualidad.rt.com\/themes\/176037-copa-america\">Copa Am\u00e9rica<\/a>&nbsp;contra&nbsp;Chile&nbsp;y un amargo recuerdo en la final del Mundial de Brasil 2014, en la que la &#8216;albiceleste&#8217; fue derrotada por Alemania. \u00bfPodr\u00e1 sacudirse los fantasmas en selecci\u00f3n?<\/p>\n<p><a href=\"https:\/\/twitter.com\/Argentina\/status\/1138216028222230528\/photo\/1\"><br \/> <\/a>Brasil, en cambio, no contar\u00e1 con su gran figura&nbsp;<a href=\"https:\/\/actualidad.rt.com\/viral\/317234-neymar-muestra-tobillo-lesionado-no-participara-copa-america-2019\">Neymar<\/a>, tras sufrir una ligera rotura en el tobillo durante un partido de preparaci\u00f3n. Con todo y la ausencia de su estrella, la&nbsp;&#8216;canarinha&#8217; no puede poner muchos pretextos porque tendr\u00e1 en el campo a Philippe Coutinho,&nbsp;Roberto Firmino&nbsp;y el experimentado Filipe Luis. Sin embargo, la mayor presi\u00f3n que carga la &#8216;verdeamarela&#8217; es que&nbsp;siempre que fue anfitri\u00f3n del torneo sali\u00f3 campe\u00f3n&nbsp;(1919, 1922, 1949 y 1989).&nbsp;&nbsp;&nbsp;<\/p>\n<p>Uruguay&nbsp;es el &#8216;rey&#8217; de la Copa Am\u00e9rica con&nbsp;15 t\u00edtulos continentales, superando las&nbsp;14&nbsp;copas de&nbsp;Argentina&nbsp;y los&nbsp;8trofeos de&nbsp;Brasil. Con el peso de la historia&nbsp;respald\u00e1ndolos y la&nbsp;gu\u00eda de Luis Su\u00e1rez, Edinson Cavani y&nbsp;<a href=\"https:\/\/actualidad.rt.com\/actualidad\/314056-diego-godin-abandonar-atletico-madrid\">Diego God\u00edn<\/a>, &#8216;los charr\u00faas&#8217; tambi\u00e9n son fuertes contendientes a llevarse el torneo.&nbsp;<\/p>\n<p>Chile&nbsp;es el&nbsp;actual&nbsp;bicampe\u00f3n&nbsp;de la Copa Am\u00e9rica, tras los t\u00edtulos como local en 2015 y en la Copa Am\u00e9rica Centenario de EE.UU. en 2016. Comandados por el mediocampista Arturo Vidal, \u00bfpodr\u00e1n repetir la haza\u00f1a?&nbsp;<\/p>\n<p><a href=\"https:\/\/twitter.com\/CONMEBOL\/status\/747264326172549120\/photo\/1\"><br \/> <\/a>Aunque no parte como favorita, Colombia&nbsp;buscar\u00e1 su segundo t\u00edtulo continental de la mano de James Rodr\u00edguez,&nbsp;Radamel Falcao&nbsp;y Duv\u00e1n Zapata. Bolivia, Venezuela, Per\u00fa, Paraguay y Ecuador tambi\u00e9n dar\u00e1n mucha pelea&nbsp;en este certamen. Pese que en el tiempo de preparaci\u00f3n los resultados deportivos no han sido de lo mejor.<\/p>\n<p>El t\u00e9cnico Hern\u00e1n D. G\u00f3mez hacdio cauto y conf\u00eda en los jugadores elegidos para el torneo. El referente es Antonio Valencia que aportar\u00e1 a la confianza de sus compa\u00f1eros para realizar un buen juego.<\/p>\n<p>Las&nbsp;selecciones invitadas&nbsp;a la Copa Am\u00e9rica&nbsp;son&nbsp;Jap\u00f3n y Qatar.&nbsp;<\/p>\n<p>Grupos<\/p>\n<ul>\n<li>Grupo A: Brasil, Bolivia, Venezuela y Per\u00fa.&nbsp;<\/li>\n<li>Grupo B: Argentina, Colombia, Paraguay, Qatar.&nbsp;<\/li>\n<li>Grupo C: Uruguay, Ecuador, Jap\u00f3n y Chile.&nbsp;<\/li>\n<\/ul>\n<p>El domingo 7 de julio a las 17:00 horas (tiempo local) se celebrar\u00e1 la&nbsp;final&nbsp;en el m\u00edtico estadio&nbsp;Maracan\u00e1, en R\u00edo de Janeiro.<\/p>\n<p>2019-06-14 13:25:29<\/p>\n<p>Golazo<\/p>\n","protected":false},"excerpt":{"rendered":"<p>Las miradas del mundo est\u00e1n en el estadio Morumb\u00ed de Sao Paulo, donde se desarrollar\u00e1 la ceremonia inaugural y el partido de apertura. &nbsp;Este viernes Brasil y Bolivia inaugurar\u00e1n el torneo m\u00e1s importante del continente: la&nbsp;Copa Am\u00e9rica 2019.&nbsp; Seg\u00fan la organizaci\u00f3n de la Copa, el evento de lanzamiento comenzar\u00e1 a las 20.10 y durar\u00e1 simplemente [&hellip;]<\/p>\n","protected":false},"author":1,"featured_media":0,"comment_status":"open","ping_status":"open","sticky":false,"template":"","format":"standard","meta":{"_et_pb_use_builder":"","_et_pb_old_content":"","_et_gb_content_width":"","footnotes":""},"categories":[18],"tags":[37,36,35,34,39,28,23,20,22,24,19,38,21,41,40,3,6,31,25,42,29,30,27,26,33,32],"class_list":["post-4865","post","type-post","status-publish","format-standard","hentry","category-golazo","tag-37","tag-36","tag-35","tag-34","tag-actividad-deportiva","tag-barriales","tag-barrio","tag-chasqui","tag-chasqui-deportivo","tag-deporte","tag-deporte-barrial-ecuatoriano","tag-deportistas","tag-deportivo","tag-deportivos","tag-dirigentcia","tag-dirigentes","tag-ecuador","tag-ecuatorianas","tag-ecuatoriano","tag-ecuatorianos","tag-futbol","tag-futbolistas","tag-ligas","tag-ligas-barriales-ecuador","tag-pais","tag-quito"],"yoast_head":"<!-- This site is optimized with the Yoast SEO plugin v27.5 - https:\/\/yoast.com\/product\/yoast-seo-wordpress\/ -->\n<title>Lista la fiesta de la Copa Am\u00e9rica 2019 - ChasquiDeportivo<\/title>\n<meta name=\"description\" content=\"Chasqui Deportivo | Informaci\u00f3n y comunicaci\u00f3n, reportajes, noticias, entrevistas en el \u00e1rea del deporte local, nacional.\" \/>\n<meta name=\"robots\" content=\"index, follow, max-snippet:-1, max-image-preview:large, max-video-preview:-1\" \/>\n<link rel=\"canonical\" href=\"https:\/\/chasquideportivo.com\/ecrt\/lista-la-fiesta-de-la-copa-america-2019\/\" \/>\n<meta property=\"og:locale\" content=\"es_ES\" \/>\n<meta property=\"og:type\" content=\"article\" \/>\n<meta property=\"og:title\" content=\"Lista la fiesta de la Copa Am\u00e9rica 2019 - ChasquiDeportivo\" \/>\n<meta property=\"og:description\" content=\"Chasqui Deportivo | Informaci\u00f3n y comunicaci\u00f3n, reportajes, noticias, entrevistas en el \u00e1rea del deporte local, nacional.\" \/>\n<meta property=\"og:url\" content=\"https:\/\/chasquideportivo.com\/ecrt\/lista-la-fiesta-de-la-copa-america-2019\/\" \/>\n<meta property=\"og:site_name\" content=\"ChasquiDeportivo\" \/>\n<meta property=\"article:publisher\" content=\"https:\/\/www.facebook.com\/chasquideportivo\" \/>\n<meta property=\"article:published_time\" content=\"2021-03-20T17:58:28+00:00\" \/>\n<meta property=\"article:modified_time\" content=\"2021-03-20T18:14:42+00:00\" \/>\n<meta name=\"author\" content=\"kollage\" \/>\n<meta name=\"twitter:card\" content=\"summary_large_image\" \/>\n<meta name=\"twitter:creator\" content=\"@chasquidep\" \/>\n<meta name=\"twitter:site\" content=\"@chasquidep\" \/>\n<meta name=\"twitter:label1\" content=\"Escrito por\" \/>\n\t<meta name=\"twitter:data1\" content=\"kollage\" \/>\n\t<meta name=\"twitter:label2\" content=\"Tiempo de lectura\" \/>\n\t<meta name=\"twitter:data2\" content=\"3 minutos\" \/>\n<script type=\"application\/ld+json\" class=\"yoast-schema-graph\">{\"@context\":\"https:\\\/\\\/schema.org\",\"@graph\":[{\"@type\":\"Article\",\"@id\":\"https:\\\/\\\/chasquideportivo.com\\\/ecrt\\\/lista-la-fiesta-de-la-copa-america-2019\\\/#article\",\"isPartOf\":{\"@id\":\"https:\\\/\\\/chasquideportivo.com\\\/ecrt\\\/lista-la-fiesta-de-la-copa-america-2019\\\/\"},\"author\":{\"name\":\"kollage\",\"@id\":\"https:\\\/\\\/chasquideportivo.com\\\/ecrt\\\/#\\\/schema\\\/person\\\/d9e229fabae4c1e3f82cf66d802ca7b6\"},\"headline\":\"Lista la fiesta de la Copa Am\u00e9rica 2019\",\"datePublished\":\"2021-03-20T17:58:28+00:00\",\"dateModified\":\"2021-03-20T18:14:42+00:00\",\"mainEntityOfPage\":{\"@id\":\"https:\\\/\\\/chasquideportivo.com\\\/ecrt\\\/lista-la-fiesta-de-la-copa-america-2019\\\/\"},\"wordCount\":602,\"commentCount\":0,\"publisher\":{\"@id\":\"https:\\\/\\\/chasquideportivo.com\\\/ecrt\\\/#organization\"},\"keywords\":[\"2018\",\"2019\",\"2020\",\"2021\",\"actividad deportiva\",\"barriales\",\"barrio\",\"chasqui\",\"chasqui deportivo\",\"deporte\",\"deporte barrial ecuatoriano\",\"deportistas\",\"deportivo\",\"deportivos\",\"dirigentcia\",\"dirigentes\",\"ecuador\",\"ecuatorianas\",\"ecuatoriano\",\"ecuatorianos\",\"futbol\",\"futbolistas\",\"ligas\",\"ligas barriales ecuador\",\"pa\u00eds\",\"quito\"],\"articleSection\":[\"Golazo\"],\"inLanguage\":\"es\",\"potentialAction\":[{\"@type\":\"CommentAction\",\"name\":\"Comment\",\"target\":[\"https:\\\/\\\/chasquideportivo.com\\\/ecrt\\\/lista-la-fiesta-de-la-copa-america-2019\\\/#respond\"]}]},{\"@type\":\"WebPage\",\"@id\":\"https:\\\/\\\/chasquideportivo.com\\\/ecrt\\\/lista-la-fiesta-de-la-copa-america-2019\\\/\",\"url\":\"https:\\\/\\\/chasquideportivo.com\\\/ecrt\\\/lista-la-fiesta-de-la-copa-america-2019\\\/\",\"name\":\"Lista la fiesta de la Copa Am\u00e9rica 2019 - ChasquiDeportivo\",\"isPartOf\":{\"@id\":\"https:\\\/\\\/chasquideportivo.com\\\/ecrt\\\/#website\"},\"datePublished\":\"2021-03-20T17:58:28+00:00\",\"dateModified\":\"2021-03-20T18:14:42+00:00\",\"description\":\"Chasqui Deportivo | Informaci\u00f3n y comunicaci\u00f3n, reportajes, noticias, entrevistas en el \u00e1rea del deporte local, nacional.\",\"breadcrumb\":{\"@id\":\"https:\\\/\\\/chasquideportivo.com\\\/ecrt\\\/lista-la-fiesta-de-la-copa-america-2019\\\/#breadcrumb\"},\"inLanguage\":\"es\",\"potentialAction\":[{\"@type\":\"ReadAction\",\"target\":[\"https:\\\/\\\/chasquideportivo.com\\\/ecrt\\\/lista-la-fiesta-de-la-copa-america-2019\\\/\"]}]},{\"@type\":\"BreadcrumbList\",\"@id\":\"https:\\\/\\\/chasquideportivo.com\\\/ecrt\\\/lista-la-fiesta-de-la-copa-america-2019\\\/#breadcrumb\",\"itemListElement\":[{\"@type\":\"ListItem\",\"position\":1,\"name\":\"Portada | Chasqui Deportivo\",\"item\":\"https:\\\/\\\/chasquideportivo.com\\\/ecrt\\\/\"},{\"@type\":\"ListItem\",\"position\":2,\"name\":\"Archivo\",\"item\":\"https:\\\/\\\/chasquideportivo.com\\\/ecrt\\\/category\\\/archivo\\\/\"},{\"@type\":\"ListItem\",\"position\":3,\"name\":\"Golazo\",\"item\":\"https:\\\/\\\/chasquideportivo.com\\\/ecrt\\\/category\\\/archivo\\\/golazo\\\/\"},{\"@type\":\"ListItem\",\"position\":4,\"name\":\"Lista la fiesta de la Copa Am\u00e9rica 2019\"}]},{\"@type\":\"WebSite\",\"@id\":\"https:\\\/\\\/chasquideportivo.com\\\/ecrt\\\/#website\",\"url\":\"https:\\\/\\\/chasquideportivo.com\\\/ecrt\\\/\",\"name\":\"ChasquiDeportivo\",\"description\":\"Informaci&oacute;n y comunicaci&oacute;n, reportajes, noticias, entrevistas en el &aacute;rea del deporte local, nacional.\",\"publisher\":{\"@id\":\"https:\\\/\\\/chasquideportivo.com\\\/ecrt\\\/#organization\"},\"potentialAction\":[{\"@type\":\"SearchAction\",\"target\":{\"@type\":\"EntryPoint\",\"urlTemplate\":\"https:\\\/\\\/chasquideportivo.com\\\/ecrt\\\/?s={search_term_string}\"},\"query-input\":{\"@type\":\"PropertyValueSpecification\",\"valueRequired\":true,\"valueName\":\"search_term_string\"}}],\"inLanguage\":\"es\"},{\"@type\":\"Organization\",\"@id\":\"https:\\\/\\\/chasquideportivo.com\\\/ecrt\\\/#organization\",\"name\":\"Chasqui Deportivo\",\"url\":\"https:\\\/\\\/chasquideportivo.com\\\/ecrt\\\/\",\"logo\":{\"@type\":\"ImageObject\",\"inLanguage\":\"es\",\"@id\":\"https:\\\/\\\/chasquideportivo.com\\\/ecrt\\\/#\\\/schema\\\/logo\\\/image\\\/\",\"url\":\"https:\\\/\\\/chasquideportivo.com\\\/ecrt\\\/wp-content\\\/uploads\\\/2022\\\/01\\\/logo-vertical.jpg\",\"contentUrl\":\"https:\\\/\\\/chasquideportivo.com\\\/ecrt\\\/wp-content\\\/uploads\\\/2022\\\/01\\\/logo-vertical.jpg\",\"width\":612,\"height\":750,\"caption\":\"Chasqui Deportivo\"},\"image\":{\"@id\":\"https:\\\/\\\/chasquideportivo.com\\\/ecrt\\\/#\\\/schema\\\/logo\\\/image\\\/\"},\"sameAs\":[\"https:\\\/\\\/www.facebook.com\\\/chasquideportivo\",\"https:\\\/\\\/x.com\\\/chasquidep\",\"https:\\\/\\\/www.instagram.com\\\/chasquideportivo.ec\",\"https:\\\/\\\/www.youtube.com\\\/channel\\\/UCGY8M-csHuxJuGRt4XrV90Q\"]},{\"@type\":\"Person\",\"@id\":\"https:\\\/\\\/chasquideportivo.com\\\/ecrt\\\/#\\\/schema\\\/person\\\/d9e229fabae4c1e3f82cf66d802ca7b6\",\"name\":\"kollage\",\"image\":{\"@type\":\"ImageObject\",\"inLanguage\":\"es\",\"@id\":\"https:\\\/\\\/secure.gravatar.com\\\/avatar\\\/69b5388bf21dfca5434ca100f351036f1fbff72ba519ef8157b31bcc7fbfbb18?s=96&d=mm&r=g\",\"url\":\"https:\\\/\\\/secure.gravatar.com\\\/avatar\\\/69b5388bf21dfca5434ca100f351036f1fbff72ba519ef8157b31bcc7fbfbb18?s=96&d=mm&r=g\",\"contentUrl\":\"https:\\\/\\\/secure.gravatar.com\\\/avatar\\\/69b5388bf21dfca5434ca100f351036f1fbff72ba519ef8157b31bcc7fbfbb18?s=96&d=mm&r=g\",\"caption\":\"kollage\"},\"sameAs\":[\"https:\\\/\\\/chasquideportivo.com\\\/ecrt\"],\"url\":\"https:\\\/\\\/chasquideportivo.com\\\/ecrt\\\/author\\\/kollage\\\/\"}]}<\/script>\n<!-- \/ Yoast SEO plugin. -->","yoast_head_json":{"title":"Lista la fiesta de la Copa Am\u00e9rica 2019 - ChasquiDeportivo","description":"Chasqui Deportivo | Informaci\u00f3n y comunicaci\u00f3n, reportajes, noticias, entrevistas en el \u00e1rea del deporte local, nacional.","robots":{"index":"index","follow":"follow","max-snippet":"max-snippet:-1","max-image-preview":"max-image-preview:large","max-video-preview":"max-video-preview:-1"},"canonical":"https:\/\/chasquideportivo.com\/ecrt\/lista-la-fiesta-de-la-copa-america-2019\/","og_locale":"es_ES","og_type":"article","og_title":"Lista la fiesta de la Copa Am\u00e9rica 2019 - ChasquiDeportivo","og_description":"Chasqui Deportivo | Informaci\u00f3n y comunicaci\u00f3n, reportajes, noticias, entrevistas en el \u00e1rea del deporte local, nacional.","og_url":"https:\/\/chasquideportivo.com\/ecrt\/lista-la-fiesta-de-la-copa-america-2019\/","og_site_name":"ChasquiDeportivo","article_publisher":"https:\/\/www.facebook.com\/chasquideportivo","article_published_time":"2021-03-20T17:58:28+00:00","article_modified_time":"2021-03-20T18:14:42+00:00","author":"kollage","twitter_card":"summary_large_image","twitter_creator":"@chasquidep","twitter_site":"@chasquidep","twitter_misc":{"Escrito por":"kollage","Tiempo de lectura":"3 minutos"},"schema":{"@context":"https:\/\/schema.org","@graph":[{"@type":"Article","@id":"https:\/\/chasquideportivo.com\/ecrt\/lista-la-fiesta-de-la-copa-america-2019\/#article","isPartOf":{"@id":"https:\/\/chasquideportivo.com\/ecrt\/lista-la-fiesta-de-la-copa-america-2019\/"},"author":{"name":"kollage","@id":"https:\/\/chasquideportivo.com\/ecrt\/#\/schema\/person\/d9e229fabae4c1e3f82cf66d802ca7b6"},"headline":"Lista la fiesta de la Copa Am\u00e9rica 2019","datePublished":"2021-03-20T17:58:28+00:00","dateModified":"2021-03-20T18:14:42+00:00","mainEntityOfPage":{"@id":"https:\/\/chasquideportivo.com\/ecrt\/lista-la-fiesta-de-la-copa-america-2019\/"},"wordCount":602,"commentCount":0,"publisher":{"@id":"https:\/\/chasquideportivo.com\/ecrt\/#organization"},"keywords":["2018","2019","2020","2021","actividad deportiva","barriales","barrio","chasqui","chasqui deportivo","deporte","deporte barrial ecuatoriano","deportistas","deportivo","deportivos","dirigentcia","dirigentes","ecuador","ecuatorianas","ecuatoriano","ecuatorianos","futbol","futbolistas","ligas","ligas barriales ecuador","pa\u00eds","quito"],"articleSection":["Golazo"],"inLanguage":"es","potentialAction":[{"@type":"CommentAction","name":"Comment","target":["https:\/\/chasquideportivo.com\/ecrt\/lista-la-fiesta-de-la-copa-america-2019\/#respond"]}]},{"@type":"WebPage","@id":"https:\/\/chasquideportivo.com\/ecrt\/lista-la-fiesta-de-la-copa-america-2019\/","url":"https:\/\/chasquideportivo.com\/ecrt\/lista-la-fiesta-de-la-copa-america-2019\/","name":"Lista la fiesta de la Copa Am\u00e9rica 2019 - ChasquiDeportivo","isPartOf":{"@id":"https:\/\/chasquideportivo.com\/ecrt\/#website"},"datePublished":"2021-03-20T17:58:28+00:00","dateModified":"2021-03-20T18:14:42+00:00","description":"Chasqui Deportivo | Informaci\u00f3n y comunicaci\u00f3n, reportajes, noticias, entrevistas en el \u00e1rea del deporte local, nacional.","breadcrumb":{"@id":"https:\/\/chasquideportivo.com\/ecrt\/lista-la-fiesta-de-la-copa-america-2019\/#breadcrumb"},"inLanguage":"es","potentialAction":[{"@type":"ReadAction","target":["https:\/\/chasquideportivo.com\/ecrt\/lista-la-fiesta-de-la-copa-america-2019\/"]}]},{"@type":"BreadcrumbList","@id":"https:\/\/chasquideportivo.com\/ecrt\/lista-la-fiesta-de-la-copa-america-2019\/#breadcrumb","itemListElement":[{"@type":"ListItem","position":1,"name":"Portada | Chasqui Deportivo","item":"https:\/\/chasquideportivo.com\/ecrt\/"},{"@type":"ListItem","position":2,"name":"Archivo","item":"https:\/\/chasquideportivo.com\/ecrt\/category\/archivo\/"},{"@type":"ListItem","position":3,"name":"Golazo","item":"https:\/\/chasquideportivo.com\/ecrt\/category\/archivo\/golazo\/"},{"@type":"ListItem","position":4,"name":"Lista la fiesta de la Copa Am\u00e9rica 2019"}]},{"@type":"WebSite","@id":"https:\/\/chasquideportivo.com\/ecrt\/#website","url":"https:\/\/chasquideportivo.com\/ecrt\/","name":"ChasquiDeportivo","description":"Informaci&oacute;n y comunicaci&oacute;n, reportajes, noticias, entrevistas en el &aacute;rea del deporte local, nacional.","publisher":{"@id":"https:\/\/chasquideportivo.com\/ecrt\/#organization"},"potentialAction":[{"@type":"SearchAction","target":{"@type":"EntryPoint","urlTemplate":"https:\/\/chasquideportivo.com\/ecrt\/?s={search_term_string}"},"query-input":{"@type":"PropertyValueSpecification","valueRequired":true,"valueName":"search_term_string"}}],"inLanguage":"es"},{"@type":"Organization","@id":"https:\/\/chasquideportivo.com\/ecrt\/#organization","name":"Chasqui Deportivo","url":"https:\/\/chasquideportivo.com\/ecrt\/","logo":{"@type":"ImageObject","inLanguage":"es","@id":"https:\/\/chasquideportivo.com\/ecrt\/#\/schema\/logo\/image\/","url":"https:\/\/chasquideportivo.com\/ecrt\/wp-content\/uploads\/2022\/01\/logo-vertical.jpg","contentUrl":"https:\/\/chasquideportivo.com\/ecrt\/wp-content\/uploads\/2022\/01\/logo-vertical.jpg","width":612,"height":750,"caption":"Chasqui Deportivo"},"image":{"@id":"https:\/\/chasquideportivo.com\/ecrt\/#\/schema\/logo\/image\/"},"sameAs":["https:\/\/www.facebook.com\/chasquideportivo","https:\/\/x.com\/chasquidep","https:\/\/www.instagram.com\/chasquideportivo.ec","https:\/\/www.youtube.com\/channel\/UCGY8M-csHuxJuGRt4XrV90Q"]},{"@type":"Person","@id":"https:\/\/chasquideportivo.com\/ecrt\/#\/schema\/person\/d9e229fabae4c1e3f82cf66d802ca7b6","name":"kollage","image":{"@type":"ImageObject","inLanguage":"es","@id":"https:\/\/secure.gravatar.com\/avatar\/69b5388bf21dfca5434ca100f351036f1fbff72ba519ef8157b31bcc7fbfbb18?s=96&d=mm&r=g","url":"https:\/\/secure.gravatar.com\/avatar\/69b5388bf21dfca5434ca100f351036f1fbff72ba519ef8157b31bcc7fbfbb18?s=96&d=mm&r=g","contentUrl":"https:\/\/secure.gravatar.com\/avatar\/69b5388bf21dfca5434ca100f351036f1fbff72ba519ef8157b31bcc7fbfbb18?s=96&d=mm&r=g","caption":"kollage"},"sameAs":["https:\/\/chasquideportivo.com\/ecrt"],"url":"https:\/\/chasquideportivo.com\/ecrt\/author\/kollage\/"}]}},"_links":{"self":[{"href":"https:\/\/chasquideportivo.com\/ecrt\/wp-json\/wp\/v2\/posts\/4865","targetHints":{"allow":["GET"]}}],"collection":[{"href":"https:\/\/chasquideportivo.com\/ecrt\/wp-json\/wp\/v2\/posts"}],"about":[{"href":"https:\/\/chasquideportivo.com\/ecrt\/wp-json\/wp\/v2\/types\/post"}],"author":[{"embeddable":true,"href":"https:\/\/chasquideportivo.com\/ecrt\/wp-json\/wp\/v2\/users\/1"}],"replies":[{"embeddable":true,"href":"https:\/\/chasquideportivo.com\/ecrt\/wp-json\/wp\/v2\/comments?post=4865"}],"version-history":[{"count":1,"href":"https:\/\/chasquideportivo.com\/ecrt\/wp-json\/wp\/v2\/posts\/4865\/revisions"}],"predecessor-version":[{"id":6052,"href":"https:\/\/chasquideportivo.com\/ecrt\/wp-json\/wp\/v2\/posts\/4865\/revisions\/6052"}],"wp:attachment":[{"href":"https:\/\/chasquideportivo.com\/ecrt\/wp-json\/wp\/v2\/media?parent=4865"}],"wp:term":[{"taxonomy":"category","embeddable":true,"href":"https:\/\/chasquideportivo.com\/ecrt\/wp-json\/wp\/v2\/categories?post=4865"},{"taxonomy":"post_tag","embeddable":true,"href":"https:\/\/chasquideportivo.com\/ecrt\/wp-json\/wp\/v2\/tags?post=4865"}],"curies":[{"name":"wp","href":"https:\/\/api.w.org\/{rel}","templated":true}]}}