{"id":4791,"date":"2021-03-20T17:58:24","date_gmt":"2021-03-20T17:58:24","guid":{"rendered":"https:\/\/chasquideportivo.com\/ecrt\/2021\/03\/20\/ecuador-alista-maletas\/"},"modified":"2021-03-20T20:09:03","modified_gmt":"2021-03-20T20:09:03","slug":"ecuador-alista-maletas","status":"publish","type":"post","link":"https:\/\/chasquideportivo.com\/ecrt\/ecuador-alista-maletas\/","title":{"rendered":"Ecuador alista maletas"},"content":{"rendered":"<p>Los seleccionados sub 20 de Ecuador est\u00e1n listos para viajar al Mundial de Polonia. Jorge C\u00e9lico realiz\u00f3 los \u00faltimos entrenamientos en el pa\u00eds. La selecci\u00f3n viaja este martes con la ilusi\u00f3n de realizar un buen papel en el evento mundial. La noche del domingo los jugadores llegaron a la Casa de la Selecci\u00f3n.<\/p>\n<p>Gran ambiente de alegr\u00eda se observ\u00f3 en la Casa de la Selecci\u00f3n la noche del domingo, cuando arribaron los tricolores que tendr\u00e1n la responsabilidad de representar al Ecuador y\u00a0 la regi\u00f3n, como campeones sudamericanos, en la Copa Mundial Sub- 20 de la Fifa Polonia 2019.<\/p>\n<p>Al momento son 15 los jugadores que ya est\u00e1n a orden del Cuerpo T\u00e9cnico comandado por el Profesor Jorge C\u00e9lico. En las pr\u00f3ximas horas se unir\u00e1 a la concentraci\u00f3n el jugador de los registros de Barcelona S.C Leonardo Campana quien tuvo actividad dentro del campeonato local.<\/p>\n<p>A las 09h45 #MiTrimundial tendr\u00e1 su \u00faltimo contacto con la Prensa, previo a su pr\u00e1ctica y, al viaje a Polonia, que ser\u00e1 a las 16h00 del martes 7 de mayo. All\u00e1, se unir\u00e1n los tricolores que militan en clubes del exterior.<\/p>\n<p>\u00a0<\/p>\n<p>2019-05-06 20:51:15<\/p>\n<p>Golazo<\/p>\n","protected":false},"excerpt":{"rendered":"<p>Los seleccionados sub 20 de Ecuador est\u00e1n listos para viajar al Mundial de Polonia. Jorge C\u00e9lico realiz\u00f3 los \u00faltimos entrenamientos en el pa\u00eds. La selecci\u00f3n viaja este martes con la ilusi\u00f3n de realizar un buen papel en el evento mundial. La noche del domingo los jugadores llegaron a la Casa de la Selecci\u00f3n. Gran ambiente [&hellip;]<\/p>\n","protected":false},"author":1,"featured_media":0,"comment_status":"open","ping_status":"open","sticky":false,"template":"","format":"standard","meta":{"_et_pb_use_builder":"","_et_pb_old_content":"","_et_gb_content_width":"","footnotes":""},"categories":[18],"tags":[37,36,35,34,39,28,23,20,22,24,19,38,21,41,40,3,6,31,25,42,29,30,27,26,33,32],"class_list":["post-4791","post","type-post","status-publish","format-standard","hentry","category-golazo","tag-37","tag-36","tag-35","tag-34","tag-actividad-deportiva","tag-barriales","tag-barrio","tag-chasqui","tag-chasqui-deportivo","tag-deporte","tag-deporte-barrial-ecuatoriano","tag-deportistas","tag-deportivo","tag-deportivos","tag-dirigentcia","tag-dirigentes","tag-ecuador","tag-ecuatorianas","tag-ecuatoriano","tag-ecuatorianos","tag-futbol","tag-futbolistas","tag-ligas","tag-ligas-barriales-ecuador","tag-pais","tag-quito"],"yoast_head":"<!-- This site is optimized with the Yoast SEO plugin v27.5 - https:\/\/yoast.com\/product\/yoast-seo-wordpress\/ -->\n<title>Ecuador alista maletas - ChasquiDeportivo<\/title>\n<meta name=\"description\" content=\"Chasqui Deportivo | Informaci\u00f3n y comunicaci\u00f3n, reportajes, noticias, entrevistas en el \u00e1rea del deporte local, nacional.\" \/>\n<meta name=\"robots\" content=\"index, follow, max-snippet:-1, max-image-preview:large, max-video-preview:-1\" \/>\n<link rel=\"canonical\" href=\"https:\/\/chasquideportivo.com\/ecrt\/ecuador-alista-maletas\/\" \/>\n<meta property=\"og:locale\" content=\"es_ES\" \/>\n<meta property=\"og:type\" content=\"article\" \/>\n<meta property=\"og:title\" content=\"Ecuador alista maletas - ChasquiDeportivo\" \/>\n<meta property=\"og:description\" content=\"Chasqui Deportivo | Informaci\u00f3n y comunicaci\u00f3n, reportajes, noticias, entrevistas en el \u00e1rea del deporte local, nacional.\" \/>\n<meta property=\"og:url\" content=\"https:\/\/chasquideportivo.com\/ecrt\/ecuador-alista-maletas\/\" \/>\n<meta property=\"og:site_name\" content=\"ChasquiDeportivo\" \/>\n<meta property=\"article:publisher\" content=\"https:\/\/www.facebook.com\/chasquideportivo\" \/>\n<meta property=\"article:published_time\" content=\"2021-03-20T17:58:24+00:00\" \/>\n<meta property=\"article:modified_time\" content=\"2021-03-20T20:09:03+00:00\" \/>\n<meta name=\"author\" content=\"kollage\" \/>\n<meta name=\"twitter:card\" content=\"summary_large_image\" \/>\n<meta name=\"twitter:creator\" content=\"@chasquidep\" \/>\n<meta name=\"twitter:site\" content=\"@chasquidep\" \/>\n<meta name=\"twitter:label1\" content=\"Escrito por\" \/>\n\t<meta name=\"twitter:data1\" content=\"kollage\" \/>\n\t<meta name=\"twitter:label2\" content=\"Tiempo de lectura\" \/>\n\t<meta name=\"twitter:data2\" content=\"1 minuto\" \/>\n<script type=\"application\/ld+json\" class=\"yoast-schema-graph\">{\"@context\":\"https:\\\/\\\/schema.org\",\"@graph\":[{\"@type\":\"Article\",\"@id\":\"https:\\\/\\\/chasquideportivo.com\\\/ecrt\\\/ecuador-alista-maletas\\\/#article\",\"isPartOf\":{\"@id\":\"https:\\\/\\\/chasquideportivo.com\\\/ecrt\\\/ecuador-alista-maletas\\\/\"},\"author\":{\"name\":\"kollage\",\"@id\":\"https:\\\/\\\/chasquideportivo.com\\\/ecrt\\\/#\\\/schema\\\/person\\\/d9e229fabae4c1e3f82cf66d802ca7b6\"},\"headline\":\"Ecuador alista maletas\",\"datePublished\":\"2021-03-20T17:58:24+00:00\",\"dateModified\":\"2021-03-20T20:09:03+00:00\",\"mainEntityOfPage\":{\"@id\":\"https:\\\/\\\/chasquideportivo.com\\\/ecrt\\\/ecuador-alista-maletas\\\/\"},\"wordCount\":204,\"commentCount\":0,\"publisher\":{\"@id\":\"https:\\\/\\\/chasquideportivo.com\\\/ecrt\\\/#organization\"},\"keywords\":[\"2018\",\"2019\",\"2020\",\"2021\",\"actividad deportiva\",\"barriales\",\"barrio\",\"chasqui\",\"chasqui deportivo\",\"deporte\",\"deporte barrial ecuatoriano\",\"deportistas\",\"deportivo\",\"deportivos\",\"dirigentcia\",\"dirigentes\",\"ecuador\",\"ecuatorianas\",\"ecuatoriano\",\"ecuatorianos\",\"futbol\",\"futbolistas\",\"ligas\",\"ligas barriales ecuador\",\"pa\u00eds\",\"quito\"],\"articleSection\":[\"Golazo\"],\"inLanguage\":\"es\",\"potentialAction\":[{\"@type\":\"CommentAction\",\"name\":\"Comment\",\"target\":[\"https:\\\/\\\/chasquideportivo.com\\\/ecrt\\\/ecuador-alista-maletas\\\/#respond\"]}]},{\"@type\":\"WebPage\",\"@id\":\"https:\\\/\\\/chasquideportivo.com\\\/ecrt\\\/ecuador-alista-maletas\\\/\",\"url\":\"https:\\\/\\\/chasquideportivo.com\\\/ecrt\\\/ecuador-alista-maletas\\\/\",\"name\":\"Ecuador alista maletas - ChasquiDeportivo\",\"isPartOf\":{\"@id\":\"https:\\\/\\\/chasquideportivo.com\\\/ecrt\\\/#website\"},\"datePublished\":\"2021-03-20T17:58:24+00:00\",\"dateModified\":\"2021-03-20T20:09:03+00:00\",\"description\":\"Chasqui Deportivo | Informaci\u00f3n y comunicaci\u00f3n, reportajes, noticias, entrevistas en el \u00e1rea del deporte local, nacional.\",\"breadcrumb\":{\"@id\":\"https:\\\/\\\/chasquideportivo.com\\\/ecrt\\\/ecuador-alista-maletas\\\/#breadcrumb\"},\"inLanguage\":\"es\",\"potentialAction\":[{\"@type\":\"ReadAction\",\"target\":[\"https:\\\/\\\/chasquideportivo.com\\\/ecrt\\\/ecuador-alista-maletas\\\/\"]}]},{\"@type\":\"BreadcrumbList\",\"@id\":\"https:\\\/\\\/chasquideportivo.com\\\/ecrt\\\/ecuador-alista-maletas\\\/#breadcrumb\",\"itemListElement\":[{\"@type\":\"ListItem\",\"position\":1,\"name\":\"Portada | Chasqui Deportivo\",\"item\":\"https:\\\/\\\/chasquideportivo.com\\\/ecrt\\\/\"},{\"@type\":\"ListItem\",\"position\":2,\"name\":\"Archivo\",\"item\":\"https:\\\/\\\/chasquideportivo.com\\\/ecrt\\\/category\\\/archivo\\\/\"},{\"@type\":\"ListItem\",\"position\":3,\"name\":\"Golazo\",\"item\":\"https:\\\/\\\/chasquideportivo.com\\\/ecrt\\\/category\\\/archivo\\\/golazo\\\/\"},{\"@type\":\"ListItem\",\"position\":4,\"name\":\"Ecuador alista maletas\"}]},{\"@type\":\"WebSite\",\"@id\":\"https:\\\/\\\/chasquideportivo.com\\\/ecrt\\\/#website\",\"url\":\"https:\\\/\\\/chasquideportivo.com\\\/ecrt\\\/\",\"name\":\"ChasquiDeportivo\",\"description\":\"Informaci&oacute;n y comunicaci&oacute;n, reportajes, noticias, entrevistas en el &aacute;rea del deporte local, nacional.\",\"publisher\":{\"@id\":\"https:\\\/\\\/chasquideportivo.com\\\/ecrt\\\/#organization\"},\"potentialAction\":[{\"@type\":\"SearchAction\",\"target\":{\"@type\":\"EntryPoint\",\"urlTemplate\":\"https:\\\/\\\/chasquideportivo.com\\\/ecrt\\\/?s={search_term_string}\"},\"query-input\":{\"@type\":\"PropertyValueSpecification\",\"valueRequired\":true,\"valueName\":\"search_term_string\"}}],\"inLanguage\":\"es\"},{\"@type\":\"Organization\",\"@id\":\"https:\\\/\\\/chasquideportivo.com\\\/ecrt\\\/#organization\",\"name\":\"Chasqui Deportivo\",\"url\":\"https:\\\/\\\/chasquideportivo.com\\\/ecrt\\\/\",\"logo\":{\"@type\":\"ImageObject\",\"inLanguage\":\"es\",\"@id\":\"https:\\\/\\\/chasquideportivo.com\\\/ecrt\\\/#\\\/schema\\\/logo\\\/image\\\/\",\"url\":\"https:\\\/\\\/chasquideportivo.com\\\/ecrt\\\/wp-content\\\/uploads\\\/2022\\\/01\\\/logo-vertical.jpg\",\"contentUrl\":\"https:\\\/\\\/chasquideportivo.com\\\/ecrt\\\/wp-content\\\/uploads\\\/2022\\\/01\\\/logo-vertical.jpg\",\"width\":612,\"height\":750,\"caption\":\"Chasqui Deportivo\"},\"image\":{\"@id\":\"https:\\\/\\\/chasquideportivo.com\\\/ecrt\\\/#\\\/schema\\\/logo\\\/image\\\/\"},\"sameAs\":[\"https:\\\/\\\/www.facebook.com\\\/chasquideportivo\",\"https:\\\/\\\/x.com\\\/chasquidep\",\"https:\\\/\\\/www.instagram.com\\\/chasquideportivo.ec\",\"https:\\\/\\\/www.youtube.com\\\/channel\\\/UCGY8M-csHuxJuGRt4XrV90Q\"]},{\"@type\":\"Person\",\"@id\":\"https:\\\/\\\/chasquideportivo.com\\\/ecrt\\\/#\\\/schema\\\/person\\\/d9e229fabae4c1e3f82cf66d802ca7b6\",\"name\":\"kollage\",\"image\":{\"@type\":\"ImageObject\",\"inLanguage\":\"es\",\"@id\":\"https:\\\/\\\/secure.gravatar.com\\\/avatar\\\/69b5388bf21dfca5434ca100f351036f1fbff72ba519ef8157b31bcc7fbfbb18?s=96&d=mm&r=g\",\"url\":\"https:\\\/\\\/secure.gravatar.com\\\/avatar\\\/69b5388bf21dfca5434ca100f351036f1fbff72ba519ef8157b31bcc7fbfbb18?s=96&d=mm&r=g\",\"contentUrl\":\"https:\\\/\\\/secure.gravatar.com\\\/avatar\\\/69b5388bf21dfca5434ca100f351036f1fbff72ba519ef8157b31bcc7fbfbb18?s=96&d=mm&r=g\",\"caption\":\"kollage\"},\"sameAs\":[\"https:\\\/\\\/chasquideportivo.com\\\/ecrt\"],\"url\":\"https:\\\/\\\/chasquideportivo.com\\\/ecrt\\\/author\\\/kollage\\\/\"}]}<\/script>\n<!-- \/ Yoast SEO plugin. -->","yoast_head_json":{"title":"Ecuador alista maletas - ChasquiDeportivo","description":"Chasqui Deportivo | Informaci\u00f3n y comunicaci\u00f3n, reportajes, noticias, entrevistas en el \u00e1rea del deporte local, nacional.","robots":{"index":"index","follow":"follow","max-snippet":"max-snippet:-1","max-image-preview":"max-image-preview:large","max-video-preview":"max-video-preview:-1"},"canonical":"https:\/\/chasquideportivo.com\/ecrt\/ecuador-alista-maletas\/","og_locale":"es_ES","og_type":"article","og_title":"Ecuador alista maletas - ChasquiDeportivo","og_description":"Chasqui Deportivo | Informaci\u00f3n y comunicaci\u00f3n, reportajes, noticias, entrevistas en el \u00e1rea del deporte local, nacional.","og_url":"https:\/\/chasquideportivo.com\/ecrt\/ecuador-alista-maletas\/","og_site_name":"ChasquiDeportivo","article_publisher":"https:\/\/www.facebook.com\/chasquideportivo","article_published_time":"2021-03-20T17:58:24+00:00","article_modified_time":"2021-03-20T20:09:03+00:00","author":"kollage","twitter_card":"summary_large_image","twitter_creator":"@chasquidep","twitter_site":"@chasquidep","twitter_misc":{"Escrito por":"kollage","Tiempo de lectura":"1 minuto"},"schema":{"@context":"https:\/\/schema.org","@graph":[{"@type":"Article","@id":"https:\/\/chasquideportivo.com\/ecrt\/ecuador-alista-maletas\/#article","isPartOf":{"@id":"https:\/\/chasquideportivo.com\/ecrt\/ecuador-alista-maletas\/"},"author":{"name":"kollage","@id":"https:\/\/chasquideportivo.com\/ecrt\/#\/schema\/person\/d9e229fabae4c1e3f82cf66d802ca7b6"},"headline":"Ecuador alista maletas","datePublished":"2021-03-20T17:58:24+00:00","dateModified":"2021-03-20T20:09:03+00:00","mainEntityOfPage":{"@id":"https:\/\/chasquideportivo.com\/ecrt\/ecuador-alista-maletas\/"},"wordCount":204,"commentCount":0,"publisher":{"@id":"https:\/\/chasquideportivo.com\/ecrt\/#organization"},"keywords":["2018","2019","2020","2021","actividad deportiva","barriales","barrio","chasqui","chasqui deportivo","deporte","deporte barrial ecuatoriano","deportistas","deportivo","deportivos","dirigentcia","dirigentes","ecuador","ecuatorianas","ecuatoriano","ecuatorianos","futbol","futbolistas","ligas","ligas barriales ecuador","pa\u00eds","quito"],"articleSection":["Golazo"],"inLanguage":"es","potentialAction":[{"@type":"CommentAction","name":"Comment","target":["https:\/\/chasquideportivo.com\/ecrt\/ecuador-alista-maletas\/#respond"]}]},{"@type":"WebPage","@id":"https:\/\/chasquideportivo.com\/ecrt\/ecuador-alista-maletas\/","url":"https:\/\/chasquideportivo.com\/ecrt\/ecuador-alista-maletas\/","name":"Ecuador alista maletas - ChasquiDeportivo","isPartOf":{"@id":"https:\/\/chasquideportivo.com\/ecrt\/#website"},"datePublished":"2021-03-20T17:58:24+00:00","dateModified":"2021-03-20T20:09:03+00:00","description":"Chasqui Deportivo | Informaci\u00f3n y comunicaci\u00f3n, reportajes, noticias, entrevistas en el \u00e1rea del deporte local, nacional.","breadcrumb":{"@id":"https:\/\/chasquideportivo.com\/ecrt\/ecuador-alista-maletas\/#breadcrumb"},"inLanguage":"es","potentialAction":[{"@type":"ReadAction","target":["https:\/\/chasquideportivo.com\/ecrt\/ecuador-alista-maletas\/"]}]},{"@type":"BreadcrumbList","@id":"https:\/\/chasquideportivo.com\/ecrt\/ecuador-alista-maletas\/#breadcrumb","itemListElement":[{"@type":"ListItem","position":1,"name":"Portada | Chasqui Deportivo","item":"https:\/\/chasquideportivo.com\/ecrt\/"},{"@type":"ListItem","position":2,"name":"Archivo","item":"https:\/\/chasquideportivo.com\/ecrt\/category\/archivo\/"},{"@type":"ListItem","position":3,"name":"Golazo","item":"https:\/\/chasquideportivo.com\/ecrt\/category\/archivo\/golazo\/"},{"@type":"ListItem","position":4,"name":"Ecuador alista maletas"}]},{"@type":"WebSite","@id":"https:\/\/chasquideportivo.com\/ecrt\/#website","url":"https:\/\/chasquideportivo.com\/ecrt\/","name":"ChasquiDeportivo","description":"Informaci&oacute;n y comunicaci&oacute;n, reportajes, noticias, entrevistas en el &aacute;rea del deporte local, nacional.","publisher":{"@id":"https:\/\/chasquideportivo.com\/ecrt\/#organization"},"potentialAction":[{"@type":"SearchAction","target":{"@type":"EntryPoint","urlTemplate":"https:\/\/chasquideportivo.com\/ecrt\/?s={search_term_string}"},"query-input":{"@type":"PropertyValueSpecification","valueRequired":true,"valueName":"search_term_string"}}],"inLanguage":"es"},{"@type":"Organization","@id":"https:\/\/chasquideportivo.com\/ecrt\/#organization","name":"Chasqui Deportivo","url":"https:\/\/chasquideportivo.com\/ecrt\/","logo":{"@type":"ImageObject","inLanguage":"es","@id":"https:\/\/chasquideportivo.com\/ecrt\/#\/schema\/logo\/image\/","url":"https:\/\/chasquideportivo.com\/ecrt\/wp-content\/uploads\/2022\/01\/logo-vertical.jpg","contentUrl":"https:\/\/chasquideportivo.com\/ecrt\/wp-content\/uploads\/2022\/01\/logo-vertical.jpg","width":612,"height":750,"caption":"Chasqui Deportivo"},"image":{"@id":"https:\/\/chasquideportivo.com\/ecrt\/#\/schema\/logo\/image\/"},"sameAs":["https:\/\/www.facebook.com\/chasquideportivo","https:\/\/x.com\/chasquidep","https:\/\/www.instagram.com\/chasquideportivo.ec","https:\/\/www.youtube.com\/channel\/UCGY8M-csHuxJuGRt4XrV90Q"]},{"@type":"Person","@id":"https:\/\/chasquideportivo.com\/ecrt\/#\/schema\/person\/d9e229fabae4c1e3f82cf66d802ca7b6","name":"kollage","image":{"@type":"ImageObject","inLanguage":"es","@id":"https:\/\/secure.gravatar.com\/avatar\/69b5388bf21dfca5434ca100f351036f1fbff72ba519ef8157b31bcc7fbfbb18?s=96&d=mm&r=g","url":"https:\/\/secure.gravatar.com\/avatar\/69b5388bf21dfca5434ca100f351036f1fbff72ba519ef8157b31bcc7fbfbb18?s=96&d=mm&r=g","contentUrl":"https:\/\/secure.gravatar.com\/avatar\/69b5388bf21dfca5434ca100f351036f1fbff72ba519ef8157b31bcc7fbfbb18?s=96&d=mm&r=g","caption":"kollage"},"sameAs":["https:\/\/chasquideportivo.com\/ecrt"],"url":"https:\/\/chasquideportivo.com\/ecrt\/author\/kollage\/"}]}},"_links":{"self":[{"href":"https:\/\/chasquideportivo.com\/ecrt\/wp-json\/wp\/v2\/posts\/4791","targetHints":{"allow":["GET"]}}],"collection":[{"href":"https:\/\/chasquideportivo.com\/ecrt\/wp-json\/wp\/v2\/posts"}],"about":[{"href":"https:\/\/chasquideportivo.com\/ecrt\/wp-json\/wp\/v2\/types\/post"}],"author":[{"embeddable":true,"href":"https:\/\/chasquideportivo.com\/ecrt\/wp-json\/wp\/v2\/users\/1"}],"replies":[{"embeddable":true,"href":"https:\/\/chasquideportivo.com\/ecrt\/wp-json\/wp\/v2\/comments?post=4791"}],"version-history":[{"count":1,"href":"https:\/\/chasquideportivo.com\/ecrt\/wp-json\/wp\/v2\/posts\/4791\/revisions"}],"predecessor-version":[{"id":6825,"href":"https:\/\/chasquideportivo.com\/ecrt\/wp-json\/wp\/v2\/posts\/4791\/revisions\/6825"}],"wp:attachment":[{"href":"https:\/\/chasquideportivo.com\/ecrt\/wp-json\/wp\/v2\/media?parent=4791"}],"wp:term":[{"taxonomy":"category","embeddable":true,"href":"https:\/\/chasquideportivo.com\/ecrt\/wp-json\/wp\/v2\/categories?post=4791"},{"taxonomy":"post_tag","embeddable":true,"href":"https:\/\/chasquideportivo.com\/ecrt\/wp-json\/wp\/v2\/tags?post=4791"}],"curies":[{"name":"wp","href":"https:\/\/api.w.org\/{rel}","templated":true}]}}