{"id":4624,"date":"2021-03-20T17:58:04","date_gmt":"2021-03-20T17:58:04","guid":{"rendered":"https:\/\/chasquideportivo.com\/ecrt\/2021\/03\/20\/ecuador-en-busca-del-cupo-mundialista\/"},"modified":"2021-03-20T20:24:29","modified_gmt":"2021-03-20T20:24:29","slug":"ecuador-en-busca-del-cupo-mundialista","status":"publish","type":"post","link":"https:\/\/chasquideportivo.com\/ecrt\/ecuador-en-busca-del-cupo-mundialista\/","title":{"rendered":"Ecuador en busca del cupo mundialista"},"content":{"rendered":"<p>La selecci\u00f3n sub 20 de Ecuador debuta este viernes en el torneo Sudamericano que se realiza en Chile, ante Paraguay. El t\u00e9cnico Jorge C\u00e9lico, tiene listo el plantel titular para iniciar con pie derecho en el evento internacional. El debut en esta categor\u00eda de la selecci\u00f3n ecuatoriana de f\u00fatbol se produjo el 23 de marzo en el estadio de la Universidad Cat\u00f3lica de Venezuela, frente al combinado nacional de Chile, empat\u00f3 1&#215;1.<\/p>\n<p>El Primer Campeonato Sudamericano Sub. 20 se jug\u00f3 en 1954 en Caracas, Venezuela, con la participaci\u00f3n de ocho selecciones de esta parte del continente, toda vez que Argentina se excus\u00f3 por estar invitada al Campeonato Mundial Juvenil, por invitaci\u00f3n, que organiz\u00f3 Alemania, ese mismo a\u00f1o; y tampoco acudi\u00f3 Bolivia, por lo que la organizaci\u00f3n decidi\u00f3 adicionar a Panam\u00e1.&nbsp;<\/p>\n<p>La Tri, dirigida por Dant\u00f3n Marriot, aline\u00f3 con Sixto Suarez (Santiago Elizalde); Luciano Mac\u00edas, Gonzalo G\u00f3ngora (Ra\u00fal Arguello), Miguel Est\u00e9vez y Gustavo Guerrero; Francisco Jord\u00e1n, Cl\u00edmaco Ca\u00f1arte (81) y Gonzalo Salcedo; Edgar Torel, Leonardo Palacios y Victor Quevedo.&nbsp;<\/p>\n<p>El campeonato fue ganado de manera invita por Uruguay, seguido por Brasil.Ecuador ocup\u00f3 el octavo casillero, delante de Panam\u00e1.<\/p>\n<p>ECUADOR VICECAMPEON SUDAMERICANO<\/p>\n<p>En el 2017 Ecuador fue por tercera ocasi\u00f3n sede del Sudamericano Sub. 20, tambi\u00e9n denominado como \u201cJuventud de Am\u00e9rica\u201d. El \u00e9xito de nuestro pa\u00eds no fue solo en lo organizativo sino tambi\u00e9n en lo competitivo pues por primera ocasi\u00f3n alcanzamos el t\u00edtulo de subcampeones, luego de una hist\u00f3rica final en la que cay\u00f3 por uno a dos ante Uruguay que de esta manera obtuvo su octava corona en la categor\u00eda.<\/p>\n<p>En la primera fase la Tri fue derrotada por Brasil por uno a cero, luego super\u00f3 a Colombia por cuatro a tres, empat\u00f3 con Chile uno a uno y venci\u00f3 a Paraguay 2 a 1, compartiendo el primer lugar con Colombia y Brasil.<\/p>\n<p>En la fase final empat\u00f3 2 a 2 con Brasil, cay\u00f3 por 2 a 4 ante Venezuela, derrot\u00f3 por 3 a 0 a Argentina y por mismo marcador a Colombia, y fue derrotada por 1 a 2 por Uruguay en la final.<\/p>\n<p>Adem\u00e1s del subt\u00edtulo, la Tri se adjudic\u00f3 el premio fair play y clasific\u00f3 al Mundial Sub-20 Corea del Sur 2017. Bryan Cabezas, quien acaba de fichar por el C.S. Emelec, fue el goleador de la competici\u00f3n con cinco anotaciones.&nbsp;<\/p>\n<p>El equipo tricolor estuvo dirigido por el Prof. Javier Rodr\u00edguez y conformado por Jos\u00e9 Gabriel Cevallos, Gabriel Carabal\u00ed, Giancarlos Terreros, William Vargas, Byron Castillo, Kevin Minda, Luis Segovia, F\u00e9lix Torres, Joel Quinteros, Pervis Estupi\u00f1\u00e1n, Joel Montezuma, Juan Nazareno, Renny Jaramillo, Joao Rojas, Jhegson M\u00e9ndez, Jordan Sierra, Adolfo Mu\u00f1oz, Bryan Cabezas, Wilter Ayov\u00ed, Jordy Caicedo, Jhon Pereyra, Washington Corozo y Herlin Lino.&nbsp;<\/p>\n<p>Anteriormente las mejores ubicaciones de la Tri fueron cuartos lugares en 1992 en Colombia, en 1995 en Bolivia y en el 2011 en Per\u00fa.<\/p>\n<p>2019-01-18 13:26:33<\/p>\n<p>Golazo<\/p>\n","protected":false},"excerpt":{"rendered":"<p>La selecci\u00f3n sub 20 de Ecuador debuta este viernes en el torneo Sudamericano que se realiza en Chile, ante Paraguay. El t\u00e9cnico Jorge C\u00e9lico, tiene listo el plantel titular para iniciar con pie derecho en el evento internacional. El debut en esta categor\u00eda de la selecci\u00f3n ecuatoriana de f\u00fatbol se produjo el 23 de marzo [&hellip;]<\/p>\n","protected":false},"author":1,"featured_media":0,"comment_status":"open","ping_status":"open","sticky":false,"template":"","format":"standard","meta":{"_et_pb_use_builder":"","_et_pb_old_content":"","_et_gb_content_width":"","footnotes":""},"categories":[18],"tags":[37,36,35,34,39,28,23,20,22,24,19,38,21,41,40,3,6,31,25,42,29,30,27,26,33,32],"class_list":["post-4624","post","type-post","status-publish","format-standard","hentry","category-golazo","tag-37","tag-36","tag-35","tag-34","tag-actividad-deportiva","tag-barriales","tag-barrio","tag-chasqui","tag-chasqui-deportivo","tag-deporte","tag-deporte-barrial-ecuatoriano","tag-deportistas","tag-deportivo","tag-deportivos","tag-dirigentcia","tag-dirigentes","tag-ecuador","tag-ecuatorianas","tag-ecuatoriano","tag-ecuatorianos","tag-futbol","tag-futbolistas","tag-ligas","tag-ligas-barriales-ecuador","tag-pais","tag-quito"],"yoast_head":"<!-- This site is optimized with the Yoast SEO plugin v27.5 - https:\/\/yoast.com\/product\/yoast-seo-wordpress\/ -->\n<title>Ecuador en busca del cupo mundialista - ChasquiDeportivo<\/title>\n<meta name=\"description\" content=\"Chasqui Deportivo | Informaci\u00f3n y comunicaci\u00f3n, reportajes, noticias, entrevistas en el \u00e1rea del deporte local, nacional.\" \/>\n<meta name=\"robots\" content=\"index, follow, max-snippet:-1, max-image-preview:large, max-video-preview:-1\" \/>\n<link rel=\"canonical\" href=\"https:\/\/chasquideportivo.com\/ecrt\/ecuador-en-busca-del-cupo-mundialista\/\" \/>\n<meta property=\"og:locale\" content=\"es_ES\" \/>\n<meta property=\"og:type\" content=\"article\" \/>\n<meta property=\"og:title\" content=\"Ecuador en busca del cupo mundialista - ChasquiDeportivo\" \/>\n<meta property=\"og:description\" content=\"Chasqui Deportivo | Informaci\u00f3n y comunicaci\u00f3n, reportajes, noticias, entrevistas en el \u00e1rea del deporte local, nacional.\" \/>\n<meta property=\"og:url\" content=\"https:\/\/chasquideportivo.com\/ecrt\/ecuador-en-busca-del-cupo-mundialista\/\" \/>\n<meta property=\"og:site_name\" content=\"ChasquiDeportivo\" \/>\n<meta property=\"article:publisher\" content=\"https:\/\/www.facebook.com\/chasquideportivo\" \/>\n<meta property=\"article:published_time\" content=\"2021-03-20T17:58:04+00:00\" \/>\n<meta property=\"article:modified_time\" content=\"2021-03-20T20:24:29+00:00\" \/>\n<meta name=\"author\" content=\"kollage\" \/>\n<meta name=\"twitter:card\" content=\"summary_large_image\" \/>\n<meta name=\"twitter:creator\" content=\"@chasquidep\" \/>\n<meta name=\"twitter:site\" content=\"@chasquidep\" \/>\n<meta name=\"twitter:label1\" content=\"Escrito por\" \/>\n\t<meta name=\"twitter:data1\" content=\"kollage\" \/>\n\t<meta name=\"twitter:label2\" content=\"Tiempo de lectura\" \/>\n\t<meta name=\"twitter:data2\" content=\"2 minutos\" \/>\n<script type=\"application\/ld+json\" class=\"yoast-schema-graph\">{\"@context\":\"https:\\\/\\\/schema.org\",\"@graph\":[{\"@type\":\"Article\",\"@id\":\"https:\\\/\\\/chasquideportivo.com\\\/ecrt\\\/ecuador-en-busca-del-cupo-mundialista\\\/#article\",\"isPartOf\":{\"@id\":\"https:\\\/\\\/chasquideportivo.com\\\/ecrt\\\/ecuador-en-busca-del-cupo-mundialista\\\/\"},\"author\":{\"name\":\"kollage\",\"@id\":\"https:\\\/\\\/chasquideportivo.com\\\/ecrt\\\/#\\\/schema\\\/person\\\/d9e229fabae4c1e3f82cf66d802ca7b6\"},\"headline\":\"Ecuador en busca del cupo mundialista\",\"datePublished\":\"2021-03-20T17:58:04+00:00\",\"dateModified\":\"2021-03-20T20:24:29+00:00\",\"mainEntityOfPage\":{\"@id\":\"https:\\\/\\\/chasquideportivo.com\\\/ecrt\\\/ecuador-en-busca-del-cupo-mundialista\\\/\"},\"wordCount\":499,\"commentCount\":0,\"publisher\":{\"@id\":\"https:\\\/\\\/chasquideportivo.com\\\/ecrt\\\/#organization\"},\"keywords\":[\"2018\",\"2019\",\"2020\",\"2021\",\"actividad deportiva\",\"barriales\",\"barrio\",\"chasqui\",\"chasqui deportivo\",\"deporte\",\"deporte barrial ecuatoriano\",\"deportistas\",\"deportivo\",\"deportivos\",\"dirigentcia\",\"dirigentes\",\"ecuador\",\"ecuatorianas\",\"ecuatoriano\",\"ecuatorianos\",\"futbol\",\"futbolistas\",\"ligas\",\"ligas barriales ecuador\",\"pa\u00eds\",\"quito\"],\"articleSection\":[\"Golazo\"],\"inLanguage\":\"es\",\"potentialAction\":[{\"@type\":\"CommentAction\",\"name\":\"Comment\",\"target\":[\"https:\\\/\\\/chasquideportivo.com\\\/ecrt\\\/ecuador-en-busca-del-cupo-mundialista\\\/#respond\"]}]},{\"@type\":\"WebPage\",\"@id\":\"https:\\\/\\\/chasquideportivo.com\\\/ecrt\\\/ecuador-en-busca-del-cupo-mundialista\\\/\",\"url\":\"https:\\\/\\\/chasquideportivo.com\\\/ecrt\\\/ecuador-en-busca-del-cupo-mundialista\\\/\",\"name\":\"Ecuador en busca del cupo mundialista - ChasquiDeportivo\",\"isPartOf\":{\"@id\":\"https:\\\/\\\/chasquideportivo.com\\\/ecrt\\\/#website\"},\"datePublished\":\"2021-03-20T17:58:04+00:00\",\"dateModified\":\"2021-03-20T20:24:29+00:00\",\"description\":\"Chasqui Deportivo | Informaci\u00f3n y comunicaci\u00f3n, reportajes, noticias, entrevistas en el \u00e1rea del deporte local, nacional.\",\"breadcrumb\":{\"@id\":\"https:\\\/\\\/chasquideportivo.com\\\/ecrt\\\/ecuador-en-busca-del-cupo-mundialista\\\/#breadcrumb\"},\"inLanguage\":\"es\",\"potentialAction\":[{\"@type\":\"ReadAction\",\"target\":[\"https:\\\/\\\/chasquideportivo.com\\\/ecrt\\\/ecuador-en-busca-del-cupo-mundialista\\\/\"]}]},{\"@type\":\"BreadcrumbList\",\"@id\":\"https:\\\/\\\/chasquideportivo.com\\\/ecrt\\\/ecuador-en-busca-del-cupo-mundialista\\\/#breadcrumb\",\"itemListElement\":[{\"@type\":\"ListItem\",\"position\":1,\"name\":\"Portada | Chasqui Deportivo\",\"item\":\"https:\\\/\\\/chasquideportivo.com\\\/ecrt\\\/\"},{\"@type\":\"ListItem\",\"position\":2,\"name\":\"Archivo\",\"item\":\"https:\\\/\\\/chasquideportivo.com\\\/ecrt\\\/category\\\/archivo\\\/\"},{\"@type\":\"ListItem\",\"position\":3,\"name\":\"Golazo\",\"item\":\"https:\\\/\\\/chasquideportivo.com\\\/ecrt\\\/category\\\/archivo\\\/golazo\\\/\"},{\"@type\":\"ListItem\",\"position\":4,\"name\":\"Ecuador en busca del cupo mundialista\"}]},{\"@type\":\"WebSite\",\"@id\":\"https:\\\/\\\/chasquideportivo.com\\\/ecrt\\\/#website\",\"url\":\"https:\\\/\\\/chasquideportivo.com\\\/ecrt\\\/\",\"name\":\"ChasquiDeportivo\",\"description\":\"Informaci&oacute;n y comunicaci&oacute;n, reportajes, noticias, entrevistas en el &aacute;rea del deporte local, nacional.\",\"publisher\":{\"@id\":\"https:\\\/\\\/chasquideportivo.com\\\/ecrt\\\/#organization\"},\"potentialAction\":[{\"@type\":\"SearchAction\",\"target\":{\"@type\":\"EntryPoint\",\"urlTemplate\":\"https:\\\/\\\/chasquideportivo.com\\\/ecrt\\\/?s={search_term_string}\"},\"query-input\":{\"@type\":\"PropertyValueSpecification\",\"valueRequired\":true,\"valueName\":\"search_term_string\"}}],\"inLanguage\":\"es\"},{\"@type\":\"Organization\",\"@id\":\"https:\\\/\\\/chasquideportivo.com\\\/ecrt\\\/#organization\",\"name\":\"Chasqui Deportivo\",\"url\":\"https:\\\/\\\/chasquideportivo.com\\\/ecrt\\\/\",\"logo\":{\"@type\":\"ImageObject\",\"inLanguage\":\"es\",\"@id\":\"https:\\\/\\\/chasquideportivo.com\\\/ecrt\\\/#\\\/schema\\\/logo\\\/image\\\/\",\"url\":\"https:\\\/\\\/chasquideportivo.com\\\/ecrt\\\/wp-content\\\/uploads\\\/2022\\\/01\\\/logo-vertical.jpg\",\"contentUrl\":\"https:\\\/\\\/chasquideportivo.com\\\/ecrt\\\/wp-content\\\/uploads\\\/2022\\\/01\\\/logo-vertical.jpg\",\"width\":612,\"height\":750,\"caption\":\"Chasqui Deportivo\"},\"image\":{\"@id\":\"https:\\\/\\\/chasquideportivo.com\\\/ecrt\\\/#\\\/schema\\\/logo\\\/image\\\/\"},\"sameAs\":[\"https:\\\/\\\/www.facebook.com\\\/chasquideportivo\",\"https:\\\/\\\/x.com\\\/chasquidep\",\"https:\\\/\\\/www.instagram.com\\\/chasquideportivo.ec\",\"https:\\\/\\\/www.youtube.com\\\/channel\\\/UCGY8M-csHuxJuGRt4XrV90Q\"]},{\"@type\":\"Person\",\"@id\":\"https:\\\/\\\/chasquideportivo.com\\\/ecrt\\\/#\\\/schema\\\/person\\\/d9e229fabae4c1e3f82cf66d802ca7b6\",\"name\":\"kollage\",\"image\":{\"@type\":\"ImageObject\",\"inLanguage\":\"es\",\"@id\":\"https:\\\/\\\/secure.gravatar.com\\\/avatar\\\/69b5388bf21dfca5434ca100f351036f1fbff72ba519ef8157b31bcc7fbfbb18?s=96&d=mm&r=g\",\"url\":\"https:\\\/\\\/secure.gravatar.com\\\/avatar\\\/69b5388bf21dfca5434ca100f351036f1fbff72ba519ef8157b31bcc7fbfbb18?s=96&d=mm&r=g\",\"contentUrl\":\"https:\\\/\\\/secure.gravatar.com\\\/avatar\\\/69b5388bf21dfca5434ca100f351036f1fbff72ba519ef8157b31bcc7fbfbb18?s=96&d=mm&r=g\",\"caption\":\"kollage\"},\"sameAs\":[\"https:\\\/\\\/chasquideportivo.com\\\/ecrt\"],\"url\":\"https:\\\/\\\/chasquideportivo.com\\\/ecrt\\\/author\\\/kollage\\\/\"}]}<\/script>\n<!-- \/ Yoast SEO plugin. -->","yoast_head_json":{"title":"Ecuador en busca del cupo mundialista - ChasquiDeportivo","description":"Chasqui Deportivo | Informaci\u00f3n y comunicaci\u00f3n, reportajes, noticias, entrevistas en el \u00e1rea del deporte local, nacional.","robots":{"index":"index","follow":"follow","max-snippet":"max-snippet:-1","max-image-preview":"max-image-preview:large","max-video-preview":"max-video-preview:-1"},"canonical":"https:\/\/chasquideportivo.com\/ecrt\/ecuador-en-busca-del-cupo-mundialista\/","og_locale":"es_ES","og_type":"article","og_title":"Ecuador en busca del cupo mundialista - ChasquiDeportivo","og_description":"Chasqui Deportivo | Informaci\u00f3n y comunicaci\u00f3n, reportajes, noticias, entrevistas en el \u00e1rea del deporte local, nacional.","og_url":"https:\/\/chasquideportivo.com\/ecrt\/ecuador-en-busca-del-cupo-mundialista\/","og_site_name":"ChasquiDeportivo","article_publisher":"https:\/\/www.facebook.com\/chasquideportivo","article_published_time":"2021-03-20T17:58:04+00:00","article_modified_time":"2021-03-20T20:24:29+00:00","author":"kollage","twitter_card":"summary_large_image","twitter_creator":"@chasquidep","twitter_site":"@chasquidep","twitter_misc":{"Escrito por":"kollage","Tiempo de lectura":"2 minutos"},"schema":{"@context":"https:\/\/schema.org","@graph":[{"@type":"Article","@id":"https:\/\/chasquideportivo.com\/ecrt\/ecuador-en-busca-del-cupo-mundialista\/#article","isPartOf":{"@id":"https:\/\/chasquideportivo.com\/ecrt\/ecuador-en-busca-del-cupo-mundialista\/"},"author":{"name":"kollage","@id":"https:\/\/chasquideportivo.com\/ecrt\/#\/schema\/person\/d9e229fabae4c1e3f82cf66d802ca7b6"},"headline":"Ecuador en busca del cupo mundialista","datePublished":"2021-03-20T17:58:04+00:00","dateModified":"2021-03-20T20:24:29+00:00","mainEntityOfPage":{"@id":"https:\/\/chasquideportivo.com\/ecrt\/ecuador-en-busca-del-cupo-mundialista\/"},"wordCount":499,"commentCount":0,"publisher":{"@id":"https:\/\/chasquideportivo.com\/ecrt\/#organization"},"keywords":["2018","2019","2020","2021","actividad deportiva","barriales","barrio","chasqui","chasqui deportivo","deporte","deporte barrial ecuatoriano","deportistas","deportivo","deportivos","dirigentcia","dirigentes","ecuador","ecuatorianas","ecuatoriano","ecuatorianos","futbol","futbolistas","ligas","ligas barriales ecuador","pa\u00eds","quito"],"articleSection":["Golazo"],"inLanguage":"es","potentialAction":[{"@type":"CommentAction","name":"Comment","target":["https:\/\/chasquideportivo.com\/ecrt\/ecuador-en-busca-del-cupo-mundialista\/#respond"]}]},{"@type":"WebPage","@id":"https:\/\/chasquideportivo.com\/ecrt\/ecuador-en-busca-del-cupo-mundialista\/","url":"https:\/\/chasquideportivo.com\/ecrt\/ecuador-en-busca-del-cupo-mundialista\/","name":"Ecuador en busca del cupo mundialista - ChasquiDeportivo","isPartOf":{"@id":"https:\/\/chasquideportivo.com\/ecrt\/#website"},"datePublished":"2021-03-20T17:58:04+00:00","dateModified":"2021-03-20T20:24:29+00:00","description":"Chasqui Deportivo | Informaci\u00f3n y comunicaci\u00f3n, reportajes, noticias, entrevistas en el \u00e1rea del deporte local, nacional.","breadcrumb":{"@id":"https:\/\/chasquideportivo.com\/ecrt\/ecuador-en-busca-del-cupo-mundialista\/#breadcrumb"},"inLanguage":"es","potentialAction":[{"@type":"ReadAction","target":["https:\/\/chasquideportivo.com\/ecrt\/ecuador-en-busca-del-cupo-mundialista\/"]}]},{"@type":"BreadcrumbList","@id":"https:\/\/chasquideportivo.com\/ecrt\/ecuador-en-busca-del-cupo-mundialista\/#breadcrumb","itemListElement":[{"@type":"ListItem","position":1,"name":"Portada | Chasqui Deportivo","item":"https:\/\/chasquideportivo.com\/ecrt\/"},{"@type":"ListItem","position":2,"name":"Archivo","item":"https:\/\/chasquideportivo.com\/ecrt\/category\/archivo\/"},{"@type":"ListItem","position":3,"name":"Golazo","item":"https:\/\/chasquideportivo.com\/ecrt\/category\/archivo\/golazo\/"},{"@type":"ListItem","position":4,"name":"Ecuador en busca del cupo mundialista"}]},{"@type":"WebSite","@id":"https:\/\/chasquideportivo.com\/ecrt\/#website","url":"https:\/\/chasquideportivo.com\/ecrt\/","name":"ChasquiDeportivo","description":"Informaci&oacute;n y comunicaci&oacute;n, reportajes, noticias, entrevistas en el &aacute;rea del deporte local, nacional.","publisher":{"@id":"https:\/\/chasquideportivo.com\/ecrt\/#organization"},"potentialAction":[{"@type":"SearchAction","target":{"@type":"EntryPoint","urlTemplate":"https:\/\/chasquideportivo.com\/ecrt\/?s={search_term_string}"},"query-input":{"@type":"PropertyValueSpecification","valueRequired":true,"valueName":"search_term_string"}}],"inLanguage":"es"},{"@type":"Organization","@id":"https:\/\/chasquideportivo.com\/ecrt\/#organization","name":"Chasqui Deportivo","url":"https:\/\/chasquideportivo.com\/ecrt\/","logo":{"@type":"ImageObject","inLanguage":"es","@id":"https:\/\/chasquideportivo.com\/ecrt\/#\/schema\/logo\/image\/","url":"https:\/\/chasquideportivo.com\/ecrt\/wp-content\/uploads\/2022\/01\/logo-vertical.jpg","contentUrl":"https:\/\/chasquideportivo.com\/ecrt\/wp-content\/uploads\/2022\/01\/logo-vertical.jpg","width":612,"height":750,"caption":"Chasqui Deportivo"},"image":{"@id":"https:\/\/chasquideportivo.com\/ecrt\/#\/schema\/logo\/image\/"},"sameAs":["https:\/\/www.facebook.com\/chasquideportivo","https:\/\/x.com\/chasquidep","https:\/\/www.instagram.com\/chasquideportivo.ec","https:\/\/www.youtube.com\/channel\/UCGY8M-csHuxJuGRt4XrV90Q"]},{"@type":"Person","@id":"https:\/\/chasquideportivo.com\/ecrt\/#\/schema\/person\/d9e229fabae4c1e3f82cf66d802ca7b6","name":"kollage","image":{"@type":"ImageObject","inLanguage":"es","@id":"https:\/\/secure.gravatar.com\/avatar\/69b5388bf21dfca5434ca100f351036f1fbff72ba519ef8157b31bcc7fbfbb18?s=96&d=mm&r=g","url":"https:\/\/secure.gravatar.com\/avatar\/69b5388bf21dfca5434ca100f351036f1fbff72ba519ef8157b31bcc7fbfbb18?s=96&d=mm&r=g","contentUrl":"https:\/\/secure.gravatar.com\/avatar\/69b5388bf21dfca5434ca100f351036f1fbff72ba519ef8157b31bcc7fbfbb18?s=96&d=mm&r=g","caption":"kollage"},"sameAs":["https:\/\/chasquideportivo.com\/ecrt"],"url":"https:\/\/chasquideportivo.com\/ecrt\/author\/kollage\/"}]}},"_links":{"self":[{"href":"https:\/\/chasquideportivo.com\/ecrt\/wp-json\/wp\/v2\/posts\/4624","targetHints":{"allow":["GET"]}}],"collection":[{"href":"https:\/\/chasquideportivo.com\/ecrt\/wp-json\/wp\/v2\/posts"}],"about":[{"href":"https:\/\/chasquideportivo.com\/ecrt\/wp-json\/wp\/v2\/types\/post"}],"author":[{"embeddable":true,"href":"https:\/\/chasquideportivo.com\/ecrt\/wp-json\/wp\/v2\/users\/1"}],"replies":[{"embeddable":true,"href":"https:\/\/chasquideportivo.com\/ecrt\/wp-json\/wp\/v2\/comments?post=4624"}],"version-history":[{"count":1,"href":"https:\/\/chasquideportivo.com\/ecrt\/wp-json\/wp\/v2\/posts\/4624\/revisions"}],"predecessor-version":[{"id":7018,"href":"https:\/\/chasquideportivo.com\/ecrt\/wp-json\/wp\/v2\/posts\/4624\/revisions\/7018"}],"wp:attachment":[{"href":"https:\/\/chasquideportivo.com\/ecrt\/wp-json\/wp\/v2\/media?parent=4624"}],"wp:term":[{"taxonomy":"category","embeddable":true,"href":"https:\/\/chasquideportivo.com\/ecrt\/wp-json\/wp\/v2\/categories?post=4624"},{"taxonomy":"post_tag","embeddable":true,"href":"https:\/\/chasquideportivo.com\/ecrt\/wp-json\/wp\/v2\/tags?post=4624"}],"curies":[{"name":"wp","href":"https:\/\/api.w.org\/{rel}","templated":true}]}}