{"id":4583,"date":"2021-03-20T17:57:58","date_gmt":"2021-03-20T17:57:58","guid":{"rendered":"https:\/\/chasquideportivo.com\/ecrt\/2021\/03\/20\/seleccion-de-ecuador-dio-a-conocer-jugadores-para-amistosos\/"},"modified":"2021-03-20T18:15:58","modified_gmt":"2021-03-20T18:15:58","slug":"seleccion-de-ecuador-dio-a-conocer-jugadores-para-amistosos","status":"publish","type":"post","link":"https:\/\/chasquideportivo.com\/ecrt\/seleccion-de-ecuador-dio-a-conocer-jugadores-para-amistosos\/","title":{"rendered":"Selecci\u00f3n de Ecuador dio a conocer jugadores para amistosos"},"content":{"rendered":"<p>El t\u00e9cnico de la Selecci\u00f3n Ecuatoriana de F\u00fatbol, Hern\u00e1n Dar\u00edo G\u00f3mez, dio a conocer la n\u00f3mina de 21 jugadores que conforman el equipo nacional que viajar\u00e1 este lunes en horas de la tarde, &nbsp;a Doha \u2013 Qatar, para los dos encuentros amistosos como parte del proceso de preparaci\u00f3n &nbsp;para la Copa Am\u00e9rica de Brasil 2019 y las eliminatorias sudamericanas para el Mundial Qatar 2022.<\/p>\n<p><strong>LOS PARTIDOS<\/strong><\/p>\n<p>Viernes 12 de Octubre, 10h30 (Hora de Ecuador).<\/p>\n<p><strong>QATAR vs. ECUADOR<\/strong><\/p>\n<p>Estadio Jassim Bin Hamad, de Doha.<\/p>\n<p>Martes 16 de Octubre, 10h30 (Hora de Ecuador).<\/p>\n<p><strong>ECUADOR vs. OMAN<\/strong><\/p>\n<p>Estadio Abdullah Bin Khalifa.<\/p>\n<p><strong>LA DELEGACI\u00d3N<\/strong><\/p>\n<p><strong>CUERPO T\u00c9CNICO<\/strong><\/p>\n<p>Director T\u00e9cnico: Prof. Hern\u00e1n Dar\u00edo G\u00f3mez.<\/p>\n<p>Asistente T\u00e9cnico: Prof. Edgar Carvajal Villa.<\/p>\n<p>Preparador F\u00edsico: Prof. Elkin S\u00e1nchez V\u00e1squez.<\/p>\n<p>Preparador de Arqueros: Prof. Didier Mu\u00f1oz Arbel\u00e1ez.<\/p>\n<p>Coordinador: Lcdo. Pedro Mauricio Mu\u00f1oz.<\/p>\n<p>M\u00e9dico: Dr. H\u00e9ctor Boh\u00f3rquez Pati\u00f1o.<\/p>\n<p>Fisioterapistas: Sixto Curipoma y Xavier Garc\u00eca<\/p>\n<p>Utileros: Sr. Richard Buitr\u00f3n y Carlos Taipe.<\/p>\n<p>Jefe de Seguridad: Crnel. Jaime Jara L\u00f3pez.<\/p>\n<p>Jefe de Prensa: Lcdo. Victor Mestanza Aspiazu.<\/p>\n<p><strong>JUGADORES<\/strong><\/p>\n<p><strong>1.- Robert Abel Arboleda Escobar.<\/strong><\/p>\n<p>Fecha de nacimiento: 22 de octubre de 1991 en Esmeraldas.<\/p>\n<p>Edad: 26 a\u00f1os.<\/p>\n<p>Estatura:&nbsp; 1,87 m.<\/p>\n<p>Club S\u00e3o Paulo (Brasil).<\/p>\n<p><strong>2.- Miller Alejandro Bola\u00f1os Reasco .<\/strong><\/p>\n<p>Fecha de nacimiento: 1 de junio de 1990, en Esmeraldas<\/p>\n<p>Edad: 28 a\u00f1os.<\/p>\n<p>Estatura: 1,72 m.<\/p>\n<p>Peso: 65 kg.<\/p>\n<p>Club Tijuana Xoloitzcuintles de Caliente (M\u00e9xico).<\/p>\n<p><strong>3.-&nbsp; Luis Caicedo Medina.<\/strong><\/p>\n<p>Fecha de nacimiento: 11 de mayo de 1992 en Guayaquil.<\/p>\n<p>Edad: 26 a\u00f1os.<\/p>\n<p>Estatura: 1,8 m<\/p>\n<p>Club Tiburones Rojos de Veracruz .<\/p>\n<p><strong>4.- Jos\u00e9 Francisco Cevallos Enr\u00edquez<\/strong><\/p>\n<p>Fecha de nacimiento: 18 de enero de 1995 en Guayaquil.<\/p>\n<p>Edad: 23 a\u00f1os.<\/p>\n<p>Estatura: 1,87 m.<\/p>\n<p>Club K. S. C. Lokeren Oost-Vlaanderen, de B\u00e9lgica.<\/p>\n<p><strong>5.- Carlos Andr\u00e9s Cuero Qui\u00f1\u00f3nez.<\/strong><\/p>\n<p>Fecha de nacimiento: 17 de febrero de 1996 en Esmeraldas .<\/p>\n<p>Edad: 22 a\u00f1os.<\/p>\n<p>Estatura: Estatura: 1,83&nbsp; m.<\/p>\n<p>Peso: 79&nbsp; kg<\/p>\n<p>Club Deportivo Cuenca.<\/p>\n<p><strong>6.- Alexander Dom\u00ednguez Carabal\u00ed.<\/strong><\/p>\n<p>Fecha de nacimiento: 5 de junio de 1987 en Tachina, Esmeraldas.<\/p>\n<p>Edad: 31 a\u00f1os<\/p>\n<p>Estatura: 1,95 m<\/p>\n<p>Peso: 80 kg.<\/p>\n<p>Club Atl\u00e9tico V\u00e9lez Sarsfield (Argentina).<\/p>\n<p><strong>7.- Frickson Rafael Erazo Vivero.<\/strong><\/p>\n<p>Fecha de nacimiento: 5 de mayo de 1988 en Esmeraldas.<\/p>\n<p>Edad: 30 a\u00f1os.<\/p>\n<p>Estatura: 1,9 m.<\/p>\n<p>Peso: 65 kg.<\/p>\n<p>Sin equipo en los actuales momentos.<\/p>\n<p><strong>8.- Alan Steven Franco Palma.<\/strong><\/p>\n<p>Fecha de nacimiento: 21 de agosto de 1998 en Alfredo Baquerizo Moreno, Guayas.<\/p>\n<p>Edad: 20 a\u00f1os.<\/p>\n<p>Estatatura: 1,74m.<\/p>\n<p>Club Independiente del Valle.<\/p>\n<p><strong>9.- Carlos Armando Gruezo Arboleda<\/strong><\/p>\n<p>Fecha de nacimiento: 19 de abril de 1995 en Santo Domingo de los Ts\u00e1chilas .<\/p>\n<p>Edad: 23 a\u00f1os.<\/p>\n<p>Estatura: 1,71&nbsp; m.<\/p>\n<p>Peso: 67 kg<\/p>\n<p>Club Dallas, de la MLS.<\/p>\n<p><strong>10.- Alex Renato Ibarra Mina<\/strong><\/p>\n<p>Fecha de nacimiento: 20 de enero de 1991 en Ambuqu\u00ed, Imbabura.<\/p>\n<p>Edad: 27 a\u00f1os<\/p>\n<p>Estatura: 1.74 m.<\/p>\n<p>Peso&nbsp; &nbsp; &nbsp; 69 kg.<\/p>\n<p>Club Am\u00e9rica (M\u00e9xico).<\/p>\n<p><strong>11.- Romario Andres Ibarra Mina.<\/strong><\/p>\n<p>Fecha de nacimiento: 24 de septiembre de 1994 en&nbsp; Atuntaqui<\/p>\n<p>Edad: 23 a\u00f1os.<\/p>\n<p>Estatura: 1,76 m.<\/p>\n<p>Club Minnesota United Football Club (Estados Unidos).<\/p>\n<p><strong>12.- Jefferson Alfredo Intriago Mendoza.<\/strong><\/p>\n<p>Fecha de nacimiento: 4 de junio de 1996 en Jun\u00edn, Manab\u00ed.<\/p>\n<p>Edad: 22 a\u00f1os.<\/p>\n<p>Estatura: 1,75 m.<\/p>\n<p>Peso: 69 kg.<\/p>\n<p>Liga Deportiva Universitaria de Quito.<\/p>\n<p><strong>13.- Jhegson Sebasti\u00e1n M\u00e9ndez Carabal\u00ed.<\/strong><\/p>\n<p>Fecha de nacimiento: 26 de abril de 1997 en Mira, Carchi.<\/p>\n<p>Edad: 21 a\u00f1os.<\/p>\n<p>Estatura: Estatura: 1,78 m<\/p>\n<p>Peso: 70 kg<\/p>\n<p>Club Independiente del Valle.<\/p>\n<p><strong>14.- Diego Jos\u00e9 Palacios Espinoza.<\/strong><\/p>\n<p>Fecha de nacimiento: 12 de julio de 1999 en Guayaquil.<\/p>\n<p>Edad: 19 a\u00f1os.<\/p>\n<p>Estatura: 1,69 m.<\/p>\n<p>Club Willem II Tilburg, de Holanda<\/p>\n<p><strong>15.- Hamilton Emanuel Piedra Ordo\u00f1ez.<\/strong><\/p>\n<p>Fecha de nacimiento: 20 de febrero de 1993 en Loja .<\/p>\n<p>Edad: 25 a\u00f1os.<\/p>\n<p>Estatura: 1.90 m.<\/p>\n<p>Peso: 78 kg.<\/p>\n<p>Club Independiente del Valle.<\/p>\n<p><strong>16.- Stiven Ricardo Plaza Castillo.<\/strong><\/p>\n<p>Fecha de nacimiento: 11 de marzo de 1999 en Esmeraldas.<\/p>\n<p>Edad: 19 a\u00f1os.<\/p>\n<p>Club Independiente del Valle.<\/p>\n<p><strong>17.- Eduar Ayrton Preciado Garc\u00eda.<\/strong><\/p>\n<p>Fecha de nacimiento: 17 de julio de 1994 en Esmeraldas.<\/p>\n<p>Edad: 24 a\u00f1os.<\/p>\n<p>Estatura: 1,82 m.<\/p>\n<p>Peso: 72 kg.<\/p>\n<p>Club Santos Laguna (M\u00e9xico).<\/p>\n<p><strong>18.- Angelo Smit Preciado Qui\u00f1\u00f3nez<\/strong><\/p>\n<p>Fecha de nacimiento: 18 de febrero de 1998, en Shushufindi, Sucumbios<\/p>\n<p>Edad: 20 a\u00f1os.<\/p>\n<p>Estatura: 1,78 m.<\/p>\n<p>Club Independiente del Valle.<\/p>\n<p><strong>19.- Cristian Leonel Ram\u00edrez.<\/strong><\/p>\n<p>Fecha de nacimiento: 12 de agosto de 1994 en Santo Domingo.<\/p>\n<p>Edad: 24 a\u00f1os.<\/p>\n<p>Estatura: 1,74 m.<\/p>\n<p>Club FC Krasnodar (Rusia).<\/p>\n<p><strong>20.- Junior Nazareno Sornoza Moreira.<\/strong><\/p>\n<p>Fecha de Nacimiento: 28 de enero de 1994 en Portoviejo, Manab\u00ed.<\/p>\n<p>Edad: 24 a\u00f1os.<\/p>\n<p>Estatura: 1,72 m.<\/p>\n<p>Peso: 63 kg.<\/p>\n<p>Club Fluminense (Brasil).<\/p>\n<p><strong>21.- Enner Remberto Valencia Lastra.<\/strong><\/p>\n<p>Fecha de nacimiento: 4 de noviembre de 1989 en San Lorenzo, Esmeraldas.<\/p>\n<p>Edad: 28 a\u00f1os.<\/p>\n<p>Estatura: 1,74 m.<\/p>\n<p>Peso: 76 kg.<\/p>\n<p>Club Tigres de la Universidad Aut\u00f3noma de Nuevo Le\u00f3n (M\u00e9xico).<\/p>\n<p>2018-10-04 23:29:44<\/p>\n<p>Golazo<\/p>\n","protected":false},"excerpt":{"rendered":"<p>El t\u00e9cnico de la Selecci\u00f3n Ecuatoriana de F\u00fatbol, Hern\u00e1n Dar\u00edo G\u00f3mez, dio a conocer la n\u00f3mina de 21 jugadores que conforman el equipo nacional que viajar\u00e1 este lunes en horas de la tarde, &nbsp;a Doha \u2013 Qatar, para los dos encuentros amistosos como parte del proceso de preparaci\u00f3n &nbsp;para la Copa Am\u00e9rica de Brasil 2019 [&hellip;]<\/p>\n","protected":false},"author":1,"featured_media":0,"comment_status":"open","ping_status":"open","sticky":false,"template":"","format":"standard","meta":{"_et_pb_use_builder":"","_et_pb_old_content":"","_et_gb_content_width":"","footnotes":""},"categories":[18],"tags":[37,36,35,34,39,28,23,20,22,24,19,38,21,41,40,3,6,31,25,42,29,30,27,26,33,32],"class_list":["post-4583","post","type-post","status-publish","format-standard","hentry","category-golazo","tag-37","tag-36","tag-35","tag-34","tag-actividad-deportiva","tag-barriales","tag-barrio","tag-chasqui","tag-chasqui-deportivo","tag-deporte","tag-deporte-barrial-ecuatoriano","tag-deportistas","tag-deportivo","tag-deportivos","tag-dirigentcia","tag-dirigentes","tag-ecuador","tag-ecuatorianas","tag-ecuatoriano","tag-ecuatorianos","tag-futbol","tag-futbolistas","tag-ligas","tag-ligas-barriales-ecuador","tag-pais","tag-quito"],"yoast_head":"<!-- This site is optimized with the Yoast SEO plugin v27.5 - https:\/\/yoast.com\/product\/yoast-seo-wordpress\/ -->\n<title>Selecci\u00f3n de Ecuador dio a conocer jugadores para amistosos - ChasquiDeportivo<\/title>\n<meta name=\"description\" content=\"Chasqui Deportivo | Informaci\u00f3n y comunicaci\u00f3n, reportajes, noticias, entrevistas en el \u00e1rea del deporte local, nacional.\" \/>\n<meta name=\"robots\" content=\"index, follow, max-snippet:-1, max-image-preview:large, max-video-preview:-1\" \/>\n<link rel=\"canonical\" href=\"https:\/\/chasquideportivo.com\/ecrt\/seleccion-de-ecuador-dio-a-conocer-jugadores-para-amistosos\/\" \/>\n<meta property=\"og:locale\" content=\"es_ES\" \/>\n<meta property=\"og:type\" content=\"article\" \/>\n<meta property=\"og:title\" content=\"Selecci\u00f3n de Ecuador dio a conocer jugadores para amistosos - ChasquiDeportivo\" \/>\n<meta property=\"og:description\" content=\"Chasqui Deportivo | Informaci\u00f3n y comunicaci\u00f3n, reportajes, noticias, entrevistas en el \u00e1rea del deporte local, nacional.\" \/>\n<meta property=\"og:url\" content=\"https:\/\/chasquideportivo.com\/ecrt\/seleccion-de-ecuador-dio-a-conocer-jugadores-para-amistosos\/\" \/>\n<meta property=\"og:site_name\" content=\"ChasquiDeportivo\" \/>\n<meta property=\"article:publisher\" content=\"https:\/\/www.facebook.com\/chasquideportivo\" \/>\n<meta property=\"article:published_time\" content=\"2021-03-20T17:57:58+00:00\" \/>\n<meta property=\"article:modified_time\" content=\"2021-03-20T18:15:58+00:00\" \/>\n<meta name=\"author\" content=\"kollage\" \/>\n<meta name=\"twitter:card\" content=\"summary_large_image\" \/>\n<meta name=\"twitter:creator\" content=\"@chasquidep\" \/>\n<meta name=\"twitter:site\" content=\"@chasquidep\" \/>\n<meta name=\"twitter:label1\" content=\"Escrito por\" \/>\n\t<meta name=\"twitter:data1\" content=\"kollage\" \/>\n\t<meta name=\"twitter:label2\" content=\"Tiempo de lectura\" \/>\n\t<meta name=\"twitter:data2\" content=\"4 minutos\" \/>\n<script type=\"application\/ld+json\" class=\"yoast-schema-graph\">{\"@context\":\"https:\\\/\\\/schema.org\",\"@graph\":[{\"@type\":\"Article\",\"@id\":\"https:\\\/\\\/chasquideportivo.com\\\/ecrt\\\/seleccion-de-ecuador-dio-a-conocer-jugadores-para-amistosos\\\/#article\",\"isPartOf\":{\"@id\":\"https:\\\/\\\/chasquideportivo.com\\\/ecrt\\\/seleccion-de-ecuador-dio-a-conocer-jugadores-para-amistosos\\\/\"},\"author\":{\"name\":\"kollage\",\"@id\":\"https:\\\/\\\/chasquideportivo.com\\\/ecrt\\\/#\\\/schema\\\/person\\\/d9e229fabae4c1e3f82cf66d802ca7b6\"},\"headline\":\"Selecci\u00f3n de Ecuador dio a conocer jugadores para amistosos\",\"datePublished\":\"2021-03-20T17:57:58+00:00\",\"dateModified\":\"2021-03-20T18:15:58+00:00\",\"mainEntityOfPage\":{\"@id\":\"https:\\\/\\\/chasquideportivo.com\\\/ecrt\\\/seleccion-de-ecuador-dio-a-conocer-jugadores-para-amistosos\\\/\"},\"wordCount\":755,\"commentCount\":0,\"publisher\":{\"@id\":\"https:\\\/\\\/chasquideportivo.com\\\/ecrt\\\/#organization\"},\"keywords\":[\"2018\",\"2019\",\"2020\",\"2021\",\"actividad deportiva\",\"barriales\",\"barrio\",\"chasqui\",\"chasqui deportivo\",\"deporte\",\"deporte barrial ecuatoriano\",\"deportistas\",\"deportivo\",\"deportivos\",\"dirigentcia\",\"dirigentes\",\"ecuador\",\"ecuatorianas\",\"ecuatoriano\",\"ecuatorianos\",\"futbol\",\"futbolistas\",\"ligas\",\"ligas barriales ecuador\",\"pa\u00eds\",\"quito\"],\"articleSection\":[\"Golazo\"],\"inLanguage\":\"es\",\"potentialAction\":[{\"@type\":\"CommentAction\",\"name\":\"Comment\",\"target\":[\"https:\\\/\\\/chasquideportivo.com\\\/ecrt\\\/seleccion-de-ecuador-dio-a-conocer-jugadores-para-amistosos\\\/#respond\"]}]},{\"@type\":\"WebPage\",\"@id\":\"https:\\\/\\\/chasquideportivo.com\\\/ecrt\\\/seleccion-de-ecuador-dio-a-conocer-jugadores-para-amistosos\\\/\",\"url\":\"https:\\\/\\\/chasquideportivo.com\\\/ecrt\\\/seleccion-de-ecuador-dio-a-conocer-jugadores-para-amistosos\\\/\",\"name\":\"Selecci\u00f3n de Ecuador dio a conocer jugadores para amistosos - ChasquiDeportivo\",\"isPartOf\":{\"@id\":\"https:\\\/\\\/chasquideportivo.com\\\/ecrt\\\/#website\"},\"datePublished\":\"2021-03-20T17:57:58+00:00\",\"dateModified\":\"2021-03-20T18:15:58+00:00\",\"description\":\"Chasqui Deportivo | Informaci\u00f3n y comunicaci\u00f3n, reportajes, noticias, entrevistas en el \u00e1rea del deporte local, nacional.\",\"breadcrumb\":{\"@id\":\"https:\\\/\\\/chasquideportivo.com\\\/ecrt\\\/seleccion-de-ecuador-dio-a-conocer-jugadores-para-amistosos\\\/#breadcrumb\"},\"inLanguage\":\"es\",\"potentialAction\":[{\"@type\":\"ReadAction\",\"target\":[\"https:\\\/\\\/chasquideportivo.com\\\/ecrt\\\/seleccion-de-ecuador-dio-a-conocer-jugadores-para-amistosos\\\/\"]}]},{\"@type\":\"BreadcrumbList\",\"@id\":\"https:\\\/\\\/chasquideportivo.com\\\/ecrt\\\/seleccion-de-ecuador-dio-a-conocer-jugadores-para-amistosos\\\/#breadcrumb\",\"itemListElement\":[{\"@type\":\"ListItem\",\"position\":1,\"name\":\"Portada | Chasqui Deportivo\",\"item\":\"https:\\\/\\\/chasquideportivo.com\\\/ecrt\\\/\"},{\"@type\":\"ListItem\",\"position\":2,\"name\":\"Archivo\",\"item\":\"https:\\\/\\\/chasquideportivo.com\\\/ecrt\\\/category\\\/archivo\\\/\"},{\"@type\":\"ListItem\",\"position\":3,\"name\":\"Golazo\",\"item\":\"https:\\\/\\\/chasquideportivo.com\\\/ecrt\\\/category\\\/archivo\\\/golazo\\\/\"},{\"@type\":\"ListItem\",\"position\":4,\"name\":\"Selecci\u00f3n de Ecuador dio a conocer jugadores para amistosos\"}]},{\"@type\":\"WebSite\",\"@id\":\"https:\\\/\\\/chasquideportivo.com\\\/ecrt\\\/#website\",\"url\":\"https:\\\/\\\/chasquideportivo.com\\\/ecrt\\\/\",\"name\":\"ChasquiDeportivo\",\"description\":\"Informaci&oacute;n y comunicaci&oacute;n, reportajes, noticias, entrevistas en el &aacute;rea del deporte local, nacional.\",\"publisher\":{\"@id\":\"https:\\\/\\\/chasquideportivo.com\\\/ecrt\\\/#organization\"},\"potentialAction\":[{\"@type\":\"SearchAction\",\"target\":{\"@type\":\"EntryPoint\",\"urlTemplate\":\"https:\\\/\\\/chasquideportivo.com\\\/ecrt\\\/?s={search_term_string}\"},\"query-input\":{\"@type\":\"PropertyValueSpecification\",\"valueRequired\":true,\"valueName\":\"search_term_string\"}}],\"inLanguage\":\"es\"},{\"@type\":\"Organization\",\"@id\":\"https:\\\/\\\/chasquideportivo.com\\\/ecrt\\\/#organization\",\"name\":\"Chasqui Deportivo\",\"url\":\"https:\\\/\\\/chasquideportivo.com\\\/ecrt\\\/\",\"logo\":{\"@type\":\"ImageObject\",\"inLanguage\":\"es\",\"@id\":\"https:\\\/\\\/chasquideportivo.com\\\/ecrt\\\/#\\\/schema\\\/logo\\\/image\\\/\",\"url\":\"https:\\\/\\\/chasquideportivo.com\\\/ecrt\\\/wp-content\\\/uploads\\\/2022\\\/01\\\/logo-vertical.jpg\",\"contentUrl\":\"https:\\\/\\\/chasquideportivo.com\\\/ecrt\\\/wp-content\\\/uploads\\\/2022\\\/01\\\/logo-vertical.jpg\",\"width\":612,\"height\":750,\"caption\":\"Chasqui Deportivo\"},\"image\":{\"@id\":\"https:\\\/\\\/chasquideportivo.com\\\/ecrt\\\/#\\\/schema\\\/logo\\\/image\\\/\"},\"sameAs\":[\"https:\\\/\\\/www.facebook.com\\\/chasquideportivo\",\"https:\\\/\\\/x.com\\\/chasquidep\",\"https:\\\/\\\/www.instagram.com\\\/chasquideportivo.ec\",\"https:\\\/\\\/www.youtube.com\\\/channel\\\/UCGY8M-csHuxJuGRt4XrV90Q\"]},{\"@type\":\"Person\",\"@id\":\"https:\\\/\\\/chasquideportivo.com\\\/ecrt\\\/#\\\/schema\\\/person\\\/d9e229fabae4c1e3f82cf66d802ca7b6\",\"name\":\"kollage\",\"image\":{\"@type\":\"ImageObject\",\"inLanguage\":\"es\",\"@id\":\"https:\\\/\\\/secure.gravatar.com\\\/avatar\\\/69b5388bf21dfca5434ca100f351036f1fbff72ba519ef8157b31bcc7fbfbb18?s=96&d=mm&r=g\",\"url\":\"https:\\\/\\\/secure.gravatar.com\\\/avatar\\\/69b5388bf21dfca5434ca100f351036f1fbff72ba519ef8157b31bcc7fbfbb18?s=96&d=mm&r=g\",\"contentUrl\":\"https:\\\/\\\/secure.gravatar.com\\\/avatar\\\/69b5388bf21dfca5434ca100f351036f1fbff72ba519ef8157b31bcc7fbfbb18?s=96&d=mm&r=g\",\"caption\":\"kollage\"},\"sameAs\":[\"https:\\\/\\\/chasquideportivo.com\\\/ecrt\"],\"url\":\"https:\\\/\\\/chasquideportivo.com\\\/ecrt\\\/author\\\/kollage\\\/\"}]}<\/script>\n<!-- \/ Yoast SEO plugin. -->","yoast_head_json":{"title":"Selecci\u00f3n de Ecuador dio a conocer jugadores para amistosos - ChasquiDeportivo","description":"Chasqui Deportivo | Informaci\u00f3n y comunicaci\u00f3n, reportajes, noticias, entrevistas en el \u00e1rea del deporte local, nacional.","robots":{"index":"index","follow":"follow","max-snippet":"max-snippet:-1","max-image-preview":"max-image-preview:large","max-video-preview":"max-video-preview:-1"},"canonical":"https:\/\/chasquideportivo.com\/ecrt\/seleccion-de-ecuador-dio-a-conocer-jugadores-para-amistosos\/","og_locale":"es_ES","og_type":"article","og_title":"Selecci\u00f3n de Ecuador dio a conocer jugadores para amistosos - ChasquiDeportivo","og_description":"Chasqui Deportivo | Informaci\u00f3n y comunicaci\u00f3n, reportajes, noticias, entrevistas en el \u00e1rea del deporte local, nacional.","og_url":"https:\/\/chasquideportivo.com\/ecrt\/seleccion-de-ecuador-dio-a-conocer-jugadores-para-amistosos\/","og_site_name":"ChasquiDeportivo","article_publisher":"https:\/\/www.facebook.com\/chasquideportivo","article_published_time":"2021-03-20T17:57:58+00:00","article_modified_time":"2021-03-20T18:15:58+00:00","author":"kollage","twitter_card":"summary_large_image","twitter_creator":"@chasquidep","twitter_site":"@chasquidep","twitter_misc":{"Escrito por":"kollage","Tiempo de lectura":"4 minutos"},"schema":{"@context":"https:\/\/schema.org","@graph":[{"@type":"Article","@id":"https:\/\/chasquideportivo.com\/ecrt\/seleccion-de-ecuador-dio-a-conocer-jugadores-para-amistosos\/#article","isPartOf":{"@id":"https:\/\/chasquideportivo.com\/ecrt\/seleccion-de-ecuador-dio-a-conocer-jugadores-para-amistosos\/"},"author":{"name":"kollage","@id":"https:\/\/chasquideportivo.com\/ecrt\/#\/schema\/person\/d9e229fabae4c1e3f82cf66d802ca7b6"},"headline":"Selecci\u00f3n de Ecuador dio a conocer jugadores para amistosos","datePublished":"2021-03-20T17:57:58+00:00","dateModified":"2021-03-20T18:15:58+00:00","mainEntityOfPage":{"@id":"https:\/\/chasquideportivo.com\/ecrt\/seleccion-de-ecuador-dio-a-conocer-jugadores-para-amistosos\/"},"wordCount":755,"commentCount":0,"publisher":{"@id":"https:\/\/chasquideportivo.com\/ecrt\/#organization"},"keywords":["2018","2019","2020","2021","actividad deportiva","barriales","barrio","chasqui","chasqui deportivo","deporte","deporte barrial ecuatoriano","deportistas","deportivo","deportivos","dirigentcia","dirigentes","ecuador","ecuatorianas","ecuatoriano","ecuatorianos","futbol","futbolistas","ligas","ligas barriales ecuador","pa\u00eds","quito"],"articleSection":["Golazo"],"inLanguage":"es","potentialAction":[{"@type":"CommentAction","name":"Comment","target":["https:\/\/chasquideportivo.com\/ecrt\/seleccion-de-ecuador-dio-a-conocer-jugadores-para-amistosos\/#respond"]}]},{"@type":"WebPage","@id":"https:\/\/chasquideportivo.com\/ecrt\/seleccion-de-ecuador-dio-a-conocer-jugadores-para-amistosos\/","url":"https:\/\/chasquideportivo.com\/ecrt\/seleccion-de-ecuador-dio-a-conocer-jugadores-para-amistosos\/","name":"Selecci\u00f3n de Ecuador dio a conocer jugadores para amistosos - ChasquiDeportivo","isPartOf":{"@id":"https:\/\/chasquideportivo.com\/ecrt\/#website"},"datePublished":"2021-03-20T17:57:58+00:00","dateModified":"2021-03-20T18:15:58+00:00","description":"Chasqui Deportivo | Informaci\u00f3n y comunicaci\u00f3n, reportajes, noticias, entrevistas en el \u00e1rea del deporte local, nacional.","breadcrumb":{"@id":"https:\/\/chasquideportivo.com\/ecrt\/seleccion-de-ecuador-dio-a-conocer-jugadores-para-amistosos\/#breadcrumb"},"inLanguage":"es","potentialAction":[{"@type":"ReadAction","target":["https:\/\/chasquideportivo.com\/ecrt\/seleccion-de-ecuador-dio-a-conocer-jugadores-para-amistosos\/"]}]},{"@type":"BreadcrumbList","@id":"https:\/\/chasquideportivo.com\/ecrt\/seleccion-de-ecuador-dio-a-conocer-jugadores-para-amistosos\/#breadcrumb","itemListElement":[{"@type":"ListItem","position":1,"name":"Portada | Chasqui Deportivo","item":"https:\/\/chasquideportivo.com\/ecrt\/"},{"@type":"ListItem","position":2,"name":"Archivo","item":"https:\/\/chasquideportivo.com\/ecrt\/category\/archivo\/"},{"@type":"ListItem","position":3,"name":"Golazo","item":"https:\/\/chasquideportivo.com\/ecrt\/category\/archivo\/golazo\/"},{"@type":"ListItem","position":4,"name":"Selecci\u00f3n de Ecuador dio a conocer jugadores para amistosos"}]},{"@type":"WebSite","@id":"https:\/\/chasquideportivo.com\/ecrt\/#website","url":"https:\/\/chasquideportivo.com\/ecrt\/","name":"ChasquiDeportivo","description":"Informaci&oacute;n y comunicaci&oacute;n, reportajes, noticias, entrevistas en el &aacute;rea del deporte local, nacional.","publisher":{"@id":"https:\/\/chasquideportivo.com\/ecrt\/#organization"},"potentialAction":[{"@type":"SearchAction","target":{"@type":"EntryPoint","urlTemplate":"https:\/\/chasquideportivo.com\/ecrt\/?s={search_term_string}"},"query-input":{"@type":"PropertyValueSpecification","valueRequired":true,"valueName":"search_term_string"}}],"inLanguage":"es"},{"@type":"Organization","@id":"https:\/\/chasquideportivo.com\/ecrt\/#organization","name":"Chasqui Deportivo","url":"https:\/\/chasquideportivo.com\/ecrt\/","logo":{"@type":"ImageObject","inLanguage":"es","@id":"https:\/\/chasquideportivo.com\/ecrt\/#\/schema\/logo\/image\/","url":"https:\/\/chasquideportivo.com\/ecrt\/wp-content\/uploads\/2022\/01\/logo-vertical.jpg","contentUrl":"https:\/\/chasquideportivo.com\/ecrt\/wp-content\/uploads\/2022\/01\/logo-vertical.jpg","width":612,"height":750,"caption":"Chasqui Deportivo"},"image":{"@id":"https:\/\/chasquideportivo.com\/ecrt\/#\/schema\/logo\/image\/"},"sameAs":["https:\/\/www.facebook.com\/chasquideportivo","https:\/\/x.com\/chasquidep","https:\/\/www.instagram.com\/chasquideportivo.ec","https:\/\/www.youtube.com\/channel\/UCGY8M-csHuxJuGRt4XrV90Q"]},{"@type":"Person","@id":"https:\/\/chasquideportivo.com\/ecrt\/#\/schema\/person\/d9e229fabae4c1e3f82cf66d802ca7b6","name":"kollage","image":{"@type":"ImageObject","inLanguage":"es","@id":"https:\/\/secure.gravatar.com\/avatar\/69b5388bf21dfca5434ca100f351036f1fbff72ba519ef8157b31bcc7fbfbb18?s=96&d=mm&r=g","url":"https:\/\/secure.gravatar.com\/avatar\/69b5388bf21dfca5434ca100f351036f1fbff72ba519ef8157b31bcc7fbfbb18?s=96&d=mm&r=g","contentUrl":"https:\/\/secure.gravatar.com\/avatar\/69b5388bf21dfca5434ca100f351036f1fbff72ba519ef8157b31bcc7fbfbb18?s=96&d=mm&r=g","caption":"kollage"},"sameAs":["https:\/\/chasquideportivo.com\/ecrt"],"url":"https:\/\/chasquideportivo.com\/ecrt\/author\/kollage\/"}]}},"_links":{"self":[{"href":"https:\/\/chasquideportivo.com\/ecrt\/wp-json\/wp\/v2\/posts\/4583","targetHints":{"allow":["GET"]}}],"collection":[{"href":"https:\/\/chasquideportivo.com\/ecrt\/wp-json\/wp\/v2\/posts"}],"about":[{"href":"https:\/\/chasquideportivo.com\/ecrt\/wp-json\/wp\/v2\/types\/post"}],"author":[{"embeddable":true,"href":"https:\/\/chasquideportivo.com\/ecrt\/wp-json\/wp\/v2\/users\/1"}],"replies":[{"embeddable":true,"href":"https:\/\/chasquideportivo.com\/ecrt\/wp-json\/wp\/v2\/comments?post=4583"}],"version-history":[{"count":1,"href":"https:\/\/chasquideportivo.com\/ecrt\/wp-json\/wp\/v2\/posts\/4583\/revisions"}],"predecessor-version":[{"id":6109,"href":"https:\/\/chasquideportivo.com\/ecrt\/wp-json\/wp\/v2\/posts\/4583\/revisions\/6109"}],"wp:attachment":[{"href":"https:\/\/chasquideportivo.com\/ecrt\/wp-json\/wp\/v2\/media?parent=4583"}],"wp:term":[{"taxonomy":"category","embeddable":true,"href":"https:\/\/chasquideportivo.com\/ecrt\/wp-json\/wp\/v2\/categories?post=4583"},{"taxonomy":"post_tag","embeddable":true,"href":"https:\/\/chasquideportivo.com\/ecrt\/wp-json\/wp\/v2\/tags?post=4583"}],"curies":[{"name":"wp","href":"https:\/\/api.w.org\/{rel}","templated":true}]}}