{"id":4579,"date":"2021-03-20T17:57:58","date_gmt":"2021-03-20T17:57:58","guid":{"rendered":"https:\/\/chasquideportivo.com\/ecrt\/2021\/03\/20\/seleccion-femenina-de-futbol-del-ecuador-inicia-proceso\/"},"modified":"2021-03-20T18:15:58","modified_gmt":"2021-03-20T18:15:58","slug":"seleccion-femenina-de-futbol-del-ecuador-inicia-proceso","status":"publish","type":"post","link":"https:\/\/chasquideportivo.com\/ecrt\/seleccion-femenina-de-futbol-del-ecuador-inicia-proceso\/","title":{"rendered":"Selecci\u00f3n femenina de f\u00fatbol del Ecuador inicia proceso"},"content":{"rendered":"<p>Con la direcci\u00f3n del entrenador, Luigi Pescarolo, este mi\u00e9rcoles 26 de septiembre, se da el inicio del proceso con la Selecci\u00f3n Femenina categor\u00eda Mayores. El objetivo es clasificar a la Copa del Mundo en esta categor\u00eda.<\/p>\n<p>Tras la \u00faltima participaci\u00f3n de este combinado en el mes de abril en la Copa Am\u00e9rica de Chile, el cuerpo t\u00e9cnico&nbsp; continuar\u00e1 con la observaci\u00f3n de las jugadoras que han venido de procesos anteriores y tambi\u00e9n ver habilidades de nuevos talentos.<\/p>\n<p>El entrenador tambi\u00e9n a\u00f1adi\u00f3 que iniciar\u00e1n los entrenamientos con las Selecciones Sub-17 y Sub-20 para prepararse para los pr\u00f3ximos sudamericanos en el a\u00f1o 2020.<\/p>\n<p>Las 27 jugadoras concentrar\u00e1n del 26 al 30 de septiembre en la Casa de la Selecci\u00f3n en Quito.<\/p>\n<p>SELECCI\u00d3N NACIONAL DE F\u00daTBOL FEMENINO<\/p>\n<p>CATEGOR\u00cdA MAYORES<\/p>\n<p>MOTIVO: ENTRENAMIENTO DE LA PRE-SELECCI\u00d3N &#8211; MAYORES<\/p>\n<p>CUERPO T\u00c9CNICO<\/p>\n<p>Pescarolo Ycaza Luis Ernesto &#8211; Director T\u00e9cnico<\/p>\n<p>Encalada Lasso Andr\u00e9s Alfredo &#8211; Asistente T\u00e9cnico<\/p>\n<p>Arboleda Lascano Tomas Miguel &#8211; Preparador F\u00edsico<\/p>\n<p>Veira Z\u00fa\u00f1iga Jorge Antonio &#8211; Preparador De Arqueros<\/p>\n<p>Maldonado San Martin Iv\u00e1n Patricio &#8211; Medico<\/p>\n<p>Garc\u00eda Moreira Xavier Efra\u00edn &#8211; Fisioterapista<\/p>\n<p>Buitr\u00f3n Edison Richar \u2013 Utilero<\/p>\n<p>JUGADORAS<\/p>\n<ol>\n<li>1. Berruz Aguilar Shirley Viviana (D.Quito)<\/li>\n<li>2. Casierra Angulo G\u00e9nesis Yulissa (D.Santo Domingo Tsa.)<\/li>\n<li>3. Fajardo Bustamante Suany Abigail (Uni\u00f3n Espa\u00f1ola)<\/li>\n<li>4. Ferrin Zambrano Sonia Fernanda (Espe)<\/li>\n<li>5. Marines Betancourt Gabriela Lilibeth (Pereira)<\/li>\n<li>6. Moreira Burgos Ligia Elena (U. Cat\u00f3lica)<\/li>\n<li>7. Pineda Pineda Mar\u00eda Mercedes (\u00d1a\u00f1as)<\/li>\n<li>8. S\u00e1nchez Urgiles Sandra Sof\u00eda (Carneras Ups Futbol)<\/li>\n<li>9. Vasconez Lopez Alegria Alexandra (\u00d1a\u00f1as)<\/li>\n<li>10. Arroyo Ruales Paola Nicole (Espuce)<\/li>\n<li>11. Bone Jaramillo Kerly Dayanna (D.Quito)<\/li>\n<li>12. Carrillo Lema Ana Lucia (\u00d1a\u00f1as)<\/li>\n<li>13. Charcopa Sevillano Nicole Karen (Uni\u00f3n Espa\u00f1ola)<\/li>\n<li>14. Guerrero Fuentes Mar\u00eda Anthonella (D.Quito)<\/li>\n<li>15. Ifema Gonzales Chidimma Estefania (\u00d1a\u00f1as)<\/li>\n<li>16. Olvera Reyes Mayra Fabiola (7 Febrero)<\/li>\n<li>17. Pachito Espinoza Ang\u00e9lica Griselda (Uni\u00f3n Espa\u00f1ola)<\/li>\n<li>18. Peralta Gracia Karen Nicole (D.Quito)<\/li>\n<li>19. Pesantes Tenorio Denise Andrea (U. Cat\u00f3lica)<\/li>\n<li>20. Rodr\u00edguez Alvarado Ingrid Roxana (Uni\u00f3n Espa\u00f1ola)<\/li>\n<li>21. Talavera Zavala Allison Nicole (\u00d1a\u00f1as)<\/li>\n<li>22. Vasconez Lopez Fernanda Carolina (\u00d1a\u00f1as)<\/li>\n<li>23. Caicedo Caicedo Carina Elizabeth (D. Quito)<\/li>\n<li>24. Calisto Crespo Mickaela (San Francisco)<\/li>\n<li>25. Folleco Carabali Nathaly Johanna (D.Quito)<\/li>\n<li>26. Lattanzio Flores Giannina Maria (U. Cat\u00f3lica)<\/li>\n<li>27. V\u00e1squez Valencia Erika Paola (Uni\u00f3n Espa\u00f1ola)<\/li>\n<\/ol>\n<p>2018-09-25 20:19:33<\/p>\n<p>Golazo<\/p>\n","protected":false},"excerpt":{"rendered":"<p>Con la direcci\u00f3n del entrenador, Luigi Pescarolo, este mi\u00e9rcoles 26 de septiembre, se da el inicio del proceso con la Selecci\u00f3n Femenina categor\u00eda Mayores. El objetivo es clasificar a la Copa del Mundo en esta categor\u00eda. Tras la \u00faltima participaci\u00f3n de este combinado en el mes de abril en la Copa Am\u00e9rica de Chile, el [&hellip;]<\/p>\n","protected":false},"author":1,"featured_media":0,"comment_status":"open","ping_status":"open","sticky":false,"template":"","format":"standard","meta":{"_et_pb_use_builder":"","_et_pb_old_content":"","_et_gb_content_width":"","footnotes":""},"categories":[18],"tags":[37,36,35,34,39,28,23,20,22,24,19,38,21,41,40,3,6,31,25,42,29,30,27,26,33,32],"class_list":["post-4579","post","type-post","status-publish","format-standard","hentry","category-golazo","tag-37","tag-36","tag-35","tag-34","tag-actividad-deportiva","tag-barriales","tag-barrio","tag-chasqui","tag-chasqui-deportivo","tag-deporte","tag-deporte-barrial-ecuatoriano","tag-deportistas","tag-deportivo","tag-deportivos","tag-dirigentcia","tag-dirigentes","tag-ecuador","tag-ecuatorianas","tag-ecuatoriano","tag-ecuatorianos","tag-futbol","tag-futbolistas","tag-ligas","tag-ligas-barriales-ecuador","tag-pais","tag-quito"],"yoast_head":"<!-- This site is optimized with the Yoast SEO plugin v27.5 - https:\/\/yoast.com\/product\/yoast-seo-wordpress\/ -->\n<title>Selecci\u00f3n femenina de f\u00fatbol del Ecuador inicia proceso - ChasquiDeportivo<\/title>\n<meta name=\"description\" content=\"Chasqui Deportivo | Informaci\u00f3n y comunicaci\u00f3n, reportajes, noticias, entrevistas en el \u00e1rea del deporte local, nacional.\" \/>\n<meta name=\"robots\" content=\"index, follow, max-snippet:-1, max-image-preview:large, max-video-preview:-1\" \/>\n<link rel=\"canonical\" href=\"https:\/\/chasquideportivo.com\/ecrt\/seleccion-femenina-de-futbol-del-ecuador-inicia-proceso\/\" \/>\n<meta property=\"og:locale\" content=\"es_ES\" \/>\n<meta property=\"og:type\" content=\"article\" \/>\n<meta property=\"og:title\" content=\"Selecci\u00f3n femenina de f\u00fatbol del Ecuador inicia proceso - ChasquiDeportivo\" \/>\n<meta property=\"og:description\" content=\"Chasqui Deportivo | Informaci\u00f3n y comunicaci\u00f3n, reportajes, noticias, entrevistas en el \u00e1rea del deporte local, nacional.\" \/>\n<meta property=\"og:url\" content=\"https:\/\/chasquideportivo.com\/ecrt\/seleccion-femenina-de-futbol-del-ecuador-inicia-proceso\/\" \/>\n<meta property=\"og:site_name\" content=\"ChasquiDeportivo\" \/>\n<meta property=\"article:publisher\" content=\"https:\/\/www.facebook.com\/chasquideportivo\" \/>\n<meta property=\"article:published_time\" content=\"2021-03-20T17:57:58+00:00\" \/>\n<meta property=\"article:modified_time\" content=\"2021-03-20T18:15:58+00:00\" \/>\n<meta name=\"author\" content=\"kollage\" \/>\n<meta name=\"twitter:card\" content=\"summary_large_image\" \/>\n<meta name=\"twitter:creator\" content=\"@chasquidep\" \/>\n<meta name=\"twitter:site\" content=\"@chasquidep\" \/>\n<meta name=\"twitter:label1\" content=\"Escrito por\" \/>\n\t<meta name=\"twitter:data1\" content=\"kollage\" \/>\n\t<meta name=\"twitter:label2\" content=\"Tiempo de lectura\" \/>\n\t<meta name=\"twitter:data2\" content=\"2 minutos\" \/>\n<script type=\"application\/ld+json\" class=\"yoast-schema-graph\">{\"@context\":\"https:\\\/\\\/schema.org\",\"@graph\":[{\"@type\":\"Article\",\"@id\":\"https:\\\/\\\/chasquideportivo.com\\\/ecrt\\\/seleccion-femenina-de-futbol-del-ecuador-inicia-proceso\\\/#article\",\"isPartOf\":{\"@id\":\"https:\\\/\\\/chasquideportivo.com\\\/ecrt\\\/seleccion-femenina-de-futbol-del-ecuador-inicia-proceso\\\/\"},\"author\":{\"name\":\"kollage\",\"@id\":\"https:\\\/\\\/chasquideportivo.com\\\/ecrt\\\/#\\\/schema\\\/person\\\/d9e229fabae4c1e3f82cf66d802ca7b6\"},\"headline\":\"Selecci\u00f3n femenina de f\u00fatbol del Ecuador inicia proceso\",\"datePublished\":\"2021-03-20T17:57:58+00:00\",\"dateModified\":\"2021-03-20T18:15:58+00:00\",\"mainEntityOfPage\":{\"@id\":\"https:\\\/\\\/chasquideportivo.com\\\/ecrt\\\/seleccion-femenina-de-futbol-del-ecuador-inicia-proceso\\\/\"},\"wordCount\":403,\"commentCount\":0,\"publisher\":{\"@id\":\"https:\\\/\\\/chasquideportivo.com\\\/ecrt\\\/#organization\"},\"keywords\":[\"2018\",\"2019\",\"2020\",\"2021\",\"actividad deportiva\",\"barriales\",\"barrio\",\"chasqui\",\"chasqui deportivo\",\"deporte\",\"deporte barrial ecuatoriano\",\"deportistas\",\"deportivo\",\"deportivos\",\"dirigentcia\",\"dirigentes\",\"ecuador\",\"ecuatorianas\",\"ecuatoriano\",\"ecuatorianos\",\"futbol\",\"futbolistas\",\"ligas\",\"ligas barriales ecuador\",\"pa\u00eds\",\"quito\"],\"articleSection\":[\"Golazo\"],\"inLanguage\":\"es\",\"potentialAction\":[{\"@type\":\"CommentAction\",\"name\":\"Comment\",\"target\":[\"https:\\\/\\\/chasquideportivo.com\\\/ecrt\\\/seleccion-femenina-de-futbol-del-ecuador-inicia-proceso\\\/#respond\"]}]},{\"@type\":\"WebPage\",\"@id\":\"https:\\\/\\\/chasquideportivo.com\\\/ecrt\\\/seleccion-femenina-de-futbol-del-ecuador-inicia-proceso\\\/\",\"url\":\"https:\\\/\\\/chasquideportivo.com\\\/ecrt\\\/seleccion-femenina-de-futbol-del-ecuador-inicia-proceso\\\/\",\"name\":\"Selecci\u00f3n femenina de f\u00fatbol del Ecuador inicia proceso - ChasquiDeportivo\",\"isPartOf\":{\"@id\":\"https:\\\/\\\/chasquideportivo.com\\\/ecrt\\\/#website\"},\"datePublished\":\"2021-03-20T17:57:58+00:00\",\"dateModified\":\"2021-03-20T18:15:58+00:00\",\"description\":\"Chasqui Deportivo | Informaci\u00f3n y comunicaci\u00f3n, reportajes, noticias, entrevistas en el \u00e1rea del deporte local, nacional.\",\"breadcrumb\":{\"@id\":\"https:\\\/\\\/chasquideportivo.com\\\/ecrt\\\/seleccion-femenina-de-futbol-del-ecuador-inicia-proceso\\\/#breadcrumb\"},\"inLanguage\":\"es\",\"potentialAction\":[{\"@type\":\"ReadAction\",\"target\":[\"https:\\\/\\\/chasquideportivo.com\\\/ecrt\\\/seleccion-femenina-de-futbol-del-ecuador-inicia-proceso\\\/\"]}]},{\"@type\":\"BreadcrumbList\",\"@id\":\"https:\\\/\\\/chasquideportivo.com\\\/ecrt\\\/seleccion-femenina-de-futbol-del-ecuador-inicia-proceso\\\/#breadcrumb\",\"itemListElement\":[{\"@type\":\"ListItem\",\"position\":1,\"name\":\"Portada | Chasqui Deportivo\",\"item\":\"https:\\\/\\\/chasquideportivo.com\\\/ecrt\\\/\"},{\"@type\":\"ListItem\",\"position\":2,\"name\":\"Archivo\",\"item\":\"https:\\\/\\\/chasquideportivo.com\\\/ecrt\\\/category\\\/archivo\\\/\"},{\"@type\":\"ListItem\",\"position\":3,\"name\":\"Golazo\",\"item\":\"https:\\\/\\\/chasquideportivo.com\\\/ecrt\\\/category\\\/archivo\\\/golazo\\\/\"},{\"@type\":\"ListItem\",\"position\":4,\"name\":\"Selecci\u00f3n femenina de f\u00fatbol del Ecuador inicia proceso\"}]},{\"@type\":\"WebSite\",\"@id\":\"https:\\\/\\\/chasquideportivo.com\\\/ecrt\\\/#website\",\"url\":\"https:\\\/\\\/chasquideportivo.com\\\/ecrt\\\/\",\"name\":\"ChasquiDeportivo\",\"description\":\"Informaci&oacute;n y comunicaci&oacute;n, reportajes, noticias, entrevistas en el &aacute;rea del deporte local, nacional.\",\"publisher\":{\"@id\":\"https:\\\/\\\/chasquideportivo.com\\\/ecrt\\\/#organization\"},\"potentialAction\":[{\"@type\":\"SearchAction\",\"target\":{\"@type\":\"EntryPoint\",\"urlTemplate\":\"https:\\\/\\\/chasquideportivo.com\\\/ecrt\\\/?s={search_term_string}\"},\"query-input\":{\"@type\":\"PropertyValueSpecification\",\"valueRequired\":true,\"valueName\":\"search_term_string\"}}],\"inLanguage\":\"es\"},{\"@type\":\"Organization\",\"@id\":\"https:\\\/\\\/chasquideportivo.com\\\/ecrt\\\/#organization\",\"name\":\"Chasqui Deportivo\",\"url\":\"https:\\\/\\\/chasquideportivo.com\\\/ecrt\\\/\",\"logo\":{\"@type\":\"ImageObject\",\"inLanguage\":\"es\",\"@id\":\"https:\\\/\\\/chasquideportivo.com\\\/ecrt\\\/#\\\/schema\\\/logo\\\/image\\\/\",\"url\":\"https:\\\/\\\/chasquideportivo.com\\\/ecrt\\\/wp-content\\\/uploads\\\/2022\\\/01\\\/logo-vertical.jpg\",\"contentUrl\":\"https:\\\/\\\/chasquideportivo.com\\\/ecrt\\\/wp-content\\\/uploads\\\/2022\\\/01\\\/logo-vertical.jpg\",\"width\":612,\"height\":750,\"caption\":\"Chasqui Deportivo\"},\"image\":{\"@id\":\"https:\\\/\\\/chasquideportivo.com\\\/ecrt\\\/#\\\/schema\\\/logo\\\/image\\\/\"},\"sameAs\":[\"https:\\\/\\\/www.facebook.com\\\/chasquideportivo\",\"https:\\\/\\\/x.com\\\/chasquidep\",\"https:\\\/\\\/www.instagram.com\\\/chasquideportivo.ec\",\"https:\\\/\\\/www.youtube.com\\\/channel\\\/UCGY8M-csHuxJuGRt4XrV90Q\"]},{\"@type\":\"Person\",\"@id\":\"https:\\\/\\\/chasquideportivo.com\\\/ecrt\\\/#\\\/schema\\\/person\\\/d9e229fabae4c1e3f82cf66d802ca7b6\",\"name\":\"kollage\",\"image\":{\"@type\":\"ImageObject\",\"inLanguage\":\"es\",\"@id\":\"https:\\\/\\\/secure.gravatar.com\\\/avatar\\\/69b5388bf21dfca5434ca100f351036f1fbff72ba519ef8157b31bcc7fbfbb18?s=96&d=mm&r=g\",\"url\":\"https:\\\/\\\/secure.gravatar.com\\\/avatar\\\/69b5388bf21dfca5434ca100f351036f1fbff72ba519ef8157b31bcc7fbfbb18?s=96&d=mm&r=g\",\"contentUrl\":\"https:\\\/\\\/secure.gravatar.com\\\/avatar\\\/69b5388bf21dfca5434ca100f351036f1fbff72ba519ef8157b31bcc7fbfbb18?s=96&d=mm&r=g\",\"caption\":\"kollage\"},\"sameAs\":[\"https:\\\/\\\/chasquideportivo.com\\\/ecrt\"],\"url\":\"https:\\\/\\\/chasquideportivo.com\\\/ecrt\\\/author\\\/kollage\\\/\"}]}<\/script>\n<!-- \/ Yoast SEO plugin. -->","yoast_head_json":{"title":"Selecci\u00f3n femenina de f\u00fatbol del Ecuador inicia proceso - ChasquiDeportivo","description":"Chasqui Deportivo | Informaci\u00f3n y comunicaci\u00f3n, reportajes, noticias, entrevistas en el \u00e1rea del deporte local, nacional.","robots":{"index":"index","follow":"follow","max-snippet":"max-snippet:-1","max-image-preview":"max-image-preview:large","max-video-preview":"max-video-preview:-1"},"canonical":"https:\/\/chasquideportivo.com\/ecrt\/seleccion-femenina-de-futbol-del-ecuador-inicia-proceso\/","og_locale":"es_ES","og_type":"article","og_title":"Selecci\u00f3n femenina de f\u00fatbol del Ecuador inicia proceso - ChasquiDeportivo","og_description":"Chasqui Deportivo | Informaci\u00f3n y comunicaci\u00f3n, reportajes, noticias, entrevistas en el \u00e1rea del deporte local, nacional.","og_url":"https:\/\/chasquideportivo.com\/ecrt\/seleccion-femenina-de-futbol-del-ecuador-inicia-proceso\/","og_site_name":"ChasquiDeportivo","article_publisher":"https:\/\/www.facebook.com\/chasquideportivo","article_published_time":"2021-03-20T17:57:58+00:00","article_modified_time":"2021-03-20T18:15:58+00:00","author":"kollage","twitter_card":"summary_large_image","twitter_creator":"@chasquidep","twitter_site":"@chasquidep","twitter_misc":{"Escrito por":"kollage","Tiempo de lectura":"2 minutos"},"schema":{"@context":"https:\/\/schema.org","@graph":[{"@type":"Article","@id":"https:\/\/chasquideportivo.com\/ecrt\/seleccion-femenina-de-futbol-del-ecuador-inicia-proceso\/#article","isPartOf":{"@id":"https:\/\/chasquideportivo.com\/ecrt\/seleccion-femenina-de-futbol-del-ecuador-inicia-proceso\/"},"author":{"name":"kollage","@id":"https:\/\/chasquideportivo.com\/ecrt\/#\/schema\/person\/d9e229fabae4c1e3f82cf66d802ca7b6"},"headline":"Selecci\u00f3n femenina de f\u00fatbol del Ecuador inicia proceso","datePublished":"2021-03-20T17:57:58+00:00","dateModified":"2021-03-20T18:15:58+00:00","mainEntityOfPage":{"@id":"https:\/\/chasquideportivo.com\/ecrt\/seleccion-femenina-de-futbol-del-ecuador-inicia-proceso\/"},"wordCount":403,"commentCount":0,"publisher":{"@id":"https:\/\/chasquideportivo.com\/ecrt\/#organization"},"keywords":["2018","2019","2020","2021","actividad deportiva","barriales","barrio","chasqui","chasqui deportivo","deporte","deporte barrial ecuatoriano","deportistas","deportivo","deportivos","dirigentcia","dirigentes","ecuador","ecuatorianas","ecuatoriano","ecuatorianos","futbol","futbolistas","ligas","ligas barriales ecuador","pa\u00eds","quito"],"articleSection":["Golazo"],"inLanguage":"es","potentialAction":[{"@type":"CommentAction","name":"Comment","target":["https:\/\/chasquideportivo.com\/ecrt\/seleccion-femenina-de-futbol-del-ecuador-inicia-proceso\/#respond"]}]},{"@type":"WebPage","@id":"https:\/\/chasquideportivo.com\/ecrt\/seleccion-femenina-de-futbol-del-ecuador-inicia-proceso\/","url":"https:\/\/chasquideportivo.com\/ecrt\/seleccion-femenina-de-futbol-del-ecuador-inicia-proceso\/","name":"Selecci\u00f3n femenina de f\u00fatbol del Ecuador inicia proceso - ChasquiDeportivo","isPartOf":{"@id":"https:\/\/chasquideportivo.com\/ecrt\/#website"},"datePublished":"2021-03-20T17:57:58+00:00","dateModified":"2021-03-20T18:15:58+00:00","description":"Chasqui Deportivo | Informaci\u00f3n y comunicaci\u00f3n, reportajes, noticias, entrevistas en el \u00e1rea del deporte local, nacional.","breadcrumb":{"@id":"https:\/\/chasquideportivo.com\/ecrt\/seleccion-femenina-de-futbol-del-ecuador-inicia-proceso\/#breadcrumb"},"inLanguage":"es","potentialAction":[{"@type":"ReadAction","target":["https:\/\/chasquideportivo.com\/ecrt\/seleccion-femenina-de-futbol-del-ecuador-inicia-proceso\/"]}]},{"@type":"BreadcrumbList","@id":"https:\/\/chasquideportivo.com\/ecrt\/seleccion-femenina-de-futbol-del-ecuador-inicia-proceso\/#breadcrumb","itemListElement":[{"@type":"ListItem","position":1,"name":"Portada | Chasqui Deportivo","item":"https:\/\/chasquideportivo.com\/ecrt\/"},{"@type":"ListItem","position":2,"name":"Archivo","item":"https:\/\/chasquideportivo.com\/ecrt\/category\/archivo\/"},{"@type":"ListItem","position":3,"name":"Golazo","item":"https:\/\/chasquideportivo.com\/ecrt\/category\/archivo\/golazo\/"},{"@type":"ListItem","position":4,"name":"Selecci\u00f3n femenina de f\u00fatbol del Ecuador inicia proceso"}]},{"@type":"WebSite","@id":"https:\/\/chasquideportivo.com\/ecrt\/#website","url":"https:\/\/chasquideportivo.com\/ecrt\/","name":"ChasquiDeportivo","description":"Informaci&oacute;n y comunicaci&oacute;n, reportajes, noticias, entrevistas en el &aacute;rea del deporte local, nacional.","publisher":{"@id":"https:\/\/chasquideportivo.com\/ecrt\/#organization"},"potentialAction":[{"@type":"SearchAction","target":{"@type":"EntryPoint","urlTemplate":"https:\/\/chasquideportivo.com\/ecrt\/?s={search_term_string}"},"query-input":{"@type":"PropertyValueSpecification","valueRequired":true,"valueName":"search_term_string"}}],"inLanguage":"es"},{"@type":"Organization","@id":"https:\/\/chasquideportivo.com\/ecrt\/#organization","name":"Chasqui Deportivo","url":"https:\/\/chasquideportivo.com\/ecrt\/","logo":{"@type":"ImageObject","inLanguage":"es","@id":"https:\/\/chasquideportivo.com\/ecrt\/#\/schema\/logo\/image\/","url":"https:\/\/chasquideportivo.com\/ecrt\/wp-content\/uploads\/2022\/01\/logo-vertical.jpg","contentUrl":"https:\/\/chasquideportivo.com\/ecrt\/wp-content\/uploads\/2022\/01\/logo-vertical.jpg","width":612,"height":750,"caption":"Chasqui Deportivo"},"image":{"@id":"https:\/\/chasquideportivo.com\/ecrt\/#\/schema\/logo\/image\/"},"sameAs":["https:\/\/www.facebook.com\/chasquideportivo","https:\/\/x.com\/chasquidep","https:\/\/www.instagram.com\/chasquideportivo.ec","https:\/\/www.youtube.com\/channel\/UCGY8M-csHuxJuGRt4XrV90Q"]},{"@type":"Person","@id":"https:\/\/chasquideportivo.com\/ecrt\/#\/schema\/person\/d9e229fabae4c1e3f82cf66d802ca7b6","name":"kollage","image":{"@type":"ImageObject","inLanguage":"es","@id":"https:\/\/secure.gravatar.com\/avatar\/69b5388bf21dfca5434ca100f351036f1fbff72ba519ef8157b31bcc7fbfbb18?s=96&d=mm&r=g","url":"https:\/\/secure.gravatar.com\/avatar\/69b5388bf21dfca5434ca100f351036f1fbff72ba519ef8157b31bcc7fbfbb18?s=96&d=mm&r=g","contentUrl":"https:\/\/secure.gravatar.com\/avatar\/69b5388bf21dfca5434ca100f351036f1fbff72ba519ef8157b31bcc7fbfbb18?s=96&d=mm&r=g","caption":"kollage"},"sameAs":["https:\/\/chasquideportivo.com\/ecrt"],"url":"https:\/\/chasquideportivo.com\/ecrt\/author\/kollage\/"}]}},"_links":{"self":[{"href":"https:\/\/chasquideportivo.com\/ecrt\/wp-json\/wp\/v2\/posts\/4579","targetHints":{"allow":["GET"]}}],"collection":[{"href":"https:\/\/chasquideportivo.com\/ecrt\/wp-json\/wp\/v2\/posts"}],"about":[{"href":"https:\/\/chasquideportivo.com\/ecrt\/wp-json\/wp\/v2\/types\/post"}],"author":[{"embeddable":true,"href":"https:\/\/chasquideportivo.com\/ecrt\/wp-json\/wp\/v2\/users\/1"}],"replies":[{"embeddable":true,"href":"https:\/\/chasquideportivo.com\/ecrt\/wp-json\/wp\/v2\/comments?post=4579"}],"version-history":[{"count":1,"href":"https:\/\/chasquideportivo.com\/ecrt\/wp-json\/wp\/v2\/posts\/4579\/revisions"}],"predecessor-version":[{"id":6105,"href":"https:\/\/chasquideportivo.com\/ecrt\/wp-json\/wp\/v2\/posts\/4579\/revisions\/6105"}],"wp:attachment":[{"href":"https:\/\/chasquideportivo.com\/ecrt\/wp-json\/wp\/v2\/media?parent=4579"}],"wp:term":[{"taxonomy":"category","embeddable":true,"href":"https:\/\/chasquideportivo.com\/ecrt\/wp-json\/wp\/v2\/categories?post=4579"},{"taxonomy":"post_tag","embeddable":true,"href":"https:\/\/chasquideportivo.com\/ecrt\/wp-json\/wp\/v2\/tags?post=4579"}],"curies":[{"name":"wp","href":"https:\/\/api.w.org\/{rel}","templated":true}]}}