{"id":13418,"date":"2023-11-14T23:55:26","date_gmt":"2023-11-14T23:55:26","guid":{"rendered":"https:\/\/chasquideportivo.com\/ecrt\/?p=13418"},"modified":"2023-11-14T23:55:26","modified_gmt":"2023-11-14T23:55:26","slug":"presidente-de-la-feffrancisco-egas-espera-victoria-en-quito-para-dar-una-leccion-a-chile","status":"publish","type":"post","link":"https:\/\/chasquideportivo.com\/ecrt\/presidente-de-la-feffrancisco-egas-espera-victoria-en-quito-para-dar-una-leccion-a-chile\/","title":{"rendered":"Presidente de la FEF,Francisco Egas, espera victoria en Quito para dar una lecci\u00f3n a Chile"},"content":{"rendered":"<p>El presidente de la Federaci\u00f3n Ecuatoriana de F\u00fatbol (FEF), Francisco Egas, se declar\u00f3 este martes esperanzado en la victoria de la Tri en Quito sobre Chile, para dar este martes &#8220;la mejor lecci\u00f3n&#8221; al rival.<!--more--><\/p>\n<p>&#8220;La mejor lecci\u00f3n que Ecuador le puede dar a Chile, luego de todo lo que nos dijeron, es ganarle en la cancha. He llamado a la gente para que nos aliente, pero sin insultos, porque eso puede llevar a una nueva sanci\u00f3n para la Selecci\u00f3n&#8221;, reiter\u00f3 Egas.<img loading=\"lazy\" decoding=\"async\" class=\"size-medium wp-image-12149 alignleft\" src=\"https:\/\/chasquideportivo.com\/ecrt\/wp-content\/uploads\/2022\/05\/egas-1-300x185.jpg\" alt=\"\" width=\"300\" height=\"185\" \/><\/p>\n<p>La federaci\u00f3n del f\u00fatbol de Chile (ANFP) denunci\u00f3 el a\u00f1o asado irregularidades en el proceso de identificaci\u00f3n e inscripci\u00f3n de Byron Castillo por la selecci\u00f3n ecuatoriana debido a los indicios de que el lateral tiene nacionalidad colombiana, lo que deriv\u00f3 en una sanci\u00f3n del Tribunal de Arbitraje Deportivo (TAS).<\/p>\n<p>Por cuenta de la decisi\u00f3n del TAS, la selecci\u00f3n ecuatoriana comenz\u00f3 las eliminatorias con tres puntos menos, lo que hasta hoy no olvidan sus directivos.<\/p>\n<p>&#8220;No hay duda de que los tres puntos menos duelen, porque ahora ya estar\u00edamos entre los tres mejores de la tabla. Sin embargo, el rendimiento del equipo le ha permitido encontrarse cerca de todos los que compiten arriba&#8221;, matiz\u00f3.<\/p>\n<p>La sanci\u00f3n contra Ecuador fue apelada por la FEF, pero el fallo fue corroborado recientemente por un Tribunal Federal Suizo (TFS).<\/p>\n<p>Egas dijo a la emisora La Red que \u201cla FEF actu\u00f3 de buena manera y respet\u00f3 todos los procesos (de investigaci\u00f3n y comprobaci\u00f3n de la nacionalidad ecuatoriana de Castillo)&#8221;.<\/p>\n<p>Castillo form\u00f3 parte de la selecci\u00f3n ecuatoriana durante las eliminatorias sudamericanas para el Mundial de Catar 2022, luego deE que el TAS admitiera la legalidad de los documentos de identidad como ecuatoriano del defensor, aunque luego sancion\u00f3 a la FEF por otros aspectos de la demanda chilena.<\/p>\n<p>La FEF recibi\u00f3 la aprobaci\u00f3n de la FIFA para convocar a Castillo.<\/p>\n<p>&#8220;Dos instancias de la FIFA le dieron la raz\u00f3n a la FEF. Luego, varios jueces del TAS determinaron que algo raro hab\u00eda. Pero lo cierto es que las autoridades nacionales dijeron que el jugador s\u00ed es ecuatoriano&#8221;, advirti\u00f3 el directivo.<\/p>\n<p>Seg\u00fan Egas, &#8220;el criterio de tres abogados suizos que nunca han pisado Ecuador no puede ser tomado como una verdad absoluta&#8221;.<\/p>\n<p>Al cabo de dos victorias, un empate y una derrota, y compensados los tres puntos de la sanci\u00f3n, la selecci\u00f3n de Ecuador ocupa el sexto puesto de las eliminatorias con cuatro.<\/p>\n<p>&#8220;Ecuador debe seguir peleando como lo ha hecho hasta ahora, porque hoy estamos en zona de clasificaci\u00f3n. Esperamos que cuando esto termine ni nos acordemos de los puntos que nos restaron\u201c, dijo Egas.<\/p>\n<p>Ecuador visitar\u00e1 este pr\u00f3ximo jueves a Venezuela y el d\u00eda 21 de noviembre recibir\u00e1 a Chile, en Quito. EFE<\/p>\n","protected":false},"excerpt":{"rendered":"<p>El presidente de la Federaci\u00f3n Ecuatoriana de F\u00fatbol (FEF), Francisco Egas, se declar\u00f3 este martes esperanzado en la victoria de la Tri en Quito sobre Chile, para dar este martes &#8220;la mejor lecci\u00f3n&#8221; al rival.<\/p>\n","protected":false},"author":2,"featured_media":12149,"comment_status":"open","ping_status":"open","sticky":false,"template":"","format":"standard","meta":{"_et_pb_use_builder":"","_et_pb_old_content":"","_et_gb_content_width":"","footnotes":""},"categories":[18],"tags":[22,1160,572,1159],"class_list":["post-13418","post","type-post","status-publish","format-standard","has-post-thumbnail","hentry","category-golazo","tag-chasqui-deportivo","tag-espera-victoria-en-quito-para-dar-una-leccion-a-chile","tag-francisco-egas","tag-presidente-de-la-fef"],"yoast_head":"<!-- This site is optimized with the Yoast SEO plugin v27.4 - https:\/\/yoast.com\/product\/yoast-seo-wordpress\/ -->\n<title>Presidente de la FEF,Francisco Egas, espera victoria en Quito para dar una lecci\u00f3n a Chile - ChasquiDeportivo<\/title>\n<meta name=\"description\" content=\"Chasqui Deportivo | Informaci\u00f3n y comunicaci\u00f3n, reportajes, noticias, entrevistas en el \u00e1rea del deporte local, nacional.\" \/>\n<meta name=\"robots\" content=\"index, follow, max-snippet:-1, max-image-preview:large, max-video-preview:-1\" \/>\n<link rel=\"canonical\" href=\"https:\/\/chasquideportivo.com\/ecrt\/presidente-de-la-feffrancisco-egas-espera-victoria-en-quito-para-dar-una-leccion-a-chile\/\" \/>\n<meta property=\"og:locale\" content=\"es_ES\" \/>\n<meta property=\"og:type\" content=\"article\" \/>\n<meta property=\"og:title\" content=\"Presidente de la FEF,Francisco Egas, espera victoria en Quito para dar una lecci\u00f3n a Chile - ChasquiDeportivo\" \/>\n<meta property=\"og:description\" content=\"Chasqui Deportivo | Informaci\u00f3n y comunicaci\u00f3n, reportajes, noticias, entrevistas en el \u00e1rea del deporte local, nacional.\" \/>\n<meta property=\"og:url\" content=\"https:\/\/chasquideportivo.com\/ecrt\/presidente-de-la-feffrancisco-egas-espera-victoria-en-quito-para-dar-una-leccion-a-chile\/\" \/>\n<meta property=\"og:site_name\" content=\"ChasquiDeportivo\" \/>\n<meta property=\"article:publisher\" content=\"https:\/\/www.facebook.com\/chasquideportivo\" \/>\n<meta property=\"article:published_time\" content=\"2023-11-14T23:55:26+00:00\" \/>\n<meta property=\"og:image\" content=\"https:\/\/chasquideportivo.com\/ecrt\/wp-content\/uploads\/2022\/05\/egas-1.jpg\" \/>\n\t<meta property=\"og:image:width\" content=\"652\" \/>\n\t<meta property=\"og:image:height\" content=\"402\" \/>\n\t<meta property=\"og:image:type\" content=\"image\/jpeg\" \/>\n<meta name=\"author\" content=\"Redacci\u00f3n Chasqui Deportivo\" \/>\n<meta name=\"twitter:card\" content=\"summary_large_image\" \/>\n<meta name=\"twitter:creator\" content=\"@chasquidep\" \/>\n<meta name=\"twitter:site\" content=\"@chasquidep\" \/>\n<meta name=\"twitter:label1\" content=\"Escrito por\" \/>\n\t<meta name=\"twitter:data1\" content=\"Redacci\u00f3n Chasqui Deportivo\" \/>\n\t<meta name=\"twitter:label2\" content=\"Tiempo de lectura\" \/>\n\t<meta name=\"twitter:data2\" content=\"3 minutos\" \/>\n<script type=\"application\/ld+json\" class=\"yoast-schema-graph\">{\"@context\":\"https:\\\/\\\/schema.org\",\"@graph\":[{\"@type\":\"Article\",\"@id\":\"https:\\\/\\\/chasquideportivo.com\\\/ecrt\\\/presidente-de-la-feffrancisco-egas-espera-victoria-en-quito-para-dar-una-leccion-a-chile\\\/#article\",\"isPartOf\":{\"@id\":\"https:\\\/\\\/chasquideportivo.com\\\/ecrt\\\/presidente-de-la-feffrancisco-egas-espera-victoria-en-quito-para-dar-una-leccion-a-chile\\\/\"},\"author\":{\"name\":\"Redacci\u00f3n Chasqui Deportivo\",\"@id\":\"https:\\\/\\\/chasquideportivo.com\\\/ecrt\\\/#\\\/schema\\\/person\\\/33917d530026e458779161ba37af0135\"},\"headline\":\"Presidente de la FEF,Francisco Egas, espera victoria en Quito para dar una lecci\u00f3n a Chile\",\"datePublished\":\"2023-11-14T23:55:26+00:00\",\"mainEntityOfPage\":{\"@id\":\"https:\\\/\\\/chasquideportivo.com\\\/ecrt\\\/presidente-de-la-feffrancisco-egas-espera-victoria-en-quito-para-dar-una-leccion-a-chile\\\/\"},\"wordCount\":492,\"commentCount\":0,\"publisher\":{\"@id\":\"https:\\\/\\\/chasquideportivo.com\\\/ecrt\\\/#organization\"},\"image\":{\"@id\":\"https:\\\/\\\/chasquideportivo.com\\\/ecrt\\\/presidente-de-la-feffrancisco-egas-espera-victoria-en-quito-para-dar-una-leccion-a-chile\\\/#primaryimage\"},\"thumbnailUrl\":\"https:\\\/\\\/chasquideportivo.com\\\/ecrt\\\/wp-content\\\/uploads\\\/2022\\\/05\\\/egas-1.jpg\",\"keywords\":[\"chasqui deportivo\",\"espera victoria en Quito para dar una lecci\u00f3n a Chile\",\"Francisco Egas\",\"Presidente de la FEF\"],\"articleSection\":[\"Golazo\"],\"inLanguage\":\"es\",\"potentialAction\":[{\"@type\":\"CommentAction\",\"name\":\"Comment\",\"target\":[\"https:\\\/\\\/chasquideportivo.com\\\/ecrt\\\/presidente-de-la-feffrancisco-egas-espera-victoria-en-quito-para-dar-una-leccion-a-chile\\\/#respond\"]}]},{\"@type\":\"WebPage\",\"@id\":\"https:\\\/\\\/chasquideportivo.com\\\/ecrt\\\/presidente-de-la-feffrancisco-egas-espera-victoria-en-quito-para-dar-una-leccion-a-chile\\\/\",\"url\":\"https:\\\/\\\/chasquideportivo.com\\\/ecrt\\\/presidente-de-la-feffrancisco-egas-espera-victoria-en-quito-para-dar-una-leccion-a-chile\\\/\",\"name\":\"Presidente de la FEF,Francisco Egas, espera victoria en Quito para dar una lecci\u00f3n a Chile - ChasquiDeportivo\",\"isPartOf\":{\"@id\":\"https:\\\/\\\/chasquideportivo.com\\\/ecrt\\\/#website\"},\"primaryImageOfPage\":{\"@id\":\"https:\\\/\\\/chasquideportivo.com\\\/ecrt\\\/presidente-de-la-feffrancisco-egas-espera-victoria-en-quito-para-dar-una-leccion-a-chile\\\/#primaryimage\"},\"image\":{\"@id\":\"https:\\\/\\\/chasquideportivo.com\\\/ecrt\\\/presidente-de-la-feffrancisco-egas-espera-victoria-en-quito-para-dar-una-leccion-a-chile\\\/#primaryimage\"},\"thumbnailUrl\":\"https:\\\/\\\/chasquideportivo.com\\\/ecrt\\\/wp-content\\\/uploads\\\/2022\\\/05\\\/egas-1.jpg\",\"datePublished\":\"2023-11-14T23:55:26+00:00\",\"description\":\"Chasqui Deportivo | Informaci\u00f3n y comunicaci\u00f3n, reportajes, noticias, entrevistas en el \u00e1rea del deporte local, nacional.\",\"breadcrumb\":{\"@id\":\"https:\\\/\\\/chasquideportivo.com\\\/ecrt\\\/presidente-de-la-feffrancisco-egas-espera-victoria-en-quito-para-dar-una-leccion-a-chile\\\/#breadcrumb\"},\"inLanguage\":\"es\",\"potentialAction\":[{\"@type\":\"ReadAction\",\"target\":[\"https:\\\/\\\/chasquideportivo.com\\\/ecrt\\\/presidente-de-la-feffrancisco-egas-espera-victoria-en-quito-para-dar-una-leccion-a-chile\\\/\"]}]},{\"@type\":\"ImageObject\",\"inLanguage\":\"es\",\"@id\":\"https:\\\/\\\/chasquideportivo.com\\\/ecrt\\\/presidente-de-la-feffrancisco-egas-espera-victoria-en-quito-para-dar-una-leccion-a-chile\\\/#primaryimage\",\"url\":\"https:\\\/\\\/chasquideportivo.com\\\/ecrt\\\/wp-content\\\/uploads\\\/2022\\\/05\\\/egas-1.jpg\",\"contentUrl\":\"https:\\\/\\\/chasquideportivo.com\\\/ecrt\\\/wp-content\\\/uploads\\\/2022\\\/05\\\/egas-1.jpg\",\"width\":652,\"height\":402},{\"@type\":\"BreadcrumbList\",\"@id\":\"https:\\\/\\\/chasquideportivo.com\\\/ecrt\\\/presidente-de-la-feffrancisco-egas-espera-victoria-en-quito-para-dar-una-leccion-a-chile\\\/#breadcrumb\",\"itemListElement\":[{\"@type\":\"ListItem\",\"position\":1,\"name\":\"Portada | Chasqui Deportivo\",\"item\":\"https:\\\/\\\/chasquideportivo.com\\\/ecrt\\\/\"},{\"@type\":\"ListItem\",\"position\":2,\"name\":\"Archivo\",\"item\":\"https:\\\/\\\/chasquideportivo.com\\\/ecrt\\\/category\\\/archivo\\\/\"},{\"@type\":\"ListItem\",\"position\":3,\"name\":\"Golazo\",\"item\":\"https:\\\/\\\/chasquideportivo.com\\\/ecrt\\\/category\\\/archivo\\\/golazo\\\/\"},{\"@type\":\"ListItem\",\"position\":4,\"name\":\"Presidente de la FEF,Francisco Egas, espera victoria en Quito para dar una lecci\u00f3n a Chile\"}]},{\"@type\":\"WebSite\",\"@id\":\"https:\\\/\\\/chasquideportivo.com\\\/ecrt\\\/#website\",\"url\":\"https:\\\/\\\/chasquideportivo.com\\\/ecrt\\\/\",\"name\":\"ChasquiDeportivo\",\"description\":\"Informaci&oacute;n y comunicaci&oacute;n, reportajes, noticias, entrevistas en el &aacute;rea del deporte local, nacional.\",\"publisher\":{\"@id\":\"https:\\\/\\\/chasquideportivo.com\\\/ecrt\\\/#organization\"},\"potentialAction\":[{\"@type\":\"SearchAction\",\"target\":{\"@type\":\"EntryPoint\",\"urlTemplate\":\"https:\\\/\\\/chasquideportivo.com\\\/ecrt\\\/?s={search_term_string}\"},\"query-input\":{\"@type\":\"PropertyValueSpecification\",\"valueRequired\":true,\"valueName\":\"search_term_string\"}}],\"inLanguage\":\"es\"},{\"@type\":\"Organization\",\"@id\":\"https:\\\/\\\/chasquideportivo.com\\\/ecrt\\\/#organization\",\"name\":\"Chasqui Deportivo\",\"url\":\"https:\\\/\\\/chasquideportivo.com\\\/ecrt\\\/\",\"logo\":{\"@type\":\"ImageObject\",\"inLanguage\":\"es\",\"@id\":\"https:\\\/\\\/chasquideportivo.com\\\/ecrt\\\/#\\\/schema\\\/logo\\\/image\\\/\",\"url\":\"https:\\\/\\\/chasquideportivo.com\\\/ecrt\\\/wp-content\\\/uploads\\\/2022\\\/01\\\/logo-vertical.jpg\",\"contentUrl\":\"https:\\\/\\\/chasquideportivo.com\\\/ecrt\\\/wp-content\\\/uploads\\\/2022\\\/01\\\/logo-vertical.jpg\",\"width\":612,\"height\":750,\"caption\":\"Chasqui Deportivo\"},\"image\":{\"@id\":\"https:\\\/\\\/chasquideportivo.com\\\/ecrt\\\/#\\\/schema\\\/logo\\\/image\\\/\"},\"sameAs\":[\"https:\\\/\\\/www.facebook.com\\\/chasquideportivo\",\"https:\\\/\\\/x.com\\\/chasquidep\",\"https:\\\/\\\/www.instagram.com\\\/chasquideportivo.ec\",\"https:\\\/\\\/www.youtube.com\\\/channel\\\/UCGY8M-csHuxJuGRt4XrV90Q\"]},{\"@type\":\"Person\",\"@id\":\"https:\\\/\\\/chasquideportivo.com\\\/ecrt\\\/#\\\/schema\\\/person\\\/33917d530026e458779161ba37af0135\",\"name\":\"Redacci\u00f3n Chasqui Deportivo\",\"image\":{\"@type\":\"ImageObject\",\"inLanguage\":\"es\",\"@id\":\"https:\\\/\\\/secure.gravatar.com\\\/avatar\\\/7eb0ecd9938a9f50328ab097af6f56b5e3a84cecb09256bdb75ac402bc1d935b?s=96&d=mm&r=g\",\"url\":\"https:\\\/\\\/secure.gravatar.com\\\/avatar\\\/7eb0ecd9938a9f50328ab097af6f56b5e3a84cecb09256bdb75ac402bc1d935b?s=96&d=mm&r=g\",\"contentUrl\":\"https:\\\/\\\/secure.gravatar.com\\\/avatar\\\/7eb0ecd9938a9f50328ab097af6f56b5e3a84cecb09256bdb75ac402bc1d935b?s=96&d=mm&r=g\",\"caption\":\"Redacci\u00f3n Chasqui Deportivo\"},\"sameAs\":[\"http:\\\/\\\/www.chasquideportivo.com\\\/ecrt\"],\"url\":\"https:\\\/\\\/chasquideportivo.com\\\/ecrt\\\/author\\\/cachito\\\/\"}]}<\/script>\n<!-- \/ Yoast SEO plugin. -->","yoast_head_json":{"title":"Presidente de la FEF,Francisco Egas, espera victoria en Quito para dar una lecci\u00f3n a Chile - ChasquiDeportivo","description":"Chasqui Deportivo | Informaci\u00f3n y comunicaci\u00f3n, reportajes, noticias, entrevistas en el \u00e1rea del deporte local, nacional.","robots":{"index":"index","follow":"follow","max-snippet":"max-snippet:-1","max-image-preview":"max-image-preview:large","max-video-preview":"max-video-preview:-1"},"canonical":"https:\/\/chasquideportivo.com\/ecrt\/presidente-de-la-feffrancisco-egas-espera-victoria-en-quito-para-dar-una-leccion-a-chile\/","og_locale":"es_ES","og_type":"article","og_title":"Presidente de la FEF,Francisco Egas, espera victoria en Quito para dar una lecci\u00f3n a Chile - ChasquiDeportivo","og_description":"Chasqui Deportivo | Informaci\u00f3n y comunicaci\u00f3n, reportajes, noticias, entrevistas en el \u00e1rea del deporte local, nacional.","og_url":"https:\/\/chasquideportivo.com\/ecrt\/presidente-de-la-feffrancisco-egas-espera-victoria-en-quito-para-dar-una-leccion-a-chile\/","og_site_name":"ChasquiDeportivo","article_publisher":"https:\/\/www.facebook.com\/chasquideportivo","article_published_time":"2023-11-14T23:55:26+00:00","og_image":[{"width":652,"height":402,"url":"https:\/\/chasquideportivo.com\/ecrt\/wp-content\/uploads\/2022\/05\/egas-1.jpg","type":"image\/jpeg"}],"author":"Redacci\u00f3n Chasqui Deportivo","twitter_card":"summary_large_image","twitter_creator":"@chasquidep","twitter_site":"@chasquidep","twitter_misc":{"Escrito por":"Redacci\u00f3n Chasqui Deportivo","Tiempo de lectura":"3 minutos"},"schema":{"@context":"https:\/\/schema.org","@graph":[{"@type":"Article","@id":"https:\/\/chasquideportivo.com\/ecrt\/presidente-de-la-feffrancisco-egas-espera-victoria-en-quito-para-dar-una-leccion-a-chile\/#article","isPartOf":{"@id":"https:\/\/chasquideportivo.com\/ecrt\/presidente-de-la-feffrancisco-egas-espera-victoria-en-quito-para-dar-una-leccion-a-chile\/"},"author":{"name":"Redacci\u00f3n Chasqui Deportivo","@id":"https:\/\/chasquideportivo.com\/ecrt\/#\/schema\/person\/33917d530026e458779161ba37af0135"},"headline":"Presidente de la FEF,Francisco Egas, espera victoria en Quito para dar una lecci\u00f3n a Chile","datePublished":"2023-11-14T23:55:26+00:00","mainEntityOfPage":{"@id":"https:\/\/chasquideportivo.com\/ecrt\/presidente-de-la-feffrancisco-egas-espera-victoria-en-quito-para-dar-una-leccion-a-chile\/"},"wordCount":492,"commentCount":0,"publisher":{"@id":"https:\/\/chasquideportivo.com\/ecrt\/#organization"},"image":{"@id":"https:\/\/chasquideportivo.com\/ecrt\/presidente-de-la-feffrancisco-egas-espera-victoria-en-quito-para-dar-una-leccion-a-chile\/#primaryimage"},"thumbnailUrl":"https:\/\/chasquideportivo.com\/ecrt\/wp-content\/uploads\/2022\/05\/egas-1.jpg","keywords":["chasqui deportivo","espera victoria en Quito para dar una lecci\u00f3n a Chile","Francisco Egas","Presidente de la FEF"],"articleSection":["Golazo"],"inLanguage":"es","potentialAction":[{"@type":"CommentAction","name":"Comment","target":["https:\/\/chasquideportivo.com\/ecrt\/presidente-de-la-feffrancisco-egas-espera-victoria-en-quito-para-dar-una-leccion-a-chile\/#respond"]}]},{"@type":"WebPage","@id":"https:\/\/chasquideportivo.com\/ecrt\/presidente-de-la-feffrancisco-egas-espera-victoria-en-quito-para-dar-una-leccion-a-chile\/","url":"https:\/\/chasquideportivo.com\/ecrt\/presidente-de-la-feffrancisco-egas-espera-victoria-en-quito-para-dar-una-leccion-a-chile\/","name":"Presidente de la FEF,Francisco Egas, espera victoria en Quito para dar una lecci\u00f3n a Chile - ChasquiDeportivo","isPartOf":{"@id":"https:\/\/chasquideportivo.com\/ecrt\/#website"},"primaryImageOfPage":{"@id":"https:\/\/chasquideportivo.com\/ecrt\/presidente-de-la-feffrancisco-egas-espera-victoria-en-quito-para-dar-una-leccion-a-chile\/#primaryimage"},"image":{"@id":"https:\/\/chasquideportivo.com\/ecrt\/presidente-de-la-feffrancisco-egas-espera-victoria-en-quito-para-dar-una-leccion-a-chile\/#primaryimage"},"thumbnailUrl":"https:\/\/chasquideportivo.com\/ecrt\/wp-content\/uploads\/2022\/05\/egas-1.jpg","datePublished":"2023-11-14T23:55:26+00:00","description":"Chasqui Deportivo | Informaci\u00f3n y comunicaci\u00f3n, reportajes, noticias, entrevistas en el \u00e1rea del deporte local, nacional.","breadcrumb":{"@id":"https:\/\/chasquideportivo.com\/ecrt\/presidente-de-la-feffrancisco-egas-espera-victoria-en-quito-para-dar-una-leccion-a-chile\/#breadcrumb"},"inLanguage":"es","potentialAction":[{"@type":"ReadAction","target":["https:\/\/chasquideportivo.com\/ecrt\/presidente-de-la-feffrancisco-egas-espera-victoria-en-quito-para-dar-una-leccion-a-chile\/"]}]},{"@type":"ImageObject","inLanguage":"es","@id":"https:\/\/chasquideportivo.com\/ecrt\/presidente-de-la-feffrancisco-egas-espera-victoria-en-quito-para-dar-una-leccion-a-chile\/#primaryimage","url":"https:\/\/chasquideportivo.com\/ecrt\/wp-content\/uploads\/2022\/05\/egas-1.jpg","contentUrl":"https:\/\/chasquideportivo.com\/ecrt\/wp-content\/uploads\/2022\/05\/egas-1.jpg","width":652,"height":402},{"@type":"BreadcrumbList","@id":"https:\/\/chasquideportivo.com\/ecrt\/presidente-de-la-feffrancisco-egas-espera-victoria-en-quito-para-dar-una-leccion-a-chile\/#breadcrumb","itemListElement":[{"@type":"ListItem","position":1,"name":"Portada | Chasqui Deportivo","item":"https:\/\/chasquideportivo.com\/ecrt\/"},{"@type":"ListItem","position":2,"name":"Archivo","item":"https:\/\/chasquideportivo.com\/ecrt\/category\/archivo\/"},{"@type":"ListItem","position":3,"name":"Golazo","item":"https:\/\/chasquideportivo.com\/ecrt\/category\/archivo\/golazo\/"},{"@type":"ListItem","position":4,"name":"Presidente de la FEF,Francisco Egas, espera victoria en Quito para dar una lecci\u00f3n a Chile"}]},{"@type":"WebSite","@id":"https:\/\/chasquideportivo.com\/ecrt\/#website","url":"https:\/\/chasquideportivo.com\/ecrt\/","name":"ChasquiDeportivo","description":"Informaci&oacute;n y comunicaci&oacute;n, reportajes, noticias, entrevistas en el &aacute;rea del deporte local, nacional.","publisher":{"@id":"https:\/\/chasquideportivo.com\/ecrt\/#organization"},"potentialAction":[{"@type":"SearchAction","target":{"@type":"EntryPoint","urlTemplate":"https:\/\/chasquideportivo.com\/ecrt\/?s={search_term_string}"},"query-input":{"@type":"PropertyValueSpecification","valueRequired":true,"valueName":"search_term_string"}}],"inLanguage":"es"},{"@type":"Organization","@id":"https:\/\/chasquideportivo.com\/ecrt\/#organization","name":"Chasqui Deportivo","url":"https:\/\/chasquideportivo.com\/ecrt\/","logo":{"@type":"ImageObject","inLanguage":"es","@id":"https:\/\/chasquideportivo.com\/ecrt\/#\/schema\/logo\/image\/","url":"https:\/\/chasquideportivo.com\/ecrt\/wp-content\/uploads\/2022\/01\/logo-vertical.jpg","contentUrl":"https:\/\/chasquideportivo.com\/ecrt\/wp-content\/uploads\/2022\/01\/logo-vertical.jpg","width":612,"height":750,"caption":"Chasqui Deportivo"},"image":{"@id":"https:\/\/chasquideportivo.com\/ecrt\/#\/schema\/logo\/image\/"},"sameAs":["https:\/\/www.facebook.com\/chasquideportivo","https:\/\/x.com\/chasquidep","https:\/\/www.instagram.com\/chasquideportivo.ec","https:\/\/www.youtube.com\/channel\/UCGY8M-csHuxJuGRt4XrV90Q"]},{"@type":"Person","@id":"https:\/\/chasquideportivo.com\/ecrt\/#\/schema\/person\/33917d530026e458779161ba37af0135","name":"Redacci\u00f3n Chasqui Deportivo","image":{"@type":"ImageObject","inLanguage":"es","@id":"https:\/\/secure.gravatar.com\/avatar\/7eb0ecd9938a9f50328ab097af6f56b5e3a84cecb09256bdb75ac402bc1d935b?s=96&d=mm&r=g","url":"https:\/\/secure.gravatar.com\/avatar\/7eb0ecd9938a9f50328ab097af6f56b5e3a84cecb09256bdb75ac402bc1d935b?s=96&d=mm&r=g","contentUrl":"https:\/\/secure.gravatar.com\/avatar\/7eb0ecd9938a9f50328ab097af6f56b5e3a84cecb09256bdb75ac402bc1d935b?s=96&d=mm&r=g","caption":"Redacci\u00f3n Chasqui Deportivo"},"sameAs":["http:\/\/www.chasquideportivo.com\/ecrt"],"url":"https:\/\/chasquideportivo.com\/ecrt\/author\/cachito\/"}]}},"_links":{"self":[{"href":"https:\/\/chasquideportivo.com\/ecrt\/wp-json\/wp\/v2\/posts\/13418","targetHints":{"allow":["GET"]}}],"collection":[{"href":"https:\/\/chasquideportivo.com\/ecrt\/wp-json\/wp\/v2\/posts"}],"about":[{"href":"https:\/\/chasquideportivo.com\/ecrt\/wp-json\/wp\/v2\/types\/post"}],"author":[{"embeddable":true,"href":"https:\/\/chasquideportivo.com\/ecrt\/wp-json\/wp\/v2\/users\/2"}],"replies":[{"embeddable":true,"href":"https:\/\/chasquideportivo.com\/ecrt\/wp-json\/wp\/v2\/comments?post=13418"}],"version-history":[{"count":1,"href":"https:\/\/chasquideportivo.com\/ecrt\/wp-json\/wp\/v2\/posts\/13418\/revisions"}],"predecessor-version":[{"id":13419,"href":"https:\/\/chasquideportivo.com\/ecrt\/wp-json\/wp\/v2\/posts\/13418\/revisions\/13419"}],"wp:featuredmedia":[{"embeddable":true,"href":"https:\/\/chasquideportivo.com\/ecrt\/wp-json\/wp\/v2\/media\/12149"}],"wp:attachment":[{"href":"https:\/\/chasquideportivo.com\/ecrt\/wp-json\/wp\/v2\/media?parent=13418"}],"wp:term":[{"taxonomy":"category","embeddable":true,"href":"https:\/\/chasquideportivo.com\/ecrt\/wp-json\/wp\/v2\/categories?post=13418"},{"taxonomy":"post_tag","embeddable":true,"href":"https:\/\/chasquideportivo.com\/ecrt\/wp-json\/wp\/v2\/tags?post=13418"}],"curies":[{"name":"wp","href":"https:\/\/api.w.org\/{rel}","templated":true}]}}