{"id":13406,"date":"2023-11-13T14:09:19","date_gmt":"2023-11-13T14:09:19","guid":{"rendered":"https:\/\/chasquideportivo.com\/ecrt\/?p=13406"},"modified":"2023-11-13T14:09:19","modified_gmt":"2023-11-13T14:09:19","slug":"felix-sanchez-dt-de-ecuador-convoco-a-varios-jugadores-de-ultima-hora","status":"publish","type":"post","link":"https:\/\/chasquideportivo.com\/ecrt\/felix-sanchez-dt-de-ecuador-convoco-a-varios-jugadores-de-ultima-hora\/","title":{"rendered":"F\u00e9lix S\u00e1nchez, DT de Ecuador convoc\u00f3 a varios jugadores de \u00faltima hora"},"content":{"rendered":"<p>El atacante Leonardo Campana ha sido convocado por Ecuador para los enfrentamientos contra Venezuela y Chile, mientras esperan los resultados m\u00e9dicos de Enner Valencia, que sali\u00f3 lesionado en la reciente fecha con el Internacional en el f\u00fatbol brasile\u00f1o.<!--more--><img loading=\"lazy\" decoding=\"async\" class=\"size-medium wp-image-13215 alignleft\" src=\"https:\/\/chasquideportivo.com\/ecrt\/wp-content\/uploads\/2023\/09\/DSC02235-300x207.jpg\" alt=\"\" width=\"300\" height=\"207\" \/><\/p>\n<p>&#8220;La Federaci\u00f3n Ecuatoriana de F\u00fatbol (FEF) da a conocer que por decisi\u00f3n del cuerpo t\u00e9cnico comandado por el espa\u00f1ol F\u00e9lix S\u00e1nchez, Leonardo Campana se sumar\u00e1 a los convocados de La Tri para la fecha FIFA de noviembre&#8221;, precisa la FEF en un comunicado.<\/p>\n<p>Agrega que &#8220;el cuerpo t\u00e9cnico est\u00e1 a la espera de los estudios que se le realizar\u00e1n al tricolor Enner Valencia, quien sufri\u00f3 una molestia en el partido de su club, el Inter de Porto Alegre frente a Palmeiras, donde tuvo que ser sustituido&#8221;.<\/p>\n<p>Campana, campe\u00f3n y m\u00e1ximo goleador del Sudamericano Sub-20 del 2019 en Chile, milita en el estadounidense Inter de Miami y llegar\u00e1 en las pr\u00f3ximas horas a la concentraci\u00f3n de la capital ecuatoriana, donde Ecuador recibir\u00e1 el 21 de noviembre a Chile por la sexta fecha.<\/p>\n<p>El partido por la quinta jornada ser\u00e1 el pr\u00f3ximo jueves de visitante ante Venezuela.<\/p>\n<p>Adem\u00e1s de las dolencias de Valencia, Ecuador echar\u00e1 de menos al lateral izquierdo Pervis Estupi\u00f1\u00e1n, que contin\u00faa lesionado con el Brighton de Inglaterra.<\/p>\n<p>Los entrenamientos del combinado ecuatoriano arrancar\u00e1n desde ma\u00f1ana lunes, mientras que los 26 convocados se presentar\u00e1n desde este domingo.<\/p>\n<p>Si bien, Ecuador sufri\u00f3 la reducci\u00f3n de tres puntos en la actual eliminatoria por una resoluci\u00f3n del Tribunal de Arbitraje Deportivo (TAS) por el caso del jugador Byron Castillo en las eliminatorias para el Mundial de Qatar 2022, el equipo se encuentra en la zona de clasificaci\u00f3n para el Mundial del 2026, con cuatro puntos.<\/p>\n<p>Mientras que su rival de turno, Venezuela tambi\u00e9n se encuentra en zona de clasificaci\u00f3n con 7 unidades y Chile esta octavo, con 4 unidades. EFE<\/p>\n","protected":false},"excerpt":{"rendered":"<p>El atacante Leonardo Campana ha sido convocado por Ecuador para los enfrentamientos contra Venezuela y Chile, mientras esperan los resultados m\u00e9dicos de Enner Valencia, que sali\u00f3 lesionado en la reciente fecha con el Internacional en el f\u00fatbol brasile\u00f1o.<\/p>\n","protected":false},"author":2,"featured_media":13127,"comment_status":"open","ping_status":"open","sticky":false,"template":"","format":"standard","meta":{"_et_pb_use_builder":"","_et_pb_old_content":"","_et_gb_content_width":"","footnotes":""},"categories":[59],"tags":[22,1155,1154],"class_list":["post-13406","post","type-post","status-publish","format-standard","has-post-thumbnail","hentry","category-editorial","tag-chasqui-deportivo","tag-dt-de-ecuador-convoco-a-varios-jugadores-de-ultima-hora","tag-felix-sanchez"],"yoast_head":"<!-- This site is optimized with the Yoast SEO plugin v27.4 - https:\/\/yoast.com\/product\/yoast-seo-wordpress\/ -->\n<title>F\u00e9lix S\u00e1nchez, DT de Ecuador convoc\u00f3 a varios jugadores de \u00faltima hora - ChasquiDeportivo<\/title>\n<meta name=\"description\" content=\"Chasqui Deportivo | Informaci\u00f3n y comunicaci\u00f3n, reportajes, noticias, entrevistas en el \u00e1rea del deporte local, nacional.\" \/>\n<meta name=\"robots\" content=\"index, follow, max-snippet:-1, max-image-preview:large, max-video-preview:-1\" \/>\n<link rel=\"canonical\" href=\"https:\/\/chasquideportivo.com\/ecrt\/felix-sanchez-dt-de-ecuador-convoco-a-varios-jugadores-de-ultima-hora\/\" \/>\n<meta property=\"og:locale\" content=\"es_ES\" \/>\n<meta property=\"og:type\" content=\"article\" \/>\n<meta property=\"og:title\" content=\"F\u00e9lix S\u00e1nchez, DT de Ecuador convoc\u00f3 a varios jugadores de \u00faltima hora - ChasquiDeportivo\" \/>\n<meta property=\"og:description\" content=\"Chasqui Deportivo | Informaci\u00f3n y comunicaci\u00f3n, reportajes, noticias, entrevistas en el \u00e1rea del deporte local, nacional.\" \/>\n<meta property=\"og:url\" content=\"https:\/\/chasquideportivo.com\/ecrt\/felix-sanchez-dt-de-ecuador-convoco-a-varios-jugadores-de-ultima-hora\/\" \/>\n<meta property=\"og:site_name\" content=\"ChasquiDeportivo\" \/>\n<meta property=\"article:publisher\" content=\"https:\/\/www.facebook.com\/chasquideportivo\" \/>\n<meta property=\"article:published_time\" content=\"2023-11-13T14:09:19+00:00\" \/>\n<meta property=\"og:image\" content=\"https:\/\/chasquideportivo.com\/ecrt\/wp-content\/uploads\/2023\/08\/caicedo-mo-1.jpg\" \/>\n\t<meta property=\"og:image:width\" content=\"832\" \/>\n\t<meta property=\"og:image:height\" content=\"631\" \/>\n\t<meta property=\"og:image:type\" content=\"image\/jpeg\" \/>\n<meta name=\"author\" content=\"Redacci\u00f3n Chasqui Deportivo\" \/>\n<meta name=\"twitter:card\" content=\"summary_large_image\" \/>\n<meta name=\"twitter:creator\" content=\"@chasquidep\" \/>\n<meta name=\"twitter:site\" content=\"@chasquidep\" \/>\n<meta name=\"twitter:label1\" content=\"Escrito por\" \/>\n\t<meta name=\"twitter:data1\" content=\"Redacci\u00f3n Chasqui Deportivo\" \/>\n\t<meta name=\"twitter:label2\" content=\"Tiempo de lectura\" \/>\n\t<meta name=\"twitter:data2\" content=\"2 minutos\" \/>\n<script type=\"application\/ld+json\" class=\"yoast-schema-graph\">{\"@context\":\"https:\\\/\\\/schema.org\",\"@graph\":[{\"@type\":\"Article\",\"@id\":\"https:\\\/\\\/chasquideportivo.com\\\/ecrt\\\/felix-sanchez-dt-de-ecuador-convoco-a-varios-jugadores-de-ultima-hora\\\/#article\",\"isPartOf\":{\"@id\":\"https:\\\/\\\/chasquideportivo.com\\\/ecrt\\\/felix-sanchez-dt-de-ecuador-convoco-a-varios-jugadores-de-ultima-hora\\\/\"},\"author\":{\"name\":\"Redacci\u00f3n Chasqui Deportivo\",\"@id\":\"https:\\\/\\\/chasquideportivo.com\\\/ecrt\\\/#\\\/schema\\\/person\\\/33917d530026e458779161ba37af0135\"},\"headline\":\"F\u00e9lix S\u00e1nchez, DT de Ecuador convoc\u00f3 a varios jugadores de \u00faltima hora\",\"datePublished\":\"2023-11-13T14:09:19+00:00\",\"mainEntityOfPage\":{\"@id\":\"https:\\\/\\\/chasquideportivo.com\\\/ecrt\\\/felix-sanchez-dt-de-ecuador-convoco-a-varios-jugadores-de-ultima-hora\\\/\"},\"wordCount\":340,\"commentCount\":0,\"publisher\":{\"@id\":\"https:\\\/\\\/chasquideportivo.com\\\/ecrt\\\/#organization\"},\"image\":{\"@id\":\"https:\\\/\\\/chasquideportivo.com\\\/ecrt\\\/felix-sanchez-dt-de-ecuador-convoco-a-varios-jugadores-de-ultima-hora\\\/#primaryimage\"},\"thumbnailUrl\":\"https:\\\/\\\/chasquideportivo.com\\\/ecrt\\\/wp-content\\\/uploads\\\/2023\\\/08\\\/caicedo-mo-1.jpg\",\"keywords\":[\"chasqui deportivo\",\"DT de Ecuador convoc\u00f3 a varios jugadores de \u00faltima hora\",\"F\u00e9lix S\u00e1nchez\"],\"articleSection\":[\"Editorial\"],\"inLanguage\":\"es\",\"potentialAction\":[{\"@type\":\"CommentAction\",\"name\":\"Comment\",\"target\":[\"https:\\\/\\\/chasquideportivo.com\\\/ecrt\\\/felix-sanchez-dt-de-ecuador-convoco-a-varios-jugadores-de-ultima-hora\\\/#respond\"]}]},{\"@type\":\"WebPage\",\"@id\":\"https:\\\/\\\/chasquideportivo.com\\\/ecrt\\\/felix-sanchez-dt-de-ecuador-convoco-a-varios-jugadores-de-ultima-hora\\\/\",\"url\":\"https:\\\/\\\/chasquideportivo.com\\\/ecrt\\\/felix-sanchez-dt-de-ecuador-convoco-a-varios-jugadores-de-ultima-hora\\\/\",\"name\":\"F\u00e9lix S\u00e1nchez, DT de Ecuador convoc\u00f3 a varios jugadores de \u00faltima hora - ChasquiDeportivo\",\"isPartOf\":{\"@id\":\"https:\\\/\\\/chasquideportivo.com\\\/ecrt\\\/#website\"},\"primaryImageOfPage\":{\"@id\":\"https:\\\/\\\/chasquideportivo.com\\\/ecrt\\\/felix-sanchez-dt-de-ecuador-convoco-a-varios-jugadores-de-ultima-hora\\\/#primaryimage\"},\"image\":{\"@id\":\"https:\\\/\\\/chasquideportivo.com\\\/ecrt\\\/felix-sanchez-dt-de-ecuador-convoco-a-varios-jugadores-de-ultima-hora\\\/#primaryimage\"},\"thumbnailUrl\":\"https:\\\/\\\/chasquideportivo.com\\\/ecrt\\\/wp-content\\\/uploads\\\/2023\\\/08\\\/caicedo-mo-1.jpg\",\"datePublished\":\"2023-11-13T14:09:19+00:00\",\"description\":\"Chasqui Deportivo | Informaci\u00f3n y comunicaci\u00f3n, reportajes, noticias, entrevistas en el \u00e1rea del deporte local, nacional.\",\"breadcrumb\":{\"@id\":\"https:\\\/\\\/chasquideportivo.com\\\/ecrt\\\/felix-sanchez-dt-de-ecuador-convoco-a-varios-jugadores-de-ultima-hora\\\/#breadcrumb\"},\"inLanguage\":\"es\",\"potentialAction\":[{\"@type\":\"ReadAction\",\"target\":[\"https:\\\/\\\/chasquideportivo.com\\\/ecrt\\\/felix-sanchez-dt-de-ecuador-convoco-a-varios-jugadores-de-ultima-hora\\\/\"]}]},{\"@type\":\"ImageObject\",\"inLanguage\":\"es\",\"@id\":\"https:\\\/\\\/chasquideportivo.com\\\/ecrt\\\/felix-sanchez-dt-de-ecuador-convoco-a-varios-jugadores-de-ultima-hora\\\/#primaryimage\",\"url\":\"https:\\\/\\\/chasquideportivo.com\\\/ecrt\\\/wp-content\\\/uploads\\\/2023\\\/08\\\/caicedo-mo-1.jpg\",\"contentUrl\":\"https:\\\/\\\/chasquideportivo.com\\\/ecrt\\\/wp-content\\\/uploads\\\/2023\\\/08\\\/caicedo-mo-1.jpg\",\"width\":832,\"height\":631},{\"@type\":\"BreadcrumbList\",\"@id\":\"https:\\\/\\\/chasquideportivo.com\\\/ecrt\\\/felix-sanchez-dt-de-ecuador-convoco-a-varios-jugadores-de-ultima-hora\\\/#breadcrumb\",\"itemListElement\":[{\"@type\":\"ListItem\",\"position\":1,\"name\":\"Portada | Chasqui Deportivo\",\"item\":\"https:\\\/\\\/chasquideportivo.com\\\/ecrt\\\/\"},{\"@type\":\"ListItem\",\"position\":2,\"name\":\"Editorial\",\"item\":\"https:\\\/\\\/chasquideportivo.com\\\/ecrt\\\/category\\\/editorial\\\/\"},{\"@type\":\"ListItem\",\"position\":3,\"name\":\"F\u00e9lix S\u00e1nchez, DT de Ecuador convoc\u00f3 a varios jugadores de \u00faltima hora\"}]},{\"@type\":\"WebSite\",\"@id\":\"https:\\\/\\\/chasquideportivo.com\\\/ecrt\\\/#website\",\"url\":\"https:\\\/\\\/chasquideportivo.com\\\/ecrt\\\/\",\"name\":\"ChasquiDeportivo\",\"description\":\"Informaci&oacute;n y comunicaci&oacute;n, reportajes, noticias, entrevistas en el &aacute;rea del deporte local, nacional.\",\"publisher\":{\"@id\":\"https:\\\/\\\/chasquideportivo.com\\\/ecrt\\\/#organization\"},\"potentialAction\":[{\"@type\":\"SearchAction\",\"target\":{\"@type\":\"EntryPoint\",\"urlTemplate\":\"https:\\\/\\\/chasquideportivo.com\\\/ecrt\\\/?s={search_term_string}\"},\"query-input\":{\"@type\":\"PropertyValueSpecification\",\"valueRequired\":true,\"valueName\":\"search_term_string\"}}],\"inLanguage\":\"es\"},{\"@type\":\"Organization\",\"@id\":\"https:\\\/\\\/chasquideportivo.com\\\/ecrt\\\/#organization\",\"name\":\"Chasqui Deportivo\",\"url\":\"https:\\\/\\\/chasquideportivo.com\\\/ecrt\\\/\",\"logo\":{\"@type\":\"ImageObject\",\"inLanguage\":\"es\",\"@id\":\"https:\\\/\\\/chasquideportivo.com\\\/ecrt\\\/#\\\/schema\\\/logo\\\/image\\\/\",\"url\":\"https:\\\/\\\/chasquideportivo.com\\\/ecrt\\\/wp-content\\\/uploads\\\/2022\\\/01\\\/logo-vertical.jpg\",\"contentUrl\":\"https:\\\/\\\/chasquideportivo.com\\\/ecrt\\\/wp-content\\\/uploads\\\/2022\\\/01\\\/logo-vertical.jpg\",\"width\":612,\"height\":750,\"caption\":\"Chasqui Deportivo\"},\"image\":{\"@id\":\"https:\\\/\\\/chasquideportivo.com\\\/ecrt\\\/#\\\/schema\\\/logo\\\/image\\\/\"},\"sameAs\":[\"https:\\\/\\\/www.facebook.com\\\/chasquideportivo\",\"https:\\\/\\\/x.com\\\/chasquidep\",\"https:\\\/\\\/www.instagram.com\\\/chasquideportivo.ec\",\"https:\\\/\\\/www.youtube.com\\\/channel\\\/UCGY8M-csHuxJuGRt4XrV90Q\"]},{\"@type\":\"Person\",\"@id\":\"https:\\\/\\\/chasquideportivo.com\\\/ecrt\\\/#\\\/schema\\\/person\\\/33917d530026e458779161ba37af0135\",\"name\":\"Redacci\u00f3n Chasqui Deportivo\",\"image\":{\"@type\":\"ImageObject\",\"inLanguage\":\"es\",\"@id\":\"https:\\\/\\\/secure.gravatar.com\\\/avatar\\\/7eb0ecd9938a9f50328ab097af6f56b5e3a84cecb09256bdb75ac402bc1d935b?s=96&d=mm&r=g\",\"url\":\"https:\\\/\\\/secure.gravatar.com\\\/avatar\\\/7eb0ecd9938a9f50328ab097af6f56b5e3a84cecb09256bdb75ac402bc1d935b?s=96&d=mm&r=g\",\"contentUrl\":\"https:\\\/\\\/secure.gravatar.com\\\/avatar\\\/7eb0ecd9938a9f50328ab097af6f56b5e3a84cecb09256bdb75ac402bc1d935b?s=96&d=mm&r=g\",\"caption\":\"Redacci\u00f3n Chasqui Deportivo\"},\"sameAs\":[\"http:\\\/\\\/www.chasquideportivo.com\\\/ecrt\"],\"url\":\"https:\\\/\\\/chasquideportivo.com\\\/ecrt\\\/author\\\/cachito\\\/\"}]}<\/script>\n<!-- \/ Yoast SEO plugin. -->","yoast_head_json":{"title":"F\u00e9lix S\u00e1nchez, DT de Ecuador convoc\u00f3 a varios jugadores de \u00faltima hora - ChasquiDeportivo","description":"Chasqui Deportivo | Informaci\u00f3n y comunicaci\u00f3n, reportajes, noticias, entrevistas en el \u00e1rea del deporte local, nacional.","robots":{"index":"index","follow":"follow","max-snippet":"max-snippet:-1","max-image-preview":"max-image-preview:large","max-video-preview":"max-video-preview:-1"},"canonical":"https:\/\/chasquideportivo.com\/ecrt\/felix-sanchez-dt-de-ecuador-convoco-a-varios-jugadores-de-ultima-hora\/","og_locale":"es_ES","og_type":"article","og_title":"F\u00e9lix S\u00e1nchez, DT de Ecuador convoc\u00f3 a varios jugadores de \u00faltima hora - ChasquiDeportivo","og_description":"Chasqui Deportivo | Informaci\u00f3n y comunicaci\u00f3n, reportajes, noticias, entrevistas en el \u00e1rea del deporte local, nacional.","og_url":"https:\/\/chasquideportivo.com\/ecrt\/felix-sanchez-dt-de-ecuador-convoco-a-varios-jugadores-de-ultima-hora\/","og_site_name":"ChasquiDeportivo","article_publisher":"https:\/\/www.facebook.com\/chasquideportivo","article_published_time":"2023-11-13T14:09:19+00:00","og_image":[{"width":832,"height":631,"url":"https:\/\/chasquideportivo.com\/ecrt\/wp-content\/uploads\/2023\/08\/caicedo-mo-1.jpg","type":"image\/jpeg"}],"author":"Redacci\u00f3n Chasqui Deportivo","twitter_card":"summary_large_image","twitter_creator":"@chasquidep","twitter_site":"@chasquidep","twitter_misc":{"Escrito por":"Redacci\u00f3n Chasqui Deportivo","Tiempo de lectura":"2 minutos"},"schema":{"@context":"https:\/\/schema.org","@graph":[{"@type":"Article","@id":"https:\/\/chasquideportivo.com\/ecrt\/felix-sanchez-dt-de-ecuador-convoco-a-varios-jugadores-de-ultima-hora\/#article","isPartOf":{"@id":"https:\/\/chasquideportivo.com\/ecrt\/felix-sanchez-dt-de-ecuador-convoco-a-varios-jugadores-de-ultima-hora\/"},"author":{"name":"Redacci\u00f3n Chasqui Deportivo","@id":"https:\/\/chasquideportivo.com\/ecrt\/#\/schema\/person\/33917d530026e458779161ba37af0135"},"headline":"F\u00e9lix S\u00e1nchez, DT de Ecuador convoc\u00f3 a varios jugadores de \u00faltima hora","datePublished":"2023-11-13T14:09:19+00:00","mainEntityOfPage":{"@id":"https:\/\/chasquideportivo.com\/ecrt\/felix-sanchez-dt-de-ecuador-convoco-a-varios-jugadores-de-ultima-hora\/"},"wordCount":340,"commentCount":0,"publisher":{"@id":"https:\/\/chasquideportivo.com\/ecrt\/#organization"},"image":{"@id":"https:\/\/chasquideportivo.com\/ecrt\/felix-sanchez-dt-de-ecuador-convoco-a-varios-jugadores-de-ultima-hora\/#primaryimage"},"thumbnailUrl":"https:\/\/chasquideportivo.com\/ecrt\/wp-content\/uploads\/2023\/08\/caicedo-mo-1.jpg","keywords":["chasqui deportivo","DT de Ecuador convoc\u00f3 a varios jugadores de \u00faltima hora","F\u00e9lix S\u00e1nchez"],"articleSection":["Editorial"],"inLanguage":"es","potentialAction":[{"@type":"CommentAction","name":"Comment","target":["https:\/\/chasquideportivo.com\/ecrt\/felix-sanchez-dt-de-ecuador-convoco-a-varios-jugadores-de-ultima-hora\/#respond"]}]},{"@type":"WebPage","@id":"https:\/\/chasquideportivo.com\/ecrt\/felix-sanchez-dt-de-ecuador-convoco-a-varios-jugadores-de-ultima-hora\/","url":"https:\/\/chasquideportivo.com\/ecrt\/felix-sanchez-dt-de-ecuador-convoco-a-varios-jugadores-de-ultima-hora\/","name":"F\u00e9lix S\u00e1nchez, DT de Ecuador convoc\u00f3 a varios jugadores de \u00faltima hora - ChasquiDeportivo","isPartOf":{"@id":"https:\/\/chasquideportivo.com\/ecrt\/#website"},"primaryImageOfPage":{"@id":"https:\/\/chasquideportivo.com\/ecrt\/felix-sanchez-dt-de-ecuador-convoco-a-varios-jugadores-de-ultima-hora\/#primaryimage"},"image":{"@id":"https:\/\/chasquideportivo.com\/ecrt\/felix-sanchez-dt-de-ecuador-convoco-a-varios-jugadores-de-ultima-hora\/#primaryimage"},"thumbnailUrl":"https:\/\/chasquideportivo.com\/ecrt\/wp-content\/uploads\/2023\/08\/caicedo-mo-1.jpg","datePublished":"2023-11-13T14:09:19+00:00","description":"Chasqui Deportivo | Informaci\u00f3n y comunicaci\u00f3n, reportajes, noticias, entrevistas en el \u00e1rea del deporte local, nacional.","breadcrumb":{"@id":"https:\/\/chasquideportivo.com\/ecrt\/felix-sanchez-dt-de-ecuador-convoco-a-varios-jugadores-de-ultima-hora\/#breadcrumb"},"inLanguage":"es","potentialAction":[{"@type":"ReadAction","target":["https:\/\/chasquideportivo.com\/ecrt\/felix-sanchez-dt-de-ecuador-convoco-a-varios-jugadores-de-ultima-hora\/"]}]},{"@type":"ImageObject","inLanguage":"es","@id":"https:\/\/chasquideportivo.com\/ecrt\/felix-sanchez-dt-de-ecuador-convoco-a-varios-jugadores-de-ultima-hora\/#primaryimage","url":"https:\/\/chasquideportivo.com\/ecrt\/wp-content\/uploads\/2023\/08\/caicedo-mo-1.jpg","contentUrl":"https:\/\/chasquideportivo.com\/ecrt\/wp-content\/uploads\/2023\/08\/caicedo-mo-1.jpg","width":832,"height":631},{"@type":"BreadcrumbList","@id":"https:\/\/chasquideportivo.com\/ecrt\/felix-sanchez-dt-de-ecuador-convoco-a-varios-jugadores-de-ultima-hora\/#breadcrumb","itemListElement":[{"@type":"ListItem","position":1,"name":"Portada | Chasqui Deportivo","item":"https:\/\/chasquideportivo.com\/ecrt\/"},{"@type":"ListItem","position":2,"name":"Editorial","item":"https:\/\/chasquideportivo.com\/ecrt\/category\/editorial\/"},{"@type":"ListItem","position":3,"name":"F\u00e9lix S\u00e1nchez, DT de Ecuador convoc\u00f3 a varios jugadores de \u00faltima hora"}]},{"@type":"WebSite","@id":"https:\/\/chasquideportivo.com\/ecrt\/#website","url":"https:\/\/chasquideportivo.com\/ecrt\/","name":"ChasquiDeportivo","description":"Informaci&oacute;n y comunicaci&oacute;n, reportajes, noticias, entrevistas en el &aacute;rea del deporte local, nacional.","publisher":{"@id":"https:\/\/chasquideportivo.com\/ecrt\/#organization"},"potentialAction":[{"@type":"SearchAction","target":{"@type":"EntryPoint","urlTemplate":"https:\/\/chasquideportivo.com\/ecrt\/?s={search_term_string}"},"query-input":{"@type":"PropertyValueSpecification","valueRequired":true,"valueName":"search_term_string"}}],"inLanguage":"es"},{"@type":"Organization","@id":"https:\/\/chasquideportivo.com\/ecrt\/#organization","name":"Chasqui Deportivo","url":"https:\/\/chasquideportivo.com\/ecrt\/","logo":{"@type":"ImageObject","inLanguage":"es","@id":"https:\/\/chasquideportivo.com\/ecrt\/#\/schema\/logo\/image\/","url":"https:\/\/chasquideportivo.com\/ecrt\/wp-content\/uploads\/2022\/01\/logo-vertical.jpg","contentUrl":"https:\/\/chasquideportivo.com\/ecrt\/wp-content\/uploads\/2022\/01\/logo-vertical.jpg","width":612,"height":750,"caption":"Chasqui Deportivo"},"image":{"@id":"https:\/\/chasquideportivo.com\/ecrt\/#\/schema\/logo\/image\/"},"sameAs":["https:\/\/www.facebook.com\/chasquideportivo","https:\/\/x.com\/chasquidep","https:\/\/www.instagram.com\/chasquideportivo.ec","https:\/\/www.youtube.com\/channel\/UCGY8M-csHuxJuGRt4XrV90Q"]},{"@type":"Person","@id":"https:\/\/chasquideportivo.com\/ecrt\/#\/schema\/person\/33917d530026e458779161ba37af0135","name":"Redacci\u00f3n Chasqui Deportivo","image":{"@type":"ImageObject","inLanguage":"es","@id":"https:\/\/secure.gravatar.com\/avatar\/7eb0ecd9938a9f50328ab097af6f56b5e3a84cecb09256bdb75ac402bc1d935b?s=96&d=mm&r=g","url":"https:\/\/secure.gravatar.com\/avatar\/7eb0ecd9938a9f50328ab097af6f56b5e3a84cecb09256bdb75ac402bc1d935b?s=96&d=mm&r=g","contentUrl":"https:\/\/secure.gravatar.com\/avatar\/7eb0ecd9938a9f50328ab097af6f56b5e3a84cecb09256bdb75ac402bc1d935b?s=96&d=mm&r=g","caption":"Redacci\u00f3n Chasqui Deportivo"},"sameAs":["http:\/\/www.chasquideportivo.com\/ecrt"],"url":"https:\/\/chasquideportivo.com\/ecrt\/author\/cachito\/"}]}},"_links":{"self":[{"href":"https:\/\/chasquideportivo.com\/ecrt\/wp-json\/wp\/v2\/posts\/13406","targetHints":{"allow":["GET"]}}],"collection":[{"href":"https:\/\/chasquideportivo.com\/ecrt\/wp-json\/wp\/v2\/posts"}],"about":[{"href":"https:\/\/chasquideportivo.com\/ecrt\/wp-json\/wp\/v2\/types\/post"}],"author":[{"embeddable":true,"href":"https:\/\/chasquideportivo.com\/ecrt\/wp-json\/wp\/v2\/users\/2"}],"replies":[{"embeddable":true,"href":"https:\/\/chasquideportivo.com\/ecrt\/wp-json\/wp\/v2\/comments?post=13406"}],"version-history":[{"count":1,"href":"https:\/\/chasquideportivo.com\/ecrt\/wp-json\/wp\/v2\/posts\/13406\/revisions"}],"predecessor-version":[{"id":13407,"href":"https:\/\/chasquideportivo.com\/ecrt\/wp-json\/wp\/v2\/posts\/13406\/revisions\/13407"}],"wp:featuredmedia":[{"embeddable":true,"href":"https:\/\/chasquideportivo.com\/ecrt\/wp-json\/wp\/v2\/media\/13127"}],"wp:attachment":[{"href":"https:\/\/chasquideportivo.com\/ecrt\/wp-json\/wp\/v2\/media?parent=13406"}],"wp:term":[{"taxonomy":"category","embeddable":true,"href":"https:\/\/chasquideportivo.com\/ecrt\/wp-json\/wp\/v2\/categories?post=13406"},{"taxonomy":"post_tag","embeddable":true,"href":"https:\/\/chasquideportivo.com\/ecrt\/wp-json\/wp\/v2\/tags?post=13406"}],"curies":[{"name":"wp","href":"https:\/\/api.w.org\/{rel}","templated":true}]}}