{"id":13402,"date":"2023-11-10T15:18:31","date_gmt":"2023-11-10T15:18:31","guid":{"rendered":"https:\/\/chasquideportivo.com\/ecrt\/?p=13402"},"modified":"2023-11-10T15:18:31","modified_gmt":"2023-11-10T15:18:31","slug":"ecuador-puede-perder-al-portero-moises-ramirez-para-los-partidos-ante-venezuela-y-chile","status":"publish","type":"post","link":"https:\/\/chasquideportivo.com\/ecrt\/ecuador-puede-perder-al-portero-moises-ramirez-para-los-partidos-ante-venezuela-y-chile\/","title":{"rendered":"Ecuador puede perder al portero Mois\u00e9s Ram\u00edrez para los partidos ante Venezuela y Chile"},"content":{"rendered":"<p>El portero Mois\u00e9s Ram\u00edrez, que ha sido titular con la selecci\u00f3n de Ecuador en los \u00faltimos partidos de eliminatorias para el Mundial de 2026, puede quedarse fuera de la pr\u00f3xima lista de convocados para enfrentar a Venezuela y Chile por una sobrecarga \u00f3sea.<!--more--><\/p>\n<p>Ram\u00edrez, de 23 a\u00f1os, &#8220;no estar\u00e1 disponible en las pr\u00f3ximas semanas mientras realiza trabajados diferenciados y de rehabilitaci\u00f3n&#8221;, se\u00f1al\u00f3 un parte m\u00e9dico del Independiente del Valle.<img loading=\"lazy\" decoding=\"async\" class=\"size-medium wp-image-13305 alignleft\" src=\"https:\/\/chasquideportivo.com\/ecrt\/wp-content\/uploads\/2023\/10\/festejo-2023-ante-bolivia-300x234.jpg\" alt=\"\" width=\"300\" height=\"234\" \/><\/p>\n<p>Los problemas f\u00edsicos del arquero se hicieron p\u00fablicos a pocos d\u00edas de que el seleccionador de Ecuador, el espa\u00f1ol F\u00e9lix S\u00e1nchez, difunda la lista de convocados para la quinta y sexta fecha de las eliminatorias sudamericanas para la Copa del Mundo.<\/p>\n<p>En caso de no poder contar finalmente con Ram\u00edrez, S\u00e1nchez se ver\u00e1 obligado a cambiar nuevamente el portero titular de la Tri y escoger entre Alexander Dom\u00ednguez o Hern\u00e1n Gal\u00edndez.<\/p>\n<p>Tambi\u00e9n tendr\u00eda que convocar a un nuevo portero para llevar a tres en la lista, y ah\u00ed est\u00e1 entre los candidato que el arquero del Barcelona Javier Burrai, argentino de nacimiento que recientemente adquiri\u00f3 tambi\u00e9n la nacionalidad ecuatoriana.<\/p>\n<p>El combinado ecuatoriana tiene previsto visitar a Venezuela el 16 de noviembre y recibir a Chile en Quito el 21 de noviembre.<\/p>\n<p>Para esta convocatoria tambi\u00e9n est\u00e1 en el aire la inclusi\u00f3n del defensa Pervis Estupi\u00f1\u00e1n, que se recupera de una lesi\u00f3n con el Brighton ingl\u00e9s.<\/p>\n<p>Ram\u00edrez es titular en el Independiente desde su retorno de la Real Sociedad espa\u00f1ola en 2020.<\/p>\n<p>&#8216;La Ara\u00f1a&#8217; Ram\u00edrez debut\u00f3 con la selecci\u00f3n ecuatoriana en las eliminatorias para Qatar 2022 y con S\u00e1nchez fue titular en los recientes partidos contra Bolivia y Colombia.<\/p>\n<p>El arquero se convirti\u00f3 en una de las figuras de Ecuador en las recientes fechas de las eliminatorias, de manera especial contra Colombia, ataj\u00e1ndole un penalti al atacante del Liverpool ingl\u00e9s Luis D\u00edaz, en un partido que finaliz\u00f3 en empate sin goles en Quito.<\/p>\n<p>Los cuidados del cuerpo m\u00e9dico del cuadro del Valle se intensificar\u00e1n para recuperar a Ram\u00edrez, pues Independiente del Valle, que gan\u00f3 la primera etapa de la Liga Pro de Ecuador, esperar\u00e1 al ganador de la segunda, para disputar el t\u00edtulo de campe\u00f3n nacional en la final que se disputar\u00e1 en diciembre. EFE<\/p>\n","protected":false},"excerpt":{"rendered":"<p>El portero Mois\u00e9s Ram\u00edrez, que ha sido titular con la selecci\u00f3n de Ecuador en los \u00faltimos partidos de eliminatorias para el Mundial de 2026, puede quedarse fuera de la pr\u00f3xima lista de convocados para enfrentar a Venezuela y Chile por una sobrecarga \u00f3sea.<\/p>\n","protected":false},"author":2,"featured_media":13305,"comment_status":"open","ping_status":"open","sticky":false,"template":"","format":"standard","meta":{"_et_pb_use_builder":"","_et_pb_old_content":"","_et_gb_content_width":"","footnotes":""},"categories":[59],"tags":[1152,1151],"class_list":["post-13402","post","type-post","status-publish","format-standard","has-post-thumbnail","hentry","category-editorial","tag-arquero-de-ecuador-en-duda-para-las-eliminatorias-chasqui-deportivo","tag-moises-ramiirez"],"yoast_head":"<!-- This site is optimized with the Yoast SEO plugin v27.4 - https:\/\/yoast.com\/product\/yoast-seo-wordpress\/ -->\n<title>Ecuador puede perder al portero Mois\u00e9s Ram\u00edrez para los partidos ante Venezuela y Chile - ChasquiDeportivo<\/title>\n<meta name=\"description\" content=\"Chasqui Deportivo | Informaci\u00f3n y comunicaci\u00f3n, reportajes, noticias, entrevistas en el \u00e1rea del deporte local, nacional.\" \/>\n<meta name=\"robots\" content=\"index, follow, max-snippet:-1, max-image-preview:large, max-video-preview:-1\" \/>\n<link rel=\"canonical\" href=\"https:\/\/chasquideportivo.com\/ecrt\/ecuador-puede-perder-al-portero-moises-ramirez-para-los-partidos-ante-venezuela-y-chile\/\" \/>\n<meta property=\"og:locale\" content=\"es_ES\" \/>\n<meta property=\"og:type\" content=\"article\" \/>\n<meta property=\"og:title\" content=\"Ecuador puede perder al portero Mois\u00e9s Ram\u00edrez para los partidos ante Venezuela y Chile - ChasquiDeportivo\" \/>\n<meta property=\"og:description\" content=\"Chasqui Deportivo | Informaci\u00f3n y comunicaci\u00f3n, reportajes, noticias, entrevistas en el \u00e1rea del deporte local, nacional.\" \/>\n<meta property=\"og:url\" content=\"https:\/\/chasquideportivo.com\/ecrt\/ecuador-puede-perder-al-portero-moises-ramirez-para-los-partidos-ante-venezuela-y-chile\/\" \/>\n<meta property=\"og:site_name\" content=\"ChasquiDeportivo\" \/>\n<meta property=\"article:publisher\" content=\"https:\/\/www.facebook.com\/chasquideportivo\" \/>\n<meta property=\"article:published_time\" content=\"2023-11-10T15:18:31+00:00\" \/>\n<meta property=\"og:image\" content=\"https:\/\/chasquideportivo.com\/ecrt\/wp-content\/uploads\/2023\/10\/festejo-2023-ante-bolivia.jpg\" \/>\n\t<meta property=\"og:image:width\" content=\"1000\" \/>\n\t<meta property=\"og:image:height\" content=\"780\" \/>\n\t<meta property=\"og:image:type\" content=\"image\/jpeg\" \/>\n<meta name=\"author\" content=\"Redacci\u00f3n Chasqui Deportivo\" \/>\n<meta name=\"twitter:card\" content=\"summary_large_image\" \/>\n<meta name=\"twitter:creator\" content=\"@chasquidep\" \/>\n<meta name=\"twitter:site\" content=\"@chasquidep\" \/>\n<meta name=\"twitter:label1\" content=\"Escrito por\" \/>\n\t<meta name=\"twitter:data1\" content=\"Redacci\u00f3n Chasqui Deportivo\" \/>\n\t<meta name=\"twitter:label2\" content=\"Tiempo de lectura\" \/>\n\t<meta name=\"twitter:data2\" content=\"2 minutos\" \/>\n<script type=\"application\/ld+json\" class=\"yoast-schema-graph\">{\"@context\":\"https:\\\/\\\/schema.org\",\"@graph\":[{\"@type\":\"Article\",\"@id\":\"https:\\\/\\\/chasquideportivo.com\\\/ecrt\\\/ecuador-puede-perder-al-portero-moises-ramirez-para-los-partidos-ante-venezuela-y-chile\\\/#article\",\"isPartOf\":{\"@id\":\"https:\\\/\\\/chasquideportivo.com\\\/ecrt\\\/ecuador-puede-perder-al-portero-moises-ramirez-para-los-partidos-ante-venezuela-y-chile\\\/\"},\"author\":{\"name\":\"Redacci\u00f3n Chasqui Deportivo\",\"@id\":\"https:\\\/\\\/chasquideportivo.com\\\/ecrt\\\/#\\\/schema\\\/person\\\/33917d530026e458779161ba37af0135\"},\"headline\":\"Ecuador puede perder al portero Mois\u00e9s Ram\u00edrez para los partidos ante Venezuela y Chile\",\"datePublished\":\"2023-11-10T15:18:31+00:00\",\"mainEntityOfPage\":{\"@id\":\"https:\\\/\\\/chasquideportivo.com\\\/ecrt\\\/ecuador-puede-perder-al-portero-moises-ramirez-para-los-partidos-ante-venezuela-y-chile\\\/\"},\"wordCount\":416,\"commentCount\":0,\"publisher\":{\"@id\":\"https:\\\/\\\/chasquideportivo.com\\\/ecrt\\\/#organization\"},\"image\":{\"@id\":\"https:\\\/\\\/chasquideportivo.com\\\/ecrt\\\/ecuador-puede-perder-al-portero-moises-ramirez-para-los-partidos-ante-venezuela-y-chile\\\/#primaryimage\"},\"thumbnailUrl\":\"https:\\\/\\\/chasquideportivo.com\\\/ecrt\\\/wp-content\\\/uploads\\\/2023\\\/10\\\/festejo-2023-ante-bolivia.jpg\",\"keywords\":[\"arquero de Ecuador en duda para las Eliminatorias; Chasqui Deportivo\",\"Moises Rami\u00edrez\"],\"articleSection\":[\"Editorial\"],\"inLanguage\":\"es\",\"potentialAction\":[{\"@type\":\"CommentAction\",\"name\":\"Comment\",\"target\":[\"https:\\\/\\\/chasquideportivo.com\\\/ecrt\\\/ecuador-puede-perder-al-portero-moises-ramirez-para-los-partidos-ante-venezuela-y-chile\\\/#respond\"]}]},{\"@type\":\"WebPage\",\"@id\":\"https:\\\/\\\/chasquideportivo.com\\\/ecrt\\\/ecuador-puede-perder-al-portero-moises-ramirez-para-los-partidos-ante-venezuela-y-chile\\\/\",\"url\":\"https:\\\/\\\/chasquideportivo.com\\\/ecrt\\\/ecuador-puede-perder-al-portero-moises-ramirez-para-los-partidos-ante-venezuela-y-chile\\\/\",\"name\":\"Ecuador puede perder al portero Mois\u00e9s Ram\u00edrez para los partidos ante Venezuela y Chile - ChasquiDeportivo\",\"isPartOf\":{\"@id\":\"https:\\\/\\\/chasquideportivo.com\\\/ecrt\\\/#website\"},\"primaryImageOfPage\":{\"@id\":\"https:\\\/\\\/chasquideportivo.com\\\/ecrt\\\/ecuador-puede-perder-al-portero-moises-ramirez-para-los-partidos-ante-venezuela-y-chile\\\/#primaryimage\"},\"image\":{\"@id\":\"https:\\\/\\\/chasquideportivo.com\\\/ecrt\\\/ecuador-puede-perder-al-portero-moises-ramirez-para-los-partidos-ante-venezuela-y-chile\\\/#primaryimage\"},\"thumbnailUrl\":\"https:\\\/\\\/chasquideportivo.com\\\/ecrt\\\/wp-content\\\/uploads\\\/2023\\\/10\\\/festejo-2023-ante-bolivia.jpg\",\"datePublished\":\"2023-11-10T15:18:31+00:00\",\"description\":\"Chasqui Deportivo | Informaci\u00f3n y comunicaci\u00f3n, reportajes, noticias, entrevistas en el \u00e1rea del deporte local, nacional.\",\"breadcrumb\":{\"@id\":\"https:\\\/\\\/chasquideportivo.com\\\/ecrt\\\/ecuador-puede-perder-al-portero-moises-ramirez-para-los-partidos-ante-venezuela-y-chile\\\/#breadcrumb\"},\"inLanguage\":\"es\",\"potentialAction\":[{\"@type\":\"ReadAction\",\"target\":[\"https:\\\/\\\/chasquideportivo.com\\\/ecrt\\\/ecuador-puede-perder-al-portero-moises-ramirez-para-los-partidos-ante-venezuela-y-chile\\\/\"]}]},{\"@type\":\"ImageObject\",\"inLanguage\":\"es\",\"@id\":\"https:\\\/\\\/chasquideportivo.com\\\/ecrt\\\/ecuador-puede-perder-al-portero-moises-ramirez-para-los-partidos-ante-venezuela-y-chile\\\/#primaryimage\",\"url\":\"https:\\\/\\\/chasquideportivo.com\\\/ecrt\\\/wp-content\\\/uploads\\\/2023\\\/10\\\/festejo-2023-ante-bolivia.jpg\",\"contentUrl\":\"https:\\\/\\\/chasquideportivo.com\\\/ecrt\\\/wp-content\\\/uploads\\\/2023\\\/10\\\/festejo-2023-ante-bolivia.jpg\",\"width\":1000,\"height\":780},{\"@type\":\"BreadcrumbList\",\"@id\":\"https:\\\/\\\/chasquideportivo.com\\\/ecrt\\\/ecuador-puede-perder-al-portero-moises-ramirez-para-los-partidos-ante-venezuela-y-chile\\\/#breadcrumb\",\"itemListElement\":[{\"@type\":\"ListItem\",\"position\":1,\"name\":\"Portada | Chasqui Deportivo\",\"item\":\"https:\\\/\\\/chasquideportivo.com\\\/ecrt\\\/\"},{\"@type\":\"ListItem\",\"position\":2,\"name\":\"Editorial\",\"item\":\"https:\\\/\\\/chasquideportivo.com\\\/ecrt\\\/category\\\/editorial\\\/\"},{\"@type\":\"ListItem\",\"position\":3,\"name\":\"Ecuador puede perder al portero Mois\u00e9s Ram\u00edrez para los partidos ante Venezuela y Chile\"}]},{\"@type\":\"WebSite\",\"@id\":\"https:\\\/\\\/chasquideportivo.com\\\/ecrt\\\/#website\",\"url\":\"https:\\\/\\\/chasquideportivo.com\\\/ecrt\\\/\",\"name\":\"ChasquiDeportivo\",\"description\":\"Informaci&oacute;n y comunicaci&oacute;n, reportajes, noticias, entrevistas en el &aacute;rea del deporte local, nacional.\",\"publisher\":{\"@id\":\"https:\\\/\\\/chasquideportivo.com\\\/ecrt\\\/#organization\"},\"potentialAction\":[{\"@type\":\"SearchAction\",\"target\":{\"@type\":\"EntryPoint\",\"urlTemplate\":\"https:\\\/\\\/chasquideportivo.com\\\/ecrt\\\/?s={search_term_string}\"},\"query-input\":{\"@type\":\"PropertyValueSpecification\",\"valueRequired\":true,\"valueName\":\"search_term_string\"}}],\"inLanguage\":\"es\"},{\"@type\":\"Organization\",\"@id\":\"https:\\\/\\\/chasquideportivo.com\\\/ecrt\\\/#organization\",\"name\":\"Chasqui Deportivo\",\"url\":\"https:\\\/\\\/chasquideportivo.com\\\/ecrt\\\/\",\"logo\":{\"@type\":\"ImageObject\",\"inLanguage\":\"es\",\"@id\":\"https:\\\/\\\/chasquideportivo.com\\\/ecrt\\\/#\\\/schema\\\/logo\\\/image\\\/\",\"url\":\"https:\\\/\\\/chasquideportivo.com\\\/ecrt\\\/wp-content\\\/uploads\\\/2022\\\/01\\\/logo-vertical.jpg\",\"contentUrl\":\"https:\\\/\\\/chasquideportivo.com\\\/ecrt\\\/wp-content\\\/uploads\\\/2022\\\/01\\\/logo-vertical.jpg\",\"width\":612,\"height\":750,\"caption\":\"Chasqui Deportivo\"},\"image\":{\"@id\":\"https:\\\/\\\/chasquideportivo.com\\\/ecrt\\\/#\\\/schema\\\/logo\\\/image\\\/\"},\"sameAs\":[\"https:\\\/\\\/www.facebook.com\\\/chasquideportivo\",\"https:\\\/\\\/x.com\\\/chasquidep\",\"https:\\\/\\\/www.instagram.com\\\/chasquideportivo.ec\",\"https:\\\/\\\/www.youtube.com\\\/channel\\\/UCGY8M-csHuxJuGRt4XrV90Q\"]},{\"@type\":\"Person\",\"@id\":\"https:\\\/\\\/chasquideportivo.com\\\/ecrt\\\/#\\\/schema\\\/person\\\/33917d530026e458779161ba37af0135\",\"name\":\"Redacci\u00f3n Chasqui Deportivo\",\"image\":{\"@type\":\"ImageObject\",\"inLanguage\":\"es\",\"@id\":\"https:\\\/\\\/secure.gravatar.com\\\/avatar\\\/7eb0ecd9938a9f50328ab097af6f56b5e3a84cecb09256bdb75ac402bc1d935b?s=96&d=mm&r=g\",\"url\":\"https:\\\/\\\/secure.gravatar.com\\\/avatar\\\/7eb0ecd9938a9f50328ab097af6f56b5e3a84cecb09256bdb75ac402bc1d935b?s=96&d=mm&r=g\",\"contentUrl\":\"https:\\\/\\\/secure.gravatar.com\\\/avatar\\\/7eb0ecd9938a9f50328ab097af6f56b5e3a84cecb09256bdb75ac402bc1d935b?s=96&d=mm&r=g\",\"caption\":\"Redacci\u00f3n Chasqui Deportivo\"},\"sameAs\":[\"http:\\\/\\\/www.chasquideportivo.com\\\/ecrt\"],\"url\":\"https:\\\/\\\/chasquideportivo.com\\\/ecrt\\\/author\\\/cachito\\\/\"}]}<\/script>\n<!-- \/ Yoast SEO plugin. -->","yoast_head_json":{"title":"Ecuador puede perder al portero Mois\u00e9s Ram\u00edrez para los partidos ante Venezuela y Chile - ChasquiDeportivo","description":"Chasqui Deportivo | Informaci\u00f3n y comunicaci\u00f3n, reportajes, noticias, entrevistas en el \u00e1rea del deporte local, nacional.","robots":{"index":"index","follow":"follow","max-snippet":"max-snippet:-1","max-image-preview":"max-image-preview:large","max-video-preview":"max-video-preview:-1"},"canonical":"https:\/\/chasquideportivo.com\/ecrt\/ecuador-puede-perder-al-portero-moises-ramirez-para-los-partidos-ante-venezuela-y-chile\/","og_locale":"es_ES","og_type":"article","og_title":"Ecuador puede perder al portero Mois\u00e9s Ram\u00edrez para los partidos ante Venezuela y Chile - ChasquiDeportivo","og_description":"Chasqui Deportivo | Informaci\u00f3n y comunicaci\u00f3n, reportajes, noticias, entrevistas en el \u00e1rea del deporte local, nacional.","og_url":"https:\/\/chasquideportivo.com\/ecrt\/ecuador-puede-perder-al-portero-moises-ramirez-para-los-partidos-ante-venezuela-y-chile\/","og_site_name":"ChasquiDeportivo","article_publisher":"https:\/\/www.facebook.com\/chasquideportivo","article_published_time":"2023-11-10T15:18:31+00:00","og_image":[{"width":1000,"height":780,"url":"https:\/\/chasquideportivo.com\/ecrt\/wp-content\/uploads\/2023\/10\/festejo-2023-ante-bolivia.jpg","type":"image\/jpeg"}],"author":"Redacci\u00f3n Chasqui Deportivo","twitter_card":"summary_large_image","twitter_creator":"@chasquidep","twitter_site":"@chasquidep","twitter_misc":{"Escrito por":"Redacci\u00f3n Chasqui Deportivo","Tiempo de lectura":"2 minutos"},"schema":{"@context":"https:\/\/schema.org","@graph":[{"@type":"Article","@id":"https:\/\/chasquideportivo.com\/ecrt\/ecuador-puede-perder-al-portero-moises-ramirez-para-los-partidos-ante-venezuela-y-chile\/#article","isPartOf":{"@id":"https:\/\/chasquideportivo.com\/ecrt\/ecuador-puede-perder-al-portero-moises-ramirez-para-los-partidos-ante-venezuela-y-chile\/"},"author":{"name":"Redacci\u00f3n Chasqui Deportivo","@id":"https:\/\/chasquideportivo.com\/ecrt\/#\/schema\/person\/33917d530026e458779161ba37af0135"},"headline":"Ecuador puede perder al portero Mois\u00e9s Ram\u00edrez para los partidos ante Venezuela y Chile","datePublished":"2023-11-10T15:18:31+00:00","mainEntityOfPage":{"@id":"https:\/\/chasquideportivo.com\/ecrt\/ecuador-puede-perder-al-portero-moises-ramirez-para-los-partidos-ante-venezuela-y-chile\/"},"wordCount":416,"commentCount":0,"publisher":{"@id":"https:\/\/chasquideportivo.com\/ecrt\/#organization"},"image":{"@id":"https:\/\/chasquideportivo.com\/ecrt\/ecuador-puede-perder-al-portero-moises-ramirez-para-los-partidos-ante-venezuela-y-chile\/#primaryimage"},"thumbnailUrl":"https:\/\/chasquideportivo.com\/ecrt\/wp-content\/uploads\/2023\/10\/festejo-2023-ante-bolivia.jpg","keywords":["arquero de Ecuador en duda para las Eliminatorias; Chasqui Deportivo","Moises Rami\u00edrez"],"articleSection":["Editorial"],"inLanguage":"es","potentialAction":[{"@type":"CommentAction","name":"Comment","target":["https:\/\/chasquideportivo.com\/ecrt\/ecuador-puede-perder-al-portero-moises-ramirez-para-los-partidos-ante-venezuela-y-chile\/#respond"]}]},{"@type":"WebPage","@id":"https:\/\/chasquideportivo.com\/ecrt\/ecuador-puede-perder-al-portero-moises-ramirez-para-los-partidos-ante-venezuela-y-chile\/","url":"https:\/\/chasquideportivo.com\/ecrt\/ecuador-puede-perder-al-portero-moises-ramirez-para-los-partidos-ante-venezuela-y-chile\/","name":"Ecuador puede perder al portero Mois\u00e9s Ram\u00edrez para los partidos ante Venezuela y Chile - ChasquiDeportivo","isPartOf":{"@id":"https:\/\/chasquideportivo.com\/ecrt\/#website"},"primaryImageOfPage":{"@id":"https:\/\/chasquideportivo.com\/ecrt\/ecuador-puede-perder-al-portero-moises-ramirez-para-los-partidos-ante-venezuela-y-chile\/#primaryimage"},"image":{"@id":"https:\/\/chasquideportivo.com\/ecrt\/ecuador-puede-perder-al-portero-moises-ramirez-para-los-partidos-ante-venezuela-y-chile\/#primaryimage"},"thumbnailUrl":"https:\/\/chasquideportivo.com\/ecrt\/wp-content\/uploads\/2023\/10\/festejo-2023-ante-bolivia.jpg","datePublished":"2023-11-10T15:18:31+00:00","description":"Chasqui Deportivo | Informaci\u00f3n y comunicaci\u00f3n, reportajes, noticias, entrevistas en el \u00e1rea del deporte local, nacional.","breadcrumb":{"@id":"https:\/\/chasquideportivo.com\/ecrt\/ecuador-puede-perder-al-portero-moises-ramirez-para-los-partidos-ante-venezuela-y-chile\/#breadcrumb"},"inLanguage":"es","potentialAction":[{"@type":"ReadAction","target":["https:\/\/chasquideportivo.com\/ecrt\/ecuador-puede-perder-al-portero-moises-ramirez-para-los-partidos-ante-venezuela-y-chile\/"]}]},{"@type":"ImageObject","inLanguage":"es","@id":"https:\/\/chasquideportivo.com\/ecrt\/ecuador-puede-perder-al-portero-moises-ramirez-para-los-partidos-ante-venezuela-y-chile\/#primaryimage","url":"https:\/\/chasquideportivo.com\/ecrt\/wp-content\/uploads\/2023\/10\/festejo-2023-ante-bolivia.jpg","contentUrl":"https:\/\/chasquideportivo.com\/ecrt\/wp-content\/uploads\/2023\/10\/festejo-2023-ante-bolivia.jpg","width":1000,"height":780},{"@type":"BreadcrumbList","@id":"https:\/\/chasquideportivo.com\/ecrt\/ecuador-puede-perder-al-portero-moises-ramirez-para-los-partidos-ante-venezuela-y-chile\/#breadcrumb","itemListElement":[{"@type":"ListItem","position":1,"name":"Portada | Chasqui Deportivo","item":"https:\/\/chasquideportivo.com\/ecrt\/"},{"@type":"ListItem","position":2,"name":"Editorial","item":"https:\/\/chasquideportivo.com\/ecrt\/category\/editorial\/"},{"@type":"ListItem","position":3,"name":"Ecuador puede perder al portero Mois\u00e9s Ram\u00edrez para los partidos ante Venezuela y Chile"}]},{"@type":"WebSite","@id":"https:\/\/chasquideportivo.com\/ecrt\/#website","url":"https:\/\/chasquideportivo.com\/ecrt\/","name":"ChasquiDeportivo","description":"Informaci&oacute;n y comunicaci&oacute;n, reportajes, noticias, entrevistas en el &aacute;rea del deporte local, nacional.","publisher":{"@id":"https:\/\/chasquideportivo.com\/ecrt\/#organization"},"potentialAction":[{"@type":"SearchAction","target":{"@type":"EntryPoint","urlTemplate":"https:\/\/chasquideportivo.com\/ecrt\/?s={search_term_string}"},"query-input":{"@type":"PropertyValueSpecification","valueRequired":true,"valueName":"search_term_string"}}],"inLanguage":"es"},{"@type":"Organization","@id":"https:\/\/chasquideportivo.com\/ecrt\/#organization","name":"Chasqui Deportivo","url":"https:\/\/chasquideportivo.com\/ecrt\/","logo":{"@type":"ImageObject","inLanguage":"es","@id":"https:\/\/chasquideportivo.com\/ecrt\/#\/schema\/logo\/image\/","url":"https:\/\/chasquideportivo.com\/ecrt\/wp-content\/uploads\/2022\/01\/logo-vertical.jpg","contentUrl":"https:\/\/chasquideportivo.com\/ecrt\/wp-content\/uploads\/2022\/01\/logo-vertical.jpg","width":612,"height":750,"caption":"Chasqui Deportivo"},"image":{"@id":"https:\/\/chasquideportivo.com\/ecrt\/#\/schema\/logo\/image\/"},"sameAs":["https:\/\/www.facebook.com\/chasquideportivo","https:\/\/x.com\/chasquidep","https:\/\/www.instagram.com\/chasquideportivo.ec","https:\/\/www.youtube.com\/channel\/UCGY8M-csHuxJuGRt4XrV90Q"]},{"@type":"Person","@id":"https:\/\/chasquideportivo.com\/ecrt\/#\/schema\/person\/33917d530026e458779161ba37af0135","name":"Redacci\u00f3n Chasqui Deportivo","image":{"@type":"ImageObject","inLanguage":"es","@id":"https:\/\/secure.gravatar.com\/avatar\/7eb0ecd9938a9f50328ab097af6f56b5e3a84cecb09256bdb75ac402bc1d935b?s=96&d=mm&r=g","url":"https:\/\/secure.gravatar.com\/avatar\/7eb0ecd9938a9f50328ab097af6f56b5e3a84cecb09256bdb75ac402bc1d935b?s=96&d=mm&r=g","contentUrl":"https:\/\/secure.gravatar.com\/avatar\/7eb0ecd9938a9f50328ab097af6f56b5e3a84cecb09256bdb75ac402bc1d935b?s=96&d=mm&r=g","caption":"Redacci\u00f3n Chasqui Deportivo"},"sameAs":["http:\/\/www.chasquideportivo.com\/ecrt"],"url":"https:\/\/chasquideportivo.com\/ecrt\/author\/cachito\/"}]}},"_links":{"self":[{"href":"https:\/\/chasquideportivo.com\/ecrt\/wp-json\/wp\/v2\/posts\/13402","targetHints":{"allow":["GET"]}}],"collection":[{"href":"https:\/\/chasquideportivo.com\/ecrt\/wp-json\/wp\/v2\/posts"}],"about":[{"href":"https:\/\/chasquideportivo.com\/ecrt\/wp-json\/wp\/v2\/types\/post"}],"author":[{"embeddable":true,"href":"https:\/\/chasquideportivo.com\/ecrt\/wp-json\/wp\/v2\/users\/2"}],"replies":[{"embeddable":true,"href":"https:\/\/chasquideportivo.com\/ecrt\/wp-json\/wp\/v2\/comments?post=13402"}],"version-history":[{"count":1,"href":"https:\/\/chasquideportivo.com\/ecrt\/wp-json\/wp\/v2\/posts\/13402\/revisions"}],"predecessor-version":[{"id":13403,"href":"https:\/\/chasquideportivo.com\/ecrt\/wp-json\/wp\/v2\/posts\/13402\/revisions\/13403"}],"wp:featuredmedia":[{"embeddable":true,"href":"https:\/\/chasquideportivo.com\/ecrt\/wp-json\/wp\/v2\/media\/13305"}],"wp:attachment":[{"href":"https:\/\/chasquideportivo.com\/ecrt\/wp-json\/wp\/v2\/media?parent=13402"}],"wp:term":[{"taxonomy":"category","embeddable":true,"href":"https:\/\/chasquideportivo.com\/ecrt\/wp-json\/wp\/v2\/categories?post=13402"},{"taxonomy":"post_tag","embeddable":true,"href":"https:\/\/chasquideportivo.com\/ecrt\/wp-json\/wp\/v2\/tags?post=13402"}],"curies":[{"name":"wp","href":"https:\/\/api.w.org\/{rel}","templated":true}]}}