{"id":13391,"date":"2023-11-06T23:39:36","date_gmt":"2023-11-06T23:39:36","guid":{"rendered":"https:\/\/chasquideportivo.com\/ecrt\/?p=13391"},"modified":"2023-11-06T23:39:36","modified_gmt":"2023-11-06T23:39:36","slug":"liga-de-quito-dice-que-sera-un-orgullo-volver-a-jugar-una-final-contra-fluminense","status":"publish","type":"post","link":"https:\/\/chasquideportivo.com\/ecrt\/liga-de-quito-dice-que-sera-un-orgullo-volver-a-jugar-una-final-contra-fluminense\/","title":{"rendered":"Liga de Quito dice que &#8220;ser\u00e1 un orgullo volver a jugar una final contra Fluminense&#8221;"},"content":{"rendered":"<p>Esteban Paz, dirigente de Liga de Quito, asegur\u00f3 este domingo que ser\u00e1 un orgullo para su equipo volver a jugar una final con el Fluminense de Brasil, en febrero pr\u00f3ximo, durante los partidos de ida y vuelta de la Recopa Sudamericana.<!--more--><\/p>\n<p>&#8220;Para Liga Deportiva Universitaria ser\u00e1 un orgullo volver a jugar contra Fluminense una nueva final&#8221;, ha resaltado Paz en su cuenta de la red X (antes Twitter).<img loading=\"lazy\" decoding=\"async\" class=\"size-medium wp-image-13265 alignleft\" src=\"https:\/\/chasquideportivo.com\/ecrt\/wp-content\/uploads\/2023\/09\/sudamericana-2-300x269.jpg\" alt=\"\" width=\"300\" height=\"269\" \/><\/p>\n<p>Fluminense jugar\u00e1 la pr\u00f3xima Recopa como campe\u00f3n de la Copa Libertadores, t\u00edtulo que alcanz\u00f3 ayer, s\u00e1bado, al imponerse por 2-1 al argentino Boca Juniors; mientras que Liga de Quito alcanz\u00f3 la Sudamericana tras superar en la tanda de penaltis al Fortaleza, el pasado 28 de noviembre.<\/p>\n<p>Paz tambi\u00e9n expres\u00f3 su alegr\u00eda por la afici\u00f3n del Fluminense que, &#8220;de alguna manera, han logrado sacarse el estigma&#8221; de haber perdido la final de la Libertadores en 2008 ante Liga de Quito: &#8220;Rivales en la cancha solamente&#8221;.<\/p>\n<p>Adem\u00e1s de la final de la Libertadores que gan\u00f3 el Rey de Copas de Ecuador en el 2008 a Fluminense, al mismo rival venci\u00f3 en la final de la Sudamericana de 2009.<\/p>\n<p>Tras la obtenci\u00f3n del t\u00edtulo de la Sudamericana el pasado 28 de octubre en Punta del Este contra el brasile\u00f1o Fortaleza, el cuadro quite\u00f1o tambi\u00e9n tiene la posibilidad de acceder a la final del t\u00edtulo ecuatoriano de la presente temporada.<\/p>\n<p>De otro lado, fuentes de Liga de Quito consultadas por Efe han asegurado que el club gestiona retener al t\u00e9cnico argentino Luis Zubeld\u00eda, responsable en el ensamblaje del actual equipo ecuatoriano.<\/p>\n<p>Tambi\u00e9n intentar\u00e1n retener al goleador peruano Paolo Guerrero, que tiene v\u00ednculo con el club hasta diciembre pr\u00f3ximo, pues el torneo esta a tres fechas para concluir en su segunda fase y, si Liga se adjudica la segunda fase, se definir\u00e1 el t\u00edtulo contra el Independiente del Valle, en partidos de ida y vuelta.<\/p>\n<p>Las gestiones buscan retener al &#8220;Depredador peruano&#8221; y a toda la plantilla que gan\u00f3 la Sudamericana, con miras a la Recopa y para la disputa desde la fase de grupos de la Libertadores 2024.<\/p>\n<p>En la conquista de la reciente Copa Sudamericana brillaron con intensidad el portero Alexander Dom\u00ednguez, Jos\u00e9 Quintero, Renato Ibarra y Jhojan Julio; el haitiano Ricardo Ad\u00e9; y los argentinos Facundo Rodr\u00edguez, Lucas Piovi, Mauricio Mart\u00ednez y Lisandro Alzugaray. EFE<\/p>\n","protected":false},"excerpt":{"rendered":"<p>Esteban Paz, dirigente de Liga de Quito, asegur\u00f3 este domingo que ser\u00e1 un orgullo para su equipo volver a jugar una final con el Fluminense de Brasil, en febrero pr\u00f3ximo, durante los partidos de ida y vuelta de la Recopa Sudamericana.<\/p>\n","protected":false},"author":2,"featured_media":13284,"comment_status":"open","ping_status":"open","sticky":false,"template":"","format":"standard","meta":{"_et_pb_use_builder":"","_et_pb_old_content":"","_et_gb_content_width":"","footnotes":""},"categories":[59],"tags":[22,1147],"class_list":["post-13391","post","type-post","status-publish","format-standard","has-post-thumbnail","hentry","category-editorial","tag-chasqui-deportivo","tag-liga-de-quito-ya-piensa-en-la-final-de-la-recopa"],"yoast_head":"<!-- This site is optimized with the Yoast SEO plugin v27.4 - https:\/\/yoast.com\/product\/yoast-seo-wordpress\/ -->\n<title>Liga de Quito dice que &quot;ser\u00e1 un orgullo volver a jugar una final contra Fluminense&quot; - ChasquiDeportivo<\/title>\n<meta name=\"description\" content=\"Chasqui Deportivo | Informaci\u00f3n y comunicaci\u00f3n, reportajes, noticias, entrevistas en el \u00e1rea del deporte local, nacional.\" \/>\n<meta name=\"robots\" content=\"index, follow, max-snippet:-1, max-image-preview:large, max-video-preview:-1\" \/>\n<link rel=\"canonical\" href=\"https:\/\/chasquideportivo.com\/ecrt\/liga-de-quito-dice-que-sera-un-orgullo-volver-a-jugar-una-final-contra-fluminense\/\" \/>\n<meta property=\"og:locale\" content=\"es_ES\" \/>\n<meta property=\"og:type\" content=\"article\" \/>\n<meta property=\"og:title\" content=\"Liga de Quito dice que &quot;ser\u00e1 un orgullo volver a jugar una final contra Fluminense&quot; - ChasquiDeportivo\" \/>\n<meta property=\"og:description\" content=\"Chasqui Deportivo | Informaci\u00f3n y comunicaci\u00f3n, reportajes, noticias, entrevistas en el \u00e1rea del deporte local, nacional.\" \/>\n<meta property=\"og:url\" content=\"https:\/\/chasquideportivo.com\/ecrt\/liga-de-quito-dice-que-sera-un-orgullo-volver-a-jugar-una-final-contra-fluminense\/\" \/>\n<meta property=\"og:site_name\" content=\"ChasquiDeportivo\" \/>\n<meta property=\"article:publisher\" content=\"https:\/\/www.facebook.com\/chasquideportivo\" \/>\n<meta property=\"article:published_time\" content=\"2023-11-06T23:39:36+00:00\" \/>\n<meta property=\"og:image\" content=\"https:\/\/chasquideportivo.com\/ecrt\/wp-content\/uploads\/2023\/10\/clasificacion-2023-sudamericana.jpg\" \/>\n\t<meta property=\"og:image:width\" content=\"1000\" \/>\n\t<meta property=\"og:image:height\" content=\"686\" \/>\n\t<meta property=\"og:image:type\" content=\"image\/jpeg\" \/>\n<meta name=\"author\" content=\"Redacci\u00f3n Chasqui Deportivo\" \/>\n<meta name=\"twitter:card\" content=\"summary_large_image\" \/>\n<meta name=\"twitter:creator\" content=\"@chasquidep\" \/>\n<meta name=\"twitter:site\" content=\"@chasquidep\" \/>\n<meta name=\"twitter:label1\" content=\"Escrito por\" \/>\n\t<meta name=\"twitter:data1\" content=\"Redacci\u00f3n Chasqui Deportivo\" \/>\n\t<meta name=\"twitter:label2\" content=\"Tiempo de lectura\" \/>\n\t<meta name=\"twitter:data2\" content=\"2 minutos\" \/>\n<script type=\"application\/ld+json\" class=\"yoast-schema-graph\">{\"@context\":\"https:\\\/\\\/schema.org\",\"@graph\":[{\"@type\":\"Article\",\"@id\":\"https:\\\/\\\/chasquideportivo.com\\\/ecrt\\\/liga-de-quito-dice-que-sera-un-orgullo-volver-a-jugar-una-final-contra-fluminense\\\/#article\",\"isPartOf\":{\"@id\":\"https:\\\/\\\/chasquideportivo.com\\\/ecrt\\\/liga-de-quito-dice-que-sera-un-orgullo-volver-a-jugar-una-final-contra-fluminense\\\/\"},\"author\":{\"name\":\"Redacci\u00f3n Chasqui Deportivo\",\"@id\":\"https:\\\/\\\/chasquideportivo.com\\\/ecrt\\\/#\\\/schema\\\/person\\\/33917d530026e458779161ba37af0135\"},\"headline\":\"Liga de Quito dice que &#8220;ser\u00e1 un orgullo volver a jugar una final contra Fluminense&#8221;\",\"datePublished\":\"2023-11-06T23:39:36+00:00\",\"mainEntityOfPage\":{\"@id\":\"https:\\\/\\\/chasquideportivo.com\\\/ecrt\\\/liga-de-quito-dice-que-sera-un-orgullo-volver-a-jugar-una-final-contra-fluminense\\\/\"},\"wordCount\":415,\"commentCount\":0,\"publisher\":{\"@id\":\"https:\\\/\\\/chasquideportivo.com\\\/ecrt\\\/#organization\"},\"image\":{\"@id\":\"https:\\\/\\\/chasquideportivo.com\\\/ecrt\\\/liga-de-quito-dice-que-sera-un-orgullo-volver-a-jugar-una-final-contra-fluminense\\\/#primaryimage\"},\"thumbnailUrl\":\"https:\\\/\\\/chasquideportivo.com\\\/ecrt\\\/wp-content\\\/uploads\\\/2023\\\/10\\\/clasificacion-2023-sudamericana.jpg\",\"keywords\":[\"chasqui deportivo\",\"Liga de Quito ya piensa en la final de la Recopa\"],\"articleSection\":[\"Editorial\"],\"inLanguage\":\"es\",\"potentialAction\":[{\"@type\":\"CommentAction\",\"name\":\"Comment\",\"target\":[\"https:\\\/\\\/chasquideportivo.com\\\/ecrt\\\/liga-de-quito-dice-que-sera-un-orgullo-volver-a-jugar-una-final-contra-fluminense\\\/#respond\"]}]},{\"@type\":\"WebPage\",\"@id\":\"https:\\\/\\\/chasquideportivo.com\\\/ecrt\\\/liga-de-quito-dice-que-sera-un-orgullo-volver-a-jugar-una-final-contra-fluminense\\\/\",\"url\":\"https:\\\/\\\/chasquideportivo.com\\\/ecrt\\\/liga-de-quito-dice-que-sera-un-orgullo-volver-a-jugar-una-final-contra-fluminense\\\/\",\"name\":\"Liga de Quito dice que \\\"ser\u00e1 un orgullo volver a jugar una final contra Fluminense\\\" - ChasquiDeportivo\",\"isPartOf\":{\"@id\":\"https:\\\/\\\/chasquideportivo.com\\\/ecrt\\\/#website\"},\"primaryImageOfPage\":{\"@id\":\"https:\\\/\\\/chasquideportivo.com\\\/ecrt\\\/liga-de-quito-dice-que-sera-un-orgullo-volver-a-jugar-una-final-contra-fluminense\\\/#primaryimage\"},\"image\":{\"@id\":\"https:\\\/\\\/chasquideportivo.com\\\/ecrt\\\/liga-de-quito-dice-que-sera-un-orgullo-volver-a-jugar-una-final-contra-fluminense\\\/#primaryimage\"},\"thumbnailUrl\":\"https:\\\/\\\/chasquideportivo.com\\\/ecrt\\\/wp-content\\\/uploads\\\/2023\\\/10\\\/clasificacion-2023-sudamericana.jpg\",\"datePublished\":\"2023-11-06T23:39:36+00:00\",\"description\":\"Chasqui Deportivo | Informaci\u00f3n y comunicaci\u00f3n, reportajes, noticias, entrevistas en el \u00e1rea del deporte local, nacional.\",\"breadcrumb\":{\"@id\":\"https:\\\/\\\/chasquideportivo.com\\\/ecrt\\\/liga-de-quito-dice-que-sera-un-orgullo-volver-a-jugar-una-final-contra-fluminense\\\/#breadcrumb\"},\"inLanguage\":\"es\",\"potentialAction\":[{\"@type\":\"ReadAction\",\"target\":[\"https:\\\/\\\/chasquideportivo.com\\\/ecrt\\\/liga-de-quito-dice-que-sera-un-orgullo-volver-a-jugar-una-final-contra-fluminense\\\/\"]}]},{\"@type\":\"ImageObject\",\"inLanguage\":\"es\",\"@id\":\"https:\\\/\\\/chasquideportivo.com\\\/ecrt\\\/liga-de-quito-dice-que-sera-un-orgullo-volver-a-jugar-una-final-contra-fluminense\\\/#primaryimage\",\"url\":\"https:\\\/\\\/chasquideportivo.com\\\/ecrt\\\/wp-content\\\/uploads\\\/2023\\\/10\\\/clasificacion-2023-sudamericana.jpg\",\"contentUrl\":\"https:\\\/\\\/chasquideportivo.com\\\/ecrt\\\/wp-content\\\/uploads\\\/2023\\\/10\\\/clasificacion-2023-sudamericana.jpg\",\"width\":1000,\"height\":686},{\"@type\":\"BreadcrumbList\",\"@id\":\"https:\\\/\\\/chasquideportivo.com\\\/ecrt\\\/liga-de-quito-dice-que-sera-un-orgullo-volver-a-jugar-una-final-contra-fluminense\\\/#breadcrumb\",\"itemListElement\":[{\"@type\":\"ListItem\",\"position\":1,\"name\":\"Portada | Chasqui Deportivo\",\"item\":\"https:\\\/\\\/chasquideportivo.com\\\/ecrt\\\/\"},{\"@type\":\"ListItem\",\"position\":2,\"name\":\"Editorial\",\"item\":\"https:\\\/\\\/chasquideportivo.com\\\/ecrt\\\/category\\\/editorial\\\/\"},{\"@type\":\"ListItem\",\"position\":3,\"name\":\"Liga de Quito dice que &#8220;ser\u00e1 un orgullo volver a jugar una final contra Fluminense&#8221;\"}]},{\"@type\":\"WebSite\",\"@id\":\"https:\\\/\\\/chasquideportivo.com\\\/ecrt\\\/#website\",\"url\":\"https:\\\/\\\/chasquideportivo.com\\\/ecrt\\\/\",\"name\":\"ChasquiDeportivo\",\"description\":\"Informaci&oacute;n y comunicaci&oacute;n, reportajes, noticias, entrevistas en el &aacute;rea del deporte local, nacional.\",\"publisher\":{\"@id\":\"https:\\\/\\\/chasquideportivo.com\\\/ecrt\\\/#organization\"},\"potentialAction\":[{\"@type\":\"SearchAction\",\"target\":{\"@type\":\"EntryPoint\",\"urlTemplate\":\"https:\\\/\\\/chasquideportivo.com\\\/ecrt\\\/?s={search_term_string}\"},\"query-input\":{\"@type\":\"PropertyValueSpecification\",\"valueRequired\":true,\"valueName\":\"search_term_string\"}}],\"inLanguage\":\"es\"},{\"@type\":\"Organization\",\"@id\":\"https:\\\/\\\/chasquideportivo.com\\\/ecrt\\\/#organization\",\"name\":\"Chasqui Deportivo\",\"url\":\"https:\\\/\\\/chasquideportivo.com\\\/ecrt\\\/\",\"logo\":{\"@type\":\"ImageObject\",\"inLanguage\":\"es\",\"@id\":\"https:\\\/\\\/chasquideportivo.com\\\/ecrt\\\/#\\\/schema\\\/logo\\\/image\\\/\",\"url\":\"https:\\\/\\\/chasquideportivo.com\\\/ecrt\\\/wp-content\\\/uploads\\\/2022\\\/01\\\/logo-vertical.jpg\",\"contentUrl\":\"https:\\\/\\\/chasquideportivo.com\\\/ecrt\\\/wp-content\\\/uploads\\\/2022\\\/01\\\/logo-vertical.jpg\",\"width\":612,\"height\":750,\"caption\":\"Chasqui Deportivo\"},\"image\":{\"@id\":\"https:\\\/\\\/chasquideportivo.com\\\/ecrt\\\/#\\\/schema\\\/logo\\\/image\\\/\"},\"sameAs\":[\"https:\\\/\\\/www.facebook.com\\\/chasquideportivo\",\"https:\\\/\\\/x.com\\\/chasquidep\",\"https:\\\/\\\/www.instagram.com\\\/chasquideportivo.ec\",\"https:\\\/\\\/www.youtube.com\\\/channel\\\/UCGY8M-csHuxJuGRt4XrV90Q\"]},{\"@type\":\"Person\",\"@id\":\"https:\\\/\\\/chasquideportivo.com\\\/ecrt\\\/#\\\/schema\\\/person\\\/33917d530026e458779161ba37af0135\",\"name\":\"Redacci\u00f3n Chasqui Deportivo\",\"image\":{\"@type\":\"ImageObject\",\"inLanguage\":\"es\",\"@id\":\"https:\\\/\\\/secure.gravatar.com\\\/avatar\\\/7eb0ecd9938a9f50328ab097af6f56b5e3a84cecb09256bdb75ac402bc1d935b?s=96&d=mm&r=g\",\"url\":\"https:\\\/\\\/secure.gravatar.com\\\/avatar\\\/7eb0ecd9938a9f50328ab097af6f56b5e3a84cecb09256bdb75ac402bc1d935b?s=96&d=mm&r=g\",\"contentUrl\":\"https:\\\/\\\/secure.gravatar.com\\\/avatar\\\/7eb0ecd9938a9f50328ab097af6f56b5e3a84cecb09256bdb75ac402bc1d935b?s=96&d=mm&r=g\",\"caption\":\"Redacci\u00f3n Chasqui Deportivo\"},\"sameAs\":[\"http:\\\/\\\/www.chasquideportivo.com\\\/ecrt\"],\"url\":\"https:\\\/\\\/chasquideportivo.com\\\/ecrt\\\/author\\\/cachito\\\/\"}]}<\/script>\n<!-- \/ Yoast SEO plugin. -->","yoast_head_json":{"title":"Liga de Quito dice que \"ser\u00e1 un orgullo volver a jugar una final contra Fluminense\" - ChasquiDeportivo","description":"Chasqui Deportivo | Informaci\u00f3n y comunicaci\u00f3n, reportajes, noticias, entrevistas en el \u00e1rea del deporte local, nacional.","robots":{"index":"index","follow":"follow","max-snippet":"max-snippet:-1","max-image-preview":"max-image-preview:large","max-video-preview":"max-video-preview:-1"},"canonical":"https:\/\/chasquideportivo.com\/ecrt\/liga-de-quito-dice-que-sera-un-orgullo-volver-a-jugar-una-final-contra-fluminense\/","og_locale":"es_ES","og_type":"article","og_title":"Liga de Quito dice que \"ser\u00e1 un orgullo volver a jugar una final contra Fluminense\" - ChasquiDeportivo","og_description":"Chasqui Deportivo | Informaci\u00f3n y comunicaci\u00f3n, reportajes, noticias, entrevistas en el \u00e1rea del deporte local, nacional.","og_url":"https:\/\/chasquideportivo.com\/ecrt\/liga-de-quito-dice-que-sera-un-orgullo-volver-a-jugar-una-final-contra-fluminense\/","og_site_name":"ChasquiDeportivo","article_publisher":"https:\/\/www.facebook.com\/chasquideportivo","article_published_time":"2023-11-06T23:39:36+00:00","og_image":[{"width":1000,"height":686,"url":"https:\/\/chasquideportivo.com\/ecrt\/wp-content\/uploads\/2023\/10\/clasificacion-2023-sudamericana.jpg","type":"image\/jpeg"}],"author":"Redacci\u00f3n Chasqui Deportivo","twitter_card":"summary_large_image","twitter_creator":"@chasquidep","twitter_site":"@chasquidep","twitter_misc":{"Escrito por":"Redacci\u00f3n Chasqui Deportivo","Tiempo de lectura":"2 minutos"},"schema":{"@context":"https:\/\/schema.org","@graph":[{"@type":"Article","@id":"https:\/\/chasquideportivo.com\/ecrt\/liga-de-quito-dice-que-sera-un-orgullo-volver-a-jugar-una-final-contra-fluminense\/#article","isPartOf":{"@id":"https:\/\/chasquideportivo.com\/ecrt\/liga-de-quito-dice-que-sera-un-orgullo-volver-a-jugar-una-final-contra-fluminense\/"},"author":{"name":"Redacci\u00f3n Chasqui Deportivo","@id":"https:\/\/chasquideportivo.com\/ecrt\/#\/schema\/person\/33917d530026e458779161ba37af0135"},"headline":"Liga de Quito dice que &#8220;ser\u00e1 un orgullo volver a jugar una final contra Fluminense&#8221;","datePublished":"2023-11-06T23:39:36+00:00","mainEntityOfPage":{"@id":"https:\/\/chasquideportivo.com\/ecrt\/liga-de-quito-dice-que-sera-un-orgullo-volver-a-jugar-una-final-contra-fluminense\/"},"wordCount":415,"commentCount":0,"publisher":{"@id":"https:\/\/chasquideportivo.com\/ecrt\/#organization"},"image":{"@id":"https:\/\/chasquideportivo.com\/ecrt\/liga-de-quito-dice-que-sera-un-orgullo-volver-a-jugar-una-final-contra-fluminense\/#primaryimage"},"thumbnailUrl":"https:\/\/chasquideportivo.com\/ecrt\/wp-content\/uploads\/2023\/10\/clasificacion-2023-sudamericana.jpg","keywords":["chasqui deportivo","Liga de Quito ya piensa en la final de la Recopa"],"articleSection":["Editorial"],"inLanguage":"es","potentialAction":[{"@type":"CommentAction","name":"Comment","target":["https:\/\/chasquideportivo.com\/ecrt\/liga-de-quito-dice-que-sera-un-orgullo-volver-a-jugar-una-final-contra-fluminense\/#respond"]}]},{"@type":"WebPage","@id":"https:\/\/chasquideportivo.com\/ecrt\/liga-de-quito-dice-que-sera-un-orgullo-volver-a-jugar-una-final-contra-fluminense\/","url":"https:\/\/chasquideportivo.com\/ecrt\/liga-de-quito-dice-que-sera-un-orgullo-volver-a-jugar-una-final-contra-fluminense\/","name":"Liga de Quito dice que \"ser\u00e1 un orgullo volver a jugar una final contra Fluminense\" - ChasquiDeportivo","isPartOf":{"@id":"https:\/\/chasquideportivo.com\/ecrt\/#website"},"primaryImageOfPage":{"@id":"https:\/\/chasquideportivo.com\/ecrt\/liga-de-quito-dice-que-sera-un-orgullo-volver-a-jugar-una-final-contra-fluminense\/#primaryimage"},"image":{"@id":"https:\/\/chasquideportivo.com\/ecrt\/liga-de-quito-dice-que-sera-un-orgullo-volver-a-jugar-una-final-contra-fluminense\/#primaryimage"},"thumbnailUrl":"https:\/\/chasquideportivo.com\/ecrt\/wp-content\/uploads\/2023\/10\/clasificacion-2023-sudamericana.jpg","datePublished":"2023-11-06T23:39:36+00:00","description":"Chasqui Deportivo | Informaci\u00f3n y comunicaci\u00f3n, reportajes, noticias, entrevistas en el \u00e1rea del deporte local, nacional.","breadcrumb":{"@id":"https:\/\/chasquideportivo.com\/ecrt\/liga-de-quito-dice-que-sera-un-orgullo-volver-a-jugar-una-final-contra-fluminense\/#breadcrumb"},"inLanguage":"es","potentialAction":[{"@type":"ReadAction","target":["https:\/\/chasquideportivo.com\/ecrt\/liga-de-quito-dice-que-sera-un-orgullo-volver-a-jugar-una-final-contra-fluminense\/"]}]},{"@type":"ImageObject","inLanguage":"es","@id":"https:\/\/chasquideportivo.com\/ecrt\/liga-de-quito-dice-que-sera-un-orgullo-volver-a-jugar-una-final-contra-fluminense\/#primaryimage","url":"https:\/\/chasquideportivo.com\/ecrt\/wp-content\/uploads\/2023\/10\/clasificacion-2023-sudamericana.jpg","contentUrl":"https:\/\/chasquideportivo.com\/ecrt\/wp-content\/uploads\/2023\/10\/clasificacion-2023-sudamericana.jpg","width":1000,"height":686},{"@type":"BreadcrumbList","@id":"https:\/\/chasquideportivo.com\/ecrt\/liga-de-quito-dice-que-sera-un-orgullo-volver-a-jugar-una-final-contra-fluminense\/#breadcrumb","itemListElement":[{"@type":"ListItem","position":1,"name":"Portada | Chasqui Deportivo","item":"https:\/\/chasquideportivo.com\/ecrt\/"},{"@type":"ListItem","position":2,"name":"Editorial","item":"https:\/\/chasquideportivo.com\/ecrt\/category\/editorial\/"},{"@type":"ListItem","position":3,"name":"Liga de Quito dice que &#8220;ser\u00e1 un orgullo volver a jugar una final contra Fluminense&#8221;"}]},{"@type":"WebSite","@id":"https:\/\/chasquideportivo.com\/ecrt\/#website","url":"https:\/\/chasquideportivo.com\/ecrt\/","name":"ChasquiDeportivo","description":"Informaci&oacute;n y comunicaci&oacute;n, reportajes, noticias, entrevistas en el &aacute;rea del deporte local, nacional.","publisher":{"@id":"https:\/\/chasquideportivo.com\/ecrt\/#organization"},"potentialAction":[{"@type":"SearchAction","target":{"@type":"EntryPoint","urlTemplate":"https:\/\/chasquideportivo.com\/ecrt\/?s={search_term_string}"},"query-input":{"@type":"PropertyValueSpecification","valueRequired":true,"valueName":"search_term_string"}}],"inLanguage":"es"},{"@type":"Organization","@id":"https:\/\/chasquideportivo.com\/ecrt\/#organization","name":"Chasqui Deportivo","url":"https:\/\/chasquideportivo.com\/ecrt\/","logo":{"@type":"ImageObject","inLanguage":"es","@id":"https:\/\/chasquideportivo.com\/ecrt\/#\/schema\/logo\/image\/","url":"https:\/\/chasquideportivo.com\/ecrt\/wp-content\/uploads\/2022\/01\/logo-vertical.jpg","contentUrl":"https:\/\/chasquideportivo.com\/ecrt\/wp-content\/uploads\/2022\/01\/logo-vertical.jpg","width":612,"height":750,"caption":"Chasqui Deportivo"},"image":{"@id":"https:\/\/chasquideportivo.com\/ecrt\/#\/schema\/logo\/image\/"},"sameAs":["https:\/\/www.facebook.com\/chasquideportivo","https:\/\/x.com\/chasquidep","https:\/\/www.instagram.com\/chasquideportivo.ec","https:\/\/www.youtube.com\/channel\/UCGY8M-csHuxJuGRt4XrV90Q"]},{"@type":"Person","@id":"https:\/\/chasquideportivo.com\/ecrt\/#\/schema\/person\/33917d530026e458779161ba37af0135","name":"Redacci\u00f3n Chasqui Deportivo","image":{"@type":"ImageObject","inLanguage":"es","@id":"https:\/\/secure.gravatar.com\/avatar\/7eb0ecd9938a9f50328ab097af6f56b5e3a84cecb09256bdb75ac402bc1d935b?s=96&d=mm&r=g","url":"https:\/\/secure.gravatar.com\/avatar\/7eb0ecd9938a9f50328ab097af6f56b5e3a84cecb09256bdb75ac402bc1d935b?s=96&d=mm&r=g","contentUrl":"https:\/\/secure.gravatar.com\/avatar\/7eb0ecd9938a9f50328ab097af6f56b5e3a84cecb09256bdb75ac402bc1d935b?s=96&d=mm&r=g","caption":"Redacci\u00f3n Chasqui Deportivo"},"sameAs":["http:\/\/www.chasquideportivo.com\/ecrt"],"url":"https:\/\/chasquideportivo.com\/ecrt\/author\/cachito\/"}]}},"_links":{"self":[{"href":"https:\/\/chasquideportivo.com\/ecrt\/wp-json\/wp\/v2\/posts\/13391","targetHints":{"allow":["GET"]}}],"collection":[{"href":"https:\/\/chasquideportivo.com\/ecrt\/wp-json\/wp\/v2\/posts"}],"about":[{"href":"https:\/\/chasquideportivo.com\/ecrt\/wp-json\/wp\/v2\/types\/post"}],"author":[{"embeddable":true,"href":"https:\/\/chasquideportivo.com\/ecrt\/wp-json\/wp\/v2\/users\/2"}],"replies":[{"embeddable":true,"href":"https:\/\/chasquideportivo.com\/ecrt\/wp-json\/wp\/v2\/comments?post=13391"}],"version-history":[{"count":1,"href":"https:\/\/chasquideportivo.com\/ecrt\/wp-json\/wp\/v2\/posts\/13391\/revisions"}],"predecessor-version":[{"id":13392,"href":"https:\/\/chasquideportivo.com\/ecrt\/wp-json\/wp\/v2\/posts\/13391\/revisions\/13392"}],"wp:featuredmedia":[{"embeddable":true,"href":"https:\/\/chasquideportivo.com\/ecrt\/wp-json\/wp\/v2\/media\/13284"}],"wp:attachment":[{"href":"https:\/\/chasquideportivo.com\/ecrt\/wp-json\/wp\/v2\/media?parent=13391"}],"wp:term":[{"taxonomy":"category","embeddable":true,"href":"https:\/\/chasquideportivo.com\/ecrt\/wp-json\/wp\/v2\/categories?post=13391"},{"taxonomy":"post_tag","embeddable":true,"href":"https:\/\/chasquideportivo.com\/ecrt\/wp-json\/wp\/v2\/tags?post=13391"}],"curies":[{"name":"wp","href":"https:\/\/api.w.org\/{rel}","templated":true}]}}