{"id":13386,"date":"2023-11-03T17:17:27","date_gmt":"2023-11-03T17:17:27","guid":{"rendered":"https:\/\/chasquideportivo.com\/ecrt\/?p=13386"},"modified":"2023-11-03T17:17:27","modified_gmt":"2023-11-03T17:17:27","slug":"barcelona-defiende-liderato-ante-nacional-bajo-la-presion-de-liga-independiente-y-delfin","status":"publish","type":"post","link":"https:\/\/chasquideportivo.com\/ecrt\/barcelona-defiende-liderato-ante-nacional-bajo-la-presion-de-liga-independiente-y-delfin\/","title":{"rendered":"Barcelona defiende liderato ante Nacional bajo la presi\u00f3n de Liga, Independiente y Delf\u00edn"},"content":{"rendered":"<p>El Barcelona de Guayaquil saldr\u00e1 el pr\u00f3ximo domingo a defender el liderato del campeonato ecuatoriano de f\u00fatbol bajo la presi\u00f3n de Liga de Quito, Independiente del Valle y Delf\u00edn, que quieren sumar en la duod\u00e9cima fecha de la segunda fase del torneo.<!--more--><\/p>\n<p>El Barcelona (con 22 puntos) jugar\u00e1 con El Nacional (17), mientras que Liga de Quito (21), que va en segundo lugar pero con un partido pendiente contra T\u00e9cnico Universitario, se medir\u00e1 al Independiente del Valle (20), que por su parte comparte el mismo puntaje que Delf\u00edn.<img loading=\"lazy\" decoding=\"async\" class=\"size-medium wp-image-13117 alignleft\" src=\"https:\/\/chasquideportivo.com\/ecrt\/wp-content\/uploads\/2023\/08\/jugada-clasico-2023-300x231.jpg\" alt=\"\" width=\"300\" height=\"231\" \/><\/p>\n<p>En la tabla acumulada de las dos fases, El Nacional procurar\u00e1 defender su ubicaci\u00f3n en la zona de clasificaci\u00f3n para la Copa Libertadores de 2024.<\/p>\n<p>Si bien el partido ser\u00e1 decisivo para Barcelona y El Nacional, la presi\u00f3n mayor recaer\u00e1 en el primero, el club guayaquile\u00f1o que es el m\u00e1s popular de Ecuador.<\/p>\n<p>Si ese encuentro es decisivo, tambi\u00e9n lo es el que protagonizar\u00e1n Liga de Quito y el Independiente del Valle, lo que da muestra de lo que se juega en esta fecha.<\/p>\n<p>Si triunfa Liga de Quito, el Rey de Copas de Ecuador, ampliar\u00eda su posibilidad para ganar la segunda fase, pues dispone de un partido pendiente el pr\u00f3ximo mi\u00e9rcoles contra T\u00e9cnico Universitario.<\/p>\n<p>Si triunfa el Independiente, que gan\u00f3 la primera etapa del torneo, acercar\u00e1 la posibilidad de ganar esta segunda fase, lo que le permitir\u00eda conquistar el t\u00edtulo de la actual temporada de forma directa.<\/p>\n<p>Tanto Liga de Quito como Independiente aparecer\u00e1n en el partido del pr\u00f3ximo s\u00e1bado en un gran momento, aunque el capitalino a\u00fan podr\u00eda sentir la fatiga de su participaci\u00f3n en la Copa Suramericana, corona que la obtuvo tras ganar en la final el s\u00e1bado pasado, en Uruguay, al brasile\u00f1o Fortaleza.<\/p>\n<p>El partido del s\u00e1bado supondr\u00e1 tambi\u00e9n el duelo de los t\u00e9cnicos argentinos Luis Zubeld\u00eda, de Liga de Quito, y Mart\u00edn Anselmi, al frente del cuadro del Valle.<\/p>\n<p>De su lado, el Delf\u00edn surge como favorito para el partido de visitante ante Gualaceo, uno de los candidatos para perder la categor\u00eda con miras al torneo de 2024.<\/p>\n<p>En el club cet\u00e1ceo reaparecer\u00e1 el argentino Facundo Castelli, para juntare a sus compatriotas Bryan Oyola, Juan Ruiz G\u00f3mez, Alexis Rodr\u00edguez, entre otros, que tienen al equipo con la fe intacta en procura de una nueva final en el f\u00fatbol ecuatoriano.<\/p>\n<p>&#8211; Partidos por la duod\u00e9cima fecha de la segunda fase de la Liga Pro en Ecuador:<\/p>\n<p>&#8211; Viernes: Deportivo Cuenca-Aucas.<\/p>\n<p>&#8211; S\u00e1bado: Gualaceo-Delf\u00edn, Guayaquil City-Emelec y Liga Deportiva Universitaria-Independiente del Valle.<\/p>\n<p>&#8211; Domingo: Mushuc Runa-T\u00e9cnico Universitario, Cumbay\u00e1-Orense y Barcelona-El Nacional.<\/p>\n<p>&#8211; Lunes: Universidad Cat\u00f3lica-Libertad. EFE<\/p>\n","protected":false},"excerpt":{"rendered":"<p>El Barcelona de Guayaquil saldr\u00e1 el pr\u00f3ximo domingo a defender el liderato del campeonato ecuatoriano de f\u00fatbol bajo la presi\u00f3n de Liga de Quito, Independiente del Valle y Delf\u00edn, que quieren sumar en la duod\u00e9cima fecha de la segunda fase del torneo.<\/p>\n","protected":false},"author":2,"featured_media":13117,"comment_status":"open","ping_status":"open","sticky":false,"template":"","format":"standard","meta":{"_et_pb_use_builder":"","_et_pb_old_content":"","_et_gb_content_width":"","footnotes":""},"categories":[18],"tags":[22,1145],"class_list":["post-13386","post","type-post","status-publish","format-standard","has-post-thumbnail","hentry","category-golazo","tag-chasqui-deportivo","tag-el-barcelona-de-guayaquil-saldra-el-proximo-domingo-a-defender-el-liderato-del-campeonato-ecuatoriano-de-futbol"],"yoast_head":"<!-- This site is optimized with the Yoast SEO plugin v27.4 - https:\/\/yoast.com\/product\/yoast-seo-wordpress\/ -->\n<title>Barcelona defiende liderato ante Nacional bajo la presi\u00f3n de Liga, Independiente y Delf\u00edn - ChasquiDeportivo<\/title>\n<meta name=\"description\" content=\"Chasqui Deportivo | Informaci\u00f3n y comunicaci\u00f3n, reportajes, noticias, entrevistas en el \u00e1rea del deporte local, nacional.\" \/>\n<meta name=\"robots\" content=\"index, follow, max-snippet:-1, max-image-preview:large, max-video-preview:-1\" \/>\n<link rel=\"canonical\" href=\"https:\/\/chasquideportivo.com\/ecrt\/barcelona-defiende-liderato-ante-nacional-bajo-la-presion-de-liga-independiente-y-delfin\/\" \/>\n<meta property=\"og:locale\" content=\"es_ES\" \/>\n<meta property=\"og:type\" content=\"article\" \/>\n<meta property=\"og:title\" content=\"Barcelona defiende liderato ante Nacional bajo la presi\u00f3n de Liga, Independiente y Delf\u00edn - ChasquiDeportivo\" \/>\n<meta property=\"og:description\" content=\"Chasqui Deportivo | Informaci\u00f3n y comunicaci\u00f3n, reportajes, noticias, entrevistas en el \u00e1rea del deporte local, nacional.\" \/>\n<meta property=\"og:url\" content=\"https:\/\/chasquideportivo.com\/ecrt\/barcelona-defiende-liderato-ante-nacional-bajo-la-presion-de-liga-independiente-y-delfin\/\" \/>\n<meta property=\"og:site_name\" content=\"ChasquiDeportivo\" \/>\n<meta property=\"article:publisher\" content=\"https:\/\/www.facebook.com\/chasquideportivo\" \/>\n<meta property=\"article:published_time\" content=\"2023-11-03T17:17:27+00:00\" \/>\n<meta property=\"og:image\" content=\"https:\/\/chasquideportivo.com\/ecrt\/wp-content\/uploads\/2023\/08\/jugada-clasico-2023.jpg\" \/>\n\t<meta property=\"og:image:width\" content=\"1000\" \/>\n\t<meta property=\"og:image:height\" content=\"771\" \/>\n\t<meta property=\"og:image:type\" content=\"image\/jpeg\" \/>\n<meta name=\"author\" content=\"Redacci\u00f3n Chasqui Deportivo\" \/>\n<meta name=\"twitter:card\" content=\"summary_large_image\" \/>\n<meta name=\"twitter:creator\" content=\"@chasquidep\" \/>\n<meta name=\"twitter:site\" content=\"@chasquidep\" \/>\n<meta name=\"twitter:label1\" content=\"Escrito por\" \/>\n\t<meta name=\"twitter:data1\" content=\"Redacci\u00f3n Chasqui Deportivo\" \/>\n\t<meta name=\"twitter:label2\" content=\"Tiempo de lectura\" \/>\n\t<meta name=\"twitter:data2\" content=\"3 minutos\" \/>\n<script type=\"application\/ld+json\" class=\"yoast-schema-graph\">{\"@context\":\"https:\\\/\\\/schema.org\",\"@graph\":[{\"@type\":\"Article\",\"@id\":\"https:\\\/\\\/chasquideportivo.com\\\/ecrt\\\/barcelona-defiende-liderato-ante-nacional-bajo-la-presion-de-liga-independiente-y-delfin\\\/#article\",\"isPartOf\":{\"@id\":\"https:\\\/\\\/chasquideportivo.com\\\/ecrt\\\/barcelona-defiende-liderato-ante-nacional-bajo-la-presion-de-liga-independiente-y-delfin\\\/\"},\"author\":{\"name\":\"Redacci\u00f3n Chasqui Deportivo\",\"@id\":\"https:\\\/\\\/chasquideportivo.com\\\/ecrt\\\/#\\\/schema\\\/person\\\/33917d530026e458779161ba37af0135\"},\"headline\":\"Barcelona defiende liderato ante Nacional bajo la presi\u00f3n de Liga, Independiente y Delf\u00edn\",\"datePublished\":\"2023-11-03T17:17:27+00:00\",\"mainEntityOfPage\":{\"@id\":\"https:\\\/\\\/chasquideportivo.com\\\/ecrt\\\/barcelona-defiende-liderato-ante-nacional-bajo-la-presion-de-liga-independiente-y-delfin\\\/\"},\"wordCount\":481,\"commentCount\":0,\"publisher\":{\"@id\":\"https:\\\/\\\/chasquideportivo.com\\\/ecrt\\\/#organization\"},\"image\":{\"@id\":\"https:\\\/\\\/chasquideportivo.com\\\/ecrt\\\/barcelona-defiende-liderato-ante-nacional-bajo-la-presion-de-liga-independiente-y-delfin\\\/#primaryimage\"},\"thumbnailUrl\":\"https:\\\/\\\/chasquideportivo.com\\\/ecrt\\\/wp-content\\\/uploads\\\/2023\\\/08\\\/jugada-clasico-2023.jpg\",\"keywords\":[\"chasqui deportivo\",\"El Barcelona de Guayaquil saldr\u00e1 el pr\u00f3ximo domingo a defender el liderato del campeonato ecuatoriano de f\u00fatbol\"],\"articleSection\":[\"Golazo\"],\"inLanguage\":\"es\",\"potentialAction\":[{\"@type\":\"CommentAction\",\"name\":\"Comment\",\"target\":[\"https:\\\/\\\/chasquideportivo.com\\\/ecrt\\\/barcelona-defiende-liderato-ante-nacional-bajo-la-presion-de-liga-independiente-y-delfin\\\/#respond\"]}]},{\"@type\":\"WebPage\",\"@id\":\"https:\\\/\\\/chasquideportivo.com\\\/ecrt\\\/barcelona-defiende-liderato-ante-nacional-bajo-la-presion-de-liga-independiente-y-delfin\\\/\",\"url\":\"https:\\\/\\\/chasquideportivo.com\\\/ecrt\\\/barcelona-defiende-liderato-ante-nacional-bajo-la-presion-de-liga-independiente-y-delfin\\\/\",\"name\":\"Barcelona defiende liderato ante Nacional bajo la presi\u00f3n de Liga, Independiente y Delf\u00edn - ChasquiDeportivo\",\"isPartOf\":{\"@id\":\"https:\\\/\\\/chasquideportivo.com\\\/ecrt\\\/#website\"},\"primaryImageOfPage\":{\"@id\":\"https:\\\/\\\/chasquideportivo.com\\\/ecrt\\\/barcelona-defiende-liderato-ante-nacional-bajo-la-presion-de-liga-independiente-y-delfin\\\/#primaryimage\"},\"image\":{\"@id\":\"https:\\\/\\\/chasquideportivo.com\\\/ecrt\\\/barcelona-defiende-liderato-ante-nacional-bajo-la-presion-de-liga-independiente-y-delfin\\\/#primaryimage\"},\"thumbnailUrl\":\"https:\\\/\\\/chasquideportivo.com\\\/ecrt\\\/wp-content\\\/uploads\\\/2023\\\/08\\\/jugada-clasico-2023.jpg\",\"datePublished\":\"2023-11-03T17:17:27+00:00\",\"description\":\"Chasqui Deportivo | Informaci\u00f3n y comunicaci\u00f3n, reportajes, noticias, entrevistas en el \u00e1rea del deporte local, nacional.\",\"breadcrumb\":{\"@id\":\"https:\\\/\\\/chasquideportivo.com\\\/ecrt\\\/barcelona-defiende-liderato-ante-nacional-bajo-la-presion-de-liga-independiente-y-delfin\\\/#breadcrumb\"},\"inLanguage\":\"es\",\"potentialAction\":[{\"@type\":\"ReadAction\",\"target\":[\"https:\\\/\\\/chasquideportivo.com\\\/ecrt\\\/barcelona-defiende-liderato-ante-nacional-bajo-la-presion-de-liga-independiente-y-delfin\\\/\"]}]},{\"@type\":\"ImageObject\",\"inLanguage\":\"es\",\"@id\":\"https:\\\/\\\/chasquideportivo.com\\\/ecrt\\\/barcelona-defiende-liderato-ante-nacional-bajo-la-presion-de-liga-independiente-y-delfin\\\/#primaryimage\",\"url\":\"https:\\\/\\\/chasquideportivo.com\\\/ecrt\\\/wp-content\\\/uploads\\\/2023\\\/08\\\/jugada-clasico-2023.jpg\",\"contentUrl\":\"https:\\\/\\\/chasquideportivo.com\\\/ecrt\\\/wp-content\\\/uploads\\\/2023\\\/08\\\/jugada-clasico-2023.jpg\",\"width\":1000,\"height\":771},{\"@type\":\"BreadcrumbList\",\"@id\":\"https:\\\/\\\/chasquideportivo.com\\\/ecrt\\\/barcelona-defiende-liderato-ante-nacional-bajo-la-presion-de-liga-independiente-y-delfin\\\/#breadcrumb\",\"itemListElement\":[{\"@type\":\"ListItem\",\"position\":1,\"name\":\"Portada | Chasqui Deportivo\",\"item\":\"https:\\\/\\\/chasquideportivo.com\\\/ecrt\\\/\"},{\"@type\":\"ListItem\",\"position\":2,\"name\":\"Archivo\",\"item\":\"https:\\\/\\\/chasquideportivo.com\\\/ecrt\\\/category\\\/archivo\\\/\"},{\"@type\":\"ListItem\",\"position\":3,\"name\":\"Golazo\",\"item\":\"https:\\\/\\\/chasquideportivo.com\\\/ecrt\\\/category\\\/archivo\\\/golazo\\\/\"},{\"@type\":\"ListItem\",\"position\":4,\"name\":\"Barcelona defiende liderato ante Nacional bajo la presi\u00f3n de Liga, Independiente y Delf\u00edn\"}]},{\"@type\":\"WebSite\",\"@id\":\"https:\\\/\\\/chasquideportivo.com\\\/ecrt\\\/#website\",\"url\":\"https:\\\/\\\/chasquideportivo.com\\\/ecrt\\\/\",\"name\":\"ChasquiDeportivo\",\"description\":\"Informaci&oacute;n y comunicaci&oacute;n, reportajes, noticias, entrevistas en el &aacute;rea del deporte local, nacional.\",\"publisher\":{\"@id\":\"https:\\\/\\\/chasquideportivo.com\\\/ecrt\\\/#organization\"},\"potentialAction\":[{\"@type\":\"SearchAction\",\"target\":{\"@type\":\"EntryPoint\",\"urlTemplate\":\"https:\\\/\\\/chasquideportivo.com\\\/ecrt\\\/?s={search_term_string}\"},\"query-input\":{\"@type\":\"PropertyValueSpecification\",\"valueRequired\":true,\"valueName\":\"search_term_string\"}}],\"inLanguage\":\"es\"},{\"@type\":\"Organization\",\"@id\":\"https:\\\/\\\/chasquideportivo.com\\\/ecrt\\\/#organization\",\"name\":\"Chasqui Deportivo\",\"url\":\"https:\\\/\\\/chasquideportivo.com\\\/ecrt\\\/\",\"logo\":{\"@type\":\"ImageObject\",\"inLanguage\":\"es\",\"@id\":\"https:\\\/\\\/chasquideportivo.com\\\/ecrt\\\/#\\\/schema\\\/logo\\\/image\\\/\",\"url\":\"https:\\\/\\\/chasquideportivo.com\\\/ecrt\\\/wp-content\\\/uploads\\\/2022\\\/01\\\/logo-vertical.jpg\",\"contentUrl\":\"https:\\\/\\\/chasquideportivo.com\\\/ecrt\\\/wp-content\\\/uploads\\\/2022\\\/01\\\/logo-vertical.jpg\",\"width\":612,\"height\":750,\"caption\":\"Chasqui Deportivo\"},\"image\":{\"@id\":\"https:\\\/\\\/chasquideportivo.com\\\/ecrt\\\/#\\\/schema\\\/logo\\\/image\\\/\"},\"sameAs\":[\"https:\\\/\\\/www.facebook.com\\\/chasquideportivo\",\"https:\\\/\\\/x.com\\\/chasquidep\",\"https:\\\/\\\/www.instagram.com\\\/chasquideportivo.ec\",\"https:\\\/\\\/www.youtube.com\\\/channel\\\/UCGY8M-csHuxJuGRt4XrV90Q\"]},{\"@type\":\"Person\",\"@id\":\"https:\\\/\\\/chasquideportivo.com\\\/ecrt\\\/#\\\/schema\\\/person\\\/33917d530026e458779161ba37af0135\",\"name\":\"Redacci\u00f3n Chasqui Deportivo\",\"image\":{\"@type\":\"ImageObject\",\"inLanguage\":\"es\",\"@id\":\"https:\\\/\\\/secure.gravatar.com\\\/avatar\\\/7eb0ecd9938a9f50328ab097af6f56b5e3a84cecb09256bdb75ac402bc1d935b?s=96&d=mm&r=g\",\"url\":\"https:\\\/\\\/secure.gravatar.com\\\/avatar\\\/7eb0ecd9938a9f50328ab097af6f56b5e3a84cecb09256bdb75ac402bc1d935b?s=96&d=mm&r=g\",\"contentUrl\":\"https:\\\/\\\/secure.gravatar.com\\\/avatar\\\/7eb0ecd9938a9f50328ab097af6f56b5e3a84cecb09256bdb75ac402bc1d935b?s=96&d=mm&r=g\",\"caption\":\"Redacci\u00f3n Chasqui Deportivo\"},\"sameAs\":[\"http:\\\/\\\/www.chasquideportivo.com\\\/ecrt\"],\"url\":\"https:\\\/\\\/chasquideportivo.com\\\/ecrt\\\/author\\\/cachito\\\/\"}]}<\/script>\n<!-- \/ Yoast SEO plugin. -->","yoast_head_json":{"title":"Barcelona defiende liderato ante Nacional bajo la presi\u00f3n de Liga, Independiente y Delf\u00edn - ChasquiDeportivo","description":"Chasqui Deportivo | Informaci\u00f3n y comunicaci\u00f3n, reportajes, noticias, entrevistas en el \u00e1rea del deporte local, nacional.","robots":{"index":"index","follow":"follow","max-snippet":"max-snippet:-1","max-image-preview":"max-image-preview:large","max-video-preview":"max-video-preview:-1"},"canonical":"https:\/\/chasquideportivo.com\/ecrt\/barcelona-defiende-liderato-ante-nacional-bajo-la-presion-de-liga-independiente-y-delfin\/","og_locale":"es_ES","og_type":"article","og_title":"Barcelona defiende liderato ante Nacional bajo la presi\u00f3n de Liga, Independiente y Delf\u00edn - ChasquiDeportivo","og_description":"Chasqui Deportivo | Informaci\u00f3n y comunicaci\u00f3n, reportajes, noticias, entrevistas en el \u00e1rea del deporte local, nacional.","og_url":"https:\/\/chasquideportivo.com\/ecrt\/barcelona-defiende-liderato-ante-nacional-bajo-la-presion-de-liga-independiente-y-delfin\/","og_site_name":"ChasquiDeportivo","article_publisher":"https:\/\/www.facebook.com\/chasquideportivo","article_published_time":"2023-11-03T17:17:27+00:00","og_image":[{"width":1000,"height":771,"url":"https:\/\/chasquideportivo.com\/ecrt\/wp-content\/uploads\/2023\/08\/jugada-clasico-2023.jpg","type":"image\/jpeg"}],"author":"Redacci\u00f3n Chasqui Deportivo","twitter_card":"summary_large_image","twitter_creator":"@chasquidep","twitter_site":"@chasquidep","twitter_misc":{"Escrito por":"Redacci\u00f3n Chasqui Deportivo","Tiempo de lectura":"3 minutos"},"schema":{"@context":"https:\/\/schema.org","@graph":[{"@type":"Article","@id":"https:\/\/chasquideportivo.com\/ecrt\/barcelona-defiende-liderato-ante-nacional-bajo-la-presion-de-liga-independiente-y-delfin\/#article","isPartOf":{"@id":"https:\/\/chasquideportivo.com\/ecrt\/barcelona-defiende-liderato-ante-nacional-bajo-la-presion-de-liga-independiente-y-delfin\/"},"author":{"name":"Redacci\u00f3n Chasqui Deportivo","@id":"https:\/\/chasquideportivo.com\/ecrt\/#\/schema\/person\/33917d530026e458779161ba37af0135"},"headline":"Barcelona defiende liderato ante Nacional bajo la presi\u00f3n de Liga, Independiente y Delf\u00edn","datePublished":"2023-11-03T17:17:27+00:00","mainEntityOfPage":{"@id":"https:\/\/chasquideportivo.com\/ecrt\/barcelona-defiende-liderato-ante-nacional-bajo-la-presion-de-liga-independiente-y-delfin\/"},"wordCount":481,"commentCount":0,"publisher":{"@id":"https:\/\/chasquideportivo.com\/ecrt\/#organization"},"image":{"@id":"https:\/\/chasquideportivo.com\/ecrt\/barcelona-defiende-liderato-ante-nacional-bajo-la-presion-de-liga-independiente-y-delfin\/#primaryimage"},"thumbnailUrl":"https:\/\/chasquideportivo.com\/ecrt\/wp-content\/uploads\/2023\/08\/jugada-clasico-2023.jpg","keywords":["chasqui deportivo","El Barcelona de Guayaquil saldr\u00e1 el pr\u00f3ximo domingo a defender el liderato del campeonato ecuatoriano de f\u00fatbol"],"articleSection":["Golazo"],"inLanguage":"es","potentialAction":[{"@type":"CommentAction","name":"Comment","target":["https:\/\/chasquideportivo.com\/ecrt\/barcelona-defiende-liderato-ante-nacional-bajo-la-presion-de-liga-independiente-y-delfin\/#respond"]}]},{"@type":"WebPage","@id":"https:\/\/chasquideportivo.com\/ecrt\/barcelona-defiende-liderato-ante-nacional-bajo-la-presion-de-liga-independiente-y-delfin\/","url":"https:\/\/chasquideportivo.com\/ecrt\/barcelona-defiende-liderato-ante-nacional-bajo-la-presion-de-liga-independiente-y-delfin\/","name":"Barcelona defiende liderato ante Nacional bajo la presi\u00f3n de Liga, Independiente y Delf\u00edn - ChasquiDeportivo","isPartOf":{"@id":"https:\/\/chasquideportivo.com\/ecrt\/#website"},"primaryImageOfPage":{"@id":"https:\/\/chasquideportivo.com\/ecrt\/barcelona-defiende-liderato-ante-nacional-bajo-la-presion-de-liga-independiente-y-delfin\/#primaryimage"},"image":{"@id":"https:\/\/chasquideportivo.com\/ecrt\/barcelona-defiende-liderato-ante-nacional-bajo-la-presion-de-liga-independiente-y-delfin\/#primaryimage"},"thumbnailUrl":"https:\/\/chasquideportivo.com\/ecrt\/wp-content\/uploads\/2023\/08\/jugada-clasico-2023.jpg","datePublished":"2023-11-03T17:17:27+00:00","description":"Chasqui Deportivo | Informaci\u00f3n y comunicaci\u00f3n, reportajes, noticias, entrevistas en el \u00e1rea del deporte local, nacional.","breadcrumb":{"@id":"https:\/\/chasquideportivo.com\/ecrt\/barcelona-defiende-liderato-ante-nacional-bajo-la-presion-de-liga-independiente-y-delfin\/#breadcrumb"},"inLanguage":"es","potentialAction":[{"@type":"ReadAction","target":["https:\/\/chasquideportivo.com\/ecrt\/barcelona-defiende-liderato-ante-nacional-bajo-la-presion-de-liga-independiente-y-delfin\/"]}]},{"@type":"ImageObject","inLanguage":"es","@id":"https:\/\/chasquideportivo.com\/ecrt\/barcelona-defiende-liderato-ante-nacional-bajo-la-presion-de-liga-independiente-y-delfin\/#primaryimage","url":"https:\/\/chasquideportivo.com\/ecrt\/wp-content\/uploads\/2023\/08\/jugada-clasico-2023.jpg","contentUrl":"https:\/\/chasquideportivo.com\/ecrt\/wp-content\/uploads\/2023\/08\/jugada-clasico-2023.jpg","width":1000,"height":771},{"@type":"BreadcrumbList","@id":"https:\/\/chasquideportivo.com\/ecrt\/barcelona-defiende-liderato-ante-nacional-bajo-la-presion-de-liga-independiente-y-delfin\/#breadcrumb","itemListElement":[{"@type":"ListItem","position":1,"name":"Portada | Chasqui Deportivo","item":"https:\/\/chasquideportivo.com\/ecrt\/"},{"@type":"ListItem","position":2,"name":"Archivo","item":"https:\/\/chasquideportivo.com\/ecrt\/category\/archivo\/"},{"@type":"ListItem","position":3,"name":"Golazo","item":"https:\/\/chasquideportivo.com\/ecrt\/category\/archivo\/golazo\/"},{"@type":"ListItem","position":4,"name":"Barcelona defiende liderato ante Nacional bajo la presi\u00f3n de Liga, Independiente y Delf\u00edn"}]},{"@type":"WebSite","@id":"https:\/\/chasquideportivo.com\/ecrt\/#website","url":"https:\/\/chasquideportivo.com\/ecrt\/","name":"ChasquiDeportivo","description":"Informaci&oacute;n y comunicaci&oacute;n, reportajes, noticias, entrevistas en el &aacute;rea del deporte local, nacional.","publisher":{"@id":"https:\/\/chasquideportivo.com\/ecrt\/#organization"},"potentialAction":[{"@type":"SearchAction","target":{"@type":"EntryPoint","urlTemplate":"https:\/\/chasquideportivo.com\/ecrt\/?s={search_term_string}"},"query-input":{"@type":"PropertyValueSpecification","valueRequired":true,"valueName":"search_term_string"}}],"inLanguage":"es"},{"@type":"Organization","@id":"https:\/\/chasquideportivo.com\/ecrt\/#organization","name":"Chasqui Deportivo","url":"https:\/\/chasquideportivo.com\/ecrt\/","logo":{"@type":"ImageObject","inLanguage":"es","@id":"https:\/\/chasquideportivo.com\/ecrt\/#\/schema\/logo\/image\/","url":"https:\/\/chasquideportivo.com\/ecrt\/wp-content\/uploads\/2022\/01\/logo-vertical.jpg","contentUrl":"https:\/\/chasquideportivo.com\/ecrt\/wp-content\/uploads\/2022\/01\/logo-vertical.jpg","width":612,"height":750,"caption":"Chasqui Deportivo"},"image":{"@id":"https:\/\/chasquideportivo.com\/ecrt\/#\/schema\/logo\/image\/"},"sameAs":["https:\/\/www.facebook.com\/chasquideportivo","https:\/\/x.com\/chasquidep","https:\/\/www.instagram.com\/chasquideportivo.ec","https:\/\/www.youtube.com\/channel\/UCGY8M-csHuxJuGRt4XrV90Q"]},{"@type":"Person","@id":"https:\/\/chasquideportivo.com\/ecrt\/#\/schema\/person\/33917d530026e458779161ba37af0135","name":"Redacci\u00f3n Chasqui Deportivo","image":{"@type":"ImageObject","inLanguage":"es","@id":"https:\/\/secure.gravatar.com\/avatar\/7eb0ecd9938a9f50328ab097af6f56b5e3a84cecb09256bdb75ac402bc1d935b?s=96&d=mm&r=g","url":"https:\/\/secure.gravatar.com\/avatar\/7eb0ecd9938a9f50328ab097af6f56b5e3a84cecb09256bdb75ac402bc1d935b?s=96&d=mm&r=g","contentUrl":"https:\/\/secure.gravatar.com\/avatar\/7eb0ecd9938a9f50328ab097af6f56b5e3a84cecb09256bdb75ac402bc1d935b?s=96&d=mm&r=g","caption":"Redacci\u00f3n Chasqui Deportivo"},"sameAs":["http:\/\/www.chasquideportivo.com\/ecrt"],"url":"https:\/\/chasquideportivo.com\/ecrt\/author\/cachito\/"}]}},"_links":{"self":[{"href":"https:\/\/chasquideportivo.com\/ecrt\/wp-json\/wp\/v2\/posts\/13386","targetHints":{"allow":["GET"]}}],"collection":[{"href":"https:\/\/chasquideportivo.com\/ecrt\/wp-json\/wp\/v2\/posts"}],"about":[{"href":"https:\/\/chasquideportivo.com\/ecrt\/wp-json\/wp\/v2\/types\/post"}],"author":[{"embeddable":true,"href":"https:\/\/chasquideportivo.com\/ecrt\/wp-json\/wp\/v2\/users\/2"}],"replies":[{"embeddable":true,"href":"https:\/\/chasquideportivo.com\/ecrt\/wp-json\/wp\/v2\/comments?post=13386"}],"version-history":[{"count":1,"href":"https:\/\/chasquideportivo.com\/ecrt\/wp-json\/wp\/v2\/posts\/13386\/revisions"}],"predecessor-version":[{"id":13387,"href":"https:\/\/chasquideportivo.com\/ecrt\/wp-json\/wp\/v2\/posts\/13386\/revisions\/13387"}],"wp:featuredmedia":[{"embeddable":true,"href":"https:\/\/chasquideportivo.com\/ecrt\/wp-json\/wp\/v2\/media\/13117"}],"wp:attachment":[{"href":"https:\/\/chasquideportivo.com\/ecrt\/wp-json\/wp\/v2\/media?parent=13386"}],"wp:term":[{"taxonomy":"category","embeddable":true,"href":"https:\/\/chasquideportivo.com\/ecrt\/wp-json\/wp\/v2\/categories?post=13386"},{"taxonomy":"post_tag","embeddable":true,"href":"https:\/\/chasquideportivo.com\/ecrt\/wp-json\/wp\/v2\/tags?post=13386"}],"curies":[{"name":"wp","href":"https:\/\/api.w.org\/{rel}","templated":true}]}}