{"id":13381,"date":"2023-11-02T15:49:54","date_gmt":"2023-11-02T15:49:54","guid":{"rendered":"https:\/\/chasquideportivo.com\/ecrt\/?p=13381"},"modified":"2023-11-02T15:49:54","modified_gmt":"2023-11-02T15:49:54","slug":"liga-de-quito-acecha-al-barcelona-y-aspira-llegar-a-la-final-en-ecuador","status":"publish","type":"post","link":"https:\/\/chasquideportivo.com\/ecrt\/liga-de-quito-acecha-al-barcelona-y-aspira-llegar-a-la-final-en-ecuador\/","title":{"rendered":"Liga de Quito acecha al Barcelona y aspira llegar a la final en Ecuador"},"content":{"rendered":"<p>El atacante venezolano, Jan Hurtado anot\u00f3 este mi\u00e9rcoles el gol del triunfo por 1-0 de Liga de Quito sobre Universidad Cat\u00f3lica y le dej\u00f3 a un punto del l\u00edder Barcelona, que tiene 22.<!--more--><\/p>\n<p>Este resultado le permite acercarse a la final por el t\u00edtulo de este a\u00f1o en Ecuador.<img loading=\"lazy\" decoding=\"async\" class=\"size-medium wp-image-13284 alignleft\" src=\"https:\/\/chasquideportivo.com\/ecrt\/wp-content\/uploads\/2023\/10\/clasificacion-2023-sudamericana-300x206.jpg\" alt=\"\" width=\"300\" height=\"206\" \/><\/p>\n<p>El Rey de Copas de Ecuador se present\u00f3 con una mezcla de titulares y suplentes para dar descanso a varios de los que ganaron la reciente Copa Sudamericana, aunque en la parte final ingresaron Paolo Guerrero, Mauricio Mart\u00ednez, Jhojan Julio y Jos\u00e9 Quinteros, que contribuyeron para el triunfo.<\/p>\n<p>Este partido correspondi\u00f3 a un encuentro diferido que ten\u00eda Liga de Quito por su participaci\u00f3n en la Copa Sudamericana, y el pr\u00f3ximo mi\u00e9rcoles jugar\u00e1 otro de esas mismas caracter\u00edsticas contra T\u00e9cnico Universitario, que se complementar\u00e1 este s\u00e1bado con el partido ante el Independiente del Valle por la duod\u00e9cima fecha.<\/p>\n<p>El venezolano Hurtado, que aprovech\u00f3 un centro de Julio y con un remate de cabeza rompi\u00f3 la resistencia del portero Romo.<\/p>\n<p>Antes del partido, los jugadores y el cuerpo t\u00e9cnico de Liga de Quito recibieron el reconocimiento por la conquista de la Copa Sudamericana de parte de unos 35.000 aficionados, mientras los directivos exhibieron los cinco trofeos internacionales que ha ganado el equipo.<\/p>\n<p>Liga de Quito conquist\u00f3 los t\u00edtulos de la Copa Libertadores de 2008, Recopa Sudamericana de 2009 y 2010, y de la Copa Sudamericana de 2009 y 2023.<\/p>\n","protected":false},"excerpt":{"rendered":"<p>El atacante venezolano, Jan Hurtado anot\u00f3 este mi\u00e9rcoles el gol del triunfo por 1-0 de Liga de Quito sobre Universidad Cat\u00f3lica y le dej\u00f3 a un punto del l\u00edder Barcelona, que tiene 22.<\/p>\n","protected":false},"author":2,"featured_media":13357,"comment_status":"open","ping_status":"open","sticky":false,"template":"","format":"standard","meta":{"_et_pb_use_builder":"","_et_pb_old_content":"","_et_gb_content_width":"","footnotes":""},"categories":[59],"tags":[22,1143],"class_list":["post-13381","post","type-post","status-publish","format-standard","has-post-thumbnail","hentry","category-editorial","tag-chasqui-deportivo","tag-liga-de-quito-acecha-al-barcelona-y-aspira-llegar-a-la-final-en-ecuador"],"yoast_head":"<!-- This site is optimized with the Yoast SEO plugin v27.4 - https:\/\/yoast.com\/product\/yoast-seo-wordpress\/ -->\n<title>Liga de Quito acecha al Barcelona y aspira llegar a la final en Ecuador - ChasquiDeportivo<\/title>\n<meta name=\"description\" content=\"Chasqui Deportivo | Informaci\u00f3n y comunicaci\u00f3n, reportajes, noticias, entrevistas en el \u00e1rea del deporte local, nacional.\" \/>\n<meta name=\"robots\" content=\"index, follow, max-snippet:-1, max-image-preview:large, max-video-preview:-1\" \/>\n<link rel=\"canonical\" href=\"https:\/\/chasquideportivo.com\/ecrt\/liga-de-quito-acecha-al-barcelona-y-aspira-llegar-a-la-final-en-ecuador\/\" \/>\n<meta property=\"og:locale\" content=\"es_ES\" \/>\n<meta property=\"og:type\" content=\"article\" \/>\n<meta property=\"og:title\" content=\"Liga de Quito acecha al Barcelona y aspira llegar a la final en Ecuador - ChasquiDeportivo\" \/>\n<meta property=\"og:description\" content=\"Chasqui Deportivo | Informaci\u00f3n y comunicaci\u00f3n, reportajes, noticias, entrevistas en el \u00e1rea del deporte local, nacional.\" \/>\n<meta property=\"og:url\" content=\"https:\/\/chasquideportivo.com\/ecrt\/liga-de-quito-acecha-al-barcelona-y-aspira-llegar-a-la-final-en-ecuador\/\" \/>\n<meta property=\"og:site_name\" content=\"ChasquiDeportivo\" \/>\n<meta property=\"article:publisher\" content=\"https:\/\/www.facebook.com\/chasquideportivo\" \/>\n<meta property=\"article:published_time\" content=\"2023-11-02T15:49:54+00:00\" \/>\n<meta property=\"og:image\" content=\"https:\/\/chasquideportivo.com\/ecrt\/wp-content\/uploads\/2023\/10\/festejo-hinchas-liga.jpg\" \/>\n\t<meta property=\"og:image:width\" content=\"793\" \/>\n\t<meta property=\"og:image:height\" content=\"1024\" \/>\n\t<meta property=\"og:image:type\" content=\"image\/jpeg\" \/>\n<meta name=\"author\" content=\"Redacci\u00f3n Chasqui Deportivo\" \/>\n<meta name=\"twitter:card\" content=\"summary_large_image\" \/>\n<meta name=\"twitter:creator\" content=\"@chasquidep\" \/>\n<meta name=\"twitter:site\" content=\"@chasquidep\" \/>\n<meta name=\"twitter:label1\" content=\"Escrito por\" \/>\n\t<meta name=\"twitter:data1\" content=\"Redacci\u00f3n Chasqui Deportivo\" \/>\n\t<meta name=\"twitter:label2\" content=\"Tiempo de lectura\" \/>\n\t<meta name=\"twitter:data2\" content=\"2 minutos\" \/>\n<script type=\"application\/ld+json\" class=\"yoast-schema-graph\">{\"@context\":\"https:\\\/\\\/schema.org\",\"@graph\":[{\"@type\":\"Article\",\"@id\":\"https:\\\/\\\/chasquideportivo.com\\\/ecrt\\\/liga-de-quito-acecha-al-barcelona-y-aspira-llegar-a-la-final-en-ecuador\\\/#article\",\"isPartOf\":{\"@id\":\"https:\\\/\\\/chasquideportivo.com\\\/ecrt\\\/liga-de-quito-acecha-al-barcelona-y-aspira-llegar-a-la-final-en-ecuador\\\/\"},\"author\":{\"name\":\"Redacci\u00f3n Chasqui Deportivo\",\"@id\":\"https:\\\/\\\/chasquideportivo.com\\\/ecrt\\\/#\\\/schema\\\/person\\\/33917d530026e458779161ba37af0135\"},\"headline\":\"Liga de Quito acecha al Barcelona y aspira llegar a la final en Ecuador\",\"datePublished\":\"2023-11-02T15:49:54+00:00\",\"mainEntityOfPage\":{\"@id\":\"https:\\\/\\\/chasquideportivo.com\\\/ecrt\\\/liga-de-quito-acecha-al-barcelona-y-aspira-llegar-a-la-final-en-ecuador\\\/\"},\"wordCount\":259,\"commentCount\":0,\"publisher\":{\"@id\":\"https:\\\/\\\/chasquideportivo.com\\\/ecrt\\\/#organization\"},\"image\":{\"@id\":\"https:\\\/\\\/chasquideportivo.com\\\/ecrt\\\/liga-de-quito-acecha-al-barcelona-y-aspira-llegar-a-la-final-en-ecuador\\\/#primaryimage\"},\"thumbnailUrl\":\"https:\\\/\\\/chasquideportivo.com\\\/ecrt\\\/wp-content\\\/uploads\\\/2023\\\/10\\\/festejo-hinchas-liga.jpg\",\"keywords\":[\"chasqui deportivo\",\"Liga de Quito acecha al Barcelona y aspira llegar a la final en Ecuador\"],\"articleSection\":[\"Editorial\"],\"inLanguage\":\"es\",\"potentialAction\":[{\"@type\":\"CommentAction\",\"name\":\"Comment\",\"target\":[\"https:\\\/\\\/chasquideportivo.com\\\/ecrt\\\/liga-de-quito-acecha-al-barcelona-y-aspira-llegar-a-la-final-en-ecuador\\\/#respond\"]}]},{\"@type\":\"WebPage\",\"@id\":\"https:\\\/\\\/chasquideportivo.com\\\/ecrt\\\/liga-de-quito-acecha-al-barcelona-y-aspira-llegar-a-la-final-en-ecuador\\\/\",\"url\":\"https:\\\/\\\/chasquideportivo.com\\\/ecrt\\\/liga-de-quito-acecha-al-barcelona-y-aspira-llegar-a-la-final-en-ecuador\\\/\",\"name\":\"Liga de Quito acecha al Barcelona y aspira llegar a la final en Ecuador - ChasquiDeportivo\",\"isPartOf\":{\"@id\":\"https:\\\/\\\/chasquideportivo.com\\\/ecrt\\\/#website\"},\"primaryImageOfPage\":{\"@id\":\"https:\\\/\\\/chasquideportivo.com\\\/ecrt\\\/liga-de-quito-acecha-al-barcelona-y-aspira-llegar-a-la-final-en-ecuador\\\/#primaryimage\"},\"image\":{\"@id\":\"https:\\\/\\\/chasquideportivo.com\\\/ecrt\\\/liga-de-quito-acecha-al-barcelona-y-aspira-llegar-a-la-final-en-ecuador\\\/#primaryimage\"},\"thumbnailUrl\":\"https:\\\/\\\/chasquideportivo.com\\\/ecrt\\\/wp-content\\\/uploads\\\/2023\\\/10\\\/festejo-hinchas-liga.jpg\",\"datePublished\":\"2023-11-02T15:49:54+00:00\",\"description\":\"Chasqui Deportivo | Informaci\u00f3n y comunicaci\u00f3n, reportajes, noticias, entrevistas en el \u00e1rea del deporte local, nacional.\",\"breadcrumb\":{\"@id\":\"https:\\\/\\\/chasquideportivo.com\\\/ecrt\\\/liga-de-quito-acecha-al-barcelona-y-aspira-llegar-a-la-final-en-ecuador\\\/#breadcrumb\"},\"inLanguage\":\"es\",\"potentialAction\":[{\"@type\":\"ReadAction\",\"target\":[\"https:\\\/\\\/chasquideportivo.com\\\/ecrt\\\/liga-de-quito-acecha-al-barcelona-y-aspira-llegar-a-la-final-en-ecuador\\\/\"]}]},{\"@type\":\"ImageObject\",\"inLanguage\":\"es\",\"@id\":\"https:\\\/\\\/chasquideportivo.com\\\/ecrt\\\/liga-de-quito-acecha-al-barcelona-y-aspira-llegar-a-la-final-en-ecuador\\\/#primaryimage\",\"url\":\"https:\\\/\\\/chasquideportivo.com\\\/ecrt\\\/wp-content\\\/uploads\\\/2023\\\/10\\\/festejo-hinchas-liga.jpg\",\"contentUrl\":\"https:\\\/\\\/chasquideportivo.com\\\/ecrt\\\/wp-content\\\/uploads\\\/2023\\\/10\\\/festejo-hinchas-liga.jpg\",\"width\":793,\"height\":1024},{\"@type\":\"BreadcrumbList\",\"@id\":\"https:\\\/\\\/chasquideportivo.com\\\/ecrt\\\/liga-de-quito-acecha-al-barcelona-y-aspira-llegar-a-la-final-en-ecuador\\\/#breadcrumb\",\"itemListElement\":[{\"@type\":\"ListItem\",\"position\":1,\"name\":\"Portada | Chasqui Deportivo\",\"item\":\"https:\\\/\\\/chasquideportivo.com\\\/ecrt\\\/\"},{\"@type\":\"ListItem\",\"position\":2,\"name\":\"Editorial\",\"item\":\"https:\\\/\\\/chasquideportivo.com\\\/ecrt\\\/category\\\/editorial\\\/\"},{\"@type\":\"ListItem\",\"position\":3,\"name\":\"Liga de Quito acecha al Barcelona y aspira llegar a la final en Ecuador\"}]},{\"@type\":\"WebSite\",\"@id\":\"https:\\\/\\\/chasquideportivo.com\\\/ecrt\\\/#website\",\"url\":\"https:\\\/\\\/chasquideportivo.com\\\/ecrt\\\/\",\"name\":\"ChasquiDeportivo\",\"description\":\"Informaci&oacute;n y comunicaci&oacute;n, reportajes, noticias, entrevistas en el &aacute;rea del deporte local, nacional.\",\"publisher\":{\"@id\":\"https:\\\/\\\/chasquideportivo.com\\\/ecrt\\\/#organization\"},\"potentialAction\":[{\"@type\":\"SearchAction\",\"target\":{\"@type\":\"EntryPoint\",\"urlTemplate\":\"https:\\\/\\\/chasquideportivo.com\\\/ecrt\\\/?s={search_term_string}\"},\"query-input\":{\"@type\":\"PropertyValueSpecification\",\"valueRequired\":true,\"valueName\":\"search_term_string\"}}],\"inLanguage\":\"es\"},{\"@type\":\"Organization\",\"@id\":\"https:\\\/\\\/chasquideportivo.com\\\/ecrt\\\/#organization\",\"name\":\"Chasqui Deportivo\",\"url\":\"https:\\\/\\\/chasquideportivo.com\\\/ecrt\\\/\",\"logo\":{\"@type\":\"ImageObject\",\"inLanguage\":\"es\",\"@id\":\"https:\\\/\\\/chasquideportivo.com\\\/ecrt\\\/#\\\/schema\\\/logo\\\/image\\\/\",\"url\":\"https:\\\/\\\/chasquideportivo.com\\\/ecrt\\\/wp-content\\\/uploads\\\/2022\\\/01\\\/logo-vertical.jpg\",\"contentUrl\":\"https:\\\/\\\/chasquideportivo.com\\\/ecrt\\\/wp-content\\\/uploads\\\/2022\\\/01\\\/logo-vertical.jpg\",\"width\":612,\"height\":750,\"caption\":\"Chasqui Deportivo\"},\"image\":{\"@id\":\"https:\\\/\\\/chasquideportivo.com\\\/ecrt\\\/#\\\/schema\\\/logo\\\/image\\\/\"},\"sameAs\":[\"https:\\\/\\\/www.facebook.com\\\/chasquideportivo\",\"https:\\\/\\\/x.com\\\/chasquidep\",\"https:\\\/\\\/www.instagram.com\\\/chasquideportivo.ec\",\"https:\\\/\\\/www.youtube.com\\\/channel\\\/UCGY8M-csHuxJuGRt4XrV90Q\"]},{\"@type\":\"Person\",\"@id\":\"https:\\\/\\\/chasquideportivo.com\\\/ecrt\\\/#\\\/schema\\\/person\\\/33917d530026e458779161ba37af0135\",\"name\":\"Redacci\u00f3n Chasqui Deportivo\",\"image\":{\"@type\":\"ImageObject\",\"inLanguage\":\"es\",\"@id\":\"https:\\\/\\\/secure.gravatar.com\\\/avatar\\\/7eb0ecd9938a9f50328ab097af6f56b5e3a84cecb09256bdb75ac402bc1d935b?s=96&d=mm&r=g\",\"url\":\"https:\\\/\\\/secure.gravatar.com\\\/avatar\\\/7eb0ecd9938a9f50328ab097af6f56b5e3a84cecb09256bdb75ac402bc1d935b?s=96&d=mm&r=g\",\"contentUrl\":\"https:\\\/\\\/secure.gravatar.com\\\/avatar\\\/7eb0ecd9938a9f50328ab097af6f56b5e3a84cecb09256bdb75ac402bc1d935b?s=96&d=mm&r=g\",\"caption\":\"Redacci\u00f3n Chasqui Deportivo\"},\"sameAs\":[\"http:\\\/\\\/www.chasquideportivo.com\\\/ecrt\"],\"url\":\"https:\\\/\\\/chasquideportivo.com\\\/ecrt\\\/author\\\/cachito\\\/\"}]}<\/script>\n<!-- \/ Yoast SEO plugin. -->","yoast_head_json":{"title":"Liga de Quito acecha al Barcelona y aspira llegar a la final en Ecuador - ChasquiDeportivo","description":"Chasqui Deportivo | Informaci\u00f3n y comunicaci\u00f3n, reportajes, noticias, entrevistas en el \u00e1rea del deporte local, nacional.","robots":{"index":"index","follow":"follow","max-snippet":"max-snippet:-1","max-image-preview":"max-image-preview:large","max-video-preview":"max-video-preview:-1"},"canonical":"https:\/\/chasquideportivo.com\/ecrt\/liga-de-quito-acecha-al-barcelona-y-aspira-llegar-a-la-final-en-ecuador\/","og_locale":"es_ES","og_type":"article","og_title":"Liga de Quito acecha al Barcelona y aspira llegar a la final en Ecuador - ChasquiDeportivo","og_description":"Chasqui Deportivo | Informaci\u00f3n y comunicaci\u00f3n, reportajes, noticias, entrevistas en el \u00e1rea del deporte local, nacional.","og_url":"https:\/\/chasquideportivo.com\/ecrt\/liga-de-quito-acecha-al-barcelona-y-aspira-llegar-a-la-final-en-ecuador\/","og_site_name":"ChasquiDeportivo","article_publisher":"https:\/\/www.facebook.com\/chasquideportivo","article_published_time":"2023-11-02T15:49:54+00:00","og_image":[{"width":793,"height":1024,"url":"https:\/\/chasquideportivo.com\/ecrt\/wp-content\/uploads\/2023\/10\/festejo-hinchas-liga.jpg","type":"image\/jpeg"}],"author":"Redacci\u00f3n Chasqui Deportivo","twitter_card":"summary_large_image","twitter_creator":"@chasquidep","twitter_site":"@chasquidep","twitter_misc":{"Escrito por":"Redacci\u00f3n Chasqui Deportivo","Tiempo de lectura":"2 minutos"},"schema":{"@context":"https:\/\/schema.org","@graph":[{"@type":"Article","@id":"https:\/\/chasquideportivo.com\/ecrt\/liga-de-quito-acecha-al-barcelona-y-aspira-llegar-a-la-final-en-ecuador\/#article","isPartOf":{"@id":"https:\/\/chasquideportivo.com\/ecrt\/liga-de-quito-acecha-al-barcelona-y-aspira-llegar-a-la-final-en-ecuador\/"},"author":{"name":"Redacci\u00f3n Chasqui Deportivo","@id":"https:\/\/chasquideportivo.com\/ecrt\/#\/schema\/person\/33917d530026e458779161ba37af0135"},"headline":"Liga de Quito acecha al Barcelona y aspira llegar a la final en Ecuador","datePublished":"2023-11-02T15:49:54+00:00","mainEntityOfPage":{"@id":"https:\/\/chasquideportivo.com\/ecrt\/liga-de-quito-acecha-al-barcelona-y-aspira-llegar-a-la-final-en-ecuador\/"},"wordCount":259,"commentCount":0,"publisher":{"@id":"https:\/\/chasquideportivo.com\/ecrt\/#organization"},"image":{"@id":"https:\/\/chasquideportivo.com\/ecrt\/liga-de-quito-acecha-al-barcelona-y-aspira-llegar-a-la-final-en-ecuador\/#primaryimage"},"thumbnailUrl":"https:\/\/chasquideportivo.com\/ecrt\/wp-content\/uploads\/2023\/10\/festejo-hinchas-liga.jpg","keywords":["chasqui deportivo","Liga de Quito acecha al Barcelona y aspira llegar a la final en Ecuador"],"articleSection":["Editorial"],"inLanguage":"es","potentialAction":[{"@type":"CommentAction","name":"Comment","target":["https:\/\/chasquideportivo.com\/ecrt\/liga-de-quito-acecha-al-barcelona-y-aspira-llegar-a-la-final-en-ecuador\/#respond"]}]},{"@type":"WebPage","@id":"https:\/\/chasquideportivo.com\/ecrt\/liga-de-quito-acecha-al-barcelona-y-aspira-llegar-a-la-final-en-ecuador\/","url":"https:\/\/chasquideportivo.com\/ecrt\/liga-de-quito-acecha-al-barcelona-y-aspira-llegar-a-la-final-en-ecuador\/","name":"Liga de Quito acecha al Barcelona y aspira llegar a la final en Ecuador - ChasquiDeportivo","isPartOf":{"@id":"https:\/\/chasquideportivo.com\/ecrt\/#website"},"primaryImageOfPage":{"@id":"https:\/\/chasquideportivo.com\/ecrt\/liga-de-quito-acecha-al-barcelona-y-aspira-llegar-a-la-final-en-ecuador\/#primaryimage"},"image":{"@id":"https:\/\/chasquideportivo.com\/ecrt\/liga-de-quito-acecha-al-barcelona-y-aspira-llegar-a-la-final-en-ecuador\/#primaryimage"},"thumbnailUrl":"https:\/\/chasquideportivo.com\/ecrt\/wp-content\/uploads\/2023\/10\/festejo-hinchas-liga.jpg","datePublished":"2023-11-02T15:49:54+00:00","description":"Chasqui Deportivo | Informaci\u00f3n y comunicaci\u00f3n, reportajes, noticias, entrevistas en el \u00e1rea del deporte local, nacional.","breadcrumb":{"@id":"https:\/\/chasquideportivo.com\/ecrt\/liga-de-quito-acecha-al-barcelona-y-aspira-llegar-a-la-final-en-ecuador\/#breadcrumb"},"inLanguage":"es","potentialAction":[{"@type":"ReadAction","target":["https:\/\/chasquideportivo.com\/ecrt\/liga-de-quito-acecha-al-barcelona-y-aspira-llegar-a-la-final-en-ecuador\/"]}]},{"@type":"ImageObject","inLanguage":"es","@id":"https:\/\/chasquideportivo.com\/ecrt\/liga-de-quito-acecha-al-barcelona-y-aspira-llegar-a-la-final-en-ecuador\/#primaryimage","url":"https:\/\/chasquideportivo.com\/ecrt\/wp-content\/uploads\/2023\/10\/festejo-hinchas-liga.jpg","contentUrl":"https:\/\/chasquideportivo.com\/ecrt\/wp-content\/uploads\/2023\/10\/festejo-hinchas-liga.jpg","width":793,"height":1024},{"@type":"BreadcrumbList","@id":"https:\/\/chasquideportivo.com\/ecrt\/liga-de-quito-acecha-al-barcelona-y-aspira-llegar-a-la-final-en-ecuador\/#breadcrumb","itemListElement":[{"@type":"ListItem","position":1,"name":"Portada | Chasqui Deportivo","item":"https:\/\/chasquideportivo.com\/ecrt\/"},{"@type":"ListItem","position":2,"name":"Editorial","item":"https:\/\/chasquideportivo.com\/ecrt\/category\/editorial\/"},{"@type":"ListItem","position":3,"name":"Liga de Quito acecha al Barcelona y aspira llegar a la final en Ecuador"}]},{"@type":"WebSite","@id":"https:\/\/chasquideportivo.com\/ecrt\/#website","url":"https:\/\/chasquideportivo.com\/ecrt\/","name":"ChasquiDeportivo","description":"Informaci&oacute;n y comunicaci&oacute;n, reportajes, noticias, entrevistas en el &aacute;rea del deporte local, nacional.","publisher":{"@id":"https:\/\/chasquideportivo.com\/ecrt\/#organization"},"potentialAction":[{"@type":"SearchAction","target":{"@type":"EntryPoint","urlTemplate":"https:\/\/chasquideportivo.com\/ecrt\/?s={search_term_string}"},"query-input":{"@type":"PropertyValueSpecification","valueRequired":true,"valueName":"search_term_string"}}],"inLanguage":"es"},{"@type":"Organization","@id":"https:\/\/chasquideportivo.com\/ecrt\/#organization","name":"Chasqui Deportivo","url":"https:\/\/chasquideportivo.com\/ecrt\/","logo":{"@type":"ImageObject","inLanguage":"es","@id":"https:\/\/chasquideportivo.com\/ecrt\/#\/schema\/logo\/image\/","url":"https:\/\/chasquideportivo.com\/ecrt\/wp-content\/uploads\/2022\/01\/logo-vertical.jpg","contentUrl":"https:\/\/chasquideportivo.com\/ecrt\/wp-content\/uploads\/2022\/01\/logo-vertical.jpg","width":612,"height":750,"caption":"Chasqui Deportivo"},"image":{"@id":"https:\/\/chasquideportivo.com\/ecrt\/#\/schema\/logo\/image\/"},"sameAs":["https:\/\/www.facebook.com\/chasquideportivo","https:\/\/x.com\/chasquidep","https:\/\/www.instagram.com\/chasquideportivo.ec","https:\/\/www.youtube.com\/channel\/UCGY8M-csHuxJuGRt4XrV90Q"]},{"@type":"Person","@id":"https:\/\/chasquideportivo.com\/ecrt\/#\/schema\/person\/33917d530026e458779161ba37af0135","name":"Redacci\u00f3n Chasqui Deportivo","image":{"@type":"ImageObject","inLanguage":"es","@id":"https:\/\/secure.gravatar.com\/avatar\/7eb0ecd9938a9f50328ab097af6f56b5e3a84cecb09256bdb75ac402bc1d935b?s=96&d=mm&r=g","url":"https:\/\/secure.gravatar.com\/avatar\/7eb0ecd9938a9f50328ab097af6f56b5e3a84cecb09256bdb75ac402bc1d935b?s=96&d=mm&r=g","contentUrl":"https:\/\/secure.gravatar.com\/avatar\/7eb0ecd9938a9f50328ab097af6f56b5e3a84cecb09256bdb75ac402bc1d935b?s=96&d=mm&r=g","caption":"Redacci\u00f3n Chasqui Deportivo"},"sameAs":["http:\/\/www.chasquideportivo.com\/ecrt"],"url":"https:\/\/chasquideportivo.com\/ecrt\/author\/cachito\/"}]}},"_links":{"self":[{"href":"https:\/\/chasquideportivo.com\/ecrt\/wp-json\/wp\/v2\/posts\/13381","targetHints":{"allow":["GET"]}}],"collection":[{"href":"https:\/\/chasquideportivo.com\/ecrt\/wp-json\/wp\/v2\/posts"}],"about":[{"href":"https:\/\/chasquideportivo.com\/ecrt\/wp-json\/wp\/v2\/types\/post"}],"author":[{"embeddable":true,"href":"https:\/\/chasquideportivo.com\/ecrt\/wp-json\/wp\/v2\/users\/2"}],"replies":[{"embeddable":true,"href":"https:\/\/chasquideportivo.com\/ecrt\/wp-json\/wp\/v2\/comments?post=13381"}],"version-history":[{"count":1,"href":"https:\/\/chasquideportivo.com\/ecrt\/wp-json\/wp\/v2\/posts\/13381\/revisions"}],"predecessor-version":[{"id":13382,"href":"https:\/\/chasquideportivo.com\/ecrt\/wp-json\/wp\/v2\/posts\/13381\/revisions\/13382"}],"wp:featuredmedia":[{"embeddable":true,"href":"https:\/\/chasquideportivo.com\/ecrt\/wp-json\/wp\/v2\/media\/13357"}],"wp:attachment":[{"href":"https:\/\/chasquideportivo.com\/ecrt\/wp-json\/wp\/v2\/media?parent=13381"}],"wp:term":[{"taxonomy":"category","embeddable":true,"href":"https:\/\/chasquideportivo.com\/ecrt\/wp-json\/wp\/v2\/categories?post=13381"},{"taxonomy":"post_tag","embeddable":true,"href":"https:\/\/chasquideportivo.com\/ecrt\/wp-json\/wp\/v2\/tags?post=13381"}],"curies":[{"name":"wp","href":"https:\/\/api.w.org\/{rel}","templated":true}]}}