{"id":13363,"date":"2023-10-30T22:19:17","date_gmt":"2023-10-30T22:19:17","guid":{"rendered":"https:\/\/chasquideportivo.com\/ecrt\/?p=13363"},"modified":"2023-10-30T22:19:17","modified_gmt":"2023-10-30T22:19:17","slug":"miles-de-hinchas-celebraron-la-segunda-copa-sudamericana-de-liga-de-quito","status":"publish","type":"post","link":"https:\/\/chasquideportivo.com\/ecrt\/miles-de-hinchas-celebraron-la-segunda-copa-sudamericana-de-liga-de-quito\/","title":{"rendered":"Miles de hinchas celebraron la segunda Copa Sudamericana de Liga de Quito"},"content":{"rendered":"<p>Liga de Quito celebr\u00f3 este domingo por todo lo alto la consecuci\u00f3n de su segunda Copa Sudamericana con una caravana ante miles de euf\u00f3ricos hinchas que recorri\u00f3 buena parte de la capital de Ecuador para lucir el quinto t\u00edtulo del club albo.<!--more--><\/p>\n<p>Al borde de las 18.00 horas (23.00 GMT) aterriz\u00f3 en el aeropuerto Mariscal Sucre, de Quito, el vuelo ch\u00e1rter que trasladaba a Liga Deportiva Universitaria desde Punta del Este, donde el s\u00e1bado se proclam\u00f3 campe\u00f3n de la Copa Sudamericana al imponerse por 3-4 en la tanda de penales al Fortaleza brasile\u00f1o.<img loading=\"lazy\" decoding=\"async\" class=\"size-medium wp-image-13364 alignleft\" src=\"https:\/\/chasquideportivo.com\/ecrt\/wp-content\/uploads\/2023\/10\/celebracion-liga-300x206.jpg\" alt=\"\" width=\"300\" height=\"206\" srcset=\"https:\/\/chasquideportivo.com\/ecrt\/wp-content\/uploads\/2023\/10\/celebracion-liga-300x206.jpg 300w, https:\/\/chasquideportivo.com\/ecrt\/wp-content\/uploads\/2023\/10\/celebracion-liga.jpg 465w\" sizes=\"auto, (max-width: 300px) 100vw, 300px\" \/><\/p>\n<p>La aeronave fue recibida en el aer\u00f3dromo quite\u00f1o con un arco de agua, el mayor de los honores de la aviaci\u00f3n para celebrar el primer \u00e9xito internacional de Liga de Quito en trece a\u00f1os.<\/p>\n<p>El primero en descender del avi\u00f3n con la Copa Sudamericana en manos fue el portero Alexander Dom\u00ednguez, el h\u00e9roe de la final en la tanda de penaltis que ha devuelto al &#8216;Rey de Copas&#8217; de Ecuador nuevamente a la gloria tras haber participado tambi\u00e9n en la primera Sudamericana ganada por Liga de Quito en 2009.<\/p>\n<p>A Dom\u00ednguez lo flanqueaban a cada lado portando una bandera de Ecuador el centrocampista argentino Ezequiel Piovi y el lateral derecho Jos\u00e9 Quintero.<\/p>\n<p>Detr\u00e1s de ellos estaba el t\u00e9cnico argentino Luis Zubeld\u00eda, el arquitecto de este equipo que combina la experiencia de jugadores de gran recorrido con mucho talento joven que apuntan a seguir dando m\u00e1s alegr\u00edas a Liga de Quito en a\u00f1os venideros.<br \/>\nDesde el aeropuerto, el equipo completo se subi\u00f3 a un autob\u00fas descapotable para iniciar un largo recorrido por la capital ecuatoriana a trav\u00e9s de un pasillo con miles de hinchas a ambos lados del camino que ondeaban banderas y camisetas para agradecer a los futbolistas por el nuevo \u00e9xito internacional del club quite\u00f1o.<\/p>\n<p>Arriba del veh\u00edculo los directivos de Liga tampoco se quisieron perder la fiesta y estaban entre los m\u00e1s animadores del festejo, donde no faltaron cajas enteras de cerveza.<\/p>\n<p>Atr\u00e1s, una fila kilom\u00e9trica de veh\u00edculos persegu\u00eda al autob\u00fas en una sinfon\u00eda de cl\u00e1xones que simbolizaban la alegr\u00eda de una gran parte de la ciudad por este nuevo \u00e9xito de Liga.<\/p>\n<p>El autob\u00fas pas\u00f3 por las principales avenidas del centro norte de la capital ecuatoriana, con parada incluida en la estatal Universidad Central del Ecuador, la cuna de la Liga Deportiva Universitaria, y en cuya explanada hubo el s\u00e1bado una gran celebraci\u00f3n tras una masiva concentraci\u00f3n para seguir a trav\u00e9s de pantallas gigantes la final.<\/p>\n<p>La parada final fue en la Plaza de las Am\u00e9ricas, donde estaba la reuni\u00f3n m\u00e1s multitudinaria de hinchas del conjunto albo que esperaban con ans\u00edas para ver la Copa Sudamericana en manos de los futbolistas, quienes les dedicaron el t\u00edtulo que reafirma a LDU como el club ecuatoriano con m\u00e1s trofeos continentales.<\/p>\n<p>Despu\u00e9s de esta fiesta, la Liga Deportiva Universitaria se centrar\u00e1 ahora en la Liga ecuatoriana, donde tiene la posibilidad de ganar la segunda fase del torneo y clasificarse para la final, mientras que el a\u00f1o que viene optar\u00e1 a su sexto t\u00edtulo internacional en la Recopa Sudamericana que jugar\u00e1 frente al ganador de la Copa Libertadores.<\/p>\n","protected":false},"excerpt":{"rendered":"<p>Liga de Quito celebr\u00f3 este domingo por todo lo alto la consecuci\u00f3n de su segunda Copa Sudamericana con una caravana ante miles de euf\u00f3ricos hinchas que recorri\u00f3 buena parte de la capital de Ecuador para lucir el quinto t\u00edtulo del club albo.<\/p>\n","protected":false},"author":2,"featured_media":13364,"comment_status":"open","ping_status":"open","sticky":false,"template":"","format":"standard","meta":{"_et_pb_use_builder":"","_et_pb_old_content":"","_et_gb_content_width":"","footnotes":""},"categories":[18],"tags":[22,1139],"class_list":["post-13363","post","type-post","status-publish","format-standard","has-post-thumbnail","hentry","category-golazo","tag-chasqui-deportivo","tag-miles-de-hibnchas-de-liga-de-quito-celebraron-la-segunda-copa-sudamericana"],"yoast_head":"<!-- This site is optimized with the Yoast SEO plugin v27.4 - https:\/\/yoast.com\/product\/yoast-seo-wordpress\/ -->\n<title>Miles de hinchas celebraron la segunda Copa Sudamericana de Liga de Quito - ChasquiDeportivo<\/title>\n<meta name=\"description\" content=\"Chasqui Deportivo | Informaci\u00f3n y comunicaci\u00f3n, reportajes, noticias, entrevistas en el \u00e1rea del deporte local, nacional.\" \/>\n<meta name=\"robots\" content=\"index, follow, max-snippet:-1, max-image-preview:large, max-video-preview:-1\" \/>\n<link rel=\"canonical\" href=\"https:\/\/chasquideportivo.com\/ecrt\/miles-de-hinchas-celebraron-la-segunda-copa-sudamericana-de-liga-de-quito\/\" \/>\n<meta property=\"og:locale\" content=\"es_ES\" \/>\n<meta property=\"og:type\" content=\"article\" \/>\n<meta property=\"og:title\" content=\"Miles de hinchas celebraron la segunda Copa Sudamericana de Liga de Quito - ChasquiDeportivo\" \/>\n<meta property=\"og:description\" content=\"Chasqui Deportivo | Informaci\u00f3n y comunicaci\u00f3n, reportajes, noticias, entrevistas en el \u00e1rea del deporte local, nacional.\" \/>\n<meta property=\"og:url\" content=\"https:\/\/chasquideportivo.com\/ecrt\/miles-de-hinchas-celebraron-la-segunda-copa-sudamericana-de-liga-de-quito\/\" \/>\n<meta property=\"og:site_name\" content=\"ChasquiDeportivo\" \/>\n<meta property=\"article:publisher\" content=\"https:\/\/www.facebook.com\/chasquideportivo\" \/>\n<meta property=\"article:published_time\" content=\"2023-10-30T22:19:17+00:00\" \/>\n<meta property=\"og:image\" content=\"https:\/\/chasquideportivo.com\/ecrt\/wp-content\/uploads\/2023\/10\/celebracion-liga.jpg\" \/>\n\t<meta property=\"og:image:width\" content=\"465\" \/>\n\t<meta property=\"og:image:height\" content=\"319\" \/>\n\t<meta property=\"og:image:type\" content=\"image\/jpeg\" \/>\n<meta name=\"author\" content=\"Redacci\u00f3n Chasqui Deportivo\" \/>\n<meta name=\"twitter:card\" content=\"summary_large_image\" \/>\n<meta name=\"twitter:creator\" content=\"@chasquidep\" \/>\n<meta name=\"twitter:site\" content=\"@chasquidep\" \/>\n<meta name=\"twitter:label1\" content=\"Escrito por\" \/>\n\t<meta name=\"twitter:data1\" content=\"Redacci\u00f3n Chasqui Deportivo\" \/>\n\t<meta name=\"twitter:label2\" content=\"Tiempo de lectura\" \/>\n\t<meta name=\"twitter:data2\" content=\"3 minutos\" \/>\n<script type=\"application\/ld+json\" class=\"yoast-schema-graph\">{\"@context\":\"https:\\\/\\\/schema.org\",\"@graph\":[{\"@type\":\"Article\",\"@id\":\"https:\\\/\\\/chasquideportivo.com\\\/ecrt\\\/miles-de-hinchas-celebraron-la-segunda-copa-sudamericana-de-liga-de-quito\\\/#article\",\"isPartOf\":{\"@id\":\"https:\\\/\\\/chasquideportivo.com\\\/ecrt\\\/miles-de-hinchas-celebraron-la-segunda-copa-sudamericana-de-liga-de-quito\\\/\"},\"author\":{\"name\":\"Redacci\u00f3n Chasqui Deportivo\",\"@id\":\"https:\\\/\\\/chasquideportivo.com\\\/ecrt\\\/#\\\/schema\\\/person\\\/33917d530026e458779161ba37af0135\"},\"headline\":\"Miles de hinchas celebraron la segunda Copa Sudamericana de Liga de Quito\",\"datePublished\":\"2023-10-30T22:19:17+00:00\",\"mainEntityOfPage\":{\"@id\":\"https:\\\/\\\/chasquideportivo.com\\\/ecrt\\\/miles-de-hinchas-celebraron-la-segunda-copa-sudamericana-de-liga-de-quito\\\/\"},\"wordCount\":578,\"commentCount\":0,\"publisher\":{\"@id\":\"https:\\\/\\\/chasquideportivo.com\\\/ecrt\\\/#organization\"},\"image\":{\"@id\":\"https:\\\/\\\/chasquideportivo.com\\\/ecrt\\\/miles-de-hinchas-celebraron-la-segunda-copa-sudamericana-de-liga-de-quito\\\/#primaryimage\"},\"thumbnailUrl\":\"https:\\\/\\\/chasquideportivo.com\\\/ecrt\\\/wp-content\\\/uploads\\\/2023\\\/10\\\/celebracion-liga.jpg\",\"keywords\":[\"chasqui deportivo\",\"Miles de hibnchas de Liga de Quito celebraron la segunda Copa Sudamericana\"],\"articleSection\":[\"Golazo\"],\"inLanguage\":\"es\",\"potentialAction\":[{\"@type\":\"CommentAction\",\"name\":\"Comment\",\"target\":[\"https:\\\/\\\/chasquideportivo.com\\\/ecrt\\\/miles-de-hinchas-celebraron-la-segunda-copa-sudamericana-de-liga-de-quito\\\/#respond\"]}]},{\"@type\":\"WebPage\",\"@id\":\"https:\\\/\\\/chasquideportivo.com\\\/ecrt\\\/miles-de-hinchas-celebraron-la-segunda-copa-sudamericana-de-liga-de-quito\\\/\",\"url\":\"https:\\\/\\\/chasquideportivo.com\\\/ecrt\\\/miles-de-hinchas-celebraron-la-segunda-copa-sudamericana-de-liga-de-quito\\\/\",\"name\":\"Miles de hinchas celebraron la segunda Copa Sudamericana de Liga de Quito - ChasquiDeportivo\",\"isPartOf\":{\"@id\":\"https:\\\/\\\/chasquideportivo.com\\\/ecrt\\\/#website\"},\"primaryImageOfPage\":{\"@id\":\"https:\\\/\\\/chasquideportivo.com\\\/ecrt\\\/miles-de-hinchas-celebraron-la-segunda-copa-sudamericana-de-liga-de-quito\\\/#primaryimage\"},\"image\":{\"@id\":\"https:\\\/\\\/chasquideportivo.com\\\/ecrt\\\/miles-de-hinchas-celebraron-la-segunda-copa-sudamericana-de-liga-de-quito\\\/#primaryimage\"},\"thumbnailUrl\":\"https:\\\/\\\/chasquideportivo.com\\\/ecrt\\\/wp-content\\\/uploads\\\/2023\\\/10\\\/celebracion-liga.jpg\",\"datePublished\":\"2023-10-30T22:19:17+00:00\",\"description\":\"Chasqui Deportivo | Informaci\u00f3n y comunicaci\u00f3n, reportajes, noticias, entrevistas en el \u00e1rea del deporte local, nacional.\",\"breadcrumb\":{\"@id\":\"https:\\\/\\\/chasquideportivo.com\\\/ecrt\\\/miles-de-hinchas-celebraron-la-segunda-copa-sudamericana-de-liga-de-quito\\\/#breadcrumb\"},\"inLanguage\":\"es\",\"potentialAction\":[{\"@type\":\"ReadAction\",\"target\":[\"https:\\\/\\\/chasquideportivo.com\\\/ecrt\\\/miles-de-hinchas-celebraron-la-segunda-copa-sudamericana-de-liga-de-quito\\\/\"]}]},{\"@type\":\"ImageObject\",\"inLanguage\":\"es\",\"@id\":\"https:\\\/\\\/chasquideportivo.com\\\/ecrt\\\/miles-de-hinchas-celebraron-la-segunda-copa-sudamericana-de-liga-de-quito\\\/#primaryimage\",\"url\":\"https:\\\/\\\/chasquideportivo.com\\\/ecrt\\\/wp-content\\\/uploads\\\/2023\\\/10\\\/celebracion-liga.jpg\",\"contentUrl\":\"https:\\\/\\\/chasquideportivo.com\\\/ecrt\\\/wp-content\\\/uploads\\\/2023\\\/10\\\/celebracion-liga.jpg\",\"width\":465,\"height\":319},{\"@type\":\"BreadcrumbList\",\"@id\":\"https:\\\/\\\/chasquideportivo.com\\\/ecrt\\\/miles-de-hinchas-celebraron-la-segunda-copa-sudamericana-de-liga-de-quito\\\/#breadcrumb\",\"itemListElement\":[{\"@type\":\"ListItem\",\"position\":1,\"name\":\"Portada | Chasqui Deportivo\",\"item\":\"https:\\\/\\\/chasquideportivo.com\\\/ecrt\\\/\"},{\"@type\":\"ListItem\",\"position\":2,\"name\":\"Archivo\",\"item\":\"https:\\\/\\\/chasquideportivo.com\\\/ecrt\\\/category\\\/archivo\\\/\"},{\"@type\":\"ListItem\",\"position\":3,\"name\":\"Golazo\",\"item\":\"https:\\\/\\\/chasquideportivo.com\\\/ecrt\\\/category\\\/archivo\\\/golazo\\\/\"},{\"@type\":\"ListItem\",\"position\":4,\"name\":\"Miles de hinchas celebraron la segunda Copa Sudamericana de Liga de Quito\"}]},{\"@type\":\"WebSite\",\"@id\":\"https:\\\/\\\/chasquideportivo.com\\\/ecrt\\\/#website\",\"url\":\"https:\\\/\\\/chasquideportivo.com\\\/ecrt\\\/\",\"name\":\"ChasquiDeportivo\",\"description\":\"Informaci&oacute;n y comunicaci&oacute;n, reportajes, noticias, entrevistas en el &aacute;rea del deporte local, nacional.\",\"publisher\":{\"@id\":\"https:\\\/\\\/chasquideportivo.com\\\/ecrt\\\/#organization\"},\"potentialAction\":[{\"@type\":\"SearchAction\",\"target\":{\"@type\":\"EntryPoint\",\"urlTemplate\":\"https:\\\/\\\/chasquideportivo.com\\\/ecrt\\\/?s={search_term_string}\"},\"query-input\":{\"@type\":\"PropertyValueSpecification\",\"valueRequired\":true,\"valueName\":\"search_term_string\"}}],\"inLanguage\":\"es\"},{\"@type\":\"Organization\",\"@id\":\"https:\\\/\\\/chasquideportivo.com\\\/ecrt\\\/#organization\",\"name\":\"Chasqui Deportivo\",\"url\":\"https:\\\/\\\/chasquideportivo.com\\\/ecrt\\\/\",\"logo\":{\"@type\":\"ImageObject\",\"inLanguage\":\"es\",\"@id\":\"https:\\\/\\\/chasquideportivo.com\\\/ecrt\\\/#\\\/schema\\\/logo\\\/image\\\/\",\"url\":\"https:\\\/\\\/chasquideportivo.com\\\/ecrt\\\/wp-content\\\/uploads\\\/2022\\\/01\\\/logo-vertical.jpg\",\"contentUrl\":\"https:\\\/\\\/chasquideportivo.com\\\/ecrt\\\/wp-content\\\/uploads\\\/2022\\\/01\\\/logo-vertical.jpg\",\"width\":612,\"height\":750,\"caption\":\"Chasqui Deportivo\"},\"image\":{\"@id\":\"https:\\\/\\\/chasquideportivo.com\\\/ecrt\\\/#\\\/schema\\\/logo\\\/image\\\/\"},\"sameAs\":[\"https:\\\/\\\/www.facebook.com\\\/chasquideportivo\",\"https:\\\/\\\/x.com\\\/chasquidep\",\"https:\\\/\\\/www.instagram.com\\\/chasquideportivo.ec\",\"https:\\\/\\\/www.youtube.com\\\/channel\\\/UCGY8M-csHuxJuGRt4XrV90Q\"]},{\"@type\":\"Person\",\"@id\":\"https:\\\/\\\/chasquideportivo.com\\\/ecrt\\\/#\\\/schema\\\/person\\\/33917d530026e458779161ba37af0135\",\"name\":\"Redacci\u00f3n Chasqui Deportivo\",\"image\":{\"@type\":\"ImageObject\",\"inLanguage\":\"es\",\"@id\":\"https:\\\/\\\/secure.gravatar.com\\\/avatar\\\/7eb0ecd9938a9f50328ab097af6f56b5e3a84cecb09256bdb75ac402bc1d935b?s=96&d=mm&r=g\",\"url\":\"https:\\\/\\\/secure.gravatar.com\\\/avatar\\\/7eb0ecd9938a9f50328ab097af6f56b5e3a84cecb09256bdb75ac402bc1d935b?s=96&d=mm&r=g\",\"contentUrl\":\"https:\\\/\\\/secure.gravatar.com\\\/avatar\\\/7eb0ecd9938a9f50328ab097af6f56b5e3a84cecb09256bdb75ac402bc1d935b?s=96&d=mm&r=g\",\"caption\":\"Redacci\u00f3n Chasqui Deportivo\"},\"sameAs\":[\"http:\\\/\\\/www.chasquideportivo.com\\\/ecrt\"],\"url\":\"https:\\\/\\\/chasquideportivo.com\\\/ecrt\\\/author\\\/cachito\\\/\"}]}<\/script>\n<!-- \/ Yoast SEO plugin. -->","yoast_head_json":{"title":"Miles de hinchas celebraron la segunda Copa Sudamericana de Liga de Quito - ChasquiDeportivo","description":"Chasqui Deportivo | Informaci\u00f3n y comunicaci\u00f3n, reportajes, noticias, entrevistas en el \u00e1rea del deporte local, nacional.","robots":{"index":"index","follow":"follow","max-snippet":"max-snippet:-1","max-image-preview":"max-image-preview:large","max-video-preview":"max-video-preview:-1"},"canonical":"https:\/\/chasquideportivo.com\/ecrt\/miles-de-hinchas-celebraron-la-segunda-copa-sudamericana-de-liga-de-quito\/","og_locale":"es_ES","og_type":"article","og_title":"Miles de hinchas celebraron la segunda Copa Sudamericana de Liga de Quito - ChasquiDeportivo","og_description":"Chasqui Deportivo | Informaci\u00f3n y comunicaci\u00f3n, reportajes, noticias, entrevistas en el \u00e1rea del deporte local, nacional.","og_url":"https:\/\/chasquideportivo.com\/ecrt\/miles-de-hinchas-celebraron-la-segunda-copa-sudamericana-de-liga-de-quito\/","og_site_name":"ChasquiDeportivo","article_publisher":"https:\/\/www.facebook.com\/chasquideportivo","article_published_time":"2023-10-30T22:19:17+00:00","og_image":[{"width":465,"height":319,"url":"https:\/\/chasquideportivo.com\/ecrt\/wp-content\/uploads\/2023\/10\/celebracion-liga.jpg","type":"image\/jpeg"}],"author":"Redacci\u00f3n Chasqui Deportivo","twitter_card":"summary_large_image","twitter_creator":"@chasquidep","twitter_site":"@chasquidep","twitter_misc":{"Escrito por":"Redacci\u00f3n Chasqui Deportivo","Tiempo de lectura":"3 minutos"},"schema":{"@context":"https:\/\/schema.org","@graph":[{"@type":"Article","@id":"https:\/\/chasquideportivo.com\/ecrt\/miles-de-hinchas-celebraron-la-segunda-copa-sudamericana-de-liga-de-quito\/#article","isPartOf":{"@id":"https:\/\/chasquideportivo.com\/ecrt\/miles-de-hinchas-celebraron-la-segunda-copa-sudamericana-de-liga-de-quito\/"},"author":{"name":"Redacci\u00f3n Chasqui Deportivo","@id":"https:\/\/chasquideportivo.com\/ecrt\/#\/schema\/person\/33917d530026e458779161ba37af0135"},"headline":"Miles de hinchas celebraron la segunda Copa Sudamericana de Liga de Quito","datePublished":"2023-10-30T22:19:17+00:00","mainEntityOfPage":{"@id":"https:\/\/chasquideportivo.com\/ecrt\/miles-de-hinchas-celebraron-la-segunda-copa-sudamericana-de-liga-de-quito\/"},"wordCount":578,"commentCount":0,"publisher":{"@id":"https:\/\/chasquideportivo.com\/ecrt\/#organization"},"image":{"@id":"https:\/\/chasquideportivo.com\/ecrt\/miles-de-hinchas-celebraron-la-segunda-copa-sudamericana-de-liga-de-quito\/#primaryimage"},"thumbnailUrl":"https:\/\/chasquideportivo.com\/ecrt\/wp-content\/uploads\/2023\/10\/celebracion-liga.jpg","keywords":["chasqui deportivo","Miles de hibnchas de Liga de Quito celebraron la segunda Copa Sudamericana"],"articleSection":["Golazo"],"inLanguage":"es","potentialAction":[{"@type":"CommentAction","name":"Comment","target":["https:\/\/chasquideportivo.com\/ecrt\/miles-de-hinchas-celebraron-la-segunda-copa-sudamericana-de-liga-de-quito\/#respond"]}]},{"@type":"WebPage","@id":"https:\/\/chasquideportivo.com\/ecrt\/miles-de-hinchas-celebraron-la-segunda-copa-sudamericana-de-liga-de-quito\/","url":"https:\/\/chasquideportivo.com\/ecrt\/miles-de-hinchas-celebraron-la-segunda-copa-sudamericana-de-liga-de-quito\/","name":"Miles de hinchas celebraron la segunda Copa Sudamericana de Liga de Quito - ChasquiDeportivo","isPartOf":{"@id":"https:\/\/chasquideportivo.com\/ecrt\/#website"},"primaryImageOfPage":{"@id":"https:\/\/chasquideportivo.com\/ecrt\/miles-de-hinchas-celebraron-la-segunda-copa-sudamericana-de-liga-de-quito\/#primaryimage"},"image":{"@id":"https:\/\/chasquideportivo.com\/ecrt\/miles-de-hinchas-celebraron-la-segunda-copa-sudamericana-de-liga-de-quito\/#primaryimage"},"thumbnailUrl":"https:\/\/chasquideportivo.com\/ecrt\/wp-content\/uploads\/2023\/10\/celebracion-liga.jpg","datePublished":"2023-10-30T22:19:17+00:00","description":"Chasqui Deportivo | Informaci\u00f3n y comunicaci\u00f3n, reportajes, noticias, entrevistas en el \u00e1rea del deporte local, nacional.","breadcrumb":{"@id":"https:\/\/chasquideportivo.com\/ecrt\/miles-de-hinchas-celebraron-la-segunda-copa-sudamericana-de-liga-de-quito\/#breadcrumb"},"inLanguage":"es","potentialAction":[{"@type":"ReadAction","target":["https:\/\/chasquideportivo.com\/ecrt\/miles-de-hinchas-celebraron-la-segunda-copa-sudamericana-de-liga-de-quito\/"]}]},{"@type":"ImageObject","inLanguage":"es","@id":"https:\/\/chasquideportivo.com\/ecrt\/miles-de-hinchas-celebraron-la-segunda-copa-sudamericana-de-liga-de-quito\/#primaryimage","url":"https:\/\/chasquideportivo.com\/ecrt\/wp-content\/uploads\/2023\/10\/celebracion-liga.jpg","contentUrl":"https:\/\/chasquideportivo.com\/ecrt\/wp-content\/uploads\/2023\/10\/celebracion-liga.jpg","width":465,"height":319},{"@type":"BreadcrumbList","@id":"https:\/\/chasquideportivo.com\/ecrt\/miles-de-hinchas-celebraron-la-segunda-copa-sudamericana-de-liga-de-quito\/#breadcrumb","itemListElement":[{"@type":"ListItem","position":1,"name":"Portada | Chasqui Deportivo","item":"https:\/\/chasquideportivo.com\/ecrt\/"},{"@type":"ListItem","position":2,"name":"Archivo","item":"https:\/\/chasquideportivo.com\/ecrt\/category\/archivo\/"},{"@type":"ListItem","position":3,"name":"Golazo","item":"https:\/\/chasquideportivo.com\/ecrt\/category\/archivo\/golazo\/"},{"@type":"ListItem","position":4,"name":"Miles de hinchas celebraron la segunda Copa Sudamericana de Liga de Quito"}]},{"@type":"WebSite","@id":"https:\/\/chasquideportivo.com\/ecrt\/#website","url":"https:\/\/chasquideportivo.com\/ecrt\/","name":"ChasquiDeportivo","description":"Informaci&oacute;n y comunicaci&oacute;n, reportajes, noticias, entrevistas en el &aacute;rea del deporte local, nacional.","publisher":{"@id":"https:\/\/chasquideportivo.com\/ecrt\/#organization"},"potentialAction":[{"@type":"SearchAction","target":{"@type":"EntryPoint","urlTemplate":"https:\/\/chasquideportivo.com\/ecrt\/?s={search_term_string}"},"query-input":{"@type":"PropertyValueSpecification","valueRequired":true,"valueName":"search_term_string"}}],"inLanguage":"es"},{"@type":"Organization","@id":"https:\/\/chasquideportivo.com\/ecrt\/#organization","name":"Chasqui Deportivo","url":"https:\/\/chasquideportivo.com\/ecrt\/","logo":{"@type":"ImageObject","inLanguage":"es","@id":"https:\/\/chasquideportivo.com\/ecrt\/#\/schema\/logo\/image\/","url":"https:\/\/chasquideportivo.com\/ecrt\/wp-content\/uploads\/2022\/01\/logo-vertical.jpg","contentUrl":"https:\/\/chasquideportivo.com\/ecrt\/wp-content\/uploads\/2022\/01\/logo-vertical.jpg","width":612,"height":750,"caption":"Chasqui Deportivo"},"image":{"@id":"https:\/\/chasquideportivo.com\/ecrt\/#\/schema\/logo\/image\/"},"sameAs":["https:\/\/www.facebook.com\/chasquideportivo","https:\/\/x.com\/chasquidep","https:\/\/www.instagram.com\/chasquideportivo.ec","https:\/\/www.youtube.com\/channel\/UCGY8M-csHuxJuGRt4XrV90Q"]},{"@type":"Person","@id":"https:\/\/chasquideportivo.com\/ecrt\/#\/schema\/person\/33917d530026e458779161ba37af0135","name":"Redacci\u00f3n Chasqui Deportivo","image":{"@type":"ImageObject","inLanguage":"es","@id":"https:\/\/secure.gravatar.com\/avatar\/7eb0ecd9938a9f50328ab097af6f56b5e3a84cecb09256bdb75ac402bc1d935b?s=96&d=mm&r=g","url":"https:\/\/secure.gravatar.com\/avatar\/7eb0ecd9938a9f50328ab097af6f56b5e3a84cecb09256bdb75ac402bc1d935b?s=96&d=mm&r=g","contentUrl":"https:\/\/secure.gravatar.com\/avatar\/7eb0ecd9938a9f50328ab097af6f56b5e3a84cecb09256bdb75ac402bc1d935b?s=96&d=mm&r=g","caption":"Redacci\u00f3n Chasqui Deportivo"},"sameAs":["http:\/\/www.chasquideportivo.com\/ecrt"],"url":"https:\/\/chasquideportivo.com\/ecrt\/author\/cachito\/"}]}},"_links":{"self":[{"href":"https:\/\/chasquideportivo.com\/ecrt\/wp-json\/wp\/v2\/posts\/13363","targetHints":{"allow":["GET"]}}],"collection":[{"href":"https:\/\/chasquideportivo.com\/ecrt\/wp-json\/wp\/v2\/posts"}],"about":[{"href":"https:\/\/chasquideportivo.com\/ecrt\/wp-json\/wp\/v2\/types\/post"}],"author":[{"embeddable":true,"href":"https:\/\/chasquideportivo.com\/ecrt\/wp-json\/wp\/v2\/users\/2"}],"replies":[{"embeddable":true,"href":"https:\/\/chasquideportivo.com\/ecrt\/wp-json\/wp\/v2\/comments?post=13363"}],"version-history":[{"count":1,"href":"https:\/\/chasquideportivo.com\/ecrt\/wp-json\/wp\/v2\/posts\/13363\/revisions"}],"predecessor-version":[{"id":13365,"href":"https:\/\/chasquideportivo.com\/ecrt\/wp-json\/wp\/v2\/posts\/13363\/revisions\/13365"}],"wp:featuredmedia":[{"embeddable":true,"href":"https:\/\/chasquideportivo.com\/ecrt\/wp-json\/wp\/v2\/media\/13364"}],"wp:attachment":[{"href":"https:\/\/chasquideportivo.com\/ecrt\/wp-json\/wp\/v2\/media?parent=13363"}],"wp:term":[{"taxonomy":"category","embeddable":true,"href":"https:\/\/chasquideportivo.com\/ecrt\/wp-json\/wp\/v2\/categories?post=13363"},{"taxonomy":"post_tag","embeddable":true,"href":"https:\/\/chasquideportivo.com\/ecrt\/wp-json\/wp\/v2\/tags?post=13363"}],"curies":[{"name":"wp","href":"https:\/\/api.w.org\/{rel}","templated":true}]}}