{"id":13350,"date":"2023-10-26T12:55:22","date_gmt":"2023-10-26T12:55:22","guid":{"rendered":"https:\/\/chasquideportivo.com\/ecrt\/?p=13350"},"modified":"2023-10-26T12:55:22","modified_gmt":"2023-10-26T12:55:22","slug":"ecuador-debuta-ante-indonesia-en-el-mundial-de-futbol-sub-17","status":"publish","type":"post","link":"https:\/\/chasquideportivo.com\/ecrt\/ecuador-debuta-ante-indonesia-en-el-mundial-de-futbol-sub-17\/","title":{"rendered":"Ecuador debuta ante Indonesia en el Mundial de F\u00fatbol sub 17"},"content":{"rendered":"<p>El seleccionador sub&#8217;17 de Ecuador, Diego Mart\u00ednez, advirti\u00f3 que Indonesia, anfitri\u00f3n del Mundial de la categor\u00eda, ser\u00e1 un fuerte rival para sus pupilos en el debut, este 10 de noviembre.<!--more--><\/p>\n<p>Mart\u00ednez admiti\u00f3 que dispone de poca informaci\u00f3n sobre la selecci\u00f3n de Indonesia, pero anticip\u00f3 que las primeras informaciones que ha recogido confirman que se trata de un equipo dif\u00edcil.<img loading=\"lazy\" decoding=\"async\" class=\"size-medium wp-image-13351 alignleft\" src=\"https:\/\/chasquideportivo.com\/ecrt\/wp-content\/uploads\/2023\/10\/sub-17-2-2023-300x217.jpg\" alt=\"\" width=\"300\" height=\"217\" \/><\/p>\n<p>&#8220;De Indonesia ya hemos hecho un an\u00e1lisis, no ha sido f\u00e1cil encontrar informaci\u00f3n, tenemos v\u00eddeos de algunos partidos. Es un equipo muy competitivo, que ser\u00e1 fuerte siendo local, en su estadio y con su gente. Ser\u00e1 un lindo partido para nuestro debut&#8221;, dijo.<\/p>\n<p>Indonesia y Ecuador han sido emparejados en Grupo A junto con las selecciones de Panam\u00e1 y Marruecos.<\/p>\n<p>&#8220;Indonesia compite muy bien, Marruecos es el subcampe\u00f3n de \u00c1frica, ambos con largos procesos, y Panam\u00e1 tambi\u00e9n es un muy buen equipo al que ya hemos enfrentado&#8221;, record\u00f3.<\/p>\n<p>&#8220;Sabemos que las expectativas de los aficionados son grandes para este torneo, tambi\u00e9n son grandes para nosotros. Queremos hacer un gran torneo, mostrar nuestro m\u00e1ximo nivel y eso viene desde los jugadores, pues son ellos los que sienten esas ganas y esa capacidad de hacer un gran torneo&#8221;, dijo el entrenador del equipo subcampe\u00f3n de Sudam\u00e9rica.<\/p>\n<p>Destac\u00f3 el refuerzo de cinco jugadores que ha recibido la plantilla que qued\u00f3 en el segundo puesto, detr\u00e1s de Brasil, del torneo sudamericano disputado en marzo pasado en Ecuador.<\/p>\n<p>&#8220;Este grupo de jugadores esta mucho m\u00e1s maduro, con mayor profesionalismo, lo que nos da mucha alegr\u00eda por el salto que han dado en sus carreras y en sus, vidas en general&#8221;, dijo.<\/p>\n<p>El jugador Michael Berm\u00fadez, indic\u00f3 que el equipo &#8220;ha venido trabajando muy bien. &#8220;Estamos haciendo una muy buena dupla con Allen Obando, conocemos muy bien nuestros estilos de juego y hemos analizado v\u00eddeos a las defensas que nos tocar\u00e1 enfrentar en la fase de grupos&#8221;, a\u00f1adi\u00f3.<\/p>\n<p>Si bien lament\u00f3 la ausencia de Kendry P\u00e1ez, explic\u00f3 que se debe al salto de calidad que ha dado al convertirse en habitual de la selecci\u00f3n absoluta.<\/p>\n<p>P\u00e1ez debut\u00f3 este a\u00f1o con Independiente del Valle, con el que ha anotado tres goles.<\/p>\n<p>Tambi\u00e9n debut\u00f3 y anot\u00f3 un gol con el equipo nacional absoluto de Ecuador, raz\u00f3n por la que no fue convocado a la sub&#8217;17 para el Mundial de Indonesia. EFE<\/p>\n","protected":false},"excerpt":{"rendered":"<p>El seleccionador sub&#8217;17 de Ecuador, Diego Mart\u00ednez, advirti\u00f3 que Indonesia, anfitri\u00f3n del Mundial de la categor\u00eda, ser\u00e1 un fuerte rival para sus pupilos en el debut, este 10 de noviembre.<\/p>\n","protected":false},"author":2,"featured_media":13351,"comment_status":"open","ping_status":"open","sticky":false,"template":"","format":"standard","meta":{"_et_pb_use_builder":"","_et_pb_old_content":"","_et_gb_content_width":"","footnotes":""},"categories":[59],"tags":[22,1134],"class_list":["post-13350","post","type-post","status-publish","format-standard","has-post-thumbnail","hentry","category-editorial","tag-chasqui-deportivo","tag-ecuador-debuta-ante-indonesia-en-el-mundial-de-futbol-sub-17"],"yoast_head":"<!-- This site is optimized with the Yoast SEO plugin v27.4 - https:\/\/yoast.com\/product\/yoast-seo-wordpress\/ -->\n<title>Ecuador debuta ante Indonesia en el Mundial de F\u00fatbol sub 17 - ChasquiDeportivo<\/title>\n<meta name=\"description\" content=\"Chasqui Deportivo | Informaci\u00f3n y comunicaci\u00f3n, reportajes, noticias, entrevistas en el \u00e1rea del deporte local, nacional.\" \/>\n<meta name=\"robots\" content=\"index, follow, max-snippet:-1, max-image-preview:large, max-video-preview:-1\" \/>\n<link rel=\"canonical\" href=\"https:\/\/chasquideportivo.com\/ecrt\/ecuador-debuta-ante-indonesia-en-el-mundial-de-futbol-sub-17\/\" \/>\n<meta property=\"og:locale\" content=\"es_ES\" \/>\n<meta property=\"og:type\" content=\"article\" \/>\n<meta property=\"og:title\" content=\"Ecuador debuta ante Indonesia en el Mundial de F\u00fatbol sub 17 - ChasquiDeportivo\" \/>\n<meta property=\"og:description\" content=\"Chasqui Deportivo | Informaci\u00f3n y comunicaci\u00f3n, reportajes, noticias, entrevistas en el \u00e1rea del deporte local, nacional.\" \/>\n<meta property=\"og:url\" content=\"https:\/\/chasquideportivo.com\/ecrt\/ecuador-debuta-ante-indonesia-en-el-mundial-de-futbol-sub-17\/\" \/>\n<meta property=\"og:site_name\" content=\"ChasquiDeportivo\" \/>\n<meta property=\"article:publisher\" content=\"https:\/\/www.facebook.com\/chasquideportivo\" \/>\n<meta property=\"article:published_time\" content=\"2023-10-26T12:55:22+00:00\" \/>\n<meta property=\"og:image\" content=\"https:\/\/chasquideportivo.com\/ecrt\/wp-content\/uploads\/2023\/10\/sub-17-2-2023.jpg\" \/>\n\t<meta property=\"og:image:width\" content=\"1000\" \/>\n\t<meta property=\"og:image:height\" content=\"723\" \/>\n\t<meta property=\"og:image:type\" content=\"image\/jpeg\" \/>\n<meta name=\"author\" content=\"Redacci\u00f3n Chasqui Deportivo\" \/>\n<meta name=\"twitter:card\" content=\"summary_large_image\" \/>\n<meta name=\"twitter:creator\" content=\"@chasquidep\" \/>\n<meta name=\"twitter:site\" content=\"@chasquidep\" \/>\n<meta name=\"twitter:label1\" content=\"Escrito por\" \/>\n\t<meta name=\"twitter:data1\" content=\"Redacci\u00f3n Chasqui Deportivo\" \/>\n\t<meta name=\"twitter:label2\" content=\"Tiempo de lectura\" \/>\n\t<meta name=\"twitter:data2\" content=\"2 minutos\" \/>\n<script type=\"application\/ld+json\" class=\"yoast-schema-graph\">{\"@context\":\"https:\\\/\\\/schema.org\",\"@graph\":[{\"@type\":\"Article\",\"@id\":\"https:\\\/\\\/chasquideportivo.com\\\/ecrt\\\/ecuador-debuta-ante-indonesia-en-el-mundial-de-futbol-sub-17\\\/#article\",\"isPartOf\":{\"@id\":\"https:\\\/\\\/chasquideportivo.com\\\/ecrt\\\/ecuador-debuta-ante-indonesia-en-el-mundial-de-futbol-sub-17\\\/\"},\"author\":{\"name\":\"Redacci\u00f3n Chasqui Deportivo\",\"@id\":\"https:\\\/\\\/chasquideportivo.com\\\/ecrt\\\/#\\\/schema\\\/person\\\/33917d530026e458779161ba37af0135\"},\"headline\":\"Ecuador debuta ante Indonesia en el Mundial de F\u00fatbol sub 17\",\"datePublished\":\"2023-10-26T12:55:22+00:00\",\"mainEntityOfPage\":{\"@id\":\"https:\\\/\\\/chasquideportivo.com\\\/ecrt\\\/ecuador-debuta-ante-indonesia-en-el-mundial-de-futbol-sub-17\\\/\"},\"wordCount\":421,\"commentCount\":0,\"publisher\":{\"@id\":\"https:\\\/\\\/chasquideportivo.com\\\/ecrt\\\/#organization\"},\"image\":{\"@id\":\"https:\\\/\\\/chasquideportivo.com\\\/ecrt\\\/ecuador-debuta-ante-indonesia-en-el-mundial-de-futbol-sub-17\\\/#primaryimage\"},\"thumbnailUrl\":\"https:\\\/\\\/chasquideportivo.com\\\/ecrt\\\/wp-content\\\/uploads\\\/2023\\\/10\\\/sub-17-2-2023.jpg\",\"keywords\":[\"chasqui deportivo\",\"Ecuador debuta ante Indonesia en el Mundial de F\u00fatbol sub 17\"],\"articleSection\":[\"Editorial\"],\"inLanguage\":\"es\",\"potentialAction\":[{\"@type\":\"CommentAction\",\"name\":\"Comment\",\"target\":[\"https:\\\/\\\/chasquideportivo.com\\\/ecrt\\\/ecuador-debuta-ante-indonesia-en-el-mundial-de-futbol-sub-17\\\/#respond\"]}]},{\"@type\":\"WebPage\",\"@id\":\"https:\\\/\\\/chasquideportivo.com\\\/ecrt\\\/ecuador-debuta-ante-indonesia-en-el-mundial-de-futbol-sub-17\\\/\",\"url\":\"https:\\\/\\\/chasquideportivo.com\\\/ecrt\\\/ecuador-debuta-ante-indonesia-en-el-mundial-de-futbol-sub-17\\\/\",\"name\":\"Ecuador debuta ante Indonesia en el Mundial de F\u00fatbol sub 17 - ChasquiDeportivo\",\"isPartOf\":{\"@id\":\"https:\\\/\\\/chasquideportivo.com\\\/ecrt\\\/#website\"},\"primaryImageOfPage\":{\"@id\":\"https:\\\/\\\/chasquideportivo.com\\\/ecrt\\\/ecuador-debuta-ante-indonesia-en-el-mundial-de-futbol-sub-17\\\/#primaryimage\"},\"image\":{\"@id\":\"https:\\\/\\\/chasquideportivo.com\\\/ecrt\\\/ecuador-debuta-ante-indonesia-en-el-mundial-de-futbol-sub-17\\\/#primaryimage\"},\"thumbnailUrl\":\"https:\\\/\\\/chasquideportivo.com\\\/ecrt\\\/wp-content\\\/uploads\\\/2023\\\/10\\\/sub-17-2-2023.jpg\",\"datePublished\":\"2023-10-26T12:55:22+00:00\",\"description\":\"Chasqui Deportivo | Informaci\u00f3n y comunicaci\u00f3n, reportajes, noticias, entrevistas en el \u00e1rea del deporte local, nacional.\",\"breadcrumb\":{\"@id\":\"https:\\\/\\\/chasquideportivo.com\\\/ecrt\\\/ecuador-debuta-ante-indonesia-en-el-mundial-de-futbol-sub-17\\\/#breadcrumb\"},\"inLanguage\":\"es\",\"potentialAction\":[{\"@type\":\"ReadAction\",\"target\":[\"https:\\\/\\\/chasquideportivo.com\\\/ecrt\\\/ecuador-debuta-ante-indonesia-en-el-mundial-de-futbol-sub-17\\\/\"]}]},{\"@type\":\"ImageObject\",\"inLanguage\":\"es\",\"@id\":\"https:\\\/\\\/chasquideportivo.com\\\/ecrt\\\/ecuador-debuta-ante-indonesia-en-el-mundial-de-futbol-sub-17\\\/#primaryimage\",\"url\":\"https:\\\/\\\/chasquideportivo.com\\\/ecrt\\\/wp-content\\\/uploads\\\/2023\\\/10\\\/sub-17-2-2023.jpg\",\"contentUrl\":\"https:\\\/\\\/chasquideportivo.com\\\/ecrt\\\/wp-content\\\/uploads\\\/2023\\\/10\\\/sub-17-2-2023.jpg\",\"width\":1000,\"height\":723},{\"@type\":\"BreadcrumbList\",\"@id\":\"https:\\\/\\\/chasquideportivo.com\\\/ecrt\\\/ecuador-debuta-ante-indonesia-en-el-mundial-de-futbol-sub-17\\\/#breadcrumb\",\"itemListElement\":[{\"@type\":\"ListItem\",\"position\":1,\"name\":\"Portada | Chasqui Deportivo\",\"item\":\"https:\\\/\\\/chasquideportivo.com\\\/ecrt\\\/\"},{\"@type\":\"ListItem\",\"position\":2,\"name\":\"Editorial\",\"item\":\"https:\\\/\\\/chasquideportivo.com\\\/ecrt\\\/category\\\/editorial\\\/\"},{\"@type\":\"ListItem\",\"position\":3,\"name\":\"Ecuador debuta ante Indonesia en el Mundial de F\u00fatbol sub 17\"}]},{\"@type\":\"WebSite\",\"@id\":\"https:\\\/\\\/chasquideportivo.com\\\/ecrt\\\/#website\",\"url\":\"https:\\\/\\\/chasquideportivo.com\\\/ecrt\\\/\",\"name\":\"ChasquiDeportivo\",\"description\":\"Informaci&oacute;n y comunicaci&oacute;n, reportajes, noticias, entrevistas en el &aacute;rea del deporte local, nacional.\",\"publisher\":{\"@id\":\"https:\\\/\\\/chasquideportivo.com\\\/ecrt\\\/#organization\"},\"potentialAction\":[{\"@type\":\"SearchAction\",\"target\":{\"@type\":\"EntryPoint\",\"urlTemplate\":\"https:\\\/\\\/chasquideportivo.com\\\/ecrt\\\/?s={search_term_string}\"},\"query-input\":{\"@type\":\"PropertyValueSpecification\",\"valueRequired\":true,\"valueName\":\"search_term_string\"}}],\"inLanguage\":\"es\"},{\"@type\":\"Organization\",\"@id\":\"https:\\\/\\\/chasquideportivo.com\\\/ecrt\\\/#organization\",\"name\":\"Chasqui Deportivo\",\"url\":\"https:\\\/\\\/chasquideportivo.com\\\/ecrt\\\/\",\"logo\":{\"@type\":\"ImageObject\",\"inLanguage\":\"es\",\"@id\":\"https:\\\/\\\/chasquideportivo.com\\\/ecrt\\\/#\\\/schema\\\/logo\\\/image\\\/\",\"url\":\"https:\\\/\\\/chasquideportivo.com\\\/ecrt\\\/wp-content\\\/uploads\\\/2022\\\/01\\\/logo-vertical.jpg\",\"contentUrl\":\"https:\\\/\\\/chasquideportivo.com\\\/ecrt\\\/wp-content\\\/uploads\\\/2022\\\/01\\\/logo-vertical.jpg\",\"width\":612,\"height\":750,\"caption\":\"Chasqui Deportivo\"},\"image\":{\"@id\":\"https:\\\/\\\/chasquideportivo.com\\\/ecrt\\\/#\\\/schema\\\/logo\\\/image\\\/\"},\"sameAs\":[\"https:\\\/\\\/www.facebook.com\\\/chasquideportivo\",\"https:\\\/\\\/x.com\\\/chasquidep\",\"https:\\\/\\\/www.instagram.com\\\/chasquideportivo.ec\",\"https:\\\/\\\/www.youtube.com\\\/channel\\\/UCGY8M-csHuxJuGRt4XrV90Q\"]},{\"@type\":\"Person\",\"@id\":\"https:\\\/\\\/chasquideportivo.com\\\/ecrt\\\/#\\\/schema\\\/person\\\/33917d530026e458779161ba37af0135\",\"name\":\"Redacci\u00f3n Chasqui Deportivo\",\"image\":{\"@type\":\"ImageObject\",\"inLanguage\":\"es\",\"@id\":\"https:\\\/\\\/secure.gravatar.com\\\/avatar\\\/7eb0ecd9938a9f50328ab097af6f56b5e3a84cecb09256bdb75ac402bc1d935b?s=96&d=mm&r=g\",\"url\":\"https:\\\/\\\/secure.gravatar.com\\\/avatar\\\/7eb0ecd9938a9f50328ab097af6f56b5e3a84cecb09256bdb75ac402bc1d935b?s=96&d=mm&r=g\",\"contentUrl\":\"https:\\\/\\\/secure.gravatar.com\\\/avatar\\\/7eb0ecd9938a9f50328ab097af6f56b5e3a84cecb09256bdb75ac402bc1d935b?s=96&d=mm&r=g\",\"caption\":\"Redacci\u00f3n Chasqui Deportivo\"},\"sameAs\":[\"http:\\\/\\\/www.chasquideportivo.com\\\/ecrt\"],\"url\":\"https:\\\/\\\/chasquideportivo.com\\\/ecrt\\\/author\\\/cachito\\\/\"}]}<\/script>\n<!-- \/ Yoast SEO plugin. -->","yoast_head_json":{"title":"Ecuador debuta ante Indonesia en el Mundial de F\u00fatbol sub 17 - ChasquiDeportivo","description":"Chasqui Deportivo | Informaci\u00f3n y comunicaci\u00f3n, reportajes, noticias, entrevistas en el \u00e1rea del deporte local, nacional.","robots":{"index":"index","follow":"follow","max-snippet":"max-snippet:-1","max-image-preview":"max-image-preview:large","max-video-preview":"max-video-preview:-1"},"canonical":"https:\/\/chasquideportivo.com\/ecrt\/ecuador-debuta-ante-indonesia-en-el-mundial-de-futbol-sub-17\/","og_locale":"es_ES","og_type":"article","og_title":"Ecuador debuta ante Indonesia en el Mundial de F\u00fatbol sub 17 - ChasquiDeportivo","og_description":"Chasqui Deportivo | Informaci\u00f3n y comunicaci\u00f3n, reportajes, noticias, entrevistas en el \u00e1rea del deporte local, nacional.","og_url":"https:\/\/chasquideportivo.com\/ecrt\/ecuador-debuta-ante-indonesia-en-el-mundial-de-futbol-sub-17\/","og_site_name":"ChasquiDeportivo","article_publisher":"https:\/\/www.facebook.com\/chasquideportivo","article_published_time":"2023-10-26T12:55:22+00:00","og_image":[{"width":1000,"height":723,"url":"https:\/\/chasquideportivo.com\/ecrt\/wp-content\/uploads\/2023\/10\/sub-17-2-2023.jpg","type":"image\/jpeg"}],"author":"Redacci\u00f3n Chasqui Deportivo","twitter_card":"summary_large_image","twitter_creator":"@chasquidep","twitter_site":"@chasquidep","twitter_misc":{"Escrito por":"Redacci\u00f3n Chasqui Deportivo","Tiempo de lectura":"2 minutos"},"schema":{"@context":"https:\/\/schema.org","@graph":[{"@type":"Article","@id":"https:\/\/chasquideportivo.com\/ecrt\/ecuador-debuta-ante-indonesia-en-el-mundial-de-futbol-sub-17\/#article","isPartOf":{"@id":"https:\/\/chasquideportivo.com\/ecrt\/ecuador-debuta-ante-indonesia-en-el-mundial-de-futbol-sub-17\/"},"author":{"name":"Redacci\u00f3n Chasqui Deportivo","@id":"https:\/\/chasquideportivo.com\/ecrt\/#\/schema\/person\/33917d530026e458779161ba37af0135"},"headline":"Ecuador debuta ante Indonesia en el Mundial de F\u00fatbol sub 17","datePublished":"2023-10-26T12:55:22+00:00","mainEntityOfPage":{"@id":"https:\/\/chasquideportivo.com\/ecrt\/ecuador-debuta-ante-indonesia-en-el-mundial-de-futbol-sub-17\/"},"wordCount":421,"commentCount":0,"publisher":{"@id":"https:\/\/chasquideportivo.com\/ecrt\/#organization"},"image":{"@id":"https:\/\/chasquideportivo.com\/ecrt\/ecuador-debuta-ante-indonesia-en-el-mundial-de-futbol-sub-17\/#primaryimage"},"thumbnailUrl":"https:\/\/chasquideportivo.com\/ecrt\/wp-content\/uploads\/2023\/10\/sub-17-2-2023.jpg","keywords":["chasqui deportivo","Ecuador debuta ante Indonesia en el Mundial de F\u00fatbol sub 17"],"articleSection":["Editorial"],"inLanguage":"es","potentialAction":[{"@type":"CommentAction","name":"Comment","target":["https:\/\/chasquideportivo.com\/ecrt\/ecuador-debuta-ante-indonesia-en-el-mundial-de-futbol-sub-17\/#respond"]}]},{"@type":"WebPage","@id":"https:\/\/chasquideportivo.com\/ecrt\/ecuador-debuta-ante-indonesia-en-el-mundial-de-futbol-sub-17\/","url":"https:\/\/chasquideportivo.com\/ecrt\/ecuador-debuta-ante-indonesia-en-el-mundial-de-futbol-sub-17\/","name":"Ecuador debuta ante Indonesia en el Mundial de F\u00fatbol sub 17 - ChasquiDeportivo","isPartOf":{"@id":"https:\/\/chasquideportivo.com\/ecrt\/#website"},"primaryImageOfPage":{"@id":"https:\/\/chasquideportivo.com\/ecrt\/ecuador-debuta-ante-indonesia-en-el-mundial-de-futbol-sub-17\/#primaryimage"},"image":{"@id":"https:\/\/chasquideportivo.com\/ecrt\/ecuador-debuta-ante-indonesia-en-el-mundial-de-futbol-sub-17\/#primaryimage"},"thumbnailUrl":"https:\/\/chasquideportivo.com\/ecrt\/wp-content\/uploads\/2023\/10\/sub-17-2-2023.jpg","datePublished":"2023-10-26T12:55:22+00:00","description":"Chasqui Deportivo | Informaci\u00f3n y comunicaci\u00f3n, reportajes, noticias, entrevistas en el \u00e1rea del deporte local, nacional.","breadcrumb":{"@id":"https:\/\/chasquideportivo.com\/ecrt\/ecuador-debuta-ante-indonesia-en-el-mundial-de-futbol-sub-17\/#breadcrumb"},"inLanguage":"es","potentialAction":[{"@type":"ReadAction","target":["https:\/\/chasquideportivo.com\/ecrt\/ecuador-debuta-ante-indonesia-en-el-mundial-de-futbol-sub-17\/"]}]},{"@type":"ImageObject","inLanguage":"es","@id":"https:\/\/chasquideportivo.com\/ecrt\/ecuador-debuta-ante-indonesia-en-el-mundial-de-futbol-sub-17\/#primaryimage","url":"https:\/\/chasquideportivo.com\/ecrt\/wp-content\/uploads\/2023\/10\/sub-17-2-2023.jpg","contentUrl":"https:\/\/chasquideportivo.com\/ecrt\/wp-content\/uploads\/2023\/10\/sub-17-2-2023.jpg","width":1000,"height":723},{"@type":"BreadcrumbList","@id":"https:\/\/chasquideportivo.com\/ecrt\/ecuador-debuta-ante-indonesia-en-el-mundial-de-futbol-sub-17\/#breadcrumb","itemListElement":[{"@type":"ListItem","position":1,"name":"Portada | Chasqui Deportivo","item":"https:\/\/chasquideportivo.com\/ecrt\/"},{"@type":"ListItem","position":2,"name":"Editorial","item":"https:\/\/chasquideportivo.com\/ecrt\/category\/editorial\/"},{"@type":"ListItem","position":3,"name":"Ecuador debuta ante Indonesia en el Mundial de F\u00fatbol sub 17"}]},{"@type":"WebSite","@id":"https:\/\/chasquideportivo.com\/ecrt\/#website","url":"https:\/\/chasquideportivo.com\/ecrt\/","name":"ChasquiDeportivo","description":"Informaci&oacute;n y comunicaci&oacute;n, reportajes, noticias, entrevistas en el &aacute;rea del deporte local, nacional.","publisher":{"@id":"https:\/\/chasquideportivo.com\/ecrt\/#organization"},"potentialAction":[{"@type":"SearchAction","target":{"@type":"EntryPoint","urlTemplate":"https:\/\/chasquideportivo.com\/ecrt\/?s={search_term_string}"},"query-input":{"@type":"PropertyValueSpecification","valueRequired":true,"valueName":"search_term_string"}}],"inLanguage":"es"},{"@type":"Organization","@id":"https:\/\/chasquideportivo.com\/ecrt\/#organization","name":"Chasqui Deportivo","url":"https:\/\/chasquideportivo.com\/ecrt\/","logo":{"@type":"ImageObject","inLanguage":"es","@id":"https:\/\/chasquideportivo.com\/ecrt\/#\/schema\/logo\/image\/","url":"https:\/\/chasquideportivo.com\/ecrt\/wp-content\/uploads\/2022\/01\/logo-vertical.jpg","contentUrl":"https:\/\/chasquideportivo.com\/ecrt\/wp-content\/uploads\/2022\/01\/logo-vertical.jpg","width":612,"height":750,"caption":"Chasqui Deportivo"},"image":{"@id":"https:\/\/chasquideportivo.com\/ecrt\/#\/schema\/logo\/image\/"},"sameAs":["https:\/\/www.facebook.com\/chasquideportivo","https:\/\/x.com\/chasquidep","https:\/\/www.instagram.com\/chasquideportivo.ec","https:\/\/www.youtube.com\/channel\/UCGY8M-csHuxJuGRt4XrV90Q"]},{"@type":"Person","@id":"https:\/\/chasquideportivo.com\/ecrt\/#\/schema\/person\/33917d530026e458779161ba37af0135","name":"Redacci\u00f3n Chasqui Deportivo","image":{"@type":"ImageObject","inLanguage":"es","@id":"https:\/\/secure.gravatar.com\/avatar\/7eb0ecd9938a9f50328ab097af6f56b5e3a84cecb09256bdb75ac402bc1d935b?s=96&d=mm&r=g","url":"https:\/\/secure.gravatar.com\/avatar\/7eb0ecd9938a9f50328ab097af6f56b5e3a84cecb09256bdb75ac402bc1d935b?s=96&d=mm&r=g","contentUrl":"https:\/\/secure.gravatar.com\/avatar\/7eb0ecd9938a9f50328ab097af6f56b5e3a84cecb09256bdb75ac402bc1d935b?s=96&d=mm&r=g","caption":"Redacci\u00f3n Chasqui Deportivo"},"sameAs":["http:\/\/www.chasquideportivo.com\/ecrt"],"url":"https:\/\/chasquideportivo.com\/ecrt\/author\/cachito\/"}]}},"_links":{"self":[{"href":"https:\/\/chasquideportivo.com\/ecrt\/wp-json\/wp\/v2\/posts\/13350","targetHints":{"allow":["GET"]}}],"collection":[{"href":"https:\/\/chasquideportivo.com\/ecrt\/wp-json\/wp\/v2\/posts"}],"about":[{"href":"https:\/\/chasquideportivo.com\/ecrt\/wp-json\/wp\/v2\/types\/post"}],"author":[{"embeddable":true,"href":"https:\/\/chasquideportivo.com\/ecrt\/wp-json\/wp\/v2\/users\/2"}],"replies":[{"embeddable":true,"href":"https:\/\/chasquideportivo.com\/ecrt\/wp-json\/wp\/v2\/comments?post=13350"}],"version-history":[{"count":1,"href":"https:\/\/chasquideportivo.com\/ecrt\/wp-json\/wp\/v2\/posts\/13350\/revisions"}],"predecessor-version":[{"id":13352,"href":"https:\/\/chasquideportivo.com\/ecrt\/wp-json\/wp\/v2\/posts\/13350\/revisions\/13352"}],"wp:featuredmedia":[{"embeddable":true,"href":"https:\/\/chasquideportivo.com\/ecrt\/wp-json\/wp\/v2\/media\/13351"}],"wp:attachment":[{"href":"https:\/\/chasquideportivo.com\/ecrt\/wp-json\/wp\/v2\/media?parent=13350"}],"wp:term":[{"taxonomy":"category","embeddable":true,"href":"https:\/\/chasquideportivo.com\/ecrt\/wp-json\/wp\/v2\/categories?post=13350"},{"taxonomy":"post_tag","embeddable":true,"href":"https:\/\/chasquideportivo.com\/ecrt\/wp-json\/wp\/v2\/tags?post=13350"}],"curies":[{"name":"wp","href":"https:\/\/api.w.org\/{rel}","templated":true}]}}