{"id":13346,"date":"2023-10-25T21:18:42","date_gmt":"2023-10-25T21:18:42","guid":{"rendered":"https:\/\/chasquideportivo.com\/ecrt\/?p=13346"},"modified":"2023-10-25T21:18:42","modified_gmt":"2023-10-25T21:18:42","slug":"liga-de-quito-viajo-a-uruguay-por-su-quinto-titulo-internacional","status":"publish","type":"post","link":"https:\/\/chasquideportivo.com\/ecrt\/liga-de-quito-viajo-a-uruguay-por-su-quinto-titulo-internacional\/","title":{"rendered":"Liga de Quito viaj\u00f3 a Uruguay por su quinto t\u00edtulo internacional"},"content":{"rendered":"<p>Liga de Quito viaj\u00f3 este mi\u00e9rcoles a Uruguay para disputar el pr\u00f3ximo s\u00e1bado en Punta del Este la final de la Copa Sudamericana, su octava final internacional en la que buscar\u00e1 contra el Fortaleza brasile\u00f1o la quinta estrella en su escudo.<!--more--><\/p>\n<p>El equipo y varios invitados, como exganadores de los anteriores t\u00edtulos continentales del &#8220;Rey de Copas&#8221; de Ecuador, viajaron en dos vuelos ch\u00e1rter con la idea de que el equipo dirigido por el argentino Luis Zubeld\u00eda se enfoque de lleno en la final.<img loading=\"lazy\" decoding=\"async\" class=\"size-medium wp-image-13347 alignleft\" src=\"https:\/\/chasquideportivo.com\/ecrt\/wp-content\/uploads\/2023\/10\/jugada-2023-286x300.jpg\" alt=\"\" width=\"286\" height=\"300\" \/><\/p>\n<p>Adem\u00e1s de haber ganado la Copa Libertadores de 2008, la Copa Sudamericana de 2009 y las Recopas Sudamericanas de 2009 y 2010, Liga disput\u00f3 tambi\u00e9n la final del Mundial de Clubes de 2008 ante el Manchester United, de Inglaterra, la Copa Suruga Bank, contra el Tokio y la final de la Sudamericana de 2011, ante Universidad de Chile.<\/p>\n<p>El cuadro ecuatoriano vive su mejor momento futbol\u00edstico, que se refleja no solo en haber accedido a la final de la Sudamericana, sino tambi\u00e9n encontrarse con la mejor opci\u00f3n para ganar la segunda fase de la Liga ecuatoriana, en procura del t\u00edtulo de este a\u00f1o a nivel local.<\/p>\n<p>Para llegar a la final de la Sudamericana, Liga elimin\u00f3 primer en la fase local a Delf\u00edn y luego gan\u00f3 la fase de grupos por sobre el Botafogo, de Brasil; el Magallanes, de Chile; y el C\u00e9sar Vallejo, de Per\u00fa.<\/p>\n<p>En los octavos de final se deshizo del \u00d1\u00fablense, de Chile; y en cuartos del Sao Paulo, de Brasil; mientras que en semifinales elimin\u00f3 al Defensa y Justicia argentino.<\/p>\n<p>El pasado lunes se despidi\u00f3 del torneo local con victoria por 1-0 sobre Emelec, que le permiti\u00f3 quedar a un punto del l\u00edder, Barcelona, que tiene 19 unidades, pero con un partido pendiente ante Universidad Cat\u00f3lica, que lo cumplir\u00e1 el pr\u00f3ximo 1 de noviembre en su vuelta a la Liga ecuatoriana.<\/p>\n<p>&#8220;Ser\u00e1 un partido dur\u00edsimo, vamos a disfrutarlo ante un rival que juega muy bien. Va a ser el sue\u00f1o de ellos contra el nuestro, el que lo cuide mejor se quedar\u00e1 con la victoria&#8221;, se\u00f1al\u00f3 el haitiano Ricardo Ad\u00e9 y a\u00f1adi\u00f3: &#8220;habr\u00e1 que estar muy concentrados y dar la vida para traer la Copa a Ecuador&#8221;.<\/p>\n<p>Tambi\u00e9n dijo que ha visto el resumen de varios partido disputados por el Fortaleza y que se ve que se trata de un buen equipo, que en ataque tiene un atacante que se mueve para todos lados, pero que Liga sabe jugar ese tipo de partidos con orden en defensa y en ataque.<\/p>\n<p>Por su parte, el argentino Facundo Rodr\u00edguez asever\u00f3 que ser\u00e1 importante, durante el partido, no dejarse arrastrar por esa bola de ansiedad, disfrutar al m\u00e1ximo de la final que para \u00e9l y otros compa\u00f1eros ser\u00e1 la primera.<\/p>\n<p>&#8220;Las cosas est\u00e1n saliendo y ahora lo que quedar\u00e1 ser\u00e1 alcanzar nuestro quinto t\u00edtulo&#8221;, indic\u00f3 Jos\u00e9 Quintero.<\/p>\n<p>Zubeld\u00eda, que dirige al equipo desde abril del a\u00f1o pasado, ha logrado ensamblar una plantilla donde se mezclan la juventud con la experiencia, entre ecuatorianos y el aporte importantes de cuatro argentinos, un haitiano, un peruano y un venezolano.<\/p>\n<p>Refuerzan al &#8220;Rey de Copas&#8221; de Ecuador los argentinos Rodr\u00edguez, Ezequiel Piovi, Mauricio Mart\u00ednez, Lisandro Alzugaray; el haitiano Ad\u00e9, el peruano Paolo Guerrero y el venezolano Jan Hurtado.<\/p>\n<p>La probable alineaci\u00f3n para enfrentar al debutante en una final, el Fortaleza, ser\u00eda la siguiente: Alexander Dom\u00ednguez; Jos\u00e9 Quintero, Ricardo Ad\u00e9, Facundo Rodr\u00edguez, Leonel Qui\u00f1\u00f3nez; Lucas Ezequiel Piovi, Mauricio Mart\u00ednez, Renato Ibarra, Alexander Alvarado o Sebati\u00e1n Gonz\u00e1lez; Jhojan Julio y Paolo Guerrero.EFE<\/p>\n","protected":false},"excerpt":{"rendered":"<p>Liga de Quito viaj\u00f3 este mi\u00e9rcoles a Uruguay para disputar el pr\u00f3ximo s\u00e1bado en Punta del Este la final de la Copa Sudamericana, su octava final internacional en la que buscar\u00e1 contra el Fortaleza brasile\u00f1o la quinta estrella en su escudo.<\/p>\n","protected":false},"author":2,"featured_media":13347,"comment_status":"open","ping_status":"open","sticky":false,"template":"","format":"standard","meta":{"_et_pb_use_builder":"","_et_pb_old_content":"","_et_gb_content_width":"","footnotes":""},"categories":[18],"tags":[22,1133],"class_list":["post-13346","post","type-post","status-publish","format-standard","has-post-thumbnail","hentry","category-golazo","tag-chasqui-deportivo","tag-liga-de-quito-viajo-a-uruguay-por-su-quinto-titulo-internacional"],"yoast_head":"<!-- This site is optimized with the Yoast SEO plugin v27.4 - https:\/\/yoast.com\/product\/yoast-seo-wordpress\/ -->\n<title>Liga de Quito viaj\u00f3 a Uruguay por su quinto t\u00edtulo internacional - ChasquiDeportivo<\/title>\n<meta name=\"description\" content=\"Chasqui Deportivo | Informaci\u00f3n y comunicaci\u00f3n, reportajes, noticias, entrevistas en el \u00e1rea del deporte local, nacional.\" \/>\n<meta name=\"robots\" content=\"index, follow, max-snippet:-1, max-image-preview:large, max-video-preview:-1\" \/>\n<link rel=\"canonical\" href=\"https:\/\/chasquideportivo.com\/ecrt\/liga-de-quito-viajo-a-uruguay-por-su-quinto-titulo-internacional\/\" \/>\n<meta property=\"og:locale\" content=\"es_ES\" \/>\n<meta property=\"og:type\" content=\"article\" \/>\n<meta property=\"og:title\" content=\"Liga de Quito viaj\u00f3 a Uruguay por su quinto t\u00edtulo internacional - ChasquiDeportivo\" \/>\n<meta property=\"og:description\" content=\"Chasqui Deportivo | Informaci\u00f3n y comunicaci\u00f3n, reportajes, noticias, entrevistas en el \u00e1rea del deporte local, nacional.\" \/>\n<meta property=\"og:url\" content=\"https:\/\/chasquideportivo.com\/ecrt\/liga-de-quito-viajo-a-uruguay-por-su-quinto-titulo-internacional\/\" \/>\n<meta property=\"og:site_name\" content=\"ChasquiDeportivo\" \/>\n<meta property=\"article:publisher\" content=\"https:\/\/www.facebook.com\/chasquideportivo\" \/>\n<meta property=\"article:published_time\" content=\"2023-10-25T21:18:42+00:00\" \/>\n<meta property=\"og:image\" content=\"https:\/\/chasquideportivo.com\/ecrt\/wp-content\/uploads\/2023\/10\/jugada-2023.jpg\" \/>\n\t<meta property=\"og:image:width\" content=\"1142\" \/>\n\t<meta property=\"og:image:height\" content=\"1199\" \/>\n\t<meta property=\"og:image:type\" content=\"image\/jpeg\" \/>\n<meta name=\"author\" content=\"Redacci\u00f3n Chasqui Deportivo\" \/>\n<meta name=\"twitter:card\" content=\"summary_large_image\" \/>\n<meta name=\"twitter:creator\" content=\"@chasquidep\" \/>\n<meta name=\"twitter:site\" content=\"@chasquidep\" \/>\n<meta name=\"twitter:label1\" content=\"Escrito por\" \/>\n\t<meta name=\"twitter:data1\" content=\"Redacci\u00f3n Chasqui Deportivo\" \/>\n\t<meta name=\"twitter:label2\" content=\"Tiempo de lectura\" \/>\n\t<meta name=\"twitter:data2\" content=\"3 minutos\" \/>\n<script type=\"application\/ld+json\" class=\"yoast-schema-graph\">{\"@context\":\"https:\\\/\\\/schema.org\",\"@graph\":[{\"@type\":\"Article\",\"@id\":\"https:\\\/\\\/chasquideportivo.com\\\/ecrt\\\/liga-de-quito-viajo-a-uruguay-por-su-quinto-titulo-internacional\\\/#article\",\"isPartOf\":{\"@id\":\"https:\\\/\\\/chasquideportivo.com\\\/ecrt\\\/liga-de-quito-viajo-a-uruguay-por-su-quinto-titulo-internacional\\\/\"},\"author\":{\"name\":\"Redacci\u00f3n Chasqui Deportivo\",\"@id\":\"https:\\\/\\\/chasquideportivo.com\\\/ecrt\\\/#\\\/schema\\\/person\\\/33917d530026e458779161ba37af0135\"},\"headline\":\"Liga de Quito viaj\u00f3 a Uruguay por su quinto t\u00edtulo internacional\",\"datePublished\":\"2023-10-25T21:18:42+00:00\",\"mainEntityOfPage\":{\"@id\":\"https:\\\/\\\/chasquideportivo.com\\\/ecrt\\\/liga-de-quito-viajo-a-uruguay-por-su-quinto-titulo-internacional\\\/\"},\"wordCount\":628,\"commentCount\":0,\"publisher\":{\"@id\":\"https:\\\/\\\/chasquideportivo.com\\\/ecrt\\\/#organization\"},\"image\":{\"@id\":\"https:\\\/\\\/chasquideportivo.com\\\/ecrt\\\/liga-de-quito-viajo-a-uruguay-por-su-quinto-titulo-internacional\\\/#primaryimage\"},\"thumbnailUrl\":\"https:\\\/\\\/chasquideportivo.com\\\/ecrt\\\/wp-content\\\/uploads\\\/2023\\\/10\\\/jugada-2023.jpg\",\"keywords\":[\"chasqui deportivo\",\"Liga de Quito viaj\u00f3 a Uruguay por su quinto t\u00edtulo internacional\"],\"articleSection\":[\"Golazo\"],\"inLanguage\":\"es\",\"potentialAction\":[{\"@type\":\"CommentAction\",\"name\":\"Comment\",\"target\":[\"https:\\\/\\\/chasquideportivo.com\\\/ecrt\\\/liga-de-quito-viajo-a-uruguay-por-su-quinto-titulo-internacional\\\/#respond\"]}]},{\"@type\":\"WebPage\",\"@id\":\"https:\\\/\\\/chasquideportivo.com\\\/ecrt\\\/liga-de-quito-viajo-a-uruguay-por-su-quinto-titulo-internacional\\\/\",\"url\":\"https:\\\/\\\/chasquideportivo.com\\\/ecrt\\\/liga-de-quito-viajo-a-uruguay-por-su-quinto-titulo-internacional\\\/\",\"name\":\"Liga de Quito viaj\u00f3 a Uruguay por su quinto t\u00edtulo internacional - ChasquiDeportivo\",\"isPartOf\":{\"@id\":\"https:\\\/\\\/chasquideportivo.com\\\/ecrt\\\/#website\"},\"primaryImageOfPage\":{\"@id\":\"https:\\\/\\\/chasquideportivo.com\\\/ecrt\\\/liga-de-quito-viajo-a-uruguay-por-su-quinto-titulo-internacional\\\/#primaryimage\"},\"image\":{\"@id\":\"https:\\\/\\\/chasquideportivo.com\\\/ecrt\\\/liga-de-quito-viajo-a-uruguay-por-su-quinto-titulo-internacional\\\/#primaryimage\"},\"thumbnailUrl\":\"https:\\\/\\\/chasquideportivo.com\\\/ecrt\\\/wp-content\\\/uploads\\\/2023\\\/10\\\/jugada-2023.jpg\",\"datePublished\":\"2023-10-25T21:18:42+00:00\",\"description\":\"Chasqui Deportivo | Informaci\u00f3n y comunicaci\u00f3n, reportajes, noticias, entrevistas en el \u00e1rea del deporte local, nacional.\",\"breadcrumb\":{\"@id\":\"https:\\\/\\\/chasquideportivo.com\\\/ecrt\\\/liga-de-quito-viajo-a-uruguay-por-su-quinto-titulo-internacional\\\/#breadcrumb\"},\"inLanguage\":\"es\",\"potentialAction\":[{\"@type\":\"ReadAction\",\"target\":[\"https:\\\/\\\/chasquideportivo.com\\\/ecrt\\\/liga-de-quito-viajo-a-uruguay-por-su-quinto-titulo-internacional\\\/\"]}]},{\"@type\":\"ImageObject\",\"inLanguage\":\"es\",\"@id\":\"https:\\\/\\\/chasquideportivo.com\\\/ecrt\\\/liga-de-quito-viajo-a-uruguay-por-su-quinto-titulo-internacional\\\/#primaryimage\",\"url\":\"https:\\\/\\\/chasquideportivo.com\\\/ecrt\\\/wp-content\\\/uploads\\\/2023\\\/10\\\/jugada-2023.jpg\",\"contentUrl\":\"https:\\\/\\\/chasquideportivo.com\\\/ecrt\\\/wp-content\\\/uploads\\\/2023\\\/10\\\/jugada-2023.jpg\",\"width\":1142,\"height\":1199},{\"@type\":\"BreadcrumbList\",\"@id\":\"https:\\\/\\\/chasquideportivo.com\\\/ecrt\\\/liga-de-quito-viajo-a-uruguay-por-su-quinto-titulo-internacional\\\/#breadcrumb\",\"itemListElement\":[{\"@type\":\"ListItem\",\"position\":1,\"name\":\"Portada | Chasqui Deportivo\",\"item\":\"https:\\\/\\\/chasquideportivo.com\\\/ecrt\\\/\"},{\"@type\":\"ListItem\",\"position\":2,\"name\":\"Archivo\",\"item\":\"https:\\\/\\\/chasquideportivo.com\\\/ecrt\\\/category\\\/archivo\\\/\"},{\"@type\":\"ListItem\",\"position\":3,\"name\":\"Golazo\",\"item\":\"https:\\\/\\\/chasquideportivo.com\\\/ecrt\\\/category\\\/archivo\\\/golazo\\\/\"},{\"@type\":\"ListItem\",\"position\":4,\"name\":\"Liga de Quito viaj\u00f3 a Uruguay por su quinto t\u00edtulo internacional\"}]},{\"@type\":\"WebSite\",\"@id\":\"https:\\\/\\\/chasquideportivo.com\\\/ecrt\\\/#website\",\"url\":\"https:\\\/\\\/chasquideportivo.com\\\/ecrt\\\/\",\"name\":\"ChasquiDeportivo\",\"description\":\"Informaci&oacute;n y comunicaci&oacute;n, reportajes, noticias, entrevistas en el &aacute;rea del deporte local, nacional.\",\"publisher\":{\"@id\":\"https:\\\/\\\/chasquideportivo.com\\\/ecrt\\\/#organization\"},\"potentialAction\":[{\"@type\":\"SearchAction\",\"target\":{\"@type\":\"EntryPoint\",\"urlTemplate\":\"https:\\\/\\\/chasquideportivo.com\\\/ecrt\\\/?s={search_term_string}\"},\"query-input\":{\"@type\":\"PropertyValueSpecification\",\"valueRequired\":true,\"valueName\":\"search_term_string\"}}],\"inLanguage\":\"es\"},{\"@type\":\"Organization\",\"@id\":\"https:\\\/\\\/chasquideportivo.com\\\/ecrt\\\/#organization\",\"name\":\"Chasqui Deportivo\",\"url\":\"https:\\\/\\\/chasquideportivo.com\\\/ecrt\\\/\",\"logo\":{\"@type\":\"ImageObject\",\"inLanguage\":\"es\",\"@id\":\"https:\\\/\\\/chasquideportivo.com\\\/ecrt\\\/#\\\/schema\\\/logo\\\/image\\\/\",\"url\":\"https:\\\/\\\/chasquideportivo.com\\\/ecrt\\\/wp-content\\\/uploads\\\/2022\\\/01\\\/logo-vertical.jpg\",\"contentUrl\":\"https:\\\/\\\/chasquideportivo.com\\\/ecrt\\\/wp-content\\\/uploads\\\/2022\\\/01\\\/logo-vertical.jpg\",\"width\":612,\"height\":750,\"caption\":\"Chasqui Deportivo\"},\"image\":{\"@id\":\"https:\\\/\\\/chasquideportivo.com\\\/ecrt\\\/#\\\/schema\\\/logo\\\/image\\\/\"},\"sameAs\":[\"https:\\\/\\\/www.facebook.com\\\/chasquideportivo\",\"https:\\\/\\\/x.com\\\/chasquidep\",\"https:\\\/\\\/www.instagram.com\\\/chasquideportivo.ec\",\"https:\\\/\\\/www.youtube.com\\\/channel\\\/UCGY8M-csHuxJuGRt4XrV90Q\"]},{\"@type\":\"Person\",\"@id\":\"https:\\\/\\\/chasquideportivo.com\\\/ecrt\\\/#\\\/schema\\\/person\\\/33917d530026e458779161ba37af0135\",\"name\":\"Redacci\u00f3n Chasqui Deportivo\",\"image\":{\"@type\":\"ImageObject\",\"inLanguage\":\"es\",\"@id\":\"https:\\\/\\\/secure.gravatar.com\\\/avatar\\\/7eb0ecd9938a9f50328ab097af6f56b5e3a84cecb09256bdb75ac402bc1d935b?s=96&d=mm&r=g\",\"url\":\"https:\\\/\\\/secure.gravatar.com\\\/avatar\\\/7eb0ecd9938a9f50328ab097af6f56b5e3a84cecb09256bdb75ac402bc1d935b?s=96&d=mm&r=g\",\"contentUrl\":\"https:\\\/\\\/secure.gravatar.com\\\/avatar\\\/7eb0ecd9938a9f50328ab097af6f56b5e3a84cecb09256bdb75ac402bc1d935b?s=96&d=mm&r=g\",\"caption\":\"Redacci\u00f3n Chasqui Deportivo\"},\"sameAs\":[\"http:\\\/\\\/www.chasquideportivo.com\\\/ecrt\"],\"url\":\"https:\\\/\\\/chasquideportivo.com\\\/ecrt\\\/author\\\/cachito\\\/\"}]}<\/script>\n<!-- \/ Yoast SEO plugin. -->","yoast_head_json":{"title":"Liga de Quito viaj\u00f3 a Uruguay por su quinto t\u00edtulo internacional - ChasquiDeportivo","description":"Chasqui Deportivo | Informaci\u00f3n y comunicaci\u00f3n, reportajes, noticias, entrevistas en el \u00e1rea del deporte local, nacional.","robots":{"index":"index","follow":"follow","max-snippet":"max-snippet:-1","max-image-preview":"max-image-preview:large","max-video-preview":"max-video-preview:-1"},"canonical":"https:\/\/chasquideportivo.com\/ecrt\/liga-de-quito-viajo-a-uruguay-por-su-quinto-titulo-internacional\/","og_locale":"es_ES","og_type":"article","og_title":"Liga de Quito viaj\u00f3 a Uruguay por su quinto t\u00edtulo internacional - ChasquiDeportivo","og_description":"Chasqui Deportivo | Informaci\u00f3n y comunicaci\u00f3n, reportajes, noticias, entrevistas en el \u00e1rea del deporte local, nacional.","og_url":"https:\/\/chasquideportivo.com\/ecrt\/liga-de-quito-viajo-a-uruguay-por-su-quinto-titulo-internacional\/","og_site_name":"ChasquiDeportivo","article_publisher":"https:\/\/www.facebook.com\/chasquideportivo","article_published_time":"2023-10-25T21:18:42+00:00","og_image":[{"width":1142,"height":1199,"url":"https:\/\/chasquideportivo.com\/ecrt\/wp-content\/uploads\/2023\/10\/jugada-2023.jpg","type":"image\/jpeg"}],"author":"Redacci\u00f3n Chasqui Deportivo","twitter_card":"summary_large_image","twitter_creator":"@chasquidep","twitter_site":"@chasquidep","twitter_misc":{"Escrito por":"Redacci\u00f3n Chasqui Deportivo","Tiempo de lectura":"3 minutos"},"schema":{"@context":"https:\/\/schema.org","@graph":[{"@type":"Article","@id":"https:\/\/chasquideportivo.com\/ecrt\/liga-de-quito-viajo-a-uruguay-por-su-quinto-titulo-internacional\/#article","isPartOf":{"@id":"https:\/\/chasquideportivo.com\/ecrt\/liga-de-quito-viajo-a-uruguay-por-su-quinto-titulo-internacional\/"},"author":{"name":"Redacci\u00f3n Chasqui Deportivo","@id":"https:\/\/chasquideportivo.com\/ecrt\/#\/schema\/person\/33917d530026e458779161ba37af0135"},"headline":"Liga de Quito viaj\u00f3 a Uruguay por su quinto t\u00edtulo internacional","datePublished":"2023-10-25T21:18:42+00:00","mainEntityOfPage":{"@id":"https:\/\/chasquideportivo.com\/ecrt\/liga-de-quito-viajo-a-uruguay-por-su-quinto-titulo-internacional\/"},"wordCount":628,"commentCount":0,"publisher":{"@id":"https:\/\/chasquideportivo.com\/ecrt\/#organization"},"image":{"@id":"https:\/\/chasquideportivo.com\/ecrt\/liga-de-quito-viajo-a-uruguay-por-su-quinto-titulo-internacional\/#primaryimage"},"thumbnailUrl":"https:\/\/chasquideportivo.com\/ecrt\/wp-content\/uploads\/2023\/10\/jugada-2023.jpg","keywords":["chasqui deportivo","Liga de Quito viaj\u00f3 a Uruguay por su quinto t\u00edtulo internacional"],"articleSection":["Golazo"],"inLanguage":"es","potentialAction":[{"@type":"CommentAction","name":"Comment","target":["https:\/\/chasquideportivo.com\/ecrt\/liga-de-quito-viajo-a-uruguay-por-su-quinto-titulo-internacional\/#respond"]}]},{"@type":"WebPage","@id":"https:\/\/chasquideportivo.com\/ecrt\/liga-de-quito-viajo-a-uruguay-por-su-quinto-titulo-internacional\/","url":"https:\/\/chasquideportivo.com\/ecrt\/liga-de-quito-viajo-a-uruguay-por-su-quinto-titulo-internacional\/","name":"Liga de Quito viaj\u00f3 a Uruguay por su quinto t\u00edtulo internacional - ChasquiDeportivo","isPartOf":{"@id":"https:\/\/chasquideportivo.com\/ecrt\/#website"},"primaryImageOfPage":{"@id":"https:\/\/chasquideportivo.com\/ecrt\/liga-de-quito-viajo-a-uruguay-por-su-quinto-titulo-internacional\/#primaryimage"},"image":{"@id":"https:\/\/chasquideportivo.com\/ecrt\/liga-de-quito-viajo-a-uruguay-por-su-quinto-titulo-internacional\/#primaryimage"},"thumbnailUrl":"https:\/\/chasquideportivo.com\/ecrt\/wp-content\/uploads\/2023\/10\/jugada-2023.jpg","datePublished":"2023-10-25T21:18:42+00:00","description":"Chasqui Deportivo | Informaci\u00f3n y comunicaci\u00f3n, reportajes, noticias, entrevistas en el \u00e1rea del deporte local, nacional.","breadcrumb":{"@id":"https:\/\/chasquideportivo.com\/ecrt\/liga-de-quito-viajo-a-uruguay-por-su-quinto-titulo-internacional\/#breadcrumb"},"inLanguage":"es","potentialAction":[{"@type":"ReadAction","target":["https:\/\/chasquideportivo.com\/ecrt\/liga-de-quito-viajo-a-uruguay-por-su-quinto-titulo-internacional\/"]}]},{"@type":"ImageObject","inLanguage":"es","@id":"https:\/\/chasquideportivo.com\/ecrt\/liga-de-quito-viajo-a-uruguay-por-su-quinto-titulo-internacional\/#primaryimage","url":"https:\/\/chasquideportivo.com\/ecrt\/wp-content\/uploads\/2023\/10\/jugada-2023.jpg","contentUrl":"https:\/\/chasquideportivo.com\/ecrt\/wp-content\/uploads\/2023\/10\/jugada-2023.jpg","width":1142,"height":1199},{"@type":"BreadcrumbList","@id":"https:\/\/chasquideportivo.com\/ecrt\/liga-de-quito-viajo-a-uruguay-por-su-quinto-titulo-internacional\/#breadcrumb","itemListElement":[{"@type":"ListItem","position":1,"name":"Portada | Chasqui Deportivo","item":"https:\/\/chasquideportivo.com\/ecrt\/"},{"@type":"ListItem","position":2,"name":"Archivo","item":"https:\/\/chasquideportivo.com\/ecrt\/category\/archivo\/"},{"@type":"ListItem","position":3,"name":"Golazo","item":"https:\/\/chasquideportivo.com\/ecrt\/category\/archivo\/golazo\/"},{"@type":"ListItem","position":4,"name":"Liga de Quito viaj\u00f3 a Uruguay por su quinto t\u00edtulo internacional"}]},{"@type":"WebSite","@id":"https:\/\/chasquideportivo.com\/ecrt\/#website","url":"https:\/\/chasquideportivo.com\/ecrt\/","name":"ChasquiDeportivo","description":"Informaci&oacute;n y comunicaci&oacute;n, reportajes, noticias, entrevistas en el &aacute;rea del deporte local, nacional.","publisher":{"@id":"https:\/\/chasquideportivo.com\/ecrt\/#organization"},"potentialAction":[{"@type":"SearchAction","target":{"@type":"EntryPoint","urlTemplate":"https:\/\/chasquideportivo.com\/ecrt\/?s={search_term_string}"},"query-input":{"@type":"PropertyValueSpecification","valueRequired":true,"valueName":"search_term_string"}}],"inLanguage":"es"},{"@type":"Organization","@id":"https:\/\/chasquideportivo.com\/ecrt\/#organization","name":"Chasqui Deportivo","url":"https:\/\/chasquideportivo.com\/ecrt\/","logo":{"@type":"ImageObject","inLanguage":"es","@id":"https:\/\/chasquideportivo.com\/ecrt\/#\/schema\/logo\/image\/","url":"https:\/\/chasquideportivo.com\/ecrt\/wp-content\/uploads\/2022\/01\/logo-vertical.jpg","contentUrl":"https:\/\/chasquideportivo.com\/ecrt\/wp-content\/uploads\/2022\/01\/logo-vertical.jpg","width":612,"height":750,"caption":"Chasqui Deportivo"},"image":{"@id":"https:\/\/chasquideportivo.com\/ecrt\/#\/schema\/logo\/image\/"},"sameAs":["https:\/\/www.facebook.com\/chasquideportivo","https:\/\/x.com\/chasquidep","https:\/\/www.instagram.com\/chasquideportivo.ec","https:\/\/www.youtube.com\/channel\/UCGY8M-csHuxJuGRt4XrV90Q"]},{"@type":"Person","@id":"https:\/\/chasquideportivo.com\/ecrt\/#\/schema\/person\/33917d530026e458779161ba37af0135","name":"Redacci\u00f3n Chasqui Deportivo","image":{"@type":"ImageObject","inLanguage":"es","@id":"https:\/\/secure.gravatar.com\/avatar\/7eb0ecd9938a9f50328ab097af6f56b5e3a84cecb09256bdb75ac402bc1d935b?s=96&d=mm&r=g","url":"https:\/\/secure.gravatar.com\/avatar\/7eb0ecd9938a9f50328ab097af6f56b5e3a84cecb09256bdb75ac402bc1d935b?s=96&d=mm&r=g","contentUrl":"https:\/\/secure.gravatar.com\/avatar\/7eb0ecd9938a9f50328ab097af6f56b5e3a84cecb09256bdb75ac402bc1d935b?s=96&d=mm&r=g","caption":"Redacci\u00f3n Chasqui Deportivo"},"sameAs":["http:\/\/www.chasquideportivo.com\/ecrt"],"url":"https:\/\/chasquideportivo.com\/ecrt\/author\/cachito\/"}]}},"_links":{"self":[{"href":"https:\/\/chasquideportivo.com\/ecrt\/wp-json\/wp\/v2\/posts\/13346","targetHints":{"allow":["GET"]}}],"collection":[{"href":"https:\/\/chasquideportivo.com\/ecrt\/wp-json\/wp\/v2\/posts"}],"about":[{"href":"https:\/\/chasquideportivo.com\/ecrt\/wp-json\/wp\/v2\/types\/post"}],"author":[{"embeddable":true,"href":"https:\/\/chasquideportivo.com\/ecrt\/wp-json\/wp\/v2\/users\/2"}],"replies":[{"embeddable":true,"href":"https:\/\/chasquideportivo.com\/ecrt\/wp-json\/wp\/v2\/comments?post=13346"}],"version-history":[{"count":1,"href":"https:\/\/chasquideportivo.com\/ecrt\/wp-json\/wp\/v2\/posts\/13346\/revisions"}],"predecessor-version":[{"id":13348,"href":"https:\/\/chasquideportivo.com\/ecrt\/wp-json\/wp\/v2\/posts\/13346\/revisions\/13348"}],"wp:featuredmedia":[{"embeddable":true,"href":"https:\/\/chasquideportivo.com\/ecrt\/wp-json\/wp\/v2\/media\/13347"}],"wp:attachment":[{"href":"https:\/\/chasquideportivo.com\/ecrt\/wp-json\/wp\/v2\/media?parent=13346"}],"wp:term":[{"taxonomy":"category","embeddable":true,"href":"https:\/\/chasquideportivo.com\/ecrt\/wp-json\/wp\/v2\/categories?post=13346"},{"taxonomy":"post_tag","embeddable":true,"href":"https:\/\/chasquideportivo.com\/ecrt\/wp-json\/wp\/v2\/tags?post=13346"}],"curies":[{"name":"wp","href":"https:\/\/api.w.org\/{rel}","templated":true}]}}