{"id":13343,"date":"2023-10-24T23:27:17","date_gmt":"2023-10-24T23:27:17","guid":{"rendered":"https:\/\/chasquideportivo.com\/ecrt\/?p=13343"},"modified":"2023-10-24T23:27:17","modified_gmt":"2023-10-24T23:27:17","slug":"picalqui-saca-la-cara-en-la-cuarta-fecha-del-futbol-provincial","status":"publish","type":"post","link":"https:\/\/chasquideportivo.com\/ecrt\/picalqui-saca-la-cara-en-la-cuarta-fecha-del-futbol-provincial\/","title":{"rendered":"Picalqu\u00ed saca la cara en la cuarta fecha del f\u00fatbol provincial"},"content":{"rendered":"<p>El pasado s\u00e1bado se jug\u00f3 la pen\u00faltima fecha de la fase grupos del torneo de f\u00fatbol, comunitario, provincial organizado por la Fedebyp. Se registraron goleadas en varios cotejos. Este fin de semana se jugar\u00e1 la \u00faltima fecha de la primera fase y se conocer\u00e1 los clasificados a la segunda etapa.<!--more--><br \/>\nLos equipos de Picalqui, Nantes, Juventus, y Juventud Cat\u00f3lica fueron los m\u00e1s efectivos en la jornada que se desarroll\u00f3 en varias sedes. <img loading=\"lazy\" decoding=\"async\" class=\"size-medium wp-image-13344 alignleft\" src=\"https:\/\/chasquideportivo.com\/ecrt\/wp-content\/uploads\/2023\/10\/IMG_3084-300x245.jpg\" alt=\"\" width=\"300\" height=\"245\" \/><\/p>\n<p>Resultados s\u00e1bado 21 \u00a0\u00a0s\u00e9nior\u00a0 cuarta fecha<\/p>\n<table>\n<tbody>\n<tr>\n<td width=\"123\">Juventus<\/td>\n<td width=\"76\">5 -2<\/td>\n<td width=\"142\">Pe\u00f1arol x<\/td>\n<\/tr>\n<tr>\n<td width=\"123\">Tranera<\/td>\n<td width=\"76\">1-4<\/td>\n<td width=\"142\">Brasil x<\/td>\n<\/tr>\n<tr>\n<td width=\"123\">R. Solaya<\/td>\n<td width=\"76\">2-2<\/td>\n<td width=\"142\">At. Estudiantilx<\/td>\n<\/tr>\n<tr>\n<td width=\"123\">Picalqui<\/td>\n<td width=\"76\">8 &#8211; 1<\/td>\n<td width=\"142\">Nacional x<\/td>\n<\/tr>\n<tr>\n<td width=\"123\">La Joya<\/td>\n<td width=\"76\">2 -6<\/td>\n<td width=\"142\">Nantes \u00a0x<\/td>\n<\/tr>\n<tr>\n<td width=\"123\">S\u00faper Manabas<\/td>\n<td width=\"76\">1-3<\/td>\n<td width=\"142\">Los Pumas x<\/td>\n<\/tr>\n<\/tbody>\n<\/table>\n<p>&nbsp;<\/p>\n<p>Resultados s\u00e1bado \u00a021\u00a0 s\u00e9nior\u00a0 cuarta fecha<\/p>\n<p>&nbsp;<\/p>\n<table>\n<tbody>\n<tr>\n<td width=\"123\">Salinas<\/td>\n<td width=\"76\">1-\u00a0\u00a0\u00a0\u00a0\u00a0 6<\/td>\n<td width=\"142\">Juventud C. x<\/td>\n<\/tr>\n<tr>\n<td width=\"123\">San Pancracio<\/td>\n<td width=\"76\">3 &#8211; 2<\/td>\n<td width=\"142\">Protecziona x<\/td>\n<\/tr>\n<tr>\n<td width=\"123\">&nbsp;<\/td>\n<td width=\"76\">&nbsp;<\/td>\n<td width=\"142\">&nbsp;<\/td>\n<\/tr>\n<\/tbody>\n<\/table>\n<p>&nbsp;<\/p>\n<p>Resultados categor\u00eda m\u00e1s ter\u00a0 cuarta fecha<\/p>\n<table>\n<tbody>\n<tr>\n<td width=\"123\">Vencedores de Tarqui<\/td>\n<td width=\"76\">2 &#8211; 1<\/td>\n<td width=\"142\">El Tronco x<\/td>\n<\/tr>\n<tr>\n<td width=\"123\">Chanizas<\/td>\n<td width=\"76\">1-1<\/td>\n<td width=\"142\">San Roquex<\/td>\n<\/tr>\n<tr>\n<td width=\"123\">The Brothers<\/td>\n<td width=\"76\">2 &#8211; 1<\/td>\n<td width=\"142\">Bernabe x<\/td>\n<\/tr>\n<tr>\n<td width=\"123\">Bellavista C. 8<\/td>\n<td width=\"76\">0-5<\/td>\n<td width=\"142\">At. Andoas x<\/td>\n<\/tr>\n<tr>\n<td width=\"123\">&nbsp;<\/td>\n<td width=\"76\">&nbsp;<\/td>\n<td width=\"142\">&nbsp;<\/td>\n<\/tr>\n<\/tbody>\n<\/table>\n<p>&nbsp;<\/p>\n<p>&nbsp;<\/p>\n","protected":false},"excerpt":{"rendered":"<p>El pasado s\u00e1bado se jug\u00f3 la pen\u00faltima fecha de la fase grupos del torneo de f\u00fatbol, comunitario, provincial organizado por la Fedebyp. Se registraron goleadas en varios cotejos. Este fin de semana se jugar\u00e1 la \u00faltima fecha de la primera fase y se conocer\u00e1 los clasificados a la segunda etapa.<\/p>\n","protected":false},"author":2,"featured_media":13344,"comment_status":"open","ping_status":"open","sticky":false,"template":"","format":"standard","meta":{"_et_pb_use_builder":"","_et_pb_old_content":"","_et_gb_content_width":"","footnotes":""},"categories":[56],"tags":[22,1132],"class_list":["post-13343","post","type-post","status-publish","format-standard","has-post-thumbnail","hentry","category-chasqui-barrial-2","tag-chasqui-deportivo","tag-picalqui-saca-la-cara-en-la-cuarta-fecha-del-futbol-provincial-comunitario"],"yoast_head":"<!-- This site is optimized with the Yoast SEO plugin v27.4 - https:\/\/yoast.com\/product\/yoast-seo-wordpress\/ -->\n<title>Picalqu\u00ed saca la cara en la cuarta fecha del f\u00fatbol provincial - ChasquiDeportivo<\/title>\n<meta name=\"description\" content=\"Chasqui Deportivo | Informaci\u00f3n y comunicaci\u00f3n, reportajes, noticias, entrevistas en el \u00e1rea del deporte local, nacional.\" \/>\n<meta name=\"robots\" content=\"index, follow, max-snippet:-1, max-image-preview:large, max-video-preview:-1\" \/>\n<link rel=\"canonical\" href=\"https:\/\/chasquideportivo.com\/ecrt\/picalqui-saca-la-cara-en-la-cuarta-fecha-del-futbol-provincial\/\" \/>\n<meta property=\"og:locale\" content=\"es_ES\" \/>\n<meta property=\"og:type\" content=\"article\" \/>\n<meta property=\"og:title\" content=\"Picalqu\u00ed saca la cara en la cuarta fecha del f\u00fatbol provincial - ChasquiDeportivo\" \/>\n<meta property=\"og:description\" content=\"Chasqui Deportivo | Informaci\u00f3n y comunicaci\u00f3n, reportajes, noticias, entrevistas en el \u00e1rea del deporte local, nacional.\" \/>\n<meta property=\"og:url\" content=\"https:\/\/chasquideportivo.com\/ecrt\/picalqui-saca-la-cara-en-la-cuarta-fecha-del-futbol-provincial\/\" \/>\n<meta property=\"og:site_name\" content=\"ChasquiDeportivo\" \/>\n<meta property=\"article:publisher\" content=\"https:\/\/www.facebook.com\/chasquideportivo\" \/>\n<meta property=\"article:published_time\" content=\"2023-10-24T23:27:17+00:00\" \/>\n<meta property=\"og:image\" content=\"https:\/\/chasquideportivo.com\/ecrt\/wp-content\/uploads\/2023\/10\/IMG_3084.jpg\" \/>\n\t<meta property=\"og:image:width\" content=\"1000\" \/>\n\t<meta property=\"og:image:height\" content=\"818\" \/>\n\t<meta property=\"og:image:type\" content=\"image\/jpeg\" \/>\n<meta name=\"author\" content=\"Redacci\u00f3n Chasqui Deportivo\" \/>\n<meta name=\"twitter:card\" content=\"summary_large_image\" \/>\n<meta name=\"twitter:creator\" content=\"@chasquidep\" \/>\n<meta name=\"twitter:site\" content=\"@chasquidep\" \/>\n<meta name=\"twitter:label1\" content=\"Escrito por\" \/>\n\t<meta name=\"twitter:data1\" content=\"Redacci\u00f3n Chasqui Deportivo\" \/>\n\t<meta name=\"twitter:label2\" content=\"Tiempo de lectura\" \/>\n\t<meta name=\"twitter:data2\" content=\"1 minuto\" \/>\n<script type=\"application\/ld+json\" class=\"yoast-schema-graph\">{\"@context\":\"https:\\\/\\\/schema.org\",\"@graph\":[{\"@type\":\"Article\",\"@id\":\"https:\\\/\\\/chasquideportivo.com\\\/ecrt\\\/picalqui-saca-la-cara-en-la-cuarta-fecha-del-futbol-provincial\\\/#article\",\"isPartOf\":{\"@id\":\"https:\\\/\\\/chasquideportivo.com\\\/ecrt\\\/picalqui-saca-la-cara-en-la-cuarta-fecha-del-futbol-provincial\\\/\"},\"author\":{\"name\":\"Redacci\u00f3n Chasqui Deportivo\",\"@id\":\"https:\\\/\\\/chasquideportivo.com\\\/ecrt\\\/#\\\/schema\\\/person\\\/33917d530026e458779161ba37af0135\"},\"headline\":\"Picalqu\u00ed saca la cara en la cuarta fecha del f\u00fatbol provincial\",\"datePublished\":\"2023-10-24T23:27:17+00:00\",\"mainEntityOfPage\":{\"@id\":\"https:\\\/\\\/chasquideportivo.com\\\/ecrt\\\/picalqui-saca-la-cara-en-la-cuarta-fecha-del-futbol-provincial\\\/\"},\"wordCount\":184,\"commentCount\":0,\"publisher\":{\"@id\":\"https:\\\/\\\/chasquideportivo.com\\\/ecrt\\\/#organization\"},\"image\":{\"@id\":\"https:\\\/\\\/chasquideportivo.com\\\/ecrt\\\/picalqui-saca-la-cara-en-la-cuarta-fecha-del-futbol-provincial\\\/#primaryimage\"},\"thumbnailUrl\":\"https:\\\/\\\/chasquideportivo.com\\\/ecrt\\\/wp-content\\\/uploads\\\/2023\\\/10\\\/IMG_3084.jpg\",\"keywords\":[\"chasqui deportivo\",\"Picalqu\u00ed saca la cara en la cuarta fecha del f\u00fatbol provincial comunitario\"],\"articleSection\":[\"Chasqui Barrial\"],\"inLanguage\":\"es\",\"potentialAction\":[{\"@type\":\"CommentAction\",\"name\":\"Comment\",\"target\":[\"https:\\\/\\\/chasquideportivo.com\\\/ecrt\\\/picalqui-saca-la-cara-en-la-cuarta-fecha-del-futbol-provincial\\\/#respond\"]}]},{\"@type\":\"WebPage\",\"@id\":\"https:\\\/\\\/chasquideportivo.com\\\/ecrt\\\/picalqui-saca-la-cara-en-la-cuarta-fecha-del-futbol-provincial\\\/\",\"url\":\"https:\\\/\\\/chasquideportivo.com\\\/ecrt\\\/picalqui-saca-la-cara-en-la-cuarta-fecha-del-futbol-provincial\\\/\",\"name\":\"Picalqu\u00ed saca la cara en la cuarta fecha del f\u00fatbol provincial - ChasquiDeportivo\",\"isPartOf\":{\"@id\":\"https:\\\/\\\/chasquideportivo.com\\\/ecrt\\\/#website\"},\"primaryImageOfPage\":{\"@id\":\"https:\\\/\\\/chasquideportivo.com\\\/ecrt\\\/picalqui-saca-la-cara-en-la-cuarta-fecha-del-futbol-provincial\\\/#primaryimage\"},\"image\":{\"@id\":\"https:\\\/\\\/chasquideportivo.com\\\/ecrt\\\/picalqui-saca-la-cara-en-la-cuarta-fecha-del-futbol-provincial\\\/#primaryimage\"},\"thumbnailUrl\":\"https:\\\/\\\/chasquideportivo.com\\\/ecrt\\\/wp-content\\\/uploads\\\/2023\\\/10\\\/IMG_3084.jpg\",\"datePublished\":\"2023-10-24T23:27:17+00:00\",\"description\":\"Chasqui Deportivo | Informaci\u00f3n y comunicaci\u00f3n, reportajes, noticias, entrevistas en el \u00e1rea del deporte local, nacional.\",\"breadcrumb\":{\"@id\":\"https:\\\/\\\/chasquideportivo.com\\\/ecrt\\\/picalqui-saca-la-cara-en-la-cuarta-fecha-del-futbol-provincial\\\/#breadcrumb\"},\"inLanguage\":\"es\",\"potentialAction\":[{\"@type\":\"ReadAction\",\"target\":[\"https:\\\/\\\/chasquideportivo.com\\\/ecrt\\\/picalqui-saca-la-cara-en-la-cuarta-fecha-del-futbol-provincial\\\/\"]}]},{\"@type\":\"ImageObject\",\"inLanguage\":\"es\",\"@id\":\"https:\\\/\\\/chasquideportivo.com\\\/ecrt\\\/picalqui-saca-la-cara-en-la-cuarta-fecha-del-futbol-provincial\\\/#primaryimage\",\"url\":\"https:\\\/\\\/chasquideportivo.com\\\/ecrt\\\/wp-content\\\/uploads\\\/2023\\\/10\\\/IMG_3084.jpg\",\"contentUrl\":\"https:\\\/\\\/chasquideportivo.com\\\/ecrt\\\/wp-content\\\/uploads\\\/2023\\\/10\\\/IMG_3084.jpg\",\"width\":1000,\"height\":818},{\"@type\":\"BreadcrumbList\",\"@id\":\"https:\\\/\\\/chasquideportivo.com\\\/ecrt\\\/picalqui-saca-la-cara-en-la-cuarta-fecha-del-futbol-provincial\\\/#breadcrumb\",\"itemListElement\":[{\"@type\":\"ListItem\",\"position\":1,\"name\":\"Portada | Chasqui Deportivo\",\"item\":\"https:\\\/\\\/chasquideportivo.com\\\/ecrt\\\/\"},{\"@type\":\"ListItem\",\"position\":2,\"name\":\"Archivo\",\"item\":\"https:\\\/\\\/chasquideportivo.com\\\/ecrt\\\/category\\\/archivo\\\/\"},{\"@type\":\"ListItem\",\"position\":3,\"name\":\"Chasqui Barrial\",\"item\":\"https:\\\/\\\/chasquideportivo.com\\\/ecrt\\\/category\\\/archivo\\\/chasqui-barrial-2\\\/\"},{\"@type\":\"ListItem\",\"position\":4,\"name\":\"Picalqu\u00ed saca la cara en la cuarta fecha del f\u00fatbol provincial\"}]},{\"@type\":\"WebSite\",\"@id\":\"https:\\\/\\\/chasquideportivo.com\\\/ecrt\\\/#website\",\"url\":\"https:\\\/\\\/chasquideportivo.com\\\/ecrt\\\/\",\"name\":\"ChasquiDeportivo\",\"description\":\"Informaci&oacute;n y comunicaci&oacute;n, reportajes, noticias, entrevistas en el &aacute;rea del deporte local, nacional.\",\"publisher\":{\"@id\":\"https:\\\/\\\/chasquideportivo.com\\\/ecrt\\\/#organization\"},\"potentialAction\":[{\"@type\":\"SearchAction\",\"target\":{\"@type\":\"EntryPoint\",\"urlTemplate\":\"https:\\\/\\\/chasquideportivo.com\\\/ecrt\\\/?s={search_term_string}\"},\"query-input\":{\"@type\":\"PropertyValueSpecification\",\"valueRequired\":true,\"valueName\":\"search_term_string\"}}],\"inLanguage\":\"es\"},{\"@type\":\"Organization\",\"@id\":\"https:\\\/\\\/chasquideportivo.com\\\/ecrt\\\/#organization\",\"name\":\"Chasqui Deportivo\",\"url\":\"https:\\\/\\\/chasquideportivo.com\\\/ecrt\\\/\",\"logo\":{\"@type\":\"ImageObject\",\"inLanguage\":\"es\",\"@id\":\"https:\\\/\\\/chasquideportivo.com\\\/ecrt\\\/#\\\/schema\\\/logo\\\/image\\\/\",\"url\":\"https:\\\/\\\/chasquideportivo.com\\\/ecrt\\\/wp-content\\\/uploads\\\/2022\\\/01\\\/logo-vertical.jpg\",\"contentUrl\":\"https:\\\/\\\/chasquideportivo.com\\\/ecrt\\\/wp-content\\\/uploads\\\/2022\\\/01\\\/logo-vertical.jpg\",\"width\":612,\"height\":750,\"caption\":\"Chasqui Deportivo\"},\"image\":{\"@id\":\"https:\\\/\\\/chasquideportivo.com\\\/ecrt\\\/#\\\/schema\\\/logo\\\/image\\\/\"},\"sameAs\":[\"https:\\\/\\\/www.facebook.com\\\/chasquideportivo\",\"https:\\\/\\\/x.com\\\/chasquidep\",\"https:\\\/\\\/www.instagram.com\\\/chasquideportivo.ec\",\"https:\\\/\\\/www.youtube.com\\\/channel\\\/UCGY8M-csHuxJuGRt4XrV90Q\"]},{\"@type\":\"Person\",\"@id\":\"https:\\\/\\\/chasquideportivo.com\\\/ecrt\\\/#\\\/schema\\\/person\\\/33917d530026e458779161ba37af0135\",\"name\":\"Redacci\u00f3n Chasqui Deportivo\",\"image\":{\"@type\":\"ImageObject\",\"inLanguage\":\"es\",\"@id\":\"https:\\\/\\\/secure.gravatar.com\\\/avatar\\\/7eb0ecd9938a9f50328ab097af6f56b5e3a84cecb09256bdb75ac402bc1d935b?s=96&d=mm&r=g\",\"url\":\"https:\\\/\\\/secure.gravatar.com\\\/avatar\\\/7eb0ecd9938a9f50328ab097af6f56b5e3a84cecb09256bdb75ac402bc1d935b?s=96&d=mm&r=g\",\"contentUrl\":\"https:\\\/\\\/secure.gravatar.com\\\/avatar\\\/7eb0ecd9938a9f50328ab097af6f56b5e3a84cecb09256bdb75ac402bc1d935b?s=96&d=mm&r=g\",\"caption\":\"Redacci\u00f3n Chasqui Deportivo\"},\"sameAs\":[\"http:\\\/\\\/www.chasquideportivo.com\\\/ecrt\"],\"url\":\"https:\\\/\\\/chasquideportivo.com\\\/ecrt\\\/author\\\/cachito\\\/\"}]}<\/script>\n<!-- \/ Yoast SEO plugin. -->","yoast_head_json":{"title":"Picalqu\u00ed saca la cara en la cuarta fecha del f\u00fatbol provincial - ChasquiDeportivo","description":"Chasqui Deportivo | Informaci\u00f3n y comunicaci\u00f3n, reportajes, noticias, entrevistas en el \u00e1rea del deporte local, nacional.","robots":{"index":"index","follow":"follow","max-snippet":"max-snippet:-1","max-image-preview":"max-image-preview:large","max-video-preview":"max-video-preview:-1"},"canonical":"https:\/\/chasquideportivo.com\/ecrt\/picalqui-saca-la-cara-en-la-cuarta-fecha-del-futbol-provincial\/","og_locale":"es_ES","og_type":"article","og_title":"Picalqu\u00ed saca la cara en la cuarta fecha del f\u00fatbol provincial - ChasquiDeportivo","og_description":"Chasqui Deportivo | Informaci\u00f3n y comunicaci\u00f3n, reportajes, noticias, entrevistas en el \u00e1rea del deporte local, nacional.","og_url":"https:\/\/chasquideportivo.com\/ecrt\/picalqui-saca-la-cara-en-la-cuarta-fecha-del-futbol-provincial\/","og_site_name":"ChasquiDeportivo","article_publisher":"https:\/\/www.facebook.com\/chasquideportivo","article_published_time":"2023-10-24T23:27:17+00:00","og_image":[{"width":1000,"height":818,"url":"https:\/\/chasquideportivo.com\/ecrt\/wp-content\/uploads\/2023\/10\/IMG_3084.jpg","type":"image\/jpeg"}],"author":"Redacci\u00f3n Chasqui Deportivo","twitter_card":"summary_large_image","twitter_creator":"@chasquidep","twitter_site":"@chasquidep","twitter_misc":{"Escrito por":"Redacci\u00f3n Chasqui Deportivo","Tiempo de lectura":"1 minuto"},"schema":{"@context":"https:\/\/schema.org","@graph":[{"@type":"Article","@id":"https:\/\/chasquideportivo.com\/ecrt\/picalqui-saca-la-cara-en-la-cuarta-fecha-del-futbol-provincial\/#article","isPartOf":{"@id":"https:\/\/chasquideportivo.com\/ecrt\/picalqui-saca-la-cara-en-la-cuarta-fecha-del-futbol-provincial\/"},"author":{"name":"Redacci\u00f3n Chasqui Deportivo","@id":"https:\/\/chasquideportivo.com\/ecrt\/#\/schema\/person\/33917d530026e458779161ba37af0135"},"headline":"Picalqu\u00ed saca la cara en la cuarta fecha del f\u00fatbol provincial","datePublished":"2023-10-24T23:27:17+00:00","mainEntityOfPage":{"@id":"https:\/\/chasquideportivo.com\/ecrt\/picalqui-saca-la-cara-en-la-cuarta-fecha-del-futbol-provincial\/"},"wordCount":184,"commentCount":0,"publisher":{"@id":"https:\/\/chasquideportivo.com\/ecrt\/#organization"},"image":{"@id":"https:\/\/chasquideportivo.com\/ecrt\/picalqui-saca-la-cara-en-la-cuarta-fecha-del-futbol-provincial\/#primaryimage"},"thumbnailUrl":"https:\/\/chasquideportivo.com\/ecrt\/wp-content\/uploads\/2023\/10\/IMG_3084.jpg","keywords":["chasqui deportivo","Picalqu\u00ed saca la cara en la cuarta fecha del f\u00fatbol provincial comunitario"],"articleSection":["Chasqui Barrial"],"inLanguage":"es","potentialAction":[{"@type":"CommentAction","name":"Comment","target":["https:\/\/chasquideportivo.com\/ecrt\/picalqui-saca-la-cara-en-la-cuarta-fecha-del-futbol-provincial\/#respond"]}]},{"@type":"WebPage","@id":"https:\/\/chasquideportivo.com\/ecrt\/picalqui-saca-la-cara-en-la-cuarta-fecha-del-futbol-provincial\/","url":"https:\/\/chasquideportivo.com\/ecrt\/picalqui-saca-la-cara-en-la-cuarta-fecha-del-futbol-provincial\/","name":"Picalqu\u00ed saca la cara en la cuarta fecha del f\u00fatbol provincial - ChasquiDeportivo","isPartOf":{"@id":"https:\/\/chasquideportivo.com\/ecrt\/#website"},"primaryImageOfPage":{"@id":"https:\/\/chasquideportivo.com\/ecrt\/picalqui-saca-la-cara-en-la-cuarta-fecha-del-futbol-provincial\/#primaryimage"},"image":{"@id":"https:\/\/chasquideportivo.com\/ecrt\/picalqui-saca-la-cara-en-la-cuarta-fecha-del-futbol-provincial\/#primaryimage"},"thumbnailUrl":"https:\/\/chasquideportivo.com\/ecrt\/wp-content\/uploads\/2023\/10\/IMG_3084.jpg","datePublished":"2023-10-24T23:27:17+00:00","description":"Chasqui Deportivo | Informaci\u00f3n y comunicaci\u00f3n, reportajes, noticias, entrevistas en el \u00e1rea del deporte local, nacional.","breadcrumb":{"@id":"https:\/\/chasquideportivo.com\/ecrt\/picalqui-saca-la-cara-en-la-cuarta-fecha-del-futbol-provincial\/#breadcrumb"},"inLanguage":"es","potentialAction":[{"@type":"ReadAction","target":["https:\/\/chasquideportivo.com\/ecrt\/picalqui-saca-la-cara-en-la-cuarta-fecha-del-futbol-provincial\/"]}]},{"@type":"ImageObject","inLanguage":"es","@id":"https:\/\/chasquideportivo.com\/ecrt\/picalqui-saca-la-cara-en-la-cuarta-fecha-del-futbol-provincial\/#primaryimage","url":"https:\/\/chasquideportivo.com\/ecrt\/wp-content\/uploads\/2023\/10\/IMG_3084.jpg","contentUrl":"https:\/\/chasquideportivo.com\/ecrt\/wp-content\/uploads\/2023\/10\/IMG_3084.jpg","width":1000,"height":818},{"@type":"BreadcrumbList","@id":"https:\/\/chasquideportivo.com\/ecrt\/picalqui-saca-la-cara-en-la-cuarta-fecha-del-futbol-provincial\/#breadcrumb","itemListElement":[{"@type":"ListItem","position":1,"name":"Portada | Chasqui Deportivo","item":"https:\/\/chasquideportivo.com\/ecrt\/"},{"@type":"ListItem","position":2,"name":"Archivo","item":"https:\/\/chasquideportivo.com\/ecrt\/category\/archivo\/"},{"@type":"ListItem","position":3,"name":"Chasqui Barrial","item":"https:\/\/chasquideportivo.com\/ecrt\/category\/archivo\/chasqui-barrial-2\/"},{"@type":"ListItem","position":4,"name":"Picalqu\u00ed saca la cara en la cuarta fecha del f\u00fatbol provincial"}]},{"@type":"WebSite","@id":"https:\/\/chasquideportivo.com\/ecrt\/#website","url":"https:\/\/chasquideportivo.com\/ecrt\/","name":"ChasquiDeportivo","description":"Informaci&oacute;n y comunicaci&oacute;n, reportajes, noticias, entrevistas en el &aacute;rea del deporte local, nacional.","publisher":{"@id":"https:\/\/chasquideportivo.com\/ecrt\/#organization"},"potentialAction":[{"@type":"SearchAction","target":{"@type":"EntryPoint","urlTemplate":"https:\/\/chasquideportivo.com\/ecrt\/?s={search_term_string}"},"query-input":{"@type":"PropertyValueSpecification","valueRequired":true,"valueName":"search_term_string"}}],"inLanguage":"es"},{"@type":"Organization","@id":"https:\/\/chasquideportivo.com\/ecrt\/#organization","name":"Chasqui Deportivo","url":"https:\/\/chasquideportivo.com\/ecrt\/","logo":{"@type":"ImageObject","inLanguage":"es","@id":"https:\/\/chasquideportivo.com\/ecrt\/#\/schema\/logo\/image\/","url":"https:\/\/chasquideportivo.com\/ecrt\/wp-content\/uploads\/2022\/01\/logo-vertical.jpg","contentUrl":"https:\/\/chasquideportivo.com\/ecrt\/wp-content\/uploads\/2022\/01\/logo-vertical.jpg","width":612,"height":750,"caption":"Chasqui Deportivo"},"image":{"@id":"https:\/\/chasquideportivo.com\/ecrt\/#\/schema\/logo\/image\/"},"sameAs":["https:\/\/www.facebook.com\/chasquideportivo","https:\/\/x.com\/chasquidep","https:\/\/www.instagram.com\/chasquideportivo.ec","https:\/\/www.youtube.com\/channel\/UCGY8M-csHuxJuGRt4XrV90Q"]},{"@type":"Person","@id":"https:\/\/chasquideportivo.com\/ecrt\/#\/schema\/person\/33917d530026e458779161ba37af0135","name":"Redacci\u00f3n Chasqui Deportivo","image":{"@type":"ImageObject","inLanguage":"es","@id":"https:\/\/secure.gravatar.com\/avatar\/7eb0ecd9938a9f50328ab097af6f56b5e3a84cecb09256bdb75ac402bc1d935b?s=96&d=mm&r=g","url":"https:\/\/secure.gravatar.com\/avatar\/7eb0ecd9938a9f50328ab097af6f56b5e3a84cecb09256bdb75ac402bc1d935b?s=96&d=mm&r=g","contentUrl":"https:\/\/secure.gravatar.com\/avatar\/7eb0ecd9938a9f50328ab097af6f56b5e3a84cecb09256bdb75ac402bc1d935b?s=96&d=mm&r=g","caption":"Redacci\u00f3n Chasqui Deportivo"},"sameAs":["http:\/\/www.chasquideportivo.com\/ecrt"],"url":"https:\/\/chasquideportivo.com\/ecrt\/author\/cachito\/"}]}},"_links":{"self":[{"href":"https:\/\/chasquideportivo.com\/ecrt\/wp-json\/wp\/v2\/posts\/13343","targetHints":{"allow":["GET"]}}],"collection":[{"href":"https:\/\/chasquideportivo.com\/ecrt\/wp-json\/wp\/v2\/posts"}],"about":[{"href":"https:\/\/chasquideportivo.com\/ecrt\/wp-json\/wp\/v2\/types\/post"}],"author":[{"embeddable":true,"href":"https:\/\/chasquideportivo.com\/ecrt\/wp-json\/wp\/v2\/users\/2"}],"replies":[{"embeddable":true,"href":"https:\/\/chasquideportivo.com\/ecrt\/wp-json\/wp\/v2\/comments?post=13343"}],"version-history":[{"count":1,"href":"https:\/\/chasquideportivo.com\/ecrt\/wp-json\/wp\/v2\/posts\/13343\/revisions"}],"predecessor-version":[{"id":13345,"href":"https:\/\/chasquideportivo.com\/ecrt\/wp-json\/wp\/v2\/posts\/13343\/revisions\/13345"}],"wp:featuredmedia":[{"embeddable":true,"href":"https:\/\/chasquideportivo.com\/ecrt\/wp-json\/wp\/v2\/media\/13344"}],"wp:attachment":[{"href":"https:\/\/chasquideportivo.com\/ecrt\/wp-json\/wp\/v2\/media?parent=13343"}],"wp:term":[{"taxonomy":"category","embeddable":true,"href":"https:\/\/chasquideportivo.com\/ecrt\/wp-json\/wp\/v2\/categories?post=13343"},{"taxonomy":"post_tag","embeddable":true,"href":"https:\/\/chasquideportivo.com\/ecrt\/wp-json\/wp\/v2\/tags?post=13343"}],"curies":[{"name":"wp","href":"https:\/\/api.w.org\/{rel}","templated":true}]}}